{"id":144662,"date":"2025-04-24T19:36:53","date_gmt":"2025-04-24T17:36:53","guid":{"rendered":"https:\/\/kunmedierne.dk\/mors\/?p=144662"},"modified":"2025-04-24T17:37:54","modified_gmt":"2025-04-24T15:37:54","slug":"mindeord-for-henrik-rene-christensen","status":"publish","type":"post","link":"https:\/\/kunmedierne.dk\/mors\/mindeord-for-henrik-rene-christensen\/","title":{"rendered":"Mindeord for Henrik Ren\u00e9 Christensen"},"content":{"rendered":"<p><strong>MINDEORD<\/strong>: Det er med stor sorg, vi har modtaget beskeden om, at Henrik Ren\u00e9 Christensen er g\u00e5et bort efter l\u00e6ngere tids sygdom.<\/p>\n<p>Henrik har gennem mere end tre \u00e5rtier v\u00e6ret en markant, engageret og h\u00f8jt v\u00e6rdsat stemme i skolens bestyrelse \u2013 senest som n\u00e6stformand. Hans virke begyndte som bestyrelsesmedlem ved Nyk\u00f8bing Mors Handelsskole, hvor han spillede en n\u00f8glerolle i fusionen med Thisted-Hurup Handelsgymnasium tilbage i 1994 \u2013 en sammenslutning af to st\u00e6rke handelsskoler, der blev til Nordvestjysk Handelsgymnasium. Henrik fortsatte &#8211; udpeget af HK&#8217;s lokale afdeling &#8211; i den nye bestyrelse, hvor han var en aktiv drivkraft i den n\u00e6ste store udvikling: Fusionen i 2006, hvor flere uddannelsesinstitutioner blev samlet under navnet EUC Nordvest.<\/p>\n<a class=\"dvrt-link\" onClick=\"cdmtrack_click(104787,jQuery(this));return false\" href=\"https:\/\/www.jyskebank.dk\/kontakt\/afdelingsinfo?departmentid=11890\"><img decoding=\"async\" style=\"width:100%;\" src=\"https:\/\/kunmedierne.dk\/mors\/wp-content\/uploads\/2023\/10\/260325JyskeBankMorsNy-1.jpg\"><\/a><script>cdmtrack_view(104787);<\/script>\n<p>Henrik havde et \u00e6gte \u00f8nske om, at alle \u2013 uanset alder og interesser \u2013 skulle have mulighed for at uddanne sig lokalt. Gennem alle \u00e5rene i bestyrelsen arbejdede han m\u00e5lrettet for at sikre brede og tilg\u00e6ngelige uddannelsesmuligheder \u2013 altid med blik for helheden og med elever og kursisters behov i centrum.<\/p>\n<p>Henrik var kendt og respekteret for sin pragmatiske tilgang og evne til at samle. I bestyrelsesarbejdet var han id\u00e9rig, konstruktiv og konsensuss\u00f8gende \u2013 og besad en sj\u00e6lden evne til at skabe b\u00e5de mening og retning. Han m\u00f8dte alle dele af skolens virke med samme oprigtige interesse og respekt \u2013 fra gymnasiale uddannelser til erhvervs- og voksenuddannelser, og fra Thy\/Mors til Fjerritslev og Thybor\u00f8n. Uanset hvor han kunne g\u00f8re en forskel, var hans engagement tydeligt og vedholdende. Han v\u00e6rnede om neutralitet og f\u00e6lles m\u00e5l og blev en n\u00f8glefigur i at sikre en bestyrelse, der stod sammen som \u00e9n stemme. Han var id\u00e9- og l\u00f8sningsorienteret, altid konstruktiv og en loyal st\u00f8tte for skolens ledelse, medarbejdere og \u2013 vigtigst af alt \u2013 de unge, som skolen er til for.<\/p>\n<a class=\"dvrt-link\" onClick=\"cdmtrack_click(104786,jQuery(this));return false\" href=\"https:\/\/limfjordsteatret.dk\/events\/tobias-dybvad-mit-bedste-onemanshow\/\"><img decoding=\"async\" style=\"width:100%;\" src=\"https:\/\/kunmedierne.dk\/mors\/wp-content\/uploads\/2023\/10\/aarskortLim_KunMors_1100x125.jpg\"><\/a><script>cdmtrack_view(104786);<\/script>\n<p>Henrik efterlader sig et st\u00e6rkt og varigt aftryk i skolens udvikling og historie \u2013 og i vores hjerter. Vi vil savne hans indsigt, engagement og markante personlighed.<\/p>\n<p>Vores dybeste medf\u00f8lelse g\u00e5r til hans familie og n\u00e6re i denne sv\u00e6re tid.<\/p>\n<p><strong>\u00c6ret v\u00e6re Henriks minde.<\/strong><\/p>\n<p>Bestyrelsen for EUC Nordvest.<\/p>\n<p>&nbsp;<\/p>\n","protected":false},"excerpt":{"rendered":"<p>MINDEORD: Det er med stor sorg, vi har modtaget beskeden om, at Henrik Ren\u00e9 Christensen er g\u00e5et bort efter l\u00e6ngere tids sygdom. Henrik har gennem mere end tre \u00e5rtier v\u00e6ret en markant, engageret og h\u00f8jt v\u00e6rdsat stemme i skolens bestyrelse \u2013 senest som n\u00e6stformand. Hans virke begyndte som bestyrelsesmedlem ved Nyk\u00f8bing Mors Handelsskole, hvor han [&hellip;]<\/p>\n","protected":false},"author":996,"featured_media":0,"comment_status":"closed","ping_status":"closed","sticky":false,"template":"","format":"standard","meta":{"_acf_changed":false,"footnotes":""},"categories":[51,52],"tags":[],"class_list":["post-144662","post","type-post","status-publish","format-standard","hentry","category-lokalt","category-navne"],"acf":[],"yoast_head":"<!-- This site is optimized with the Yoast SEO plugin v26.8 - https:\/\/yoast.com\/product\/yoast-seo-wordpress\/ -->\n<title>Mindeord for Henrik Ren\u00e9 Christensen - Mors<\/title>\n<meta name=\"robots\" content=\"index, follow, max-snippet:-1, max-image-preview:large, max-video-preview:-1\" \/>\n<link rel=\"canonical\" href=\"https:\/\/kunmedierne.dk\/mors\/mindeord-for-henrik-rene-christensen\/\" \/>\n<meta property=\"og:locale\" content=\"da_DK\" \/>\n<meta property=\"og:type\" content=\"article\" \/>\n<meta property=\"og:title\" content=\"Mindeord for Henrik Ren\u00e9 Christensen - Mors\" \/>\n<meta property=\"og:description\" content=\"MINDEORD: Det er med stor sorg, vi har modtaget beskeden om, at Henrik Ren\u00e9 Christensen er g\u00e5et bort efter l\u00e6ngere tids sygdom. Henrik har gennem mere end tre \u00e5rtier v\u00e6ret en markant, engageret og h\u00f8jt v\u00e6rdsat stemme i skolens bestyrelse \u2013 senest som n\u00e6stformand. Hans virke begyndte som bestyrelsesmedlem ved Nyk\u00f8bing Mors Handelsskole, hvor han [&hellip;]\" \/>\n<meta property=\"og:url\" content=\"https:\/\/kunmedierne.dk\/mors\/mindeord-for-henrik-rene-christensen\/\" \/>\n<meta property=\"og:site_name\" content=\"Mors\" \/>\n<meta property=\"article:published_time\" content=\"2025-04-24T17:36:53+00:00\" \/>\n<meta name=\"author\" content=\"kunmors\" \/>\n<meta name=\"twitter:card\" content=\"summary_large_image\" \/>\n<meta name=\"twitter:label1\" content=\"Skrevet af\" \/>\n\t<meta name=\"twitter:data1\" content=\"kunmors\" \/>\n\t<meta name=\"twitter:label2\" content=\"Estimeret l\u00e6setid\" \/>\n\t<meta name=\"twitter:data2\" content=\"2 minutter\" \/>\n<script type=\"application\/ld+json\" class=\"yoast-schema-graph\">{\"@context\":\"https:\/\/schema.org\",\"@graph\":[{\"@type\":\"Article\",\"@id\":\"https:\/\/kunmedierne.dk\/mors\/mindeord-for-henrik-rene-christensen\/#article\",\"isPartOf\":{\"@id\":\"https:\/\/kunmedierne.dk\/mors\/mindeord-for-henrik-rene-christensen\/\"},\"author\":{\"name\":\"kunmors\",\"@id\":\"https:\/\/kunmedierne.dk\/mors\/#\/schema\/person\/976036941aeb67d7da24581e637f2ba5\"},\"headline\":\"Mindeord for Henrik Ren\u00e9 Christensen\",\"datePublished\":\"2025-04-24T17:36:53+00:00\",\"mainEntityOfPage\":{\"@id\":\"https:\/\/kunmedierne.dk\/mors\/mindeord-for-henrik-rene-christensen\/\"},\"wordCount\":371,\"publisher\":{\"@id\":\"https:\/\/kunmedierne.dk\/mors\/#organization\"},\"articleSection\":[\"Lokalt\",\"Navne\"],\"inLanguage\":\"da-DK\"},{\"@type\":\"WebPage\",\"@id\":\"https:\/\/kunmedierne.dk\/mors\/mindeord-for-henrik-rene-christensen\/\",\"url\":\"https:\/\/kunmedierne.dk\/mors\/mindeord-for-henrik-rene-christensen\/\",\"name\":\"Mindeord for Henrik Ren\u00e9 Christensen - Mors\",\"isPartOf\":{\"@id\":\"https:\/\/kunmedierne.dk\/mors\/#website\"},\"datePublished\":\"2025-04-24T17:36:53+00:00\",\"breadcrumb\":{\"@id\":\"https:\/\/kunmedierne.dk\/mors\/mindeord-for-henrik-rene-christensen\/#breadcrumb\"},\"inLanguage\":\"da-DK\",\"potentialAction\":[{\"@type\":\"ReadAction\",\"target\":[\"https:\/\/kunmedierne.dk\/mors\/mindeord-for-henrik-rene-christensen\/\"]}]},{\"@type\":\"BreadcrumbList\",\"@id\":\"https:\/\/kunmedierne.dk\/mors\/mindeord-for-henrik-rene-christensen\/#breadcrumb\",\"itemListElement\":[{\"@type\":\"ListItem\",\"position\":1,\"name\":\"Hjem\",\"item\":\"https:\/\/kunmedierne.dk\/mors\/\"},{\"@type\":\"ListItem\",\"position\":2,\"name\":\"Mindeord for Henrik Ren\u00e9 Christensen\"}]},{\"@type\":\"WebSite\",\"@id\":\"https:\/\/kunmedierne.dk\/mors\/#website\",\"url\":\"https:\/\/kunmedierne.dk\/mors\/\",\"name\":\"Mors\",\"description\":\"et netmedie med journalistik om livet p\u00e5 Mors\",\"publisher\":{\"@id\":\"https:\/\/kunmedierne.dk\/mors\/#organization\"},\"potentialAction\":[{\"@type\":\"SearchAction\",\"target\":{\"@type\":\"EntryPoint\",\"urlTemplate\":\"https:\/\/kunmedierne.dk\/mors\/?s={search_term_string}\"},\"query-input\":{\"@type\":\"PropertyValueSpecification\",\"valueRequired\":true,\"valueName\":\"search_term_string\"}}],\"inLanguage\":\"da-DK\"},{\"@type\":\"Organization\",\"@id\":\"https:\/\/kunmedierne.dk\/mors\/#organization\",\"name\":\"Mors\",\"url\":\"https:\/\/kunmedierne.dk\/mors\/\",\"logo\":{\"@type\":\"ImageObject\",\"inLanguage\":\"da-DK\",\"@id\":\"https:\/\/kunmedierne.dk\/mors\/#\/schema\/logo\/image\/\",\"url\":\"https:\/\/kunmedierne.dk\/mors\/wp-content\/uploads\/2024\/08\/kunmors-logo.svg\",\"contentUrl\":\"https:\/\/kunmedierne.dk\/mors\/wp-content\/uploads\/2024\/08\/kunmors-logo.svg\",\"caption\":\"Mors\"},\"image\":{\"@id\":\"https:\/\/kunmedierne.dk\/mors\/#\/schema\/logo\/image\/\"}},{\"@type\":\"Person\",\"@id\":\"https:\/\/kunmedierne.dk\/mors\/#\/schema\/person\/976036941aeb67d7da24581e637f2ba5\",\"name\":\"kunmors\",\"image\":{\"@type\":\"ImageObject\",\"inLanguage\":\"da-DK\",\"@id\":\"https:\/\/kunmedierne.dk\/mors\/#\/schema\/person\/image\/\",\"url\":\"https:\/\/secure.gravatar.com\/avatar\/863719231c0bdf22d6b517d97f14a1b3d1b324f1e7076c165656d591ff8cece4?s=96&d=mm&r=g\",\"contentUrl\":\"https:\/\/secure.gravatar.com\/avatar\/863719231c0bdf22d6b517d97f14a1b3d1b324f1e7076c165656d591ff8cece4?s=96&d=mm&r=g\",\"caption\":\"kunmors\"},\"url\":\"https:\/\/kunmedierne.dk\/mors\/author\/kunmors\/\"}]}<\/script>\n<!-- \/ Yoast SEO plugin. -->","yoast_head_json":{"title":"Mindeord for Henrik Ren\u00e9 Christensen - Mors","robots":{"index":"index","follow":"follow","max-snippet":"max-snippet:-1","max-image-preview":"max-image-preview:large","max-video-preview":"max-video-preview:-1"},"canonical":"https:\/\/kunmedierne.dk\/mors\/mindeord-for-henrik-rene-christensen\/","og_locale":"da_DK","og_type":"article","og_title":"Mindeord for Henrik Ren\u00e9 Christensen - Mors","og_description":"MINDEORD: Det er med stor sorg, vi har modtaget beskeden om, at Henrik Ren\u00e9 Christensen er g\u00e5et bort efter l\u00e6ngere tids sygdom. Henrik har gennem mere end tre \u00e5rtier v\u00e6ret en markant, engageret og h\u00f8jt v\u00e6rdsat stemme i skolens bestyrelse \u2013 senest som n\u00e6stformand. Hans virke begyndte som bestyrelsesmedlem ved Nyk\u00f8bing Mors Handelsskole, hvor han [&hellip;]","og_url":"https:\/\/kunmedierne.dk\/mors\/mindeord-for-henrik-rene-christensen\/","og_site_name":"Mors","article_published_time":"2025-04-24T17:36:53+00:00","author":"kunmors","twitter_card":"summary_large_image","twitter_misc":{"Skrevet af":"kunmors","Estimeret l\u00e6setid":"2 minutter"},"schema":{"@context":"https:\/\/schema.org","@graph":[{"@type":"Article","@id":"https:\/\/kunmedierne.dk\/mors\/mindeord-for-henrik-rene-christensen\/#article","isPartOf":{"@id":"https:\/\/kunmedierne.dk\/mors\/mindeord-for-henrik-rene-christensen\/"},"author":{"name":"kunmors","@id":"https:\/\/kunmedierne.dk\/mors\/#\/schema\/person\/976036941aeb67d7da24581e637f2ba5"},"headline":"Mindeord for Henrik Ren\u00e9 Christensen","datePublished":"2025-04-24T17:36:53+00:00","mainEntityOfPage":{"@id":"https:\/\/kunmedierne.dk\/mors\/mindeord-for-henrik-rene-christensen\/"},"wordCount":371,"publisher":{"@id":"https:\/\/kunmedierne.dk\/mors\/#organization"},"articleSection":["Lokalt","Navne"],"inLanguage":"da-DK"},{"@type":"WebPage","@id":"https:\/\/kunmedierne.dk\/mors\/mindeord-for-henrik-rene-christensen\/","url":"https:\/\/kunmedierne.dk\/mors\/mindeord-for-henrik-rene-christensen\/","name":"Mindeord for Henrik Ren\u00e9 Christensen - Mors","isPartOf":{"@id":"https:\/\/kunmedierne.dk\/mors\/#website"},"datePublished":"2025-04-24T17:36:53+00:00","breadcrumb":{"@id":"https:\/\/kunmedierne.dk\/mors\/mindeord-for-henrik-rene-christensen\/#breadcrumb"},"inLanguage":"da-DK","potentialAction":[{"@type":"ReadAction","target":["https:\/\/kunmedierne.dk\/mors\/mindeord-for-henrik-rene-christensen\/"]}]},{"@type":"BreadcrumbList","@id":"https:\/\/kunmedierne.dk\/mors\/mindeord-for-henrik-rene-christensen\/#breadcrumb","itemListElement":[{"@type":"ListItem","position":1,"name":"Hjem","item":"https:\/\/kunmedierne.dk\/mors\/"},{"@type":"ListItem","position":2,"name":"Mindeord for Henrik Ren\u00e9 Christensen"}]},{"@type":"WebSite","@id":"https:\/\/kunmedierne.dk\/mors\/#website","url":"https:\/\/kunmedierne.dk\/mors\/","name":"Mors","description":"et netmedie med journalistik om livet p\u00e5 Mors","publisher":{"@id":"https:\/\/kunmedierne.dk\/mors\/#organization"},"potentialAction":[{"@type":"SearchAction","target":{"@type":"EntryPoint","urlTemplate":"https:\/\/kunmedierne.dk\/mors\/?s={search_term_string}"},"query-input":{"@type":"PropertyValueSpecification","valueRequired":true,"valueName":"search_term_string"}}],"inLanguage":"da-DK"},{"@type":"Organization","@id":"https:\/\/kunmedierne.dk\/mors\/#organization","name":"Mors","url":"https:\/\/kunmedierne.dk\/mors\/","logo":{"@type":"ImageObject","inLanguage":"da-DK","@id":"https:\/\/kunmedierne.dk\/mors\/#\/schema\/logo\/image\/","url":"https:\/\/kunmedierne.dk\/mors\/wp-content\/uploads\/2024\/08\/kunmors-logo.svg","contentUrl":"https:\/\/kunmedierne.dk\/mors\/wp-content\/uploads\/2024\/08\/kunmors-logo.svg","caption":"Mors"},"image":{"@id":"https:\/\/kunmedierne.dk\/mors\/#\/schema\/logo\/image\/"}},{"@type":"Person","@id":"https:\/\/kunmedierne.dk\/mors\/#\/schema\/person\/976036941aeb67d7da24581e637f2ba5","name":"kunmors","image":{"@type":"ImageObject","inLanguage":"da-DK","@id":"https:\/\/kunmedierne.dk\/mors\/#\/schema\/person\/image\/","url":"https:\/\/secure.gravatar.com\/avatar\/863719231c0bdf22d6b517d97f14a1b3d1b324f1e7076c165656d591ff8cece4?s=96&d=mm&r=g","contentUrl":"https:\/\/secure.gravatar.com\/avatar\/863719231c0bdf22d6b517d97f14a1b3d1b324f1e7076c165656d591ff8cece4?s=96&d=mm&r=g","caption":"kunmors"},"url":"https:\/\/kunmedierne.dk\/mors\/author\/kunmors\/"}]}},"_links":{"self":[{"href":"https:\/\/kunmedierne.dk\/mors\/wp-json\/wp\/v2\/posts\/144662","targetHints":{"allow":["GET"]}}],"collection":[{"href":"https:\/\/kunmedierne.dk\/mors\/wp-json\/wp\/v2\/posts"}],"about":[{"href":"https:\/\/kunmedierne.dk\/mors\/wp-json\/wp\/v2\/types\/post"}],"author":[{"embeddable":true,"href":"https:\/\/kunmedierne.dk\/mors\/wp-json\/wp\/v2\/users\/996"}],"replies":[{"embeddable":true,"href":"https:\/\/kunmedierne.dk\/mors\/wp-json\/wp\/v2\/comments?post=144662"}],"version-history":[{"count":3,"href":"https:\/\/kunmedierne.dk\/mors\/wp-json\/wp\/v2\/posts\/144662\/revisions"}],"predecessor-version":[{"id":144667,"href":"https:\/\/kunmedierne.dk\/mors\/wp-json\/wp\/v2\/posts\/144662\/revisions\/144667"}],"wp:attachment":[{"href":"https:\/\/kunmedierne.dk\/mors\/wp-json\/wp\/v2\/media?parent=144662"}],"wp:term":[{"taxonomy":"category","embeddable":true,"href":"https:\/\/kunmedierne.dk\/mors\/wp-json\/wp\/v2\/categories?post=144662"},{"taxonomy":"post_tag","embeddable":true,"href":"https:\/\/kunmedierne.dk\/mors\/wp-json\/wp\/v2\/tags?post=144662"}],"curies":[{"name":"wp","href":"https:\/\/api.w.org\/{rel}","templated":true}]}}