{"id":144617,"date":"2025-04-24T10:15:42","date_gmt":"2025-04-24T08:15:42","guid":{"rendered":"https:\/\/kunmedierne.dk\/mors\/?p=144617"},"modified":"2025-04-24T10:15:42","modified_gmt":"2025-04-24T08:15:42","slug":"mindeord-om-henrik-rene-christensen","status":"publish","type":"post","link":"https:\/\/kunmedierne.dk\/mors\/mindeord-om-henrik-rene-christensen\/","title":{"rendered":"Mindeord om Henrik Ren\u00e9 Christensen\u00a0"},"content":{"rendered":"<p><span data-contrast=\"auto\"><strong>MINDEORD:<\/strong> Jeg fik t\u00e5rer i \u00f8jnene i onsdags, da kommunalbestyrelsen fik meddelelsen om at Mors\u00f8 kommunes direkt\u00f8r for social, sundhed og besk\u00e6ftigelse var sovet ind efter lang tids sygdom.<\/span><span data-ccp-props=\"{&quot;134233117&quot;:false,&quot;134233118&quot;:false,&quot;335551550&quot;:0,&quot;335551620&quot;:0,&quot;335559738&quot;:0,&quot;335559739&quot;:0}\">\u00a0<\/span><\/p>\n<p><span data-contrast=\"auto\">Jeg l\u00e6rte Henrik at kende for n\u00e6sten fire \u00e5r siden &#8211; som nyvalgt kommunalbestyrelsesmedlem, var han (sammen med de andre direkt\u00f8rer i kommunen) de personer vi som folkevalgte har et t\u00e6t samarbejde med.<\/span><span data-ccp-props=\"{&quot;134233117&quot;:false,&quot;134233118&quot;:false,&quot;335551550&quot;:0,&quot;335551620&quot;:0,&quot;335559738&quot;:0,&quot;335559739&quot;:0}\">\u00a0<\/span><\/p>\n<a class=\"dvrt-link\" onClick=\"cdmtrack_click(104780,jQuery(this));return false\" href=\"https:\/\/www.spard.dk\/\"><img decoding=\"async\" style=\"width:100%;\" src=\"https:\/\/kunmedierne.dk\/mors\/wp-content\/uploads\/2023\/12\/sparekassen-dk-maj25.gif\"><\/a><script>cdmtrack_view(104780);<\/script>\n<p><span data-contrast=\"auto\">Henriks viden om hans omr\u00e5de var kolossal &#8211; ingen sp\u00f8rgsm\u00e5l blev betragtet som &#8220;dumme&#8221;, han evnede som regel fluks at svare p\u00e5 dem &#8211; skulle der v\u00e6re noget han var i tvivl om, vendte han hurtigt tilbage med fyldestg\u00f8rende svar.<\/span><span data-ccp-props=\"{&quot;134233117&quot;:false,&quot;134233118&quot;:false,&quot;335551550&quot;:0,&quot;335551620&quot;:0,&quot;335559738&quot;:0,&quot;335559739&quot;:0}\">\u00a0<\/span><\/p>\n<p><span data-contrast=\"auto\">Han havde humor og hum\u00f8r i stor grad &#8211; trods sygdommen form\u00e5ede han p\u00e5 formidabel vis at bevare begge dele, helt frem mod sin d\u00f8d.<\/span><span data-ccp-props=\"{&quot;134233117&quot;:false,&quot;134233118&quot;:false,&quot;335551550&quot;:0,&quot;335551620&quot;:0,&quot;335559738&quot;:0,&quot;335559739&quot;:0}\">\u00a0<\/span><\/p>\n<p><span data-contrast=\"auto\">Henrik var meget interesseret i sport &#8211; ogs\u00e5 inden for det omr\u00e5de var hans viden enorm.<\/span><span data-ccp-props=\"{&quot;134233117&quot;:false,&quot;134233118&quot;:false,&quot;335551550&quot;:0,&quot;335551620&quot;:0,&quot;335559738&quot;:0,&quot;335559739&quot;:0}\">\u00a0<\/span><\/p>\n<p><span data-contrast=\"auto\">Hans to favorithold var Br\u00f8ndby og Tottenham &#8211; mange godmodige, drillende beskeder er blevet sendt frem og tilbage i en lille gruppe Henrik oprettede, der bestod af en inkarneret FCM og Arsenal supporter &#8211; samt mig der holder med Silkeborg og Liverpool.<\/span><span data-ccp-props=\"{&quot;134233117&quot;:false,&quot;134233118&quot;:false,&quot;335551550&quot;:0,&quot;335551620&quot;:0,&quot;335559738&quot;:0,&quot;335559739&quot;:0}\">\u00a0<\/span><\/p>\n<a class=\"dvrt-link\" onClick=\"cdmtrack_click(116504,jQuery(this));return false\" href=\"https:\/\/www.nybolig.dk\/ejendomsmaeglere\/nordvestjylland\/nybolig-morsoe-nykoebing-mors\"><img decoding=\"async\" style=\"width:100%;\" src=\"https:\/\/kunmedierne.dk\/mors\/wp-content\/uploads\/2024\/04\/250825Nybolig.jpg\"><\/a><script>cdmtrack_view(116504);<\/script>\n<p><span data-contrast=\"auto\">N\u00e5r der kom en besked, der drillende var mod et af Henriks hold kom der en besked tilbage:<\/span><span data-ccp-props=\"{&quot;134233117&quot;:false,&quot;134233118&quot;:false,&quot;335551550&quot;:0,&quot;335551620&quot;:0,&quot;335559738&quot;:0,&quot;335559739&quot;:0}\">\u00a0<\/span><\/p>\n<p><span data-contrast=\"auto\">&#8220;Abonnenten kan desv\u00e6rre ikke modtage beskeder&#8221;<\/span><span data-ccp-props=\"{&quot;134233117&quot;:false,&quot;134233118&quot;:false,&quot;335551550&quot;:0,&quot;335551620&quot;:0,&quot;335559738&quot;:0,&quot;335559739&quot;:0}\">\u00a0<\/span><\/p>\n<p><span data-contrast=\"auto\">For s\u00e5dan var han &#8211; dygtig til kommunikation, b\u00e5de i tale og skrift.<\/span><span data-ccp-props=\"{&quot;134233117&quot;:false,&quot;134233118&quot;:false,&quot;335551550&quot;:0,&quot;335551620&quot;:0,&quot;335559738&quot;:0,&quot;335559739&quot;:0}\">\u00a0<\/span><\/p>\n<p><span data-contrast=\"auto\">Og et var sikkert: Havde man snakket med Henrik, f\u00f8lte man sig bagefter i godt hum\u00f8r &#8211; qua hans herlige lune v\u00e6sen.<\/span><span data-ccp-props=\"{&quot;134233117&quot;:false,&quot;134233118&quot;:false,&quot;335551550&quot;:0,&quot;335551620&quot;:0,&quot;335559738&quot;:0,&quot;335559739&quot;:0}\">\u00a0<\/span><\/p>\n<p><span data-contrast=\"auto\">Det og alt det andet gode Henrik som person stod for, vil jeg komme til og savne.<\/span><span data-ccp-props=\"{&quot;134233117&quot;:false,&quot;134233118&quot;:false,&quot;335551550&quot;:0,&quot;335551620&quot;:0,&quot;335559738&quot;:0,&quot;335559739&quot;:0}\">\u00a0<\/span><\/p>\n<p><span data-contrast=\"auto\">St\u00f8rst er sorgen og savnet ved Henriks k\u00e6re, der har mistet en fantastisk person &#8211; m\u00e5 I med tiden komme videre, og huske alle de gode minder han gav jer og alle os andre.<\/span><span data-ccp-props=\"{&quot;134233117&quot;:false,&quot;134233118&quot;:false,&quot;335551550&quot;:0,&quot;335551620&quot;:0,&quot;335559738&quot;:0,&quot;335559739&quot;:0}\">\u00a0<\/span><\/p>\n<p><span data-contrast=\"auto\">Henrik var et fyrt\u00e5rn, en ener, en helt igennem hyggelig person at v\u00e6re i selskab med.<\/span><span data-ccp-props=\"{&quot;134233117&quot;:false,&quot;134233118&quot;:false,&quot;335551550&quot;:0,&quot;335551620&quot;:0,&quot;335559738&quot;:0,&quot;335559739&quot;:0}\">\u00a0<\/span><\/p>\n<p><span data-contrast=\"auto\">Og han har sat sit aftryk p\u00e5 en positiv m\u00e5de &#8211; b\u00e5de hos store og sm\u00e5..<\/span><span data-ccp-props=\"{&quot;134233117&quot;:false,&quot;134233118&quot;:false,&quot;335551550&quot;:0,&quot;335551620&quot;:0,&quot;335559738&quot;:0,&quot;335559739&quot;:0}\">\u00a0<\/span><\/p>\n<p><span data-contrast=\"auto\">Han blev 60 \u00e5r.<\/span><span data-ccp-props=\"{&quot;134233117&quot;:false,&quot;134233118&quot;:false,&quot;335551550&quot;:0,&quot;335551620&quot;:0,&quot;335559738&quot;:0,&quot;335559739&quot;:0}\">\u00a0<\/span><\/p>\n<p><span data-contrast=\"auto\">\u00c6ret v\u00e6re hans minde.<\/span><span data-ccp-props=\"{&quot;134233117&quot;:false,&quot;134233118&quot;:false,&quot;335551550&quot;:0,&quot;335551620&quot;:0,&quot;335559738&quot;:0,&quot;335559739&quot;:0}\">\u00a0<\/span><\/p>\n<p><span data-contrast=\"auto\">Venlig hilsen,<\/span><span data-ccp-props=\"{&quot;134233117&quot;:false,&quot;134233118&quot;:false,&quot;335551550&quot;:0,&quot;335551620&quot;:0,&quot;335559738&quot;:0,&quot;335559739&quot;:0}\"><br \/>\n<\/span><\/p>\n<p><span data-contrast=\"auto\">Henrik Kristensen<\/span><span data-ccp-props=\"{&quot;134233117&quot;:false,&quot;134233118&quot;:false,&quot;335551550&quot;:0,&quot;335551620&quot;:0,&quot;335559738&quot;:0,&quot;335559739&quot;:0}\">\u00a0<\/span><\/p>\n","protected":false},"excerpt":{"rendered":"<p>MINDEORD: Jeg fik t\u00e5rer i \u00f8jnene i onsdags, da kommunalbestyrelsen fik meddelelsen om at Mors\u00f8 kommunes direkt\u00f8r for social, sundhed og besk\u00e6ftigelse var sovet ind efter lang tids sygdom.\u00a0 Jeg l\u00e6rte Henrik at kende for n\u00e6sten fire \u00e5r siden &#8211; som nyvalgt kommunalbestyrelsesmedlem, var han (sammen med de andre direkt\u00f8rer i kommunen) de personer vi [&hellip;]<\/p>\n","protected":false},"author":996,"featured_media":0,"comment_status":"closed","ping_status":"closed","sticky":false,"template":"","format":"standard","meta":{"_acf_changed":false,"footnotes":""},"categories":[51,52],"tags":[],"class_list":["post-144617","post","type-post","status-publish","format-standard","hentry","category-lokalt","category-navne"],"acf":[],"yoast_head":"<!-- This site is optimized with the Yoast SEO plugin v26.8 - https:\/\/yoast.com\/product\/yoast-seo-wordpress\/ -->\n<title>Mindeord om Henrik Ren\u00e9 Christensen\u00a0 - Mors<\/title>\n<meta name=\"robots\" content=\"index, follow, max-snippet:-1, max-image-preview:large, max-video-preview:-1\" \/>\n<link rel=\"canonical\" href=\"https:\/\/kunmedierne.dk\/mors\/mindeord-om-henrik-rene-christensen\/\" \/>\n<meta property=\"og:locale\" content=\"da_DK\" \/>\n<meta property=\"og:type\" content=\"article\" \/>\n<meta property=\"og:title\" content=\"Mindeord om Henrik Ren\u00e9 Christensen\u00a0 - Mors\" \/>\n<meta property=\"og:description\" content=\"MINDEORD: Jeg fik t\u00e5rer i \u00f8jnene i onsdags, da kommunalbestyrelsen fik meddelelsen om at Mors\u00f8 kommunes direkt\u00f8r for social, sundhed og besk\u00e6ftigelse var sovet ind efter lang tids sygdom.\u00a0 Jeg l\u00e6rte Henrik at kende for n\u00e6sten fire \u00e5r siden &#8211; som nyvalgt kommunalbestyrelsesmedlem, var han (sammen med de andre direkt\u00f8rer i kommunen) de personer vi [&hellip;]\" \/>\n<meta property=\"og:url\" content=\"https:\/\/kunmedierne.dk\/mors\/mindeord-om-henrik-rene-christensen\/\" \/>\n<meta property=\"og:site_name\" content=\"Mors\" \/>\n<meta property=\"article:published_time\" content=\"2025-04-24T08:15:42+00:00\" \/>\n<meta name=\"author\" content=\"kunmors\" \/>\n<meta name=\"twitter:card\" content=\"summary_large_image\" \/>\n<meta name=\"twitter:label1\" content=\"Skrevet af\" \/>\n\t<meta name=\"twitter:data1\" content=\"kunmors\" \/>\n\t<meta name=\"twitter:label2\" content=\"Estimeret l\u00e6setid\" \/>\n\t<meta name=\"twitter:data2\" content=\"2 minutter\" \/>\n<script type=\"application\/ld+json\" class=\"yoast-schema-graph\">{\"@context\":\"https:\/\/schema.org\",\"@graph\":[{\"@type\":\"Article\",\"@id\":\"https:\/\/kunmedierne.dk\/mors\/mindeord-om-henrik-rene-christensen\/#article\",\"isPartOf\":{\"@id\":\"https:\/\/kunmedierne.dk\/mors\/mindeord-om-henrik-rene-christensen\/\"},\"author\":{\"name\":\"kunmors\",\"@id\":\"https:\/\/kunmedierne.dk\/mors\/#\/schema\/person\/976036941aeb67d7da24581e637f2ba5\"},\"headline\":\"Mindeord om Henrik Ren\u00e9 Christensen\u00a0\",\"datePublished\":\"2025-04-24T08:15:42+00:00\",\"mainEntityOfPage\":{\"@id\":\"https:\/\/kunmedierne.dk\/mors\/mindeord-om-henrik-rene-christensen\/\"},\"wordCount\":378,\"publisher\":{\"@id\":\"https:\/\/kunmedierne.dk\/mors\/#organization\"},\"articleSection\":[\"Lokalt\",\"Navne\"],\"inLanguage\":\"da-DK\"},{\"@type\":\"WebPage\",\"@id\":\"https:\/\/kunmedierne.dk\/mors\/mindeord-om-henrik-rene-christensen\/\",\"url\":\"https:\/\/kunmedierne.dk\/mors\/mindeord-om-henrik-rene-christensen\/\",\"name\":\"Mindeord om Henrik Ren\u00e9 Christensen\u00a0 - Mors\",\"isPartOf\":{\"@id\":\"https:\/\/kunmedierne.dk\/mors\/#website\"},\"datePublished\":\"2025-04-24T08:15:42+00:00\",\"breadcrumb\":{\"@id\":\"https:\/\/kunmedierne.dk\/mors\/mindeord-om-henrik-rene-christensen\/#breadcrumb\"},\"inLanguage\":\"da-DK\",\"potentialAction\":[{\"@type\":\"ReadAction\",\"target\":[\"https:\/\/kunmedierne.dk\/mors\/mindeord-om-henrik-rene-christensen\/\"]}]},{\"@type\":\"BreadcrumbList\",\"@id\":\"https:\/\/kunmedierne.dk\/mors\/mindeord-om-henrik-rene-christensen\/#breadcrumb\",\"itemListElement\":[{\"@type\":\"ListItem\",\"position\":1,\"name\":\"Hjem\",\"item\":\"https:\/\/kunmedierne.dk\/mors\/\"},{\"@type\":\"ListItem\",\"position\":2,\"name\":\"Mindeord om Henrik Ren\u00e9 Christensen\u00a0\"}]},{\"@type\":\"WebSite\",\"@id\":\"https:\/\/kunmedierne.dk\/mors\/#website\",\"url\":\"https:\/\/kunmedierne.dk\/mors\/\",\"name\":\"Mors\",\"description\":\"et netmedie med journalistik om livet p\u00e5 Mors\",\"publisher\":{\"@id\":\"https:\/\/kunmedierne.dk\/mors\/#organization\"},\"potentialAction\":[{\"@type\":\"SearchAction\",\"target\":{\"@type\":\"EntryPoint\",\"urlTemplate\":\"https:\/\/kunmedierne.dk\/mors\/?s={search_term_string}\"},\"query-input\":{\"@type\":\"PropertyValueSpecification\",\"valueRequired\":true,\"valueName\":\"search_term_string\"}}],\"inLanguage\":\"da-DK\"},{\"@type\":\"Organization\",\"@id\":\"https:\/\/kunmedierne.dk\/mors\/#organization\",\"name\":\"Mors\",\"url\":\"https:\/\/kunmedierne.dk\/mors\/\",\"logo\":{\"@type\":\"ImageObject\",\"inLanguage\":\"da-DK\",\"@id\":\"https:\/\/kunmedierne.dk\/mors\/#\/schema\/logo\/image\/\",\"url\":\"https:\/\/kunmedierne.dk\/mors\/wp-content\/uploads\/2024\/08\/kunmors-logo.svg\",\"contentUrl\":\"https:\/\/kunmedierne.dk\/mors\/wp-content\/uploads\/2024\/08\/kunmors-logo.svg\",\"caption\":\"Mors\"},\"image\":{\"@id\":\"https:\/\/kunmedierne.dk\/mors\/#\/schema\/logo\/image\/\"}},{\"@type\":\"Person\",\"@id\":\"https:\/\/kunmedierne.dk\/mors\/#\/schema\/person\/976036941aeb67d7da24581e637f2ba5\",\"name\":\"kunmors\",\"image\":{\"@type\":\"ImageObject\",\"inLanguage\":\"da-DK\",\"@id\":\"https:\/\/kunmedierne.dk\/mors\/#\/schema\/person\/image\/\",\"url\":\"https:\/\/secure.gravatar.com\/avatar\/863719231c0bdf22d6b517d97f14a1b3d1b324f1e7076c165656d591ff8cece4?s=96&d=mm&r=g\",\"contentUrl\":\"https:\/\/secure.gravatar.com\/avatar\/863719231c0bdf22d6b517d97f14a1b3d1b324f1e7076c165656d591ff8cece4?s=96&d=mm&r=g\",\"caption\":\"kunmors\"},\"url\":\"https:\/\/kunmedierne.dk\/mors\/author\/kunmors\/\"}]}<\/script>\n<!-- \/ Yoast SEO plugin. -->","yoast_head_json":{"title":"Mindeord om Henrik Ren\u00e9 Christensen\u00a0 - Mors","robots":{"index":"index","follow":"follow","max-snippet":"max-snippet:-1","max-image-preview":"max-image-preview:large","max-video-preview":"max-video-preview:-1"},"canonical":"https:\/\/kunmedierne.dk\/mors\/mindeord-om-henrik-rene-christensen\/","og_locale":"da_DK","og_type":"article","og_title":"Mindeord om Henrik Ren\u00e9 Christensen\u00a0 - Mors","og_description":"MINDEORD: Jeg fik t\u00e5rer i \u00f8jnene i onsdags, da kommunalbestyrelsen fik meddelelsen om at Mors\u00f8 kommunes direkt\u00f8r for social, sundhed og besk\u00e6ftigelse var sovet ind efter lang tids sygdom.\u00a0 Jeg l\u00e6rte Henrik at kende for n\u00e6sten fire \u00e5r siden &#8211; som nyvalgt kommunalbestyrelsesmedlem, var han (sammen med de andre direkt\u00f8rer i kommunen) de personer vi [&hellip;]","og_url":"https:\/\/kunmedierne.dk\/mors\/mindeord-om-henrik-rene-christensen\/","og_site_name":"Mors","article_published_time":"2025-04-24T08:15:42+00:00","author":"kunmors","twitter_card":"summary_large_image","twitter_misc":{"Skrevet af":"kunmors","Estimeret l\u00e6setid":"2 minutter"},"schema":{"@context":"https:\/\/schema.org","@graph":[{"@type":"Article","@id":"https:\/\/kunmedierne.dk\/mors\/mindeord-om-henrik-rene-christensen\/#article","isPartOf":{"@id":"https:\/\/kunmedierne.dk\/mors\/mindeord-om-henrik-rene-christensen\/"},"author":{"name":"kunmors","@id":"https:\/\/kunmedierne.dk\/mors\/#\/schema\/person\/976036941aeb67d7da24581e637f2ba5"},"headline":"Mindeord om Henrik Ren\u00e9 Christensen\u00a0","datePublished":"2025-04-24T08:15:42+00:00","mainEntityOfPage":{"@id":"https:\/\/kunmedierne.dk\/mors\/mindeord-om-henrik-rene-christensen\/"},"wordCount":378,"publisher":{"@id":"https:\/\/kunmedierne.dk\/mors\/#organization"},"articleSection":["Lokalt","Navne"],"inLanguage":"da-DK"},{"@type":"WebPage","@id":"https:\/\/kunmedierne.dk\/mors\/mindeord-om-henrik-rene-christensen\/","url":"https:\/\/kunmedierne.dk\/mors\/mindeord-om-henrik-rene-christensen\/","name":"Mindeord om Henrik Ren\u00e9 Christensen\u00a0 - Mors","isPartOf":{"@id":"https:\/\/kunmedierne.dk\/mors\/#website"},"datePublished":"2025-04-24T08:15:42+00:00","breadcrumb":{"@id":"https:\/\/kunmedierne.dk\/mors\/mindeord-om-henrik-rene-christensen\/#breadcrumb"},"inLanguage":"da-DK","potentialAction":[{"@type":"ReadAction","target":["https:\/\/kunmedierne.dk\/mors\/mindeord-om-henrik-rene-christensen\/"]}]},{"@type":"BreadcrumbList","@id":"https:\/\/kunmedierne.dk\/mors\/mindeord-om-henrik-rene-christensen\/#breadcrumb","itemListElement":[{"@type":"ListItem","position":1,"name":"Hjem","item":"https:\/\/kunmedierne.dk\/mors\/"},{"@type":"ListItem","position":2,"name":"Mindeord om Henrik Ren\u00e9 Christensen\u00a0"}]},{"@type":"WebSite","@id":"https:\/\/kunmedierne.dk\/mors\/#website","url":"https:\/\/kunmedierne.dk\/mors\/","name":"Mors","description":"et netmedie med journalistik om livet p\u00e5 Mors","publisher":{"@id":"https:\/\/kunmedierne.dk\/mors\/#organization"},"potentialAction":[{"@type":"SearchAction","target":{"@type":"EntryPoint","urlTemplate":"https:\/\/kunmedierne.dk\/mors\/?s={search_term_string}"},"query-input":{"@type":"PropertyValueSpecification","valueRequired":true,"valueName":"search_term_string"}}],"inLanguage":"da-DK"},{"@type":"Organization","@id":"https:\/\/kunmedierne.dk\/mors\/#organization","name":"Mors","url":"https:\/\/kunmedierne.dk\/mors\/","logo":{"@type":"ImageObject","inLanguage":"da-DK","@id":"https:\/\/kunmedierne.dk\/mors\/#\/schema\/logo\/image\/","url":"https:\/\/kunmedierne.dk\/mors\/wp-content\/uploads\/2024\/08\/kunmors-logo.svg","contentUrl":"https:\/\/kunmedierne.dk\/mors\/wp-content\/uploads\/2024\/08\/kunmors-logo.svg","caption":"Mors"},"image":{"@id":"https:\/\/kunmedierne.dk\/mors\/#\/schema\/logo\/image\/"}},{"@type":"Person","@id":"https:\/\/kunmedierne.dk\/mors\/#\/schema\/person\/976036941aeb67d7da24581e637f2ba5","name":"kunmors","image":{"@type":"ImageObject","inLanguage":"da-DK","@id":"https:\/\/kunmedierne.dk\/mors\/#\/schema\/person\/image\/","url":"https:\/\/secure.gravatar.com\/avatar\/863719231c0bdf22d6b517d97f14a1b3d1b324f1e7076c165656d591ff8cece4?s=96&d=mm&r=g","contentUrl":"https:\/\/secure.gravatar.com\/avatar\/863719231c0bdf22d6b517d97f14a1b3d1b324f1e7076c165656d591ff8cece4?s=96&d=mm&r=g","caption":"kunmors"},"url":"https:\/\/kunmedierne.dk\/mors\/author\/kunmors\/"}]}},"_links":{"self":[{"href":"https:\/\/kunmedierne.dk\/mors\/wp-json\/wp\/v2\/posts\/144617","targetHints":{"allow":["GET"]}}],"collection":[{"href":"https:\/\/kunmedierne.dk\/mors\/wp-json\/wp\/v2\/posts"}],"about":[{"href":"https:\/\/kunmedierne.dk\/mors\/wp-json\/wp\/v2\/types\/post"}],"author":[{"embeddable":true,"href":"https:\/\/kunmedierne.dk\/mors\/wp-json\/wp\/v2\/users\/996"}],"replies":[{"embeddable":true,"href":"https:\/\/kunmedierne.dk\/mors\/wp-json\/wp\/v2\/comments?post=144617"}],"version-history":[{"count":2,"href":"https:\/\/kunmedierne.dk\/mors\/wp-json\/wp\/v2\/posts\/144617\/revisions"}],"predecessor-version":[{"id":144620,"href":"https:\/\/kunmedierne.dk\/mors\/wp-json\/wp\/v2\/posts\/144617\/revisions\/144620"}],"wp:attachment":[{"href":"https:\/\/kunmedierne.dk\/mors\/wp-json\/wp\/v2\/media?parent=144617"}],"wp:term":[{"taxonomy":"category","embeddable":true,"href":"https:\/\/kunmedierne.dk\/mors\/wp-json\/wp\/v2\/categories?post=144617"},{"taxonomy":"post_tag","embeddable":true,"href":"https:\/\/kunmedierne.dk\/mors\/wp-json\/wp\/v2\/tags?post=144617"}],"curies":[{"name":"wp","href":"https:\/\/api.w.org\/{rel}","templated":true}]}}