{"id":144238,"date":"2025-04-16T16:05:33","date_gmt":"2025-04-16T14:05:33","guid":{"rendered":"https:\/\/kunmedierne.dk\/mors\/?p=144238"},"modified":"2025-04-16T16:05:33","modified_gmt":"2025-04-16T14:05:33","slug":"mindeord-henrik-rene-christensen-er-gaaet-bort","status":"publish","type":"post","link":"https:\/\/kunmedierne.dk\/mors\/mindeord-henrik-rene-christensen-er-gaaet-bort\/","title":{"rendered":"MINDEORD: Henrik Ren\u00e9 Christensen er g\u00e5et bort"},"content":{"rendered":"<p class=\"v1p1\"><span class=\"v1s2\"><strong>MORS\u00d8 KOMMUNE:<\/strong> Efter aftale med familien er det med stor sorg, at vi skal meddele, at Henrik Ren\u00e9 Christensen er g\u00e5et bort efter l\u00e6ngere tids sygdom.\u00a0<\/span><\/p>\n<a class=\"dvrt-link\" onClick=\"cdmtrack_click(114591,jQuery(this));return false\" href=\"https:\/\/www.facebook.com\/kopogkandemors\"><img decoding=\"async\" style=\"width:100%;\" src=\"https:\/\/kunmedierne.dk\/mors\/wp-content\/uploads\/2024\/03\/kop-og-kande-ja-tak-tilbud.jpg\"><\/a><script>cdmtrack_view(114591);<\/script>\n<p class=\"v1p1\"><span class=\"v1s2\">Vores tanker g\u00e5r til hans n\u00e6rmeste, hans familie, som han var s\u00e5 um\u00e5delig stolt af, venner og alle andre, som stod ham n\u00e6r.<\/span><\/p>\n<p class=\"v1p1\"><span class=\"v1s2\">Hos os i Mors\u00f8 Kommune, vil Henrik blive savnet for alt, hvad han var, hans store personlighed og loyalitet over for kommunen vil altid fylde i vores erindringer.<\/span><\/p>\n<p class=\"v1p1\"><span class=\"v1s2\">Henrik satte markante aftryk \u2013 b\u00e5de som leder, kollega og menneske, med sit dybe engagement, sin store viden og sin store personlighed.\u00a0<\/span><\/p>\n<p class=\"v1p1\"><span class=\"v1s2\">Han evnede at se b\u00e5de de store linjer og de sm\u00e5 detaljer, og han m\u00f8dte sine omgivelser med respekt, tillid og en oprigtig interesse.<\/span><\/p>\n<p class=\"v1p1\"><span class=\"v1s2\">Henriks liv og virke var t\u00e6t v\u00e6vet sammen med Mors\u00f8 Kommune. Det begyndte tilbage i 1982, hvor han startede som elev \u2013 og det blev begyndelsen p\u00e5 et langt og loyalt virke. Med en karriere, der sp\u00e6ndte fra assistent over leder til direkt\u00f8r. Vi n\u00e5ede at holde Henriks 40 \u00e5rs jubil\u00e6um i Mors\u00f8 Kommune med stor stolthed b\u00e5de fra vores og Henriks side. Der er noget s\u00e6rligt ved, at Henrik gik hele karrierevejen hos os \u2013 uden at miste forbindelsen til de mennesker, han arbejdede med og for.<\/span><\/p>\n<p class=\"v1p1\"><span class=\"v1s2\">Fra 2017 og frem til sin bortgang var Henrik direkt\u00f8r for Social, Sundhed og Besk\u00e6ftigelse med et br\u00e6ndende engagement. Et omr\u00e5de med stor kompleksitet og betydning \u2013 og et omr\u00e5de, hvor Henrik med sin ro, sin ordentlighed og sin store forst\u00e5else form\u00e5ede at skabe b\u00e5de retning og relationer.\u00a0<\/span><\/p>\n<p class=\"v1p1\"><span class=\"v1s2\">Henrik var loyal, \u00e6rlig og altid tro mod sine v\u00e6rdier \u2013 ogs\u00e5 n\u00e5r det var sv\u00e6rt.\u00a0<\/span><\/p>\n<p class=\"v1p1\"><span class=\"v1s2\">Henrik var um\u00e5delig stolt af sin familie, Dorte, b\u00f8rn, svigerb\u00f8rn og b\u00f8rneb\u00f8rn. Livets store og sm\u00e5 begivenheder blev delt med dem og efterlod ingen tvivl hos os om deres store v\u00e6rdi for ham. Det var r\u00f8rende at v\u00e6re vidne til.\u00a0<\/span><\/p>\n<p class=\"v1p1\"><span class=\"v1s2\">Henrik havde en stor passion for Mors, og flere foreninger havde derfor gl\u00e6de af hans kompetente kunnen og engagement i bestyrelsessammenh\u00e6nge.<\/span><\/p>\n<p class=\"v1p1\"><span class=\"v1s2\">Henrik troede p\u00e5 f\u00e6llesskabet og p\u00e5, at vi kun lykkes, n\u00e5r vi g\u00f8r det sammen.\u00a0<\/span><\/p>\n<p class=\"v1p1\"><span class=\"v1s2\">Henrik var i sin sygdom med stor forbilledelighed, &#8220;s\u00e5 normalt som muligt&#8221; var hans slagord i alle m\u00e5nederne, og han k\u00e6mpede for at v\u00e6re der, med alt, hvad han havde og kunne &#8211; b\u00e5de for sin familie, sine venner og os i Mors\u00f8 Kommune, som var s\u00e5 vigtig for ham. Han k\u00e6mpede med fast holdning om, at alle livets dage skal leves og nydes!<\/span><\/p>\n<p class=\"v1p1\"><span class=\"v1s2\">Vi vil savne Henrik, han efterlader et stort hul i vores verden \u2013 som leder, som kollega og som det menneske, han var.\u00a0<\/span><\/p>\n<a class=\"dvrt-link\" onClick=\"cdmtrack_click(104780,jQuery(this));return false\" href=\"https:\/\/www.spard.dk\/\"><img decoding=\"async\" style=\"width:100%;\" src=\"https:\/\/kunmedierne.dk\/mors\/wp-content\/uploads\/2023\/12\/sparekassen-dk-maj25.gif\"><\/a><script>cdmtrack_view(104780);<\/script>\n<p class=\"v1p1\"><span class=\"v1s2\">Henrik, tak for alt hvad du var for os.\u00a0<\/span><\/p>\n<p class=\"v1p1\"><span class=\"v1s2\">\u00c6ret v\u00e6re Henriks minde.<\/span><\/p>\n<p class=\"v1p1\"><span class=\"v1s2\">Begravelsen finder sted\u00a0<u>den 25. april 2025 kl. 11.00<\/u>\u00a0i Nyk\u00f8bing Kirke.\u00a0<\/span><\/p>\n<p class=\"v1p1\"><span class=\"v1s2\">Familien oplyser, at alle er velkomne.<\/span><\/p>\n<p class=\"v1p1\"><span class=\"v1s2\">P\u00e5 vegne af Mors\u00f8 Kommune:<\/span><\/p>\n<p class=\"v1p1\"><span class=\"v1s2\">Rikke W\u00fcrtz, kommunaldirekt\u00f8r<br \/>\n<\/span>Hans Ejner Bertelsen, borgmester<br \/>\nTorben Gregersen, vicekommunaldirekt\u00f8r<br \/>\nBodil Kristensen, \u00f8konomidirekt\u00f8r<\/p>\n","protected":false},"excerpt":{"rendered":"<p>MORS\u00d8 KOMMUNE: Efter aftale med familien er det med stor sorg, at vi skal meddele, at Henrik Ren\u00e9 Christensen er g\u00e5et bort efter l\u00e6ngere tids sygdom.\u00a0 Vores tanker g\u00e5r til hans n\u00e6rmeste, hans familie, som han var s\u00e5 um\u00e5delig stolt af, venner og alle andre, som stod ham n\u00e6r. Hos os i Mors\u00f8 Kommune, vil [&hellip;]<\/p>\n","protected":false},"author":996,"featured_media":0,"comment_status":"closed","ping_status":"closed","sticky":false,"template":"","format":"standard","meta":{"_acf_changed":false,"footnotes":""},"categories":[51,52],"tags":[],"class_list":["post-144238","post","type-post","status-publish","format-standard","hentry","category-lokalt","category-navne"],"acf":[],"yoast_head":"<!-- This site is optimized with the Yoast SEO plugin v26.8 - https:\/\/yoast.com\/product\/yoast-seo-wordpress\/ -->\n<title>MINDEORD: Henrik Ren\u00e9 Christensen er g\u00e5et bort - Mors<\/title>\n<meta name=\"robots\" content=\"index, follow, max-snippet:-1, max-image-preview:large, max-video-preview:-1\" \/>\n<link rel=\"canonical\" href=\"https:\/\/kunmedierne.dk\/mors\/mindeord-henrik-rene-christensen-er-gaaet-bort\/\" \/>\n<meta property=\"og:locale\" content=\"da_DK\" \/>\n<meta property=\"og:type\" content=\"article\" \/>\n<meta property=\"og:title\" content=\"MINDEORD: Henrik Ren\u00e9 Christensen er g\u00e5et bort - Mors\" \/>\n<meta property=\"og:description\" content=\"MORS\u00d8 KOMMUNE: Efter aftale med familien er det med stor sorg, at vi skal meddele, at Henrik Ren\u00e9 Christensen er g\u00e5et bort efter l\u00e6ngere tids sygdom.\u00a0 Vores tanker g\u00e5r til hans n\u00e6rmeste, hans familie, som han var s\u00e5 um\u00e5delig stolt af, venner og alle andre, som stod ham n\u00e6r. Hos os i Mors\u00f8 Kommune, vil [&hellip;]\" \/>\n<meta property=\"og:url\" content=\"https:\/\/kunmedierne.dk\/mors\/mindeord-henrik-rene-christensen-er-gaaet-bort\/\" \/>\n<meta property=\"og:site_name\" content=\"Mors\" \/>\n<meta property=\"article:published_time\" content=\"2025-04-16T14:05:33+00:00\" \/>\n<meta name=\"author\" content=\"kunmors\" \/>\n<meta name=\"twitter:card\" content=\"summary_large_image\" \/>\n<meta name=\"twitter:label1\" content=\"Skrevet af\" \/>\n\t<meta name=\"twitter:data1\" content=\"kunmors\" \/>\n\t<meta name=\"twitter:label2\" content=\"Estimeret l\u00e6setid\" \/>\n\t<meta name=\"twitter:data2\" content=\"3 minutter\" \/>\n<script type=\"application\/ld+json\" class=\"yoast-schema-graph\">{\"@context\":\"https:\/\/schema.org\",\"@graph\":[{\"@type\":\"Article\",\"@id\":\"https:\/\/kunmedierne.dk\/mors\/mindeord-henrik-rene-christensen-er-gaaet-bort\/#article\",\"isPartOf\":{\"@id\":\"https:\/\/kunmedierne.dk\/mors\/mindeord-henrik-rene-christensen-er-gaaet-bort\/\"},\"author\":{\"name\":\"kunmors\",\"@id\":\"https:\/\/kunmedierne.dk\/mors\/#\/schema\/person\/976036941aeb67d7da24581e637f2ba5\"},\"headline\":\"MINDEORD: Henrik Ren\u00e9 Christensen er g\u00e5et bort\",\"datePublished\":\"2025-04-16T14:05:33+00:00\",\"mainEntityOfPage\":{\"@id\":\"https:\/\/kunmedierne.dk\/mors\/mindeord-henrik-rene-christensen-er-gaaet-bort\/\"},\"wordCount\":539,\"publisher\":{\"@id\":\"https:\/\/kunmedierne.dk\/mors\/#organization\"},\"articleSection\":[\"Lokalt\",\"Navne\"],\"inLanguage\":\"da-DK\"},{\"@type\":\"WebPage\",\"@id\":\"https:\/\/kunmedierne.dk\/mors\/mindeord-henrik-rene-christensen-er-gaaet-bort\/\",\"url\":\"https:\/\/kunmedierne.dk\/mors\/mindeord-henrik-rene-christensen-er-gaaet-bort\/\",\"name\":\"MINDEORD: Henrik Ren\u00e9 Christensen er g\u00e5et bort - Mors\",\"isPartOf\":{\"@id\":\"https:\/\/kunmedierne.dk\/mors\/#website\"},\"datePublished\":\"2025-04-16T14:05:33+00:00\",\"breadcrumb\":{\"@id\":\"https:\/\/kunmedierne.dk\/mors\/mindeord-henrik-rene-christensen-er-gaaet-bort\/#breadcrumb\"},\"inLanguage\":\"da-DK\",\"potentialAction\":[{\"@type\":\"ReadAction\",\"target\":[\"https:\/\/kunmedierne.dk\/mors\/mindeord-henrik-rene-christensen-er-gaaet-bort\/\"]}]},{\"@type\":\"BreadcrumbList\",\"@id\":\"https:\/\/kunmedierne.dk\/mors\/mindeord-henrik-rene-christensen-er-gaaet-bort\/#breadcrumb\",\"itemListElement\":[{\"@type\":\"ListItem\",\"position\":1,\"name\":\"Hjem\",\"item\":\"https:\/\/kunmedierne.dk\/mors\/\"},{\"@type\":\"ListItem\",\"position\":2,\"name\":\"MINDEORD: Henrik Ren\u00e9 Christensen er g\u00e5et bort\"}]},{\"@type\":\"WebSite\",\"@id\":\"https:\/\/kunmedierne.dk\/mors\/#website\",\"url\":\"https:\/\/kunmedierne.dk\/mors\/\",\"name\":\"Mors\",\"description\":\"et netmedie med journalistik om livet p\u00e5 Mors\",\"publisher\":{\"@id\":\"https:\/\/kunmedierne.dk\/mors\/#organization\"},\"potentialAction\":[{\"@type\":\"SearchAction\",\"target\":{\"@type\":\"EntryPoint\",\"urlTemplate\":\"https:\/\/kunmedierne.dk\/mors\/?s={search_term_string}\"},\"query-input\":{\"@type\":\"PropertyValueSpecification\",\"valueRequired\":true,\"valueName\":\"search_term_string\"}}],\"inLanguage\":\"da-DK\"},{\"@type\":\"Organization\",\"@id\":\"https:\/\/kunmedierne.dk\/mors\/#organization\",\"name\":\"Mors\",\"url\":\"https:\/\/kunmedierne.dk\/mors\/\",\"logo\":{\"@type\":\"ImageObject\",\"inLanguage\":\"da-DK\",\"@id\":\"https:\/\/kunmedierne.dk\/mors\/#\/schema\/logo\/image\/\",\"url\":\"https:\/\/kunmedierne.dk\/mors\/wp-content\/uploads\/2024\/08\/kunmors-logo.svg\",\"contentUrl\":\"https:\/\/kunmedierne.dk\/mors\/wp-content\/uploads\/2024\/08\/kunmors-logo.svg\",\"caption\":\"Mors\"},\"image\":{\"@id\":\"https:\/\/kunmedierne.dk\/mors\/#\/schema\/logo\/image\/\"}},{\"@type\":\"Person\",\"@id\":\"https:\/\/kunmedierne.dk\/mors\/#\/schema\/person\/976036941aeb67d7da24581e637f2ba5\",\"name\":\"kunmors\",\"image\":{\"@type\":\"ImageObject\",\"inLanguage\":\"da-DK\",\"@id\":\"https:\/\/kunmedierne.dk\/mors\/#\/schema\/person\/image\/\",\"url\":\"https:\/\/secure.gravatar.com\/avatar\/863719231c0bdf22d6b517d97f14a1b3d1b324f1e7076c165656d591ff8cece4?s=96&d=mm&r=g\",\"contentUrl\":\"https:\/\/secure.gravatar.com\/avatar\/863719231c0bdf22d6b517d97f14a1b3d1b324f1e7076c165656d591ff8cece4?s=96&d=mm&r=g\",\"caption\":\"kunmors\"},\"url\":\"https:\/\/kunmedierne.dk\/mors\/author\/kunmors\/\"}]}<\/script>\n<!-- \/ Yoast SEO plugin. -->","yoast_head_json":{"title":"MINDEORD: Henrik Ren\u00e9 Christensen er g\u00e5et bort - Mors","robots":{"index":"index","follow":"follow","max-snippet":"max-snippet:-1","max-image-preview":"max-image-preview:large","max-video-preview":"max-video-preview:-1"},"canonical":"https:\/\/kunmedierne.dk\/mors\/mindeord-henrik-rene-christensen-er-gaaet-bort\/","og_locale":"da_DK","og_type":"article","og_title":"MINDEORD: Henrik Ren\u00e9 Christensen er g\u00e5et bort - Mors","og_description":"MORS\u00d8 KOMMUNE: Efter aftale med familien er det med stor sorg, at vi skal meddele, at Henrik Ren\u00e9 Christensen er g\u00e5et bort efter l\u00e6ngere tids sygdom.\u00a0 Vores tanker g\u00e5r til hans n\u00e6rmeste, hans familie, som han var s\u00e5 um\u00e5delig stolt af, venner og alle andre, som stod ham n\u00e6r. Hos os i Mors\u00f8 Kommune, vil [&hellip;]","og_url":"https:\/\/kunmedierne.dk\/mors\/mindeord-henrik-rene-christensen-er-gaaet-bort\/","og_site_name":"Mors","article_published_time":"2025-04-16T14:05:33+00:00","author":"kunmors","twitter_card":"summary_large_image","twitter_misc":{"Skrevet af":"kunmors","Estimeret l\u00e6setid":"3 minutter"},"schema":{"@context":"https:\/\/schema.org","@graph":[{"@type":"Article","@id":"https:\/\/kunmedierne.dk\/mors\/mindeord-henrik-rene-christensen-er-gaaet-bort\/#article","isPartOf":{"@id":"https:\/\/kunmedierne.dk\/mors\/mindeord-henrik-rene-christensen-er-gaaet-bort\/"},"author":{"name":"kunmors","@id":"https:\/\/kunmedierne.dk\/mors\/#\/schema\/person\/976036941aeb67d7da24581e637f2ba5"},"headline":"MINDEORD: Henrik Ren\u00e9 Christensen er g\u00e5et bort","datePublished":"2025-04-16T14:05:33+00:00","mainEntityOfPage":{"@id":"https:\/\/kunmedierne.dk\/mors\/mindeord-henrik-rene-christensen-er-gaaet-bort\/"},"wordCount":539,"publisher":{"@id":"https:\/\/kunmedierne.dk\/mors\/#organization"},"articleSection":["Lokalt","Navne"],"inLanguage":"da-DK"},{"@type":"WebPage","@id":"https:\/\/kunmedierne.dk\/mors\/mindeord-henrik-rene-christensen-er-gaaet-bort\/","url":"https:\/\/kunmedierne.dk\/mors\/mindeord-henrik-rene-christensen-er-gaaet-bort\/","name":"MINDEORD: Henrik Ren\u00e9 Christensen er g\u00e5et bort - Mors","isPartOf":{"@id":"https:\/\/kunmedierne.dk\/mors\/#website"},"datePublished":"2025-04-16T14:05:33+00:00","breadcrumb":{"@id":"https:\/\/kunmedierne.dk\/mors\/mindeord-henrik-rene-christensen-er-gaaet-bort\/#breadcrumb"},"inLanguage":"da-DK","potentialAction":[{"@type":"ReadAction","target":["https:\/\/kunmedierne.dk\/mors\/mindeord-henrik-rene-christensen-er-gaaet-bort\/"]}]},{"@type":"BreadcrumbList","@id":"https:\/\/kunmedierne.dk\/mors\/mindeord-henrik-rene-christensen-er-gaaet-bort\/#breadcrumb","itemListElement":[{"@type":"ListItem","position":1,"name":"Hjem","item":"https:\/\/kunmedierne.dk\/mors\/"},{"@type":"ListItem","position":2,"name":"MINDEORD: Henrik Ren\u00e9 Christensen er g\u00e5et bort"}]},{"@type":"WebSite","@id":"https:\/\/kunmedierne.dk\/mors\/#website","url":"https:\/\/kunmedierne.dk\/mors\/","name":"Mors","description":"et netmedie med journalistik om livet p\u00e5 Mors","publisher":{"@id":"https:\/\/kunmedierne.dk\/mors\/#organization"},"potentialAction":[{"@type":"SearchAction","target":{"@type":"EntryPoint","urlTemplate":"https:\/\/kunmedierne.dk\/mors\/?s={search_term_string}"},"query-input":{"@type":"PropertyValueSpecification","valueRequired":true,"valueName":"search_term_string"}}],"inLanguage":"da-DK"},{"@type":"Organization","@id":"https:\/\/kunmedierne.dk\/mors\/#organization","name":"Mors","url":"https:\/\/kunmedierne.dk\/mors\/","logo":{"@type":"ImageObject","inLanguage":"da-DK","@id":"https:\/\/kunmedierne.dk\/mors\/#\/schema\/logo\/image\/","url":"https:\/\/kunmedierne.dk\/mors\/wp-content\/uploads\/2024\/08\/kunmors-logo.svg","contentUrl":"https:\/\/kunmedierne.dk\/mors\/wp-content\/uploads\/2024\/08\/kunmors-logo.svg","caption":"Mors"},"image":{"@id":"https:\/\/kunmedierne.dk\/mors\/#\/schema\/logo\/image\/"}},{"@type":"Person","@id":"https:\/\/kunmedierne.dk\/mors\/#\/schema\/person\/976036941aeb67d7da24581e637f2ba5","name":"kunmors","image":{"@type":"ImageObject","inLanguage":"da-DK","@id":"https:\/\/kunmedierne.dk\/mors\/#\/schema\/person\/image\/","url":"https:\/\/secure.gravatar.com\/avatar\/863719231c0bdf22d6b517d97f14a1b3d1b324f1e7076c165656d591ff8cece4?s=96&d=mm&r=g","contentUrl":"https:\/\/secure.gravatar.com\/avatar\/863719231c0bdf22d6b517d97f14a1b3d1b324f1e7076c165656d591ff8cece4?s=96&d=mm&r=g","caption":"kunmors"},"url":"https:\/\/kunmedierne.dk\/mors\/author\/kunmors\/"}]}},"_links":{"self":[{"href":"https:\/\/kunmedierne.dk\/mors\/wp-json\/wp\/v2\/posts\/144238","targetHints":{"allow":["GET"]}}],"collection":[{"href":"https:\/\/kunmedierne.dk\/mors\/wp-json\/wp\/v2\/posts"}],"about":[{"href":"https:\/\/kunmedierne.dk\/mors\/wp-json\/wp\/v2\/types\/post"}],"author":[{"embeddable":true,"href":"https:\/\/kunmedierne.dk\/mors\/wp-json\/wp\/v2\/users\/996"}],"replies":[{"embeddable":true,"href":"https:\/\/kunmedierne.dk\/mors\/wp-json\/wp\/v2\/comments?post=144238"}],"version-history":[{"count":4,"href":"https:\/\/kunmedierne.dk\/mors\/wp-json\/wp\/v2\/posts\/144238\/revisions"}],"predecessor-version":[{"id":144243,"href":"https:\/\/kunmedierne.dk\/mors\/wp-json\/wp\/v2\/posts\/144238\/revisions\/144243"}],"wp:attachment":[{"href":"https:\/\/kunmedierne.dk\/mors\/wp-json\/wp\/v2\/media?parent=144238"}],"wp:term":[{"taxonomy":"category","embeddable":true,"href":"https:\/\/kunmedierne.dk\/mors\/wp-json\/wp\/v2\/categories?post=144238"},{"taxonomy":"post_tag","embeddable":true,"href":"https:\/\/kunmedierne.dk\/mors\/wp-json\/wp\/v2\/tags?post=144238"}],"curies":[{"name":"wp","href":"https:\/\/api.w.org\/{rel}","templated":true}]}}