{"id":14404,"date":"2020-03-22T09:31:22","date_gmt":"2020-03-22T08:31:22","guid":{"rendered":"https:\/\/kunmedierne.dk\/mors\/?p=14404"},"modified":"2024-08-12T14:06:19","modified_gmt":"2024-08-12T12:06:19","slug":"coronaskat-til-dem-der-bedst-har-raad","status":"publish","type":"post","link":"https:\/\/kunmedierne.dk\/mors\/coronaskat-til-dem-der-bedst-har-raad\/","title":{"rendered":"&#8211; Coronaskat til dem, der bedst har r\u00e5d"},"content":{"rendered":"<div>\n<div class=\"entry-header\">\n<p><i>Debatindl\u00e6g af Lauge Larsen, Refshammervej 32, Nyk\u00f8bing, medlem af regionsr\u00e5det i Nordjylland for Socialdemokratiet.<\/i><\/p>\n<p><i><\/i>Coronaepidemien har vendt op og ned p\u00e5 alt i Danmark.<\/p>\n<p>Man m\u00e5 dog gl\u00e6de sig over, at partierne i Folketinget er enige om en hj\u00e6lpepakke til erhvervslivet. En hj\u00e6lpepakke, der ikke l\u00f8ser alle de \u00f8konomiske problemer, men som l\u00f8ser nogle af de v\u00e6rste problemer her og nu. Man m\u00e5 ogs\u00e5 gl\u00e6de sig over, at langt de fleste danskere har forst\u00e5et situationens alvor og retter sig efter myndighedernes beslutninger og opfordringer. Man fornemmer en stor sammenh\u00e6ngskraft i det danske samfund.<\/p>\n<p>Men hvis epidemien tr\u00e6kker ud, bliver der ogs\u00e5 brug for en endnu st\u00f8rre \u00f8konomisk solidaritet. Det kan n\u00e6sten kun blive i form af en slags coronaskat. Staten kan ikke blive ved med at pumpe penge ud i samfundet ved bare at finansiere gennem kassetr\u00e6k eller l\u00e5n.<\/p>\n<p>En s\u00e5dan coronaskat b\u00f8r f\u00f8rst og fremmest betales af de grupper, der har bedst r\u00e5d, og delvis friholde de grupper, der er \u00f8konomisk mest pressede. De grupper, der delvis skal friholdes, er de sm\u00e5 erhvervsdrivende, pensionister uden s\u00e6rlig pensionsordning, enlige fors\u00f8rgere og de lavest l\u00f8nnede.<\/p>\n<p>Jeg tror, der i samfundet er stor forst\u00e5else for en s\u00e5dan skat.<\/p>\n<p>Men der er ogs\u00e5 brug for, at vi st\u00f8tter op om det lokale. Man kan stadig k\u00f8be andet end f\u00f8devarer og samtidig overholde myndighedernes p\u00e5bud og henstillinger. En del forretninger har \u00e5bent, og man kan for eksempel k\u00f8be takeaway og st\u00f8tte en h\u00e5rdt presset restaurationsbranche.<\/p>\n<hr \/>\n<p><em>Har du et bidrag til den lokale debat? Send det til os p\u00e5 e-mail: debat@kunmedierne.dk\/mors. Husk at l\u00e6se korrektur inden afsendelse p\u00e5 indl\u00e6gget.<\/em><\/p>\n<\/div>\n<\/div>\n","protected":false},"excerpt":{"rendered":"<p>Debatindl\u00e6g af Lauge Larsen, Refshammervej 32, Nyk\u00f8bing, medlem af regionsr\u00e5det i Nordjylland for Socialdemokratiet. Coronaepidemien har vendt op og ned p\u00e5 alt i Danmark. Man m\u00e5 dog gl\u00e6de sig over, at partierne i Folketinget er enige om en hj\u00e6lpepakke til erhvervslivet. En hj\u00e6lpepakke, der ikke l\u00f8ser alle de \u00f8konomiske problemer, men som l\u00f8ser nogle af [&hellip;]<\/p>\n","protected":false},"author":11,"featured_media":18765,"comment_status":"open","ping_status":"open","sticky":false,"template":"","format":"standard","meta":{"_acf_changed":false,"footnotes":""},"categories":[56],"tags":[167],"class_list":["post-14404","post","type-post","status-publish","format-standard","has-post-thumbnail","hentry","category-debat","tag-politik"],"acf":[],"yoast_head":"<!-- This site is optimized with the Yoast SEO plugin v26.8 - https:\/\/yoast.com\/product\/yoast-seo-wordpress\/ -->\n<title>- Coronaskat til dem, der bedst har r\u00e5d - Mors<\/title>\n<meta name=\"robots\" content=\"index, follow, max-snippet:-1, max-image-preview:large, max-video-preview:-1\" \/>\n<link rel=\"canonical\" href=\"https:\/\/kunmedierne.dk\/mors\/coronaskat-til-dem-der-bedst-har-raad\/\" \/>\n<meta property=\"og:locale\" content=\"da_DK\" \/>\n<meta property=\"og:type\" content=\"article\" \/>\n<meta property=\"og:title\" content=\"- Coronaskat til dem, der bedst har r\u00e5d - Mors\" \/>\n<meta property=\"og:description\" content=\"Debatindl\u00e6g af Lauge Larsen, Refshammervej 32, Nyk\u00f8bing, medlem af regionsr\u00e5det i Nordjylland for Socialdemokratiet. Coronaepidemien har vendt op og ned p\u00e5 alt i Danmark. Man m\u00e5 dog gl\u00e6de sig over, at partierne i Folketinget er enige om en hj\u00e6lpepakke til erhvervslivet. En hj\u00e6lpepakke, der ikke l\u00f8ser alle de \u00f8konomiske problemer, men som l\u00f8ser nogle af [&hellip;]\" \/>\n<meta property=\"og:url\" content=\"https:\/\/kunmedierne.dk\/mors\/coronaskat-til-dem-der-bedst-har-raad\/\" \/>\n<meta property=\"og:site_name\" content=\"Mors\" \/>\n<meta property=\"article:published_time\" content=\"2020-03-22T08:31:22+00:00\" \/>\n<meta property=\"article:modified_time\" content=\"2024-08-12T12:06:19+00:00\" \/>\n<meta property=\"og:image\" content=\"https:\/\/kunmedierne.dk\/mors\/wp-content\/uploads\/2020\/04\/0-debat-lauge-larsen-region.jpg\" \/>\n\t<meta property=\"og:image:width\" content=\"770\" \/>\n\t<meta property=\"og:image:height\" content=\"513\" \/>\n\t<meta property=\"og:image:type\" content=\"image\/jpeg\" \/>\n<meta name=\"author\" content=\"Debat\" \/>\n<meta name=\"twitter:card\" content=\"summary_large_image\" \/>\n<meta name=\"twitter:label1\" content=\"Skrevet af\" \/>\n\t<meta name=\"twitter:data1\" content=\"Debat\" \/>\n\t<meta name=\"twitter:label2\" content=\"Estimeret l\u00e6setid\" \/>\n\t<meta name=\"twitter:data2\" content=\"2 minutter\" \/>\n<script type=\"application\/ld+json\" class=\"yoast-schema-graph\">{\"@context\":\"https:\/\/schema.org\",\"@graph\":[{\"@type\":\"Article\",\"@id\":\"https:\/\/kunmedierne.dk\/mors\/coronaskat-til-dem-der-bedst-har-raad\/#article\",\"isPartOf\":{\"@id\":\"https:\/\/kunmedierne.dk\/mors\/coronaskat-til-dem-der-bedst-har-raad\/\"},\"author\":{\"name\":\"Debat\",\"@id\":\"https:\/\/kunmedierne.dk\/mors\/#\/schema\/person\/84c1391bce0b43b9bb3a49736bc0ad78\"},\"headline\":\"&#8211; Coronaskat til dem, der bedst har r\u00e5d\",\"datePublished\":\"2020-03-22T08:31:22+00:00\",\"dateModified\":\"2024-08-12T12:06:19+00:00\",\"mainEntityOfPage\":{\"@id\":\"https:\/\/kunmedierne.dk\/mors\/coronaskat-til-dem-der-bedst-har-raad\/\"},\"wordCount\":309,\"commentCount\":0,\"publisher\":{\"@id\":\"https:\/\/kunmedierne.dk\/mors\/#organization\"},\"image\":{\"@id\":\"https:\/\/kunmedierne.dk\/mors\/coronaskat-til-dem-der-bedst-har-raad\/#primaryimage\"},\"thumbnailUrl\":\"https:\/\/kunmedierne.dk\/mors\/wp-content\/uploads\/2020\/04\/0-debat-lauge-larsen-region.jpg\",\"keywords\":[\"Politik\"],\"articleSection\":[\"Debat\"],\"inLanguage\":\"da-DK\",\"potentialAction\":[{\"@type\":\"CommentAction\",\"name\":\"Comment\",\"target\":[\"https:\/\/kunmedierne.dk\/mors\/coronaskat-til-dem-der-bedst-har-raad\/#respond\"]}]},{\"@type\":\"WebPage\",\"@id\":\"https:\/\/kunmedierne.dk\/mors\/coronaskat-til-dem-der-bedst-har-raad\/\",\"url\":\"https:\/\/kunmedierne.dk\/mors\/coronaskat-til-dem-der-bedst-har-raad\/\",\"name\":\"- Coronaskat til dem, der bedst har r\u00e5d - Mors\",\"isPartOf\":{\"@id\":\"https:\/\/kunmedierne.dk\/mors\/#website\"},\"primaryImageOfPage\":{\"@id\":\"https:\/\/kunmedierne.dk\/mors\/coronaskat-til-dem-der-bedst-har-raad\/#primaryimage\"},\"image\":{\"@id\":\"https:\/\/kunmedierne.dk\/mors\/coronaskat-til-dem-der-bedst-har-raad\/#primaryimage\"},\"thumbnailUrl\":\"https:\/\/kunmedierne.dk\/mors\/wp-content\/uploads\/2020\/04\/0-debat-lauge-larsen-region.jpg\",\"datePublished\":\"2020-03-22T08:31:22+00:00\",\"dateModified\":\"2024-08-12T12:06:19+00:00\",\"breadcrumb\":{\"@id\":\"https:\/\/kunmedierne.dk\/mors\/coronaskat-til-dem-der-bedst-har-raad\/#breadcrumb\"},\"inLanguage\":\"da-DK\",\"potentialAction\":[{\"@type\":\"ReadAction\",\"target\":[\"https:\/\/kunmedierne.dk\/mors\/coronaskat-til-dem-der-bedst-har-raad\/\"]}]},{\"@type\":\"ImageObject\",\"inLanguage\":\"da-DK\",\"@id\":\"https:\/\/kunmedierne.dk\/mors\/coronaskat-til-dem-der-bedst-har-raad\/#primaryimage\",\"url\":\"https:\/\/kunmedierne.dk\/mors\/wp-content\/uploads\/2020\/04\/0-debat-lauge-larsen-region.jpg\",\"contentUrl\":\"https:\/\/kunmedierne.dk\/mors\/wp-content\/uploads\/2020\/04\/0-debat-lauge-larsen-region.jpg\",\"width\":770,\"height\":513,\"caption\":\"Lauge Larsen (S). Foto: Region Nordjylland.\"},{\"@type\":\"BreadcrumbList\",\"@id\":\"https:\/\/kunmedierne.dk\/mors\/coronaskat-til-dem-der-bedst-har-raad\/#breadcrumb\",\"itemListElement\":[{\"@type\":\"ListItem\",\"position\":1,\"name\":\"Hjem\",\"item\":\"https:\/\/kunmedierne.dk\/mors\/\"},{\"@type\":\"ListItem\",\"position\":2,\"name\":\"&#8211; Coronaskat til dem, der bedst har r\u00e5d\"}]},{\"@type\":\"WebSite\",\"@id\":\"https:\/\/kunmedierne.dk\/mors\/#website\",\"url\":\"https:\/\/kunmedierne.dk\/mors\/\",\"name\":\"Mors\",\"description\":\"et netmedie med journalistik om livet p\u00e5 Mors\",\"publisher\":{\"@id\":\"https:\/\/kunmedierne.dk\/mors\/#organization\"},\"potentialAction\":[{\"@type\":\"SearchAction\",\"target\":{\"@type\":\"EntryPoint\",\"urlTemplate\":\"https:\/\/kunmedierne.dk\/mors\/?s={search_term_string}\"},\"query-input\":{\"@type\":\"PropertyValueSpecification\",\"valueRequired\":true,\"valueName\":\"search_term_string\"}}],\"inLanguage\":\"da-DK\"},{\"@type\":\"Organization\",\"@id\":\"https:\/\/kunmedierne.dk\/mors\/#organization\",\"name\":\"Mors\",\"url\":\"https:\/\/kunmedierne.dk\/mors\/\",\"logo\":{\"@type\":\"ImageObject\",\"inLanguage\":\"da-DK\",\"@id\":\"https:\/\/kunmedierne.dk\/mors\/#\/schema\/logo\/image\/\",\"url\":\"https:\/\/kunmedierne.dk\/mors\/wp-content\/uploads\/2024\/08\/kunmors-logo.svg\",\"contentUrl\":\"https:\/\/kunmedierne.dk\/mors\/wp-content\/uploads\/2024\/08\/kunmors-logo.svg\",\"caption\":\"Mors\"},\"image\":{\"@id\":\"https:\/\/kunmedierne.dk\/mors\/#\/schema\/logo\/image\/\"}},{\"@type\":\"Person\",\"@id\":\"https:\/\/kunmedierne.dk\/mors\/#\/schema\/person\/84c1391bce0b43b9bb3a49736bc0ad78\",\"name\":\"Debat\",\"image\":{\"@type\":\"ImageObject\",\"inLanguage\":\"da-DK\",\"@id\":\"https:\/\/kunmedierne.dk\/mors\/#\/schema\/person\/image\/\",\"url\":\"https:\/\/secure.gravatar.com\/avatar\/b0fb2e221d618f7c65162ab0d49c7e8a0b580c871ca03af90e42b47b4150654c?s=96&d=mm&r=g\",\"contentUrl\":\"https:\/\/secure.gravatar.com\/avatar\/b0fb2e221d618f7c65162ab0d49c7e8a0b580c871ca03af90e42b47b4150654c?s=96&d=mm&r=g\",\"caption\":\"Debat\"},\"url\":\"https:\/\/kunmedierne.dk\/mors\/author\/debat\/\"}]}<\/script>\n<!-- \/ Yoast SEO plugin. -->","yoast_head_json":{"title":"- Coronaskat til dem, der bedst har r\u00e5d - Mors","robots":{"index":"index","follow":"follow","max-snippet":"max-snippet:-1","max-image-preview":"max-image-preview:large","max-video-preview":"max-video-preview:-1"},"canonical":"https:\/\/kunmedierne.dk\/mors\/coronaskat-til-dem-der-bedst-har-raad\/","og_locale":"da_DK","og_type":"article","og_title":"- Coronaskat til dem, der bedst har r\u00e5d - Mors","og_description":"Debatindl\u00e6g af Lauge Larsen, Refshammervej 32, Nyk\u00f8bing, medlem af regionsr\u00e5det i Nordjylland for Socialdemokratiet. Coronaepidemien har vendt op og ned p\u00e5 alt i Danmark. Man m\u00e5 dog gl\u00e6de sig over, at partierne i Folketinget er enige om en hj\u00e6lpepakke til erhvervslivet. En hj\u00e6lpepakke, der ikke l\u00f8ser alle de \u00f8konomiske problemer, men som l\u00f8ser nogle af [&hellip;]","og_url":"https:\/\/kunmedierne.dk\/mors\/coronaskat-til-dem-der-bedst-har-raad\/","og_site_name":"Mors","article_published_time":"2020-03-22T08:31:22+00:00","article_modified_time":"2024-08-12T12:06:19+00:00","og_image":[{"width":770,"height":513,"url":"https:\/\/kunmedierne.dk\/mors\/wp-content\/uploads\/2020\/04\/0-debat-lauge-larsen-region.jpg","type":"image\/jpeg"}],"author":"Debat","twitter_card":"summary_large_image","twitter_misc":{"Skrevet af":"Debat","Estimeret l\u00e6setid":"2 minutter"},"schema":{"@context":"https:\/\/schema.org","@graph":[{"@type":"Article","@id":"https:\/\/kunmedierne.dk\/mors\/coronaskat-til-dem-der-bedst-har-raad\/#article","isPartOf":{"@id":"https:\/\/kunmedierne.dk\/mors\/coronaskat-til-dem-der-bedst-har-raad\/"},"author":{"name":"Debat","@id":"https:\/\/kunmedierne.dk\/mors\/#\/schema\/person\/84c1391bce0b43b9bb3a49736bc0ad78"},"headline":"&#8211; Coronaskat til dem, der bedst har r\u00e5d","datePublished":"2020-03-22T08:31:22+00:00","dateModified":"2024-08-12T12:06:19+00:00","mainEntityOfPage":{"@id":"https:\/\/kunmedierne.dk\/mors\/coronaskat-til-dem-der-bedst-har-raad\/"},"wordCount":309,"commentCount":0,"publisher":{"@id":"https:\/\/kunmedierne.dk\/mors\/#organization"},"image":{"@id":"https:\/\/kunmedierne.dk\/mors\/coronaskat-til-dem-der-bedst-har-raad\/#primaryimage"},"thumbnailUrl":"https:\/\/kunmedierne.dk\/mors\/wp-content\/uploads\/2020\/04\/0-debat-lauge-larsen-region.jpg","keywords":["Politik"],"articleSection":["Debat"],"inLanguage":"da-DK","potentialAction":[{"@type":"CommentAction","name":"Comment","target":["https:\/\/kunmedierne.dk\/mors\/coronaskat-til-dem-der-bedst-har-raad\/#respond"]}]},{"@type":"WebPage","@id":"https:\/\/kunmedierne.dk\/mors\/coronaskat-til-dem-der-bedst-har-raad\/","url":"https:\/\/kunmedierne.dk\/mors\/coronaskat-til-dem-der-bedst-har-raad\/","name":"- Coronaskat til dem, der bedst har r\u00e5d - Mors","isPartOf":{"@id":"https:\/\/kunmedierne.dk\/mors\/#website"},"primaryImageOfPage":{"@id":"https:\/\/kunmedierne.dk\/mors\/coronaskat-til-dem-der-bedst-har-raad\/#primaryimage"},"image":{"@id":"https:\/\/kunmedierne.dk\/mors\/coronaskat-til-dem-der-bedst-har-raad\/#primaryimage"},"thumbnailUrl":"https:\/\/kunmedierne.dk\/mors\/wp-content\/uploads\/2020\/04\/0-debat-lauge-larsen-region.jpg","datePublished":"2020-03-22T08:31:22+00:00","dateModified":"2024-08-12T12:06:19+00:00","breadcrumb":{"@id":"https:\/\/kunmedierne.dk\/mors\/coronaskat-til-dem-der-bedst-har-raad\/#breadcrumb"},"inLanguage":"da-DK","potentialAction":[{"@type":"ReadAction","target":["https:\/\/kunmedierne.dk\/mors\/coronaskat-til-dem-der-bedst-har-raad\/"]}]},{"@type":"ImageObject","inLanguage":"da-DK","@id":"https:\/\/kunmedierne.dk\/mors\/coronaskat-til-dem-der-bedst-har-raad\/#primaryimage","url":"https:\/\/kunmedierne.dk\/mors\/wp-content\/uploads\/2020\/04\/0-debat-lauge-larsen-region.jpg","contentUrl":"https:\/\/kunmedierne.dk\/mors\/wp-content\/uploads\/2020\/04\/0-debat-lauge-larsen-region.jpg","width":770,"height":513,"caption":"Lauge Larsen (S). Foto: Region Nordjylland."},{"@type":"BreadcrumbList","@id":"https:\/\/kunmedierne.dk\/mors\/coronaskat-til-dem-der-bedst-har-raad\/#breadcrumb","itemListElement":[{"@type":"ListItem","position":1,"name":"Hjem","item":"https:\/\/kunmedierne.dk\/mors\/"},{"@type":"ListItem","position":2,"name":"&#8211; Coronaskat til dem, der bedst har r\u00e5d"}]},{"@type":"WebSite","@id":"https:\/\/kunmedierne.dk\/mors\/#website","url":"https:\/\/kunmedierne.dk\/mors\/","name":"Mors","description":"et netmedie med journalistik om livet p\u00e5 Mors","publisher":{"@id":"https:\/\/kunmedierne.dk\/mors\/#organization"},"potentialAction":[{"@type":"SearchAction","target":{"@type":"EntryPoint","urlTemplate":"https:\/\/kunmedierne.dk\/mors\/?s={search_term_string}"},"query-input":{"@type":"PropertyValueSpecification","valueRequired":true,"valueName":"search_term_string"}}],"inLanguage":"da-DK"},{"@type":"Organization","@id":"https:\/\/kunmedierne.dk\/mors\/#organization","name":"Mors","url":"https:\/\/kunmedierne.dk\/mors\/","logo":{"@type":"ImageObject","inLanguage":"da-DK","@id":"https:\/\/kunmedierne.dk\/mors\/#\/schema\/logo\/image\/","url":"https:\/\/kunmedierne.dk\/mors\/wp-content\/uploads\/2024\/08\/kunmors-logo.svg","contentUrl":"https:\/\/kunmedierne.dk\/mors\/wp-content\/uploads\/2024\/08\/kunmors-logo.svg","caption":"Mors"},"image":{"@id":"https:\/\/kunmedierne.dk\/mors\/#\/schema\/logo\/image\/"}},{"@type":"Person","@id":"https:\/\/kunmedierne.dk\/mors\/#\/schema\/person\/84c1391bce0b43b9bb3a49736bc0ad78","name":"Debat","image":{"@type":"ImageObject","inLanguage":"da-DK","@id":"https:\/\/kunmedierne.dk\/mors\/#\/schema\/person\/image\/","url":"https:\/\/secure.gravatar.com\/avatar\/b0fb2e221d618f7c65162ab0d49c7e8a0b580c871ca03af90e42b47b4150654c?s=96&d=mm&r=g","contentUrl":"https:\/\/secure.gravatar.com\/avatar\/b0fb2e221d618f7c65162ab0d49c7e8a0b580c871ca03af90e42b47b4150654c?s=96&d=mm&r=g","caption":"Debat"},"url":"https:\/\/kunmedierne.dk\/mors\/author\/debat\/"}]}},"_links":{"self":[{"href":"https:\/\/kunmedierne.dk\/mors\/wp-json\/wp\/v2\/posts\/14404","targetHints":{"allow":["GET"]}}],"collection":[{"href":"https:\/\/kunmedierne.dk\/mors\/wp-json\/wp\/v2\/posts"}],"about":[{"href":"https:\/\/kunmedierne.dk\/mors\/wp-json\/wp\/v2\/types\/post"}],"author":[{"embeddable":true,"href":"https:\/\/kunmedierne.dk\/mors\/wp-json\/wp\/v2\/users\/11"}],"replies":[{"embeddable":true,"href":"https:\/\/kunmedierne.dk\/mors\/wp-json\/wp\/v2\/comments?post=14404"}],"version-history":[{"count":7,"href":"https:\/\/kunmedierne.dk\/mors\/wp-json\/wp\/v2\/posts\/14404\/revisions"}],"predecessor-version":[{"id":33009,"href":"https:\/\/kunmedierne.dk\/mors\/wp-json\/wp\/v2\/posts\/14404\/revisions\/33009"}],"wp:featuredmedia":[{"embeddable":true,"href":"https:\/\/kunmedierne.dk\/mors\/wp-json\/wp\/v2\/media\/18765"}],"wp:attachment":[{"href":"https:\/\/kunmedierne.dk\/mors\/wp-json\/wp\/v2\/media?parent=14404"}],"wp:term":[{"taxonomy":"category","embeddable":true,"href":"https:\/\/kunmedierne.dk\/mors\/wp-json\/wp\/v2\/categories?post=14404"},{"taxonomy":"post_tag","embeddable":true,"href":"https:\/\/kunmedierne.dk\/mors\/wp-json\/wp\/v2\/tags?post=14404"}],"curies":[{"name":"wp","href":"https:\/\/api.w.org\/{rel}","templated":true}]}}