{"id":144003,"date":"2025-04-14T10:53:18","date_gmt":"2025-04-14T08:53:18","guid":{"rendered":"https:\/\/kunmedierne.dk\/mors\/?p=144003"},"modified":"2025-04-14T10:53:18","modified_gmt":"2025-04-14T08:53:18","slug":"lukning-af-oerding-friskole-foerer-til-ekstra-busafgang-ved-loedderup-friskole","status":"publish","type":"post","link":"https:\/\/kunmedierne.dk\/mors\/lukning-af-oerding-friskole-foerer-til-ekstra-busafgang-ved-loedderup-friskole\/","title":{"rendered":"Lukning af \u00d8rding Friskole f\u00f8rer til ekstra busafgang ved L\u00f8dderup Friskole"},"content":{"rendered":"<p><b>POLITIK<\/b>: K\u00f8replaner for 2025-26 er nu p\u00e5 plads, og elever p\u00e5 L\u00f8dderup Friskole kan se frem til et l\u00f8ft i serviceniveauet.<\/p>\n<p>I sidste uge sagde udvalget for teknik og milj\u00f8 god for en udvidelse af antal afgange for friskolen, der med en del nye elever fra den snart lukkede \u00d8rding Friskole kan im\u00f8dese st\u00f8rre eftersp\u00f8rgsel p\u00e5 transport efter skoletid.<\/p>\n<a class=\"dvrt-link\" onClick=\"cdmtrack_click(169437,jQuery(this));return false\" href=\"https:\/\/thymors.dk\/sponsorater\/15-til-faellesskabet?utm_source=kunmors&amp;utm_medium=annonce&amp;utm_campaign=sponsorater\"><img decoding=\"async\" style=\"width:100%;\" src=\"https:\/\/kunmedierne.dk\/mors\/wp-content\/uploads\/2026\/03\/260407ThyMors-energi_faellesskab_generel-1.jpg\"><\/a><script>cdmtrack_view(169437);<\/script>\n<p>L\u00f8dderup Friskole har et \u00f8nske om, at rute 706 starter fra skolen kl. 12.47. Det begrundes med tilgangen af elever fra \u00d8rding Friskole, og at eleverne er yngre og derfor har fri allerede kl. 12 flere af dagene. Og if\u00f8lge udvalgsformand Meiner N\u00f8rgaard (DD) blev \u00f8nsket efterkommet uden diskussion.<\/p>\n<p>&#8211; Det har v\u00e6ret en mangelvare i indev\u00e6rende k\u00f8replansperiode, s\u00e5 det siger vi ja til i udvalget. Den s\u00e6tter vi ind, s\u00e5dan at is\u00e6r de b\u00f8rn, der kommer fra \u00d8rding og Sillerslev &#8211; alts\u00e5 syd for L\u00f8dderup &#8211; f\u00e5r mulighed for at komme hjem uden at skulle vente un\u00f8digt lang tid, siger han.<\/p>\n<a class=\"dvrt-link\" onClick=\"cdmtrack_click(104779,jQuery(this));return false\" href=\"https:\/\/morsoe-begravelsesforretning.dk\/\"><img decoding=\"async\" style=\"width:100%;\" src=\"https:\/\/kunmedierne.dk\/mors\/wp-content\/uploads\/2023\/11\/251215-morsoe-begravelsesforretning.jpg\"><\/a><script>cdmtrack_view(104779);<\/script>\n<p>Med den ekstra afgang n\u00e5r L\u00f8dderup Friskole op p\u00e5 fire eftermiddagsafgange, hvilket er to mere end sidste \u00e5r. Derimod var der afslag p\u00e5 \u00f8nsker fra andre skoler og uddannelsesinstitutioner &#8211; eksempelvis med begrundelser om, at \u00f8nsket er uden for serviceniveauet.<\/p>\n<p>&#8211; Der er nogle \u00f8nsker om, at vi skal k\u00f8re en formiddags- og middagstur. Det er s\u00e5 det, vi ikke har r\u00e5d til pt. Men ellers har der v\u00e6ret en rigtig god dialog med b\u00e5de folkeskoler, friskoler og de \u00f8vrige uddannelsesinstitutioner p\u00e5 Mors i hele den proces, der har k\u00f8rt forud for det her. B\u00e5de folkeskoler og friskoler har ogs\u00e5 rettet lidt i deres ringetider, s\u00e5 det har kunnet passe det hele, siger Meiner N\u00f8rgaard.<\/p>\n","protected":false},"excerpt":{"rendered":"<p>POLITIK: K\u00f8replaner for 2025-26 er nu p\u00e5 plads, og elever p\u00e5 L\u00f8dderup Friskole kan se frem til et l\u00f8ft i serviceniveauet. I sidste uge sagde udvalget for teknik og milj\u00f8 god for en udvidelse af antal afgange for friskolen, der med en del nye elever fra den snart lukkede \u00d8rding Friskole kan im\u00f8dese st\u00f8rre eftersp\u00f8rgsel [&hellip;]<\/p>\n","protected":false},"author":8,"featured_media":0,"comment_status":"closed","ping_status":"closed","sticky":false,"template":"","format":"standard","meta":{"_acf_changed":false,"footnotes":""},"categories":[51],"tags":[167,170],"class_list":["post-144003","post","type-post","status-publish","format-standard","hentry","category-lokalt","tag-politik","tag-uddannelse"],"acf":[],"yoast_head":"<!-- This site is optimized with the Yoast SEO plugin v26.8 - https:\/\/yoast.com\/product\/yoast-seo-wordpress\/ -->\n<title>Lukning af \u00d8rding Friskole f\u00f8rer til ekstra busafgang ved L\u00f8dderup Friskole - Mors<\/title>\n<meta name=\"robots\" content=\"index, follow, max-snippet:-1, max-image-preview:large, max-video-preview:-1\" \/>\n<link rel=\"canonical\" href=\"https:\/\/kunmedierne.dk\/mors\/lukning-af-oerding-friskole-foerer-til-ekstra-busafgang-ved-loedderup-friskole\/\" \/>\n<meta property=\"og:locale\" content=\"da_DK\" \/>\n<meta property=\"og:type\" content=\"article\" \/>\n<meta property=\"og:title\" content=\"Lukning af \u00d8rding Friskole f\u00f8rer til ekstra busafgang ved L\u00f8dderup Friskole - Mors\" \/>\n<meta property=\"og:description\" content=\"POLITIK: K\u00f8replaner for 2025-26 er nu p\u00e5 plads, og elever p\u00e5 L\u00f8dderup Friskole kan se frem til et l\u00f8ft i serviceniveauet. I sidste uge sagde udvalget for teknik og milj\u00f8 god for en udvidelse af antal afgange for friskolen, der med en del nye elever fra den snart lukkede \u00d8rding Friskole kan im\u00f8dese st\u00f8rre eftersp\u00f8rgsel [&hellip;]\" \/>\n<meta property=\"og:url\" content=\"https:\/\/kunmedierne.dk\/mors\/lukning-af-oerding-friskole-foerer-til-ekstra-busafgang-ved-loedderup-friskole\/\" \/>\n<meta property=\"og:site_name\" content=\"Mors\" \/>\n<meta property=\"article:published_time\" content=\"2025-04-14T08:53:18+00:00\" \/>\n<meta name=\"author\" content=\"David H\u00f8jmark\" \/>\n<meta name=\"twitter:card\" content=\"summary_large_image\" \/>\n<meta name=\"twitter:label1\" content=\"Skrevet af\" \/>\n\t<meta name=\"twitter:data1\" content=\"David H\u00f8jmark\" \/>\n\t<meta name=\"twitter:label2\" content=\"Estimeret l\u00e6setid\" \/>\n\t<meta name=\"twitter:data2\" content=\"2 minutter\" \/>\n<script type=\"application\/ld+json\" class=\"yoast-schema-graph\">{\"@context\":\"https:\/\/schema.org\",\"@graph\":[{\"@type\":\"Article\",\"@id\":\"https:\/\/kunmedierne.dk\/mors\/lukning-af-oerding-friskole-foerer-til-ekstra-busafgang-ved-loedderup-friskole\/#article\",\"isPartOf\":{\"@id\":\"https:\/\/kunmedierne.dk\/mors\/lukning-af-oerding-friskole-foerer-til-ekstra-busafgang-ved-loedderup-friskole\/\"},\"author\":{\"name\":\"David H\u00f8jmark\",\"@id\":\"https:\/\/kunmedierne.dk\/mors\/#\/schema\/person\/5fe23251bf1d0abbcdc6f7896579d548\"},\"headline\":\"Lukning af \u00d8rding Friskole f\u00f8rer til ekstra busafgang ved L\u00f8dderup Friskole\",\"datePublished\":\"2025-04-14T08:53:18+00:00\",\"mainEntityOfPage\":{\"@id\":\"https:\/\/kunmedierne.dk\/mors\/lukning-af-oerding-friskole-foerer-til-ekstra-busafgang-ved-loedderup-friskole\/\"},\"wordCount\":318,\"publisher\":{\"@id\":\"https:\/\/kunmedierne.dk\/mors\/#organization\"},\"keywords\":[\"Politik\",\"Skoler og uddannelse\"],\"articleSection\":[\"Lokalt\"],\"inLanguage\":\"da-DK\"},{\"@type\":\"WebPage\",\"@id\":\"https:\/\/kunmedierne.dk\/mors\/lukning-af-oerding-friskole-foerer-til-ekstra-busafgang-ved-loedderup-friskole\/\",\"url\":\"https:\/\/kunmedierne.dk\/mors\/lukning-af-oerding-friskole-foerer-til-ekstra-busafgang-ved-loedderup-friskole\/\",\"name\":\"Lukning af \u00d8rding Friskole f\u00f8rer til ekstra busafgang ved L\u00f8dderup Friskole - Mors\",\"isPartOf\":{\"@id\":\"https:\/\/kunmedierne.dk\/mors\/#website\"},\"datePublished\":\"2025-04-14T08:53:18+00:00\",\"breadcrumb\":{\"@id\":\"https:\/\/kunmedierne.dk\/mors\/lukning-af-oerding-friskole-foerer-til-ekstra-busafgang-ved-loedderup-friskole\/#breadcrumb\"},\"inLanguage\":\"da-DK\",\"potentialAction\":[{\"@type\":\"ReadAction\",\"target\":[\"https:\/\/kunmedierne.dk\/mors\/lukning-af-oerding-friskole-foerer-til-ekstra-busafgang-ved-loedderup-friskole\/\"]}]},{\"@type\":\"BreadcrumbList\",\"@id\":\"https:\/\/kunmedierne.dk\/mors\/lukning-af-oerding-friskole-foerer-til-ekstra-busafgang-ved-loedderup-friskole\/#breadcrumb\",\"itemListElement\":[{\"@type\":\"ListItem\",\"position\":1,\"name\":\"Hjem\",\"item\":\"https:\/\/kunmedierne.dk\/mors\/\"},{\"@type\":\"ListItem\",\"position\":2,\"name\":\"Lukning af \u00d8rding Friskole f\u00f8rer til ekstra busafgang ved L\u00f8dderup Friskole\"}]},{\"@type\":\"WebSite\",\"@id\":\"https:\/\/kunmedierne.dk\/mors\/#website\",\"url\":\"https:\/\/kunmedierne.dk\/mors\/\",\"name\":\"Mors\",\"description\":\"et netmedie med journalistik om livet p\u00e5 Mors\",\"publisher\":{\"@id\":\"https:\/\/kunmedierne.dk\/mors\/#organization\"},\"potentialAction\":[{\"@type\":\"SearchAction\",\"target\":{\"@type\":\"EntryPoint\",\"urlTemplate\":\"https:\/\/kunmedierne.dk\/mors\/?s={search_term_string}\"},\"query-input\":{\"@type\":\"PropertyValueSpecification\",\"valueRequired\":true,\"valueName\":\"search_term_string\"}}],\"inLanguage\":\"da-DK\"},{\"@type\":\"Organization\",\"@id\":\"https:\/\/kunmedierne.dk\/mors\/#organization\",\"name\":\"Mors\",\"url\":\"https:\/\/kunmedierne.dk\/mors\/\",\"logo\":{\"@type\":\"ImageObject\",\"inLanguage\":\"da-DK\",\"@id\":\"https:\/\/kunmedierne.dk\/mors\/#\/schema\/logo\/image\/\",\"url\":\"https:\/\/kunmedierne.dk\/mors\/wp-content\/uploads\/2024\/08\/kunmors-logo.svg\",\"contentUrl\":\"https:\/\/kunmedierne.dk\/mors\/wp-content\/uploads\/2024\/08\/kunmors-logo.svg\",\"caption\":\"Mors\"},\"image\":{\"@id\":\"https:\/\/kunmedierne.dk\/mors\/#\/schema\/logo\/image\/\"}},{\"@type\":\"Person\",\"@id\":\"https:\/\/kunmedierne.dk\/mors\/#\/schema\/person\/5fe23251bf1d0abbcdc6f7896579d548\",\"name\":\"David H\u00f8jmark\",\"image\":{\"@type\":\"ImageObject\",\"inLanguage\":\"da-DK\",\"@id\":\"https:\/\/kunmedierne.dk\/mors\/#\/schema\/person\/image\/\",\"url\":\"https:\/\/secure.gravatar.com\/avatar\/4315d6fb9ef244d729989f5f90268eb08d5bf8a3d84402f595fa194bb35784fd?s=96&d=mm&r=g\",\"contentUrl\":\"https:\/\/secure.gravatar.com\/avatar\/4315d6fb9ef244d729989f5f90268eb08d5bf8a3d84402f595fa194bb35784fd?s=96&d=mm&r=g\",\"caption\":\"David H\u00f8jmark\"},\"sameAs\":[\"https:\/\/www.kunmedierne.dk\"],\"url\":\"https:\/\/kunmedierne.dk\/mors\/author\/david\/\"}]}<\/script>\n<!-- \/ Yoast SEO plugin. -->","yoast_head_json":{"title":"Lukning af \u00d8rding Friskole f\u00f8rer til ekstra busafgang ved L\u00f8dderup Friskole - Mors","robots":{"index":"index","follow":"follow","max-snippet":"max-snippet:-1","max-image-preview":"max-image-preview:large","max-video-preview":"max-video-preview:-1"},"canonical":"https:\/\/kunmedierne.dk\/mors\/lukning-af-oerding-friskole-foerer-til-ekstra-busafgang-ved-loedderup-friskole\/","og_locale":"da_DK","og_type":"article","og_title":"Lukning af \u00d8rding Friskole f\u00f8rer til ekstra busafgang ved L\u00f8dderup Friskole - Mors","og_description":"POLITIK: K\u00f8replaner for 2025-26 er nu p\u00e5 plads, og elever p\u00e5 L\u00f8dderup Friskole kan se frem til et l\u00f8ft i serviceniveauet. I sidste uge sagde udvalget for teknik og milj\u00f8 god for en udvidelse af antal afgange for friskolen, der med en del nye elever fra den snart lukkede \u00d8rding Friskole kan im\u00f8dese st\u00f8rre eftersp\u00f8rgsel [&hellip;]","og_url":"https:\/\/kunmedierne.dk\/mors\/lukning-af-oerding-friskole-foerer-til-ekstra-busafgang-ved-loedderup-friskole\/","og_site_name":"Mors","article_published_time":"2025-04-14T08:53:18+00:00","author":"David H\u00f8jmark","twitter_card":"summary_large_image","twitter_misc":{"Skrevet af":"David H\u00f8jmark","Estimeret l\u00e6setid":"2 minutter"},"schema":{"@context":"https:\/\/schema.org","@graph":[{"@type":"Article","@id":"https:\/\/kunmedierne.dk\/mors\/lukning-af-oerding-friskole-foerer-til-ekstra-busafgang-ved-loedderup-friskole\/#article","isPartOf":{"@id":"https:\/\/kunmedierne.dk\/mors\/lukning-af-oerding-friskole-foerer-til-ekstra-busafgang-ved-loedderup-friskole\/"},"author":{"name":"David H\u00f8jmark","@id":"https:\/\/kunmedierne.dk\/mors\/#\/schema\/person\/5fe23251bf1d0abbcdc6f7896579d548"},"headline":"Lukning af \u00d8rding Friskole f\u00f8rer til ekstra busafgang ved L\u00f8dderup Friskole","datePublished":"2025-04-14T08:53:18+00:00","mainEntityOfPage":{"@id":"https:\/\/kunmedierne.dk\/mors\/lukning-af-oerding-friskole-foerer-til-ekstra-busafgang-ved-loedderup-friskole\/"},"wordCount":318,"publisher":{"@id":"https:\/\/kunmedierne.dk\/mors\/#organization"},"keywords":["Politik","Skoler og uddannelse"],"articleSection":["Lokalt"],"inLanguage":"da-DK"},{"@type":"WebPage","@id":"https:\/\/kunmedierne.dk\/mors\/lukning-af-oerding-friskole-foerer-til-ekstra-busafgang-ved-loedderup-friskole\/","url":"https:\/\/kunmedierne.dk\/mors\/lukning-af-oerding-friskole-foerer-til-ekstra-busafgang-ved-loedderup-friskole\/","name":"Lukning af \u00d8rding Friskole f\u00f8rer til ekstra busafgang ved L\u00f8dderup Friskole - Mors","isPartOf":{"@id":"https:\/\/kunmedierne.dk\/mors\/#website"},"datePublished":"2025-04-14T08:53:18+00:00","breadcrumb":{"@id":"https:\/\/kunmedierne.dk\/mors\/lukning-af-oerding-friskole-foerer-til-ekstra-busafgang-ved-loedderup-friskole\/#breadcrumb"},"inLanguage":"da-DK","potentialAction":[{"@type":"ReadAction","target":["https:\/\/kunmedierne.dk\/mors\/lukning-af-oerding-friskole-foerer-til-ekstra-busafgang-ved-loedderup-friskole\/"]}]},{"@type":"BreadcrumbList","@id":"https:\/\/kunmedierne.dk\/mors\/lukning-af-oerding-friskole-foerer-til-ekstra-busafgang-ved-loedderup-friskole\/#breadcrumb","itemListElement":[{"@type":"ListItem","position":1,"name":"Hjem","item":"https:\/\/kunmedierne.dk\/mors\/"},{"@type":"ListItem","position":2,"name":"Lukning af \u00d8rding Friskole f\u00f8rer til ekstra busafgang ved L\u00f8dderup Friskole"}]},{"@type":"WebSite","@id":"https:\/\/kunmedierne.dk\/mors\/#website","url":"https:\/\/kunmedierne.dk\/mors\/","name":"Mors","description":"et netmedie med journalistik om livet p\u00e5 Mors","publisher":{"@id":"https:\/\/kunmedierne.dk\/mors\/#organization"},"potentialAction":[{"@type":"SearchAction","target":{"@type":"EntryPoint","urlTemplate":"https:\/\/kunmedierne.dk\/mors\/?s={search_term_string}"},"query-input":{"@type":"PropertyValueSpecification","valueRequired":true,"valueName":"search_term_string"}}],"inLanguage":"da-DK"},{"@type":"Organization","@id":"https:\/\/kunmedierne.dk\/mors\/#organization","name":"Mors","url":"https:\/\/kunmedierne.dk\/mors\/","logo":{"@type":"ImageObject","inLanguage":"da-DK","@id":"https:\/\/kunmedierne.dk\/mors\/#\/schema\/logo\/image\/","url":"https:\/\/kunmedierne.dk\/mors\/wp-content\/uploads\/2024\/08\/kunmors-logo.svg","contentUrl":"https:\/\/kunmedierne.dk\/mors\/wp-content\/uploads\/2024\/08\/kunmors-logo.svg","caption":"Mors"},"image":{"@id":"https:\/\/kunmedierne.dk\/mors\/#\/schema\/logo\/image\/"}},{"@type":"Person","@id":"https:\/\/kunmedierne.dk\/mors\/#\/schema\/person\/5fe23251bf1d0abbcdc6f7896579d548","name":"David H\u00f8jmark","image":{"@type":"ImageObject","inLanguage":"da-DK","@id":"https:\/\/kunmedierne.dk\/mors\/#\/schema\/person\/image\/","url":"https:\/\/secure.gravatar.com\/avatar\/4315d6fb9ef244d729989f5f90268eb08d5bf8a3d84402f595fa194bb35784fd?s=96&d=mm&r=g","contentUrl":"https:\/\/secure.gravatar.com\/avatar\/4315d6fb9ef244d729989f5f90268eb08d5bf8a3d84402f595fa194bb35784fd?s=96&d=mm&r=g","caption":"David H\u00f8jmark"},"sameAs":["https:\/\/www.kunmedierne.dk"],"url":"https:\/\/kunmedierne.dk\/mors\/author\/david\/"}]}},"_links":{"self":[{"href":"https:\/\/kunmedierne.dk\/mors\/wp-json\/wp\/v2\/posts\/144003","targetHints":{"allow":["GET"]}}],"collection":[{"href":"https:\/\/kunmedierne.dk\/mors\/wp-json\/wp\/v2\/posts"}],"about":[{"href":"https:\/\/kunmedierne.dk\/mors\/wp-json\/wp\/v2\/types\/post"}],"author":[{"embeddable":true,"href":"https:\/\/kunmedierne.dk\/mors\/wp-json\/wp\/v2\/users\/8"}],"replies":[{"embeddable":true,"href":"https:\/\/kunmedierne.dk\/mors\/wp-json\/wp\/v2\/comments?post=144003"}],"version-history":[{"count":1,"href":"https:\/\/kunmedierne.dk\/mors\/wp-json\/wp\/v2\/posts\/144003\/revisions"}],"predecessor-version":[{"id":144006,"href":"https:\/\/kunmedierne.dk\/mors\/wp-json\/wp\/v2\/posts\/144003\/revisions\/144006"}],"wp:attachment":[{"href":"https:\/\/kunmedierne.dk\/mors\/wp-json\/wp\/v2\/media?parent=144003"}],"wp:term":[{"taxonomy":"category","embeddable":true,"href":"https:\/\/kunmedierne.dk\/mors\/wp-json\/wp\/v2\/categories?post=144003"},{"taxonomy":"post_tag","embeddable":true,"href":"https:\/\/kunmedierne.dk\/mors\/wp-json\/wp\/v2\/tags?post=144003"}],"curies":[{"name":"wp","href":"https:\/\/api.w.org\/{rel}","templated":true}]}}