{"id":14326,"date":"2020-03-21T13:47:07","date_gmt":"2020-03-21T12:47:07","guid":{"rendered":"https:\/\/kunmedierne.dk\/mors\/?p=14326"},"modified":"2024-08-12T14:06:19","modified_gmt":"2024-08-12T12:06:19","slug":"lukket-for-test-af-sundhedspersonale-men-endnu-ikke-i-region-nordjylland","status":"publish","type":"post","link":"https:\/\/kunmedierne.dk\/mors\/lukket-for-test-af-sundhedspersonale-men-endnu-ikke-i-region-nordjylland\/","title":{"rendered":"Lukket for test af sundhedspersonale &#8211; men endnu ikke i Region Nordjylland"},"content":{"rendered":"<p><strong>MORS<\/strong>: Mangel p\u00e5 udstyr f\u00e5r nu betydning for test af coronavirus hos sundhedspersonale og p\u00e5 almene praksisser flere steder i landet. Men endnu ikke i Region Nordjylland, lyder det i en pressemeddelelse fra regionen.<\/p>\n<p>Den kommer efter en udmelding om, at b\u00e5de Region Syddanmark og Region Midtjylland p\u00e5 grund af forsyningsproblemer og et stort pres p\u00e5 kapaciteten har valgt at indf\u00f8re midlertidigt stop for test af sundhedspersonale.<\/p>\n<p>Og der er ogs\u00e5 konsekvenser i Region Nordjylland.<\/p>\n<p>&#8220;I Region Nordjylland har vi ikke lukket ned for testning af personale, men vores testm\u00e6ngde g\u00f8r, at vi skal teste personalet med omtanke ud fra de nye retningslinjer, der er kommet fra Sundhedsstyrelsen,&#8221; lyder meldingen fra Region Nordjylland.<\/p>\n<p>Den fort\u00e6ller, at der er i retningslinjerne fra Sundhedsstyrelsen er en n\u00f8je beskrivelse af, hvilket personale man tester nu i en situation med pres p\u00e5 forsyningerne af testkit. Det betyder, at personale b\u00e5de skal have symptomer og bestride en kritisk funktion for at blive testet.<\/p>\n<p class=\"v1Brdtekst-PM\">&#8220;Jeg forst\u00e5r godt, hvis en medarbejder f\u00f8ler sig usikker p\u00e5, om man selv er smittet, og om man risikerer at smitte andre. Vi har desv\u00e6rre ikke mulighed for at teste alle, og vi skal helst ikke ende i en situation, hvor vi er n\u00f8dt til at sige stop for test. Derfor er vi n\u00f8dt til at forholde os meget stramt til, hvem vi tester,&#8221; siger regionsr\u00e5dsformand Ulla Astman.<\/p>\n<p>Region Nordjylland oplyser, at hvis en medarbejder oplyser symptomer p\u00e5 Covid-19, skal man kontakte sin n\u00e6rmeste leder. Lederen vil s\u00e5 vurdere, om der er grundlag for, at medarbejderen skal henvises til klinisk vurdering og eventuel test &#8211; eller om medarbejderen skal blive hjemme, indtil vedkommende har v\u00e6ret symptomfri i 48 timer.<\/p>\n<p>Det er alene medarbejdere i kritiske funktioner, som efter aftale med ledelsen kan blive klinisk vurderet og eventuelt testet. Denne model g\u00e6lder p\u00e5 alle regionens omr\u00e5der.<\/p>\n","protected":false},"excerpt":{"rendered":"<p>MORS: Mangel p\u00e5 udstyr f\u00e5r nu betydning for test af coronavirus hos sundhedspersonale og p\u00e5 almene praksisser flere steder i landet. Men endnu ikke i Region Nordjylland, lyder det i en pressemeddelelse fra regionen. Den kommer efter en udmelding om, at b\u00e5de Region Syddanmark og Region Midtjylland p\u00e5 grund af forsyningsproblemer og et stort pres [&hellip;]<\/p>\n","protected":false},"author":8,"featured_media":14121,"comment_status":"open","ping_status":"open","sticky":false,"template":"","format":"standard","meta":{"_acf_changed":false,"footnotes":""},"categories":[51],"tags":[],"class_list":["post-14326","post","type-post","status-publish","format-standard","has-post-thumbnail","hentry","category-lokalt"],"acf":[],"yoast_head":"<!-- This site is optimized with the Yoast SEO plugin v26.8 - https:\/\/yoast.com\/product\/yoast-seo-wordpress\/ -->\n<title>Lukket for test af sundhedspersonale - men endnu ikke i Region Nordjylland - Mors<\/title>\n<meta name=\"robots\" content=\"index, follow, max-snippet:-1, max-image-preview:large, max-video-preview:-1\" \/>\n<link rel=\"canonical\" href=\"https:\/\/kunmedierne.dk\/mors\/lukket-for-test-af-sundhedspersonale-men-endnu-ikke-i-region-nordjylland\/\" \/>\n<meta property=\"og:locale\" content=\"da_DK\" \/>\n<meta property=\"og:type\" content=\"article\" \/>\n<meta property=\"og:title\" content=\"Lukket for test af sundhedspersonale - men endnu ikke i Region Nordjylland - Mors\" \/>\n<meta property=\"og:description\" content=\"MORS: Mangel p\u00e5 udstyr f\u00e5r nu betydning for test af coronavirus hos sundhedspersonale og p\u00e5 almene praksisser flere steder i landet. Men endnu ikke i Region Nordjylland, lyder det i en pressemeddelelse fra regionen. Den kommer efter en udmelding om, at b\u00e5de Region Syddanmark og Region Midtjylland p\u00e5 grund af forsyningsproblemer og et stort pres [&hellip;]\" \/>\n<meta property=\"og:url\" content=\"https:\/\/kunmedierne.dk\/mors\/lukket-for-test-af-sundhedspersonale-men-endnu-ikke-i-region-nordjylland\/\" \/>\n<meta property=\"og:site_name\" content=\"Mors\" \/>\n<meta property=\"article:published_time\" content=\"2020-03-21T12:47:07+00:00\" \/>\n<meta property=\"article:modified_time\" content=\"2024-08-12T12:06:19+00:00\" \/>\n<meta property=\"og:image\" content=\"https:\/\/kunmedierne.dk\/mors\/wp-content\/uploads\/2020\/03\/200319-coronavirus.jpg\" \/>\n\t<meta property=\"og:image:width\" content=\"770\" \/>\n\t<meta property=\"og:image:height\" content=\"513\" \/>\n\t<meta property=\"og:image:type\" content=\"image\/jpeg\" \/>\n<meta name=\"author\" content=\"David H\u00f8jmark\" \/>\n<meta name=\"twitter:card\" content=\"summary_large_image\" \/>\n<meta name=\"twitter:label1\" content=\"Skrevet af\" \/>\n\t<meta name=\"twitter:data1\" content=\"David H\u00f8jmark\" \/>\n\t<meta name=\"twitter:label2\" content=\"Estimeret l\u00e6setid\" \/>\n\t<meta name=\"twitter:data2\" content=\"2 minutter\" \/>\n<script type=\"application\/ld+json\" class=\"yoast-schema-graph\">{\"@context\":\"https:\/\/schema.org\",\"@graph\":[{\"@type\":\"Article\",\"@id\":\"https:\/\/kunmedierne.dk\/mors\/lukket-for-test-af-sundhedspersonale-men-endnu-ikke-i-region-nordjylland\/#article\",\"isPartOf\":{\"@id\":\"https:\/\/kunmedierne.dk\/mors\/lukket-for-test-af-sundhedspersonale-men-endnu-ikke-i-region-nordjylland\/\"},\"author\":{\"name\":\"David H\u00f8jmark\",\"@id\":\"https:\/\/kunmedierne.dk\/mors\/#\/schema\/person\/5fe23251bf1d0abbcdc6f7896579d548\"},\"headline\":\"Lukket for test af sundhedspersonale &#8211; men endnu ikke i Region Nordjylland\",\"datePublished\":\"2020-03-21T12:47:07+00:00\",\"dateModified\":\"2024-08-12T12:06:19+00:00\",\"mainEntityOfPage\":{\"@id\":\"https:\/\/kunmedierne.dk\/mors\/lukket-for-test-af-sundhedspersonale-men-endnu-ikke-i-region-nordjylland\/\"},\"wordCount\":332,\"commentCount\":0,\"publisher\":{\"@id\":\"https:\/\/kunmedierne.dk\/mors\/#organization\"},\"image\":{\"@id\":\"https:\/\/kunmedierne.dk\/mors\/lukket-for-test-af-sundhedspersonale-men-endnu-ikke-i-region-nordjylland\/#primaryimage\"},\"thumbnailUrl\":\"https:\/\/kunmedierne.dk\/mors\/wp-content\/uploads\/2020\/03\/200319-coronavirus.jpg\",\"articleSection\":[\"Lokalt\"],\"inLanguage\":\"da-DK\",\"potentialAction\":[{\"@type\":\"CommentAction\",\"name\":\"Comment\",\"target\":[\"https:\/\/kunmedierne.dk\/mors\/lukket-for-test-af-sundhedspersonale-men-endnu-ikke-i-region-nordjylland\/#respond\"]}]},{\"@type\":\"WebPage\",\"@id\":\"https:\/\/kunmedierne.dk\/mors\/lukket-for-test-af-sundhedspersonale-men-endnu-ikke-i-region-nordjylland\/\",\"url\":\"https:\/\/kunmedierne.dk\/mors\/lukket-for-test-af-sundhedspersonale-men-endnu-ikke-i-region-nordjylland\/\",\"name\":\"Lukket for test af sundhedspersonale - men endnu ikke i Region Nordjylland - Mors\",\"isPartOf\":{\"@id\":\"https:\/\/kunmedierne.dk\/mors\/#website\"},\"primaryImageOfPage\":{\"@id\":\"https:\/\/kunmedierne.dk\/mors\/lukket-for-test-af-sundhedspersonale-men-endnu-ikke-i-region-nordjylland\/#primaryimage\"},\"image\":{\"@id\":\"https:\/\/kunmedierne.dk\/mors\/lukket-for-test-af-sundhedspersonale-men-endnu-ikke-i-region-nordjylland\/#primaryimage\"},\"thumbnailUrl\":\"https:\/\/kunmedierne.dk\/mors\/wp-content\/uploads\/2020\/03\/200319-coronavirus.jpg\",\"datePublished\":\"2020-03-21T12:47:07+00:00\",\"dateModified\":\"2024-08-12T12:06:19+00:00\",\"breadcrumb\":{\"@id\":\"https:\/\/kunmedierne.dk\/mors\/lukket-for-test-af-sundhedspersonale-men-endnu-ikke-i-region-nordjylland\/#breadcrumb\"},\"inLanguage\":\"da-DK\",\"potentialAction\":[{\"@type\":\"ReadAction\",\"target\":[\"https:\/\/kunmedierne.dk\/mors\/lukket-for-test-af-sundhedspersonale-men-endnu-ikke-i-region-nordjylland\/\"]}]},{\"@type\":\"ImageObject\",\"inLanguage\":\"da-DK\",\"@id\":\"https:\/\/kunmedierne.dk\/mors\/lukket-for-test-af-sundhedspersonale-men-endnu-ikke-i-region-nordjylland\/#primaryimage\",\"url\":\"https:\/\/kunmedierne.dk\/mors\/wp-content\/uploads\/2020\/03\/200319-coronavirus.jpg\",\"contentUrl\":\"https:\/\/kunmedierne.dk\/mors\/wp-content\/uploads\/2020\/03\/200319-coronavirus.jpg\",\"width\":770,\"height\":513,\"caption\":\"Coronavirus. Foto: Fusion Medical Animation\/Unsplash.\"},{\"@type\":\"BreadcrumbList\",\"@id\":\"https:\/\/kunmedierne.dk\/mors\/lukket-for-test-af-sundhedspersonale-men-endnu-ikke-i-region-nordjylland\/#breadcrumb\",\"itemListElement\":[{\"@type\":\"ListItem\",\"position\":1,\"name\":\"Hjem\",\"item\":\"https:\/\/kunmedierne.dk\/mors\/\"},{\"@type\":\"ListItem\",\"position\":2,\"name\":\"Lukket for test af sundhedspersonale &#8211; men endnu ikke i Region Nordjylland\"}]},{\"@type\":\"WebSite\",\"@id\":\"https:\/\/kunmedierne.dk\/mors\/#website\",\"url\":\"https:\/\/kunmedierne.dk\/mors\/\",\"name\":\"Mors\",\"description\":\"et netmedie med journalistik om livet p\u00e5 Mors\",\"publisher\":{\"@id\":\"https:\/\/kunmedierne.dk\/mors\/#organization\"},\"potentialAction\":[{\"@type\":\"SearchAction\",\"target\":{\"@type\":\"EntryPoint\",\"urlTemplate\":\"https:\/\/kunmedierne.dk\/mors\/?s={search_term_string}\"},\"query-input\":{\"@type\":\"PropertyValueSpecification\",\"valueRequired\":true,\"valueName\":\"search_term_string\"}}],\"inLanguage\":\"da-DK\"},{\"@type\":\"Organization\",\"@id\":\"https:\/\/kunmedierne.dk\/mors\/#organization\",\"name\":\"Mors\",\"url\":\"https:\/\/kunmedierne.dk\/mors\/\",\"logo\":{\"@type\":\"ImageObject\",\"inLanguage\":\"da-DK\",\"@id\":\"https:\/\/kunmedierne.dk\/mors\/#\/schema\/logo\/image\/\",\"url\":\"https:\/\/kunmedierne.dk\/mors\/wp-content\/uploads\/2024\/08\/kunmors-logo.svg\",\"contentUrl\":\"https:\/\/kunmedierne.dk\/mors\/wp-content\/uploads\/2024\/08\/kunmors-logo.svg\",\"caption\":\"Mors\"},\"image\":{\"@id\":\"https:\/\/kunmedierne.dk\/mors\/#\/schema\/logo\/image\/\"}},{\"@type\":\"Person\",\"@id\":\"https:\/\/kunmedierne.dk\/mors\/#\/schema\/person\/5fe23251bf1d0abbcdc6f7896579d548\",\"name\":\"David H\u00f8jmark\",\"image\":{\"@type\":\"ImageObject\",\"inLanguage\":\"da-DK\",\"@id\":\"https:\/\/kunmedierne.dk\/mors\/#\/schema\/person\/image\/\",\"url\":\"https:\/\/secure.gravatar.com\/avatar\/4315d6fb9ef244d729989f5f90268eb08d5bf8a3d84402f595fa194bb35784fd?s=96&d=mm&r=g\",\"contentUrl\":\"https:\/\/secure.gravatar.com\/avatar\/4315d6fb9ef244d729989f5f90268eb08d5bf8a3d84402f595fa194bb35784fd?s=96&d=mm&r=g\",\"caption\":\"David H\u00f8jmark\"},\"sameAs\":[\"https:\/\/www.kunmedierne.dk\"],\"url\":\"https:\/\/kunmedierne.dk\/mors\/author\/david\/\"}]}<\/script>\n<!-- \/ Yoast SEO plugin. -->","yoast_head_json":{"title":"Lukket for test af sundhedspersonale - men endnu ikke i Region Nordjylland - Mors","robots":{"index":"index","follow":"follow","max-snippet":"max-snippet:-1","max-image-preview":"max-image-preview:large","max-video-preview":"max-video-preview:-1"},"canonical":"https:\/\/kunmedierne.dk\/mors\/lukket-for-test-af-sundhedspersonale-men-endnu-ikke-i-region-nordjylland\/","og_locale":"da_DK","og_type":"article","og_title":"Lukket for test af sundhedspersonale - men endnu ikke i Region Nordjylland - Mors","og_description":"MORS: Mangel p\u00e5 udstyr f\u00e5r nu betydning for test af coronavirus hos sundhedspersonale og p\u00e5 almene praksisser flere steder i landet. Men endnu ikke i Region Nordjylland, lyder det i en pressemeddelelse fra regionen. Den kommer efter en udmelding om, at b\u00e5de Region Syddanmark og Region Midtjylland p\u00e5 grund af forsyningsproblemer og et stort pres [&hellip;]","og_url":"https:\/\/kunmedierne.dk\/mors\/lukket-for-test-af-sundhedspersonale-men-endnu-ikke-i-region-nordjylland\/","og_site_name":"Mors","article_published_time":"2020-03-21T12:47:07+00:00","article_modified_time":"2024-08-12T12:06:19+00:00","og_image":[{"width":770,"height":513,"url":"https:\/\/kunmedierne.dk\/mors\/wp-content\/uploads\/2020\/03\/200319-coronavirus.jpg","type":"image\/jpeg"}],"author":"David H\u00f8jmark","twitter_card":"summary_large_image","twitter_misc":{"Skrevet af":"David H\u00f8jmark","Estimeret l\u00e6setid":"2 minutter"},"schema":{"@context":"https:\/\/schema.org","@graph":[{"@type":"Article","@id":"https:\/\/kunmedierne.dk\/mors\/lukket-for-test-af-sundhedspersonale-men-endnu-ikke-i-region-nordjylland\/#article","isPartOf":{"@id":"https:\/\/kunmedierne.dk\/mors\/lukket-for-test-af-sundhedspersonale-men-endnu-ikke-i-region-nordjylland\/"},"author":{"name":"David H\u00f8jmark","@id":"https:\/\/kunmedierne.dk\/mors\/#\/schema\/person\/5fe23251bf1d0abbcdc6f7896579d548"},"headline":"Lukket for test af sundhedspersonale &#8211; men endnu ikke i Region Nordjylland","datePublished":"2020-03-21T12:47:07+00:00","dateModified":"2024-08-12T12:06:19+00:00","mainEntityOfPage":{"@id":"https:\/\/kunmedierne.dk\/mors\/lukket-for-test-af-sundhedspersonale-men-endnu-ikke-i-region-nordjylland\/"},"wordCount":332,"commentCount":0,"publisher":{"@id":"https:\/\/kunmedierne.dk\/mors\/#organization"},"image":{"@id":"https:\/\/kunmedierne.dk\/mors\/lukket-for-test-af-sundhedspersonale-men-endnu-ikke-i-region-nordjylland\/#primaryimage"},"thumbnailUrl":"https:\/\/kunmedierne.dk\/mors\/wp-content\/uploads\/2020\/03\/200319-coronavirus.jpg","articleSection":["Lokalt"],"inLanguage":"da-DK","potentialAction":[{"@type":"CommentAction","name":"Comment","target":["https:\/\/kunmedierne.dk\/mors\/lukket-for-test-af-sundhedspersonale-men-endnu-ikke-i-region-nordjylland\/#respond"]}]},{"@type":"WebPage","@id":"https:\/\/kunmedierne.dk\/mors\/lukket-for-test-af-sundhedspersonale-men-endnu-ikke-i-region-nordjylland\/","url":"https:\/\/kunmedierne.dk\/mors\/lukket-for-test-af-sundhedspersonale-men-endnu-ikke-i-region-nordjylland\/","name":"Lukket for test af sundhedspersonale - men endnu ikke i Region Nordjylland - Mors","isPartOf":{"@id":"https:\/\/kunmedierne.dk\/mors\/#website"},"primaryImageOfPage":{"@id":"https:\/\/kunmedierne.dk\/mors\/lukket-for-test-af-sundhedspersonale-men-endnu-ikke-i-region-nordjylland\/#primaryimage"},"image":{"@id":"https:\/\/kunmedierne.dk\/mors\/lukket-for-test-af-sundhedspersonale-men-endnu-ikke-i-region-nordjylland\/#primaryimage"},"thumbnailUrl":"https:\/\/kunmedierne.dk\/mors\/wp-content\/uploads\/2020\/03\/200319-coronavirus.jpg","datePublished":"2020-03-21T12:47:07+00:00","dateModified":"2024-08-12T12:06:19+00:00","breadcrumb":{"@id":"https:\/\/kunmedierne.dk\/mors\/lukket-for-test-af-sundhedspersonale-men-endnu-ikke-i-region-nordjylland\/#breadcrumb"},"inLanguage":"da-DK","potentialAction":[{"@type":"ReadAction","target":["https:\/\/kunmedierne.dk\/mors\/lukket-for-test-af-sundhedspersonale-men-endnu-ikke-i-region-nordjylland\/"]}]},{"@type":"ImageObject","inLanguage":"da-DK","@id":"https:\/\/kunmedierne.dk\/mors\/lukket-for-test-af-sundhedspersonale-men-endnu-ikke-i-region-nordjylland\/#primaryimage","url":"https:\/\/kunmedierne.dk\/mors\/wp-content\/uploads\/2020\/03\/200319-coronavirus.jpg","contentUrl":"https:\/\/kunmedierne.dk\/mors\/wp-content\/uploads\/2020\/03\/200319-coronavirus.jpg","width":770,"height":513,"caption":"Coronavirus. Foto: Fusion Medical Animation\/Unsplash."},{"@type":"BreadcrumbList","@id":"https:\/\/kunmedierne.dk\/mors\/lukket-for-test-af-sundhedspersonale-men-endnu-ikke-i-region-nordjylland\/#breadcrumb","itemListElement":[{"@type":"ListItem","position":1,"name":"Hjem","item":"https:\/\/kunmedierne.dk\/mors\/"},{"@type":"ListItem","position":2,"name":"Lukket for test af sundhedspersonale &#8211; men endnu ikke i Region Nordjylland"}]},{"@type":"WebSite","@id":"https:\/\/kunmedierne.dk\/mors\/#website","url":"https:\/\/kunmedierne.dk\/mors\/","name":"Mors","description":"et netmedie med journalistik om livet p\u00e5 Mors","publisher":{"@id":"https:\/\/kunmedierne.dk\/mors\/#organization"},"potentialAction":[{"@type":"SearchAction","target":{"@type":"EntryPoint","urlTemplate":"https:\/\/kunmedierne.dk\/mors\/?s={search_term_string}"},"query-input":{"@type":"PropertyValueSpecification","valueRequired":true,"valueName":"search_term_string"}}],"inLanguage":"da-DK"},{"@type":"Organization","@id":"https:\/\/kunmedierne.dk\/mors\/#organization","name":"Mors","url":"https:\/\/kunmedierne.dk\/mors\/","logo":{"@type":"ImageObject","inLanguage":"da-DK","@id":"https:\/\/kunmedierne.dk\/mors\/#\/schema\/logo\/image\/","url":"https:\/\/kunmedierne.dk\/mors\/wp-content\/uploads\/2024\/08\/kunmors-logo.svg","contentUrl":"https:\/\/kunmedierne.dk\/mors\/wp-content\/uploads\/2024\/08\/kunmors-logo.svg","caption":"Mors"},"image":{"@id":"https:\/\/kunmedierne.dk\/mors\/#\/schema\/logo\/image\/"}},{"@type":"Person","@id":"https:\/\/kunmedierne.dk\/mors\/#\/schema\/person\/5fe23251bf1d0abbcdc6f7896579d548","name":"David H\u00f8jmark","image":{"@type":"ImageObject","inLanguage":"da-DK","@id":"https:\/\/kunmedierne.dk\/mors\/#\/schema\/person\/image\/","url":"https:\/\/secure.gravatar.com\/avatar\/4315d6fb9ef244d729989f5f90268eb08d5bf8a3d84402f595fa194bb35784fd?s=96&d=mm&r=g","contentUrl":"https:\/\/secure.gravatar.com\/avatar\/4315d6fb9ef244d729989f5f90268eb08d5bf8a3d84402f595fa194bb35784fd?s=96&d=mm&r=g","caption":"David H\u00f8jmark"},"sameAs":["https:\/\/www.kunmedierne.dk"],"url":"https:\/\/kunmedierne.dk\/mors\/author\/david\/"}]}},"_links":{"self":[{"href":"https:\/\/kunmedierne.dk\/mors\/wp-json\/wp\/v2\/posts\/14326","targetHints":{"allow":["GET"]}}],"collection":[{"href":"https:\/\/kunmedierne.dk\/mors\/wp-json\/wp\/v2\/posts"}],"about":[{"href":"https:\/\/kunmedierne.dk\/mors\/wp-json\/wp\/v2\/types\/post"}],"author":[{"embeddable":true,"href":"https:\/\/kunmedierne.dk\/mors\/wp-json\/wp\/v2\/users\/8"}],"replies":[{"embeddable":true,"href":"https:\/\/kunmedierne.dk\/mors\/wp-json\/wp\/v2\/comments?post=14326"}],"version-history":[{"count":1,"href":"https:\/\/kunmedierne.dk\/mors\/wp-json\/wp\/v2\/posts\/14326\/revisions"}],"predecessor-version":[{"id":14327,"href":"https:\/\/kunmedierne.dk\/mors\/wp-json\/wp\/v2\/posts\/14326\/revisions\/14327"}],"wp:featuredmedia":[{"embeddable":true,"href":"https:\/\/kunmedierne.dk\/mors\/wp-json\/wp\/v2\/media\/14121"}],"wp:attachment":[{"href":"https:\/\/kunmedierne.dk\/mors\/wp-json\/wp\/v2\/media?parent=14326"}],"wp:term":[{"taxonomy":"category","embeddable":true,"href":"https:\/\/kunmedierne.dk\/mors\/wp-json\/wp\/v2\/categories?post=14326"},{"taxonomy":"post_tag","embeddable":true,"href":"https:\/\/kunmedierne.dk\/mors\/wp-json\/wp\/v2\/tags?post=14326"}],"curies":[{"name":"wp","href":"https:\/\/api.w.org\/{rel}","templated":true}]}}