{"id":14307,"date":"2020-03-21T21:28:37","date_gmt":"2020-03-21T20:28:37","guid":{"rendered":"https:\/\/kunmedierne.dk\/mors\/?p=14307"},"modified":"2024-08-12T14:06:19","modified_gmt":"2024-08-12T12:06:19","slug":"de-lever-som-hund-og-kat-paa-den-gode-maade","status":"publish","type":"post","link":"https:\/\/kunmedierne.dk\/mors\/de-lever-som-hund-og-kat-paa-den-gode-maade\/","title":{"rendered":"De lever som hund og kat &#8211; p\u00e5 den gode m\u00e5de"},"content":{"rendered":"<p><strong>KARBY<\/strong>: Hvad g\u00f8r en t\u00f8rstig kat, der er sin egen herre og har lyst til en t\u00e5r m\u00e6lk? Den v\u00e6lter selvf\u00f8lgelig sin bedste ven og dier l\u00f8s &#8211; ogs\u00e5 selv om det er en hund.<\/p>\n<p>S\u00e5dan sker det i hvert fald p\u00e5 daglig basis hos S\u00f8ren og Fie Christensen i Karby, hvor \u00e6gteparrets to k\u00e6ledyr har fundet sammen i et specielt samarbejde. N\u00e5r hunden Molly, et 10 \u00e5r gammelt gadekryds, l\u00e6gger sig ned, kan katten Laban komme til, og s\u00e5 dier den m\u00e6lk p\u00e5 sin hund.<\/p>\n<a class=\"dvrt-link\" onClick=\"cdmtrack_click(104787,jQuery(this));return false\" href=\"https:\/\/www.jyskebank.dk\/kontakt\/afdelingsinfo?departmentid=11890\"><img decoding=\"async\" style=\"width:100%;\" src=\"https:\/\/kunmedierne.dk\/mors\/wp-content\/uploads\/2023\/10\/260325JyskeBankMorsNy-1.jpg\"><\/a><script>cdmtrack_view(104787);<\/script>\n<div id=\"attachment_14374\" style=\"width: 396px\" class=\"wp-caption alignright\"><img loading=\"lazy\" decoding=\"async\" aria-describedby=\"caption-attachment-14374\" class=\"size-full wp-image-14374\" src=\"https:\/\/kunmedierne.dk\/mors\/wp-content\/uploads\/2020\/03\/laban-og-molly3-.jpg\" alt=\"\" width=\"386\" height=\"413\" srcset=\"https:\/\/kunmedierne.dk\/mors\/wp-content\/uploads\/2020\/03\/laban-og-molly3-.jpg 386w, https:\/\/kunmedierne.dk\/mors\/wp-content\/uploads\/2020\/03\/laban-og-molly3--280x300.jpg 280w\" sizes=\"auto, (max-width: 386px) 100vw, 386px\" \/><p id=\"caption-attachment-14374\" class=\"wp-caption-text\">Gadekrydset Molly.<\/p><\/div>\n<p>&#8220;Det sker hele tiden. S\u00e5 snart hunden l\u00e6gger sig ned, kommer katten hen og skubber til den. Og hvis hunden st\u00e5r op, kan katten finde p\u00e5 at skubbe til den, s\u00e5 den l\u00e6gger sig ned. Det ser meget m\u00e6rkeligt ud,&#8221; griner S\u00f8ren Christensen.<\/p>\n<p>Ikke overraskende beskriver han Laban som en kat, der er sin helt egen herre. Men faktisk var m\u00f8det mellem hund og kat ikke fra starten den store succes. Da Laban kom ind i huset, var han og Molly ikke de bedste venner &#8211; ja, de levede n\u00e6rmest som hund i kat og udtrykkets normale betydning.<\/p>\n<p>Men efterh\u00e5nden fandt de sammen, og en dag blev de s\u00e5 gode venner, at Molly serverede m\u00e6lk for Laban.<\/p>\n<p>&#8220;Vi troede jeg f\u00f8rst ikke, at den fik noget m\u00e6lk, men det gjorde den,&#8221; siger S\u00f8ren Christensen og tilf\u00f8jer, at ordningen helt tydeligt er i begge k\u00e6ledyrs interesse.<\/p>\n<div id=\"attachment_14375\" style=\"width: 490px\" class=\"wp-caption alignright\"><img loading=\"lazy\" decoding=\"async\" aria-describedby=\"caption-attachment-14375\" class=\"size-full wp-image-14375\" src=\"https:\/\/kunmedierne.dk\/mors\/wp-content\/uploads\/2020\/03\/laban-og-molly2-.jpg\" alt=\"\" width=\"480\" height=\"640\" srcset=\"https:\/\/kunmedierne.dk\/mors\/wp-content\/uploads\/2020\/03\/laban-og-molly2-.jpg 480w, https:\/\/kunmedierne.dk\/mors\/wp-content\/uploads\/2020\/03\/laban-og-molly2--225x300.jpg 225w\" sizes=\"auto, (max-width: 480px) 100vw, 480px\" \/><p id=\"caption-attachment-14375\" class=\"wp-caption-text\">Huskatten Laban.<\/p><\/div>\n<p>&#8220;Hunden bliver ogs\u00e5 helt elendig, hvis det ikke sker,&#8221; siger han.<\/p>\n<p>&#8220;Den m\u00e5 jo p\u00e5 en eller anden m\u00e5de producere noget m\u00e6lk. Den har aldrig selv haft hvalpe, for s\u00e5 skulle man jo tro, at den bare ville forts\u00e6tte med at give m\u00e6lk, men det er ikke derfor,&#8221; siger han.<\/p>\n<p>&nbsp;<\/p>\n<p><strong>Meget sund kat<\/strong><\/p>\n<p>S\u00f8ren Christensen fort\u00e6ller, at de to k\u00e6ledyr engang var adskilt i fire dage, hvor den ene var med i sommerhus. Forventningen var, at n\u00e5r de blev samlet igen, ville de v\u00e6re v\u00e6nnet af med ordningen, men det skete ikke.<\/p>\n<p>Og der er s\u00e5dan set heller ingen grund til, at de skal holde op, for Laban tager bestemt ikke skade af hundem\u00e6lk.<\/p>\n<p>&#8220;Den har undg\u00e5et b\u00e5de corona og det hele, den er fandeme s\u00e5 sund,&#8221; griner S\u00f8ren Christensen.<\/p>\n<a class=\"dvrt-link\" onClick=\"cdmtrack_click(104783,jQuery(this));return false\" href=\"https:\/\/konpap.dk\/\"><img decoding=\"async\" style=\"width:100%;\" src=\"https:\/\/kunmedierne.dk\/mors\/wp-content\/uploads\/2023\/10\/Kun-Mors-banner.jpg\"><\/a><script>cdmtrack_view(104783);<\/script>\n<blockquote>\n<h3>SERIE: \u00d8ENS K\u00c6LEDYR<\/h3>\n<h5>\u00d8ens k\u00e6ledyr er en serie af artikler om k\u00e6ledyr p\u00e5 Mors. Artiklerne udkommer ikke p\u00e5 nogen bestemt dag, men hen ad vejen, n\u00e5r vi har et k\u00e6ledyr klar.<\/h5>\n<h5>Vi har tidligere skrevet om <a href=\"https:\/\/kunmedierne.dk\/mors\/olivar-den-lille-kaempekat-paa-snart-18-aar\/\">katten Olivar<\/a> og <a href=\"https:\/\/kunmedierne.dk\/mors\/choko-elsker-at-koere-sportsvogn\/\" target=\"_blank\" rel=\"noopener noreferrer\">hunden Choko<\/a>.<\/h5>\n<h5>Kender du til nogen med hund, kat, marsvin, undulat, vietnamesisk h\u00e6ngebugsvin eller andre k\u00e6ledyr, vi skal fort\u00e6lle om, kan du skrive til os p\u00e5 redaktion@kunmedierne.dk\/mors.<\/h5>\n<\/blockquote>\n<p>&nbsp;<\/p>\n","protected":false},"excerpt":{"rendered":"<p>KARBY: Hvad g\u00f8r en t\u00f8rstig kat, der er sin egen herre og har lyst til en t\u00e5r m\u00e6lk? Den v\u00e6lter selvf\u00f8lgelig sin bedste ven og dier l\u00f8s &#8211; ogs\u00e5 selv om det er en hund. S\u00e5dan sker det i hvert fald p\u00e5 daglig basis hos S\u00f8ren og Fie Christensen i Karby, hvor \u00e6gteparrets to k\u00e6ledyr [&hellip;]<\/p>\n","protected":false},"author":8,"featured_media":14377,"comment_status":"open","ping_status":"open","sticky":false,"template":"","format":"standard","meta":{"_acf_changed":false,"footnotes":""},"categories":[51],"tags":[],"class_list":["post-14307","post","type-post","status-publish","format-standard","has-post-thumbnail","hentry","category-lokalt"],"acf":[],"yoast_head":"<!-- This site is optimized with the Yoast SEO plugin v26.8 - https:\/\/yoast.com\/product\/yoast-seo-wordpress\/ -->\n<title>De lever som hund og kat - p\u00e5 den gode m\u00e5de - Mors<\/title>\n<meta name=\"robots\" content=\"index, follow, max-snippet:-1, max-image-preview:large, max-video-preview:-1\" \/>\n<link rel=\"canonical\" href=\"https:\/\/kunmedierne.dk\/mors\/de-lever-som-hund-og-kat-paa-den-gode-maade\/\" \/>\n<meta property=\"og:locale\" content=\"da_DK\" \/>\n<meta property=\"og:type\" content=\"article\" \/>\n<meta property=\"og:title\" content=\"De lever som hund og kat - p\u00e5 den gode m\u00e5de - Mors\" \/>\n<meta property=\"og:description\" content=\"KARBY: Hvad g\u00f8r en t\u00f8rstig kat, der er sin egen herre og har lyst til en t\u00e5r m\u00e6lk? Den v\u00e6lter selvf\u00f8lgelig sin bedste ven og dier l\u00f8s &#8211; ogs\u00e5 selv om det er en hund. S\u00e5dan sker det i hvert fald p\u00e5 daglig basis hos S\u00f8ren og Fie Christensen i Karby, hvor \u00e6gteparrets to k\u00e6ledyr [&hellip;]\" \/>\n<meta property=\"og:url\" content=\"https:\/\/kunmedierne.dk\/mors\/de-lever-som-hund-og-kat-paa-den-gode-maade\/\" \/>\n<meta property=\"og:site_name\" content=\"Mors\" \/>\n<meta property=\"article:published_time\" content=\"2020-03-21T20:28:37+00:00\" \/>\n<meta property=\"article:modified_time\" content=\"2024-08-12T12:06:19+00:00\" \/>\n<meta property=\"og:image\" content=\"https:\/\/kunmedierne.dk\/mors\/wp-content\/uploads\/2020\/03\/laban-og-molly4.jpg\" \/>\n\t<meta property=\"og:image:width\" content=\"770\" \/>\n\t<meta property=\"og:image:height\" content=\"515\" \/>\n\t<meta property=\"og:image:type\" content=\"image\/jpeg\" \/>\n<meta name=\"author\" content=\"David H\u00f8jmark\" \/>\n<meta name=\"twitter:card\" content=\"summary_large_image\" \/>\n<meta name=\"twitter:label1\" content=\"Skrevet af\" \/>\n\t<meta name=\"twitter:data1\" content=\"David H\u00f8jmark\" \/>\n\t<meta name=\"twitter:label2\" content=\"Estimeret l\u00e6setid\" \/>\n\t<meta name=\"twitter:data2\" content=\"3 minutter\" \/>\n<script type=\"application\/ld+json\" class=\"yoast-schema-graph\">{\"@context\":\"https:\/\/schema.org\",\"@graph\":[{\"@type\":\"Article\",\"@id\":\"https:\/\/kunmedierne.dk\/mors\/de-lever-som-hund-og-kat-paa-den-gode-maade\/#article\",\"isPartOf\":{\"@id\":\"https:\/\/kunmedierne.dk\/mors\/de-lever-som-hund-og-kat-paa-den-gode-maade\/\"},\"author\":{\"name\":\"David H\u00f8jmark\",\"@id\":\"https:\/\/kunmedierne.dk\/mors\/#\/schema\/person\/5fe23251bf1d0abbcdc6f7896579d548\"},\"headline\":\"De lever som hund og kat &#8211; p\u00e5 den gode m\u00e5de\",\"datePublished\":\"2020-03-21T20:28:37+00:00\",\"dateModified\":\"2024-08-12T12:06:19+00:00\",\"mainEntityOfPage\":{\"@id\":\"https:\/\/kunmedierne.dk\/mors\/de-lever-som-hund-og-kat-paa-den-gode-maade\/\"},\"wordCount\":515,\"commentCount\":0,\"publisher\":{\"@id\":\"https:\/\/kunmedierne.dk\/mors\/#organization\"},\"image\":{\"@id\":\"https:\/\/kunmedierne.dk\/mors\/de-lever-som-hund-og-kat-paa-den-gode-maade\/#primaryimage\"},\"thumbnailUrl\":\"https:\/\/kunmedierne.dk\/mors\/wp-content\/uploads\/2020\/03\/laban-og-molly4.jpg\",\"articleSection\":[\"Lokalt\"],\"inLanguage\":\"da-DK\",\"potentialAction\":[{\"@type\":\"CommentAction\",\"name\":\"Comment\",\"target\":[\"https:\/\/kunmedierne.dk\/mors\/de-lever-som-hund-og-kat-paa-den-gode-maade\/#respond\"]}]},{\"@type\":\"WebPage\",\"@id\":\"https:\/\/kunmedierne.dk\/mors\/de-lever-som-hund-og-kat-paa-den-gode-maade\/\",\"url\":\"https:\/\/kunmedierne.dk\/mors\/de-lever-som-hund-og-kat-paa-den-gode-maade\/\",\"name\":\"De lever som hund og kat - p\u00e5 den gode m\u00e5de - Mors\",\"isPartOf\":{\"@id\":\"https:\/\/kunmedierne.dk\/mors\/#website\"},\"primaryImageOfPage\":{\"@id\":\"https:\/\/kunmedierne.dk\/mors\/de-lever-som-hund-og-kat-paa-den-gode-maade\/#primaryimage\"},\"image\":{\"@id\":\"https:\/\/kunmedierne.dk\/mors\/de-lever-som-hund-og-kat-paa-den-gode-maade\/#primaryimage\"},\"thumbnailUrl\":\"https:\/\/kunmedierne.dk\/mors\/wp-content\/uploads\/2020\/03\/laban-og-molly4.jpg\",\"datePublished\":\"2020-03-21T20:28:37+00:00\",\"dateModified\":\"2024-08-12T12:06:19+00:00\",\"breadcrumb\":{\"@id\":\"https:\/\/kunmedierne.dk\/mors\/de-lever-som-hund-og-kat-paa-den-gode-maade\/#breadcrumb\"},\"inLanguage\":\"da-DK\",\"potentialAction\":[{\"@type\":\"ReadAction\",\"target\":[\"https:\/\/kunmedierne.dk\/mors\/de-lever-som-hund-og-kat-paa-den-gode-maade\/\"]}]},{\"@type\":\"ImageObject\",\"inLanguage\":\"da-DK\",\"@id\":\"https:\/\/kunmedierne.dk\/mors\/de-lever-som-hund-og-kat-paa-den-gode-maade\/#primaryimage\",\"url\":\"https:\/\/kunmedierne.dk\/mors\/wp-content\/uploads\/2020\/03\/laban-og-molly4.jpg\",\"contentUrl\":\"https:\/\/kunmedierne.dk\/mors\/wp-content\/uploads\/2020\/03\/laban-og-molly4.jpg\",\"width\":770,\"height\":515,\"caption\":\"Hunden Molly og katten Laban, begge fra Karby. Privatfoto.\"},{\"@type\":\"BreadcrumbList\",\"@id\":\"https:\/\/kunmedierne.dk\/mors\/de-lever-som-hund-og-kat-paa-den-gode-maade\/#breadcrumb\",\"itemListElement\":[{\"@type\":\"ListItem\",\"position\":1,\"name\":\"Hjem\",\"item\":\"https:\/\/kunmedierne.dk\/mors\/\"},{\"@type\":\"ListItem\",\"position\":2,\"name\":\"De lever som hund og kat &#8211; p\u00e5 den gode m\u00e5de\"}]},{\"@type\":\"WebSite\",\"@id\":\"https:\/\/kunmedierne.dk\/mors\/#website\",\"url\":\"https:\/\/kunmedierne.dk\/mors\/\",\"name\":\"Mors\",\"description\":\"et netmedie med journalistik om livet p\u00e5 Mors\",\"publisher\":{\"@id\":\"https:\/\/kunmedierne.dk\/mors\/#organization\"},\"potentialAction\":[{\"@type\":\"SearchAction\",\"target\":{\"@type\":\"EntryPoint\",\"urlTemplate\":\"https:\/\/kunmedierne.dk\/mors\/?s={search_term_string}\"},\"query-input\":{\"@type\":\"PropertyValueSpecification\",\"valueRequired\":true,\"valueName\":\"search_term_string\"}}],\"inLanguage\":\"da-DK\"},{\"@type\":\"Organization\",\"@id\":\"https:\/\/kunmedierne.dk\/mors\/#organization\",\"name\":\"Mors\",\"url\":\"https:\/\/kunmedierne.dk\/mors\/\",\"logo\":{\"@type\":\"ImageObject\",\"inLanguage\":\"da-DK\",\"@id\":\"https:\/\/kunmedierne.dk\/mors\/#\/schema\/logo\/image\/\",\"url\":\"https:\/\/kunmedierne.dk\/mors\/wp-content\/uploads\/2024\/08\/kunmors-logo.svg\",\"contentUrl\":\"https:\/\/kunmedierne.dk\/mors\/wp-content\/uploads\/2024\/08\/kunmors-logo.svg\",\"caption\":\"Mors\"},\"image\":{\"@id\":\"https:\/\/kunmedierne.dk\/mors\/#\/schema\/logo\/image\/\"}},{\"@type\":\"Person\",\"@id\":\"https:\/\/kunmedierne.dk\/mors\/#\/schema\/person\/5fe23251bf1d0abbcdc6f7896579d548\",\"name\":\"David H\u00f8jmark\",\"image\":{\"@type\":\"ImageObject\",\"inLanguage\":\"da-DK\",\"@id\":\"https:\/\/kunmedierne.dk\/mors\/#\/schema\/person\/image\/\",\"url\":\"https:\/\/secure.gravatar.com\/avatar\/4315d6fb9ef244d729989f5f90268eb08d5bf8a3d84402f595fa194bb35784fd?s=96&d=mm&r=g\",\"contentUrl\":\"https:\/\/secure.gravatar.com\/avatar\/4315d6fb9ef244d729989f5f90268eb08d5bf8a3d84402f595fa194bb35784fd?s=96&d=mm&r=g\",\"caption\":\"David H\u00f8jmark\"},\"sameAs\":[\"https:\/\/www.kunmedierne.dk\"],\"url\":\"https:\/\/kunmedierne.dk\/mors\/author\/david\/\"}]}<\/script>\n<!-- \/ Yoast SEO plugin. -->","yoast_head_json":{"title":"De lever som hund og kat - p\u00e5 den gode m\u00e5de - Mors","robots":{"index":"index","follow":"follow","max-snippet":"max-snippet:-1","max-image-preview":"max-image-preview:large","max-video-preview":"max-video-preview:-1"},"canonical":"https:\/\/kunmedierne.dk\/mors\/de-lever-som-hund-og-kat-paa-den-gode-maade\/","og_locale":"da_DK","og_type":"article","og_title":"De lever som hund og kat - p\u00e5 den gode m\u00e5de - Mors","og_description":"KARBY: Hvad g\u00f8r en t\u00f8rstig kat, der er sin egen herre og har lyst til en t\u00e5r m\u00e6lk? Den v\u00e6lter selvf\u00f8lgelig sin bedste ven og dier l\u00f8s &#8211; ogs\u00e5 selv om det er en hund. S\u00e5dan sker det i hvert fald p\u00e5 daglig basis hos S\u00f8ren og Fie Christensen i Karby, hvor \u00e6gteparrets to k\u00e6ledyr [&hellip;]","og_url":"https:\/\/kunmedierne.dk\/mors\/de-lever-som-hund-og-kat-paa-den-gode-maade\/","og_site_name":"Mors","article_published_time":"2020-03-21T20:28:37+00:00","article_modified_time":"2024-08-12T12:06:19+00:00","og_image":[{"width":770,"height":515,"url":"https:\/\/kunmedierne.dk\/mors\/wp-content\/uploads\/2020\/03\/laban-og-molly4.jpg","type":"image\/jpeg"}],"author":"David H\u00f8jmark","twitter_card":"summary_large_image","twitter_misc":{"Skrevet af":"David H\u00f8jmark","Estimeret l\u00e6setid":"3 minutter"},"schema":{"@context":"https:\/\/schema.org","@graph":[{"@type":"Article","@id":"https:\/\/kunmedierne.dk\/mors\/de-lever-som-hund-og-kat-paa-den-gode-maade\/#article","isPartOf":{"@id":"https:\/\/kunmedierne.dk\/mors\/de-lever-som-hund-og-kat-paa-den-gode-maade\/"},"author":{"name":"David H\u00f8jmark","@id":"https:\/\/kunmedierne.dk\/mors\/#\/schema\/person\/5fe23251bf1d0abbcdc6f7896579d548"},"headline":"De lever som hund og kat &#8211; p\u00e5 den gode m\u00e5de","datePublished":"2020-03-21T20:28:37+00:00","dateModified":"2024-08-12T12:06:19+00:00","mainEntityOfPage":{"@id":"https:\/\/kunmedierne.dk\/mors\/de-lever-som-hund-og-kat-paa-den-gode-maade\/"},"wordCount":515,"commentCount":0,"publisher":{"@id":"https:\/\/kunmedierne.dk\/mors\/#organization"},"image":{"@id":"https:\/\/kunmedierne.dk\/mors\/de-lever-som-hund-og-kat-paa-den-gode-maade\/#primaryimage"},"thumbnailUrl":"https:\/\/kunmedierne.dk\/mors\/wp-content\/uploads\/2020\/03\/laban-og-molly4.jpg","articleSection":["Lokalt"],"inLanguage":"da-DK","potentialAction":[{"@type":"CommentAction","name":"Comment","target":["https:\/\/kunmedierne.dk\/mors\/de-lever-som-hund-og-kat-paa-den-gode-maade\/#respond"]}]},{"@type":"WebPage","@id":"https:\/\/kunmedierne.dk\/mors\/de-lever-som-hund-og-kat-paa-den-gode-maade\/","url":"https:\/\/kunmedierne.dk\/mors\/de-lever-som-hund-og-kat-paa-den-gode-maade\/","name":"De lever som hund og kat - p\u00e5 den gode m\u00e5de - Mors","isPartOf":{"@id":"https:\/\/kunmedierne.dk\/mors\/#website"},"primaryImageOfPage":{"@id":"https:\/\/kunmedierne.dk\/mors\/de-lever-som-hund-og-kat-paa-den-gode-maade\/#primaryimage"},"image":{"@id":"https:\/\/kunmedierne.dk\/mors\/de-lever-som-hund-og-kat-paa-den-gode-maade\/#primaryimage"},"thumbnailUrl":"https:\/\/kunmedierne.dk\/mors\/wp-content\/uploads\/2020\/03\/laban-og-molly4.jpg","datePublished":"2020-03-21T20:28:37+00:00","dateModified":"2024-08-12T12:06:19+00:00","breadcrumb":{"@id":"https:\/\/kunmedierne.dk\/mors\/de-lever-som-hund-og-kat-paa-den-gode-maade\/#breadcrumb"},"inLanguage":"da-DK","potentialAction":[{"@type":"ReadAction","target":["https:\/\/kunmedierne.dk\/mors\/de-lever-som-hund-og-kat-paa-den-gode-maade\/"]}]},{"@type":"ImageObject","inLanguage":"da-DK","@id":"https:\/\/kunmedierne.dk\/mors\/de-lever-som-hund-og-kat-paa-den-gode-maade\/#primaryimage","url":"https:\/\/kunmedierne.dk\/mors\/wp-content\/uploads\/2020\/03\/laban-og-molly4.jpg","contentUrl":"https:\/\/kunmedierne.dk\/mors\/wp-content\/uploads\/2020\/03\/laban-og-molly4.jpg","width":770,"height":515,"caption":"Hunden Molly og katten Laban, begge fra Karby. Privatfoto."},{"@type":"BreadcrumbList","@id":"https:\/\/kunmedierne.dk\/mors\/de-lever-som-hund-og-kat-paa-den-gode-maade\/#breadcrumb","itemListElement":[{"@type":"ListItem","position":1,"name":"Hjem","item":"https:\/\/kunmedierne.dk\/mors\/"},{"@type":"ListItem","position":2,"name":"De lever som hund og kat &#8211; p\u00e5 den gode m\u00e5de"}]},{"@type":"WebSite","@id":"https:\/\/kunmedierne.dk\/mors\/#website","url":"https:\/\/kunmedierne.dk\/mors\/","name":"Mors","description":"et netmedie med journalistik om livet p\u00e5 Mors","publisher":{"@id":"https:\/\/kunmedierne.dk\/mors\/#organization"},"potentialAction":[{"@type":"SearchAction","target":{"@type":"EntryPoint","urlTemplate":"https:\/\/kunmedierne.dk\/mors\/?s={search_term_string}"},"query-input":{"@type":"PropertyValueSpecification","valueRequired":true,"valueName":"search_term_string"}}],"inLanguage":"da-DK"},{"@type":"Organization","@id":"https:\/\/kunmedierne.dk\/mors\/#organization","name":"Mors","url":"https:\/\/kunmedierne.dk\/mors\/","logo":{"@type":"ImageObject","inLanguage":"da-DK","@id":"https:\/\/kunmedierne.dk\/mors\/#\/schema\/logo\/image\/","url":"https:\/\/kunmedierne.dk\/mors\/wp-content\/uploads\/2024\/08\/kunmors-logo.svg","contentUrl":"https:\/\/kunmedierne.dk\/mors\/wp-content\/uploads\/2024\/08\/kunmors-logo.svg","caption":"Mors"},"image":{"@id":"https:\/\/kunmedierne.dk\/mors\/#\/schema\/logo\/image\/"}},{"@type":"Person","@id":"https:\/\/kunmedierne.dk\/mors\/#\/schema\/person\/5fe23251bf1d0abbcdc6f7896579d548","name":"David H\u00f8jmark","image":{"@type":"ImageObject","inLanguage":"da-DK","@id":"https:\/\/kunmedierne.dk\/mors\/#\/schema\/person\/image\/","url":"https:\/\/secure.gravatar.com\/avatar\/4315d6fb9ef244d729989f5f90268eb08d5bf8a3d84402f595fa194bb35784fd?s=96&d=mm&r=g","contentUrl":"https:\/\/secure.gravatar.com\/avatar\/4315d6fb9ef244d729989f5f90268eb08d5bf8a3d84402f595fa194bb35784fd?s=96&d=mm&r=g","caption":"David H\u00f8jmark"},"sameAs":["https:\/\/www.kunmedierne.dk"],"url":"https:\/\/kunmedierne.dk\/mors\/author\/david\/"}]}},"_links":{"self":[{"href":"https:\/\/kunmedierne.dk\/mors\/wp-json\/wp\/v2\/posts\/14307","targetHints":{"allow":["GET"]}}],"collection":[{"href":"https:\/\/kunmedierne.dk\/mors\/wp-json\/wp\/v2\/posts"}],"about":[{"href":"https:\/\/kunmedierne.dk\/mors\/wp-json\/wp\/v2\/types\/post"}],"author":[{"embeddable":true,"href":"https:\/\/kunmedierne.dk\/mors\/wp-json\/wp\/v2\/users\/8"}],"replies":[{"embeddable":true,"href":"https:\/\/kunmedierne.dk\/mors\/wp-json\/wp\/v2\/comments?post=14307"}],"version-history":[{"count":3,"href":"https:\/\/kunmedierne.dk\/mors\/wp-json\/wp\/v2\/posts\/14307\/revisions"}],"predecessor-version":[{"id":71917,"href":"https:\/\/kunmedierne.dk\/mors\/wp-json\/wp\/v2\/posts\/14307\/revisions\/71917"}],"wp:featuredmedia":[{"embeddable":true,"href":"https:\/\/kunmedierne.dk\/mors\/wp-json\/wp\/v2\/media\/14377"}],"wp:attachment":[{"href":"https:\/\/kunmedierne.dk\/mors\/wp-json\/wp\/v2\/media?parent=14307"}],"wp:term":[{"taxonomy":"category","embeddable":true,"href":"https:\/\/kunmedierne.dk\/mors\/wp-json\/wp\/v2\/categories?post=14307"},{"taxonomy":"post_tag","embeddable":true,"href":"https:\/\/kunmedierne.dk\/mors\/wp-json\/wp\/v2\/tags?post=14307"}],"curies":[{"name":"wp","href":"https:\/\/api.w.org\/{rel}","templated":true}]}}