{"id":143030,"date":"2025-04-03T16:37:35","date_gmt":"2025-04-03T14:37:35","guid":{"rendered":"https:\/\/kunmedierne.dk\/mors\/?p=143030"},"modified":"2025-06-13T15:25:03","modified_gmt":"2025-06-13T13:25:03","slug":"to-flotte-foedselsdage-bente-og-peder-har-rundet-90-og-95","status":"publish","type":"post","link":"https:\/\/kunmedierne.dk\/mors\/to-flotte-foedselsdage-bente-og-peder-har-rundet-90-og-95\/","title":{"rendered":"To flotte f\u00f8dselsdage: Bente og Peder har rundet 90 og 95"},"content":{"rendered":"<p><strong>F\u00d8DSELSDAGE<\/strong>: De kan med god samvittighed drosle ned p\u00e5 aktiviteterne, men s\u00e6rligt i disse dage er der liv og glade dage omkring Bente og Peder Dal.<\/p>\n<p>\u00c6gteparret fra \u00d8ster J\u00f8lby har nemlig flotte f\u00f8dselsdage at fejre. 30. marts fyldte Bente 90 \u00e5r, og i dag, 3. april, runder Peder 95.<\/p>\n<p>Det gl\u00e6der de ikke f\u00e6rre end fem d\u00f8tre, lige s\u00e5 mange svigers\u00f8nner, 12 b\u00f8rneb\u00f8rn og 13 oldeb\u00f8rn &#8211; og det gl\u00e6der helt sikkert ogs\u00e5 andre morsingboer, for rigtig mange har i tidens l\u00f8b m\u00f8dt og haft gl\u00e6de af det aktive par.<\/p>\n<a class=\"dvrt-link\" onClick=\"cdmtrack_click(104781,jQuery(this));return false\" href=\"https:\/\/www.fmspks.dk\/\"><img decoding=\"async\" style=\"width:100%;\" src=\"https:\/\/kunmedierne.dk\/mors\/wp-content\/uploads\/2022\/02\/vip-froeslev-mollerup-sparekasse.jpg\"><\/a><script>cdmtrack_view(104781);<\/script>\n<p>Bente Dal er f\u00f8dt og opvokset i Sundby Mors. Peder Dal er f\u00f8dt og opvokset i J\u00f8rsby. I juli 1956 blev de gift, og siden har tilv\u00e6relsen v\u00e6ret fuld af indhold &#8211; i de mange \u00e5r p\u00e5 J\u00f8rsbyg\u00e5rd s\u00e5vel som i livet som pensionister.<\/p>\n<p>Har har de nydt bes\u00f8g fra hele den store familie, arrangementer i Ansvarskirken og pr\u00e6steg\u00e5rden, samv\u00e6r med gode venner, kortspil, bridge, sv\u00f8mning, gymnastik, teater, kultur i Det Ottekantede Forsamlingshus, fester, f\u00f8dselsdage, rejser, gode naboer p\u00e5 vejen, motion og meget andet.<\/p>\n<p>Peder har i tidens l\u00f8b haft en del tillidshverv. Han har for eksempel v\u00e6ret formand for Mors\u00f8 Landboforening og formand for Mors\u00f8 Frimenighed. Han var med til at starte Mors\u00f8 Landbrugsskole, sad i Jordbrugskommissionen og har v\u00e6ret vurderingsmand i Kreditforening Danmark. Sammen med andre roller i samfundet f\u00f8rte det i 1991 til, at han blev \u00e6resmedlem i Venstre Mors.<\/p>\n<a class=\"dvrt-link\" onClick=\"cdmtrack_click(104781,jQuery(this));return false\" href=\"https:\/\/www.fmspks.dk\/\"><img decoding=\"async\" style=\"width:100%;\" src=\"https:\/\/kunmedierne.dk\/mors\/wp-content\/uploads\/2022\/02\/vip-froeslev-mollerup-sparekasse.jpg\"><\/a><script>cdmtrack_view(104781);<\/script>\n<p>Fra familien lyder det, at Bente og Peder stadig selv klarer det meste. De g\u00e5r begge til \u00e6ldreidr\u00e6t i Midtmors Sport, Peder spiller ogs\u00e5 bridge en-to gange om ugen og andet kortspil.<\/p>\n<p>Sammen har de skabt et hjem, b\u00e5de p\u00e5 J\u00f8rsbyg\u00e5rd og siden 2000 i eget hus p\u00e5 Plejdrupvej, hvor der altid har v\u00e6ret plads til mad, drikke, nyheder, snak, latter, hygge, b\u00f8rneleg og kortspil.<\/p>\n<p>I disse dage er der ogs\u00e5 plads til fejring.<\/p>\n","protected":false},"excerpt":{"rendered":"<p>F\u00d8DSELSDAGE: De kan med god samvittighed drosle ned p\u00e5 aktiviteterne, men s\u00e6rligt i disse dage er der liv og glade dage omkring Bente og Peder Dal. \u00c6gteparret fra \u00d8ster J\u00f8lby har nemlig flotte f\u00f8dselsdage at fejre. 30. marts fyldte Bente 90 \u00e5r, og i dag, 3. april, runder Peder 95. Det gl\u00e6der de ikke f\u00e6rre [&hellip;]<\/p>\n","protected":false},"author":8,"featured_media":0,"comment_status":"closed","ping_status":"closed","sticky":false,"template":"","format":"standard","meta":{"_acf_changed":false,"footnotes":""},"categories":[51,52],"tags":[],"class_list":["post-143030","post","type-post","status-publish","format-standard","hentry","category-lokalt","category-navne"],"acf":[],"yoast_head":"<!-- This site is optimized with the Yoast SEO plugin v26.8 - https:\/\/yoast.com\/product\/yoast-seo-wordpress\/ -->\n<title>To flotte f\u00f8dselsdage: Bente og Peder har rundet 90 og 95 - Mors<\/title>\n<meta name=\"robots\" content=\"index, follow, max-snippet:-1, max-image-preview:large, max-video-preview:-1\" \/>\n<link rel=\"canonical\" href=\"https:\/\/kunmedierne.dk\/mors\/to-flotte-foedselsdage-bente-og-peder-har-rundet-90-og-95\/\" \/>\n<meta property=\"og:locale\" content=\"da_DK\" \/>\n<meta property=\"og:type\" content=\"article\" \/>\n<meta property=\"og:title\" content=\"To flotte f\u00f8dselsdage: Bente og Peder har rundet 90 og 95 - Mors\" \/>\n<meta property=\"og:description\" content=\"F\u00d8DSELSDAGE: De kan med god samvittighed drosle ned p\u00e5 aktiviteterne, men s\u00e6rligt i disse dage er der liv og glade dage omkring Bente og Peder Dal. \u00c6gteparret fra \u00d8ster J\u00f8lby har nemlig flotte f\u00f8dselsdage at fejre. 30. marts fyldte Bente 90 \u00e5r, og i dag, 3. april, runder Peder 95. Det gl\u00e6der de ikke f\u00e6rre [&hellip;]\" \/>\n<meta property=\"og:url\" content=\"https:\/\/kunmedierne.dk\/mors\/to-flotte-foedselsdage-bente-og-peder-har-rundet-90-og-95\/\" \/>\n<meta property=\"og:site_name\" content=\"Mors\" \/>\n<meta property=\"article:published_time\" content=\"2025-04-03T14:37:35+00:00\" \/>\n<meta property=\"article:modified_time\" content=\"2025-06-13T13:25:03+00:00\" \/>\n<meta name=\"author\" content=\"David H\u00f8jmark\" \/>\n<meta name=\"twitter:card\" content=\"summary_large_image\" \/>\n<meta name=\"twitter:label1\" content=\"Skrevet af\" \/>\n\t<meta name=\"twitter:data1\" content=\"David H\u00f8jmark\" \/>\n\t<meta name=\"twitter:label2\" content=\"Estimeret l\u00e6setid\" \/>\n\t<meta name=\"twitter:data2\" content=\"2 minutter\" \/>\n<script type=\"application\/ld+json\" class=\"yoast-schema-graph\">{\"@context\":\"https:\/\/schema.org\",\"@graph\":[{\"@type\":\"Article\",\"@id\":\"https:\/\/kunmedierne.dk\/mors\/to-flotte-foedselsdage-bente-og-peder-har-rundet-90-og-95\/#article\",\"isPartOf\":{\"@id\":\"https:\/\/kunmedierne.dk\/mors\/to-flotte-foedselsdage-bente-og-peder-har-rundet-90-og-95\/\"},\"author\":{\"name\":\"David H\u00f8jmark\",\"@id\":\"https:\/\/kunmedierne.dk\/mors\/#\/schema\/person\/5fe23251bf1d0abbcdc6f7896579d548\"},\"headline\":\"To flotte f\u00f8dselsdage: Bente og Peder har rundet 90 og 95\",\"datePublished\":\"2025-04-03T14:37:35+00:00\",\"dateModified\":\"2025-06-13T13:25:03+00:00\",\"mainEntityOfPage\":{\"@id\":\"https:\/\/kunmedierne.dk\/mors\/to-flotte-foedselsdage-bente-og-peder-har-rundet-90-og-95\/\"},\"wordCount\":353,\"publisher\":{\"@id\":\"https:\/\/kunmedierne.dk\/mors\/#organization\"},\"articleSection\":[\"Lokalt\",\"Navne\"],\"inLanguage\":\"da-DK\"},{\"@type\":\"WebPage\",\"@id\":\"https:\/\/kunmedierne.dk\/mors\/to-flotte-foedselsdage-bente-og-peder-har-rundet-90-og-95\/\",\"url\":\"https:\/\/kunmedierne.dk\/mors\/to-flotte-foedselsdage-bente-og-peder-har-rundet-90-og-95\/\",\"name\":\"To flotte f\u00f8dselsdage: Bente og Peder har rundet 90 og 95 - Mors\",\"isPartOf\":{\"@id\":\"https:\/\/kunmedierne.dk\/mors\/#website\"},\"datePublished\":\"2025-04-03T14:37:35+00:00\",\"dateModified\":\"2025-06-13T13:25:03+00:00\",\"breadcrumb\":{\"@id\":\"https:\/\/kunmedierne.dk\/mors\/to-flotte-foedselsdage-bente-og-peder-har-rundet-90-og-95\/#breadcrumb\"},\"inLanguage\":\"da-DK\",\"potentialAction\":[{\"@type\":\"ReadAction\",\"target\":[\"https:\/\/kunmedierne.dk\/mors\/to-flotte-foedselsdage-bente-og-peder-har-rundet-90-og-95\/\"]}]},{\"@type\":\"BreadcrumbList\",\"@id\":\"https:\/\/kunmedierne.dk\/mors\/to-flotte-foedselsdage-bente-og-peder-har-rundet-90-og-95\/#breadcrumb\",\"itemListElement\":[{\"@type\":\"ListItem\",\"position\":1,\"name\":\"Hjem\",\"item\":\"https:\/\/kunmedierne.dk\/mors\/\"},{\"@type\":\"ListItem\",\"position\":2,\"name\":\"To flotte f\u00f8dselsdage: Bente og Peder har rundet 90 og 95\"}]},{\"@type\":\"WebSite\",\"@id\":\"https:\/\/kunmedierne.dk\/mors\/#website\",\"url\":\"https:\/\/kunmedierne.dk\/mors\/\",\"name\":\"Mors\",\"description\":\"et netmedie med journalistik om livet p\u00e5 Mors\",\"publisher\":{\"@id\":\"https:\/\/kunmedierne.dk\/mors\/#organization\"},\"potentialAction\":[{\"@type\":\"SearchAction\",\"target\":{\"@type\":\"EntryPoint\",\"urlTemplate\":\"https:\/\/kunmedierne.dk\/mors\/?s={search_term_string}\"},\"query-input\":{\"@type\":\"PropertyValueSpecification\",\"valueRequired\":true,\"valueName\":\"search_term_string\"}}],\"inLanguage\":\"da-DK\"},{\"@type\":\"Organization\",\"@id\":\"https:\/\/kunmedierne.dk\/mors\/#organization\",\"name\":\"Mors\",\"url\":\"https:\/\/kunmedierne.dk\/mors\/\",\"logo\":{\"@type\":\"ImageObject\",\"inLanguage\":\"da-DK\",\"@id\":\"https:\/\/kunmedierne.dk\/mors\/#\/schema\/logo\/image\/\",\"url\":\"https:\/\/kunmedierne.dk\/mors\/wp-content\/uploads\/2024\/08\/kunmors-logo.svg\",\"contentUrl\":\"https:\/\/kunmedierne.dk\/mors\/wp-content\/uploads\/2024\/08\/kunmors-logo.svg\",\"caption\":\"Mors\"},\"image\":{\"@id\":\"https:\/\/kunmedierne.dk\/mors\/#\/schema\/logo\/image\/\"}},{\"@type\":\"Person\",\"@id\":\"https:\/\/kunmedierne.dk\/mors\/#\/schema\/person\/5fe23251bf1d0abbcdc6f7896579d548\",\"name\":\"David H\u00f8jmark\",\"image\":{\"@type\":\"ImageObject\",\"inLanguage\":\"da-DK\",\"@id\":\"https:\/\/kunmedierne.dk\/mors\/#\/schema\/person\/image\/\",\"url\":\"https:\/\/secure.gravatar.com\/avatar\/4315d6fb9ef244d729989f5f90268eb08d5bf8a3d84402f595fa194bb35784fd?s=96&d=mm&r=g\",\"contentUrl\":\"https:\/\/secure.gravatar.com\/avatar\/4315d6fb9ef244d729989f5f90268eb08d5bf8a3d84402f595fa194bb35784fd?s=96&d=mm&r=g\",\"caption\":\"David H\u00f8jmark\"},\"sameAs\":[\"https:\/\/www.kunmedierne.dk\"],\"url\":\"https:\/\/kunmedierne.dk\/mors\/author\/david\/\"}]}<\/script>\n<!-- \/ Yoast SEO plugin. -->","yoast_head_json":{"title":"To flotte f\u00f8dselsdage: Bente og Peder har rundet 90 og 95 - Mors","robots":{"index":"index","follow":"follow","max-snippet":"max-snippet:-1","max-image-preview":"max-image-preview:large","max-video-preview":"max-video-preview:-1"},"canonical":"https:\/\/kunmedierne.dk\/mors\/to-flotte-foedselsdage-bente-og-peder-har-rundet-90-og-95\/","og_locale":"da_DK","og_type":"article","og_title":"To flotte f\u00f8dselsdage: Bente og Peder har rundet 90 og 95 - Mors","og_description":"F\u00d8DSELSDAGE: De kan med god samvittighed drosle ned p\u00e5 aktiviteterne, men s\u00e6rligt i disse dage er der liv og glade dage omkring Bente og Peder Dal. \u00c6gteparret fra \u00d8ster J\u00f8lby har nemlig flotte f\u00f8dselsdage at fejre. 30. marts fyldte Bente 90 \u00e5r, og i dag, 3. april, runder Peder 95. Det gl\u00e6der de ikke f\u00e6rre [&hellip;]","og_url":"https:\/\/kunmedierne.dk\/mors\/to-flotte-foedselsdage-bente-og-peder-har-rundet-90-og-95\/","og_site_name":"Mors","article_published_time":"2025-04-03T14:37:35+00:00","article_modified_time":"2025-06-13T13:25:03+00:00","author":"David H\u00f8jmark","twitter_card":"summary_large_image","twitter_misc":{"Skrevet af":"David H\u00f8jmark","Estimeret l\u00e6setid":"2 minutter"},"schema":{"@context":"https:\/\/schema.org","@graph":[{"@type":"Article","@id":"https:\/\/kunmedierne.dk\/mors\/to-flotte-foedselsdage-bente-og-peder-har-rundet-90-og-95\/#article","isPartOf":{"@id":"https:\/\/kunmedierne.dk\/mors\/to-flotte-foedselsdage-bente-og-peder-har-rundet-90-og-95\/"},"author":{"name":"David H\u00f8jmark","@id":"https:\/\/kunmedierne.dk\/mors\/#\/schema\/person\/5fe23251bf1d0abbcdc6f7896579d548"},"headline":"To flotte f\u00f8dselsdage: Bente og Peder har rundet 90 og 95","datePublished":"2025-04-03T14:37:35+00:00","dateModified":"2025-06-13T13:25:03+00:00","mainEntityOfPage":{"@id":"https:\/\/kunmedierne.dk\/mors\/to-flotte-foedselsdage-bente-og-peder-har-rundet-90-og-95\/"},"wordCount":353,"publisher":{"@id":"https:\/\/kunmedierne.dk\/mors\/#organization"},"articleSection":["Lokalt","Navne"],"inLanguage":"da-DK"},{"@type":"WebPage","@id":"https:\/\/kunmedierne.dk\/mors\/to-flotte-foedselsdage-bente-og-peder-har-rundet-90-og-95\/","url":"https:\/\/kunmedierne.dk\/mors\/to-flotte-foedselsdage-bente-og-peder-har-rundet-90-og-95\/","name":"To flotte f\u00f8dselsdage: Bente og Peder har rundet 90 og 95 - Mors","isPartOf":{"@id":"https:\/\/kunmedierne.dk\/mors\/#website"},"datePublished":"2025-04-03T14:37:35+00:00","dateModified":"2025-06-13T13:25:03+00:00","breadcrumb":{"@id":"https:\/\/kunmedierne.dk\/mors\/to-flotte-foedselsdage-bente-og-peder-har-rundet-90-og-95\/#breadcrumb"},"inLanguage":"da-DK","potentialAction":[{"@type":"ReadAction","target":["https:\/\/kunmedierne.dk\/mors\/to-flotte-foedselsdage-bente-og-peder-har-rundet-90-og-95\/"]}]},{"@type":"BreadcrumbList","@id":"https:\/\/kunmedierne.dk\/mors\/to-flotte-foedselsdage-bente-og-peder-har-rundet-90-og-95\/#breadcrumb","itemListElement":[{"@type":"ListItem","position":1,"name":"Hjem","item":"https:\/\/kunmedierne.dk\/mors\/"},{"@type":"ListItem","position":2,"name":"To flotte f\u00f8dselsdage: Bente og Peder har rundet 90 og 95"}]},{"@type":"WebSite","@id":"https:\/\/kunmedierne.dk\/mors\/#website","url":"https:\/\/kunmedierne.dk\/mors\/","name":"Mors","description":"et netmedie med journalistik om livet p\u00e5 Mors","publisher":{"@id":"https:\/\/kunmedierne.dk\/mors\/#organization"},"potentialAction":[{"@type":"SearchAction","target":{"@type":"EntryPoint","urlTemplate":"https:\/\/kunmedierne.dk\/mors\/?s={search_term_string}"},"query-input":{"@type":"PropertyValueSpecification","valueRequired":true,"valueName":"search_term_string"}}],"inLanguage":"da-DK"},{"@type":"Organization","@id":"https:\/\/kunmedierne.dk\/mors\/#organization","name":"Mors","url":"https:\/\/kunmedierne.dk\/mors\/","logo":{"@type":"ImageObject","inLanguage":"da-DK","@id":"https:\/\/kunmedierne.dk\/mors\/#\/schema\/logo\/image\/","url":"https:\/\/kunmedierne.dk\/mors\/wp-content\/uploads\/2024\/08\/kunmors-logo.svg","contentUrl":"https:\/\/kunmedierne.dk\/mors\/wp-content\/uploads\/2024\/08\/kunmors-logo.svg","caption":"Mors"},"image":{"@id":"https:\/\/kunmedierne.dk\/mors\/#\/schema\/logo\/image\/"}},{"@type":"Person","@id":"https:\/\/kunmedierne.dk\/mors\/#\/schema\/person\/5fe23251bf1d0abbcdc6f7896579d548","name":"David H\u00f8jmark","image":{"@type":"ImageObject","inLanguage":"da-DK","@id":"https:\/\/kunmedierne.dk\/mors\/#\/schema\/person\/image\/","url":"https:\/\/secure.gravatar.com\/avatar\/4315d6fb9ef244d729989f5f90268eb08d5bf8a3d84402f595fa194bb35784fd?s=96&d=mm&r=g","contentUrl":"https:\/\/secure.gravatar.com\/avatar\/4315d6fb9ef244d729989f5f90268eb08d5bf8a3d84402f595fa194bb35784fd?s=96&d=mm&r=g","caption":"David H\u00f8jmark"},"sameAs":["https:\/\/www.kunmedierne.dk"],"url":"https:\/\/kunmedierne.dk\/mors\/author\/david\/"}]}},"_links":{"self":[{"href":"https:\/\/kunmedierne.dk\/mors\/wp-json\/wp\/v2\/posts\/143030","targetHints":{"allow":["GET"]}}],"collection":[{"href":"https:\/\/kunmedierne.dk\/mors\/wp-json\/wp\/v2\/posts"}],"about":[{"href":"https:\/\/kunmedierne.dk\/mors\/wp-json\/wp\/v2\/types\/post"}],"author":[{"embeddable":true,"href":"https:\/\/kunmedierne.dk\/mors\/wp-json\/wp\/v2\/users\/8"}],"replies":[{"embeddable":true,"href":"https:\/\/kunmedierne.dk\/mors\/wp-json\/wp\/v2\/comments?post=143030"}],"version-history":[{"count":9,"href":"https:\/\/kunmedierne.dk\/mors\/wp-json\/wp\/v2\/posts\/143030\/revisions"}],"predecessor-version":[{"id":143051,"href":"https:\/\/kunmedierne.dk\/mors\/wp-json\/wp\/v2\/posts\/143030\/revisions\/143051"}],"wp:attachment":[{"href":"https:\/\/kunmedierne.dk\/mors\/wp-json\/wp\/v2\/media?parent=143030"}],"wp:term":[{"taxonomy":"category","embeddable":true,"href":"https:\/\/kunmedierne.dk\/mors\/wp-json\/wp\/v2\/categories?post=143030"},{"taxonomy":"post_tag","embeddable":true,"href":"https:\/\/kunmedierne.dk\/mors\/wp-json\/wp\/v2\/tags?post=143030"}],"curies":[{"name":"wp","href":"https:\/\/api.w.org\/{rel}","templated":true}]}}