{"id":142499,"date":"2025-03-28T18:17:03","date_gmt":"2025-03-28T17:17:03","guid":{"rendered":"https:\/\/kunmedierne.dk\/mors\/?p=142499"},"modified":"2025-03-29T13:36:17","modified_gmt":"2025-03-29T12:36:17","slug":"frivilligfesten-2025-kristian-oestergaard-hansen-blev-aarets-frivillig","status":"publish","type":"post","link":"https:\/\/kunmedierne.dk\/mors\/frivilligfesten-2025-kristian-oestergaard-hansen-blev-aarets-frivillig\/","title":{"rendered":"<span>Frivilligfesten 2025: <\/span>Kristian \u00d8stergaard Hansen blev \u00c5rets Frivillig"},"content":{"rendered":"<blockquote>\n<h5>Denne side bliver opdateret med artikler om Frivilligfesten 2025 i Sparekassen Thy Arena Mors. Scroll ned ad siden og find de forskellige artikler &#8211; de nyeste \u00f8verst.<\/h5>\n<h5>P\u00e5 siden nu:<br \/>\nKristian \u00d8stergaard Hansen blev \u00c5rets Frivillig<br \/>\nJens Sm\u00e6rup S\u00f8rensen k\u00e5ret som \u00c5rets Kunstner<br \/>\nFlot h\u00e6der til HF Mors<br \/>\nLasse Krogh Bruun er \u00e5rets ungleder<br \/>\nFesten er i gang<\/h5>\n<\/blockquote>\n<p>&nbsp;<\/p>\n<hr \/>\n<a class=\"dvrt-link\" onClick=\"cdmtrack_click(104778,jQuery(this));return false\" href=\"https:\/\/vester-begr.dk\/?gclid=CjwKCAjw5Kv7BRBSEiwAXGDElQB6WMfm9CgYVrruty-I1gaOkTkC3mlA4QRDtYNsxYgVC8sNzAJ7WhoCmBsQAvD_BwE\"><img decoding=\"async\" style=\"width:100%;\" src=\"https:\/\/kunmedierne.dk\/mors\/wp-content\/uploads\/2023\/10\/260203VesterHoukaer-02022026.jpg\"><\/a><script>cdmtrack_view(104778);<\/script>\n<h2>Kristian \u00d8stergaard Hansen blev \u00c5rets Frivillig<\/h2>\n<h4>Ildsj\u00e6len fra Sejerslev fik den store pris p\u00e5 Frivilligfesten 2025.<\/h4>\n<h5>Af David H\u00f8jmark &#8211; 28. marts 2025 kl. 21.53<\/h5>\n<p><strong>FRIVILLIGFESTEN<\/strong>: Den st\u00f8rste h\u00e6der under Frivilligfesten 2025 gik til Sejerslev.<\/p>\n<p>Her g\u00f8r Kristian \u00d8stergaard Hansen en forskel for mange omkring sig og er alene med sine omfattende bidrag p\u00e5 forskellige omr\u00e5der prototypen p\u00e5 en frivillig ildsj\u00e6l.<\/p>\n<a class=\"dvrt-link\" onClick=\"cdmtrack_click(104778,jQuery(this));return false\" href=\"https:\/\/vester-begr.dk\/?gclid=CjwKCAjw5Kv7BRBSEiwAXGDElQB6WMfm9CgYVrruty-I1gaOkTkC3mlA4QRDtYNsxYgVC8sNzAJ7WhoCmBsQAvD_BwE\"><img decoding=\"async\" style=\"width:100%;\" src=\"https:\/\/kunmedierne.dk\/mors\/wp-content\/uploads\/2023\/10\/260203VesterHoukaer-02022026.jpg\"><\/a><script>cdmtrack_view(104778);<\/script>\n<p>Det f\u00f8rte til jubel og anerkendelse i Sparekassen Thy Arena Mors, hvor sp\u00e6ndingen sidst p\u00e5 fredag aften tog til, mens man var n\u00e5et til kulminationen p\u00e5 fire timers underholdning.<\/p>\n<p>Prisen som \u00c5rets Frivillig har igennem \u00e5rene vakt gl\u00e6de og stolthed hos modtagerne &#8211; men ofte ogs\u00e5 ydmyg taknemmelighed. Det sidste var ogs\u00e5 tilf\u00e6ldet hos Kristian \u00d8stergaard Hansen, da konferencier Morten Ankerdal bad ham s\u00e6tte ord p\u00e5, hvad titlen som \u00c5rets Frivillig bet\u00f8d for ham.<\/p>\n<p>&#8211; Den er jeg glad ved, men der s\u00e5 mange fra Mors, der fortjener den, sagde han, da konfettien var dalet ned p\u00e5 gulvet i arenaen, hvor 550 mennesker lige inden afsl\u00f8ringen havde dannet trommehvirvel.<\/p>\n<a class=\"dvrt-link\" onClick=\"cdmtrack_click(104778,jQuery(this));return false\" href=\"https:\/\/vester-begr.dk\/?gclid=CjwKCAjw5Kv7BRBSEiwAXGDElQB6WMfm9CgYVrruty-I1gaOkTkC3mlA4QRDtYNsxYgVC8sNzAJ7WhoCmBsQAvD_BwE\"><img decoding=\"async\" style=\"width:100%;\" src=\"https:\/\/kunmedierne.dk\/mors\/wp-content\/uploads\/2023\/10\/260203VesterHoukaer-02022026.jpg\"><\/a><script>cdmtrack_view(104778);<\/script>\n<p>Nomineringen af Kristian \u00d8stergaard Hansen lyder:<\/p>\n<p>&#8220;Kristian er frivillig for hele Nordmors og med en indsats, som beskrives som langt ud over, hvad man kan forvente. Kristian stiller altid op med en hj\u00e6lpende h\u00e5nd, uanset om det er morgen, aften eller weekend. Han har blandt andet lagt et k\u00e6mpe arbejde i Nordmors Hallen, i tilbygningen til den nye festsal og motionscentret, i idr\u00e6tsforeningen, p\u00e5 Naturfriskolen og i Naturb\u00f8rnehuset. Han er fast hj\u00e6lper, n\u00e5r beboerforeningen pynter og arrangerer \u00e5ret rundt, n\u00e5r badebroen skal op, og n\u00e5r Gadek\u00e6ret skal passes. Kristian er ikke l\u00e6ngere medlem af IF Nordmors, men det er der ingen, der har opdaget, for han hj\u00e6lper stadig.&#8221;<\/p>\n<p>De to \u00f8vrige nominerede til prisen som \u00c5rets Frivillig var Birthe Jensen fra NIF og Jytte S\u00f8ndergaard fra \u00d8ster Assels.<\/p>\n<p>L\u00e6s mere om Frivilligfesten p\u00e5 KunMors l\u00f8rdag.<\/p>\n<hr \/>\n<a class=\"dvrt-link\" onClick=\"cdmtrack_click(104778,jQuery(this));return false\" href=\"https:\/\/vester-begr.dk\/?gclid=CjwKCAjw5Kv7BRBSEiwAXGDElQB6WMfm9CgYVrruty-I1gaOkTkC3mlA4QRDtYNsxYgVC8sNzAJ7WhoCmBsQAvD_BwE\"><img decoding=\"async\" style=\"width:100%;\" src=\"https:\/\/kunmedierne.dk\/mors\/wp-content\/uploads\/2023\/10\/260203VesterHoukaer-02022026.jpg\"><\/a><script>cdmtrack_view(104778);<\/script>\n<p>&nbsp;<\/p>\n<h2>Jens Sm\u00e6rup S\u00f8rensen k\u00e5ret som \u00c5rets Kunstner<\/h2>\n<h4>Den 78-\u00e5rige forfatter fik flot hyldest under Frivilligfesten 2025.<\/h4>\n<h5>Af David H\u00f8jmark &#8211; 28. marts 2025 kl. 21.39<\/h5>\n<p><strong>FRIVILLIGFESTEN<\/strong>: Priser, legater og k\u00e5ringer har igennem et halvt \u00e5rhundrede v\u00e6ret en tilbagevendende del af Jens Sm\u00e6rup S\u00f8rensens tilv\u00e6relse. Fredag aften fik Jens Sm\u00e6rup S\u00f8rensen endnu en h\u00e6der.<\/p>\n<p>Under Frivilligfesten 2025 blev den lokale forfatter k\u00e5ret som \u00c5rets Kunstner 2023-24. Det skete foran en fyldt arena, der<\/p>\n<p>Tore M\u00fcller, udvalgsformand for b\u00f8rn, kultur og turisme, overrakte prisen, der tidligere er g\u00e5et til Knud S\u00f8rensen, Erik Heide, Gitte R\u00f8ntved og Kirsten Klein.<\/p>\n<p>Inden han afsl\u00f8rede Jens Sm\u00e6rup S\u00f8rensen som modtager, beskrev han forfatteren som &#8220;en af Danmarks mest markante forfattere og en vigtig stemme for Mors&#8221; &#8211; s\u00e6rligt i urolige tider som nu.<\/p>\n<a class=\"dvrt-link\" onClick=\"cdmtrack_click(116504,jQuery(this));return false\" href=\"https:\/\/www.nybolig.dk\/ejendomsmaeglere\/nordvestjylland\/nybolig-morsoe-nykoebing-mors\"><img decoding=\"async\" style=\"width:100%;\" src=\"https:\/\/kunmedierne.dk\/mors\/wp-content\/uploads\/2024\/04\/250825Nybolig.jpg\"><\/a><script>cdmtrack_view(116504);<\/script>\n<p>Jens Sm\u00e6rup S\u00f8rensen takkede for prisen og beskrev sig selv som ikke rigtig morsingbo.<\/p>\n<p>&#8211; Men jeg kan sige, at jeg i hele mit liv har \u00f8nsket at blive det &#8211; lige fra jeg var ganske lille, sagde han og fortalte om barndomsminder med ferieophold p\u00e5 \u00f8en, hvor han fik s\u00e5 forskellige oplevelser som at muge ud i svinestald og at v\u00e6re med til at dekorere en kransekage.<\/p>\n<p>Senere overgav han sig endeligt, og efter en halv snes \u00e5r i udlandet slog han sig ned p\u00e5 \u00f8en, hvor han har boet det meste af sit liv.<\/p>\n<p>KunMors m\u00f8dte i december 2023 den popul\u00e6re forfatter. Det kan du l\u00e6se om i <a href=\"https:\/\/kunmedierne.dk\/mors\/podcast-et-unikt-interview-med-forfatter-jens-smaerup-soerensen\/\" target=\"_blank\" rel=\"noopener\">denne artikel<\/a>, og p\u00e5 linket herunder kan du h\u00f8re hele interviewet med Jens Sm\u00e6rup S\u00f8rensen.<\/p>\n<h3>L\u00c6S OGS\u00c5:<\/h3>\n<h5><a href=\"https:\/\/kunmedierne.dk\/mors\/podcast-et-unikt-interview-med-forfatter-jens-smaerup-soerensen\/\" target=\"_blank\" rel=\"noopener\">Portr\u00e6t: Et unikt interview med forfatter Jens Sm\u00e6rup S\u00f8rensen<\/a><\/h5>\n<hr \/>\n<a class=\"dvrt-link\" onClick=\"cdmtrack_click(104780,jQuery(this));return false\" href=\"https:\/\/www.spard.dk\/\"><img decoding=\"async\" style=\"width:100%;\" src=\"https:\/\/kunmedierne.dk\/mors\/wp-content\/uploads\/2023\/12\/sparekassen-dk-maj25.gif\"><\/a><script>cdmtrack_view(104780);<\/script>\n<h2><\/h2>\n<h2>Flot h\u00e6der til HF Mors<\/h2>\n<h4>H\u00e5ndboldklubben fra Nyk\u00f8bing tog titlen som \u00c5rets Forening.<\/h4>\n<h5>Af David H\u00f8jmark &#8211; 28. marts 2025 kl. 20.42<\/h5>\n<p><strong>FRIVILLIGFESTEN<\/strong>: De dyrker en sport, hvor pr\u00e6stationer lader sig m\u00e5le p\u00e5 resultater. Fredag aften fik de en en hyldest, der omfavner al indsatsen uden for banen.<\/p>\n<p>For HF Mors blev k\u00e5ret som \u00c5rets Forening, da Frivilligfesten 2025 b\u00f8d p\u00e5 k\u00e5ring nummer to. Sammen med Bio Mors og Skolepatruljen ved M.C. Holms Skole var h\u00e5ndboldklubben nomineret i den \u00e6refulde kategori, s\u00e5 det var en glad delegation, der gik p\u00e5 scenen og tog imod hyldesten fra salen.<\/p>\n<a class=\"dvrt-link\" onClick=\"cdmtrack_click(104783,jQuery(this));return false\" href=\"https:\/\/konpap.dk\/\"><img decoding=\"async\" style=\"width:100%;\" src=\"https:\/\/kunmedierne.dk\/mors\/wp-content\/uploads\/2023\/10\/Kun-Mors-banner.jpg\"><\/a><script>cdmtrack_view(104783);<\/script>\n<p>Stemningen i klubben, sammenholdet og alt det sjove blev fremh\u00e6vet som \u00e5rsag til succesen. Og formand Jesper Hyldig huskede at sende roserne til dem, der g\u00f8r fodarbejdet, da han fik mikrofonen og takkede p\u00e5 vegne af bestyrelsen.<\/p>\n<p>&#8211; De frivillige tr\u00e6nere og ledere, vi har, er fantastiske. Vi er med til at s\u00e6tte fundamentet, s\u00e5 de kan udf\u00f8re det, men det er dem ude p\u00e5 gulvet, der laver det h\u00e5rde arbejde, sagde han.<\/p>\n<a class=\"dvrt-link\" onClick=\"cdmtrack_click(104778,jQuery(this));return false\" href=\"https:\/\/vester-begr.dk\/?gclid=CjwKCAjw5Kv7BRBSEiwAXGDElQB6WMfm9CgYVrruty-I1gaOkTkC3mlA4QRDtYNsxYgVC8sNzAJ7WhoCmBsQAvD_BwE\"><img decoding=\"async\" style=\"width:100%;\" src=\"https:\/\/kunmedierne.dk\/mors\/wp-content\/uploads\/2023\/10\/260203VesterHoukaer-02022026.jpg\"><\/a><script>cdmtrack_view(104778);<\/script>\n<p>Nomineringen af HF Mors lyder:<\/p>\n<p>&#8220;HF Mors er en klub, hvor der er plads til alle, og som viser, at b\u00e5de elite og bredde kan fungere side om side i bedste velg\u00e5ende.<strong>\u00a0<\/strong>Klubben<strong>\u00a0<\/strong>st\u00e5r bag mange aktiviteter til gl\u00e6de for medlemmer og \u00f8ens \u00f8vrige h\u00e5ndboldinteresserede og er vokset i antal medlemmer i b\u00e5de 2023 og 2024. HF Mors skaber idr\u00e6t og muligheder for en rigtig bred vifte af b\u00f8rn og unge og g\u00f8r det ogs\u00e5 muligt for dem, der deltager i Special Olympics og Lykkeliga (sammen med VIF). De seneste \u00e5r har klubben ogs\u00e5 f\u00e5et mere end 20 unge tr\u00e6nere med p\u00e5 gulvet, hvor de er med-tr\u00e6nere for nogle af de yngre \u00e5rgange.&#8221;<\/p>\n<p>Efter kaffepause og show med Jonas Mogensen venter de to sidste afsl\u00f8ringer af priser til Frivilligfesten 2025: \u00c5rets Kunstner og \u00c5rets Frivillig.<\/p>\n<hr \/>\n<a class=\"dvrt-link\" onClick=\"cdmtrack_click(113414,jQuery(this));return false\" href=\"https:\/\/www.p-soerensen.dk\/\"><img decoding=\"async\" style=\"width:100%;\" src=\"https:\/\/kunmedierne.dk\/mors\/wp-content\/uploads\/2024\/03\/p-soerensen-juni25.jpg\"><\/a><script>cdmtrack_view(113414);<\/script>\n<p>&nbsp;<\/p>\n<h2>Lasse Krogh Bruun er \u00c5rets Ungleder<\/h2>\n<h4>Badmintontr\u00e6neren fra Sundby fik aftenens f\u00f8rste h\u00e6der.<\/h4>\n<h5>Af David H\u00f8jmark &#8211; 28. marts 2025 kl. 18.46<\/h5>\n<p><strong>FRIVILLIGFESTEN<\/strong>: Den f\u00f8rste k\u00e5ring i Frivilligfesten 2025 er p\u00e5 plads.<\/p>\n<p>Den tilfaldt Lasse Krogh Bruun, badmintontr\u00e6ner fra Sundby, der har v\u00e6ret med til at give badminton i Midtmors Sport et boost. Han blev k\u00e5ret som \u00c5rets Ungleder 2023-24.<\/p>\n<p>Lisbeth Yde, der sammen med Poul Overgaard overrakte prisen, kunne efter at have hyldet frivillige kr\u00e6fter generelt fremh\u00e6ve den unge morsingbo med ordene:<\/p>\n<p>&#8211; En der er en tydelig rollemodel i den lokale forening. Som udviser et fantastisk overskud i hverdagen og g\u00e5r forrest, n\u00e5r det er n\u00f8dvendigt. Og som er klar til at l\u00f8fte for f\u00e6llesskabet og som i den grad bidrager til, at foreningslivet blomstrer.<\/p>\n<a class=\"dvrt-link\" onClick=\"cdmtrack_click(104785,jQuery(this));return false\" href=\"https:\/\/www.facebook.com\/lyndrups\"><img decoding=\"async\" style=\"width:100%;\" src=\"https:\/\/kunmedierne.dk\/mors\/wp-content\/uploads\/2022\/02\/vip-lyndrups-rengoering.jpg\"><\/a><script>cdmtrack_view(104785);<\/script>\n<p>Inden afsl\u00f8ringen af navnet blev Lasse Krogh Bruun ogs\u00e5 fremh\u00e6vet for blandt andet sit \u00e6rlige og rolige gymyt &#8211; og for sin dedikation til b\u00e5de sporten og tr\u00e6nerrollen.<\/p>\n<p>Det fik man et eksempel p\u00e5, da Morten Ankerdal gav ham en ekstra gave oven i h\u00e6deren og overrakte Lasse Krogh Bruun en billet til et foredrag med badmintonstjernen Victor Axelsen. P\u00e5 sp\u00f8rgsm\u00e5let, om han har tid til at overv\u00e6re det, gav Lasse Krogh Bruun et positivt svar med tilf\u00f8jelsen:<\/p>\n<p>&#8211; Jeg skal have nogen til at tage min vagt.<\/p>\n<hr \/>\n<a class=\"dvrt-link\" onClick=\"cdmtrack_click(104779,jQuery(this));return false\" href=\"https:\/\/morsoe-begravelsesforretning.dk\/\"><img decoding=\"async\" style=\"width:100%;\" src=\"https:\/\/kunmedierne.dk\/mors\/wp-content\/uploads\/2023\/11\/251215-morsoe-begravelsesforretning.jpg\"><\/a><script>cdmtrack_view(104779);<\/script>\n<h2><\/h2>\n<h2>Festen er i gang<\/h2>\n<h4>Klokken 18 begyndte fejringen af de frivillige p\u00e5 \u00f8en, hvor man er bedst i Danmark til netop det at v\u00e6re frivillig.<\/h4>\n<h5>Af David H\u00f8jmark &#8211; 28. marts 2025 kl. 18.16<\/h5>\n<p><strong>FRIVILLIGFESTEN<\/strong>: En stor aften i Sparekassen Thy Arena Mors er i gang.<\/p>\n<p>Klokken 18 b\u00f8d konferencier Morten Ankerdal velkommen til fire timer med underholdning, hygge og k\u00e5ring af frivillige kr\u00e6fter.<\/p>\n<p>&#8211; Det at hylde de frivillige kan n\u00e6sten ikke undervurderes, sagde han og mindede om, at det intet sted i Danmark er mere relevant at g\u00f8re det end p\u00e5 Mors, hvor man har dokumentation for at v\u00e6re s\u00e6rlig god til det at v\u00e6re frivillig.<\/p>\n<a class=\"dvrt-link\" onClick=\"cdmtrack_click(104780,jQuery(this));return false\" href=\"https:\/\/www.spard.dk\/\"><img decoding=\"async\" style=\"width:100%;\" src=\"https:\/\/kunmedierne.dk\/mors\/wp-content\/uploads\/2023\/12\/sparekassen-dk-maj25.gif\"><\/a><script>cdmtrack_view(104780);<\/script>\n<p>Det handler selvf\u00f8lgelig om <a href=\"https:\/\/kunmedierne.dk\/mors\/morsingboerne-er-danmarksmestre-i-frivillighed\/\" target=\"_blank\" rel=\"noopener\">den unders\u00f8gelse<\/a>, der i september k\u00e5rede Mors\u00f8 Kommune som den kommune i landet med den h\u00f8jeste andel af frivillige. En detalje, borgmester Hans Ejner Bertelsen (V) ogs\u00e5 tog fat i.<\/p>\n<p>&#8211; Det vidste vi jo egentlig godt i al vores vestjyske beskedenhed, sagde han og opfordrede &#8211; lige som Morten Ankerdal lige havde gjort det &#8211; forsamlingen til at hylde sig selv med en klapsalve.<\/p>\n<p>&#8211; Det er en bedrift, vi med rette kan v\u00e6re stolte af, og i aften skal vi m\u00f8de og hylde nogle af alle dem, der understreger den flotte titel, l\u00f8d det inden forventningen om en rigtig god fredag aften.<\/p>\n<p>&#8211; Det er s\u00e5dan en aften, vi gl\u00e6der os ekstra over at v\u00e6re morsingboer, sagde Hans Ejner Bertelsen.<\/p>\n","protected":false},"excerpt":{"rendered":"<p>Denne side bliver opdateret med artikler om Frivilligfesten 2025 i Sparekassen Thy Arena Mors. Scroll ned ad siden og find de forskellige artikler &#8211; de nyeste \u00f8verst. P\u00e5 siden nu: Kristian \u00d8stergaard Hansen blev \u00c5rets Frivillig Jens Sm\u00e6rup S\u00f8rensen k\u00e5ret som \u00c5rets Kunstner Flot h\u00e6der til HF Mors Lasse Krogh Bruun er \u00e5rets ungleder Festen [&hellip;]<\/p>\n","protected":false},"author":747,"featured_media":0,"comment_status":"closed","ping_status":"closed","sticky":false,"template":"","format":"standard","meta":{"_acf_changed":false,"footnotes":""},"categories":[51],"tags":[196],"class_list":["post-142499","post","type-post","status-publish","format-standard","hentry","category-lokalt","tag-foreningsliv"],"acf":[],"yoast_head":"<!-- This site is optimized with the Yoast SEO plugin v26.8 - https:\/\/yoast.com\/product\/yoast-seo-wordpress\/ -->\n<title>Frivilligfesten 2025: Kristian \u00d8stergaard Hansen blev \u00c5rets Frivillig - Mors<\/title>\n<meta name=\"robots\" content=\"index, follow, max-snippet:-1, max-image-preview:large, max-video-preview:-1\" \/>\n<link rel=\"canonical\" href=\"https:\/\/kunmedierne.dk\/mors\/frivilligfesten-2025-kristian-oestergaard-hansen-blev-aarets-frivillig\/\" \/>\n<meta property=\"og:locale\" content=\"da_DK\" \/>\n<meta property=\"og:type\" content=\"article\" \/>\n<meta property=\"og:title\" content=\"Frivilligfesten 2025: Kristian \u00d8stergaard Hansen blev \u00c5rets Frivillig - Mors\" \/>\n<meta property=\"og:description\" content=\"Denne side bliver opdateret med artikler om Frivilligfesten 2025 i Sparekassen Thy Arena Mors. Scroll ned ad siden og find de forskellige artikler &#8211; de nyeste \u00f8verst. P\u00e5 siden nu: Kristian \u00d8stergaard Hansen blev \u00c5rets Frivillig Jens Sm\u00e6rup S\u00f8rensen k\u00e5ret som \u00c5rets Kunstner Flot h\u00e6der til HF Mors Lasse Krogh Bruun er \u00e5rets ungleder Festen [&hellip;]\" \/>\n<meta property=\"og:url\" content=\"https:\/\/kunmedierne.dk\/mors\/frivilligfesten-2025-kristian-oestergaard-hansen-blev-aarets-frivillig\/\" \/>\n<meta property=\"og:site_name\" content=\"Mors\" \/>\n<meta property=\"article:published_time\" content=\"2025-03-28T17:17:03+00:00\" \/>\n<meta property=\"article:modified_time\" content=\"2025-03-29T12:36:17+00:00\" \/>\n<meta name=\"author\" content=\"Redaktion\" \/>\n<meta name=\"twitter:card\" content=\"summary_large_image\" \/>\n<meta name=\"twitter:label1\" content=\"Skrevet af\" \/>\n\t<meta name=\"twitter:data1\" content=\"Redaktion\" \/>\n\t<meta name=\"twitter:label2\" content=\"Estimeret l\u00e6setid\" \/>\n\t<meta name=\"twitter:data2\" content=\"8 minutter\" \/>\n<script type=\"application\/ld+json\" class=\"yoast-schema-graph\">{\"@context\":\"https:\/\/schema.org\",\"@graph\":[{\"@type\":\"Article\",\"@id\":\"https:\/\/kunmedierne.dk\/mors\/frivilligfesten-2025-kristian-oestergaard-hansen-blev-aarets-frivillig\/#article\",\"isPartOf\":{\"@id\":\"https:\/\/kunmedierne.dk\/mors\/frivilligfesten-2025-kristian-oestergaard-hansen-blev-aarets-frivillig\/\"},\"author\":{\"name\":\"Redaktion\",\"@id\":\"https:\/\/kunmedierne.dk\/mors\/#\/schema\/person\/23238f24c03ec888fff51102de5a585f\"},\"headline\":\"Frivilligfesten 2025: Kristian \u00d8stergaard Hansen blev \u00c5rets Frivillig\",\"datePublished\":\"2025-03-28T17:17:03+00:00\",\"dateModified\":\"2025-03-29T12:36:17+00:00\",\"mainEntityOfPage\":{\"@id\":\"https:\/\/kunmedierne.dk\/mors\/frivilligfesten-2025-kristian-oestergaard-hansen-blev-aarets-frivillig\/\"},\"wordCount\":1529,\"publisher\":{\"@id\":\"https:\/\/kunmedierne.dk\/mors\/#organization\"},\"keywords\":[\"Foreningsliv\"],\"articleSection\":[\"Lokalt\"],\"inLanguage\":\"da-DK\"},{\"@type\":\"WebPage\",\"@id\":\"https:\/\/kunmedierne.dk\/mors\/frivilligfesten-2025-kristian-oestergaard-hansen-blev-aarets-frivillig\/\",\"url\":\"https:\/\/kunmedierne.dk\/mors\/frivilligfesten-2025-kristian-oestergaard-hansen-blev-aarets-frivillig\/\",\"name\":\"Frivilligfesten 2025: Kristian \u00d8stergaard Hansen blev \u00c5rets Frivillig - Mors\",\"isPartOf\":{\"@id\":\"https:\/\/kunmedierne.dk\/mors\/#website\"},\"datePublished\":\"2025-03-28T17:17:03+00:00\",\"dateModified\":\"2025-03-29T12:36:17+00:00\",\"breadcrumb\":{\"@id\":\"https:\/\/kunmedierne.dk\/mors\/frivilligfesten-2025-kristian-oestergaard-hansen-blev-aarets-frivillig\/#breadcrumb\"},\"inLanguage\":\"da-DK\",\"potentialAction\":[{\"@type\":\"ReadAction\",\"target\":[\"https:\/\/kunmedierne.dk\/mors\/frivilligfesten-2025-kristian-oestergaard-hansen-blev-aarets-frivillig\/\"]}]},{\"@type\":\"BreadcrumbList\",\"@id\":\"https:\/\/kunmedierne.dk\/mors\/frivilligfesten-2025-kristian-oestergaard-hansen-blev-aarets-frivillig\/#breadcrumb\",\"itemListElement\":[{\"@type\":\"ListItem\",\"position\":1,\"name\":\"Hjem\",\"item\":\"https:\/\/kunmedierne.dk\/mors\/\"},{\"@type\":\"ListItem\",\"position\":2,\"name\":\"Frivilligfesten 2025: Kristian \u00d8stergaard Hansen blev \u00c5rets Frivillig\"}]},{\"@type\":\"WebSite\",\"@id\":\"https:\/\/kunmedierne.dk\/mors\/#website\",\"url\":\"https:\/\/kunmedierne.dk\/mors\/\",\"name\":\"Mors\",\"description\":\"et netmedie med journalistik om livet p\u00e5 Mors\",\"publisher\":{\"@id\":\"https:\/\/kunmedierne.dk\/mors\/#organization\"},\"potentialAction\":[{\"@type\":\"SearchAction\",\"target\":{\"@type\":\"EntryPoint\",\"urlTemplate\":\"https:\/\/kunmedierne.dk\/mors\/?s={search_term_string}\"},\"query-input\":{\"@type\":\"PropertyValueSpecification\",\"valueRequired\":true,\"valueName\":\"search_term_string\"}}],\"inLanguage\":\"da-DK\"},{\"@type\":\"Organization\",\"@id\":\"https:\/\/kunmedierne.dk\/mors\/#organization\",\"name\":\"Mors\",\"url\":\"https:\/\/kunmedierne.dk\/mors\/\",\"logo\":{\"@type\":\"ImageObject\",\"inLanguage\":\"da-DK\",\"@id\":\"https:\/\/kunmedierne.dk\/mors\/#\/schema\/logo\/image\/\",\"url\":\"https:\/\/kunmedierne.dk\/mors\/wp-content\/uploads\/2024\/08\/kunmors-logo.svg\",\"contentUrl\":\"https:\/\/kunmedierne.dk\/mors\/wp-content\/uploads\/2024\/08\/kunmors-logo.svg\",\"caption\":\"Mors\"},\"image\":{\"@id\":\"https:\/\/kunmedierne.dk\/mors\/#\/schema\/logo\/image\/\"}},{\"@type\":\"Person\",\"@id\":\"https:\/\/kunmedierne.dk\/mors\/#\/schema\/person\/23238f24c03ec888fff51102de5a585f\",\"name\":\"Redaktion\",\"image\":{\"@type\":\"ImageObject\",\"inLanguage\":\"da-DK\",\"@id\":\"https:\/\/kunmedierne.dk\/mors\/#\/schema\/person\/image\/\",\"url\":\"https:\/\/secure.gravatar.com\/avatar\/690249c43fd60787b97b93384a212aafd43f4087384fe866ff6bcd15574fdf55?s=96&d=mm&r=g\",\"contentUrl\":\"https:\/\/secure.gravatar.com\/avatar\/690249c43fd60787b97b93384a212aafd43f4087384fe866ff6bcd15574fdf55?s=96&d=mm&r=g\",\"caption\":\"Redaktion\"},\"url\":\"https:\/\/kunmedierne.dk\/mors\/author\/redaktion\/\"}]}<\/script>\n<!-- \/ Yoast SEO plugin. -->","yoast_head_json":{"title":"Frivilligfesten 2025: Kristian \u00d8stergaard Hansen blev \u00c5rets Frivillig - Mors","robots":{"index":"index","follow":"follow","max-snippet":"max-snippet:-1","max-image-preview":"max-image-preview:large","max-video-preview":"max-video-preview:-1"},"canonical":"https:\/\/kunmedierne.dk\/mors\/frivilligfesten-2025-kristian-oestergaard-hansen-blev-aarets-frivillig\/","og_locale":"da_DK","og_type":"article","og_title":"Frivilligfesten 2025: Kristian \u00d8stergaard Hansen blev \u00c5rets Frivillig - Mors","og_description":"Denne side bliver opdateret med artikler om Frivilligfesten 2025 i Sparekassen Thy Arena Mors. Scroll ned ad siden og find de forskellige artikler &#8211; de nyeste \u00f8verst. P\u00e5 siden nu: Kristian \u00d8stergaard Hansen blev \u00c5rets Frivillig Jens Sm\u00e6rup S\u00f8rensen k\u00e5ret som \u00c5rets Kunstner Flot h\u00e6der til HF Mors Lasse Krogh Bruun er \u00e5rets ungleder Festen [&hellip;]","og_url":"https:\/\/kunmedierne.dk\/mors\/frivilligfesten-2025-kristian-oestergaard-hansen-blev-aarets-frivillig\/","og_site_name":"Mors","article_published_time":"2025-03-28T17:17:03+00:00","article_modified_time":"2025-03-29T12:36:17+00:00","author":"Redaktion","twitter_card":"summary_large_image","twitter_misc":{"Skrevet af":"Redaktion","Estimeret l\u00e6setid":"8 minutter"},"schema":{"@context":"https:\/\/schema.org","@graph":[{"@type":"Article","@id":"https:\/\/kunmedierne.dk\/mors\/frivilligfesten-2025-kristian-oestergaard-hansen-blev-aarets-frivillig\/#article","isPartOf":{"@id":"https:\/\/kunmedierne.dk\/mors\/frivilligfesten-2025-kristian-oestergaard-hansen-blev-aarets-frivillig\/"},"author":{"name":"Redaktion","@id":"https:\/\/kunmedierne.dk\/mors\/#\/schema\/person\/23238f24c03ec888fff51102de5a585f"},"headline":"Frivilligfesten 2025: Kristian \u00d8stergaard Hansen blev \u00c5rets Frivillig","datePublished":"2025-03-28T17:17:03+00:00","dateModified":"2025-03-29T12:36:17+00:00","mainEntityOfPage":{"@id":"https:\/\/kunmedierne.dk\/mors\/frivilligfesten-2025-kristian-oestergaard-hansen-blev-aarets-frivillig\/"},"wordCount":1529,"publisher":{"@id":"https:\/\/kunmedierne.dk\/mors\/#organization"},"keywords":["Foreningsliv"],"articleSection":["Lokalt"],"inLanguage":"da-DK"},{"@type":"WebPage","@id":"https:\/\/kunmedierne.dk\/mors\/frivilligfesten-2025-kristian-oestergaard-hansen-blev-aarets-frivillig\/","url":"https:\/\/kunmedierne.dk\/mors\/frivilligfesten-2025-kristian-oestergaard-hansen-blev-aarets-frivillig\/","name":"Frivilligfesten 2025: Kristian \u00d8stergaard Hansen blev \u00c5rets Frivillig - Mors","isPartOf":{"@id":"https:\/\/kunmedierne.dk\/mors\/#website"},"datePublished":"2025-03-28T17:17:03+00:00","dateModified":"2025-03-29T12:36:17+00:00","breadcrumb":{"@id":"https:\/\/kunmedierne.dk\/mors\/frivilligfesten-2025-kristian-oestergaard-hansen-blev-aarets-frivillig\/#breadcrumb"},"inLanguage":"da-DK","potentialAction":[{"@type":"ReadAction","target":["https:\/\/kunmedierne.dk\/mors\/frivilligfesten-2025-kristian-oestergaard-hansen-blev-aarets-frivillig\/"]}]},{"@type":"BreadcrumbList","@id":"https:\/\/kunmedierne.dk\/mors\/frivilligfesten-2025-kristian-oestergaard-hansen-blev-aarets-frivillig\/#breadcrumb","itemListElement":[{"@type":"ListItem","position":1,"name":"Hjem","item":"https:\/\/kunmedierne.dk\/mors\/"},{"@type":"ListItem","position":2,"name":"Frivilligfesten 2025: Kristian \u00d8stergaard Hansen blev \u00c5rets Frivillig"}]},{"@type":"WebSite","@id":"https:\/\/kunmedierne.dk\/mors\/#website","url":"https:\/\/kunmedierne.dk\/mors\/","name":"Mors","description":"et netmedie med journalistik om livet p\u00e5 Mors","publisher":{"@id":"https:\/\/kunmedierne.dk\/mors\/#organization"},"potentialAction":[{"@type":"SearchAction","target":{"@type":"EntryPoint","urlTemplate":"https:\/\/kunmedierne.dk\/mors\/?s={search_term_string}"},"query-input":{"@type":"PropertyValueSpecification","valueRequired":true,"valueName":"search_term_string"}}],"inLanguage":"da-DK"},{"@type":"Organization","@id":"https:\/\/kunmedierne.dk\/mors\/#organization","name":"Mors","url":"https:\/\/kunmedierne.dk\/mors\/","logo":{"@type":"ImageObject","inLanguage":"da-DK","@id":"https:\/\/kunmedierne.dk\/mors\/#\/schema\/logo\/image\/","url":"https:\/\/kunmedierne.dk\/mors\/wp-content\/uploads\/2024\/08\/kunmors-logo.svg","contentUrl":"https:\/\/kunmedierne.dk\/mors\/wp-content\/uploads\/2024\/08\/kunmors-logo.svg","caption":"Mors"},"image":{"@id":"https:\/\/kunmedierne.dk\/mors\/#\/schema\/logo\/image\/"}},{"@type":"Person","@id":"https:\/\/kunmedierne.dk\/mors\/#\/schema\/person\/23238f24c03ec888fff51102de5a585f","name":"Redaktion","image":{"@type":"ImageObject","inLanguage":"da-DK","@id":"https:\/\/kunmedierne.dk\/mors\/#\/schema\/person\/image\/","url":"https:\/\/secure.gravatar.com\/avatar\/690249c43fd60787b97b93384a212aafd43f4087384fe866ff6bcd15574fdf55?s=96&d=mm&r=g","contentUrl":"https:\/\/secure.gravatar.com\/avatar\/690249c43fd60787b97b93384a212aafd43f4087384fe866ff6bcd15574fdf55?s=96&d=mm&r=g","caption":"Redaktion"},"url":"https:\/\/kunmedierne.dk\/mors\/author\/redaktion\/"}]}},"_links":{"self":[{"href":"https:\/\/kunmedierne.dk\/mors\/wp-json\/wp\/v2\/posts\/142499","targetHints":{"allow":["GET"]}}],"collection":[{"href":"https:\/\/kunmedierne.dk\/mors\/wp-json\/wp\/v2\/posts"}],"about":[{"href":"https:\/\/kunmedierne.dk\/mors\/wp-json\/wp\/v2\/types\/post"}],"author":[{"embeddable":true,"href":"https:\/\/kunmedierne.dk\/mors\/wp-json\/wp\/v2\/users\/747"}],"replies":[{"embeddable":true,"href":"https:\/\/kunmedierne.dk\/mors\/wp-json\/wp\/v2\/comments?post=142499"}],"version-history":[{"count":16,"href":"https:\/\/kunmedierne.dk\/mors\/wp-json\/wp\/v2\/posts\/142499\/revisions"}],"predecessor-version":[{"id":142528,"href":"https:\/\/kunmedierne.dk\/mors\/wp-json\/wp\/v2\/posts\/142499\/revisions\/142528"}],"wp:attachment":[{"href":"https:\/\/kunmedierne.dk\/mors\/wp-json\/wp\/v2\/media?parent=142499"}],"wp:term":[{"taxonomy":"category","embeddable":true,"href":"https:\/\/kunmedierne.dk\/mors\/wp-json\/wp\/v2\/categories?post=142499"},{"taxonomy":"post_tag","embeddable":true,"href":"https:\/\/kunmedierne.dk\/mors\/wp-json\/wp\/v2\/tags?post=142499"}],"curies":[{"name":"wp","href":"https:\/\/api.w.org\/{rel}","templated":true}]}}