{"id":141926,"date":"2025-03-21T16:46:19","date_gmt":"2025-03-21T15:46:19","guid":{"rendered":"https:\/\/kunmedierne.dk\/mors\/?p=141926"},"modified":"2025-03-21T15:47:54","modified_gmt":"2025-03-21T14:47:54","slug":"tryghed-er-noegleordet-for-mors-en-inkarneret-morsingbo-og-en-tilflytter-fortaeller-om-deres-forhold-til-oeen","status":"publish","type":"post","link":"https:\/\/kunmedierne.dk\/mors\/tryghed-er-noegleordet-for-mors-en-inkarneret-morsingbo-og-en-tilflytter-fortaeller-om-deres-forhold-til-oeen\/","title":{"rendered":"Tryghed er n\u00f8gleordet for Mors: En inkarneret morsingbo og en tilflytter fort\u00e6ller om deres forhold til \u00f8en"},"content":{"rendered":"<p><b><span data-contrast=\"auto\">NYK\u00d8BING:<\/span><\/b><span data-contrast=\"auto\"> Karen og Malou g\u00e5r begge i 1.s p\u00e5 Mors\u00f8 Gymnasium. Lige nu sidder de i et lokale bag en gr\u00f8n d\u00f8r. Ved siden af er resten af klassen i gang med at fremkalde billeder p\u00e5 deres anden workshopdag med Luca Berti \u2013 en italiensk fotograf, der har cyklet rundt p\u00e5 Mors for at tage billeder af landskabet og morsingboerne.<\/span><span data-ccp-props=\"{&quot;134233117&quot;:false,&quot;134233118&quot;:false,&quot;335551550&quot;:0,&quot;335551620&quot;:0,&quot;335559738&quot;:0,&quot;335559739&quot;:240}\">\u00a0<\/span><\/p>\n<a class=\"dvrt-link\" onClick=\"cdmtrack_click(104785,jQuery(this));return false\" href=\"https:\/\/www.facebook.com\/lyndrups\"><img decoding=\"async\" style=\"width:100%;\" src=\"https:\/\/kunmedierne.dk\/mors\/wp-content\/uploads\/2022\/02\/vip-lyndrups-rengoering.jpg\"><\/a><script>cdmtrack_view(104785);<\/script>\n<p><span data-contrast=\"auto\">Karen Bovbjerg S\u00f8rensen, 16 \u00e5r, sidder i en af de bl\u00f8de, gr\u00e5 stole. Ved siden af hende sidder j\u00e6vnaldrende Malou Andersen.<\/span><span data-ccp-props=\"{&quot;134233117&quot;:false,&quot;134233118&quot;:false,&quot;335551550&quot;:0,&quot;335551620&quot;:0,&quot;335559738&quot;:240,&quot;335559739&quot;:240}\">\u00a0<\/span><\/p>\n<p><span data-contrast=\"auto\">\u00a0<\/span><span data-ccp-props=\"{&quot;134233117&quot;:false,&quot;134233118&quot;:false,&quot;335551550&quot;:0,&quot;335551620&quot;:0,&quot;335559738&quot;:240,&quot;335559739&quot;:240}\">\u00a0<\/span><\/p>\n<p><b><span data-contrast=\"auto\">Flere generationer p\u00e5 Mors \u2013 og f\u00e5 m\u00e5neder p\u00e5 Mors<\/span><\/b><span data-ccp-props=\"{&quot;134233117&quot;:false,&quot;134233118&quot;:false,&quot;335551550&quot;:0,&quot;335551620&quot;:0,&quot;335559738&quot;:240,&quot;335559739&quot;:240}\">\u00a0<\/span><\/p>\n<p><span data-contrast=\"auto\">Karen bor p\u00e5 en g\u00e5rd med mange dyr og sin familie. Hun fort\u00e6ller om sin opv\u00e6kst:<\/span><span data-ccp-props=\"{&quot;134233117&quot;:false,&quot;134233118&quot;:false,&quot;335551550&quot;:0,&quot;335551620&quot;:0,&quot;335559738&quot;:240,&quot;335559739&quot;:240}\">\u00a0<\/span><\/p>\n<p><span data-contrast=\"auto\">\u2013 Jeg har altid v\u00e6ret vant til at have en masse venner p\u00e5 \u00f8en \u2013 fra skolen og mine fritidsaktiviteter. Det, jeg rigtig godt kan lide ved Mors, er naturen. Jeg bor lige op ad en skov, s\u00e5 det har jeg masser af.<\/span><span data-ccp-props=\"{&quot;134233117&quot;:false,&quot;134233118&quot;:false,&quot;335551550&quot;:0,&quot;335551620&quot;:0,&quot;335559738&quot;:240,&quot;335559739&quot;:240}\">\u00a0<\/span><\/p>\n<p><span data-contrast=\"auto\">Der er meget, Karen s\u00e6tter pris p\u00e5 ved at bo p\u00e5 Mors \u2013 is\u00e6r hjemmet i Legind.<\/span><span data-ccp-props=\"{&quot;134233117&quot;:false,&quot;134233118&quot;:false,&quot;335551550&quot;:0,&quot;335551620&quot;:0,&quot;335559738&quot;:240,&quot;335559739&quot;:240}\">\u00a0<\/span><\/p>\n<p><span data-contrast=\"auto\">\u2013 Jeg bor p\u00e5 en stor g\u00e5rd med heste, k\u00f8er, geder, fisk, hunde\u2026 lidt af hvert. Det er ogs\u00e5 der, jeg f\u00f8ler mig hjemme og har mine trygge rammer \u2013 ogs\u00e5 ud mod skoven. Det er virkelig et sted, jeg elsker at bruge min tid. N\u00e5r jeg kommer hjem, falder roen over mig. S\u00e5 kan jeg g\u00e5 ud i skoven og lade op, eller jeg kan g\u00e5 ud til mine heste eller geder og bare nyde det. Det betyder meget for mig.<\/span><span data-ccp-props=\"{&quot;134233117&quot;:false,&quot;134233118&quot;:false,&quot;335551550&quot;:0,&quot;335551620&quot;:0,&quot;335559738&quot;:240,&quot;335559739&quot;:240}\">\u00a0<\/span><\/p>\n<p><span data-contrast=\"auto\">Hendes familie har boet p\u00e5 Mors i generationer \u2013 helt tilbage til tipoldefor\u00e6ldrene.<\/span><span data-ccp-props=\"{&quot;134233117&quot;:false,&quot;134233118&quot;:false,&quot;335551550&quot;:0,&quot;335551620&quot;:0,&quot;335559738&quot;:240,&quot;335559739&quot;:240}\">\u00a0<\/span><\/p>\n<p><span data-contrast=\"auto\">\u2013 Jeg har virkelig et stort ophav her. Det g\u00f8r ogs\u00e5, at Mors har en s\u00e6rlig plads i mit hjerte. Det er nok s\u00e5dan et sted, jeg altid vil vende tilbage til, n\u00e5r jeg bliver \u00e6ldre.<\/span><span data-ccp-props=\"{&quot;134233117&quot;:false,&quot;134233118&quot;:false,&quot;335551550&quot;:0,&quot;335551620&quot;:0,&quot;335559738&quot;:240,&quot;335559739&quot;:240}\">\u00a0<\/span><\/p>\n<p><span data-contrast=\"auto\">Malou er derimod for nyligt flyttet til Mors \u2013 for omkring tre m\u00e5neder siden. Hun bor i et byhus i Nyk\u00f8bing Mors sammen med sin mor, efter at v\u00e6re flyttet fra Salling.<\/span><span data-ccp-props=\"{&quot;134233117&quot;:false,&quot;134233118&quot;:false,&quot;335551550&quot;:0,&quot;335551620&quot;:0,&quot;335559738&quot;:240,&quot;335559739&quot;:240}\">\u00a0<\/span><\/p>\n<p><span data-contrast=\"auto\">Hendes f\u00f8rste indtryk af Mors var, at det var et lille og lukket samfund. Som tilflytter skulle hun bruge tid p\u00e5 at blive en del af det:<\/span><span data-ccp-props=\"{&quot;134233117&quot;:false,&quot;134233118&quot;:false,&quot;335551550&quot;:0,&quot;335551620&quot;:0,&quot;335559738&quot;:240,&quot;335559739&quot;:240}\">\u00a0<\/span><\/p>\n<p><span data-contrast=\"auto\">\u2013 Det var lidt sv\u00e6rt at komme ind, synes jeg. Folk er selvf\u00f8lgelig s\u00f8de, men det har v\u00e6ret sv\u00e6rt at komme udefra. Mange er vokset op her og har boet her hele deres liv \u2013 det g\u00e6lder ofte flere generationer.<\/span><span data-ccp-props=\"{&quot;134233117&quot;:false,&quot;134233118&quot;:false,&quot;335551550&quot;:0,&quot;335551620&quot;:0,&quot;335559738&quot;:240,&quot;335559739&quot;:240}\">\u00a0<\/span><\/p>\n<p>&nbsp;<\/p>\n<p><b><span data-contrast=\"auto\">Trygheden ved et mindre gymnasium<\/span><\/b><span data-ccp-props=\"{&quot;134233117&quot;:false,&quot;134233118&quot;:false,&quot;335551550&quot;:0,&quot;335551620&quot;:0,&quot;335559738&quot;:240,&quot;335559739&quot;:240}\">\u00a0<\/span><\/p>\n<p><span data-contrast=\"auto\">For Malou er det en fordel at g\u00e5 p\u00e5 et mindre gymnasium:<\/span><span data-ccp-props=\"{&quot;134233117&quot;:false,&quot;134233118&quot;:false,&quot;335551550&quot;:0,&quot;335551620&quot;:0,&quot;335559738&quot;:240,&quot;335559739&quot;:240}\">\u00a0<\/span><\/p>\n<p><span data-contrast=\"auto\">\u2013 Det er et godt gymnasium, og l\u00e6rerne er virkelig dygtige. Det kan noget, at det er et lille gymnasium \u2013 det kan mange ting.<\/span><span data-ccp-props=\"{&quot;134233117&quot;:false,&quot;134233118&quot;:false,&quot;335551550&quot;:0,&quot;335551620&quot;:0,&quot;335559738&quot;:240,&quot;335559739&quot;:240}\">\u00a0<\/span><\/p>\n<p><span data-contrast=\"auto\">Karen supplerer:<\/span><span data-ccp-props=\"{&quot;134233117&quot;:false,&quot;134233118&quot;:false,&quot;335551550&quot;:0,&quot;335551620&quot;:0,&quot;335559738&quot;:240,&quot;335559739&quot;:240}\">\u00a0<\/span><\/p>\n<p><span data-contrast=\"auto\">\u2013 Ogs\u00e5 med sammenhold og den slags.<\/span><span data-ccp-props=\"{&quot;134233117&quot;:false,&quot;134233118&quot;:false,&quot;335551550&quot;:0,&quot;335551620&quot;:0,&quot;335559738&quot;:240,&quot;335559739&quot;:240}\">\u00a0<\/span><\/p>\n<a class=\"dvrt-link\" onClick=\"cdmtrack_click(104786,jQuery(this));return false\" href=\"https:\/\/limfjordsteatret.dk\/events\/tobias-dybvad-mit-bedste-onemanshow\/\"><img decoding=\"async\" style=\"width:100%;\" src=\"https:\/\/kunmedierne.dk\/mors\/wp-content\/uploads\/2023\/10\/aarskortLim_KunMors_1100x125.jpg\"><\/a><script>cdmtrack_view(104786);<\/script>\n<p><span data-contrast=\"auto\">Malou nikker. De er enige om, at det f\u00f8les tryggere at g\u00e5 p\u00e5 et gymnasium, hvor man kender alle. Det var ogs\u00e5 en vigtig grund til, at Malou valgte Mors\u00f8 Gymnasium:<\/span><span data-ccp-props=\"{&quot;134233117&quot;:false,&quot;134233118&quot;:false,&quot;335551550&quot;:0,&quot;335551620&quot;:0,&quot;335559738&quot;:240,&quot;335559739&quot;:240}\">\u00a0<\/span><\/p>\n<p><span data-contrast=\"auto\">\u2013 N\u00e5r man g\u00e5r ud p\u00e5 gangen, s\u00e5 ved man, hvem folk er. Det er mere trygt \u2013 det kan jeg godt lide. Det er nok derfor, jeg valgte at s\u00f8ge ind her.<\/span><span data-ccp-props=\"{&quot;134233117&quot;:false,&quot;134233118&quot;:false,&quot;335551550&quot;:0,&quot;335551620&quot;:0,&quot;335559738&quot;:240,&quot;335559739&quot;:240}\">\u00a0<\/span><\/p>\n<p>&nbsp;<\/p>\n<p><b><span data-contrast=\"auto\">Barndomsminder og tilh\u00f8rsforhold afg\u00f8r, om man vender tilbage<\/span><\/b><span data-ccp-props=\"{&quot;134233117&quot;:false,&quot;134233118&quot;:false,&quot;335551550&quot;:0,&quot;335551620&quot;:0,&quot;335559738&quot;:240,&quot;335559739&quot;:240}\">\u00a0<\/span><\/p>\n<p><span data-contrast=\"auto\">Barndomsminder har betydning for, hvor Malou forestiller sig at bo efter gymnasiet. Hun f\u00f8ler ikke den tryghed, der f\u00e5r hende til at se Mors som et sted, hun vender tilbage til:<\/span><span data-ccp-props=\"{&quot;134233117&quot;:false,&quot;134233118&quot;:false,&quot;335551550&quot;:0,&quot;335551620&quot;:0,&quot;335559738&quot;:240,&quot;335559739&quot;:240}\">\u00a0<\/span><\/p>\n<p><span data-contrast=\"auto\">\u2013 Hvis jeg var vokset op her, havde haft mine barndomsminder her og var en del af det lille samfund fra starten, s\u00e5 tror jeg, det ville v\u00e6re noget, jeg var tryg i. Men den f\u00f8lelse har jeg ikke her \u2013 det er ikke det samme som at v\u00e6re vokset op her.<\/span><span data-ccp-props=\"{&quot;134233117&quot;:false,&quot;134233118&quot;:false,&quot;335551550&quot;:0,&quot;335551620&quot;:0,&quot;335559738&quot;:240,&quot;335559739&quot;:240}\">\u00a0<\/span><\/p>\n<p><span data-contrast=\"auto\">Hendes barndomsminder ligger i Salling, og derfor ser hun det som det mest sandsynlige sted at vende tilbage til.<\/span><span data-ccp-props=\"{&quot;134233117&quot;:false,&quot;134233118&quot;:false,&quot;335551550&quot;:0,&quot;335551620&quot;:0,&quot;335559738&quot;:240,&quot;335559739&quot;:240}\">\u00a0<\/span><\/p>\n<p><span data-contrast=\"auto\">For Karen er der ingen tvivl: Hun skal tilbage til Mors.<\/span><span data-ccp-props=\"{&quot;134233117&quot;:false,&quot;134233118&quot;:false,&quot;335551550&quot;:0,&quot;335551620&quot;:0,&quot;335559738&quot;:240,&quot;335559739&quot;:240}\">\u00a0<\/span><\/p>\n<p><span data-contrast=\"auto\">\u2013 Jeg var p\u00e5 efterskole, og der kunne jeg godt m\u00e6rke, at jeg savnede Mors. Ikke kun menneskene, men det hele. Jeg savnede naturen og alt det, Mors har.<\/span><span data-ccp-props=\"{&quot;134233117&quot;:false,&quot;134233118&quot;:false,&quot;335551550&quot;:0,&quot;335551620&quot;:0,&quot;335559738&quot;:240,&quot;335559739&quot;:240}\">\u00a0<\/span><\/p>\n<p><span data-contrast=\"auto\">Malou ser sin tid p\u00e5 Mors og p\u00e5 gymnasiet som et midlertidigt stop. Hun forklarer:<\/span><span data-ccp-props=\"{&quot;335551550&quot;:0,&quot;335551620&quot;:0}\">\u00a0<\/span><\/p>\n<p><span data-contrast=\"auto\">\u2013 Jeg har ikke noget tilh\u00f8rsforhold til Mors, og jeg tror ikke, jeg f\u00e5r det, ud over gymnasietiden. Jeg har selvf\u00f8lgelig venner og veninder her, men de fleste flytter jo ogs\u00e5 ud og skal l\u00e6se videre \u2013 og det vil jeg ogs\u00e5 gerne.<\/span><span data-ccp-props=\"{&quot;335551550&quot;:0,&quot;335551620&quot;:0}\">\u00a0<\/span><\/p>\n<p><span data-contrast=\"auto\">Karen forklarer, hvorfor hun vil tilbage:<\/span><span data-ccp-props=\"{&quot;335551550&quot;:0,&quot;335551620&quot;:0}\">\u00a0<\/span><\/p>\n<p><span data-contrast=\"auto\">\u2013 Jeg tror, Mors er min \u00e5nd. For mig har det v\u00e6ret et godt sted at vokse op, fordi jeg altid har haft min familie t\u00e6t p\u00e5. \u00c9n ting er at have et hjem, men ens familie er ogs\u00e5 et hjem \u2013 og det med at have dem t\u00e6t p\u00e5 betyder meget. Mors vil altid v\u00e6re et s\u00e6rligt sted for mig, hvor jeg f\u00f8ler mig hjemme og godt tilpas.<\/span><span data-ccp-props=\"{&quot;335551550&quot;:0,&quot;335551620&quot;:0}\">\u00a0<\/span><\/p>\n<p><span data-contrast=\"auto\">Hun har ikke en konkret fremtidsplan, men t\u00e6nker at tage nogle sabbat\u00e5r, f\u00e5 en uddannelse og derefter vende tilbage:<\/span><span data-ccp-props=\"{&quot;335551550&quot;:0,&quot;335551620&quot;:0}\">\u00a0<\/span><\/p>\n<p><span data-contrast=\"auto\">\u2013 Jeg vil gerne l\u00e6se videre p\u00e5 universitetet, men jeg tror altid, jeg vil vende tilbage, n\u00e5r jeg er f\u00e6rdig.<\/span><span data-ccp-props=\"{&quot;335551550&quot;:0,&quot;335551620&quot;:0}\">\u00a0<\/span><\/p>\n<a class=\"dvrt-link\" onClick=\"cdmtrack_click(114591,jQuery(this));return false\" href=\"https:\/\/www.facebook.com\/kopogkandemors\"><img decoding=\"async\" style=\"width:100%;\" src=\"https:\/\/kunmedierne.dk\/mors\/wp-content\/uploads\/2024\/03\/kop-og-kande-ja-tak-tilbud.jpg\"><\/a><script>cdmtrack_view(114591);<\/script>\n<p><span data-contrast=\"auto\">Inde i klasselokalet er der pause. Eleverne er spredt rundt. Nogle drenge sidder samlet om en computer, andre ved bordene og snakker. Imens g\u00e5r nogle hen til katederet for at g\u00f8re deres billeder klar p\u00e5 de aflange, gr\u00e5 borde.<\/span><span data-ccp-props=\"{&quot;335551550&quot;:0,&quot;335551620&quot;:0}\">\u00a0<\/span><\/p>\n","protected":false},"excerpt":{"rendered":"<p>NYK\u00d8BING: Karen og Malou g\u00e5r begge i 1.s p\u00e5 Mors\u00f8 Gymnasium. Lige nu sidder de i et lokale bag en gr\u00f8n d\u00f8r. Ved siden af er resten af klassen i gang med at fremkalde billeder p\u00e5 deres anden workshopdag med Luca Berti \u2013 en italiensk fotograf, der har cyklet rundt p\u00e5 Mors for at tage [&hellip;]<\/p>\n","protected":false},"author":4322,"featured_media":0,"comment_status":"closed","ping_status":"closed","sticky":false,"template":"","format":"standard","meta":{"_acf_changed":false,"footnotes":""},"categories":[51],"tags":[],"class_list":["post-141926","post","type-post","status-publish","format-standard","hentry","category-lokalt"],"acf":[],"yoast_head":"<!-- This site is optimized with the Yoast SEO plugin v26.8 - https:\/\/yoast.com\/product\/yoast-seo-wordpress\/ -->\n<title>Tryghed er n\u00f8gleordet for Mors: En inkarneret morsingbo og en tilflytter fort\u00e6ller om deres forhold til \u00f8en - Mors<\/title>\n<meta name=\"robots\" content=\"index, follow, max-snippet:-1, max-image-preview:large, max-video-preview:-1\" \/>\n<link rel=\"canonical\" href=\"https:\/\/kunmedierne.dk\/mors\/tryghed-er-noegleordet-for-mors-en-inkarneret-morsingbo-og-en-tilflytter-fortaeller-om-deres-forhold-til-oeen\/\" \/>\n<meta property=\"og:locale\" content=\"da_DK\" \/>\n<meta property=\"og:type\" content=\"article\" \/>\n<meta property=\"og:title\" content=\"Tryghed er n\u00f8gleordet for Mors: En inkarneret morsingbo og en tilflytter fort\u00e6ller om deres forhold til \u00f8en - Mors\" \/>\n<meta property=\"og:description\" content=\"NYK\u00d8BING: Karen og Malou g\u00e5r begge i 1.s p\u00e5 Mors\u00f8 Gymnasium. Lige nu sidder de i et lokale bag en gr\u00f8n d\u00f8r. Ved siden af er resten af klassen i gang med at fremkalde billeder p\u00e5 deres anden workshopdag med Luca Berti \u2013 en italiensk fotograf, der har cyklet rundt p\u00e5 Mors for at tage [&hellip;]\" \/>\n<meta property=\"og:url\" content=\"https:\/\/kunmedierne.dk\/mors\/tryghed-er-noegleordet-for-mors-en-inkarneret-morsingbo-og-en-tilflytter-fortaeller-om-deres-forhold-til-oeen\/\" \/>\n<meta property=\"og:site_name\" content=\"Mors\" \/>\n<meta property=\"article:published_time\" content=\"2025-03-21T15:46:19+00:00\" \/>\n<meta name=\"author\" content=\"Anna Sofie L. Millardet\" \/>\n<meta name=\"twitter:card\" content=\"summary_large_image\" \/>\n<meta name=\"twitter:label1\" content=\"Skrevet af\" \/>\n\t<meta name=\"twitter:data1\" content=\"Anna Sofie L. Millardet\" \/>\n\t<meta name=\"twitter:label2\" content=\"Estimeret l\u00e6setid\" \/>\n\t<meta name=\"twitter:data2\" content=\"5 minutter\" \/>\n<script type=\"application\/ld+json\" class=\"yoast-schema-graph\">{\"@context\":\"https:\/\/schema.org\",\"@graph\":[{\"@type\":\"Article\",\"@id\":\"https:\/\/kunmedierne.dk\/mors\/tryghed-er-noegleordet-for-mors-en-inkarneret-morsingbo-og-en-tilflytter-fortaeller-om-deres-forhold-til-oeen\/#article\",\"isPartOf\":{\"@id\":\"https:\/\/kunmedierne.dk\/mors\/tryghed-er-noegleordet-for-mors-en-inkarneret-morsingbo-og-en-tilflytter-fortaeller-om-deres-forhold-til-oeen\/\"},\"author\":{\"name\":\"Anna Sofie L. Millardet\",\"@id\":\"https:\/\/kunmedierne.dk\/mors\/#\/schema\/person\/5ce65b2f425c5239e1b5904a46b0fc55\"},\"headline\":\"Tryghed er n\u00f8gleordet for Mors: En inkarneret morsingbo og en tilflytter fort\u00e6ller om deres forhold til \u00f8en\",\"datePublished\":\"2025-03-21T15:46:19+00:00\",\"mainEntityOfPage\":{\"@id\":\"https:\/\/kunmedierne.dk\/mors\/tryghed-er-noegleordet-for-mors-en-inkarneret-morsingbo-og-en-tilflytter-fortaeller-om-deres-forhold-til-oeen\/\"},\"wordCount\":937,\"publisher\":{\"@id\":\"https:\/\/kunmedierne.dk\/mors\/#organization\"},\"articleSection\":[\"Lokalt\"],\"inLanguage\":\"da-DK\"},{\"@type\":\"WebPage\",\"@id\":\"https:\/\/kunmedierne.dk\/mors\/tryghed-er-noegleordet-for-mors-en-inkarneret-morsingbo-og-en-tilflytter-fortaeller-om-deres-forhold-til-oeen\/\",\"url\":\"https:\/\/kunmedierne.dk\/mors\/tryghed-er-noegleordet-for-mors-en-inkarneret-morsingbo-og-en-tilflytter-fortaeller-om-deres-forhold-til-oeen\/\",\"name\":\"Tryghed er n\u00f8gleordet for Mors: En inkarneret morsingbo og en tilflytter fort\u00e6ller om deres forhold til \u00f8en - Mors\",\"isPartOf\":{\"@id\":\"https:\/\/kunmedierne.dk\/mors\/#website\"},\"datePublished\":\"2025-03-21T15:46:19+00:00\",\"breadcrumb\":{\"@id\":\"https:\/\/kunmedierne.dk\/mors\/tryghed-er-noegleordet-for-mors-en-inkarneret-morsingbo-og-en-tilflytter-fortaeller-om-deres-forhold-til-oeen\/#breadcrumb\"},\"inLanguage\":\"da-DK\",\"potentialAction\":[{\"@type\":\"ReadAction\",\"target\":[\"https:\/\/kunmedierne.dk\/mors\/tryghed-er-noegleordet-for-mors-en-inkarneret-morsingbo-og-en-tilflytter-fortaeller-om-deres-forhold-til-oeen\/\"]}]},{\"@type\":\"BreadcrumbList\",\"@id\":\"https:\/\/kunmedierne.dk\/mors\/tryghed-er-noegleordet-for-mors-en-inkarneret-morsingbo-og-en-tilflytter-fortaeller-om-deres-forhold-til-oeen\/#breadcrumb\",\"itemListElement\":[{\"@type\":\"ListItem\",\"position\":1,\"name\":\"Hjem\",\"item\":\"https:\/\/kunmedierne.dk\/mors\/\"},{\"@type\":\"ListItem\",\"position\":2,\"name\":\"Tryghed er n\u00f8gleordet for Mors: En inkarneret morsingbo og en tilflytter fort\u00e6ller om deres forhold til \u00f8en\"}]},{\"@type\":\"WebSite\",\"@id\":\"https:\/\/kunmedierne.dk\/mors\/#website\",\"url\":\"https:\/\/kunmedierne.dk\/mors\/\",\"name\":\"Mors\",\"description\":\"et netmedie med journalistik om livet p\u00e5 Mors\",\"publisher\":{\"@id\":\"https:\/\/kunmedierne.dk\/mors\/#organization\"},\"potentialAction\":[{\"@type\":\"SearchAction\",\"target\":{\"@type\":\"EntryPoint\",\"urlTemplate\":\"https:\/\/kunmedierne.dk\/mors\/?s={search_term_string}\"},\"query-input\":{\"@type\":\"PropertyValueSpecification\",\"valueRequired\":true,\"valueName\":\"search_term_string\"}}],\"inLanguage\":\"da-DK\"},{\"@type\":\"Organization\",\"@id\":\"https:\/\/kunmedierne.dk\/mors\/#organization\",\"name\":\"Mors\",\"url\":\"https:\/\/kunmedierne.dk\/mors\/\",\"logo\":{\"@type\":\"ImageObject\",\"inLanguage\":\"da-DK\",\"@id\":\"https:\/\/kunmedierne.dk\/mors\/#\/schema\/logo\/image\/\",\"url\":\"https:\/\/kunmedierne.dk\/mors\/wp-content\/uploads\/2024\/08\/kunmors-logo.svg\",\"contentUrl\":\"https:\/\/kunmedierne.dk\/mors\/wp-content\/uploads\/2024\/08\/kunmors-logo.svg\",\"caption\":\"Mors\"},\"image\":{\"@id\":\"https:\/\/kunmedierne.dk\/mors\/#\/schema\/logo\/image\/\"}},{\"@type\":\"Person\",\"@id\":\"https:\/\/kunmedierne.dk\/mors\/#\/schema\/person\/5ce65b2f425c5239e1b5904a46b0fc55\",\"name\":\"Anna Sofie L. Millardet\",\"image\":{\"@type\":\"ImageObject\",\"inLanguage\":\"da-DK\",\"@id\":\"https:\/\/kunmedierne.dk\/mors\/#\/schema\/person\/image\/\",\"url\":\"https:\/\/secure.gravatar.com\/avatar\/06ed27cc9531ba66cd23ad132b530867168736fd8766f9b8dbc38090a0f7ab1d?s=96&d=mm&r=g\",\"contentUrl\":\"https:\/\/secure.gravatar.com\/avatar\/06ed27cc9531ba66cd23ad132b530867168736fd8766f9b8dbc38090a0f7ab1d?s=96&d=mm&r=g\",\"caption\":\"Anna Sofie L. Millardet\"},\"url\":\"https:\/\/kunmedierne.dk\/mors\/author\/anna\/\"}]}<\/script>\n<!-- \/ Yoast SEO plugin. -->","yoast_head_json":{"title":"Tryghed er n\u00f8gleordet for Mors: En inkarneret morsingbo og en tilflytter fort\u00e6ller om deres forhold til \u00f8en - Mors","robots":{"index":"index","follow":"follow","max-snippet":"max-snippet:-1","max-image-preview":"max-image-preview:large","max-video-preview":"max-video-preview:-1"},"canonical":"https:\/\/kunmedierne.dk\/mors\/tryghed-er-noegleordet-for-mors-en-inkarneret-morsingbo-og-en-tilflytter-fortaeller-om-deres-forhold-til-oeen\/","og_locale":"da_DK","og_type":"article","og_title":"Tryghed er n\u00f8gleordet for Mors: En inkarneret morsingbo og en tilflytter fort\u00e6ller om deres forhold til \u00f8en - Mors","og_description":"NYK\u00d8BING: Karen og Malou g\u00e5r begge i 1.s p\u00e5 Mors\u00f8 Gymnasium. Lige nu sidder de i et lokale bag en gr\u00f8n d\u00f8r. Ved siden af er resten af klassen i gang med at fremkalde billeder p\u00e5 deres anden workshopdag med Luca Berti \u2013 en italiensk fotograf, der har cyklet rundt p\u00e5 Mors for at tage [&hellip;]","og_url":"https:\/\/kunmedierne.dk\/mors\/tryghed-er-noegleordet-for-mors-en-inkarneret-morsingbo-og-en-tilflytter-fortaeller-om-deres-forhold-til-oeen\/","og_site_name":"Mors","article_published_time":"2025-03-21T15:46:19+00:00","author":"Anna Sofie L. Millardet","twitter_card":"summary_large_image","twitter_misc":{"Skrevet af":"Anna Sofie L. Millardet","Estimeret l\u00e6setid":"5 minutter"},"schema":{"@context":"https:\/\/schema.org","@graph":[{"@type":"Article","@id":"https:\/\/kunmedierne.dk\/mors\/tryghed-er-noegleordet-for-mors-en-inkarneret-morsingbo-og-en-tilflytter-fortaeller-om-deres-forhold-til-oeen\/#article","isPartOf":{"@id":"https:\/\/kunmedierne.dk\/mors\/tryghed-er-noegleordet-for-mors-en-inkarneret-morsingbo-og-en-tilflytter-fortaeller-om-deres-forhold-til-oeen\/"},"author":{"name":"Anna Sofie L. Millardet","@id":"https:\/\/kunmedierne.dk\/mors\/#\/schema\/person\/5ce65b2f425c5239e1b5904a46b0fc55"},"headline":"Tryghed er n\u00f8gleordet for Mors: En inkarneret morsingbo og en tilflytter fort\u00e6ller om deres forhold til \u00f8en","datePublished":"2025-03-21T15:46:19+00:00","mainEntityOfPage":{"@id":"https:\/\/kunmedierne.dk\/mors\/tryghed-er-noegleordet-for-mors-en-inkarneret-morsingbo-og-en-tilflytter-fortaeller-om-deres-forhold-til-oeen\/"},"wordCount":937,"publisher":{"@id":"https:\/\/kunmedierne.dk\/mors\/#organization"},"articleSection":["Lokalt"],"inLanguage":"da-DK"},{"@type":"WebPage","@id":"https:\/\/kunmedierne.dk\/mors\/tryghed-er-noegleordet-for-mors-en-inkarneret-morsingbo-og-en-tilflytter-fortaeller-om-deres-forhold-til-oeen\/","url":"https:\/\/kunmedierne.dk\/mors\/tryghed-er-noegleordet-for-mors-en-inkarneret-morsingbo-og-en-tilflytter-fortaeller-om-deres-forhold-til-oeen\/","name":"Tryghed er n\u00f8gleordet for Mors: En inkarneret morsingbo og en tilflytter fort\u00e6ller om deres forhold til \u00f8en - Mors","isPartOf":{"@id":"https:\/\/kunmedierne.dk\/mors\/#website"},"datePublished":"2025-03-21T15:46:19+00:00","breadcrumb":{"@id":"https:\/\/kunmedierne.dk\/mors\/tryghed-er-noegleordet-for-mors-en-inkarneret-morsingbo-og-en-tilflytter-fortaeller-om-deres-forhold-til-oeen\/#breadcrumb"},"inLanguage":"da-DK","potentialAction":[{"@type":"ReadAction","target":["https:\/\/kunmedierne.dk\/mors\/tryghed-er-noegleordet-for-mors-en-inkarneret-morsingbo-og-en-tilflytter-fortaeller-om-deres-forhold-til-oeen\/"]}]},{"@type":"BreadcrumbList","@id":"https:\/\/kunmedierne.dk\/mors\/tryghed-er-noegleordet-for-mors-en-inkarneret-morsingbo-og-en-tilflytter-fortaeller-om-deres-forhold-til-oeen\/#breadcrumb","itemListElement":[{"@type":"ListItem","position":1,"name":"Hjem","item":"https:\/\/kunmedierne.dk\/mors\/"},{"@type":"ListItem","position":2,"name":"Tryghed er n\u00f8gleordet for Mors: En inkarneret morsingbo og en tilflytter fort\u00e6ller om deres forhold til \u00f8en"}]},{"@type":"WebSite","@id":"https:\/\/kunmedierne.dk\/mors\/#website","url":"https:\/\/kunmedierne.dk\/mors\/","name":"Mors","description":"et netmedie med journalistik om livet p\u00e5 Mors","publisher":{"@id":"https:\/\/kunmedierne.dk\/mors\/#organization"},"potentialAction":[{"@type":"SearchAction","target":{"@type":"EntryPoint","urlTemplate":"https:\/\/kunmedierne.dk\/mors\/?s={search_term_string}"},"query-input":{"@type":"PropertyValueSpecification","valueRequired":true,"valueName":"search_term_string"}}],"inLanguage":"da-DK"},{"@type":"Organization","@id":"https:\/\/kunmedierne.dk\/mors\/#organization","name":"Mors","url":"https:\/\/kunmedierne.dk\/mors\/","logo":{"@type":"ImageObject","inLanguage":"da-DK","@id":"https:\/\/kunmedierne.dk\/mors\/#\/schema\/logo\/image\/","url":"https:\/\/kunmedierne.dk\/mors\/wp-content\/uploads\/2024\/08\/kunmors-logo.svg","contentUrl":"https:\/\/kunmedierne.dk\/mors\/wp-content\/uploads\/2024\/08\/kunmors-logo.svg","caption":"Mors"},"image":{"@id":"https:\/\/kunmedierne.dk\/mors\/#\/schema\/logo\/image\/"}},{"@type":"Person","@id":"https:\/\/kunmedierne.dk\/mors\/#\/schema\/person\/5ce65b2f425c5239e1b5904a46b0fc55","name":"Anna Sofie L. Millardet","image":{"@type":"ImageObject","inLanguage":"da-DK","@id":"https:\/\/kunmedierne.dk\/mors\/#\/schema\/person\/image\/","url":"https:\/\/secure.gravatar.com\/avatar\/06ed27cc9531ba66cd23ad132b530867168736fd8766f9b8dbc38090a0f7ab1d?s=96&d=mm&r=g","contentUrl":"https:\/\/secure.gravatar.com\/avatar\/06ed27cc9531ba66cd23ad132b530867168736fd8766f9b8dbc38090a0f7ab1d?s=96&d=mm&r=g","caption":"Anna Sofie L. Millardet"},"url":"https:\/\/kunmedierne.dk\/mors\/author\/anna\/"}]}},"_links":{"self":[{"href":"https:\/\/kunmedierne.dk\/mors\/wp-json\/wp\/v2\/posts\/141926","targetHints":{"allow":["GET"]}}],"collection":[{"href":"https:\/\/kunmedierne.dk\/mors\/wp-json\/wp\/v2\/posts"}],"about":[{"href":"https:\/\/kunmedierne.dk\/mors\/wp-json\/wp\/v2\/types\/post"}],"author":[{"embeddable":true,"href":"https:\/\/kunmedierne.dk\/mors\/wp-json\/wp\/v2\/users\/4322"}],"replies":[{"embeddable":true,"href":"https:\/\/kunmedierne.dk\/mors\/wp-json\/wp\/v2\/comments?post=141926"}],"version-history":[{"count":7,"href":"https:\/\/kunmedierne.dk\/mors\/wp-json\/wp\/v2\/posts\/141926\/revisions"}],"predecessor-version":[{"id":141956,"href":"https:\/\/kunmedierne.dk\/mors\/wp-json\/wp\/v2\/posts\/141926\/revisions\/141956"}],"wp:attachment":[{"href":"https:\/\/kunmedierne.dk\/mors\/wp-json\/wp\/v2\/media?parent=141926"}],"wp:term":[{"taxonomy":"category","embeddable":true,"href":"https:\/\/kunmedierne.dk\/mors\/wp-json\/wp\/v2\/categories?post=141926"},{"taxonomy":"post_tag","embeddable":true,"href":"https:\/\/kunmedierne.dk\/mors\/wp-json\/wp\/v2\/tags?post=141926"}],"curies":[{"name":"wp","href":"https:\/\/api.w.org\/{rel}","templated":true}]}}