{"id":141476,"date":"2025-03-15T13:46:14","date_gmt":"2025-03-15T12:46:14","guid":{"rendered":"https:\/\/kunmedierne.dk\/mors\/?p=141476"},"modified":"2025-03-15T13:46:14","modified_gmt":"2025-03-15T12:46:14","slug":"erfaren-leder-fra-mors-skal-styrke-indsatsen-for-ptsd-ramte-i-thy","status":"publish","type":"post","link":"https:\/\/kunmedierne.dk\/mors\/erfaren-leder-fra-mors-skal-styrke-indsatsen-for-ptsd-ramte-i-thy\/","title":{"rendered":"Erfaren leder fra Mors skal styrke indsatsen for PTSD-ramte i Thy"},"content":{"rendered":"<p data-start=\"131\" data-end=\"315\"><strong>ARBEJDSLIV: <\/strong>Louise Meiner Fredholm tiltr\u00e6der som ny leder p\u00e5 Surfgaarden i Thy. Hun kommer fra en lederstilling i Mors\u00f8 Kommune, hvor hun har arbejdet med opstart og ledelse af tv\u00e6rfaglige tilbud samt komplekse borgerforl\u00f8b. Nu skal hun bruge sin erfaring til at styrke fagligheden, sikre en skarp p\u00e6dagogisk indsats og udbygge samarbejdet med kommuner og regioner for at hj\u00e6lpe endnu flere PTSD-ramte borgere.<\/p>\n<p data-start=\"131\" data-end=\"315\"><a class=\"dvrt-link\" onClick=\"cdmtrack_click(114591,jQuery(this));return false\" href=\"https:\/\/www.facebook.com\/kopogkandemors\"><img decoding=\"async\" style=\"width:100%;\" src=\"https:\/\/kunmedierne.dk\/mors\/wp-content\/uploads\/2024\/03\/kop-og-kande-ja-tak-tilbud.jpg\"><\/a><script>cdmtrack_view(114591);<\/script><\/p>\n<p data-start=\"574\" data-end=\"1025\">Surfgaarden tilbyder en rehabiliterende indsats for mennesker, der har oplevet traumatiske h\u00e6ndelser \u2013 ofte veteraner, politibetjente, p\u00e6dagoger og f\u00e6ngselsbetjente, som har v\u00e6ret udsat for voldsomme oplevelser i deres arbejde. Med sin placering i Thy er Surfgaarden t\u00e6t p\u00e5 naturen, som sammen med aktiviteter og f\u00e6llesskab er en integreret del af opholdet. Her finder beboerne n\u00e6rv\u00e6r, ro og st\u00f8tte fra b\u00e5de ligesindede og omsorgsfulde medarbejdere.<\/p>\n<p data-start=\"1027\" data-end=\"1251\">\u201dMin tilgang er, at vi altid kan l\u00e6re af hinanden, og jeg ser frem til at arbejde t\u00e6t sammen med b\u00e5de medarbejdere og samarbejdspartnere for at sikre de bedst mulige forl\u00f8b for vores beboere,\u201d siger Louise Meiner Fredholm.<\/p>\n<p data-start=\"1253\" data-end=\"1527\">Surfgaarden blev etableret i 2020 og har siden oplevet stor eftersp\u00f8rgsel, hvilket har f\u00f8rt til \u00e5bningen af nye afdelinger i Agger og Skyum. F\u00e6lles for alle tre steder er, at naturen, aktiviteterne og f\u00e6llesskabet spiller en central rolle i rehabiliteringen af PTSD-ramte.<\/p>\n<p data-start=\"1529\" data-end=\"1750\" data-is-last-node=\"\" data-is-only-node=\"\">Louise Meiner Fredholm er 43 \u00e5r, uddannet socialp\u00e6dagog og bor i Mors med sin mand og deres fire b\u00f8rn. Hun er et aktivt friluftsmenneske og dyrker blandt andet kajak og vinterbadning \u2013 men surfing har hun stadig til gode.<\/p>\n","protected":false},"excerpt":{"rendered":"<p>ARBEJDSLIV: Louise Meiner Fredholm tiltr\u00e6der som ny leder p\u00e5 Surfgaarden i Thy. Hun kommer fra en lederstilling i Mors\u00f8 Kommune, hvor hun har arbejdet med opstart og ledelse af tv\u00e6rfaglige tilbud samt komplekse borgerforl\u00f8b. Nu skal hun bruge sin erfaring til at styrke fagligheden, sikre en skarp p\u00e6dagogisk indsats og udbygge samarbejdet med kommuner og [&hellip;]<\/p>\n","protected":false},"author":2507,"featured_media":0,"comment_status":"closed","ping_status":"closed","sticky":false,"template":"","format":"standard","meta":{"_acf_changed":false,"footnotes":""},"categories":[51,52],"tags":[],"class_list":["post-141476","post","type-post","status-publish","format-standard","hentry","category-lokalt","category-navne"],"acf":[],"yoast_head":"<!-- This site is optimized with the Yoast SEO plugin v26.8 - https:\/\/yoast.com\/product\/yoast-seo-wordpress\/ -->\n<title>Erfaren leder fra Mors skal styrke indsatsen for PTSD-ramte i Thy - Mors<\/title>\n<meta name=\"robots\" content=\"index, follow, max-snippet:-1, max-image-preview:large, max-video-preview:-1\" \/>\n<link rel=\"canonical\" href=\"https:\/\/kunmedierne.dk\/mors\/erfaren-leder-fra-mors-skal-styrke-indsatsen-for-ptsd-ramte-i-thy\/\" \/>\n<meta property=\"og:locale\" content=\"da_DK\" \/>\n<meta property=\"og:type\" content=\"article\" \/>\n<meta property=\"og:title\" content=\"Erfaren leder fra Mors skal styrke indsatsen for PTSD-ramte i Thy - Mors\" \/>\n<meta property=\"og:description\" content=\"ARBEJDSLIV: Louise Meiner Fredholm tiltr\u00e6der som ny leder p\u00e5 Surfgaarden i Thy. Hun kommer fra en lederstilling i Mors\u00f8 Kommune, hvor hun har arbejdet med opstart og ledelse af tv\u00e6rfaglige tilbud samt komplekse borgerforl\u00f8b. Nu skal hun bruge sin erfaring til at styrke fagligheden, sikre en skarp p\u00e6dagogisk indsats og udbygge samarbejdet med kommuner og [&hellip;]\" \/>\n<meta property=\"og:url\" content=\"https:\/\/kunmedierne.dk\/mors\/erfaren-leder-fra-mors-skal-styrke-indsatsen-for-ptsd-ramte-i-thy\/\" \/>\n<meta property=\"og:site_name\" content=\"Mors\" \/>\n<meta property=\"article:published_time\" content=\"2025-03-15T12:46:14+00:00\" \/>\n<meta name=\"author\" content=\"Katrine Hedegaard\" \/>\n<meta name=\"twitter:card\" content=\"summary_large_image\" \/>\n<meta name=\"twitter:label1\" content=\"Skrevet af\" \/>\n\t<meta name=\"twitter:data1\" content=\"Katrine Hedegaard\" \/>\n\t<meta name=\"twitter:label2\" content=\"Estimeret l\u00e6setid\" \/>\n\t<meta name=\"twitter:data2\" content=\"2 minutter\" \/>\n<script type=\"application\/ld+json\" class=\"yoast-schema-graph\">{\"@context\":\"https:\/\/schema.org\",\"@graph\":[{\"@type\":\"Article\",\"@id\":\"https:\/\/kunmedierne.dk\/mors\/erfaren-leder-fra-mors-skal-styrke-indsatsen-for-ptsd-ramte-i-thy\/#article\",\"isPartOf\":{\"@id\":\"https:\/\/kunmedierne.dk\/mors\/erfaren-leder-fra-mors-skal-styrke-indsatsen-for-ptsd-ramte-i-thy\/\"},\"author\":{\"name\":\"Katrine Hedegaard\",\"@id\":\"https:\/\/kunmedierne.dk\/mors\/#\/schema\/person\/b2e62a38069b12365e53e087a8709c64\"},\"headline\":\"Erfaren leder fra Mors skal styrke indsatsen for PTSD-ramte i Thy\",\"datePublished\":\"2025-03-15T12:46:14+00:00\",\"mainEntityOfPage\":{\"@id\":\"https:\/\/kunmedierne.dk\/mors\/erfaren-leder-fra-mors-skal-styrke-indsatsen-for-ptsd-ramte-i-thy\/\"},\"wordCount\":280,\"publisher\":{\"@id\":\"https:\/\/kunmedierne.dk\/mors\/#organization\"},\"articleSection\":[\"Lokalt\",\"Navne\"],\"inLanguage\":\"da-DK\"},{\"@type\":\"WebPage\",\"@id\":\"https:\/\/kunmedierne.dk\/mors\/erfaren-leder-fra-mors-skal-styrke-indsatsen-for-ptsd-ramte-i-thy\/\",\"url\":\"https:\/\/kunmedierne.dk\/mors\/erfaren-leder-fra-mors-skal-styrke-indsatsen-for-ptsd-ramte-i-thy\/\",\"name\":\"Erfaren leder fra Mors skal styrke indsatsen for PTSD-ramte i Thy - Mors\",\"isPartOf\":{\"@id\":\"https:\/\/kunmedierne.dk\/mors\/#website\"},\"datePublished\":\"2025-03-15T12:46:14+00:00\",\"breadcrumb\":{\"@id\":\"https:\/\/kunmedierne.dk\/mors\/erfaren-leder-fra-mors-skal-styrke-indsatsen-for-ptsd-ramte-i-thy\/#breadcrumb\"},\"inLanguage\":\"da-DK\",\"potentialAction\":[{\"@type\":\"ReadAction\",\"target\":[\"https:\/\/kunmedierne.dk\/mors\/erfaren-leder-fra-mors-skal-styrke-indsatsen-for-ptsd-ramte-i-thy\/\"]}]},{\"@type\":\"BreadcrumbList\",\"@id\":\"https:\/\/kunmedierne.dk\/mors\/erfaren-leder-fra-mors-skal-styrke-indsatsen-for-ptsd-ramte-i-thy\/#breadcrumb\",\"itemListElement\":[{\"@type\":\"ListItem\",\"position\":1,\"name\":\"Hjem\",\"item\":\"https:\/\/kunmedierne.dk\/mors\/\"},{\"@type\":\"ListItem\",\"position\":2,\"name\":\"Erfaren leder fra Mors skal styrke indsatsen for PTSD-ramte i Thy\"}]},{\"@type\":\"WebSite\",\"@id\":\"https:\/\/kunmedierne.dk\/mors\/#website\",\"url\":\"https:\/\/kunmedierne.dk\/mors\/\",\"name\":\"Mors\",\"description\":\"et netmedie med journalistik om livet p\u00e5 Mors\",\"publisher\":{\"@id\":\"https:\/\/kunmedierne.dk\/mors\/#organization\"},\"potentialAction\":[{\"@type\":\"SearchAction\",\"target\":{\"@type\":\"EntryPoint\",\"urlTemplate\":\"https:\/\/kunmedierne.dk\/mors\/?s={search_term_string}\"},\"query-input\":{\"@type\":\"PropertyValueSpecification\",\"valueRequired\":true,\"valueName\":\"search_term_string\"}}],\"inLanguage\":\"da-DK\"},{\"@type\":\"Organization\",\"@id\":\"https:\/\/kunmedierne.dk\/mors\/#organization\",\"name\":\"Mors\",\"url\":\"https:\/\/kunmedierne.dk\/mors\/\",\"logo\":{\"@type\":\"ImageObject\",\"inLanguage\":\"da-DK\",\"@id\":\"https:\/\/kunmedierne.dk\/mors\/#\/schema\/logo\/image\/\",\"url\":\"https:\/\/kunmedierne.dk\/mors\/wp-content\/uploads\/2024\/08\/kunmors-logo.svg\",\"contentUrl\":\"https:\/\/kunmedierne.dk\/mors\/wp-content\/uploads\/2024\/08\/kunmors-logo.svg\",\"caption\":\"Mors\"},\"image\":{\"@id\":\"https:\/\/kunmedierne.dk\/mors\/#\/schema\/logo\/image\/\"}},{\"@type\":\"Person\",\"@id\":\"https:\/\/kunmedierne.dk\/mors\/#\/schema\/person\/b2e62a38069b12365e53e087a8709c64\",\"name\":\"Katrine Hedegaard\",\"image\":{\"@type\":\"ImageObject\",\"inLanguage\":\"da-DK\",\"@id\":\"https:\/\/kunmedierne.dk\/mors\/#\/schema\/person\/image\/\",\"url\":\"https:\/\/secure.gravatar.com\/avatar\/18a5c72fa9148052fd3ed5a58b40fc83cfdc9811090e6e6eec9539af058edcc0?s=96&d=mm&r=g\",\"contentUrl\":\"https:\/\/secure.gravatar.com\/avatar\/18a5c72fa9148052fd3ed5a58b40fc83cfdc9811090e6e6eec9539af058edcc0?s=96&d=mm&r=g\",\"caption\":\"Katrine Hedegaard\"},\"url\":\"https:\/\/kunmedierne.dk\/mors\/author\/katrine\/\"}]}<\/script>\n<!-- \/ Yoast SEO plugin. -->","yoast_head_json":{"title":"Erfaren leder fra Mors skal styrke indsatsen for PTSD-ramte i Thy - Mors","robots":{"index":"index","follow":"follow","max-snippet":"max-snippet:-1","max-image-preview":"max-image-preview:large","max-video-preview":"max-video-preview:-1"},"canonical":"https:\/\/kunmedierne.dk\/mors\/erfaren-leder-fra-mors-skal-styrke-indsatsen-for-ptsd-ramte-i-thy\/","og_locale":"da_DK","og_type":"article","og_title":"Erfaren leder fra Mors skal styrke indsatsen for PTSD-ramte i Thy - Mors","og_description":"ARBEJDSLIV: Louise Meiner Fredholm tiltr\u00e6der som ny leder p\u00e5 Surfgaarden i Thy. Hun kommer fra en lederstilling i Mors\u00f8 Kommune, hvor hun har arbejdet med opstart og ledelse af tv\u00e6rfaglige tilbud samt komplekse borgerforl\u00f8b. Nu skal hun bruge sin erfaring til at styrke fagligheden, sikre en skarp p\u00e6dagogisk indsats og udbygge samarbejdet med kommuner og [&hellip;]","og_url":"https:\/\/kunmedierne.dk\/mors\/erfaren-leder-fra-mors-skal-styrke-indsatsen-for-ptsd-ramte-i-thy\/","og_site_name":"Mors","article_published_time":"2025-03-15T12:46:14+00:00","author":"Katrine Hedegaard","twitter_card":"summary_large_image","twitter_misc":{"Skrevet af":"Katrine Hedegaard","Estimeret l\u00e6setid":"2 minutter"},"schema":{"@context":"https:\/\/schema.org","@graph":[{"@type":"Article","@id":"https:\/\/kunmedierne.dk\/mors\/erfaren-leder-fra-mors-skal-styrke-indsatsen-for-ptsd-ramte-i-thy\/#article","isPartOf":{"@id":"https:\/\/kunmedierne.dk\/mors\/erfaren-leder-fra-mors-skal-styrke-indsatsen-for-ptsd-ramte-i-thy\/"},"author":{"name":"Katrine Hedegaard","@id":"https:\/\/kunmedierne.dk\/mors\/#\/schema\/person\/b2e62a38069b12365e53e087a8709c64"},"headline":"Erfaren leder fra Mors skal styrke indsatsen for PTSD-ramte i Thy","datePublished":"2025-03-15T12:46:14+00:00","mainEntityOfPage":{"@id":"https:\/\/kunmedierne.dk\/mors\/erfaren-leder-fra-mors-skal-styrke-indsatsen-for-ptsd-ramte-i-thy\/"},"wordCount":280,"publisher":{"@id":"https:\/\/kunmedierne.dk\/mors\/#organization"},"articleSection":["Lokalt","Navne"],"inLanguage":"da-DK"},{"@type":"WebPage","@id":"https:\/\/kunmedierne.dk\/mors\/erfaren-leder-fra-mors-skal-styrke-indsatsen-for-ptsd-ramte-i-thy\/","url":"https:\/\/kunmedierne.dk\/mors\/erfaren-leder-fra-mors-skal-styrke-indsatsen-for-ptsd-ramte-i-thy\/","name":"Erfaren leder fra Mors skal styrke indsatsen for PTSD-ramte i Thy - Mors","isPartOf":{"@id":"https:\/\/kunmedierne.dk\/mors\/#website"},"datePublished":"2025-03-15T12:46:14+00:00","breadcrumb":{"@id":"https:\/\/kunmedierne.dk\/mors\/erfaren-leder-fra-mors-skal-styrke-indsatsen-for-ptsd-ramte-i-thy\/#breadcrumb"},"inLanguage":"da-DK","potentialAction":[{"@type":"ReadAction","target":["https:\/\/kunmedierne.dk\/mors\/erfaren-leder-fra-mors-skal-styrke-indsatsen-for-ptsd-ramte-i-thy\/"]}]},{"@type":"BreadcrumbList","@id":"https:\/\/kunmedierne.dk\/mors\/erfaren-leder-fra-mors-skal-styrke-indsatsen-for-ptsd-ramte-i-thy\/#breadcrumb","itemListElement":[{"@type":"ListItem","position":1,"name":"Hjem","item":"https:\/\/kunmedierne.dk\/mors\/"},{"@type":"ListItem","position":2,"name":"Erfaren leder fra Mors skal styrke indsatsen for PTSD-ramte i Thy"}]},{"@type":"WebSite","@id":"https:\/\/kunmedierne.dk\/mors\/#website","url":"https:\/\/kunmedierne.dk\/mors\/","name":"Mors","description":"et netmedie med journalistik om livet p\u00e5 Mors","publisher":{"@id":"https:\/\/kunmedierne.dk\/mors\/#organization"},"potentialAction":[{"@type":"SearchAction","target":{"@type":"EntryPoint","urlTemplate":"https:\/\/kunmedierne.dk\/mors\/?s={search_term_string}"},"query-input":{"@type":"PropertyValueSpecification","valueRequired":true,"valueName":"search_term_string"}}],"inLanguage":"da-DK"},{"@type":"Organization","@id":"https:\/\/kunmedierne.dk\/mors\/#organization","name":"Mors","url":"https:\/\/kunmedierne.dk\/mors\/","logo":{"@type":"ImageObject","inLanguage":"da-DK","@id":"https:\/\/kunmedierne.dk\/mors\/#\/schema\/logo\/image\/","url":"https:\/\/kunmedierne.dk\/mors\/wp-content\/uploads\/2024\/08\/kunmors-logo.svg","contentUrl":"https:\/\/kunmedierne.dk\/mors\/wp-content\/uploads\/2024\/08\/kunmors-logo.svg","caption":"Mors"},"image":{"@id":"https:\/\/kunmedierne.dk\/mors\/#\/schema\/logo\/image\/"}},{"@type":"Person","@id":"https:\/\/kunmedierne.dk\/mors\/#\/schema\/person\/b2e62a38069b12365e53e087a8709c64","name":"Katrine Hedegaard","image":{"@type":"ImageObject","inLanguage":"da-DK","@id":"https:\/\/kunmedierne.dk\/mors\/#\/schema\/person\/image\/","url":"https:\/\/secure.gravatar.com\/avatar\/18a5c72fa9148052fd3ed5a58b40fc83cfdc9811090e6e6eec9539af058edcc0?s=96&d=mm&r=g","contentUrl":"https:\/\/secure.gravatar.com\/avatar\/18a5c72fa9148052fd3ed5a58b40fc83cfdc9811090e6e6eec9539af058edcc0?s=96&d=mm&r=g","caption":"Katrine Hedegaard"},"url":"https:\/\/kunmedierne.dk\/mors\/author\/katrine\/"}]}},"_links":{"self":[{"href":"https:\/\/kunmedierne.dk\/mors\/wp-json\/wp\/v2\/posts\/141476","targetHints":{"allow":["GET"]}}],"collection":[{"href":"https:\/\/kunmedierne.dk\/mors\/wp-json\/wp\/v2\/posts"}],"about":[{"href":"https:\/\/kunmedierne.dk\/mors\/wp-json\/wp\/v2\/types\/post"}],"author":[{"embeddable":true,"href":"https:\/\/kunmedierne.dk\/mors\/wp-json\/wp\/v2\/users\/2507"}],"replies":[{"embeddable":true,"href":"https:\/\/kunmedierne.dk\/mors\/wp-json\/wp\/v2\/comments?post=141476"}],"version-history":[{"count":2,"href":"https:\/\/kunmedierne.dk\/mors\/wp-json\/wp\/v2\/posts\/141476\/revisions"}],"predecessor-version":[{"id":141481,"href":"https:\/\/kunmedierne.dk\/mors\/wp-json\/wp\/v2\/posts\/141476\/revisions\/141481"}],"wp:attachment":[{"href":"https:\/\/kunmedierne.dk\/mors\/wp-json\/wp\/v2\/media?parent=141476"}],"wp:term":[{"taxonomy":"category","embeddable":true,"href":"https:\/\/kunmedierne.dk\/mors\/wp-json\/wp\/v2\/categories?post=141476"},{"taxonomy":"post_tag","embeddable":true,"href":"https:\/\/kunmedierne.dk\/mors\/wp-json\/wp\/v2\/tags?post=141476"}],"curies":[{"name":"wp","href":"https:\/\/api.w.org\/{rel}","templated":true}]}}