{"id":141391,"date":"2025-03-14T16:40:14","date_gmt":"2025-03-14T15:40:14","guid":{"rendered":"https:\/\/kunmedierne.dk\/mors\/?p=141391"},"modified":"2025-03-15T13:49:25","modified_gmt":"2025-03-15T12:49:25","slug":"palle-nielsen-blev-haedret-for-sine-44-aar-hos-vilsund-blue","status":"publish","type":"post","link":"https:\/\/kunmedierne.dk\/mors\/palle-nielsen-blev-haedret-for-sine-44-aar-hos-vilsund-blue\/","title":{"rendered":"Palle Nielsen blev h\u00e6dret for sine 44 \u00e5r hos Vilsund Blue"},"content":{"rendered":"<p><strong>NYK\u00d8BING:<\/strong> Klokken n\u00e6rmer sig 13.00, og der er d\u00e6kket op i produktionshallen hos Vilsund Blue. Langs et bord med bl\u00e5 dug st\u00e5r h\u00f8je glas og gule blomster. P\u00e5 den ene side af hallen danner paller med konservesd\u00e5ser en v\u00e6g af muslingek\u00f8d, uden for hallen syder p\u00f8lser p\u00e5 en grill. Duften h\u00e6nger i luften. Den Glade Gris har rullet en p\u00f8lsevogn ind foran hallen. Den er klar til Palles reception.<\/p>\n<a class=\"dvrt-link\" onClick=\"cdmtrack_click(104786,jQuery(this));return false\" href=\"https:\/\/limfjordsteatret.dk\/events\/tobias-dybvad-mit-bedste-onemanshow\/\"><img decoding=\"async\" style=\"width:100%;\" src=\"https:\/\/kunmedierne.dk\/mors\/wp-content\/uploads\/2023\/10\/aarskortLim_KunMors_1100x125.jpg\"><\/a><script>cdmtrack_view(104786);<\/script>\n<p>Palle Nielsen st\u00e5r ved bordet. 67 \u00e5r, med en d\u00e5se\u00f8l i h\u00e5nden, og venter p\u00e5 de godt 60 tidligere kollegaer, der snart tr\u00e6der ind for at hylde ham. Han ser sig omkring, smiler sk\u00e6vt.<\/p>\n<p><strong>&#8211; <\/strong>Jeg er da sp\u00e6ndt, det er jeg da. Det er da en stor dag.<\/p>\n<p>I 44 \u00e5r har han arbejdet her. Med tun, hummere og krebs. Han stoppede i september sidste \u00e5r, men i dag er han tilbage, denne gang ikke som medarbejder, men som h\u00e6dret g\u00e6st. For snart f\u00e5r han overrakt Den Kongelige Fortjenstmedalje i s\u00f8lv for sin lange og tro tjeneste.<\/p>\n<p>En kollega g\u00e5r forbi og griner:<\/p>\n<p>&#8211; Du kan godt finde de hvide handsker frem, Palle. Han ser undrende p\u00e5 hende, da det g\u00e5r op for ham, at han skal over til kongen.<\/p>\n<p>&#8211; Det vidste jeg ikke. Det kunne jo v\u00e6re, jeg ville fortryde det, hvis jeg sagde nej til medaljen, men jeg havde ikke regnet med det her, siger han og ryster p\u00e5 hovedet.<\/p>\n<p>Hans far arbejdede ogs\u00e5 p\u00e5 fabrikken i 45 \u00e5r, men takkede nej til medaljen.<\/p>\n<p>\u2013 Min far takkede nej, men jeg er som regel klar p\u00e5 alt, siger Palle.<\/p>\n<p>&nbsp;<\/p>\n<p><strong>Tiden hos Vilsund Blue<\/strong><\/p>\n<p>Palle begyndte at arbejde som fisker, blev h\u00e5ndv\u00e6rker i fem \u00e5r og endte i produktionen, hvor han blev. I fire \u00e5rtier har han fulgt virksomheden gennem skiftende tider og chefer \u2013 otte i alt.<\/p>\n<p>&#8211; Virksomheden har forandret sig meget i den tid, jeg har v\u00e6ret her. Nu er der alt det b\u00f8vl med fjorden, og snakken om at muslingefiskeriet \u00f8del\u00e6gger bunden. Men vi er inden i en stabil periode. Vi har en dygtig chef, der har v\u00e6ret i branchen altid. Han ved, hvad han laver. Det betyder rigtig meget.<\/p>\n<a class=\"dvrt-link\" onClick=\"cdmtrack_click(104783,jQuery(this));return false\" href=\"https:\/\/konpap.dk\/\"><img decoding=\"async\" style=\"width:100%;\" src=\"https:\/\/kunmedierne.dk\/mors\/wp-content\/uploads\/2023\/10\/Kun-Mors-banner.jpg\"><\/a><script>cdmtrack_view(104783);<\/script>\n<p>Bent Svenningsen, driftsleder hos Vilsund Blue st\u00e5r ogs\u00e5 i hallen. Han siger:<\/p>\n<p>&#8211; Palle har fyldt en god del i vores produktion i mange \u00e5r. Han har v\u00e6ret en vigtig medarbejder. Derfor synes vi ogs\u00e5, det er p\u00e5 sin plads, at han skal have medaljen.<\/p>\n<p>&nbsp;<\/p>\n<p><strong>Festaben og sp\u00f8gelset<\/strong><\/p>\n<p>Der er ingen, der taler l\u00e6nge med Palle uden at f\u00e5 et grin med. Hans kollegaer har to \u00f8genavne til ham: Festaben og Sp\u00f8gelset.<\/p>\n<p>&#8211; Vi kalder ham sp\u00f8gelset. Palle har altid v\u00e6ret god til at gemme sig \u2013 det kan han ikke i dag, lyder det fra en tidligere kollega, der sender Palle et smil.<\/p>\n<p>Han har altid cyklet p\u00e5 arbejde. I 44 \u00e5r. Og n\u00e5r han ser tilbage, er det sv\u00e6rt at finde en dag, der f\u00f8ltes som spild.<\/p>\n<p>&#8211; Der har ikke v\u00e6ret ret mange dage her, der har v\u00e6ret kedelige, og der har altid v\u00e6ret godt vejr de dage, jeg er cyklet p\u00e5 arbejde, siger han med et grin.<\/p>\n<p>&nbsp;<\/p>\n<p><strong>Fire gange verdensmester<\/strong><\/p>\n<p>Men Vilsund Blue er ikke det eneste sted, han har sat sine spor. Langs v\u00e6ggene l\u00f8ber rygtet. Palle Nielsen er firedobbelt verdensmester i at sejle sj\u00e6gt \u2013 en klinkbygget fiskerjolle, der i sin tid blev brugt til fiskeri p\u00e5 Limfjorden.<\/p>\n<p>&#8211; Her i for\u00e5ret skal jeg ud og sejle igen. Nu har jeg jo tid til alt muligt andet. Jeg maler ogs\u00e5 en masse malerier. Og s\u00e5 bruger jeg tid sammen med min kone, mine b\u00f8rn og b\u00f8rneb\u00f8rn.<\/p>\n<a class=\"dvrt-link\" onClick=\"cdmtrack_click(169437,jQuery(this));return false\" href=\"https:\/\/thymors.dk\/sponsorater\/15-til-faellesskabet?utm_source=kunmors&amp;utm_medium=annonce&amp;utm_campaign=sponsorater\"><img decoding=\"async\" style=\"width:100%;\" src=\"https:\/\/kunmedierne.dk\/mors\/wp-content\/uploads\/2026\/03\/260407ThyMors-energi_faellesskab_generel-1.jpg\"><\/a><script>cdmtrack_view(169437);<\/script>\n<p>Inde i hallen bliver der stillet op til ceremonien. En lille hvid \u00e6ske bliver b\u00e5ret frem, den skinner i lyset fra loftslamperne. Palle f\u00e5r \u00e6sken i h\u00e5nden. P\u00e5 s\u00f8lvmedaljen indeni er der et billede af kongen.<\/p>\n<p>Han ser p\u00e5 medaljen, retter sig op og kigger ud over de mange ansigter foran sig. S\u00e5 l\u00f8fter han blikket og siger:<\/p>\n<p>&#8211; Mange tak skal I have alle sammen. S\u00e5 m\u00e5 jeg lige finde ud af det med handskerne og bes\u00f8get hos kongen.<\/p>\n<p>&nbsp;<\/p>\n<blockquote>\n<h5><strong>Den Kongelige Fortjenstmedalje<\/strong> i s\u00f8lv kan tildeles for en fortjenstfuld indsats efter mindst 40 \u00e5rs uafbrudt ans\u00e6ttelse inden for samme besk\u00e6ftigelsesomr\u00e5de i den offentlige sektor &#8211; og under den samme ans\u00e6ttelsesmyndighed.<\/h5>\n<h5>Den Kongelige Bel\u00f8nningsmedalje kan normalt tildeles efter 50 \u00e5rs fortjenstfuld ans\u00e6ttelse eller i forbindelse med udtr\u00e6den af arbejdsmarkedet efter mindst 40 \u00e5rs ans\u00e6ttelse i samme private virksomhed. (<a href=\"https:\/\/www.ism.dk\/ministeriet\/dekoreringer\/den-kongelige-fortjenstmedalje-og-kongelig-beloenningsmedalje\" target=\"_blank\" rel=\"noopener\">Kilde: Indenrigs- og sundhedsministeriet<\/a>)<\/h5>\n<p>&nbsp;<\/p><\/blockquote>\n<p><img loading=\"lazy\" decoding=\"async\" class=\"alignnone size-full wp-image-141395\" src=\"https:\/\/kunmedierne.dk\/mors\/wp-content\/uploads\/2025\/03\/FOREDRAG-BILLEDMATERIALE-1.pdf21.jpg\" alt=\"\" width=\"2000\" height=\"1414\" srcset=\"https:\/\/kunmedierne.dk\/mors\/wp-content\/uploads\/2025\/03\/FOREDRAG-BILLEDMATERIALE-1.pdf21.jpg 2000w, https:\/\/kunmedierne.dk\/mors\/wp-content\/uploads\/2025\/03\/FOREDRAG-BILLEDMATERIALE-1.pdf21-300x212.jpg 300w, https:\/\/kunmedierne.dk\/mors\/wp-content\/uploads\/2025\/03\/FOREDRAG-BILLEDMATERIALE-1.pdf21-1024x724.jpg 1024w, https:\/\/kunmedierne.dk\/mors\/wp-content\/uploads\/2025\/03\/FOREDRAG-BILLEDMATERIALE-1.pdf21-510x361.jpg 510w\" sizes=\"auto, (max-width: 2000px) 100vw, 2000px\" \/><\/p>\n<p><img loading=\"lazy\" decoding=\"async\" class=\"alignnone size-full wp-image-141396\" src=\"https:\/\/kunmedierne.dk\/mors\/wp-content\/uploads\/2025\/03\/FOREDRAG-BILLEDMATERIALE-1.pdf22.jpg\" alt=\"\" width=\"2000\" height=\"1414\" srcset=\"https:\/\/kunmedierne.dk\/mors\/wp-content\/uploads\/2025\/03\/FOREDRAG-BILLEDMATERIALE-1.pdf22.jpg 2000w, https:\/\/kunmedierne.dk\/mors\/wp-content\/uploads\/2025\/03\/FOREDRAG-BILLEDMATERIALE-1.pdf22-300x212.jpg 300w, https:\/\/kunmedierne.dk\/mors\/wp-content\/uploads\/2025\/03\/FOREDRAG-BILLEDMATERIALE-1.pdf22-1024x724.jpg 1024w, https:\/\/kunmedierne.dk\/mors\/wp-content\/uploads\/2025\/03\/FOREDRAG-BILLEDMATERIALE-1.pdf22-510x361.jpg 510w\" sizes=\"auto, (max-width: 2000px) 100vw, 2000px\" \/><\/p>\n","protected":false},"excerpt":{"rendered":"<p>NYK\u00d8BING: Klokken n\u00e6rmer sig 13.00, og der er d\u00e6kket op i produktionshallen hos Vilsund Blue. Langs et bord med bl\u00e5 dug st\u00e5r h\u00f8je glas og gule blomster. P\u00e5 den ene side af hallen danner paller med konservesd\u00e5ser en v\u00e6g af muslingek\u00f8d, uden for hallen syder p\u00f8lser p\u00e5 en grill. Duften h\u00e6nger i luften. Den Glade [&hellip;]<\/p>\n","protected":false},"author":2507,"featured_media":0,"comment_status":"closed","ping_status":"closed","sticky":false,"template":"","format":"standard","meta":{"_acf_changed":false,"footnotes":""},"categories":[51,52],"tags":[],"class_list":["post-141391","post","type-post","status-publish","format-standard","hentry","category-lokalt","category-navne"],"acf":[],"yoast_head":"<!-- This site is optimized with the Yoast SEO plugin v26.8 - https:\/\/yoast.com\/product\/yoast-seo-wordpress\/ -->\n<title>Palle Nielsen blev h\u00e6dret for sine 44 \u00e5r hos Vilsund Blue - Mors<\/title>\n<meta name=\"robots\" content=\"index, follow, max-snippet:-1, max-image-preview:large, max-video-preview:-1\" \/>\n<link rel=\"canonical\" href=\"https:\/\/kunmedierne.dk\/mors\/palle-nielsen-blev-haedret-for-sine-44-aar-hos-vilsund-blue\/\" \/>\n<meta property=\"og:locale\" content=\"da_DK\" \/>\n<meta property=\"og:type\" content=\"article\" \/>\n<meta property=\"og:title\" content=\"Palle Nielsen blev h\u00e6dret for sine 44 \u00e5r hos Vilsund Blue - Mors\" \/>\n<meta property=\"og:description\" content=\"NYK\u00d8BING: Klokken n\u00e6rmer sig 13.00, og der er d\u00e6kket op i produktionshallen hos Vilsund Blue. Langs et bord med bl\u00e5 dug st\u00e5r h\u00f8je glas og gule blomster. P\u00e5 den ene side af hallen danner paller med konservesd\u00e5ser en v\u00e6g af muslingek\u00f8d, uden for hallen syder p\u00f8lser p\u00e5 en grill. Duften h\u00e6nger i luften. Den Glade [&hellip;]\" \/>\n<meta property=\"og:url\" content=\"https:\/\/kunmedierne.dk\/mors\/palle-nielsen-blev-haedret-for-sine-44-aar-hos-vilsund-blue\/\" \/>\n<meta property=\"og:site_name\" content=\"Mors\" \/>\n<meta property=\"article:published_time\" content=\"2025-03-14T15:40:14+00:00\" \/>\n<meta property=\"article:modified_time\" content=\"2025-03-15T12:49:25+00:00\" \/>\n<meta property=\"og:image\" content=\"https:\/\/kunmedierne.dk\/mors\/wp-content\/uploads\/2025\/03\/FOREDRAG-BILLEDMATERIALE-1.pdf21.jpg\" \/>\n<meta name=\"author\" content=\"Katrine Hedegaard\" \/>\n<meta name=\"twitter:card\" content=\"summary_large_image\" \/>\n<meta name=\"twitter:label1\" content=\"Skrevet af\" \/>\n\t<meta name=\"twitter:data1\" content=\"Katrine Hedegaard\" \/>\n\t<meta name=\"twitter:label2\" content=\"Estimeret l\u00e6setid\" \/>\n\t<meta name=\"twitter:data2\" content=\"5 minutter\" \/>\n<script type=\"application\/ld+json\" class=\"yoast-schema-graph\">{\"@context\":\"https:\/\/schema.org\",\"@graph\":[{\"@type\":\"Article\",\"@id\":\"https:\/\/kunmedierne.dk\/mors\/palle-nielsen-blev-haedret-for-sine-44-aar-hos-vilsund-blue\/#article\",\"isPartOf\":{\"@id\":\"https:\/\/kunmedierne.dk\/mors\/palle-nielsen-blev-haedret-for-sine-44-aar-hos-vilsund-blue\/\"},\"author\":{\"name\":\"Katrine Hedegaard\",\"@id\":\"https:\/\/kunmedierne.dk\/mors\/#\/schema\/person\/b2e62a38069b12365e53e087a8709c64\"},\"headline\":\"Palle Nielsen blev h\u00e6dret for sine 44 \u00e5r hos Vilsund Blue\",\"datePublished\":\"2025-03-14T15:40:14+00:00\",\"dateModified\":\"2025-03-15T12:49:25+00:00\",\"mainEntityOfPage\":{\"@id\":\"https:\/\/kunmedierne.dk\/mors\/palle-nielsen-blev-haedret-for-sine-44-aar-hos-vilsund-blue\/\"},\"wordCount\":815,\"publisher\":{\"@id\":\"https:\/\/kunmedierne.dk\/mors\/#organization\"},\"image\":{\"@id\":\"https:\/\/kunmedierne.dk\/mors\/palle-nielsen-blev-haedret-for-sine-44-aar-hos-vilsund-blue\/#primaryimage\"},\"thumbnailUrl\":\"https:\/\/kunmedierne.dk\/mors\/wp-content\/uploads\/2025\/03\/FOREDRAG-BILLEDMATERIALE-1.pdf21.jpg\",\"articleSection\":[\"Lokalt\",\"Navne\"],\"inLanguage\":\"da-DK\"},{\"@type\":\"WebPage\",\"@id\":\"https:\/\/kunmedierne.dk\/mors\/palle-nielsen-blev-haedret-for-sine-44-aar-hos-vilsund-blue\/\",\"url\":\"https:\/\/kunmedierne.dk\/mors\/palle-nielsen-blev-haedret-for-sine-44-aar-hos-vilsund-blue\/\",\"name\":\"Palle Nielsen blev h\u00e6dret for sine 44 \u00e5r hos Vilsund Blue - Mors\",\"isPartOf\":{\"@id\":\"https:\/\/kunmedierne.dk\/mors\/#website\"},\"primaryImageOfPage\":{\"@id\":\"https:\/\/kunmedierne.dk\/mors\/palle-nielsen-blev-haedret-for-sine-44-aar-hos-vilsund-blue\/#primaryimage\"},\"image\":{\"@id\":\"https:\/\/kunmedierne.dk\/mors\/palle-nielsen-blev-haedret-for-sine-44-aar-hos-vilsund-blue\/#primaryimage\"},\"thumbnailUrl\":\"https:\/\/kunmedierne.dk\/mors\/wp-content\/uploads\/2025\/03\/FOREDRAG-BILLEDMATERIALE-1.pdf21.jpg\",\"datePublished\":\"2025-03-14T15:40:14+00:00\",\"dateModified\":\"2025-03-15T12:49:25+00:00\",\"breadcrumb\":{\"@id\":\"https:\/\/kunmedierne.dk\/mors\/palle-nielsen-blev-haedret-for-sine-44-aar-hos-vilsund-blue\/#breadcrumb\"},\"inLanguage\":\"da-DK\",\"potentialAction\":[{\"@type\":\"ReadAction\",\"target\":[\"https:\/\/kunmedierne.dk\/mors\/palle-nielsen-blev-haedret-for-sine-44-aar-hos-vilsund-blue\/\"]}]},{\"@type\":\"ImageObject\",\"inLanguage\":\"da-DK\",\"@id\":\"https:\/\/kunmedierne.dk\/mors\/palle-nielsen-blev-haedret-for-sine-44-aar-hos-vilsund-blue\/#primaryimage\",\"url\":\"https:\/\/kunmedierne.dk\/mors\/wp-content\/uploads\/2025\/03\/FOREDRAG-BILLEDMATERIALE-1.pdf21.jpg\",\"contentUrl\":\"https:\/\/kunmedierne.dk\/mors\/wp-content\/uploads\/2025\/03\/FOREDRAG-BILLEDMATERIALE-1.pdf21.jpg\",\"width\":2000,\"height\":1414},{\"@type\":\"BreadcrumbList\",\"@id\":\"https:\/\/kunmedierne.dk\/mors\/palle-nielsen-blev-haedret-for-sine-44-aar-hos-vilsund-blue\/#breadcrumb\",\"itemListElement\":[{\"@type\":\"ListItem\",\"position\":1,\"name\":\"Hjem\",\"item\":\"https:\/\/kunmedierne.dk\/mors\/\"},{\"@type\":\"ListItem\",\"position\":2,\"name\":\"Palle Nielsen blev h\u00e6dret for sine 44 \u00e5r hos Vilsund Blue\"}]},{\"@type\":\"WebSite\",\"@id\":\"https:\/\/kunmedierne.dk\/mors\/#website\",\"url\":\"https:\/\/kunmedierne.dk\/mors\/\",\"name\":\"Mors\",\"description\":\"et netmedie med journalistik om livet p\u00e5 Mors\",\"publisher\":{\"@id\":\"https:\/\/kunmedierne.dk\/mors\/#organization\"},\"potentialAction\":[{\"@type\":\"SearchAction\",\"target\":{\"@type\":\"EntryPoint\",\"urlTemplate\":\"https:\/\/kunmedierne.dk\/mors\/?s={search_term_string}\"},\"query-input\":{\"@type\":\"PropertyValueSpecification\",\"valueRequired\":true,\"valueName\":\"search_term_string\"}}],\"inLanguage\":\"da-DK\"},{\"@type\":\"Organization\",\"@id\":\"https:\/\/kunmedierne.dk\/mors\/#organization\",\"name\":\"Mors\",\"url\":\"https:\/\/kunmedierne.dk\/mors\/\",\"logo\":{\"@type\":\"ImageObject\",\"inLanguage\":\"da-DK\",\"@id\":\"https:\/\/kunmedierne.dk\/mors\/#\/schema\/logo\/image\/\",\"url\":\"https:\/\/kunmedierne.dk\/mors\/wp-content\/uploads\/2024\/08\/kunmors-logo.svg\",\"contentUrl\":\"https:\/\/kunmedierne.dk\/mors\/wp-content\/uploads\/2024\/08\/kunmors-logo.svg\",\"caption\":\"Mors\"},\"image\":{\"@id\":\"https:\/\/kunmedierne.dk\/mors\/#\/schema\/logo\/image\/\"}},{\"@type\":\"Person\",\"@id\":\"https:\/\/kunmedierne.dk\/mors\/#\/schema\/person\/b2e62a38069b12365e53e087a8709c64\",\"name\":\"Katrine Hedegaard\",\"image\":{\"@type\":\"ImageObject\",\"inLanguage\":\"da-DK\",\"@id\":\"https:\/\/kunmedierne.dk\/mors\/#\/schema\/person\/image\/\",\"url\":\"https:\/\/secure.gravatar.com\/avatar\/18a5c72fa9148052fd3ed5a58b40fc83cfdc9811090e6e6eec9539af058edcc0?s=96&d=mm&r=g\",\"contentUrl\":\"https:\/\/secure.gravatar.com\/avatar\/18a5c72fa9148052fd3ed5a58b40fc83cfdc9811090e6e6eec9539af058edcc0?s=96&d=mm&r=g\",\"caption\":\"Katrine Hedegaard\"},\"url\":\"https:\/\/kunmedierne.dk\/mors\/author\/katrine\/\"}]}<\/script>\n<!-- \/ Yoast SEO plugin. -->","yoast_head_json":{"title":"Palle Nielsen blev h\u00e6dret for sine 44 \u00e5r hos Vilsund Blue - Mors","robots":{"index":"index","follow":"follow","max-snippet":"max-snippet:-1","max-image-preview":"max-image-preview:large","max-video-preview":"max-video-preview:-1"},"canonical":"https:\/\/kunmedierne.dk\/mors\/palle-nielsen-blev-haedret-for-sine-44-aar-hos-vilsund-blue\/","og_locale":"da_DK","og_type":"article","og_title":"Palle Nielsen blev h\u00e6dret for sine 44 \u00e5r hos Vilsund Blue - Mors","og_description":"NYK\u00d8BING: Klokken n\u00e6rmer sig 13.00, og der er d\u00e6kket op i produktionshallen hos Vilsund Blue. Langs et bord med bl\u00e5 dug st\u00e5r h\u00f8je glas og gule blomster. P\u00e5 den ene side af hallen danner paller med konservesd\u00e5ser en v\u00e6g af muslingek\u00f8d, uden for hallen syder p\u00f8lser p\u00e5 en grill. Duften h\u00e6nger i luften. Den Glade [&hellip;]","og_url":"https:\/\/kunmedierne.dk\/mors\/palle-nielsen-blev-haedret-for-sine-44-aar-hos-vilsund-blue\/","og_site_name":"Mors","article_published_time":"2025-03-14T15:40:14+00:00","article_modified_time":"2025-03-15T12:49:25+00:00","og_image":[{"url":"https:\/\/kunmedierne.dk\/mors\/wp-content\/uploads\/2025\/03\/FOREDRAG-BILLEDMATERIALE-1.pdf21.jpg","type":"","width":"","height":""}],"author":"Katrine Hedegaard","twitter_card":"summary_large_image","twitter_misc":{"Skrevet af":"Katrine Hedegaard","Estimeret l\u00e6setid":"5 minutter"},"schema":{"@context":"https:\/\/schema.org","@graph":[{"@type":"Article","@id":"https:\/\/kunmedierne.dk\/mors\/palle-nielsen-blev-haedret-for-sine-44-aar-hos-vilsund-blue\/#article","isPartOf":{"@id":"https:\/\/kunmedierne.dk\/mors\/palle-nielsen-blev-haedret-for-sine-44-aar-hos-vilsund-blue\/"},"author":{"name":"Katrine Hedegaard","@id":"https:\/\/kunmedierne.dk\/mors\/#\/schema\/person\/b2e62a38069b12365e53e087a8709c64"},"headline":"Palle Nielsen blev h\u00e6dret for sine 44 \u00e5r hos Vilsund Blue","datePublished":"2025-03-14T15:40:14+00:00","dateModified":"2025-03-15T12:49:25+00:00","mainEntityOfPage":{"@id":"https:\/\/kunmedierne.dk\/mors\/palle-nielsen-blev-haedret-for-sine-44-aar-hos-vilsund-blue\/"},"wordCount":815,"publisher":{"@id":"https:\/\/kunmedierne.dk\/mors\/#organization"},"image":{"@id":"https:\/\/kunmedierne.dk\/mors\/palle-nielsen-blev-haedret-for-sine-44-aar-hos-vilsund-blue\/#primaryimage"},"thumbnailUrl":"https:\/\/kunmedierne.dk\/mors\/wp-content\/uploads\/2025\/03\/FOREDRAG-BILLEDMATERIALE-1.pdf21.jpg","articleSection":["Lokalt","Navne"],"inLanguage":"da-DK"},{"@type":"WebPage","@id":"https:\/\/kunmedierne.dk\/mors\/palle-nielsen-blev-haedret-for-sine-44-aar-hos-vilsund-blue\/","url":"https:\/\/kunmedierne.dk\/mors\/palle-nielsen-blev-haedret-for-sine-44-aar-hos-vilsund-blue\/","name":"Palle Nielsen blev h\u00e6dret for sine 44 \u00e5r hos Vilsund Blue - Mors","isPartOf":{"@id":"https:\/\/kunmedierne.dk\/mors\/#website"},"primaryImageOfPage":{"@id":"https:\/\/kunmedierne.dk\/mors\/palle-nielsen-blev-haedret-for-sine-44-aar-hos-vilsund-blue\/#primaryimage"},"image":{"@id":"https:\/\/kunmedierne.dk\/mors\/palle-nielsen-blev-haedret-for-sine-44-aar-hos-vilsund-blue\/#primaryimage"},"thumbnailUrl":"https:\/\/kunmedierne.dk\/mors\/wp-content\/uploads\/2025\/03\/FOREDRAG-BILLEDMATERIALE-1.pdf21.jpg","datePublished":"2025-03-14T15:40:14+00:00","dateModified":"2025-03-15T12:49:25+00:00","breadcrumb":{"@id":"https:\/\/kunmedierne.dk\/mors\/palle-nielsen-blev-haedret-for-sine-44-aar-hos-vilsund-blue\/#breadcrumb"},"inLanguage":"da-DK","potentialAction":[{"@type":"ReadAction","target":["https:\/\/kunmedierne.dk\/mors\/palle-nielsen-blev-haedret-for-sine-44-aar-hos-vilsund-blue\/"]}]},{"@type":"ImageObject","inLanguage":"da-DK","@id":"https:\/\/kunmedierne.dk\/mors\/palle-nielsen-blev-haedret-for-sine-44-aar-hos-vilsund-blue\/#primaryimage","url":"https:\/\/kunmedierne.dk\/mors\/wp-content\/uploads\/2025\/03\/FOREDRAG-BILLEDMATERIALE-1.pdf21.jpg","contentUrl":"https:\/\/kunmedierne.dk\/mors\/wp-content\/uploads\/2025\/03\/FOREDRAG-BILLEDMATERIALE-1.pdf21.jpg","width":2000,"height":1414},{"@type":"BreadcrumbList","@id":"https:\/\/kunmedierne.dk\/mors\/palle-nielsen-blev-haedret-for-sine-44-aar-hos-vilsund-blue\/#breadcrumb","itemListElement":[{"@type":"ListItem","position":1,"name":"Hjem","item":"https:\/\/kunmedierne.dk\/mors\/"},{"@type":"ListItem","position":2,"name":"Palle Nielsen blev h\u00e6dret for sine 44 \u00e5r hos Vilsund Blue"}]},{"@type":"WebSite","@id":"https:\/\/kunmedierne.dk\/mors\/#website","url":"https:\/\/kunmedierne.dk\/mors\/","name":"Mors","description":"et netmedie med journalistik om livet p\u00e5 Mors","publisher":{"@id":"https:\/\/kunmedierne.dk\/mors\/#organization"},"potentialAction":[{"@type":"SearchAction","target":{"@type":"EntryPoint","urlTemplate":"https:\/\/kunmedierne.dk\/mors\/?s={search_term_string}"},"query-input":{"@type":"PropertyValueSpecification","valueRequired":true,"valueName":"search_term_string"}}],"inLanguage":"da-DK"},{"@type":"Organization","@id":"https:\/\/kunmedierne.dk\/mors\/#organization","name":"Mors","url":"https:\/\/kunmedierne.dk\/mors\/","logo":{"@type":"ImageObject","inLanguage":"da-DK","@id":"https:\/\/kunmedierne.dk\/mors\/#\/schema\/logo\/image\/","url":"https:\/\/kunmedierne.dk\/mors\/wp-content\/uploads\/2024\/08\/kunmors-logo.svg","contentUrl":"https:\/\/kunmedierne.dk\/mors\/wp-content\/uploads\/2024\/08\/kunmors-logo.svg","caption":"Mors"},"image":{"@id":"https:\/\/kunmedierne.dk\/mors\/#\/schema\/logo\/image\/"}},{"@type":"Person","@id":"https:\/\/kunmedierne.dk\/mors\/#\/schema\/person\/b2e62a38069b12365e53e087a8709c64","name":"Katrine Hedegaard","image":{"@type":"ImageObject","inLanguage":"da-DK","@id":"https:\/\/kunmedierne.dk\/mors\/#\/schema\/person\/image\/","url":"https:\/\/secure.gravatar.com\/avatar\/18a5c72fa9148052fd3ed5a58b40fc83cfdc9811090e6e6eec9539af058edcc0?s=96&d=mm&r=g","contentUrl":"https:\/\/secure.gravatar.com\/avatar\/18a5c72fa9148052fd3ed5a58b40fc83cfdc9811090e6e6eec9539af058edcc0?s=96&d=mm&r=g","caption":"Katrine Hedegaard"},"url":"https:\/\/kunmedierne.dk\/mors\/author\/katrine\/"}]}},"_links":{"self":[{"href":"https:\/\/kunmedierne.dk\/mors\/wp-json\/wp\/v2\/posts\/141391","targetHints":{"allow":["GET"]}}],"collection":[{"href":"https:\/\/kunmedierne.dk\/mors\/wp-json\/wp\/v2\/posts"}],"about":[{"href":"https:\/\/kunmedierne.dk\/mors\/wp-json\/wp\/v2\/types\/post"}],"author":[{"embeddable":true,"href":"https:\/\/kunmedierne.dk\/mors\/wp-json\/wp\/v2\/users\/2507"}],"replies":[{"embeddable":true,"href":"https:\/\/kunmedierne.dk\/mors\/wp-json\/wp\/v2\/comments?post=141391"}],"version-history":[{"count":10,"href":"https:\/\/kunmedierne.dk\/mors\/wp-json\/wp\/v2\/posts\/141391\/revisions"}],"predecessor-version":[{"id":141463,"href":"https:\/\/kunmedierne.dk\/mors\/wp-json\/wp\/v2\/posts\/141391\/revisions\/141463"}],"wp:attachment":[{"href":"https:\/\/kunmedierne.dk\/mors\/wp-json\/wp\/v2\/media?parent=141391"}],"wp:term":[{"taxonomy":"category","embeddable":true,"href":"https:\/\/kunmedierne.dk\/mors\/wp-json\/wp\/v2\/categories?post=141391"},{"taxonomy":"post_tag","embeddable":true,"href":"https:\/\/kunmedierne.dk\/mors\/wp-json\/wp\/v2\/tags?post=141391"}],"curies":[{"name":"wp","href":"https:\/\/api.w.org\/{rel}","templated":true}]}}