{"id":140575,"date":"2025-04-01T17:35:20","date_gmt":"2025-04-01T15:35:20","guid":{"rendered":"https:\/\/kunmedierne.dk\/mors\/?p=140575"},"modified":"2025-04-02T13:39:15","modified_gmt":"2025-04-02T11:39:15","slug":"kjelds-boen-til-kommunen-vis-mere-tillid-til-hjemmehjaelperne","status":"publish","type":"post","link":"https:\/\/kunmedierne.dk\/mors\/kjelds-boen-til-kommunen-vis-mere-tillid-til-hjemmehjaelperne\/","title":{"rendered":"Kjelds b\u00f8n til kommunen: &#8220;Vis mere tillid til hjemmehj\u00e6lperne&#8221;"},"content":{"rendered":"<blockquote>\n<h4 class=\"cdm-speech-text\">RESUM\u00c9 AF ARTIKEL<\/h4>\n<h5 class=\"cdm-speech-text\">Dette er en s\u00e5kaldt longread-artikel med en l\u00e6ngde, der giver mulighed for fordybelse, men som kr\u00e6ver mere tid at n\u00e5 igennem. Vi bringer derfor her et resum\u00e9 af indholdet:<\/h5>\n<h5 class=\"cdm-speech-text\"><span style=\"font-size: 13.28px\">For 10 \u00e5r siden fik nu 82-\u00e5rige Kjeld B\u00f8cker en hjernebl\u00f8dning. Det har gjort den ellers s\u00e5 aktive morsingbo afh\u00e6ngig af hjemmehj\u00e6lp, og efter at have oplevet besparelser p\u00e5 omr\u00e5det retter han nu en kritik imod kvaliteten. Ikke imod hjemmehj\u00e6lperne, men imod de vilk\u00e5r, de arbejder under.<\/span><\/h5>\n<h5 class=\"cdm-speech-text\"><span style=\"font-size: 13.28px\">If\u00f8lge Kjeld B\u00f8cker bruger de for meget til p\u00e5 dokumentation, og der er s\u00e5 mange forskellige hjemmehj\u00e6lpere i hans lejlighed, at han har sv\u00e6rt ved at genkende, at Mors\u00f8 Kommune k\u00f8rer med selvstyrende teams.<\/span><\/h5>\n<h5 class=\"cdm-speech-text\"><span style=\"font-size: 13.28px\">Han mener, at kvaliteten af hjemmeplejen p\u00e5 Mors vil stige, hvis man \u00e6ndrer fokus p\u00e5 tid til at v\u00e6re fokus p\u00e5 tillid.<\/span><\/h5>\n<h5 class=\"cdm-speech-text\"><span style=\"font-size: 13.28px\">KunMors har ogs\u00e5 talt med politikere med ansvar p\u00e5 omr\u00e5det, med chefen for Mors\u00f8 Hjemmepleje og med formanden for seniorr\u00e5det. Det kan du l\u00e6se om i <a href=\"https:\/\/kunmedierne.dk\/mors\/udvalgsformand-vi-har-en-rigtig-god-hjemmepleje-paa-mors\/\" target=\"_blank\" rel=\"noopener\">denne artikel<\/a>.<\/span><\/h5>\n<\/blockquote>\n<p>&nbsp;<\/p>\n<h2>Kjelds b\u00f8n til kommunen: &#8220;Vis mere tillid til hjemmehj\u00e6lperne&#8221;<\/h2>\n<h4>Vejen til bedre hjemmehj\u00e6lp g\u00e5r over bedre vilk\u00e5r for dem, der skal give hj\u00e6lpen. Det mener en af de borgere, der har brug for den. KunMors har bes\u00f8gt 82-\u00e5rige Kjeld B\u00f8cker, der oplever konsekvenserne af besparelser.<\/h4>\n<p><strong>HJEMMEHJ\u00c6LP<\/strong>: N\u00e5r man tr\u00e6der ind i Kjeld B\u00f8ckers lejlighed i Skovgade i Nyk\u00f8bing, fort\u00e6ller den n\u00e6rmest historien om hans liv uden et ord.<\/p>\n<p>Kontrasterne p\u00e5 f\u00f8r og nu er til at f\u00e5 \u00f8je p\u00e5. Lejligheden er fyldt med b\u00f8ger &#8211; lige fra fagb\u00f8ger og sk\u00f8nlitter\u00e6re v\u00e6rker til hans egen &#8220;Mellem to stole &#8211; en m\u00f8nsterbryders erindringer&#8221;. Og lejligheden rummer tusindvis af minder om fortiden &#8211; om rejser rundt i verden, dagene p\u00e5 barrikaderne for kommunismen og hans afd\u00f8de hustru Laila Anderssons karriere som skuespiller manifesteret med hendes Bodil-statuette fra 1964.<\/p>\n<p>Blandt meget andet.<\/p>\n<a class=\"dvrt-link\" onClick=\"cdmtrack_click(114591,jQuery(this));return false\" href=\"https:\/\/www.facebook.com\/kopogkandemors\"><img decoding=\"async\" style=\"width:100%;\" src=\"https:\/\/kunmedierne.dk\/mors\/wp-content\/uploads\/2024\/03\/kop-og-kande-ja-tak-tilbud.jpg\"><\/a><script>cdmtrack_view(114591);<\/script>\n<p>Men lejligheden dokumenterer ogs\u00e5, at Kjeld i dag er aktiv i et helt andet tempo end f\u00f8r.<\/p>\n<p>For hans bolig er m\u00f8rk &#8211; eller som minimum dunkel. For 10 \u00e5r siden blev han ramt af en hjernebl\u00f8dning, og en senere \u00f8jenoperation \u00f8delagde en stor del af synet. Derfor har han brug for d\u00e6mpet belysning og tilbringer det meste af sin tid med at sidde stille og lytte til P1.<\/p>\n<p>Men han er stadig aktiv.<\/p>\n<p>&#8211; Vil du have en kop kaffe?<\/p>\n<p>Kjeld sidder klar i en stol ved stuebordet med en stor og fyldt reol bag sig. Han har to venner med som bisiddere for at hj\u00e6lpe med at f\u00e5 budskabet frem, for talen er ramt af hjernebl\u00f8dningen. Hovedet fejler ikke noget, men lige som synet er tempoet i formuleringerne sat betragteligt ned.<\/p>\n<a class=\"dvrt-link\" onClick=\"cdmtrack_click(104786,jQuery(this));return false\" href=\"https:\/\/limfjordsteatret.dk\/events\/tobias-dybvad-mit-bedste-onemanshow\/\"><img decoding=\"async\" style=\"width:100%;\" src=\"https:\/\/kunmedierne.dk\/mors\/wp-content\/uploads\/2023\/10\/aarskortLim_KunMors_1100x125.jpg\"><\/a><script>cdmtrack_view(104786);<\/script>\n<p>Alligevel er han til forst\u00e5. Indignationen over vilk\u00e5rene for borgere som ham og andre, der har brug for hj\u00e6lp i hverdagen, kr\u00e6ver ingen assistance. Heller ikke de gentagne understregninger af, at det ikke er hjemmehj\u00e6lperne i sig selv, han vil kritisere.<\/p>\n<p>&#8211; Jeg er meget tilfreds med dem. De har bare nogle d\u00e5rlige rammer. Der bliver strammet mere og mere, og der er en hel masse ting, de ikke m\u00e5, siger han.<\/p>\n<p>&nbsp;<\/p>\n<p><strong>Store krav til hjemmehj\u00e6lperne<\/strong><\/p>\n<p>Kjeld er f\u00f8dt i 1943 og voksede op i Nordjylland. Studenterhuen fik han p\u00e5 i Aalborg, og han blev kemiuddannet ved Aarhus Universitet. I mange \u00e5r arbejdede han som computerprogramm\u00f8r og havde et righoldigt arbejdsliv p\u00e5 virksomheder s\u00e5 forskellige som DLG, Post Danmark, DSB og General Motors.<\/p>\n<p>Sidel\u00f8bende var han politisk aktiv p\u00e5 den yderste venstrefl\u00f8j. Det f\u00f8rte til rejser til lande som Cuba og Sovjetunionen. Og m\u00e5ske var det ogs\u00e5 medvirkende til en opsigelse fra den amerikanske bilkoncern, da Kjeld i 1977 deltog i en demonstration til fordel for de strejkende typografer hos Berlingske Tidende og endte i Ekstra Bladet, fordi en fotograf fangede ham med en betjent over sig.<\/p>\n<a class=\"dvrt-link\" onClick=\"cdmtrack_click(111725,jQuery(this));return false\" href=\"https:\/\/www.thistedforsikring.dk\/?utm_source=partnerskaber&amp;utm_campaign=kun_mors\"><img decoding=\"async\" style=\"width:100%;\" src=\"https:\/\/kunmedierne.dk\/mors\/wp-content\/uploads\/2024\/02\/269409KunMors-ThistedFor-1.png\"><\/a><script>cdmtrack_view(111725);<\/script>\n<p>I 1999 flyttede Kjeld og Laila til Mors, hvor de var med til at starte en lokalafdeling af Enhedslisten. Kjeld stillede selv op til kommunalvalget i 2021, men man kan ikke sige, at opbakningen var stor, for der blev kun afgivet en enkelt stemme p\u00e5 ham.<\/p>\n<p>Han lyder dog ikke som en, der fortryder sin deltagelse &#8211; eller s\u00e5 meget andet. M\u00e5ske fortryder han n\u00e6rmere, hvad han ikke har gjort. At han ikke noget f\u00f8r har r\u00e5bt op om de besparelser p\u00e5 det sociale omr\u00e5de, der er grunden til, at han har inviteret KunMors p\u00e5 bes\u00f8g.<\/p>\n<p>&#8211; Der bliver stillet st\u00f8rre krav til hjemmehj\u00e6lperne. Vi kalder det minuttyranni, siger han med en vis tyngde i den ellers afd\u00e6mpede stemme, inden han fort\u00e6ller, hvordan hjemmehj\u00e6lpen foreg\u00e5r hos ham.<\/p>\n<a class=\"dvrt-link\" onClick=\"cdmtrack_click(104785,jQuery(this));return false\" href=\"https:\/\/www.facebook.com\/lyndrups\"><img decoding=\"async\" style=\"width:100%;\" src=\"https:\/\/kunmedierne.dk\/mors\/wp-content\/uploads\/2022\/02\/vip-lyndrups-rengoering.jpg\"><\/a><script>cdmtrack_view(104785);<\/script>\n<p>Kjeld f\u00e5r bes\u00f8g tre gange om dagen. Tidligere blev der st\u00f8vsuget, men nu er der krav om, at han selv skal anskaffe sig en robotst\u00f8vsuger. Ogs\u00e5 for at f\u00e5 vasket gulv. Det betyder, forklarer Kjeld, at en lejlighed med s\u00e5 mange stole- og bordben ikke f\u00e5r vasket gulv, hvor robotten ikke kan komme til.<\/p>\n<p>Et andet problem er maden, lyder det. Sm\u00f8rrebr\u00f8det fra Skovparken er sikkert fint &#8211; i hvert fald den f\u00f8rste dag.<\/p>\n<p>&#8211; Men jeg f\u00e5r sm\u00f8rebr\u00f8d for en hel uge ad gangen. S\u00e5 n\u00e5r jeg spiser det, er det somme tider en hel uge gammelt. Det er utilfredsstillende, siger Kjeld, som ogs\u00e5 savner variation og gr\u00f8nt i forplejningen.<\/p>\n<p>Men det er ikke s\u00e5 meget de konkrete elementer i hans egen hjemmepleje, han vil have sat lys p\u00e5. Det er \u00e9n bestemt ting, der g\u00e5r igen i hans anke over kvaliteten af den p\u00e5 Mors.<\/p>\n<p>&nbsp;<\/p>\n<p><strong>Et bestemt ord betyder alt<\/strong><\/p>\n<p>Inden bes\u00f8get har Kjeld, ogs\u00e5 med hj\u00e6lp fra sine venner, forfattet en tre sider lang tekst med sine synspunkter. N\u00e5r man l\u00e6ser dem, fornemmer man tydeligt hans forklaring p\u00e5 de forringelser, han over de senere \u00e5r har oplevet tage form.<\/p>\n<p>Hele 14 gange i teksten optr\u00e6der begrebet &#8220;tid&#8221; &#8211; for if\u00f8lge Kjeld er det den helt afg\u00f8rende faktor, n\u00e5r han skal forklare, hvorfor han ikke er tilfreds med serviceniveauet.<\/p>\n<p>For eksempel m\u00e5 hjemmehj\u00e6lperne ikke sm\u00f8re ham en bolle til frokost. Om aftenen har de for lidt tid til at l\u00e6gge ham i seng. Og med tabet af klippekortordningen er der ikke l\u00e6ngere tid til almindelig kontakt imellem mennesker, mener han.<\/p>\n<a class=\"dvrt-link\" onClick=\"cdmtrack_click(104785,jQuery(this));return false\" href=\"https:\/\/www.facebook.com\/lyndrups\"><img decoding=\"async\" style=\"width:100%;\" src=\"https:\/\/kunmedierne.dk\/mors\/wp-content\/uploads\/2022\/02\/vip-lyndrups-rengoering.jpg\"><\/a><script>cdmtrack_view(104785);<\/script>\n<p>&#8211; Dengang kunne jeg f\u00e5 en kop kaffe med hjemmehj\u00e6lperen. Man har jo ogs\u00e5 brug for at snakke med nogen, n\u00e5r man er alene. Og at komme ud p\u00e5 gaden, siger Kjeld.<\/p>\n<p>Han beskriver igen hjemmehj\u00e6lperne med positive ord. De er samvittighedsfulde, positive og venlige, siger han. Men han mener ogs\u00e5, at de er kede af situationen.<\/p>\n<p>&#8211; Jeg snakker tit med dem om det problem, de har. Det blander jeg mig i. De fleste t\u00f8r ikke sige noget, men de er enige med mig, siger han.<\/p>\n<p>Derefter kommer han med sit bud p\u00e5 en l\u00f8sning.<\/p>\n<p>&nbsp;<\/p>\n<p><strong>Et sp\u00f8rgsm\u00e5l om tillid<\/strong><\/p>\n<p>For i stedet for &#8220;tid&#8221; skal &#8220;tillid&#8221; v\u00e6re n\u00f8gleordet hos kommunen, lyder det fra den 82-\u00e5rige morsingbo. Det vil styrke hjemmeplejen, mener han.<\/p>\n<p>Kjeld B\u00f8cker, der har brug for hj\u00e6lp b\u00e5de morgen og aften, oplever s\u00e5 stor trafik af hjemmehj\u00e6lpere i sin lejlighed, at han har sv\u00e6rt ved at f\u00e5 \u00f8je p\u00e5, at der skulle v\u00e6re tale om selvstyrende teams \u2013 en ordning, der ellers netop burde sikre f\u00e6rre forskellige hj\u00e6lpere hos den enkelte borger.<\/p>\n<p>&#8211; Somme tider er det som at v\u00e6re p\u00e5 Fredericia Baneg\u00e5rd, siger han og tager fat p\u00e5 endnu en anke over den kommunale service.<\/p>\n<a class=\"dvrt-link\" onClick=\"cdmtrack_click(104785,jQuery(this));return false\" href=\"https:\/\/www.facebook.com\/lyndrups\"><img decoding=\"async\" style=\"width:100%;\" src=\"https:\/\/kunmedierne.dk\/mors\/wp-content\/uploads\/2022\/02\/vip-lyndrups-rengoering.jpg\"><\/a><script>cdmtrack_view(104785);<\/script>\n<p>Det er igen ordet \u201dminuttyranni\u201d, han tager i brug. Det vil Kjeld af med ved at reducere m\u00e6ngden af kontrol. Og modargumentet om, at det g\u00f8r det sv\u00e6rere at f\u00f8re kontrol med, at borgerne f\u00e5r den vedtagne service, k\u00f8ber han ikke.<\/p>\n<p>&#8211; Det er et sp\u00f8rgsm\u00e5l om tillid, siger han.<\/p>\n<p>Tilf\u00f8jelsen lyder, at han som borger med daglig kontakt til hjemmehj\u00e6lperne \u00e5benbart har st\u00f8rre tillid til de ansatte, end kommunen har.<\/p>\n<p>&#8211; De g\u00f8r det bedste, de kan, med de betingelser, de f\u00e5r. Og de er venlige og hj\u00e6lpsomme, siger han.<\/p>\n<p>&nbsp;<\/p>\n<p><strong>Mindre stres, mindre sygdom<\/strong><\/p>\n<p>Kjeld tager en pause. Det g\u00f8r han flere gang i l\u00f8bet af den tre kvarter lange samtale, der af fysiske \u00e5rsager foreg\u00e5r i et andet tempo, end da han for eksempel var tillidsmand i Giro Bank.<\/p>\n<p>&#8211; Dengang kunne jeg formulere mig meget bedre. Men p\u00e5 grund af hjernebl\u00f8dningen er min m\u00e5de at formulere mig p\u00e5 ualmindeligt ringe, siger han og sk\u00e6rer et ansigt.<\/p>\n<a class=\"dvrt-link\" onClick=\"cdmtrack_click(111725,jQuery(this));return false\" href=\"https:\/\/www.thistedforsikring.dk\/?utm_source=partnerskaber&amp;utm_campaign=kun_mors\"><img decoding=\"async\" style=\"width:100%;\" src=\"https:\/\/kunmedierne.dk\/mors\/wp-content\/uploads\/2024\/02\/269409KunMors-ThistedFor-1.png\"><\/a><script>cdmtrack_view(111725);<\/script>\n<p>Grimassen kan tolkes som b\u00e5de en skuffelse over situationen og som et sarkastisk smil. Men igen er det tydeligt, at hovedet ikke er g\u00e5et i st\u00e5. Som man ogs\u00e5 kan konkludere, da en af de to hj\u00e6lpere ved bordet byder ind med sit bud p\u00e5 uddybningen af et svar, hvilket f\u00e5r hovedpersonen til at sk\u00e6re igennem:<\/p>\n<p>&#8211; Er det dig, der skal interviewes?<\/p>\n<p>S\u00e5 der er ogs\u00e5 plads til latter i Kjelds tilv\u00e6relse. Og til smil med s\u00e6nkede skuldre og lavt blodtryk.<\/p>\n<p>Han s\u00e5 bare gerne, at hjemmehj\u00e6lperne oplevede den samme forn\u00f8jelse. Og han er sikker p\u00e5, at det ville s\u00e6nke sygefrav\u00e6ret blandt personalet, hvis man viste det mere tillid.<\/p>\n<p>&#8211; Jeg tror, at de bliver mindre syge med mindre stres. De har jo utilfredsstillende betingelser, og det f\u00f8rer til stres.<\/p>\n<p>&nbsp;<\/p>\n<p><strong>Kan man kr\u00e6ve mere?<\/strong><\/p>\n<p>Det er ikke s\u00e5dan, at Kjeld er uden forst\u00e5else for de kommunale udfordringer med at f\u00e5 de \u00f8konomiske ender til at h\u00e6nge sammen. Han skyder i f\u00f8rste omgang p\u00e5 regeringen, n\u00e5r den ikke leverer rammerne for den velf\u00e6rd, de kommunale politikere sikkert gerne vil tilbyde.<\/p>\n<p>Men han er uforst\u00e5ende over for, hvor sj\u00e6ldent man som borger kan f\u00e5 et bad, n\u00e5r lovens rammer giver plads til mere. Han undrer sig over, at hjemmehj\u00e6lperne skal bruge s\u00e5 meget tid p\u00e5 at rapportere, at deres i forvejen pressede tid bliver endnu mere hektisk. Og at de ikke engang m\u00e5 give et skub i ryggen for at hj\u00e6lpe en borger i k\u00f8restol op at st\u00e5. Eller at de ogs\u00e5 skal bruge tid p\u00e5 at rapportere s\u00e5 indlysende opgaver som toiletbes\u00f8g og hj\u00e6lp med at s\u00e6tte et h\u00f8reapparat til opladning.<\/p>\n<a class=\"dvrt-link\" onClick=\"cdmtrack_click(104785,jQuery(this));return false\" href=\"https:\/\/www.facebook.com\/lyndrups\"><img decoding=\"async\" style=\"width:100%;\" src=\"https:\/\/kunmedierne.dk\/mors\/wp-content\/uploads\/2022\/02\/vip-lyndrups-rengoering.jpg\"><\/a><script>cdmtrack_view(104785);<\/script>\n<p>Kjeld understreger derfor, at de lokale politikere selv er klar over, at de skraber bunden i forhold til lovgivningen. Og at de ikke kan give K\u00f8benhavn skylden for det hele.<\/p>\n<p><em>Men er det ikke sv\u00e6rt at kr\u00e6ve, at de skal g\u00f8re mere, n\u00e5r de nu f\u00f8lger loven?<\/em><\/p>\n<p>&#8211; Jo, det er meget sv\u00e6rt. Men der er ingen, der siger, at man ikke m\u00e5 foretage sig mere, end der st\u00e5r i loven, siger Kjeld og g\u00f8r en ny pause inden konklusionen:<\/p>\n<p>&#8211; Det er et sp\u00f8rgsm\u00e5l om prioritering.<\/p>\n<h5>L\u00c6S OGS\u00c5:<\/h5>\n<h5><a href=\"https:\/\/kunmedierne.dk\/mors\/udvalgsformand-vi-har-en-rigtig-god-hjemmepleje-paa-mors\/\" target=\"_blank\" rel=\"noopener\">Udvalgsformand: &#8220;Vi har en rigtig god hjemmepleje p\u00e5 Mors&#8221;<\/a><\/h5>\n","protected":false},"excerpt":{"rendered":"<p>RESUM\u00c9 AF ARTIKEL Dette er en s\u00e5kaldt longread-artikel med en l\u00e6ngde, der giver mulighed for fordybelse, men som kr\u00e6ver mere tid at n\u00e5 igennem. Vi bringer derfor her et resum\u00e9 af indholdet: For 10 \u00e5r siden fik nu 82-\u00e5rige Kjeld B\u00f8cker en hjernebl\u00f8dning. Det har gjort den ellers s\u00e5 aktive morsingbo afh\u00e6ngig af hjemmehj\u00e6lp, og [&hellip;]<\/p>\n","protected":false},"author":8,"featured_media":0,"comment_status":"closed","ping_status":"closed","sticky":false,"template":"","format":"standard","meta":{"_acf_changed":false,"footnotes":""},"categories":[51,90],"tags":[175],"class_list":["post-140575","post","type-post","status-publish","format-standard","hentry","category-lokalt","category-morsingboerne","tag-morsingboerne"],"acf":[],"yoast_head":"<!-- This site is optimized with the Yoast SEO plugin v26.8 - https:\/\/yoast.com\/product\/yoast-seo-wordpress\/ -->\n<title>Kjelds b\u00f8n til kommunen: &quot;Vis mere tillid til hjemmehj\u00e6lperne&quot; - Mors<\/title>\n<meta name=\"robots\" content=\"index, follow, max-snippet:-1, max-image-preview:large, max-video-preview:-1\" \/>\n<link rel=\"canonical\" href=\"https:\/\/kunmedierne.dk\/mors\/kjelds-boen-til-kommunen-vis-mere-tillid-til-hjemmehjaelperne\/\" \/>\n<meta property=\"og:locale\" content=\"da_DK\" \/>\n<meta property=\"og:type\" content=\"article\" \/>\n<meta property=\"og:title\" content=\"Kjelds b\u00f8n til kommunen: &quot;Vis mere tillid til hjemmehj\u00e6lperne&quot; - Mors\" \/>\n<meta property=\"og:description\" content=\"RESUM\u00c9 AF ARTIKEL Dette er en s\u00e5kaldt longread-artikel med en l\u00e6ngde, der giver mulighed for fordybelse, men som kr\u00e6ver mere tid at n\u00e5 igennem. Vi bringer derfor her et resum\u00e9 af indholdet: For 10 \u00e5r siden fik nu 82-\u00e5rige Kjeld B\u00f8cker en hjernebl\u00f8dning. Det har gjort den ellers s\u00e5 aktive morsingbo afh\u00e6ngig af hjemmehj\u00e6lp, og [&hellip;]\" \/>\n<meta property=\"og:url\" content=\"https:\/\/kunmedierne.dk\/mors\/kjelds-boen-til-kommunen-vis-mere-tillid-til-hjemmehjaelperne\/\" \/>\n<meta property=\"og:site_name\" content=\"Mors\" \/>\n<meta property=\"article:published_time\" content=\"2025-04-01T15:35:20+00:00\" \/>\n<meta property=\"article:modified_time\" content=\"2025-04-02T11:39:15+00:00\" \/>\n<meta name=\"author\" content=\"David H\u00f8jmark\" \/>\n<meta name=\"twitter:card\" content=\"summary_large_image\" \/>\n<meta name=\"twitter:label1\" content=\"Skrevet af\" \/>\n\t<meta name=\"twitter:data1\" content=\"David H\u00f8jmark\" \/>\n\t<meta name=\"twitter:label2\" content=\"Estimeret l\u00e6setid\" \/>\n\t<meta name=\"twitter:data2\" content=\"9 minutter\" \/>\n<script type=\"application\/ld+json\" class=\"yoast-schema-graph\">{\"@context\":\"https:\/\/schema.org\",\"@graph\":[{\"@type\":\"Article\",\"@id\":\"https:\/\/kunmedierne.dk\/mors\/kjelds-boen-til-kommunen-vis-mere-tillid-til-hjemmehjaelperne\/#article\",\"isPartOf\":{\"@id\":\"https:\/\/kunmedierne.dk\/mors\/kjelds-boen-til-kommunen-vis-mere-tillid-til-hjemmehjaelperne\/\"},\"author\":{\"name\":\"David H\u00f8jmark\",\"@id\":\"https:\/\/kunmedierne.dk\/mors\/#\/schema\/person\/5fe23251bf1d0abbcdc6f7896579d548\"},\"headline\":\"Kjelds b\u00f8n til kommunen: &#8220;Vis mere tillid til hjemmehj\u00e6lperne&#8221;\",\"datePublished\":\"2025-04-01T15:35:20+00:00\",\"dateModified\":\"2025-04-02T11:39:15+00:00\",\"mainEntityOfPage\":{\"@id\":\"https:\/\/kunmedierne.dk\/mors\/kjelds-boen-til-kommunen-vis-mere-tillid-til-hjemmehjaelperne\/\"},\"wordCount\":1942,\"publisher\":{\"@id\":\"https:\/\/kunmedierne.dk\/mors\/#organization\"},\"keywords\":[\"Morsingboerne\"],\"articleSection\":[\"Lokalt\",\"Morsingboerne\"],\"inLanguage\":\"da-DK\"},{\"@type\":\"WebPage\",\"@id\":\"https:\/\/kunmedierne.dk\/mors\/kjelds-boen-til-kommunen-vis-mere-tillid-til-hjemmehjaelperne\/\",\"url\":\"https:\/\/kunmedierne.dk\/mors\/kjelds-boen-til-kommunen-vis-mere-tillid-til-hjemmehjaelperne\/\",\"name\":\"Kjelds b\u00f8n til kommunen: \\\"Vis mere tillid til hjemmehj\u00e6lperne\\\" - Mors\",\"isPartOf\":{\"@id\":\"https:\/\/kunmedierne.dk\/mors\/#website\"},\"datePublished\":\"2025-04-01T15:35:20+00:00\",\"dateModified\":\"2025-04-02T11:39:15+00:00\",\"breadcrumb\":{\"@id\":\"https:\/\/kunmedierne.dk\/mors\/kjelds-boen-til-kommunen-vis-mere-tillid-til-hjemmehjaelperne\/#breadcrumb\"},\"inLanguage\":\"da-DK\",\"potentialAction\":[{\"@type\":\"ReadAction\",\"target\":[\"https:\/\/kunmedierne.dk\/mors\/kjelds-boen-til-kommunen-vis-mere-tillid-til-hjemmehjaelperne\/\"]}]},{\"@type\":\"BreadcrumbList\",\"@id\":\"https:\/\/kunmedierne.dk\/mors\/kjelds-boen-til-kommunen-vis-mere-tillid-til-hjemmehjaelperne\/#breadcrumb\",\"itemListElement\":[{\"@type\":\"ListItem\",\"position\":1,\"name\":\"Hjem\",\"item\":\"https:\/\/kunmedierne.dk\/mors\/\"},{\"@type\":\"ListItem\",\"position\":2,\"name\":\"Kjelds b\u00f8n til kommunen: &#8220;Vis mere tillid til hjemmehj\u00e6lperne&#8221;\"}]},{\"@type\":\"WebSite\",\"@id\":\"https:\/\/kunmedierne.dk\/mors\/#website\",\"url\":\"https:\/\/kunmedierne.dk\/mors\/\",\"name\":\"Mors\",\"description\":\"et netmedie med journalistik om livet p\u00e5 Mors\",\"publisher\":{\"@id\":\"https:\/\/kunmedierne.dk\/mors\/#organization\"},\"potentialAction\":[{\"@type\":\"SearchAction\",\"target\":{\"@type\":\"EntryPoint\",\"urlTemplate\":\"https:\/\/kunmedierne.dk\/mors\/?s={search_term_string}\"},\"query-input\":{\"@type\":\"PropertyValueSpecification\",\"valueRequired\":true,\"valueName\":\"search_term_string\"}}],\"inLanguage\":\"da-DK\"},{\"@type\":\"Organization\",\"@id\":\"https:\/\/kunmedierne.dk\/mors\/#organization\",\"name\":\"Mors\",\"url\":\"https:\/\/kunmedierne.dk\/mors\/\",\"logo\":{\"@type\":\"ImageObject\",\"inLanguage\":\"da-DK\",\"@id\":\"https:\/\/kunmedierne.dk\/mors\/#\/schema\/logo\/image\/\",\"url\":\"https:\/\/kunmedierne.dk\/mors\/wp-content\/uploads\/2024\/08\/kunmors-logo.svg\",\"contentUrl\":\"https:\/\/kunmedierne.dk\/mors\/wp-content\/uploads\/2024\/08\/kunmors-logo.svg\",\"caption\":\"Mors\"},\"image\":{\"@id\":\"https:\/\/kunmedierne.dk\/mors\/#\/schema\/logo\/image\/\"}},{\"@type\":\"Person\",\"@id\":\"https:\/\/kunmedierne.dk\/mors\/#\/schema\/person\/5fe23251bf1d0abbcdc6f7896579d548\",\"name\":\"David H\u00f8jmark\",\"image\":{\"@type\":\"ImageObject\",\"inLanguage\":\"da-DK\",\"@id\":\"https:\/\/kunmedierne.dk\/mors\/#\/schema\/person\/image\/\",\"url\":\"https:\/\/secure.gravatar.com\/avatar\/4315d6fb9ef244d729989f5f90268eb08d5bf8a3d84402f595fa194bb35784fd?s=96&d=mm&r=g\",\"contentUrl\":\"https:\/\/secure.gravatar.com\/avatar\/4315d6fb9ef244d729989f5f90268eb08d5bf8a3d84402f595fa194bb35784fd?s=96&d=mm&r=g\",\"caption\":\"David H\u00f8jmark\"},\"sameAs\":[\"https:\/\/www.kunmedierne.dk\"],\"url\":\"https:\/\/kunmedierne.dk\/mors\/author\/david\/\"}]}<\/script>\n<!-- \/ Yoast SEO plugin. -->","yoast_head_json":{"title":"Kjelds b\u00f8n til kommunen: \"Vis mere tillid til hjemmehj\u00e6lperne\" - Mors","robots":{"index":"index","follow":"follow","max-snippet":"max-snippet:-1","max-image-preview":"max-image-preview:large","max-video-preview":"max-video-preview:-1"},"canonical":"https:\/\/kunmedierne.dk\/mors\/kjelds-boen-til-kommunen-vis-mere-tillid-til-hjemmehjaelperne\/","og_locale":"da_DK","og_type":"article","og_title":"Kjelds b\u00f8n til kommunen: \"Vis mere tillid til hjemmehj\u00e6lperne\" - Mors","og_description":"RESUM\u00c9 AF ARTIKEL Dette er en s\u00e5kaldt longread-artikel med en l\u00e6ngde, der giver mulighed for fordybelse, men som kr\u00e6ver mere tid at n\u00e5 igennem. Vi bringer derfor her et resum\u00e9 af indholdet: For 10 \u00e5r siden fik nu 82-\u00e5rige Kjeld B\u00f8cker en hjernebl\u00f8dning. Det har gjort den ellers s\u00e5 aktive morsingbo afh\u00e6ngig af hjemmehj\u00e6lp, og [&hellip;]","og_url":"https:\/\/kunmedierne.dk\/mors\/kjelds-boen-til-kommunen-vis-mere-tillid-til-hjemmehjaelperne\/","og_site_name":"Mors","article_published_time":"2025-04-01T15:35:20+00:00","article_modified_time":"2025-04-02T11:39:15+00:00","author":"David H\u00f8jmark","twitter_card":"summary_large_image","twitter_misc":{"Skrevet af":"David H\u00f8jmark","Estimeret l\u00e6setid":"9 minutter"},"schema":{"@context":"https:\/\/schema.org","@graph":[{"@type":"Article","@id":"https:\/\/kunmedierne.dk\/mors\/kjelds-boen-til-kommunen-vis-mere-tillid-til-hjemmehjaelperne\/#article","isPartOf":{"@id":"https:\/\/kunmedierne.dk\/mors\/kjelds-boen-til-kommunen-vis-mere-tillid-til-hjemmehjaelperne\/"},"author":{"name":"David H\u00f8jmark","@id":"https:\/\/kunmedierne.dk\/mors\/#\/schema\/person\/5fe23251bf1d0abbcdc6f7896579d548"},"headline":"Kjelds b\u00f8n til kommunen: &#8220;Vis mere tillid til hjemmehj\u00e6lperne&#8221;","datePublished":"2025-04-01T15:35:20+00:00","dateModified":"2025-04-02T11:39:15+00:00","mainEntityOfPage":{"@id":"https:\/\/kunmedierne.dk\/mors\/kjelds-boen-til-kommunen-vis-mere-tillid-til-hjemmehjaelperne\/"},"wordCount":1942,"publisher":{"@id":"https:\/\/kunmedierne.dk\/mors\/#organization"},"keywords":["Morsingboerne"],"articleSection":["Lokalt","Morsingboerne"],"inLanguage":"da-DK"},{"@type":"WebPage","@id":"https:\/\/kunmedierne.dk\/mors\/kjelds-boen-til-kommunen-vis-mere-tillid-til-hjemmehjaelperne\/","url":"https:\/\/kunmedierne.dk\/mors\/kjelds-boen-til-kommunen-vis-mere-tillid-til-hjemmehjaelperne\/","name":"Kjelds b\u00f8n til kommunen: \"Vis mere tillid til hjemmehj\u00e6lperne\" - Mors","isPartOf":{"@id":"https:\/\/kunmedierne.dk\/mors\/#website"},"datePublished":"2025-04-01T15:35:20+00:00","dateModified":"2025-04-02T11:39:15+00:00","breadcrumb":{"@id":"https:\/\/kunmedierne.dk\/mors\/kjelds-boen-til-kommunen-vis-mere-tillid-til-hjemmehjaelperne\/#breadcrumb"},"inLanguage":"da-DK","potentialAction":[{"@type":"ReadAction","target":["https:\/\/kunmedierne.dk\/mors\/kjelds-boen-til-kommunen-vis-mere-tillid-til-hjemmehjaelperne\/"]}]},{"@type":"BreadcrumbList","@id":"https:\/\/kunmedierne.dk\/mors\/kjelds-boen-til-kommunen-vis-mere-tillid-til-hjemmehjaelperne\/#breadcrumb","itemListElement":[{"@type":"ListItem","position":1,"name":"Hjem","item":"https:\/\/kunmedierne.dk\/mors\/"},{"@type":"ListItem","position":2,"name":"Kjelds b\u00f8n til kommunen: &#8220;Vis mere tillid til hjemmehj\u00e6lperne&#8221;"}]},{"@type":"WebSite","@id":"https:\/\/kunmedierne.dk\/mors\/#website","url":"https:\/\/kunmedierne.dk\/mors\/","name":"Mors","description":"et netmedie med journalistik om livet p\u00e5 Mors","publisher":{"@id":"https:\/\/kunmedierne.dk\/mors\/#organization"},"potentialAction":[{"@type":"SearchAction","target":{"@type":"EntryPoint","urlTemplate":"https:\/\/kunmedierne.dk\/mors\/?s={search_term_string}"},"query-input":{"@type":"PropertyValueSpecification","valueRequired":true,"valueName":"search_term_string"}}],"inLanguage":"da-DK"},{"@type":"Organization","@id":"https:\/\/kunmedierne.dk\/mors\/#organization","name":"Mors","url":"https:\/\/kunmedierne.dk\/mors\/","logo":{"@type":"ImageObject","inLanguage":"da-DK","@id":"https:\/\/kunmedierne.dk\/mors\/#\/schema\/logo\/image\/","url":"https:\/\/kunmedierne.dk\/mors\/wp-content\/uploads\/2024\/08\/kunmors-logo.svg","contentUrl":"https:\/\/kunmedierne.dk\/mors\/wp-content\/uploads\/2024\/08\/kunmors-logo.svg","caption":"Mors"},"image":{"@id":"https:\/\/kunmedierne.dk\/mors\/#\/schema\/logo\/image\/"}},{"@type":"Person","@id":"https:\/\/kunmedierne.dk\/mors\/#\/schema\/person\/5fe23251bf1d0abbcdc6f7896579d548","name":"David H\u00f8jmark","image":{"@type":"ImageObject","inLanguage":"da-DK","@id":"https:\/\/kunmedierne.dk\/mors\/#\/schema\/person\/image\/","url":"https:\/\/secure.gravatar.com\/avatar\/4315d6fb9ef244d729989f5f90268eb08d5bf8a3d84402f595fa194bb35784fd?s=96&d=mm&r=g","contentUrl":"https:\/\/secure.gravatar.com\/avatar\/4315d6fb9ef244d729989f5f90268eb08d5bf8a3d84402f595fa194bb35784fd?s=96&d=mm&r=g","caption":"David H\u00f8jmark"},"sameAs":["https:\/\/www.kunmedierne.dk"],"url":"https:\/\/kunmedierne.dk\/mors\/author\/david\/"}]}},"_links":{"self":[{"href":"https:\/\/kunmedierne.dk\/mors\/wp-json\/wp\/v2\/posts\/140575","targetHints":{"allow":["GET"]}}],"collection":[{"href":"https:\/\/kunmedierne.dk\/mors\/wp-json\/wp\/v2\/posts"}],"about":[{"href":"https:\/\/kunmedierne.dk\/mors\/wp-json\/wp\/v2\/types\/post"}],"author":[{"embeddable":true,"href":"https:\/\/kunmedierne.dk\/mors\/wp-json\/wp\/v2\/users\/8"}],"replies":[{"embeddable":true,"href":"https:\/\/kunmedierne.dk\/mors\/wp-json\/wp\/v2\/comments?post=140575"}],"version-history":[{"count":15,"href":"https:\/\/kunmedierne.dk\/mors\/wp-json\/wp\/v2\/posts\/140575\/revisions"}],"predecessor-version":[{"id":142937,"href":"https:\/\/kunmedierne.dk\/mors\/wp-json\/wp\/v2\/posts\/140575\/revisions\/142937"}],"wp:attachment":[{"href":"https:\/\/kunmedierne.dk\/mors\/wp-json\/wp\/v2\/media?parent=140575"}],"wp:term":[{"taxonomy":"category","embeddable":true,"href":"https:\/\/kunmedierne.dk\/mors\/wp-json\/wp\/v2\/categories?post=140575"},{"taxonomy":"post_tag","embeddable":true,"href":"https:\/\/kunmedierne.dk\/mors\/wp-json\/wp\/v2\/tags?post=140575"}],"curies":[{"name":"wp","href":"https:\/\/api.w.org\/{rel}","templated":true}]}}