{"id":14033,"date":"2020-03-18T21:18:33","date_gmt":"2020-03-18T20:18:33","guid":{"rendered":"https:\/\/kunmedierne.dk\/mors\/?p=14033"},"modified":"2024-08-12T14:06:20","modified_gmt":"2024-08-12T12:06:20","slug":"kulturmoedet-regner-stadig-med-kulturmoede","status":"publish","type":"post","link":"https:\/\/kunmedierne.dk\/mors\/kulturmoedet-regner-stadig-med-kulturmoede\/","title":{"rendered":"Kulturm\u00f8det regner stadig med kulturm\u00f8de"},"content":{"rendered":"<p><strong>MORS<\/strong>: Mens aflysninger for april som f\u00f8lge af coronakrisen efterh\u00e5nden giver sig selv, stiger interessen for arrangementer l\u00e6ngere frem i tiden. Ikke mindst inden for sport og kultur.<\/p>\n<p>Det internationale melodi grandprix med titlen Eurovision Song Contest i maj er <a href=\"https:\/\/www.dr.dk\/nyheder\/kultur\/eurovision-song-contest-2020-aflyst-paa-grund-af-coronakrisen\" target=\"_blank\" rel=\"noopener noreferrer\">aflyst<\/a>. I England er den ber\u00f8mte Glastonbury Festival, der var planlagt til slutningen af juni, nu <a href=\"https:\/\/politiken.dk\/kultur\/musik\/art7710522\/K\u00e6mpefestivalen-Glastonbury-er-aflyst-p\u00e5-grund-af-corona\" target=\"_blank\" rel=\"noopener noreferrer\">opgivet<\/a> af arrang\u00f8rerne. EM i fodbold i juni-juli er <a href=\"https:\/\/sport.tv2.dk\/fodbold\/2020-03-17-officielt-em-bliver-udsat-til-2021\" target=\"_blank\" rel=\"noopener noreferrer\">flyttet<\/a> til 2021. Og Folkem\u00f8det p\u00e5 Bornholm, der finder sted midt i juni, begynder ogs\u00e5 at f\u00e5 sine f\u00f8rste sp\u00f8rgsm\u00e5l om en <a href=\"https:\/\/www.tidende.dk\/tidende\/seneste-dogns-nyheder\/2020\/03\/10\/folkemoedet-corona-selvfoelgelig-risiko-aflysning\/\" target=\"_blank\" rel=\"noopener noreferrer\">mulig aflysning<\/a>.<\/p>\n<p>Indtil videre er forventningen, at det bliver gennemf\u00f8rt, og samme h\u00e5b kommer fra \u00e5rets st\u00f8rste begivenhed p\u00e5 Mors, Kulturm\u00f8det i dagene 20.-22. august.<\/p>\n<p>&#8220;Hele Danmark befinder sig i en dyb krise. Kunst- og kulturbranchen lider, og ingen ved, hvorn\u00e5r vi er oven vande igen. Det er un\u00e6gteligt sv\u00e6rt at forestille sig, hvordan verden ser ud om fem m\u00e5neder,\u00a0n\u00e5r virkeligheden lige nu er, at vores verden bliver mindre og mindre. Vi forts\u00e6tter dog planl\u00e6gningen af Kulturm\u00f8det 2020. Vi tror og h\u00e5ber p\u00e5, at vi sammen f\u00e5r nedk\u00e6mpet corona-virusen, og at vi bagefter mere end nogensinde har brug for at opleve kunsten og kulturen helt t\u00e6t p\u00e5,&#8221; lyder det i en udmelding fra Kulturm\u00f8det.<\/p>\n<p>Den forts\u00e6tter, at vi lever i en tid, hvor vi skal st\u00e5 sammen hver for sig. Kulturm\u00f8det har derfor spurgt en r\u00e6kke kunstnere, om de vil lave et kunst\u00f8jeblik fra deres verden.<\/p>\n<p>&#8220;Den f\u00f8rste er komponist og sangskriver Kristina Holgersen, som p\u00e5 fineste vis s\u00e6tter musik til Leonora Christina Skovs roman &#8216;Den, der lever stille&#8217;,&#8221; lyder det fra Kulturm\u00f8det, som efter planen pr\u00e6senterer Leonora Christina Skov og Kristina Holgersen sammen p\u00e5 Kulturm\u00f8det 2020.<\/p>\n<p>Du kan se videoen med Kristina Holgersen <a href=\"https:\/\/www.facebook.com\/watch\/?v=221564782234663\" target=\"_blank\" rel=\"noopener noreferrer\">her<\/a>.<\/p>\n<p>Kulturm\u00f8det arrangeres af S\/I Kulturm\u00f8det i samarbejde med Mors\u00f8 Kommune og Region Nordjylland.<\/p>\n","protected":false},"excerpt":{"rendered":"<p>MORS: Mens aflysninger for april som f\u00f8lge af coronakrisen efterh\u00e5nden giver sig selv, stiger interessen for arrangementer l\u00e6ngere frem i tiden. Ikke mindst inden for sport og kultur. Det internationale melodi grandprix med titlen Eurovision Song Contest i maj er aflyst. I England er den ber\u00f8mte Glastonbury Festival, der var planlagt til slutningen af juni, [&hellip;]<\/p>\n","protected":false},"author":8,"featured_media":3499,"comment_status":"open","ping_status":"open","sticky":false,"template":"","format":"standard","meta":{"_acf_changed":false,"footnotes":""},"categories":[49],"tags":[162],"class_list":["post-14033","post","type-post","status-publish","format-standard","has-post-thumbnail","hentry","category-kultur","tag-kulturmoedet"],"acf":[],"yoast_head":"<!-- This site is optimized with the Yoast SEO plugin v26.8 - https:\/\/yoast.com\/product\/yoast-seo-wordpress\/ -->\n<title>Kulturm\u00f8det regner stadig med kulturm\u00f8de - Mors<\/title>\n<meta name=\"robots\" content=\"index, follow, max-snippet:-1, max-image-preview:large, max-video-preview:-1\" \/>\n<link rel=\"canonical\" href=\"https:\/\/kunmedierne.dk\/mors\/kulturmoedet-regner-stadig-med-kulturmoede\/\" \/>\n<meta property=\"og:locale\" content=\"da_DK\" \/>\n<meta property=\"og:type\" content=\"article\" \/>\n<meta property=\"og:title\" content=\"Kulturm\u00f8det regner stadig med kulturm\u00f8de - Mors\" \/>\n<meta property=\"og:description\" content=\"MORS: Mens aflysninger for april som f\u00f8lge af coronakrisen efterh\u00e5nden giver sig selv, stiger interessen for arrangementer l\u00e6ngere frem i tiden. Ikke mindst inden for sport og kultur. Det internationale melodi grandprix med titlen Eurovision Song Contest i maj er aflyst. I England er den ber\u00f8mte Glastonbury Festival, der var planlagt til slutningen af juni, [&hellip;]\" \/>\n<meta property=\"og:url\" content=\"https:\/\/kunmedierne.dk\/mors\/kulturmoedet-regner-stadig-med-kulturmoede\/\" \/>\n<meta property=\"og:site_name\" content=\"Mors\" \/>\n<meta property=\"article:published_time\" content=\"2020-03-18T20:18:33+00:00\" \/>\n<meta property=\"article:modified_time\" content=\"2024-08-12T12:06:20+00:00\" \/>\n<meta property=\"og:image\" content=\"https:\/\/kunmedierne.dk\/mors\/wp-content\/uploads\/2020\/01\/200122-kulturm\u00f8de-2018-foto-per-bille.jpg\" \/>\n\t<meta property=\"og:image:width\" content=\"770\" \/>\n\t<meta property=\"og:image:height\" content=\"514\" \/>\n\t<meta property=\"og:image:type\" content=\"image\/jpeg\" \/>\n<meta name=\"author\" content=\"David H\u00f8jmark\" \/>\n<meta name=\"twitter:card\" content=\"summary_large_image\" \/>\n<meta name=\"twitter:label1\" content=\"Skrevet af\" \/>\n\t<meta name=\"twitter:data1\" content=\"David H\u00f8jmark\" \/>\n\t<meta name=\"twitter:label2\" content=\"Estimeret l\u00e6setid\" \/>\n\t<meta name=\"twitter:data2\" content=\"2 minutter\" \/>\n<script type=\"application\/ld+json\" class=\"yoast-schema-graph\">{\"@context\":\"https:\/\/schema.org\",\"@graph\":[{\"@type\":\"Article\",\"@id\":\"https:\/\/kunmedierne.dk\/mors\/kulturmoedet-regner-stadig-med-kulturmoede\/#article\",\"isPartOf\":{\"@id\":\"https:\/\/kunmedierne.dk\/mors\/kulturmoedet-regner-stadig-med-kulturmoede\/\"},\"author\":{\"name\":\"David H\u00f8jmark\",\"@id\":\"https:\/\/kunmedierne.dk\/mors\/#\/schema\/person\/5fe23251bf1d0abbcdc6f7896579d548\"},\"headline\":\"Kulturm\u00f8det regner stadig med kulturm\u00f8de\",\"datePublished\":\"2020-03-18T20:18:33+00:00\",\"dateModified\":\"2024-08-12T12:06:20+00:00\",\"mainEntityOfPage\":{\"@id\":\"https:\/\/kunmedierne.dk\/mors\/kulturmoedet-regner-stadig-med-kulturmoede\/\"},\"wordCount\":338,\"commentCount\":0,\"publisher\":{\"@id\":\"https:\/\/kunmedierne.dk\/mors\/#organization\"},\"image\":{\"@id\":\"https:\/\/kunmedierne.dk\/mors\/kulturmoedet-regner-stadig-med-kulturmoede\/#primaryimage\"},\"thumbnailUrl\":\"https:\/\/kunmedierne.dk\/mors\/wp-content\/uploads\/2020\/01\/200122-kulturm\u00f8de-2018-foto-per-bille.jpg\",\"keywords\":[\"Kulturm\u00f8det\"],\"articleSection\":[\"Kultur\"],\"inLanguage\":\"da-DK\",\"potentialAction\":[{\"@type\":\"CommentAction\",\"name\":\"Comment\",\"target\":[\"https:\/\/kunmedierne.dk\/mors\/kulturmoedet-regner-stadig-med-kulturmoede\/#respond\"]}]},{\"@type\":\"WebPage\",\"@id\":\"https:\/\/kunmedierne.dk\/mors\/kulturmoedet-regner-stadig-med-kulturmoede\/\",\"url\":\"https:\/\/kunmedierne.dk\/mors\/kulturmoedet-regner-stadig-med-kulturmoede\/\",\"name\":\"Kulturm\u00f8det regner stadig med kulturm\u00f8de - Mors\",\"isPartOf\":{\"@id\":\"https:\/\/kunmedierne.dk\/mors\/#website\"},\"primaryImageOfPage\":{\"@id\":\"https:\/\/kunmedierne.dk\/mors\/kulturmoedet-regner-stadig-med-kulturmoede\/#primaryimage\"},\"image\":{\"@id\":\"https:\/\/kunmedierne.dk\/mors\/kulturmoedet-regner-stadig-med-kulturmoede\/#primaryimage\"},\"thumbnailUrl\":\"https:\/\/kunmedierne.dk\/mors\/wp-content\/uploads\/2020\/01\/200122-kulturm\u00f8de-2018-foto-per-bille.jpg\",\"datePublished\":\"2020-03-18T20:18:33+00:00\",\"dateModified\":\"2024-08-12T12:06:20+00:00\",\"breadcrumb\":{\"@id\":\"https:\/\/kunmedierne.dk\/mors\/kulturmoedet-regner-stadig-med-kulturmoede\/#breadcrumb\"},\"inLanguage\":\"da-DK\",\"potentialAction\":[{\"@type\":\"ReadAction\",\"target\":[\"https:\/\/kunmedierne.dk\/mors\/kulturmoedet-regner-stadig-med-kulturmoede\/\"]}]},{\"@type\":\"ImageObject\",\"inLanguage\":\"da-DK\",\"@id\":\"https:\/\/kunmedierne.dk\/mors\/kulturmoedet-regner-stadig-med-kulturmoede\/#primaryimage\",\"url\":\"https:\/\/kunmedierne.dk\/mors\/wp-content\/uploads\/2020\/01\/200122-kulturm\u00f8de-2018-foto-per-bille.jpg\",\"contentUrl\":\"https:\/\/kunmedierne.dk\/mors\/wp-content\/uploads\/2020\/01\/200122-kulturm\u00f8de-2018-foto-per-bille.jpg\",\"width\":770,\"height\":514,\"caption\":\"Fra Kulturm\u00f8de 2018. Foto: Per Bille\"},{\"@type\":\"BreadcrumbList\",\"@id\":\"https:\/\/kunmedierne.dk\/mors\/kulturmoedet-regner-stadig-med-kulturmoede\/#breadcrumb\",\"itemListElement\":[{\"@type\":\"ListItem\",\"position\":1,\"name\":\"Hjem\",\"item\":\"https:\/\/kunmedierne.dk\/mors\/\"},{\"@type\":\"ListItem\",\"position\":2,\"name\":\"Kulturm\u00f8det regner stadig med kulturm\u00f8de\"}]},{\"@type\":\"WebSite\",\"@id\":\"https:\/\/kunmedierne.dk\/mors\/#website\",\"url\":\"https:\/\/kunmedierne.dk\/mors\/\",\"name\":\"Mors\",\"description\":\"et netmedie med journalistik om livet p\u00e5 Mors\",\"publisher\":{\"@id\":\"https:\/\/kunmedierne.dk\/mors\/#organization\"},\"potentialAction\":[{\"@type\":\"SearchAction\",\"target\":{\"@type\":\"EntryPoint\",\"urlTemplate\":\"https:\/\/kunmedierne.dk\/mors\/?s={search_term_string}\"},\"query-input\":{\"@type\":\"PropertyValueSpecification\",\"valueRequired\":true,\"valueName\":\"search_term_string\"}}],\"inLanguage\":\"da-DK\"},{\"@type\":\"Organization\",\"@id\":\"https:\/\/kunmedierne.dk\/mors\/#organization\",\"name\":\"Mors\",\"url\":\"https:\/\/kunmedierne.dk\/mors\/\",\"logo\":{\"@type\":\"ImageObject\",\"inLanguage\":\"da-DK\",\"@id\":\"https:\/\/kunmedierne.dk\/mors\/#\/schema\/logo\/image\/\",\"url\":\"https:\/\/kunmedierne.dk\/mors\/wp-content\/uploads\/2024\/08\/kunmors-logo.svg\",\"contentUrl\":\"https:\/\/kunmedierne.dk\/mors\/wp-content\/uploads\/2024\/08\/kunmors-logo.svg\",\"caption\":\"Mors\"},\"image\":{\"@id\":\"https:\/\/kunmedierne.dk\/mors\/#\/schema\/logo\/image\/\"}},{\"@type\":\"Person\",\"@id\":\"https:\/\/kunmedierne.dk\/mors\/#\/schema\/person\/5fe23251bf1d0abbcdc6f7896579d548\",\"name\":\"David H\u00f8jmark\",\"image\":{\"@type\":\"ImageObject\",\"inLanguage\":\"da-DK\",\"@id\":\"https:\/\/kunmedierne.dk\/mors\/#\/schema\/person\/image\/\",\"url\":\"https:\/\/secure.gravatar.com\/avatar\/4315d6fb9ef244d729989f5f90268eb08d5bf8a3d84402f595fa194bb35784fd?s=96&d=mm&r=g\",\"contentUrl\":\"https:\/\/secure.gravatar.com\/avatar\/4315d6fb9ef244d729989f5f90268eb08d5bf8a3d84402f595fa194bb35784fd?s=96&d=mm&r=g\",\"caption\":\"David H\u00f8jmark\"},\"sameAs\":[\"https:\/\/www.kunmedierne.dk\"],\"url\":\"https:\/\/kunmedierne.dk\/mors\/author\/david\/\"}]}<\/script>\n<!-- \/ Yoast SEO plugin. -->","yoast_head_json":{"title":"Kulturm\u00f8det regner stadig med kulturm\u00f8de - Mors","robots":{"index":"index","follow":"follow","max-snippet":"max-snippet:-1","max-image-preview":"max-image-preview:large","max-video-preview":"max-video-preview:-1"},"canonical":"https:\/\/kunmedierne.dk\/mors\/kulturmoedet-regner-stadig-med-kulturmoede\/","og_locale":"da_DK","og_type":"article","og_title":"Kulturm\u00f8det regner stadig med kulturm\u00f8de - Mors","og_description":"MORS: Mens aflysninger for april som f\u00f8lge af coronakrisen efterh\u00e5nden giver sig selv, stiger interessen for arrangementer l\u00e6ngere frem i tiden. Ikke mindst inden for sport og kultur. Det internationale melodi grandprix med titlen Eurovision Song Contest i maj er aflyst. I England er den ber\u00f8mte Glastonbury Festival, der var planlagt til slutningen af juni, [&hellip;]","og_url":"https:\/\/kunmedierne.dk\/mors\/kulturmoedet-regner-stadig-med-kulturmoede\/","og_site_name":"Mors","article_published_time":"2020-03-18T20:18:33+00:00","article_modified_time":"2024-08-12T12:06:20+00:00","og_image":[{"width":770,"height":514,"url":"https:\/\/kunmedierne.dk\/mors\/wp-content\/uploads\/2020\/01\/200122-kulturm\u00f8de-2018-foto-per-bille.jpg","type":"image\/jpeg"}],"author":"David H\u00f8jmark","twitter_card":"summary_large_image","twitter_misc":{"Skrevet af":"David H\u00f8jmark","Estimeret l\u00e6setid":"2 minutter"},"schema":{"@context":"https:\/\/schema.org","@graph":[{"@type":"Article","@id":"https:\/\/kunmedierne.dk\/mors\/kulturmoedet-regner-stadig-med-kulturmoede\/#article","isPartOf":{"@id":"https:\/\/kunmedierne.dk\/mors\/kulturmoedet-regner-stadig-med-kulturmoede\/"},"author":{"name":"David H\u00f8jmark","@id":"https:\/\/kunmedierne.dk\/mors\/#\/schema\/person\/5fe23251bf1d0abbcdc6f7896579d548"},"headline":"Kulturm\u00f8det regner stadig med kulturm\u00f8de","datePublished":"2020-03-18T20:18:33+00:00","dateModified":"2024-08-12T12:06:20+00:00","mainEntityOfPage":{"@id":"https:\/\/kunmedierne.dk\/mors\/kulturmoedet-regner-stadig-med-kulturmoede\/"},"wordCount":338,"commentCount":0,"publisher":{"@id":"https:\/\/kunmedierne.dk\/mors\/#organization"},"image":{"@id":"https:\/\/kunmedierne.dk\/mors\/kulturmoedet-regner-stadig-med-kulturmoede\/#primaryimage"},"thumbnailUrl":"https:\/\/kunmedierne.dk\/mors\/wp-content\/uploads\/2020\/01\/200122-kulturm\u00f8de-2018-foto-per-bille.jpg","keywords":["Kulturm\u00f8det"],"articleSection":["Kultur"],"inLanguage":"da-DK","potentialAction":[{"@type":"CommentAction","name":"Comment","target":["https:\/\/kunmedierne.dk\/mors\/kulturmoedet-regner-stadig-med-kulturmoede\/#respond"]}]},{"@type":"WebPage","@id":"https:\/\/kunmedierne.dk\/mors\/kulturmoedet-regner-stadig-med-kulturmoede\/","url":"https:\/\/kunmedierne.dk\/mors\/kulturmoedet-regner-stadig-med-kulturmoede\/","name":"Kulturm\u00f8det regner stadig med kulturm\u00f8de - Mors","isPartOf":{"@id":"https:\/\/kunmedierne.dk\/mors\/#website"},"primaryImageOfPage":{"@id":"https:\/\/kunmedierne.dk\/mors\/kulturmoedet-regner-stadig-med-kulturmoede\/#primaryimage"},"image":{"@id":"https:\/\/kunmedierne.dk\/mors\/kulturmoedet-regner-stadig-med-kulturmoede\/#primaryimage"},"thumbnailUrl":"https:\/\/kunmedierne.dk\/mors\/wp-content\/uploads\/2020\/01\/200122-kulturm\u00f8de-2018-foto-per-bille.jpg","datePublished":"2020-03-18T20:18:33+00:00","dateModified":"2024-08-12T12:06:20+00:00","breadcrumb":{"@id":"https:\/\/kunmedierne.dk\/mors\/kulturmoedet-regner-stadig-med-kulturmoede\/#breadcrumb"},"inLanguage":"da-DK","potentialAction":[{"@type":"ReadAction","target":["https:\/\/kunmedierne.dk\/mors\/kulturmoedet-regner-stadig-med-kulturmoede\/"]}]},{"@type":"ImageObject","inLanguage":"da-DK","@id":"https:\/\/kunmedierne.dk\/mors\/kulturmoedet-regner-stadig-med-kulturmoede\/#primaryimage","url":"https:\/\/kunmedierne.dk\/mors\/wp-content\/uploads\/2020\/01\/200122-kulturm\u00f8de-2018-foto-per-bille.jpg","contentUrl":"https:\/\/kunmedierne.dk\/mors\/wp-content\/uploads\/2020\/01\/200122-kulturm\u00f8de-2018-foto-per-bille.jpg","width":770,"height":514,"caption":"Fra Kulturm\u00f8de 2018. Foto: Per Bille"},{"@type":"BreadcrumbList","@id":"https:\/\/kunmedierne.dk\/mors\/kulturmoedet-regner-stadig-med-kulturmoede\/#breadcrumb","itemListElement":[{"@type":"ListItem","position":1,"name":"Hjem","item":"https:\/\/kunmedierne.dk\/mors\/"},{"@type":"ListItem","position":2,"name":"Kulturm\u00f8det regner stadig med kulturm\u00f8de"}]},{"@type":"WebSite","@id":"https:\/\/kunmedierne.dk\/mors\/#website","url":"https:\/\/kunmedierne.dk\/mors\/","name":"Mors","description":"et netmedie med journalistik om livet p\u00e5 Mors","publisher":{"@id":"https:\/\/kunmedierne.dk\/mors\/#organization"},"potentialAction":[{"@type":"SearchAction","target":{"@type":"EntryPoint","urlTemplate":"https:\/\/kunmedierne.dk\/mors\/?s={search_term_string}"},"query-input":{"@type":"PropertyValueSpecification","valueRequired":true,"valueName":"search_term_string"}}],"inLanguage":"da-DK"},{"@type":"Organization","@id":"https:\/\/kunmedierne.dk\/mors\/#organization","name":"Mors","url":"https:\/\/kunmedierne.dk\/mors\/","logo":{"@type":"ImageObject","inLanguage":"da-DK","@id":"https:\/\/kunmedierne.dk\/mors\/#\/schema\/logo\/image\/","url":"https:\/\/kunmedierne.dk\/mors\/wp-content\/uploads\/2024\/08\/kunmors-logo.svg","contentUrl":"https:\/\/kunmedierne.dk\/mors\/wp-content\/uploads\/2024\/08\/kunmors-logo.svg","caption":"Mors"},"image":{"@id":"https:\/\/kunmedierne.dk\/mors\/#\/schema\/logo\/image\/"}},{"@type":"Person","@id":"https:\/\/kunmedierne.dk\/mors\/#\/schema\/person\/5fe23251bf1d0abbcdc6f7896579d548","name":"David H\u00f8jmark","image":{"@type":"ImageObject","inLanguage":"da-DK","@id":"https:\/\/kunmedierne.dk\/mors\/#\/schema\/person\/image\/","url":"https:\/\/secure.gravatar.com\/avatar\/4315d6fb9ef244d729989f5f90268eb08d5bf8a3d84402f595fa194bb35784fd?s=96&d=mm&r=g","contentUrl":"https:\/\/secure.gravatar.com\/avatar\/4315d6fb9ef244d729989f5f90268eb08d5bf8a3d84402f595fa194bb35784fd?s=96&d=mm&r=g","caption":"David H\u00f8jmark"},"sameAs":["https:\/\/www.kunmedierne.dk"],"url":"https:\/\/kunmedierne.dk\/mors\/author\/david\/"}]}},"_links":{"self":[{"href":"https:\/\/kunmedierne.dk\/mors\/wp-json\/wp\/v2\/posts\/14033","targetHints":{"allow":["GET"]}}],"collection":[{"href":"https:\/\/kunmedierne.dk\/mors\/wp-json\/wp\/v2\/posts"}],"about":[{"href":"https:\/\/kunmedierne.dk\/mors\/wp-json\/wp\/v2\/types\/post"}],"author":[{"embeddable":true,"href":"https:\/\/kunmedierne.dk\/mors\/wp-json\/wp\/v2\/users\/8"}],"replies":[{"embeddable":true,"href":"https:\/\/kunmedierne.dk\/mors\/wp-json\/wp\/v2\/comments?post=14033"}],"version-history":[{"count":2,"href":"https:\/\/kunmedierne.dk\/mors\/wp-json\/wp\/v2\/posts\/14033\/revisions"}],"predecessor-version":[{"id":14035,"href":"https:\/\/kunmedierne.dk\/mors\/wp-json\/wp\/v2\/posts\/14033\/revisions\/14035"}],"wp:featuredmedia":[{"embeddable":true,"href":"https:\/\/kunmedierne.dk\/mors\/wp-json\/wp\/v2\/media\/3499"}],"wp:attachment":[{"href":"https:\/\/kunmedierne.dk\/mors\/wp-json\/wp\/v2\/media?parent=14033"}],"wp:term":[{"taxonomy":"category","embeddable":true,"href":"https:\/\/kunmedierne.dk\/mors\/wp-json\/wp\/v2\/categories?post=14033"},{"taxonomy":"post_tag","embeddable":true,"href":"https:\/\/kunmedierne.dk\/mors\/wp-json\/wp\/v2\/tags?post=14033"}],"curies":[{"name":"wp","href":"https:\/\/api.w.org\/{rel}","templated":true}]}}