{"id":140130,"date":"2025-02-28T11:48:54","date_gmt":"2025-02-28T10:48:54","guid":{"rendered":"https:\/\/kunmedierne.dk\/mors\/?p=140130"},"modified":"2025-02-28T11:55:40","modified_gmt":"2025-02-28T10:55:40","slug":"kommunaldirektoer-rikke-wurtz-faar-dobbelt-bestyrelsespost-nu-skal-hun-saette-retning-for-millionuddelinger","status":"publish","type":"post","link":"https:\/\/kunmedierne.dk\/mors\/kommunaldirektoer-rikke-wurtz-faar-dobbelt-bestyrelsespost-nu-skal-hun-saette-retning-for-millionuddelinger\/","title":{"rendered":"Kommunaldirekt\u00f8r Rikke W\u00fcrtz f\u00e5r dobbelt bestyrelsespost: Nu skal hun s\u00e6tte retning for millionuddelinger"},"content":{"rendered":"<p><strong>NAVNENYT:<\/strong> Rikke W\u00fcrtz, der er uddannet cand.merc.sol. og f\u00f8dt i 1975, har v\u00e6ret kommunaldirekt\u00f8r i Mors\u00f8 Kommune i flere \u00e5r. Nu tilf\u00f8jer hun endnu en titel til sit CV, og hendes kompetencer inden for strategi, ledelse, politik og \u00f8konomi vil komme i spil i de to fonde.<\/p>\n<a class=\"dvrt-link\" onClick=\"cdmtrack_click(116504,jQuery(this));return false\" href=\"https:\/\/www.nybolig.dk\/ejendomsmaeglere\/nordvestjylland\/nybolig-morsoe-nykoebing-mors\"><img decoding=\"async\" style=\"width:100%;\" src=\"https:\/\/kunmedierne.dk\/mors\/wp-content\/uploads\/2024\/04\/250825Nybolig.jpg\"><\/a><script>cdmtrack_view(116504);<\/script>\n<p>Nordea-fonden har et klart form\u00e5l: at styrke almennyttige projekter inden for sundhed, motion, natur og kultur. I 2025 forventes det, at fonden uddeler hele 900 millioner kroner til projekter, der g\u00f8r en forskel for danskerne. Tietgenfonden, der har fokus p\u00e5 erhvervslivets udvikling, uddeler \u00e5rligt ca. 40 millioner kroner til initiativer, der fremmer virkelyst og v\u00e6kst i Danmark.<\/p>\n<p>Som bestyrelsesmedlem f\u00e5r Rikke W\u00fcrtz en central rolle i at s\u00f8rge for, at fondenes midler anvendes bedst muligt til at skabe v\u00e6rdi for samfundet. Det indeb\u00e6rer blandt andet at vurdere ans\u00f8gninger om fondsst\u00f8tte, sikre en strategisk udvikling og arbejde for, at fondenes uddelinger giver mest mulig effekt.<\/p>\n<p>&nbsp;<\/p>\n<p><strong>En del af et ansvarsfuldt hold<\/strong><\/p>\n<p>Bestyrelsesarbejdet i Nordea-fonden og Tietgenfonden er en prestigefyldt opgave \u2013 det er ogs\u00e5 et stort ansvar. Bestyrelserne best\u00e5r af eksperter med forskellig faglig baggrund, der sammen sikrer, at fondenes arbejde er gennemt\u00e6nkt og solidt forankret i samfundets behov.<\/p>\n<a class=\"dvrt-link\" onClick=\"cdmtrack_click(111725,jQuery(this));return false\" href=\"https:\/\/www.thistedforsikring.dk\/?utm_source=partnerskaber&amp;utm_campaign=kun_mors\"><img decoding=\"async\" style=\"width:100%;\" src=\"https:\/\/kunmedierne.dk\/mors\/wp-content\/uploads\/2024\/02\/269409KunMors-ThistedFor-1.png\"><\/a><script>cdmtrack_view(111725);<\/script>\n<p>Bestyrelsesposterne bes\u00e6ttes efter grundig udv\u00e6lgelse, hvor der l\u00e6gges v\u00e6gt p\u00e5 medlemmernes samlede kvalifikationer og geografiske tilh\u00f8rsforhold. Hvert \u00e5r afholdes mindst fem bestyrelsesm\u00f8der, hvor store beslutninger tr\u00e6ffes.<\/p>\n<p>&nbsp;<\/p>\n<p><strong>Nordea-fondens bestyrelsesmedlemmer er<\/strong><\/p>\n<ul>\n<li>Bestyrelsesforperson, Jens Bj\u00f8rn Andersen<\/li>\n<li>N\u00e6stforperson, chefl\u00e6ge,\u00a0professor i F\u00e6lles Beslutningstagning Karina Dahl Steffensen<\/li>\n<li>Bestyrelsesmedlem, direkt\u00f8r Torben Laustsen<\/li>\n<li>Bestyrelsesmedlem, adm. direkt\u00f8r Mads Hylleholt B\u00f8ttger<\/li>\n<li>Bestyrelsesmedlem, professor Noemi Katznelson<\/li>\n<li>Bestyrelsesmedlem, skovrider S\u00f8ren Hald<\/li>\n<li>Bestyrelsesmedlem, kommunaldirekt\u00f8r, Rikke W\u00fcrtz<\/li>\n<\/ul>\n<p><img loading=\"lazy\" decoding=\"async\" class=\"alignnone size-full wp-image-140151\" src=\"https:\/\/kunmedierne.dk\/mors\/wp-content\/uploads\/2025\/02\/FOREDRAG-BILLEDMATERIALE-1.pdf207.png\" alt=\"\" width=\"2000\" height=\"1414\" srcset=\"https:\/\/kunmedierne.dk\/mors\/wp-content\/uploads\/2025\/02\/FOREDRAG-BILLEDMATERIALE-1.pdf207.png 2000w, https:\/\/kunmedierne.dk\/mors\/wp-content\/uploads\/2025\/02\/FOREDRAG-BILLEDMATERIALE-1.pdf207-300x212.png 300w, https:\/\/kunmedierne.dk\/mors\/wp-content\/uploads\/2025\/02\/FOREDRAG-BILLEDMATERIALE-1.pdf207-1024x724.png 1024w, https:\/\/kunmedierne.dk\/mors\/wp-content\/uploads\/2025\/02\/FOREDRAG-BILLEDMATERIALE-1.pdf207-510x361.png 510w\" sizes=\"auto, (max-width: 2000px) 100vw, 2000px\" \/><\/p>\n<p>&nbsp;<\/p>\n","protected":false},"excerpt":{"rendered":"<p>NAVNENYT: Rikke W\u00fcrtz, der er uddannet cand.merc.sol. og f\u00f8dt i 1975, har v\u00e6ret kommunaldirekt\u00f8r i Mors\u00f8 Kommune i flere \u00e5r. Nu tilf\u00f8jer hun endnu en titel til sit CV, og hendes kompetencer inden for strategi, ledelse, politik og \u00f8konomi vil komme i spil i de to fonde. Nordea-fonden har et klart form\u00e5l: at styrke almennyttige [&hellip;]<\/p>\n","protected":false},"author":2507,"featured_media":0,"comment_status":"closed","ping_status":"closed","sticky":false,"template":"","format":"standard","meta":{"_acf_changed":false,"footnotes":""},"categories":[51,52],"tags":[],"class_list":["post-140130","post","type-post","status-publish","format-standard","hentry","category-lokalt","category-navne"],"acf":[],"yoast_head":"<!-- This site is optimized with the Yoast SEO plugin v26.8 - https:\/\/yoast.com\/product\/yoast-seo-wordpress\/ -->\n<title>Kommunaldirekt\u00f8r Rikke W\u00fcrtz f\u00e5r dobbelt bestyrelsespost: Nu skal hun s\u00e6tte retning for millionuddelinger - Mors<\/title>\n<meta name=\"robots\" content=\"index, follow, max-snippet:-1, max-image-preview:large, max-video-preview:-1\" \/>\n<link rel=\"canonical\" href=\"https:\/\/kunmedierne.dk\/mors\/kommunaldirektoer-rikke-wurtz-faar-dobbelt-bestyrelsespost-nu-skal-hun-saette-retning-for-millionuddelinger\/\" \/>\n<meta property=\"og:locale\" content=\"da_DK\" \/>\n<meta property=\"og:type\" content=\"article\" \/>\n<meta property=\"og:title\" content=\"Kommunaldirekt\u00f8r Rikke W\u00fcrtz f\u00e5r dobbelt bestyrelsespost: Nu skal hun s\u00e6tte retning for millionuddelinger - Mors\" \/>\n<meta property=\"og:description\" content=\"NAVNENYT: Rikke W\u00fcrtz, der er uddannet cand.merc.sol. og f\u00f8dt i 1975, har v\u00e6ret kommunaldirekt\u00f8r i Mors\u00f8 Kommune i flere \u00e5r. Nu tilf\u00f8jer hun endnu en titel til sit CV, og hendes kompetencer inden for strategi, ledelse, politik og \u00f8konomi vil komme i spil i de to fonde. Nordea-fonden har et klart form\u00e5l: at styrke almennyttige [&hellip;]\" \/>\n<meta property=\"og:url\" content=\"https:\/\/kunmedierne.dk\/mors\/kommunaldirektoer-rikke-wurtz-faar-dobbelt-bestyrelsespost-nu-skal-hun-saette-retning-for-millionuddelinger\/\" \/>\n<meta property=\"og:site_name\" content=\"Mors\" \/>\n<meta property=\"article:published_time\" content=\"2025-02-28T10:48:54+00:00\" \/>\n<meta property=\"article:modified_time\" content=\"2025-02-28T10:55:40+00:00\" \/>\n<meta property=\"og:image\" content=\"https:\/\/kunmedierne.dk\/mors\/wp-content\/uploads\/2025\/02\/FOREDRAG-BILLEDMATERIALE-1.pdf207.png\" \/>\n<meta name=\"author\" content=\"Katrine Hedegaard\" \/>\n<meta name=\"twitter:card\" content=\"summary_large_image\" \/>\n<meta name=\"twitter:label1\" content=\"Skrevet af\" \/>\n\t<meta name=\"twitter:data1\" content=\"Katrine Hedegaard\" \/>\n\t<meta name=\"twitter:label2\" content=\"Estimeret l\u00e6setid\" \/>\n\t<meta name=\"twitter:data2\" content=\"2 minutter\" \/>\n<script type=\"application\/ld+json\" class=\"yoast-schema-graph\">{\"@context\":\"https:\/\/schema.org\",\"@graph\":[{\"@type\":\"Article\",\"@id\":\"https:\/\/kunmedierne.dk\/mors\/kommunaldirektoer-rikke-wurtz-faar-dobbelt-bestyrelsespost-nu-skal-hun-saette-retning-for-millionuddelinger\/#article\",\"isPartOf\":{\"@id\":\"https:\/\/kunmedierne.dk\/mors\/kommunaldirektoer-rikke-wurtz-faar-dobbelt-bestyrelsespost-nu-skal-hun-saette-retning-for-millionuddelinger\/\"},\"author\":{\"name\":\"Katrine Hedegaard\",\"@id\":\"https:\/\/kunmedierne.dk\/mors\/#\/schema\/person\/b2e62a38069b12365e53e087a8709c64\"},\"headline\":\"Kommunaldirekt\u00f8r Rikke W\u00fcrtz f\u00e5r dobbelt bestyrelsespost: Nu skal hun s\u00e6tte retning for millionuddelinger\",\"datePublished\":\"2025-02-28T10:48:54+00:00\",\"dateModified\":\"2025-02-28T10:55:40+00:00\",\"mainEntityOfPage\":{\"@id\":\"https:\/\/kunmedierne.dk\/mors\/kommunaldirektoer-rikke-wurtz-faar-dobbelt-bestyrelsespost-nu-skal-hun-saette-retning-for-millionuddelinger\/\"},\"wordCount\":314,\"publisher\":{\"@id\":\"https:\/\/kunmedierne.dk\/mors\/#organization\"},\"image\":{\"@id\":\"https:\/\/kunmedierne.dk\/mors\/kommunaldirektoer-rikke-wurtz-faar-dobbelt-bestyrelsespost-nu-skal-hun-saette-retning-for-millionuddelinger\/#primaryimage\"},\"thumbnailUrl\":\"https:\/\/kunmedierne.dk\/mors\/wp-content\/uploads\/2025\/02\/FOREDRAG-BILLEDMATERIALE-1.pdf207.png\",\"articleSection\":[\"Lokalt\",\"Navne\"],\"inLanguage\":\"da-DK\"},{\"@type\":\"WebPage\",\"@id\":\"https:\/\/kunmedierne.dk\/mors\/kommunaldirektoer-rikke-wurtz-faar-dobbelt-bestyrelsespost-nu-skal-hun-saette-retning-for-millionuddelinger\/\",\"url\":\"https:\/\/kunmedierne.dk\/mors\/kommunaldirektoer-rikke-wurtz-faar-dobbelt-bestyrelsespost-nu-skal-hun-saette-retning-for-millionuddelinger\/\",\"name\":\"Kommunaldirekt\u00f8r Rikke W\u00fcrtz f\u00e5r dobbelt bestyrelsespost: Nu skal hun s\u00e6tte retning for millionuddelinger - Mors\",\"isPartOf\":{\"@id\":\"https:\/\/kunmedierne.dk\/mors\/#website\"},\"primaryImageOfPage\":{\"@id\":\"https:\/\/kunmedierne.dk\/mors\/kommunaldirektoer-rikke-wurtz-faar-dobbelt-bestyrelsespost-nu-skal-hun-saette-retning-for-millionuddelinger\/#primaryimage\"},\"image\":{\"@id\":\"https:\/\/kunmedierne.dk\/mors\/kommunaldirektoer-rikke-wurtz-faar-dobbelt-bestyrelsespost-nu-skal-hun-saette-retning-for-millionuddelinger\/#primaryimage\"},\"thumbnailUrl\":\"https:\/\/kunmedierne.dk\/mors\/wp-content\/uploads\/2025\/02\/FOREDRAG-BILLEDMATERIALE-1.pdf207.png\",\"datePublished\":\"2025-02-28T10:48:54+00:00\",\"dateModified\":\"2025-02-28T10:55:40+00:00\",\"breadcrumb\":{\"@id\":\"https:\/\/kunmedierne.dk\/mors\/kommunaldirektoer-rikke-wurtz-faar-dobbelt-bestyrelsespost-nu-skal-hun-saette-retning-for-millionuddelinger\/#breadcrumb\"},\"inLanguage\":\"da-DK\",\"potentialAction\":[{\"@type\":\"ReadAction\",\"target\":[\"https:\/\/kunmedierne.dk\/mors\/kommunaldirektoer-rikke-wurtz-faar-dobbelt-bestyrelsespost-nu-skal-hun-saette-retning-for-millionuddelinger\/\"]}]},{\"@type\":\"ImageObject\",\"inLanguage\":\"da-DK\",\"@id\":\"https:\/\/kunmedierne.dk\/mors\/kommunaldirektoer-rikke-wurtz-faar-dobbelt-bestyrelsespost-nu-skal-hun-saette-retning-for-millionuddelinger\/#primaryimage\",\"url\":\"https:\/\/kunmedierne.dk\/mors\/wp-content\/uploads\/2025\/02\/FOREDRAG-BILLEDMATERIALE-1.pdf207.png\",\"contentUrl\":\"https:\/\/kunmedierne.dk\/mors\/wp-content\/uploads\/2025\/02\/FOREDRAG-BILLEDMATERIALE-1.pdf207.png\",\"width\":2000,\"height\":1414},{\"@type\":\"BreadcrumbList\",\"@id\":\"https:\/\/kunmedierne.dk\/mors\/kommunaldirektoer-rikke-wurtz-faar-dobbelt-bestyrelsespost-nu-skal-hun-saette-retning-for-millionuddelinger\/#breadcrumb\",\"itemListElement\":[{\"@type\":\"ListItem\",\"position\":1,\"name\":\"Hjem\",\"item\":\"https:\/\/kunmedierne.dk\/mors\/\"},{\"@type\":\"ListItem\",\"position\":2,\"name\":\"Kommunaldirekt\u00f8r Rikke W\u00fcrtz f\u00e5r dobbelt bestyrelsespost: Nu skal hun s\u00e6tte retning for millionuddelinger\"}]},{\"@type\":\"WebSite\",\"@id\":\"https:\/\/kunmedierne.dk\/mors\/#website\",\"url\":\"https:\/\/kunmedierne.dk\/mors\/\",\"name\":\"Mors\",\"description\":\"et netmedie med journalistik om livet p\u00e5 Mors\",\"publisher\":{\"@id\":\"https:\/\/kunmedierne.dk\/mors\/#organization\"},\"potentialAction\":[{\"@type\":\"SearchAction\",\"target\":{\"@type\":\"EntryPoint\",\"urlTemplate\":\"https:\/\/kunmedierne.dk\/mors\/?s={search_term_string}\"},\"query-input\":{\"@type\":\"PropertyValueSpecification\",\"valueRequired\":true,\"valueName\":\"search_term_string\"}}],\"inLanguage\":\"da-DK\"},{\"@type\":\"Organization\",\"@id\":\"https:\/\/kunmedierne.dk\/mors\/#organization\",\"name\":\"Mors\",\"url\":\"https:\/\/kunmedierne.dk\/mors\/\",\"logo\":{\"@type\":\"ImageObject\",\"inLanguage\":\"da-DK\",\"@id\":\"https:\/\/kunmedierne.dk\/mors\/#\/schema\/logo\/image\/\",\"url\":\"https:\/\/kunmedierne.dk\/mors\/wp-content\/uploads\/2024\/08\/kunmors-logo.svg\",\"contentUrl\":\"https:\/\/kunmedierne.dk\/mors\/wp-content\/uploads\/2024\/08\/kunmors-logo.svg\",\"caption\":\"Mors\"},\"image\":{\"@id\":\"https:\/\/kunmedierne.dk\/mors\/#\/schema\/logo\/image\/\"}},{\"@type\":\"Person\",\"@id\":\"https:\/\/kunmedierne.dk\/mors\/#\/schema\/person\/b2e62a38069b12365e53e087a8709c64\",\"name\":\"Katrine Hedegaard\",\"image\":{\"@type\":\"ImageObject\",\"inLanguage\":\"da-DK\",\"@id\":\"https:\/\/kunmedierne.dk\/mors\/#\/schema\/person\/image\/\",\"url\":\"https:\/\/secure.gravatar.com\/avatar\/18a5c72fa9148052fd3ed5a58b40fc83cfdc9811090e6e6eec9539af058edcc0?s=96&d=mm&r=g\",\"contentUrl\":\"https:\/\/secure.gravatar.com\/avatar\/18a5c72fa9148052fd3ed5a58b40fc83cfdc9811090e6e6eec9539af058edcc0?s=96&d=mm&r=g\",\"caption\":\"Katrine Hedegaard\"},\"url\":\"https:\/\/kunmedierne.dk\/mors\/author\/katrine\/\"}]}<\/script>\n<!-- \/ Yoast SEO plugin. -->","yoast_head_json":{"title":"Kommunaldirekt\u00f8r Rikke W\u00fcrtz f\u00e5r dobbelt bestyrelsespost: Nu skal hun s\u00e6tte retning for millionuddelinger - Mors","robots":{"index":"index","follow":"follow","max-snippet":"max-snippet:-1","max-image-preview":"max-image-preview:large","max-video-preview":"max-video-preview:-1"},"canonical":"https:\/\/kunmedierne.dk\/mors\/kommunaldirektoer-rikke-wurtz-faar-dobbelt-bestyrelsespost-nu-skal-hun-saette-retning-for-millionuddelinger\/","og_locale":"da_DK","og_type":"article","og_title":"Kommunaldirekt\u00f8r Rikke W\u00fcrtz f\u00e5r dobbelt bestyrelsespost: Nu skal hun s\u00e6tte retning for millionuddelinger - Mors","og_description":"NAVNENYT: Rikke W\u00fcrtz, der er uddannet cand.merc.sol. og f\u00f8dt i 1975, har v\u00e6ret kommunaldirekt\u00f8r i Mors\u00f8 Kommune i flere \u00e5r. Nu tilf\u00f8jer hun endnu en titel til sit CV, og hendes kompetencer inden for strategi, ledelse, politik og \u00f8konomi vil komme i spil i de to fonde. Nordea-fonden har et klart form\u00e5l: at styrke almennyttige [&hellip;]","og_url":"https:\/\/kunmedierne.dk\/mors\/kommunaldirektoer-rikke-wurtz-faar-dobbelt-bestyrelsespost-nu-skal-hun-saette-retning-for-millionuddelinger\/","og_site_name":"Mors","article_published_time":"2025-02-28T10:48:54+00:00","article_modified_time":"2025-02-28T10:55:40+00:00","og_image":[{"url":"https:\/\/kunmedierne.dk\/mors\/wp-content\/uploads\/2025\/02\/FOREDRAG-BILLEDMATERIALE-1.pdf207.png","type":"","width":"","height":""}],"author":"Katrine Hedegaard","twitter_card":"summary_large_image","twitter_misc":{"Skrevet af":"Katrine Hedegaard","Estimeret l\u00e6setid":"2 minutter"},"schema":{"@context":"https:\/\/schema.org","@graph":[{"@type":"Article","@id":"https:\/\/kunmedierne.dk\/mors\/kommunaldirektoer-rikke-wurtz-faar-dobbelt-bestyrelsespost-nu-skal-hun-saette-retning-for-millionuddelinger\/#article","isPartOf":{"@id":"https:\/\/kunmedierne.dk\/mors\/kommunaldirektoer-rikke-wurtz-faar-dobbelt-bestyrelsespost-nu-skal-hun-saette-retning-for-millionuddelinger\/"},"author":{"name":"Katrine Hedegaard","@id":"https:\/\/kunmedierne.dk\/mors\/#\/schema\/person\/b2e62a38069b12365e53e087a8709c64"},"headline":"Kommunaldirekt\u00f8r Rikke W\u00fcrtz f\u00e5r dobbelt bestyrelsespost: Nu skal hun s\u00e6tte retning for millionuddelinger","datePublished":"2025-02-28T10:48:54+00:00","dateModified":"2025-02-28T10:55:40+00:00","mainEntityOfPage":{"@id":"https:\/\/kunmedierne.dk\/mors\/kommunaldirektoer-rikke-wurtz-faar-dobbelt-bestyrelsespost-nu-skal-hun-saette-retning-for-millionuddelinger\/"},"wordCount":314,"publisher":{"@id":"https:\/\/kunmedierne.dk\/mors\/#organization"},"image":{"@id":"https:\/\/kunmedierne.dk\/mors\/kommunaldirektoer-rikke-wurtz-faar-dobbelt-bestyrelsespost-nu-skal-hun-saette-retning-for-millionuddelinger\/#primaryimage"},"thumbnailUrl":"https:\/\/kunmedierne.dk\/mors\/wp-content\/uploads\/2025\/02\/FOREDRAG-BILLEDMATERIALE-1.pdf207.png","articleSection":["Lokalt","Navne"],"inLanguage":"da-DK"},{"@type":"WebPage","@id":"https:\/\/kunmedierne.dk\/mors\/kommunaldirektoer-rikke-wurtz-faar-dobbelt-bestyrelsespost-nu-skal-hun-saette-retning-for-millionuddelinger\/","url":"https:\/\/kunmedierne.dk\/mors\/kommunaldirektoer-rikke-wurtz-faar-dobbelt-bestyrelsespost-nu-skal-hun-saette-retning-for-millionuddelinger\/","name":"Kommunaldirekt\u00f8r Rikke W\u00fcrtz f\u00e5r dobbelt bestyrelsespost: Nu skal hun s\u00e6tte retning for millionuddelinger - Mors","isPartOf":{"@id":"https:\/\/kunmedierne.dk\/mors\/#website"},"primaryImageOfPage":{"@id":"https:\/\/kunmedierne.dk\/mors\/kommunaldirektoer-rikke-wurtz-faar-dobbelt-bestyrelsespost-nu-skal-hun-saette-retning-for-millionuddelinger\/#primaryimage"},"image":{"@id":"https:\/\/kunmedierne.dk\/mors\/kommunaldirektoer-rikke-wurtz-faar-dobbelt-bestyrelsespost-nu-skal-hun-saette-retning-for-millionuddelinger\/#primaryimage"},"thumbnailUrl":"https:\/\/kunmedierne.dk\/mors\/wp-content\/uploads\/2025\/02\/FOREDRAG-BILLEDMATERIALE-1.pdf207.png","datePublished":"2025-02-28T10:48:54+00:00","dateModified":"2025-02-28T10:55:40+00:00","breadcrumb":{"@id":"https:\/\/kunmedierne.dk\/mors\/kommunaldirektoer-rikke-wurtz-faar-dobbelt-bestyrelsespost-nu-skal-hun-saette-retning-for-millionuddelinger\/#breadcrumb"},"inLanguage":"da-DK","potentialAction":[{"@type":"ReadAction","target":["https:\/\/kunmedierne.dk\/mors\/kommunaldirektoer-rikke-wurtz-faar-dobbelt-bestyrelsespost-nu-skal-hun-saette-retning-for-millionuddelinger\/"]}]},{"@type":"ImageObject","inLanguage":"da-DK","@id":"https:\/\/kunmedierne.dk\/mors\/kommunaldirektoer-rikke-wurtz-faar-dobbelt-bestyrelsespost-nu-skal-hun-saette-retning-for-millionuddelinger\/#primaryimage","url":"https:\/\/kunmedierne.dk\/mors\/wp-content\/uploads\/2025\/02\/FOREDRAG-BILLEDMATERIALE-1.pdf207.png","contentUrl":"https:\/\/kunmedierne.dk\/mors\/wp-content\/uploads\/2025\/02\/FOREDRAG-BILLEDMATERIALE-1.pdf207.png","width":2000,"height":1414},{"@type":"BreadcrumbList","@id":"https:\/\/kunmedierne.dk\/mors\/kommunaldirektoer-rikke-wurtz-faar-dobbelt-bestyrelsespost-nu-skal-hun-saette-retning-for-millionuddelinger\/#breadcrumb","itemListElement":[{"@type":"ListItem","position":1,"name":"Hjem","item":"https:\/\/kunmedierne.dk\/mors\/"},{"@type":"ListItem","position":2,"name":"Kommunaldirekt\u00f8r Rikke W\u00fcrtz f\u00e5r dobbelt bestyrelsespost: Nu skal hun s\u00e6tte retning for millionuddelinger"}]},{"@type":"WebSite","@id":"https:\/\/kunmedierne.dk\/mors\/#website","url":"https:\/\/kunmedierne.dk\/mors\/","name":"Mors","description":"et netmedie med journalistik om livet p\u00e5 Mors","publisher":{"@id":"https:\/\/kunmedierne.dk\/mors\/#organization"},"potentialAction":[{"@type":"SearchAction","target":{"@type":"EntryPoint","urlTemplate":"https:\/\/kunmedierne.dk\/mors\/?s={search_term_string}"},"query-input":{"@type":"PropertyValueSpecification","valueRequired":true,"valueName":"search_term_string"}}],"inLanguage":"da-DK"},{"@type":"Organization","@id":"https:\/\/kunmedierne.dk\/mors\/#organization","name":"Mors","url":"https:\/\/kunmedierne.dk\/mors\/","logo":{"@type":"ImageObject","inLanguage":"da-DK","@id":"https:\/\/kunmedierne.dk\/mors\/#\/schema\/logo\/image\/","url":"https:\/\/kunmedierne.dk\/mors\/wp-content\/uploads\/2024\/08\/kunmors-logo.svg","contentUrl":"https:\/\/kunmedierne.dk\/mors\/wp-content\/uploads\/2024\/08\/kunmors-logo.svg","caption":"Mors"},"image":{"@id":"https:\/\/kunmedierne.dk\/mors\/#\/schema\/logo\/image\/"}},{"@type":"Person","@id":"https:\/\/kunmedierne.dk\/mors\/#\/schema\/person\/b2e62a38069b12365e53e087a8709c64","name":"Katrine Hedegaard","image":{"@type":"ImageObject","inLanguage":"da-DK","@id":"https:\/\/kunmedierne.dk\/mors\/#\/schema\/person\/image\/","url":"https:\/\/secure.gravatar.com\/avatar\/18a5c72fa9148052fd3ed5a58b40fc83cfdc9811090e6e6eec9539af058edcc0?s=96&d=mm&r=g","contentUrl":"https:\/\/secure.gravatar.com\/avatar\/18a5c72fa9148052fd3ed5a58b40fc83cfdc9811090e6e6eec9539af058edcc0?s=96&d=mm&r=g","caption":"Katrine Hedegaard"},"url":"https:\/\/kunmedierne.dk\/mors\/author\/katrine\/"}]}},"_links":{"self":[{"href":"https:\/\/kunmedierne.dk\/mors\/wp-json\/wp\/v2\/posts\/140130","targetHints":{"allow":["GET"]}}],"collection":[{"href":"https:\/\/kunmedierne.dk\/mors\/wp-json\/wp\/v2\/posts"}],"about":[{"href":"https:\/\/kunmedierne.dk\/mors\/wp-json\/wp\/v2\/types\/post"}],"author":[{"embeddable":true,"href":"https:\/\/kunmedierne.dk\/mors\/wp-json\/wp\/v2\/users\/2507"}],"replies":[{"embeddable":true,"href":"https:\/\/kunmedierne.dk\/mors\/wp-json\/wp\/v2\/comments?post=140130"}],"version-history":[{"count":5,"href":"https:\/\/kunmedierne.dk\/mors\/wp-json\/wp\/v2\/posts\/140130\/revisions"}],"predecessor-version":[{"id":140152,"href":"https:\/\/kunmedierne.dk\/mors\/wp-json\/wp\/v2\/posts\/140130\/revisions\/140152"}],"wp:attachment":[{"href":"https:\/\/kunmedierne.dk\/mors\/wp-json\/wp\/v2\/media?parent=140130"}],"wp:term":[{"taxonomy":"category","embeddable":true,"href":"https:\/\/kunmedierne.dk\/mors\/wp-json\/wp\/v2\/categories?post=140130"},{"taxonomy":"post_tag","embeddable":true,"href":"https:\/\/kunmedierne.dk\/mors\/wp-json\/wp\/v2\/tags?post=140130"}],"curies":[{"name":"wp","href":"https:\/\/api.w.org\/{rel}","templated":true}]}}