{"id":139336,"date":"2025-02-17T14:52:56","date_gmt":"2025-02-17T13:52:56","guid":{"rendered":"https:\/\/kunmedierne.dk\/mors\/?p=139336"},"modified":"2025-02-17T20:50:17","modified_gmt":"2025-02-17T19:50:17","slug":"morsoe-kommune-er-nu-politianmeldt-i-sag-om-overdragelse-af-specialkoersel","status":"publish","type":"post","link":"https:\/\/kunmedierne.dk\/mors\/morsoe-kommune-er-nu-politianmeldt-i-sag-om-overdragelse-af-specialkoersel\/","title":{"rendered":"Mors\u00f8 Kommune er nu politianmeldt i sag om overdragelse af specialk\u00f8rsel"},"content":{"rendered":"<p><strong>TRAFIK<\/strong>: Sagen om overdragelse af visiteret specialk\u00f8rsel fra konkursramte Mors\u00f8 Taxi og Flextrafik til nystiftede M Haar Taxi og Flextrafik har f\u00f8rt til en politianmeldelse af Mors\u00f8 Kommune.<\/p>\n<p>Det er sket mandag, fort\u00e6ller Torben Gregersen, direkt\u00f8r for blandt andet Teknik og Milj\u00f8 i Mors\u00f8 Kommune, der ikke kan oplyse alverden om, hvad anmeldelsen g\u00e5r ud p\u00e5.<\/p>\n<p>&#8211; Jeg er ved at unders\u00f8ge det. Jeg har lige f\u00e5et at vide, inden du ringede, at der er tikket en politianmeldelse ind p\u00e5 vores overdragelse af kontrakten. Jeg ved hverken fra hvem eller hvad, men du kan ringe til mig i morgen, siger han.<\/p>\n<a class=\"dvrt-link\" onClick=\"cdmtrack_click(111725,jQuery(this));return false\" href=\"https:\/\/www.thistedforsikring.dk\/?utm_source=partnerskaber&amp;utm_campaign=kun_mors\"><img decoding=\"async\" style=\"width:100%;\" src=\"https:\/\/kunmedierne.dk\/mors\/wp-content\/uploads\/2024\/02\/269409KunMors-ThistedFor-1.png\"><\/a><script>cdmtrack_view(111725);<\/script>\n<p>I f\u00f8rste omgang ringer KunMors for at h\u00f8re n\u00e6rmere til sagen ud fra et andet perspektiv. P\u00e5 F\u00e6rdselsstyrelsens hjemmeside kan man nemlig se, at M Haar Taxi og Flextrafik ikke er registreret med tilladelse til k\u00f8rsel af nogen art. Og da selskabet allerede har overtaget opgaverne, er sp\u00f8rgsm\u00e5let, om der lige nu foreg\u00e5r specialk\u00f8rsel p\u00e5 Mors uden den n\u00f8dvendige tilladelse.<\/p>\n<p>Det afviser Torben Gregersen.<\/p>\n<p>&#8211; Vi har v\u00e6ret i telefonisk dialog med F\u00e6rdselsstyrelsen, og alt skulle v\u00e6re ok. Men det er klart, at der er noget sagsbehandlingstid, og det g\u00e5r jo hurtigt, det her, siger han.<\/p>\n<a class=\"dvrt-link\" onClick=\"cdmtrack_click(111725,jQuery(this));return false\" href=\"https:\/\/www.thistedforsikring.dk\/?utm_source=partnerskaber&amp;utm_campaign=kun_mors\"><img decoding=\"async\" style=\"width:100%;\" src=\"https:\/\/kunmedierne.dk\/mors\/wp-content\/uploads\/2024\/02\/269409KunMors-ThistedFor-1.png\"><\/a><script>cdmtrack_view(111725);<\/script>\n<p><em>S\u00e5 det er ikke s\u00e5dan, at de k\u00f8rer rundt uden tilladelser?<\/em><\/p>\n<p>&#8211; Det er jo F\u00e6rdselsstyrelsen, der er myndighed p\u00e5 det, og derfor g\u00e5r vi selvf\u00f8lgelig i dialog med dem, n\u00e5r vi har s\u00e5dan en sag. Jeg kan ikke huske, hvor lang sagsbehandlingstid, de har p\u00e5 deres sager, men efter sigende skulle det v\u00e6re halve \u00e5r.<\/p>\n<p>&nbsp;<\/p>\n<p><strong>Eksterne jurister p\u00e5<\/strong><\/p>\n<p>Det var onsdag i sidste uge, at Mors\u00f8 Kommune kunne melde ud, at man havde sikret specialk\u00f8rslen &#8211; f\u00e5 dage efter konkursen hos Mors\u00f8 Taxi og Turisttrafik.<\/p>\n<p>\u201cI henhold til g\u00e6ldende regler for udbud er den eksisterende kontrakt med oprindelige betingelser og krav overdraget til M Haar Taxi og Flextrafik ApS,\u201d skrev kommunen.<\/p>\n<a class=\"dvrt-link\" onClick=\"cdmtrack_click(116504,jQuery(this));return false\" href=\"https:\/\/www.nybolig.dk\/ejendomsmaeglere\/nordvestjylland\/nybolig-morsoe-nykoebing-mors\"><img decoding=\"async\" style=\"width:100%;\" src=\"https:\/\/kunmedierne.dk\/mors\/wp-content\/uploads\/2024\/04\/250825Nybolig.jpg\"><\/a><script>cdmtrack_view(116504);<\/script>\n<p>Torben Gregersen fort\u00e6ller til KunMors, at man ogs\u00e5 har gjort brug af ekspertise p\u00e5 det juridiske omr\u00e5de for at sikre, at overdragelsen skete efter reglerne.<\/p>\n<p>&#8211; Vi har tjekket af med eksterne jurister, om det var okay at overdrage kontrakten, hvilket vi ogs\u00e5 har f\u00e5et at vide, at det er. Alt er efter vores overbevisning i orden, siger han.<\/p>\n<p>&nbsp;<\/p>\n<p><strong>Ingen kommentar fra nyt selskab<\/strong><\/p>\n<p>M Haar Taxi og Flextrafik indehaves af Martin Haar Josefsen, som i mange \u00e5r har arbejdet sammen med Leif Andersen, der ejede det nu konkursramte selskab.<\/p>\n<p>KunMors kontakter ogs\u00e5 Martin Haar Josefsen for at h\u00f8re, om hans selskab udf\u00f8rer opgaver for Mors\u00f8 Kommune uden at have tilladelserne p\u00e5 plads.<\/p>\n<a class=\"dvrt-link\" onClick=\"cdmtrack_click(104787,jQuery(this));return false\" href=\"https:\/\/www.jyskebank.dk\/kontakt\/afdelingsinfo?departmentid=11890\"><img decoding=\"async\" style=\"width:100%;\" src=\"https:\/\/kunmedierne.dk\/mors\/wp-content\/uploads\/2023\/10\/260325JyskeBankMorsNy-1.jpg\"><\/a><script>cdmtrack_view(104787);<\/script>\n<p>Han er dog ikke s\u00e6rlig meddelsom.<\/p>\n<p>&#8211; Jeg har ingen kommentar til det, det m\u00e5 I snakke med Mors\u00f8 Kommune om, siger han.<\/p>\n<p><em>Du kan ikke oplyse, om I har tilladelser til at k\u00f8re?<\/em><\/p>\n<p>&#8211; Det er kommunen, I skal snakke med. Der skal jo v\u00e6re styr p\u00e5 det, ellers giver de jo ikke noget ud. S\u00e5 snak med kommunen.<\/p>\n<p>KunMors f\u00f8lger sagen.<\/p>\n<blockquote>\n<h4>L\u00c6S OGS\u00c5:<\/h4>\n<h5><a href=\"https:\/\/kunmedierne.dk\/morsoe-kommune-overdrager-kontrakt-og-sikrer-koerselstilbud\/\" target=\"_blank\" rel=\"noopener\">Mors\u00f8 Kommune overdrager kontrakt og sikrer k\u00f8rselstilbud<\/a><\/h5>\n<\/blockquote>\n<p>&nbsp;<\/p>\n","protected":false},"excerpt":{"rendered":"<p>TRAFIK: Sagen om overdragelse af visiteret specialk\u00f8rsel fra konkursramte Mors\u00f8 Taxi og Flextrafik til nystiftede M Haar Taxi og Flextrafik har f\u00f8rt til en politianmeldelse af Mors\u00f8 Kommune. Det er sket mandag, fort\u00e6ller Torben Gregersen, direkt\u00f8r for blandt andet Teknik og Milj\u00f8 i Mors\u00f8 Kommune, der ikke kan oplyse alverden om, hvad anmeldelsen g\u00e5r ud [&hellip;]<\/p>\n","protected":false},"author":8,"featured_media":0,"comment_status":"closed","ping_status":"closed","sticky":false,"template":"","format":"standard","meta":{"_acf_changed":false,"footnotes":""},"categories":[51],"tags":[159],"class_list":["post-139336","post","type-post","status-publish","format-standard","hentry","category-lokalt","tag-erhverv"],"acf":[],"yoast_head":"<!-- This site is optimized with the Yoast SEO plugin v26.8 - https:\/\/yoast.com\/product\/yoast-seo-wordpress\/ -->\n<title>Mors\u00f8 Kommune er nu politianmeldt i sag om overdragelse af specialk\u00f8rsel - Mors<\/title>\n<meta name=\"robots\" content=\"index, follow, max-snippet:-1, max-image-preview:large, max-video-preview:-1\" \/>\n<link rel=\"canonical\" href=\"https:\/\/kunmedierne.dk\/mors\/morsoe-kommune-er-nu-politianmeldt-i-sag-om-overdragelse-af-specialkoersel\/\" \/>\n<meta property=\"og:locale\" content=\"da_DK\" \/>\n<meta property=\"og:type\" content=\"article\" \/>\n<meta property=\"og:title\" content=\"Mors\u00f8 Kommune er nu politianmeldt i sag om overdragelse af specialk\u00f8rsel - Mors\" \/>\n<meta property=\"og:description\" content=\"TRAFIK: Sagen om overdragelse af visiteret specialk\u00f8rsel fra konkursramte Mors\u00f8 Taxi og Flextrafik til nystiftede M Haar Taxi og Flextrafik har f\u00f8rt til en politianmeldelse af Mors\u00f8 Kommune. Det er sket mandag, fort\u00e6ller Torben Gregersen, direkt\u00f8r for blandt andet Teknik og Milj\u00f8 i Mors\u00f8 Kommune, der ikke kan oplyse alverden om, hvad anmeldelsen g\u00e5r ud [&hellip;]\" \/>\n<meta property=\"og:url\" content=\"https:\/\/kunmedierne.dk\/mors\/morsoe-kommune-er-nu-politianmeldt-i-sag-om-overdragelse-af-specialkoersel\/\" \/>\n<meta property=\"og:site_name\" content=\"Mors\" \/>\n<meta property=\"article:published_time\" content=\"2025-02-17T13:52:56+00:00\" \/>\n<meta property=\"article:modified_time\" content=\"2025-02-17T19:50:17+00:00\" \/>\n<meta name=\"author\" content=\"David H\u00f8jmark\" \/>\n<meta name=\"twitter:card\" content=\"summary_large_image\" \/>\n<meta name=\"twitter:label1\" content=\"Skrevet af\" \/>\n\t<meta name=\"twitter:data1\" content=\"David H\u00f8jmark\" \/>\n\t<meta name=\"twitter:label2\" content=\"Estimeret l\u00e6setid\" \/>\n\t<meta name=\"twitter:data2\" content=\"3 minutter\" \/>\n<script type=\"application\/ld+json\" class=\"yoast-schema-graph\">{\"@context\":\"https:\/\/schema.org\",\"@graph\":[{\"@type\":\"Article\",\"@id\":\"https:\/\/kunmedierne.dk\/mors\/morsoe-kommune-er-nu-politianmeldt-i-sag-om-overdragelse-af-specialkoersel\/#article\",\"isPartOf\":{\"@id\":\"https:\/\/kunmedierne.dk\/mors\/morsoe-kommune-er-nu-politianmeldt-i-sag-om-overdragelse-af-specialkoersel\/\"},\"author\":{\"name\":\"David H\u00f8jmark\",\"@id\":\"https:\/\/kunmedierne.dk\/mors\/#\/schema\/person\/5fe23251bf1d0abbcdc6f7896579d548\"},\"headline\":\"Mors\u00f8 Kommune er nu politianmeldt i sag om overdragelse af specialk\u00f8rsel\",\"datePublished\":\"2025-02-17T13:52:56+00:00\",\"dateModified\":\"2025-02-17T19:50:17+00:00\",\"mainEntityOfPage\":{\"@id\":\"https:\/\/kunmedierne.dk\/mors\/morsoe-kommune-er-nu-politianmeldt-i-sag-om-overdragelse-af-specialkoersel\/\"},\"wordCount\":559,\"publisher\":{\"@id\":\"https:\/\/kunmedierne.dk\/mors\/#organization\"},\"keywords\":[\"Erhverv\"],\"articleSection\":[\"Lokalt\"],\"inLanguage\":\"da-DK\"},{\"@type\":\"WebPage\",\"@id\":\"https:\/\/kunmedierne.dk\/mors\/morsoe-kommune-er-nu-politianmeldt-i-sag-om-overdragelse-af-specialkoersel\/\",\"url\":\"https:\/\/kunmedierne.dk\/mors\/morsoe-kommune-er-nu-politianmeldt-i-sag-om-overdragelse-af-specialkoersel\/\",\"name\":\"Mors\u00f8 Kommune er nu politianmeldt i sag om overdragelse af specialk\u00f8rsel - Mors\",\"isPartOf\":{\"@id\":\"https:\/\/kunmedierne.dk\/mors\/#website\"},\"datePublished\":\"2025-02-17T13:52:56+00:00\",\"dateModified\":\"2025-02-17T19:50:17+00:00\",\"breadcrumb\":{\"@id\":\"https:\/\/kunmedierne.dk\/mors\/morsoe-kommune-er-nu-politianmeldt-i-sag-om-overdragelse-af-specialkoersel\/#breadcrumb\"},\"inLanguage\":\"da-DK\",\"potentialAction\":[{\"@type\":\"ReadAction\",\"target\":[\"https:\/\/kunmedierne.dk\/mors\/morsoe-kommune-er-nu-politianmeldt-i-sag-om-overdragelse-af-specialkoersel\/\"]}]},{\"@type\":\"BreadcrumbList\",\"@id\":\"https:\/\/kunmedierne.dk\/mors\/morsoe-kommune-er-nu-politianmeldt-i-sag-om-overdragelse-af-specialkoersel\/#breadcrumb\",\"itemListElement\":[{\"@type\":\"ListItem\",\"position\":1,\"name\":\"Hjem\",\"item\":\"https:\/\/kunmedierne.dk\/mors\/\"},{\"@type\":\"ListItem\",\"position\":2,\"name\":\"Mors\u00f8 Kommune er nu politianmeldt i sag om overdragelse af specialk\u00f8rsel\"}]},{\"@type\":\"WebSite\",\"@id\":\"https:\/\/kunmedierne.dk\/mors\/#website\",\"url\":\"https:\/\/kunmedierne.dk\/mors\/\",\"name\":\"Mors\",\"description\":\"et netmedie med journalistik om livet p\u00e5 Mors\",\"publisher\":{\"@id\":\"https:\/\/kunmedierne.dk\/mors\/#organization\"},\"potentialAction\":[{\"@type\":\"SearchAction\",\"target\":{\"@type\":\"EntryPoint\",\"urlTemplate\":\"https:\/\/kunmedierne.dk\/mors\/?s={search_term_string}\"},\"query-input\":{\"@type\":\"PropertyValueSpecification\",\"valueRequired\":true,\"valueName\":\"search_term_string\"}}],\"inLanguage\":\"da-DK\"},{\"@type\":\"Organization\",\"@id\":\"https:\/\/kunmedierne.dk\/mors\/#organization\",\"name\":\"Mors\",\"url\":\"https:\/\/kunmedierne.dk\/mors\/\",\"logo\":{\"@type\":\"ImageObject\",\"inLanguage\":\"da-DK\",\"@id\":\"https:\/\/kunmedierne.dk\/mors\/#\/schema\/logo\/image\/\",\"url\":\"https:\/\/kunmedierne.dk\/mors\/wp-content\/uploads\/2024\/08\/kunmors-logo.svg\",\"contentUrl\":\"https:\/\/kunmedierne.dk\/mors\/wp-content\/uploads\/2024\/08\/kunmors-logo.svg\",\"caption\":\"Mors\"},\"image\":{\"@id\":\"https:\/\/kunmedierne.dk\/mors\/#\/schema\/logo\/image\/\"}},{\"@type\":\"Person\",\"@id\":\"https:\/\/kunmedierne.dk\/mors\/#\/schema\/person\/5fe23251bf1d0abbcdc6f7896579d548\",\"name\":\"David H\u00f8jmark\",\"image\":{\"@type\":\"ImageObject\",\"inLanguage\":\"da-DK\",\"@id\":\"https:\/\/kunmedierne.dk\/mors\/#\/schema\/person\/image\/\",\"url\":\"https:\/\/secure.gravatar.com\/avatar\/4315d6fb9ef244d729989f5f90268eb08d5bf8a3d84402f595fa194bb35784fd?s=96&d=mm&r=g\",\"contentUrl\":\"https:\/\/secure.gravatar.com\/avatar\/4315d6fb9ef244d729989f5f90268eb08d5bf8a3d84402f595fa194bb35784fd?s=96&d=mm&r=g\",\"caption\":\"David H\u00f8jmark\"},\"sameAs\":[\"https:\/\/www.kunmedierne.dk\"],\"url\":\"https:\/\/kunmedierne.dk\/mors\/author\/david\/\"}]}<\/script>\n<!-- \/ Yoast SEO plugin. -->","yoast_head_json":{"title":"Mors\u00f8 Kommune er nu politianmeldt i sag om overdragelse af specialk\u00f8rsel - Mors","robots":{"index":"index","follow":"follow","max-snippet":"max-snippet:-1","max-image-preview":"max-image-preview:large","max-video-preview":"max-video-preview:-1"},"canonical":"https:\/\/kunmedierne.dk\/mors\/morsoe-kommune-er-nu-politianmeldt-i-sag-om-overdragelse-af-specialkoersel\/","og_locale":"da_DK","og_type":"article","og_title":"Mors\u00f8 Kommune er nu politianmeldt i sag om overdragelse af specialk\u00f8rsel - Mors","og_description":"TRAFIK: Sagen om overdragelse af visiteret specialk\u00f8rsel fra konkursramte Mors\u00f8 Taxi og Flextrafik til nystiftede M Haar Taxi og Flextrafik har f\u00f8rt til en politianmeldelse af Mors\u00f8 Kommune. Det er sket mandag, fort\u00e6ller Torben Gregersen, direkt\u00f8r for blandt andet Teknik og Milj\u00f8 i Mors\u00f8 Kommune, der ikke kan oplyse alverden om, hvad anmeldelsen g\u00e5r ud [&hellip;]","og_url":"https:\/\/kunmedierne.dk\/mors\/morsoe-kommune-er-nu-politianmeldt-i-sag-om-overdragelse-af-specialkoersel\/","og_site_name":"Mors","article_published_time":"2025-02-17T13:52:56+00:00","article_modified_time":"2025-02-17T19:50:17+00:00","author":"David H\u00f8jmark","twitter_card":"summary_large_image","twitter_misc":{"Skrevet af":"David H\u00f8jmark","Estimeret l\u00e6setid":"3 minutter"},"schema":{"@context":"https:\/\/schema.org","@graph":[{"@type":"Article","@id":"https:\/\/kunmedierne.dk\/mors\/morsoe-kommune-er-nu-politianmeldt-i-sag-om-overdragelse-af-specialkoersel\/#article","isPartOf":{"@id":"https:\/\/kunmedierne.dk\/mors\/morsoe-kommune-er-nu-politianmeldt-i-sag-om-overdragelse-af-specialkoersel\/"},"author":{"name":"David H\u00f8jmark","@id":"https:\/\/kunmedierne.dk\/mors\/#\/schema\/person\/5fe23251bf1d0abbcdc6f7896579d548"},"headline":"Mors\u00f8 Kommune er nu politianmeldt i sag om overdragelse af specialk\u00f8rsel","datePublished":"2025-02-17T13:52:56+00:00","dateModified":"2025-02-17T19:50:17+00:00","mainEntityOfPage":{"@id":"https:\/\/kunmedierne.dk\/mors\/morsoe-kommune-er-nu-politianmeldt-i-sag-om-overdragelse-af-specialkoersel\/"},"wordCount":559,"publisher":{"@id":"https:\/\/kunmedierne.dk\/mors\/#organization"},"keywords":["Erhverv"],"articleSection":["Lokalt"],"inLanguage":"da-DK"},{"@type":"WebPage","@id":"https:\/\/kunmedierne.dk\/mors\/morsoe-kommune-er-nu-politianmeldt-i-sag-om-overdragelse-af-specialkoersel\/","url":"https:\/\/kunmedierne.dk\/mors\/morsoe-kommune-er-nu-politianmeldt-i-sag-om-overdragelse-af-specialkoersel\/","name":"Mors\u00f8 Kommune er nu politianmeldt i sag om overdragelse af specialk\u00f8rsel - Mors","isPartOf":{"@id":"https:\/\/kunmedierne.dk\/mors\/#website"},"datePublished":"2025-02-17T13:52:56+00:00","dateModified":"2025-02-17T19:50:17+00:00","breadcrumb":{"@id":"https:\/\/kunmedierne.dk\/mors\/morsoe-kommune-er-nu-politianmeldt-i-sag-om-overdragelse-af-specialkoersel\/#breadcrumb"},"inLanguage":"da-DK","potentialAction":[{"@type":"ReadAction","target":["https:\/\/kunmedierne.dk\/mors\/morsoe-kommune-er-nu-politianmeldt-i-sag-om-overdragelse-af-specialkoersel\/"]}]},{"@type":"BreadcrumbList","@id":"https:\/\/kunmedierne.dk\/mors\/morsoe-kommune-er-nu-politianmeldt-i-sag-om-overdragelse-af-specialkoersel\/#breadcrumb","itemListElement":[{"@type":"ListItem","position":1,"name":"Hjem","item":"https:\/\/kunmedierne.dk\/mors\/"},{"@type":"ListItem","position":2,"name":"Mors\u00f8 Kommune er nu politianmeldt i sag om overdragelse af specialk\u00f8rsel"}]},{"@type":"WebSite","@id":"https:\/\/kunmedierne.dk\/mors\/#website","url":"https:\/\/kunmedierne.dk\/mors\/","name":"Mors","description":"et netmedie med journalistik om livet p\u00e5 Mors","publisher":{"@id":"https:\/\/kunmedierne.dk\/mors\/#organization"},"potentialAction":[{"@type":"SearchAction","target":{"@type":"EntryPoint","urlTemplate":"https:\/\/kunmedierne.dk\/mors\/?s={search_term_string}"},"query-input":{"@type":"PropertyValueSpecification","valueRequired":true,"valueName":"search_term_string"}}],"inLanguage":"da-DK"},{"@type":"Organization","@id":"https:\/\/kunmedierne.dk\/mors\/#organization","name":"Mors","url":"https:\/\/kunmedierne.dk\/mors\/","logo":{"@type":"ImageObject","inLanguage":"da-DK","@id":"https:\/\/kunmedierne.dk\/mors\/#\/schema\/logo\/image\/","url":"https:\/\/kunmedierne.dk\/mors\/wp-content\/uploads\/2024\/08\/kunmors-logo.svg","contentUrl":"https:\/\/kunmedierne.dk\/mors\/wp-content\/uploads\/2024\/08\/kunmors-logo.svg","caption":"Mors"},"image":{"@id":"https:\/\/kunmedierne.dk\/mors\/#\/schema\/logo\/image\/"}},{"@type":"Person","@id":"https:\/\/kunmedierne.dk\/mors\/#\/schema\/person\/5fe23251bf1d0abbcdc6f7896579d548","name":"David H\u00f8jmark","image":{"@type":"ImageObject","inLanguage":"da-DK","@id":"https:\/\/kunmedierne.dk\/mors\/#\/schema\/person\/image\/","url":"https:\/\/secure.gravatar.com\/avatar\/4315d6fb9ef244d729989f5f90268eb08d5bf8a3d84402f595fa194bb35784fd?s=96&d=mm&r=g","contentUrl":"https:\/\/secure.gravatar.com\/avatar\/4315d6fb9ef244d729989f5f90268eb08d5bf8a3d84402f595fa194bb35784fd?s=96&d=mm&r=g","caption":"David H\u00f8jmark"},"sameAs":["https:\/\/www.kunmedierne.dk"],"url":"https:\/\/kunmedierne.dk\/mors\/author\/david\/"}]}},"_links":{"self":[{"href":"https:\/\/kunmedierne.dk\/mors\/wp-json\/wp\/v2\/posts\/139336","targetHints":{"allow":["GET"]}}],"collection":[{"href":"https:\/\/kunmedierne.dk\/mors\/wp-json\/wp\/v2\/posts"}],"about":[{"href":"https:\/\/kunmedierne.dk\/mors\/wp-json\/wp\/v2\/types\/post"}],"author":[{"embeddable":true,"href":"https:\/\/kunmedierne.dk\/mors\/wp-json\/wp\/v2\/users\/8"}],"replies":[{"embeddable":true,"href":"https:\/\/kunmedierne.dk\/mors\/wp-json\/wp\/v2\/comments?post=139336"}],"version-history":[{"count":8,"href":"https:\/\/kunmedierne.dk\/mors\/wp-json\/wp\/v2\/posts\/139336\/revisions"}],"predecessor-version":[{"id":139361,"href":"https:\/\/kunmedierne.dk\/mors\/wp-json\/wp\/v2\/posts\/139336\/revisions\/139361"}],"wp:attachment":[{"href":"https:\/\/kunmedierne.dk\/mors\/wp-json\/wp\/v2\/media?parent=139336"}],"wp:term":[{"taxonomy":"category","embeddable":true,"href":"https:\/\/kunmedierne.dk\/mors\/wp-json\/wp\/v2\/categories?post=139336"},{"taxonomy":"post_tag","embeddable":true,"href":"https:\/\/kunmedierne.dk\/mors\/wp-json\/wp\/v2\/tags?post=139336"}],"curies":[{"name":"wp","href":"https:\/\/api.w.org\/{rel}","templated":true}]}}