{"id":139200,"date":"2025-02-14T15:58:39","date_gmt":"2025-02-14T14:58:39","guid":{"rendered":"https:\/\/kunmedierne.dk\/mors\/?p=139200"},"modified":"2025-02-14T15:58:39","modified_gmt":"2025-02-14T14:58:39","slug":"mors-thy-siger-farvel-til-maalmandstalent","status":"publish","type":"post","link":"https:\/\/kunmedierne.dk\/mors\/mors-thy-siger-farvel-til-maalmandstalent\/","title":{"rendered":"Mors-Thy siger farvel til m\u00e5lmandstalent"},"content":{"rendered":"<p><strong>H\u00c5NDBOLD<\/strong>: I 2023 storspillede han i VM-finalen for U19-landshold, men der bliver ingen lignende kampe i Mors-Thys m\u00e5lmandstr\u00f8je for Simon Lundorf &#8211; i hvert fald ikke p\u00e5 den nuv\u00e6rende kontrakt.<\/p>\n<p>Den unge m\u00e5lmand, der fik sin h\u00e5ndboldopdragelse i Thisted IK og HF Mors, er for tiden udlejet til 1. divisionsklubben Lemvig-Thybor\u00f8n. Nu har han bedt om at blive l\u00f8st fra den kontrakt med Mors-Thy, der ellers f\u00f8rst havde udl\u00f8b i 2026. Og det \u00f8nske har klubben efterkommet.<\/p>\n<a class=\"dvrt-link\" onClick=\"cdmtrack_click(104785,jQuery(this));return false\" href=\"https:\/\/www.facebook.com\/lyndrups\"><img decoding=\"async\" style=\"width:100%;\" src=\"https:\/\/kunmedierne.dk\/mors\/wp-content\/uploads\/2022\/02\/vip-lyndrups-rengoering.jpg\"><\/a><script>cdmtrack_view(104785);<\/script>\n<p>&#8211; Simon har haft et \u00f8nske om kontinuerlig spilletid p\u00e5 et h\u00f8jere niveau, end vi kan tilbyde ham i 2. division, og det har vi valgt at efterkomme. I denne s\u00e6son er han udlejet til Lemvig-Thybor\u00f8n, som ligger i toppen af den st\u00e6rke 1. division. Vi har v\u00e6ret glade for Simon, som har leveret flot i sin ungdomskarriere med et DM-guld for Mors-Thy H\u00e5ndbold Akademis U19-hold og en dansk VM-s\u00f8lvmedalje for ungdomslandshold, siger adm. direkt\u00f8r i Mors-Thy H\u00e5ndbold, Ian Marko Fog.<\/p>\n<p>Han forts\u00e6tter:<\/p>\n<p>&#8211; Vi ser det som et naturligt step for en spiller som Lundorf, at han skal ud og have noget spilletid og samle erfaring og rutine. Vi kommer til at f\u00f8lge ham t\u00e6t og h\u00e5ber, at vi ser ham tilbage i den bl\u00e5 tr\u00f8je igen. Vi er endnu en gang stolte af at sende et talent videre i systemet fra vores st\u00e6rke akademi og \u00f8nsker Simon alt det bedste fremover.<\/p>\n","protected":false},"excerpt":{"rendered":"<p>H\u00c5NDBOLD: I 2023 storspillede han i VM-finalen for U19-landshold, men der bliver ingen lignende kampe i Mors-Thys m\u00e5lmandstr\u00f8je for Simon Lundorf &#8211; i hvert fald ikke p\u00e5 den nuv\u00e6rende kontrakt. Den unge m\u00e5lmand, der fik sin h\u00e5ndboldopdragelse i Thisted IK og HF Mors, er for tiden udlejet til 1. divisionsklubben Lemvig-Thybor\u00f8n. Nu har han bedt [&hellip;]<\/p>\n","protected":false},"author":8,"featured_media":0,"comment_status":"closed","ping_status":"closed","sticky":false,"template":"","format":"standard","meta":{"_acf_changed":false,"footnotes":""},"categories":[53],"tags":[],"class_list":["post-139200","post","type-post","status-publish","format-standard","hentry","category-sport"],"acf":[],"yoast_head":"<!-- This site is optimized with the Yoast SEO plugin v26.8 - https:\/\/yoast.com\/product\/yoast-seo-wordpress\/ -->\n<title>Mors-Thy siger farvel til m\u00e5lmandstalent - Mors<\/title>\n<meta name=\"robots\" content=\"index, follow, max-snippet:-1, max-image-preview:large, max-video-preview:-1\" \/>\n<link rel=\"canonical\" href=\"https:\/\/kunmedierne.dk\/mors\/mors-thy-siger-farvel-til-maalmandstalent\/\" \/>\n<meta property=\"og:locale\" content=\"da_DK\" \/>\n<meta property=\"og:type\" content=\"article\" \/>\n<meta property=\"og:title\" content=\"Mors-Thy siger farvel til m\u00e5lmandstalent - Mors\" \/>\n<meta property=\"og:description\" content=\"H\u00c5NDBOLD: I 2023 storspillede han i VM-finalen for U19-landshold, men der bliver ingen lignende kampe i Mors-Thys m\u00e5lmandstr\u00f8je for Simon Lundorf &#8211; i hvert fald ikke p\u00e5 den nuv\u00e6rende kontrakt. Den unge m\u00e5lmand, der fik sin h\u00e5ndboldopdragelse i Thisted IK og HF Mors, er for tiden udlejet til 1. divisionsklubben Lemvig-Thybor\u00f8n. Nu har han bedt [&hellip;]\" \/>\n<meta property=\"og:url\" content=\"https:\/\/kunmedierne.dk\/mors\/mors-thy-siger-farvel-til-maalmandstalent\/\" \/>\n<meta property=\"og:site_name\" content=\"Mors\" \/>\n<meta property=\"article:published_time\" content=\"2025-02-14T14:58:39+00:00\" \/>\n<meta name=\"author\" content=\"David H\u00f8jmark\" \/>\n<meta name=\"twitter:card\" content=\"summary_large_image\" \/>\n<meta name=\"twitter:label1\" content=\"Skrevet af\" \/>\n\t<meta name=\"twitter:data1\" content=\"David H\u00f8jmark\" \/>\n\t<meta name=\"twitter:label2\" content=\"Estimeret l\u00e6setid\" \/>\n\t<meta name=\"twitter:data2\" content=\"2 minutter\" \/>\n<script type=\"application\/ld+json\" class=\"yoast-schema-graph\">{\"@context\":\"https:\/\/schema.org\",\"@graph\":[{\"@type\":\"Article\",\"@id\":\"https:\/\/kunmedierne.dk\/mors\/mors-thy-siger-farvel-til-maalmandstalent\/#article\",\"isPartOf\":{\"@id\":\"https:\/\/kunmedierne.dk\/mors\/mors-thy-siger-farvel-til-maalmandstalent\/\"},\"author\":{\"name\":\"David H\u00f8jmark\",\"@id\":\"https:\/\/kunmedierne.dk\/mors\/#\/schema\/person\/5fe23251bf1d0abbcdc6f7896579d548\"},\"headline\":\"Mors-Thy siger farvel til m\u00e5lmandstalent\",\"datePublished\":\"2025-02-14T14:58:39+00:00\",\"mainEntityOfPage\":{\"@id\":\"https:\/\/kunmedierne.dk\/mors\/mors-thy-siger-farvel-til-maalmandstalent\/\"},\"wordCount\":260,\"publisher\":{\"@id\":\"https:\/\/kunmedierne.dk\/mors\/#organization\"},\"articleSection\":[\"Sport\"],\"inLanguage\":\"da-DK\"},{\"@type\":\"WebPage\",\"@id\":\"https:\/\/kunmedierne.dk\/mors\/mors-thy-siger-farvel-til-maalmandstalent\/\",\"url\":\"https:\/\/kunmedierne.dk\/mors\/mors-thy-siger-farvel-til-maalmandstalent\/\",\"name\":\"Mors-Thy siger farvel til m\u00e5lmandstalent - Mors\",\"isPartOf\":{\"@id\":\"https:\/\/kunmedierne.dk\/mors\/#website\"},\"datePublished\":\"2025-02-14T14:58:39+00:00\",\"breadcrumb\":{\"@id\":\"https:\/\/kunmedierne.dk\/mors\/mors-thy-siger-farvel-til-maalmandstalent\/#breadcrumb\"},\"inLanguage\":\"da-DK\",\"potentialAction\":[{\"@type\":\"ReadAction\",\"target\":[\"https:\/\/kunmedierne.dk\/mors\/mors-thy-siger-farvel-til-maalmandstalent\/\"]}]},{\"@type\":\"BreadcrumbList\",\"@id\":\"https:\/\/kunmedierne.dk\/mors\/mors-thy-siger-farvel-til-maalmandstalent\/#breadcrumb\",\"itemListElement\":[{\"@type\":\"ListItem\",\"position\":1,\"name\":\"Hjem\",\"item\":\"https:\/\/kunmedierne.dk\/mors\/\"},{\"@type\":\"ListItem\",\"position\":2,\"name\":\"Mors-Thy siger farvel til m\u00e5lmandstalent\"}]},{\"@type\":\"WebSite\",\"@id\":\"https:\/\/kunmedierne.dk\/mors\/#website\",\"url\":\"https:\/\/kunmedierne.dk\/mors\/\",\"name\":\"Mors\",\"description\":\"et netmedie med journalistik om livet p\u00e5 Mors\",\"publisher\":{\"@id\":\"https:\/\/kunmedierne.dk\/mors\/#organization\"},\"potentialAction\":[{\"@type\":\"SearchAction\",\"target\":{\"@type\":\"EntryPoint\",\"urlTemplate\":\"https:\/\/kunmedierne.dk\/mors\/?s={search_term_string}\"},\"query-input\":{\"@type\":\"PropertyValueSpecification\",\"valueRequired\":true,\"valueName\":\"search_term_string\"}}],\"inLanguage\":\"da-DK\"},{\"@type\":\"Organization\",\"@id\":\"https:\/\/kunmedierne.dk\/mors\/#organization\",\"name\":\"Mors\",\"url\":\"https:\/\/kunmedierne.dk\/mors\/\",\"logo\":{\"@type\":\"ImageObject\",\"inLanguage\":\"da-DK\",\"@id\":\"https:\/\/kunmedierne.dk\/mors\/#\/schema\/logo\/image\/\",\"url\":\"https:\/\/kunmedierne.dk\/mors\/wp-content\/uploads\/2024\/08\/kunmors-logo.svg\",\"contentUrl\":\"https:\/\/kunmedierne.dk\/mors\/wp-content\/uploads\/2024\/08\/kunmors-logo.svg\",\"caption\":\"Mors\"},\"image\":{\"@id\":\"https:\/\/kunmedierne.dk\/mors\/#\/schema\/logo\/image\/\"}},{\"@type\":\"Person\",\"@id\":\"https:\/\/kunmedierne.dk\/mors\/#\/schema\/person\/5fe23251bf1d0abbcdc6f7896579d548\",\"name\":\"David H\u00f8jmark\",\"image\":{\"@type\":\"ImageObject\",\"inLanguage\":\"da-DK\",\"@id\":\"https:\/\/kunmedierne.dk\/mors\/#\/schema\/person\/image\/\",\"url\":\"https:\/\/secure.gravatar.com\/avatar\/4315d6fb9ef244d729989f5f90268eb08d5bf8a3d84402f595fa194bb35784fd?s=96&d=mm&r=g\",\"contentUrl\":\"https:\/\/secure.gravatar.com\/avatar\/4315d6fb9ef244d729989f5f90268eb08d5bf8a3d84402f595fa194bb35784fd?s=96&d=mm&r=g\",\"caption\":\"David H\u00f8jmark\"},\"sameAs\":[\"https:\/\/www.kunmedierne.dk\"],\"url\":\"https:\/\/kunmedierne.dk\/mors\/author\/david\/\"}]}<\/script>\n<!-- \/ Yoast SEO plugin. -->","yoast_head_json":{"title":"Mors-Thy siger farvel til m\u00e5lmandstalent - Mors","robots":{"index":"index","follow":"follow","max-snippet":"max-snippet:-1","max-image-preview":"max-image-preview:large","max-video-preview":"max-video-preview:-1"},"canonical":"https:\/\/kunmedierne.dk\/mors\/mors-thy-siger-farvel-til-maalmandstalent\/","og_locale":"da_DK","og_type":"article","og_title":"Mors-Thy siger farvel til m\u00e5lmandstalent - Mors","og_description":"H\u00c5NDBOLD: I 2023 storspillede han i VM-finalen for U19-landshold, men der bliver ingen lignende kampe i Mors-Thys m\u00e5lmandstr\u00f8je for Simon Lundorf &#8211; i hvert fald ikke p\u00e5 den nuv\u00e6rende kontrakt. Den unge m\u00e5lmand, der fik sin h\u00e5ndboldopdragelse i Thisted IK og HF Mors, er for tiden udlejet til 1. divisionsklubben Lemvig-Thybor\u00f8n. Nu har han bedt [&hellip;]","og_url":"https:\/\/kunmedierne.dk\/mors\/mors-thy-siger-farvel-til-maalmandstalent\/","og_site_name":"Mors","article_published_time":"2025-02-14T14:58:39+00:00","author":"David H\u00f8jmark","twitter_card":"summary_large_image","twitter_misc":{"Skrevet af":"David H\u00f8jmark","Estimeret l\u00e6setid":"2 minutter"},"schema":{"@context":"https:\/\/schema.org","@graph":[{"@type":"Article","@id":"https:\/\/kunmedierne.dk\/mors\/mors-thy-siger-farvel-til-maalmandstalent\/#article","isPartOf":{"@id":"https:\/\/kunmedierne.dk\/mors\/mors-thy-siger-farvel-til-maalmandstalent\/"},"author":{"name":"David H\u00f8jmark","@id":"https:\/\/kunmedierne.dk\/mors\/#\/schema\/person\/5fe23251bf1d0abbcdc6f7896579d548"},"headline":"Mors-Thy siger farvel til m\u00e5lmandstalent","datePublished":"2025-02-14T14:58:39+00:00","mainEntityOfPage":{"@id":"https:\/\/kunmedierne.dk\/mors\/mors-thy-siger-farvel-til-maalmandstalent\/"},"wordCount":260,"publisher":{"@id":"https:\/\/kunmedierne.dk\/mors\/#organization"},"articleSection":["Sport"],"inLanguage":"da-DK"},{"@type":"WebPage","@id":"https:\/\/kunmedierne.dk\/mors\/mors-thy-siger-farvel-til-maalmandstalent\/","url":"https:\/\/kunmedierne.dk\/mors\/mors-thy-siger-farvel-til-maalmandstalent\/","name":"Mors-Thy siger farvel til m\u00e5lmandstalent - Mors","isPartOf":{"@id":"https:\/\/kunmedierne.dk\/mors\/#website"},"datePublished":"2025-02-14T14:58:39+00:00","breadcrumb":{"@id":"https:\/\/kunmedierne.dk\/mors\/mors-thy-siger-farvel-til-maalmandstalent\/#breadcrumb"},"inLanguage":"da-DK","potentialAction":[{"@type":"ReadAction","target":["https:\/\/kunmedierne.dk\/mors\/mors-thy-siger-farvel-til-maalmandstalent\/"]}]},{"@type":"BreadcrumbList","@id":"https:\/\/kunmedierne.dk\/mors\/mors-thy-siger-farvel-til-maalmandstalent\/#breadcrumb","itemListElement":[{"@type":"ListItem","position":1,"name":"Hjem","item":"https:\/\/kunmedierne.dk\/mors\/"},{"@type":"ListItem","position":2,"name":"Mors-Thy siger farvel til m\u00e5lmandstalent"}]},{"@type":"WebSite","@id":"https:\/\/kunmedierne.dk\/mors\/#website","url":"https:\/\/kunmedierne.dk\/mors\/","name":"Mors","description":"et netmedie med journalistik om livet p\u00e5 Mors","publisher":{"@id":"https:\/\/kunmedierne.dk\/mors\/#organization"},"potentialAction":[{"@type":"SearchAction","target":{"@type":"EntryPoint","urlTemplate":"https:\/\/kunmedierne.dk\/mors\/?s={search_term_string}"},"query-input":{"@type":"PropertyValueSpecification","valueRequired":true,"valueName":"search_term_string"}}],"inLanguage":"da-DK"},{"@type":"Organization","@id":"https:\/\/kunmedierne.dk\/mors\/#organization","name":"Mors","url":"https:\/\/kunmedierne.dk\/mors\/","logo":{"@type":"ImageObject","inLanguage":"da-DK","@id":"https:\/\/kunmedierne.dk\/mors\/#\/schema\/logo\/image\/","url":"https:\/\/kunmedierne.dk\/mors\/wp-content\/uploads\/2024\/08\/kunmors-logo.svg","contentUrl":"https:\/\/kunmedierne.dk\/mors\/wp-content\/uploads\/2024\/08\/kunmors-logo.svg","caption":"Mors"},"image":{"@id":"https:\/\/kunmedierne.dk\/mors\/#\/schema\/logo\/image\/"}},{"@type":"Person","@id":"https:\/\/kunmedierne.dk\/mors\/#\/schema\/person\/5fe23251bf1d0abbcdc6f7896579d548","name":"David H\u00f8jmark","image":{"@type":"ImageObject","inLanguage":"da-DK","@id":"https:\/\/kunmedierne.dk\/mors\/#\/schema\/person\/image\/","url":"https:\/\/secure.gravatar.com\/avatar\/4315d6fb9ef244d729989f5f90268eb08d5bf8a3d84402f595fa194bb35784fd?s=96&d=mm&r=g","contentUrl":"https:\/\/secure.gravatar.com\/avatar\/4315d6fb9ef244d729989f5f90268eb08d5bf8a3d84402f595fa194bb35784fd?s=96&d=mm&r=g","caption":"David H\u00f8jmark"},"sameAs":["https:\/\/www.kunmedierne.dk"],"url":"https:\/\/kunmedierne.dk\/mors\/author\/david\/"}]}},"_links":{"self":[{"href":"https:\/\/kunmedierne.dk\/mors\/wp-json\/wp\/v2\/posts\/139200","targetHints":{"allow":["GET"]}}],"collection":[{"href":"https:\/\/kunmedierne.dk\/mors\/wp-json\/wp\/v2\/posts"}],"about":[{"href":"https:\/\/kunmedierne.dk\/mors\/wp-json\/wp\/v2\/types\/post"}],"author":[{"embeddable":true,"href":"https:\/\/kunmedierne.dk\/mors\/wp-json\/wp\/v2\/users\/8"}],"replies":[{"embeddable":true,"href":"https:\/\/kunmedierne.dk\/mors\/wp-json\/wp\/v2\/comments?post=139200"}],"version-history":[{"count":1,"href":"https:\/\/kunmedierne.dk\/mors\/wp-json\/wp\/v2\/posts\/139200\/revisions"}],"predecessor-version":[{"id":139203,"href":"https:\/\/kunmedierne.dk\/mors\/wp-json\/wp\/v2\/posts\/139200\/revisions\/139203"}],"wp:attachment":[{"href":"https:\/\/kunmedierne.dk\/mors\/wp-json\/wp\/v2\/media?parent=139200"}],"wp:term":[{"taxonomy":"category","embeddable":true,"href":"https:\/\/kunmedierne.dk\/mors\/wp-json\/wp\/v2\/categories?post=139200"},{"taxonomy":"post_tag","embeddable":true,"href":"https:\/\/kunmedierne.dk\/mors\/wp-json\/wp\/v2\/tags?post=139200"}],"curies":[{"name":"wp","href":"https:\/\/api.w.org\/{rel}","templated":true}]}}