{"id":13910,"date":"2020-03-17T19:01:28","date_gmt":"2020-03-17T18:01:28","guid":{"rendered":"https:\/\/kunmedierne.dk\/mors\/?p=13910"},"modified":"2024-08-12T14:06:20","modified_gmt":"2024-08-12T12:06:20","slug":"jesperhus-udskyder-aabning-og-udvider-saesonen","status":"publish","type":"post","link":"https:\/\/kunmedierne.dk\/mors\/jesperhus-udskyder-aabning-og-udvider-saesonen\/","title":{"rendered":"Jesperhus udskyder \u00e5bning og udvider s\u00e6sonen"},"content":{"rendered":"<p><strong>LEGIND<\/strong>: Jesperhus udskyder nu \u00e5rets s\u00e6son\u00e5bning, der skulle finde sted den 27. marts 2020. Samtidigt udvider man s\u00e6sonen. Jesperhus har omkring en kvart million g\u00e6ster om \u00e5ret &#8211; fortrinsvis danske b\u00f8rnefamilier.<\/p>\n<p>&#8220;Vi bakker fuldt op om myndighedernes h\u00e5ndtering af Coronavirussen, og det er ogs\u00e5 baggrunden for, at vi nu udskyder s\u00e6son\u00e5bningen af vores feriecenter til den 1. maj 2020. Vi har en forpligtelse overfor vores over 250.000 \u00e5rlige g\u00e6ster samt ikke mindst vores personale, og det er baggrunden for, at vi udskyder \u00e5bningen,&#8221; siger direkt\u00f8r Peter Overgaard.<\/p>\n<p>Han fort\u00e6ller samtidigt, at Jesperhus har besluttet at udvide \u00e5rets s\u00e6son da feriecentrets mange g\u00e6ster \u2013 prim\u00e6rt b\u00f8rnefamilier \u2013 har set frem til opholdet.<\/p>\n<p>&#8220;B\u00f8rnene har gl\u00e6det sig til at bes\u00f8ge os, se Hugo shows og s\u00e5 videre. Og vi er godt klar over, at mange b\u00f8rn vil blive kede af det, hvis de ikke kommer afsted. Derfor har vi valgt at udvide s\u00e6sonen med to perioder i efter\u00e5ret,&#8221; fort\u00e6ller Peter Overgaard.<\/p>\n<p>Jesperhus\u00b4showteam er allerede g\u00e5et i gang med at udvikle p\u00e5 et &#8220;Halloween-tema&#8221;, der bliver omdrejningspunktet omkring efter\u00e5rsferien.<\/p>\n<p>&#8220;Efter\u00e5rsferien har vi traditionelt udsolgt, og bel\u00e6gningen er allerede stor i den uge. Nu \u00e5bner vi s\u00e5 op for nye perioder omkring efter\u00e5rsferien,&#8221; p\u00e5peger Peter Overgaard.<\/p>\n<p>&nbsp;<\/p>\n<p><strong>H<\/strong><b>ugo\u00b4s Juleland til december<\/b><\/p>\n<p>Herudover er det kreative team allerede i gang med at ideudvikle p\u00e5 et julekoncept, hvor Jesperhus for f\u00f8rste gang nogensinde \u00e5bner op for g\u00e6ster i \u00e5rets sidste m\u00e5neder.<\/p>\n<p>&#8220;Vi har s\u00e5 mange indend\u00f8rs faciliteter, at man sagtens kan holde ferie i Jesperhus om vinteren:<span class=\"v1oneComWebmail-Apple-converted-space\">\u00a0<\/span>\u00a0Hugo\u00b4s Badeland hvor man fx kan sv\u00f8mme omkring juletr\u00e6et, Zik &amp; Zak\u00b4s Abeland med juleshows med Hugo og de \u00f8vrige figurer, JungleZoo, biograf og et hav af andre juleaktiviteter. Derfor holder vi ekstraordin\u00e6rt \u00e5bent fra medio november og frem til jul. B\u00e5de med mulighed for weekendophold, og ophold p\u00e5 hverdagene,&#8221; fort\u00e6ller Peter Overgaard.<\/p>\n<p>Udover at udvikle p\u00e5 underholdningen til sommers\u00e6sonen og de to udvidede \u00e5bningsperioder til efter\u00e5ret, har showteamet produceret en r\u00e6kke nye film med Jesperhus\u00b4 mange figurer.<\/p>\n<p>&#8220;Hugo, Zik &amp; Zak og alle de andre popul\u00e6re figurer har lavet en r\u00e6kke nye sm\u00e5 film til b\u00f8rnene og de l\u00e6gger helt gratis tilg\u00e6ngeligt p\u00e5 vores YouTube kanal,&#8221; fort\u00e6ller Peter Overgaard.<\/p>\n<p>&nbsp;<\/p>\n<p><strong>V<\/strong><b>enter travlhed de kommende d\u00f8gn<\/b><\/p>\n<p>Jesperhus har op imod 1.400 bookinger i perioden frem til 1. maj 2020, og dem skal der tages h\u00e5nd om nu.<\/p>\n<p>&#8220;Vi opfordrer folk til at f\u00f8lge anvisningerne p\u00e5 vores hjemmeside. Med op imod 1.400 bookinger, der skal \u00e6ndres, kan vi ikke undg\u00e5, at der bliver pres p\u00e5 og det h\u00e5ber vi p\u00e5 forst\u00e5else for i den her for alle helt ekstraordin\u00e6re situation,&#8221; p\u00e5peger Peter Overgaard.<\/p>\n<p>L\u00e6s Sundhedsstyrelsens opdaterede information og anbefaling om coronavirus <a href=\"https:\/\/www.sst.dk\/da\/Viden\/Smitsomme-sygdomme\/Smitsomme-sygdomme-A-AA\/Coronavirus\/Spoergsmaal-og-svar\" target=\"_blank\" rel=\"noopener noreferrer\">her<\/a>.<\/p>\n","protected":false},"excerpt":{"rendered":"<p>LEGIND: Jesperhus udskyder nu \u00e5rets s\u00e6son\u00e5bning, der skulle finde sted den 27. marts 2020. Samtidigt udvider man s\u00e6sonen. Jesperhus har omkring en kvart million g\u00e6ster om \u00e5ret &#8211; fortrinsvis danske b\u00f8rnefamilier. &#8220;Vi bakker fuldt op om myndighedernes h\u00e5ndtering af Coronavirussen, og det er ogs\u00e5 baggrunden for, at vi nu udskyder s\u00e6son\u00e5bningen af vores feriecenter til [&hellip;]<\/p>\n","protected":false},"author":8,"featured_media":13911,"comment_status":"open","ping_status":"open","sticky":false,"template":"","format":"standard","meta":{"_acf_changed":false,"footnotes":""},"categories":[51],"tags":[171],"class_list":["post-13910","post","type-post","status-publish","format-standard","has-post-thumbnail","hentry","category-lokalt","tag-turisme"],"acf":[],"yoast_head":"<!-- This site is optimized with the Yoast SEO plugin v26.8 - https:\/\/yoast.com\/product\/yoast-seo-wordpress\/ -->\n<title>Jesperhus udskyder \u00e5bning og udvider s\u00e6sonen - Mors<\/title>\n<meta name=\"robots\" content=\"index, follow, max-snippet:-1, max-image-preview:large, max-video-preview:-1\" \/>\n<link rel=\"canonical\" href=\"https:\/\/kunmedierne.dk\/mors\/jesperhus-udskyder-aabning-og-udvider-saesonen\/\" \/>\n<meta property=\"og:locale\" content=\"da_DK\" \/>\n<meta property=\"og:type\" content=\"article\" \/>\n<meta property=\"og:title\" content=\"Jesperhus udskyder \u00e5bning og udvider s\u00e6sonen - Mors\" \/>\n<meta property=\"og:description\" content=\"LEGIND: Jesperhus udskyder nu \u00e5rets s\u00e6son\u00e5bning, der skulle finde sted den 27. marts 2020. Samtidigt udvider man s\u00e6sonen. Jesperhus har omkring en kvart million g\u00e6ster om \u00e5ret &#8211; fortrinsvis danske b\u00f8rnefamilier. &#8220;Vi bakker fuldt op om myndighedernes h\u00e5ndtering af Coronavirussen, og det er ogs\u00e5 baggrunden for, at vi nu udskyder s\u00e6son\u00e5bningen af vores feriecenter til [&hellip;]\" \/>\n<meta property=\"og:url\" content=\"https:\/\/kunmedierne.dk\/mors\/jesperhus-udskyder-aabning-og-udvider-saesonen\/\" \/>\n<meta property=\"og:site_name\" content=\"Mors\" \/>\n<meta property=\"article:published_time\" content=\"2020-03-17T18:01:28+00:00\" \/>\n<meta property=\"article:modified_time\" content=\"2024-08-12T12:06:20+00:00\" \/>\n<meta property=\"og:image\" content=\"https:\/\/kunmedierne.dk\/mors\/wp-content\/uploads\/2020\/03\/200317-jesperhus.jpg\" \/>\n\t<meta property=\"og:image:width\" content=\"770\" \/>\n\t<meta property=\"og:image:height\" content=\"513\" \/>\n\t<meta property=\"og:image:type\" content=\"image\/jpeg\" \/>\n<meta name=\"author\" content=\"David H\u00f8jmark\" \/>\n<meta name=\"twitter:card\" content=\"summary_large_image\" \/>\n<meta name=\"twitter:label1\" content=\"Skrevet af\" \/>\n\t<meta name=\"twitter:data1\" content=\"David H\u00f8jmark\" \/>\n\t<meta name=\"twitter:label2\" content=\"Estimeret l\u00e6setid\" \/>\n\t<meta name=\"twitter:data2\" content=\"2 minutter\" \/>\n<script type=\"application\/ld+json\" class=\"yoast-schema-graph\">{\"@context\":\"https:\/\/schema.org\",\"@graph\":[{\"@type\":\"Article\",\"@id\":\"https:\/\/kunmedierne.dk\/mors\/jesperhus-udskyder-aabning-og-udvider-saesonen\/#article\",\"isPartOf\":{\"@id\":\"https:\/\/kunmedierne.dk\/mors\/jesperhus-udskyder-aabning-og-udvider-saesonen\/\"},\"author\":{\"name\":\"David H\u00f8jmark\",\"@id\":\"https:\/\/kunmedierne.dk\/mors\/#\/schema\/person\/5fe23251bf1d0abbcdc6f7896579d548\"},\"headline\":\"Jesperhus udskyder \u00e5bning og udvider s\u00e6sonen\",\"datePublished\":\"2020-03-17T18:01:28+00:00\",\"dateModified\":\"2024-08-12T12:06:20+00:00\",\"mainEntityOfPage\":{\"@id\":\"https:\/\/kunmedierne.dk\/mors\/jesperhus-udskyder-aabning-og-udvider-saesonen\/\"},\"wordCount\":498,\"commentCount\":0,\"publisher\":{\"@id\":\"https:\/\/kunmedierne.dk\/mors\/#organization\"},\"image\":{\"@id\":\"https:\/\/kunmedierne.dk\/mors\/jesperhus-udskyder-aabning-og-udvider-saesonen\/#primaryimage\"},\"thumbnailUrl\":\"https:\/\/kunmedierne.dk\/mors\/wp-content\/uploads\/2020\/03\/200317-jesperhus.jpg\",\"keywords\":[\"Turisme\"],\"articleSection\":[\"Lokalt\"],\"inLanguage\":\"da-DK\",\"potentialAction\":[{\"@type\":\"CommentAction\",\"name\":\"Comment\",\"target\":[\"https:\/\/kunmedierne.dk\/mors\/jesperhus-udskyder-aabning-og-udvider-saesonen\/#respond\"]}]},{\"@type\":\"WebPage\",\"@id\":\"https:\/\/kunmedierne.dk\/mors\/jesperhus-udskyder-aabning-og-udvider-saesonen\/\",\"url\":\"https:\/\/kunmedierne.dk\/mors\/jesperhus-udskyder-aabning-og-udvider-saesonen\/\",\"name\":\"Jesperhus udskyder \u00e5bning og udvider s\u00e6sonen - Mors\",\"isPartOf\":{\"@id\":\"https:\/\/kunmedierne.dk\/mors\/#website\"},\"primaryImageOfPage\":{\"@id\":\"https:\/\/kunmedierne.dk\/mors\/jesperhus-udskyder-aabning-og-udvider-saesonen\/#primaryimage\"},\"image\":{\"@id\":\"https:\/\/kunmedierne.dk\/mors\/jesperhus-udskyder-aabning-og-udvider-saesonen\/#primaryimage\"},\"thumbnailUrl\":\"https:\/\/kunmedierne.dk\/mors\/wp-content\/uploads\/2020\/03\/200317-jesperhus.jpg\",\"datePublished\":\"2020-03-17T18:01:28+00:00\",\"dateModified\":\"2024-08-12T12:06:20+00:00\",\"breadcrumb\":{\"@id\":\"https:\/\/kunmedierne.dk\/mors\/jesperhus-udskyder-aabning-og-udvider-saesonen\/#breadcrumb\"},\"inLanguage\":\"da-DK\",\"potentialAction\":[{\"@type\":\"ReadAction\",\"target\":[\"https:\/\/kunmedierne.dk\/mors\/jesperhus-udskyder-aabning-og-udvider-saesonen\/\"]}]},{\"@type\":\"ImageObject\",\"inLanguage\":\"da-DK\",\"@id\":\"https:\/\/kunmedierne.dk\/mors\/jesperhus-udskyder-aabning-og-udvider-saesonen\/#primaryimage\",\"url\":\"https:\/\/kunmedierne.dk\/mors\/wp-content\/uploads\/2020\/03\/200317-jesperhus.jpg\",\"contentUrl\":\"https:\/\/kunmedierne.dk\/mors\/wp-content\/uploads\/2020\/03\/200317-jesperhus.jpg\",\"width\":770,\"height\":513,\"caption\":\"Foto: Jesperhus.\"},{\"@type\":\"BreadcrumbList\",\"@id\":\"https:\/\/kunmedierne.dk\/mors\/jesperhus-udskyder-aabning-og-udvider-saesonen\/#breadcrumb\",\"itemListElement\":[{\"@type\":\"ListItem\",\"position\":1,\"name\":\"Hjem\",\"item\":\"https:\/\/kunmedierne.dk\/mors\/\"},{\"@type\":\"ListItem\",\"position\":2,\"name\":\"Jesperhus udskyder \u00e5bning og udvider s\u00e6sonen\"}]},{\"@type\":\"WebSite\",\"@id\":\"https:\/\/kunmedierne.dk\/mors\/#website\",\"url\":\"https:\/\/kunmedierne.dk\/mors\/\",\"name\":\"Mors\",\"description\":\"et netmedie med journalistik om livet p\u00e5 Mors\",\"publisher\":{\"@id\":\"https:\/\/kunmedierne.dk\/mors\/#organization\"},\"potentialAction\":[{\"@type\":\"SearchAction\",\"target\":{\"@type\":\"EntryPoint\",\"urlTemplate\":\"https:\/\/kunmedierne.dk\/mors\/?s={search_term_string}\"},\"query-input\":{\"@type\":\"PropertyValueSpecification\",\"valueRequired\":true,\"valueName\":\"search_term_string\"}}],\"inLanguage\":\"da-DK\"},{\"@type\":\"Organization\",\"@id\":\"https:\/\/kunmedierne.dk\/mors\/#organization\",\"name\":\"Mors\",\"url\":\"https:\/\/kunmedierne.dk\/mors\/\",\"logo\":{\"@type\":\"ImageObject\",\"inLanguage\":\"da-DK\",\"@id\":\"https:\/\/kunmedierne.dk\/mors\/#\/schema\/logo\/image\/\",\"url\":\"https:\/\/kunmedierne.dk\/mors\/wp-content\/uploads\/2024\/08\/kunmors-logo.svg\",\"contentUrl\":\"https:\/\/kunmedierne.dk\/mors\/wp-content\/uploads\/2024\/08\/kunmors-logo.svg\",\"caption\":\"Mors\"},\"image\":{\"@id\":\"https:\/\/kunmedierne.dk\/mors\/#\/schema\/logo\/image\/\"}},{\"@type\":\"Person\",\"@id\":\"https:\/\/kunmedierne.dk\/mors\/#\/schema\/person\/5fe23251bf1d0abbcdc6f7896579d548\",\"name\":\"David H\u00f8jmark\",\"image\":{\"@type\":\"ImageObject\",\"inLanguage\":\"da-DK\",\"@id\":\"https:\/\/kunmedierne.dk\/mors\/#\/schema\/person\/image\/\",\"url\":\"https:\/\/secure.gravatar.com\/avatar\/4315d6fb9ef244d729989f5f90268eb08d5bf8a3d84402f595fa194bb35784fd?s=96&d=mm&r=g\",\"contentUrl\":\"https:\/\/secure.gravatar.com\/avatar\/4315d6fb9ef244d729989f5f90268eb08d5bf8a3d84402f595fa194bb35784fd?s=96&d=mm&r=g\",\"caption\":\"David H\u00f8jmark\"},\"sameAs\":[\"https:\/\/www.kunmedierne.dk\"],\"url\":\"https:\/\/kunmedierne.dk\/mors\/author\/david\/\"}]}<\/script>\n<!-- \/ Yoast SEO plugin. -->","yoast_head_json":{"title":"Jesperhus udskyder \u00e5bning og udvider s\u00e6sonen - Mors","robots":{"index":"index","follow":"follow","max-snippet":"max-snippet:-1","max-image-preview":"max-image-preview:large","max-video-preview":"max-video-preview:-1"},"canonical":"https:\/\/kunmedierne.dk\/mors\/jesperhus-udskyder-aabning-og-udvider-saesonen\/","og_locale":"da_DK","og_type":"article","og_title":"Jesperhus udskyder \u00e5bning og udvider s\u00e6sonen - Mors","og_description":"LEGIND: Jesperhus udskyder nu \u00e5rets s\u00e6son\u00e5bning, der skulle finde sted den 27. marts 2020. Samtidigt udvider man s\u00e6sonen. Jesperhus har omkring en kvart million g\u00e6ster om \u00e5ret &#8211; fortrinsvis danske b\u00f8rnefamilier. &#8220;Vi bakker fuldt op om myndighedernes h\u00e5ndtering af Coronavirussen, og det er ogs\u00e5 baggrunden for, at vi nu udskyder s\u00e6son\u00e5bningen af vores feriecenter til [&hellip;]","og_url":"https:\/\/kunmedierne.dk\/mors\/jesperhus-udskyder-aabning-og-udvider-saesonen\/","og_site_name":"Mors","article_published_time":"2020-03-17T18:01:28+00:00","article_modified_time":"2024-08-12T12:06:20+00:00","og_image":[{"width":770,"height":513,"url":"https:\/\/kunmedierne.dk\/mors\/wp-content\/uploads\/2020\/03\/200317-jesperhus.jpg","type":"image\/jpeg"}],"author":"David H\u00f8jmark","twitter_card":"summary_large_image","twitter_misc":{"Skrevet af":"David H\u00f8jmark","Estimeret l\u00e6setid":"2 minutter"},"schema":{"@context":"https:\/\/schema.org","@graph":[{"@type":"Article","@id":"https:\/\/kunmedierne.dk\/mors\/jesperhus-udskyder-aabning-og-udvider-saesonen\/#article","isPartOf":{"@id":"https:\/\/kunmedierne.dk\/mors\/jesperhus-udskyder-aabning-og-udvider-saesonen\/"},"author":{"name":"David H\u00f8jmark","@id":"https:\/\/kunmedierne.dk\/mors\/#\/schema\/person\/5fe23251bf1d0abbcdc6f7896579d548"},"headline":"Jesperhus udskyder \u00e5bning og udvider s\u00e6sonen","datePublished":"2020-03-17T18:01:28+00:00","dateModified":"2024-08-12T12:06:20+00:00","mainEntityOfPage":{"@id":"https:\/\/kunmedierne.dk\/mors\/jesperhus-udskyder-aabning-og-udvider-saesonen\/"},"wordCount":498,"commentCount":0,"publisher":{"@id":"https:\/\/kunmedierne.dk\/mors\/#organization"},"image":{"@id":"https:\/\/kunmedierne.dk\/mors\/jesperhus-udskyder-aabning-og-udvider-saesonen\/#primaryimage"},"thumbnailUrl":"https:\/\/kunmedierne.dk\/mors\/wp-content\/uploads\/2020\/03\/200317-jesperhus.jpg","keywords":["Turisme"],"articleSection":["Lokalt"],"inLanguage":"da-DK","potentialAction":[{"@type":"CommentAction","name":"Comment","target":["https:\/\/kunmedierne.dk\/mors\/jesperhus-udskyder-aabning-og-udvider-saesonen\/#respond"]}]},{"@type":"WebPage","@id":"https:\/\/kunmedierne.dk\/mors\/jesperhus-udskyder-aabning-og-udvider-saesonen\/","url":"https:\/\/kunmedierne.dk\/mors\/jesperhus-udskyder-aabning-og-udvider-saesonen\/","name":"Jesperhus udskyder \u00e5bning og udvider s\u00e6sonen - Mors","isPartOf":{"@id":"https:\/\/kunmedierne.dk\/mors\/#website"},"primaryImageOfPage":{"@id":"https:\/\/kunmedierne.dk\/mors\/jesperhus-udskyder-aabning-og-udvider-saesonen\/#primaryimage"},"image":{"@id":"https:\/\/kunmedierne.dk\/mors\/jesperhus-udskyder-aabning-og-udvider-saesonen\/#primaryimage"},"thumbnailUrl":"https:\/\/kunmedierne.dk\/mors\/wp-content\/uploads\/2020\/03\/200317-jesperhus.jpg","datePublished":"2020-03-17T18:01:28+00:00","dateModified":"2024-08-12T12:06:20+00:00","breadcrumb":{"@id":"https:\/\/kunmedierne.dk\/mors\/jesperhus-udskyder-aabning-og-udvider-saesonen\/#breadcrumb"},"inLanguage":"da-DK","potentialAction":[{"@type":"ReadAction","target":["https:\/\/kunmedierne.dk\/mors\/jesperhus-udskyder-aabning-og-udvider-saesonen\/"]}]},{"@type":"ImageObject","inLanguage":"da-DK","@id":"https:\/\/kunmedierne.dk\/mors\/jesperhus-udskyder-aabning-og-udvider-saesonen\/#primaryimage","url":"https:\/\/kunmedierne.dk\/mors\/wp-content\/uploads\/2020\/03\/200317-jesperhus.jpg","contentUrl":"https:\/\/kunmedierne.dk\/mors\/wp-content\/uploads\/2020\/03\/200317-jesperhus.jpg","width":770,"height":513,"caption":"Foto: Jesperhus."},{"@type":"BreadcrumbList","@id":"https:\/\/kunmedierne.dk\/mors\/jesperhus-udskyder-aabning-og-udvider-saesonen\/#breadcrumb","itemListElement":[{"@type":"ListItem","position":1,"name":"Hjem","item":"https:\/\/kunmedierne.dk\/mors\/"},{"@type":"ListItem","position":2,"name":"Jesperhus udskyder \u00e5bning og udvider s\u00e6sonen"}]},{"@type":"WebSite","@id":"https:\/\/kunmedierne.dk\/mors\/#website","url":"https:\/\/kunmedierne.dk\/mors\/","name":"Mors","description":"et netmedie med journalistik om livet p\u00e5 Mors","publisher":{"@id":"https:\/\/kunmedierne.dk\/mors\/#organization"},"potentialAction":[{"@type":"SearchAction","target":{"@type":"EntryPoint","urlTemplate":"https:\/\/kunmedierne.dk\/mors\/?s={search_term_string}"},"query-input":{"@type":"PropertyValueSpecification","valueRequired":true,"valueName":"search_term_string"}}],"inLanguage":"da-DK"},{"@type":"Organization","@id":"https:\/\/kunmedierne.dk\/mors\/#organization","name":"Mors","url":"https:\/\/kunmedierne.dk\/mors\/","logo":{"@type":"ImageObject","inLanguage":"da-DK","@id":"https:\/\/kunmedierne.dk\/mors\/#\/schema\/logo\/image\/","url":"https:\/\/kunmedierne.dk\/mors\/wp-content\/uploads\/2024\/08\/kunmors-logo.svg","contentUrl":"https:\/\/kunmedierne.dk\/mors\/wp-content\/uploads\/2024\/08\/kunmors-logo.svg","caption":"Mors"},"image":{"@id":"https:\/\/kunmedierne.dk\/mors\/#\/schema\/logo\/image\/"}},{"@type":"Person","@id":"https:\/\/kunmedierne.dk\/mors\/#\/schema\/person\/5fe23251bf1d0abbcdc6f7896579d548","name":"David H\u00f8jmark","image":{"@type":"ImageObject","inLanguage":"da-DK","@id":"https:\/\/kunmedierne.dk\/mors\/#\/schema\/person\/image\/","url":"https:\/\/secure.gravatar.com\/avatar\/4315d6fb9ef244d729989f5f90268eb08d5bf8a3d84402f595fa194bb35784fd?s=96&d=mm&r=g","contentUrl":"https:\/\/secure.gravatar.com\/avatar\/4315d6fb9ef244d729989f5f90268eb08d5bf8a3d84402f595fa194bb35784fd?s=96&d=mm&r=g","caption":"David H\u00f8jmark"},"sameAs":["https:\/\/www.kunmedierne.dk"],"url":"https:\/\/kunmedierne.dk\/mors\/author\/david\/"}]}},"_links":{"self":[{"href":"https:\/\/kunmedierne.dk\/mors\/wp-json\/wp\/v2\/posts\/13910","targetHints":{"allow":["GET"]}}],"collection":[{"href":"https:\/\/kunmedierne.dk\/mors\/wp-json\/wp\/v2\/posts"}],"about":[{"href":"https:\/\/kunmedierne.dk\/mors\/wp-json\/wp\/v2\/types\/post"}],"author":[{"embeddable":true,"href":"https:\/\/kunmedierne.dk\/mors\/wp-json\/wp\/v2\/users\/8"}],"replies":[{"embeddable":true,"href":"https:\/\/kunmedierne.dk\/mors\/wp-json\/wp\/v2\/comments?post=13910"}],"version-history":[{"count":5,"href":"https:\/\/kunmedierne.dk\/mors\/wp-json\/wp\/v2\/posts\/13910\/revisions"}],"predecessor-version":[{"id":13917,"href":"https:\/\/kunmedierne.dk\/mors\/wp-json\/wp\/v2\/posts\/13910\/revisions\/13917"}],"wp:featuredmedia":[{"embeddable":true,"href":"https:\/\/kunmedierne.dk\/mors\/wp-json\/wp\/v2\/media\/13911"}],"wp:attachment":[{"href":"https:\/\/kunmedierne.dk\/mors\/wp-json\/wp\/v2\/media?parent=13910"}],"wp:term":[{"taxonomy":"category","embeddable":true,"href":"https:\/\/kunmedierne.dk\/mors\/wp-json\/wp\/v2\/categories?post=13910"},{"taxonomy":"post_tag","embeddable":true,"href":"https:\/\/kunmedierne.dk\/mors\/wp-json\/wp\/v2\/tags?post=13910"}],"curies":[{"name":"wp","href":"https:\/\/api.w.org\/{rel}","templated":true}]}}