{"id":138997,"date":"2025-02-13T05:54:56","date_gmt":"2025-02-13T04:54:56","guid":{"rendered":"https:\/\/kunmedierne.dk\/mors\/?p=138997"},"modified":"2025-02-12T17:50:44","modified_gmt":"2025-02-12T16:50:44","slug":"kulturmoedet-skal-dele-ud-af-sin-viden-om-krisehaandtering","status":"publish","type":"post","link":"https:\/\/kunmedierne.dk\/mors\/kulturmoedet-skal-dele-ud-af-sin-viden-om-krisehaandtering\/","title":{"rendered":"Kulturm\u00f8det skal dele ud af sin viden om kriseh\u00e5ndtering"},"content":{"rendered":"<p><strong>KULTURM\u00d8DET<\/strong>: Da Kulturm\u00f8det Mors i 2024 blev ramt af et stormvejr, der v\u00e6ltede en del af fredagens program, h\u00e5ndterede arrang\u00f8rerne det s\u00e5 flot, at de nu skal l\u00e6re andre om kriseh\u00e5ndtering.<\/p>\n<p>Til april er der \u00e5rsm\u00f8de hos Dansk Live, der er interesseorganisation for festivaler, spillesteder og demokratifestivaler i Danmark. Og et af programpunkterne under den to dage lange samling i Hiller\u00f8d handler om kriseh\u00e5ndtering i ekstremt vejr.<\/p>\n<p>Det bliver med Kulturm\u00f8det Mors som case. Og direkt\u00f8r Caspar Ryttergaard gl\u00e6der sig over invitationen, som han forklarer med, at organisationen i Kulturm\u00f8det var s\u00e5 godt forberedt, at man fik afviklet den midlertidige nedlukning uden alvorlige problemer.<\/p>\n<a class=\"dvrt-link\" onClick=\"cdmtrack_click(111725,jQuery(this));return false\" href=\"https:\/\/www.thistedforsikring.dk\/?utm_source=partnerskaber&amp;utm_campaign=kun_mors\"><img decoding=\"async\" style=\"width:100%;\" src=\"https:\/\/kunmedierne.dk\/mors\/wp-content\/uploads\/2024\/02\/269409KunMors-ThistedFor-1.png\"><\/a><script>cdmtrack_view(111725);<\/script>\n<p>&#8211; Vi lykkedes i at lukke en plads med flere tusinde mennesker p\u00e5, uden at en eneste fik s\u00e5 meget som en lille fl\u00e6nge. Det er noget, der g\u00f8r mig stolt. Det er trods alt det vigtigste, at vores publikum kan g\u00e5 til Kulturm\u00f8det og f\u00f8le sig sikre p\u00e5, at vi har styr p\u00e5 sikkerheden, siger han og fremh\u00e6ver Solvej Boltz og Niels Pedersen som hovedpersoner i den vellykkede operation.<\/p>\n<p>&#8211; Vores parameter for nedlukningen var kontrolleret og blev gennemf\u00f8rt p\u00e5 trods af, at det bragede igennem med en storm, siger Caspar Ryttergaard.<\/p>\n<p>&nbsp;<\/p>\n<p><strong>Ny verden ogs\u00e5 for festivaler<\/strong><\/p>\n<p>Det bem\u00e6rkede man ogs\u00e5 hos Dansk Live, og if\u00f8lge direkt\u00f8r Esben Marcher er det derfor en selvf\u00f8lge, at Kulturm\u00f8det nu skal inspirere andre arrang\u00f8rer af store events.<\/p>\n<p>&#8211; Kulturm\u00f8det havde jo forberedt sig p\u00e5 eventuelle kriser. De havde ikke forberedt sig p\u00e5, hvad det var en for en krise, der ramte dem, men de havde forberedt sig ved at lave nogle \u00f8velser, f\u00f8r de gik i afvikling, siger han og forts\u00e6tter:<\/p>\n<p>&#8211; Det gjorde dem i stand til at h\u00e5ndtere det p\u00e5 en m\u00e5de, s\u00e5 Caspar kunne forts\u00e6tte sit arbejde, mens organisationen omkring ham h\u00e5ndterede krisen. S\u00e5 organisationen blev ikke bragt i ubalance, selv om man blev ramt af en orkan, og publikum havde en oplevelse af, at der var styr p\u00e5 tingene, selv om der skete en k\u00e6mpestor uforudset h\u00e6ndelse.<\/p>\n<a class=\"dvrt-link\" onClick=\"cdmtrack_click(104778,jQuery(this));return false\" href=\"https:\/\/vester-begr.dk\/?gclid=CjwKCAjw5Kv7BRBSEiwAXGDElQB6WMfm9CgYVrruty-I1gaOkTkC3mlA4QRDtYNsxYgVC8sNzAJ7WhoCmBsQAvD_BwE\"><img decoding=\"async\" style=\"width:100%;\" src=\"https:\/\/kunmedierne.dk\/mors\/wp-content\/uploads\/2023\/10\/260203VesterHoukaer-02022026.jpg\"><\/a><script>cdmtrack_view(104778);<\/script>\n<p>At Dansk Live nu v\u00e6lger at s\u00e6tte en del af \u00e5rsm\u00f8det af p\u00e5 et tema om kriser, handler om mere end stormen den dag i august. For i en tid med klimaforandringer og mere ekstremt vejr ogs\u00e5 i Danmark har festivaler og andre, der samler mennesker i tusindvis, en opgave i at v\u00e6re forberedte, n\u00e5r for eksempel en storm eller skybrud s\u00e6tter ind.<\/p>\n<p>\u00d8nsket om at h\u00f8re Kulturm\u00f8det p\u00e5 \u00e5rsm\u00f8det skal ogs\u00e5 ses i det lys.<\/p>\n<p>&#8211; De store festivaller har jo arbejdet med det i \u00e5revis, men der er givetvis mange af de mindre arrang\u00f8rer, der har god gavn af at f\u00e5 at vide, hvordan Kulturm\u00f8det har h\u00e5ndteret det. De kan meget vel g\u00e5 hen og blive ramt af noget lignende, s\u00e5 det handler om at s\u00e6tte gang i tanker\u00e6kken ude omkring hos dem, der arrangerer festivaler, siger Esben Marcher.<\/p>\n<p>&nbsp;<\/p>\n<p><strong>Effektiv nedlukning, hurtig gen\u00e5bning<\/strong><\/p>\n<p>Stormvejret under Kulturm\u00f8det Mors 2024 gik v\u00e6rst ud over netv\u00e6rksteltet p\u00e5 Ung Kult Camp.<\/p>\n<p>\u2013 Sikkerheden er jo alt i det her, men vi f\u00f8lger i bund og grund den plan, vi lagde i g\u00e5r og i morges, l\u00f8d det den\u00a0 fredag lige f\u00f8r klokken 18 fra Casper Ryttergaard om det, der nu var en lukket plads og et program fyldt med aflysninger.<\/p>\n<a class=\"dvrt-link\" onClick=\"cdmtrack_click(111725,jQuery(this));return false\" href=\"https:\/\/www.thistedforsikring.dk\/?utm_source=partnerskaber&amp;utm_campaign=kun_mors\"><img decoding=\"async\" style=\"width:100%;\" src=\"https:\/\/kunmedierne.dk\/mors\/wp-content\/uploads\/2024\/02\/269409KunMors-ThistedFor-1.png\"><\/a><script>cdmtrack_view(111725);<\/script>\n<p>Men allerede f\u00e5 timer senere kunne Kulturm\u00f8det melde ud, at man var k\u00f8rende igen. Stormen havde lagt sig, og i l\u00f8bet af et effektivt \u00f8jeblik var programmet tilbage p\u00e5 skinner.<\/p>\n<p>Et halvt \u00e5r senere ser Caspar Ryttergaard tilbage p\u00e5 den dramatiske dag med b\u00e5de lettelse og stolthed.<\/p>\n<p>&#8211; Det siger noget om, hvor grundige, vi er, n\u00e5r vi ogs\u00e5 kan det. Og at vi s\u00e6tter branchestandarder p\u00e5 de ting. Det g\u00f8r mig endnu mere stolt, at den m\u00e5de, vi har gjort det p\u00e5, ogs\u00e5 er noget, andre har set &#8211; og at de vil se, hvad de kan l\u00e6re af det og de skridt, vi har taget, siger han.<\/p>\n<blockquote>\n<h4>L\u00c6S OGS\u00c5:<\/h4>\n<h5><a href=\"https:\/\/kunmedierne.dk\/mors\/kulturmoedet-vi-foelger-vores-plan-for-nedlukning\/\" target=\"_blank\" rel=\"noopener\">Kulturm\u00f8det: Vi f\u00f8lger vores plan for nedlukning<\/a><\/h5>\n<h5><a href=\"https:\/\/kunmedierne.dk\/mors\/stormen-tabte-fredag-aften-blev-reddet-af-frivillige-kraefter\/\" target=\"_blank\" rel=\"noopener\">Stormen tabte: Fredag aften blev reddet af frivillige kr\u00e6fter<\/a><\/h5>\n<h5><a href=\"https:\/\/kunmedierne.dk\/mors\/det-kraftigste-stormvejr-i-30-aar-men-kulturmoedets-gaester-blev-haengende\/\" target=\"_blank\" rel=\"noopener\">Det kraftigste stormvej i 30 \u00e5r, men Kulturm\u00f8dets g\u00e6ster blev h\u00e6ngende<\/a><\/h5>\n<p>&nbsp;<\/p><\/blockquote>\n","protected":false},"excerpt":{"rendered":"<p>KULTURM\u00d8DET: Da Kulturm\u00f8det Mors i 2024 blev ramt af et stormvejr, der v\u00e6ltede en del af fredagens program, h\u00e5ndterede arrang\u00f8rerne det s\u00e5 flot, at de nu skal l\u00e6re andre om kriseh\u00e5ndtering. Til april er der \u00e5rsm\u00f8de hos Dansk Live, der er interesseorganisation for festivaler, spillesteder og demokratifestivaler i Danmark. Og et af programpunkterne under den [&hellip;]<\/p>\n","protected":false},"author":8,"featured_media":0,"comment_status":"closed","ping_status":"closed","sticky":false,"template":"","format":"standard","meta":{"_acf_changed":false,"footnotes":""},"categories":[49],"tags":[162],"class_list":["post-138997","post","type-post","status-publish","format-standard","hentry","category-kultur","tag-kulturmoedet"],"acf":[],"yoast_head":"<!-- This site is optimized with the Yoast SEO plugin v26.8 - https:\/\/yoast.com\/product\/yoast-seo-wordpress\/ -->\n<title>Kulturm\u00f8det skal dele ud af sin viden om kriseh\u00e5ndtering - Mors<\/title>\n<meta name=\"robots\" content=\"index, follow, max-snippet:-1, max-image-preview:large, max-video-preview:-1\" \/>\n<link rel=\"canonical\" href=\"https:\/\/kunmedierne.dk\/mors\/kulturmoedet-skal-dele-ud-af-sin-viden-om-krisehaandtering\/\" \/>\n<meta property=\"og:locale\" content=\"da_DK\" \/>\n<meta property=\"og:type\" content=\"article\" \/>\n<meta property=\"og:title\" content=\"Kulturm\u00f8det skal dele ud af sin viden om kriseh\u00e5ndtering - Mors\" \/>\n<meta property=\"og:description\" content=\"KULTURM\u00d8DET: Da Kulturm\u00f8det Mors i 2024 blev ramt af et stormvejr, der v\u00e6ltede en del af fredagens program, h\u00e5ndterede arrang\u00f8rerne det s\u00e5 flot, at de nu skal l\u00e6re andre om kriseh\u00e5ndtering. Til april er der \u00e5rsm\u00f8de hos Dansk Live, der er interesseorganisation for festivaler, spillesteder og demokratifestivaler i Danmark. Og et af programpunkterne under den [&hellip;]\" \/>\n<meta property=\"og:url\" content=\"https:\/\/kunmedierne.dk\/mors\/kulturmoedet-skal-dele-ud-af-sin-viden-om-krisehaandtering\/\" \/>\n<meta property=\"og:site_name\" content=\"Mors\" \/>\n<meta property=\"article:published_time\" content=\"2025-02-13T04:54:56+00:00\" \/>\n<meta name=\"author\" content=\"David H\u00f8jmark\" \/>\n<meta name=\"twitter:card\" content=\"summary_large_image\" \/>\n<meta name=\"twitter:label1\" content=\"Skrevet af\" \/>\n\t<meta name=\"twitter:data1\" content=\"David H\u00f8jmark\" \/>\n\t<meta name=\"twitter:label2\" content=\"Estimeret l\u00e6setid\" \/>\n\t<meta name=\"twitter:data2\" content=\"4 minutter\" \/>\n<script type=\"application\/ld+json\" class=\"yoast-schema-graph\">{\"@context\":\"https:\/\/schema.org\",\"@graph\":[{\"@type\":\"Article\",\"@id\":\"https:\/\/kunmedierne.dk\/mors\/kulturmoedet-skal-dele-ud-af-sin-viden-om-krisehaandtering\/#article\",\"isPartOf\":{\"@id\":\"https:\/\/kunmedierne.dk\/mors\/kulturmoedet-skal-dele-ud-af-sin-viden-om-krisehaandtering\/\"},\"author\":{\"name\":\"David H\u00f8jmark\",\"@id\":\"https:\/\/kunmedierne.dk\/mors\/#\/schema\/person\/5fe23251bf1d0abbcdc6f7896579d548\"},\"headline\":\"Kulturm\u00f8det skal dele ud af sin viden om kriseh\u00e5ndtering\",\"datePublished\":\"2025-02-13T04:54:56+00:00\",\"mainEntityOfPage\":{\"@id\":\"https:\/\/kunmedierne.dk\/mors\/kulturmoedet-skal-dele-ud-af-sin-viden-om-krisehaandtering\/\"},\"wordCount\":767,\"publisher\":{\"@id\":\"https:\/\/kunmedierne.dk\/mors\/#organization\"},\"keywords\":[\"Kulturm\u00f8det\"],\"articleSection\":[\"Kultur\"],\"inLanguage\":\"da-DK\"},{\"@type\":\"WebPage\",\"@id\":\"https:\/\/kunmedierne.dk\/mors\/kulturmoedet-skal-dele-ud-af-sin-viden-om-krisehaandtering\/\",\"url\":\"https:\/\/kunmedierne.dk\/mors\/kulturmoedet-skal-dele-ud-af-sin-viden-om-krisehaandtering\/\",\"name\":\"Kulturm\u00f8det skal dele ud af sin viden om kriseh\u00e5ndtering - Mors\",\"isPartOf\":{\"@id\":\"https:\/\/kunmedierne.dk\/mors\/#website\"},\"datePublished\":\"2025-02-13T04:54:56+00:00\",\"breadcrumb\":{\"@id\":\"https:\/\/kunmedierne.dk\/mors\/kulturmoedet-skal-dele-ud-af-sin-viden-om-krisehaandtering\/#breadcrumb\"},\"inLanguage\":\"da-DK\",\"potentialAction\":[{\"@type\":\"ReadAction\",\"target\":[\"https:\/\/kunmedierne.dk\/mors\/kulturmoedet-skal-dele-ud-af-sin-viden-om-krisehaandtering\/\"]}]},{\"@type\":\"BreadcrumbList\",\"@id\":\"https:\/\/kunmedierne.dk\/mors\/kulturmoedet-skal-dele-ud-af-sin-viden-om-krisehaandtering\/#breadcrumb\",\"itemListElement\":[{\"@type\":\"ListItem\",\"position\":1,\"name\":\"Hjem\",\"item\":\"https:\/\/kunmedierne.dk\/mors\/\"},{\"@type\":\"ListItem\",\"position\":2,\"name\":\"Kulturm\u00f8det skal dele ud af sin viden om kriseh\u00e5ndtering\"}]},{\"@type\":\"WebSite\",\"@id\":\"https:\/\/kunmedierne.dk\/mors\/#website\",\"url\":\"https:\/\/kunmedierne.dk\/mors\/\",\"name\":\"Mors\",\"description\":\"et netmedie med journalistik om livet p\u00e5 Mors\",\"publisher\":{\"@id\":\"https:\/\/kunmedierne.dk\/mors\/#organization\"},\"potentialAction\":[{\"@type\":\"SearchAction\",\"target\":{\"@type\":\"EntryPoint\",\"urlTemplate\":\"https:\/\/kunmedierne.dk\/mors\/?s={search_term_string}\"},\"query-input\":{\"@type\":\"PropertyValueSpecification\",\"valueRequired\":true,\"valueName\":\"search_term_string\"}}],\"inLanguage\":\"da-DK\"},{\"@type\":\"Organization\",\"@id\":\"https:\/\/kunmedierne.dk\/mors\/#organization\",\"name\":\"Mors\",\"url\":\"https:\/\/kunmedierne.dk\/mors\/\",\"logo\":{\"@type\":\"ImageObject\",\"inLanguage\":\"da-DK\",\"@id\":\"https:\/\/kunmedierne.dk\/mors\/#\/schema\/logo\/image\/\",\"url\":\"https:\/\/kunmedierne.dk\/mors\/wp-content\/uploads\/2024\/08\/kunmors-logo.svg\",\"contentUrl\":\"https:\/\/kunmedierne.dk\/mors\/wp-content\/uploads\/2024\/08\/kunmors-logo.svg\",\"caption\":\"Mors\"},\"image\":{\"@id\":\"https:\/\/kunmedierne.dk\/mors\/#\/schema\/logo\/image\/\"}},{\"@type\":\"Person\",\"@id\":\"https:\/\/kunmedierne.dk\/mors\/#\/schema\/person\/5fe23251bf1d0abbcdc6f7896579d548\",\"name\":\"David H\u00f8jmark\",\"image\":{\"@type\":\"ImageObject\",\"inLanguage\":\"da-DK\",\"@id\":\"https:\/\/kunmedierne.dk\/mors\/#\/schema\/person\/image\/\",\"url\":\"https:\/\/secure.gravatar.com\/avatar\/4315d6fb9ef244d729989f5f90268eb08d5bf8a3d84402f595fa194bb35784fd?s=96&d=mm&r=g\",\"contentUrl\":\"https:\/\/secure.gravatar.com\/avatar\/4315d6fb9ef244d729989f5f90268eb08d5bf8a3d84402f595fa194bb35784fd?s=96&d=mm&r=g\",\"caption\":\"David H\u00f8jmark\"},\"sameAs\":[\"https:\/\/www.kunmedierne.dk\"],\"url\":\"https:\/\/kunmedierne.dk\/mors\/author\/david\/\"}]}<\/script>\n<!-- \/ Yoast SEO plugin. -->","yoast_head_json":{"title":"Kulturm\u00f8det skal dele ud af sin viden om kriseh\u00e5ndtering - Mors","robots":{"index":"index","follow":"follow","max-snippet":"max-snippet:-1","max-image-preview":"max-image-preview:large","max-video-preview":"max-video-preview:-1"},"canonical":"https:\/\/kunmedierne.dk\/mors\/kulturmoedet-skal-dele-ud-af-sin-viden-om-krisehaandtering\/","og_locale":"da_DK","og_type":"article","og_title":"Kulturm\u00f8det skal dele ud af sin viden om kriseh\u00e5ndtering - Mors","og_description":"KULTURM\u00d8DET: Da Kulturm\u00f8det Mors i 2024 blev ramt af et stormvejr, der v\u00e6ltede en del af fredagens program, h\u00e5ndterede arrang\u00f8rerne det s\u00e5 flot, at de nu skal l\u00e6re andre om kriseh\u00e5ndtering. Til april er der \u00e5rsm\u00f8de hos Dansk Live, der er interesseorganisation for festivaler, spillesteder og demokratifestivaler i Danmark. Og et af programpunkterne under den [&hellip;]","og_url":"https:\/\/kunmedierne.dk\/mors\/kulturmoedet-skal-dele-ud-af-sin-viden-om-krisehaandtering\/","og_site_name":"Mors","article_published_time":"2025-02-13T04:54:56+00:00","author":"David H\u00f8jmark","twitter_card":"summary_large_image","twitter_misc":{"Skrevet af":"David H\u00f8jmark","Estimeret l\u00e6setid":"4 minutter"},"schema":{"@context":"https:\/\/schema.org","@graph":[{"@type":"Article","@id":"https:\/\/kunmedierne.dk\/mors\/kulturmoedet-skal-dele-ud-af-sin-viden-om-krisehaandtering\/#article","isPartOf":{"@id":"https:\/\/kunmedierne.dk\/mors\/kulturmoedet-skal-dele-ud-af-sin-viden-om-krisehaandtering\/"},"author":{"name":"David H\u00f8jmark","@id":"https:\/\/kunmedierne.dk\/mors\/#\/schema\/person\/5fe23251bf1d0abbcdc6f7896579d548"},"headline":"Kulturm\u00f8det skal dele ud af sin viden om kriseh\u00e5ndtering","datePublished":"2025-02-13T04:54:56+00:00","mainEntityOfPage":{"@id":"https:\/\/kunmedierne.dk\/mors\/kulturmoedet-skal-dele-ud-af-sin-viden-om-krisehaandtering\/"},"wordCount":767,"publisher":{"@id":"https:\/\/kunmedierne.dk\/mors\/#organization"},"keywords":["Kulturm\u00f8det"],"articleSection":["Kultur"],"inLanguage":"da-DK"},{"@type":"WebPage","@id":"https:\/\/kunmedierne.dk\/mors\/kulturmoedet-skal-dele-ud-af-sin-viden-om-krisehaandtering\/","url":"https:\/\/kunmedierne.dk\/mors\/kulturmoedet-skal-dele-ud-af-sin-viden-om-krisehaandtering\/","name":"Kulturm\u00f8det skal dele ud af sin viden om kriseh\u00e5ndtering - Mors","isPartOf":{"@id":"https:\/\/kunmedierne.dk\/mors\/#website"},"datePublished":"2025-02-13T04:54:56+00:00","breadcrumb":{"@id":"https:\/\/kunmedierne.dk\/mors\/kulturmoedet-skal-dele-ud-af-sin-viden-om-krisehaandtering\/#breadcrumb"},"inLanguage":"da-DK","potentialAction":[{"@type":"ReadAction","target":["https:\/\/kunmedierne.dk\/mors\/kulturmoedet-skal-dele-ud-af-sin-viden-om-krisehaandtering\/"]}]},{"@type":"BreadcrumbList","@id":"https:\/\/kunmedierne.dk\/mors\/kulturmoedet-skal-dele-ud-af-sin-viden-om-krisehaandtering\/#breadcrumb","itemListElement":[{"@type":"ListItem","position":1,"name":"Hjem","item":"https:\/\/kunmedierne.dk\/mors\/"},{"@type":"ListItem","position":2,"name":"Kulturm\u00f8det skal dele ud af sin viden om kriseh\u00e5ndtering"}]},{"@type":"WebSite","@id":"https:\/\/kunmedierne.dk\/mors\/#website","url":"https:\/\/kunmedierne.dk\/mors\/","name":"Mors","description":"et netmedie med journalistik om livet p\u00e5 Mors","publisher":{"@id":"https:\/\/kunmedierne.dk\/mors\/#organization"},"potentialAction":[{"@type":"SearchAction","target":{"@type":"EntryPoint","urlTemplate":"https:\/\/kunmedierne.dk\/mors\/?s={search_term_string}"},"query-input":{"@type":"PropertyValueSpecification","valueRequired":true,"valueName":"search_term_string"}}],"inLanguage":"da-DK"},{"@type":"Organization","@id":"https:\/\/kunmedierne.dk\/mors\/#organization","name":"Mors","url":"https:\/\/kunmedierne.dk\/mors\/","logo":{"@type":"ImageObject","inLanguage":"da-DK","@id":"https:\/\/kunmedierne.dk\/mors\/#\/schema\/logo\/image\/","url":"https:\/\/kunmedierne.dk\/mors\/wp-content\/uploads\/2024\/08\/kunmors-logo.svg","contentUrl":"https:\/\/kunmedierne.dk\/mors\/wp-content\/uploads\/2024\/08\/kunmors-logo.svg","caption":"Mors"},"image":{"@id":"https:\/\/kunmedierne.dk\/mors\/#\/schema\/logo\/image\/"}},{"@type":"Person","@id":"https:\/\/kunmedierne.dk\/mors\/#\/schema\/person\/5fe23251bf1d0abbcdc6f7896579d548","name":"David H\u00f8jmark","image":{"@type":"ImageObject","inLanguage":"da-DK","@id":"https:\/\/kunmedierne.dk\/mors\/#\/schema\/person\/image\/","url":"https:\/\/secure.gravatar.com\/avatar\/4315d6fb9ef244d729989f5f90268eb08d5bf8a3d84402f595fa194bb35784fd?s=96&d=mm&r=g","contentUrl":"https:\/\/secure.gravatar.com\/avatar\/4315d6fb9ef244d729989f5f90268eb08d5bf8a3d84402f595fa194bb35784fd?s=96&d=mm&r=g","caption":"David H\u00f8jmark"},"sameAs":["https:\/\/www.kunmedierne.dk"],"url":"https:\/\/kunmedierne.dk\/mors\/author\/david\/"}]}},"_links":{"self":[{"href":"https:\/\/kunmedierne.dk\/mors\/wp-json\/wp\/v2\/posts\/138997","targetHints":{"allow":["GET"]}}],"collection":[{"href":"https:\/\/kunmedierne.dk\/mors\/wp-json\/wp\/v2\/posts"}],"about":[{"href":"https:\/\/kunmedierne.dk\/mors\/wp-json\/wp\/v2\/types\/post"}],"author":[{"embeddable":true,"href":"https:\/\/kunmedierne.dk\/mors\/wp-json\/wp\/v2\/users\/8"}],"replies":[{"embeddable":true,"href":"https:\/\/kunmedierne.dk\/mors\/wp-json\/wp\/v2\/comments?post=138997"}],"version-history":[{"count":7,"href":"https:\/\/kunmedierne.dk\/mors\/wp-json\/wp\/v2\/posts\/138997\/revisions"}],"predecessor-version":[{"id":139072,"href":"https:\/\/kunmedierne.dk\/mors\/wp-json\/wp\/v2\/posts\/138997\/revisions\/139072"}],"wp:attachment":[{"href":"https:\/\/kunmedierne.dk\/mors\/wp-json\/wp\/v2\/media?parent=138997"}],"wp:term":[{"taxonomy":"category","embeddable":true,"href":"https:\/\/kunmedierne.dk\/mors\/wp-json\/wp\/v2\/categories?post=138997"},{"taxonomy":"post_tag","embeddable":true,"href":"https:\/\/kunmedierne.dk\/mors\/wp-json\/wp\/v2\/tags?post=138997"}],"curies":[{"name":"wp","href":"https:\/\/api.w.org\/{rel}","templated":true}]}}