{"id":138735,"date":"2025-01-08T12:28:33","date_gmt":"2025-01-08T11:28:33","guid":{"rendered":"https:\/\/kunmedierne.dk\/mors\/?p=138735"},"modified":"2025-02-08T10:44:00","modified_gmt":"2025-02-08T09:44:00","slug":"kulturmoedet-skal-staa-i-spidsen-for-kulturprogram-under-danmarks-eu-formandskab","status":"publish","type":"post","link":"https:\/\/kunmedierne.dk\/mors\/kulturmoedet-skal-staa-i-spidsen-for-kulturprogram-under-danmarks-eu-formandskab\/","title":{"rendered":"Kulturm\u00f8det skal st\u00e5 i spidsen for kulturprogram under Danmarks EU-formandskab"},"content":{"rendered":"<p><strong>KULTURM\u00d8DET<\/strong>: Til sommer overtager Danmark EU-formandskabet for et halvt \u00e5r &#8211; og det bliver med Kulturm\u00f8det Mors i spidsen for kulturprogrammet.<\/p>\n<p>Den \u00e6refulde opgave er blevet givet den lokale event, efter at Kulturministeriet og\u00a0Udenrigsministeriet har afsat 2,5 millioner kroner til et kulturprogram under det kommende danske EU-formandskab.<\/p>\n<a class=\"dvrt-link\" onClick=\"cdmtrack_click(104778,jQuery(this));return false\" href=\"https:\/\/vester-begr.dk\/?gclid=CjwKCAjw5Kv7BRBSEiwAXGDElQB6WMfm9CgYVrruty-I1gaOkTkC3mlA4QRDtYNsxYgVC8sNzAJ7WhoCmBsQAvD_BwE\"><img decoding=\"async\" style=\"width:100%;\" src=\"https:\/\/kunmedierne.dk\/mors\/wp-content\/uploads\/2023\/10\/260203VesterHoukaer-02022026.jpg\"><\/a><script>cdmtrack_view(104778);<\/script>\n<p>I en pressemeddelelse fra Slots- og Kulturstyrelsen lyder det, at valget til udm\u00f8ntning af kulturprogrammet gennem et s\u00e5kaldt open call er faldet p\u00e5 et konsortium best\u00e5ende af Kulturm\u00f8det Mors, Ungdomsbureauet, der st\u00e5r bag Ungdommens Folkem\u00f8de, Dansk Kulturinstitut, Ung Kult og Grundtvigsk Forum. Sammen har de skabt et ambiti\u00f8st og bredt kulturprogram med fokus p\u00e5 unge og samspillet mellem dansk og europ\u00e6isk kultur.<\/p>\n<p>Kulturm\u00f8det Mors finder sted i dagene 21.-23. august, og Ungdommens Folkem\u00f8de g\u00f8r det 3.-4. september. Begge platforme vil have et s\u00e6rskilt europ\u00e6isk fokus og skabe rammer for at lade kunsten og kulturen inspirere og invitere til f\u00e6llesskab, refleksion og oplysning mellem europ\u00e6iske unge.<\/p>\n<a class=\"dvrt-link\" onClick=\"cdmtrack_click(114591,jQuery(this));return false\" href=\"https:\/\/www.facebook.com\/kopogkandemors\"><img decoding=\"async\" style=\"width:100%;\" src=\"https:\/\/kunmedierne.dk\/mors\/wp-content\/uploads\/2024\/03\/kop-og-kande-ja-tak-tilbud.jpg\"><\/a><script>cdmtrack_view(114591);<\/script>\n<p>Foruden aktiviteter under Kulturm\u00f8det Mors og Ungdommens Folkem\u00f8de vil der v\u00e6re en lang r\u00e6kke andre aktiviteter rundt i hele landet. De vil blandt andet omfatte sm\u00e5 festivaler med \u201dkunst\u00f8jeblikke\u201d i det offentlige rum; for eksempel operasang fra en altan, digtopl\u00e6sning i busser og performativ kunst foran supermarkeder.<\/p>\n<blockquote>\n<h4>FAKTA<\/h4>\n<h5>Kulturprogrammet er st\u00f8ttet af Udenrigsministeriet og Kulturministeriet med et tilskud p\u00e5 2,5 mio. kr. Kulturprogrammet skal underst\u00f8tte det danske EU-formandskab ved at s\u00e6tte fokus p\u00e5 det europ\u00e6iske kulturelle f\u00e6llesskab og styrke relationerne mellem danske og europ\u00e6iske unge.<\/h5>\n<h6>Kilde: Slots- og Kulturstyrelsen.<\/h6>\n<\/blockquote>\n","protected":false},"excerpt":{"rendered":"<p>KULTURM\u00d8DET: Til sommer overtager Danmark EU-formandskabet for et halvt \u00e5r &#8211; og det bliver med Kulturm\u00f8det Mors i spidsen for kulturprogrammet. Den \u00e6refulde opgave er blevet givet den lokale event, efter at Kulturministeriet og\u00a0Udenrigsministeriet har afsat 2,5 millioner kroner til et kulturprogram under det kommende danske EU-formandskab. I en pressemeddelelse fra Slots- og Kulturstyrelsen lyder [&hellip;]<\/p>\n","protected":false},"author":8,"featured_media":0,"comment_status":"closed","ping_status":"closed","sticky":false,"template":"","format":"standard","meta":{"_acf_changed":false,"footnotes":""},"categories":[49],"tags":[162],"class_list":["post-138735","post","type-post","status-publish","format-standard","hentry","category-kultur","tag-kulturmoedet"],"acf":[],"yoast_head":"<!-- This site is optimized with the Yoast SEO plugin v26.8 - https:\/\/yoast.com\/product\/yoast-seo-wordpress\/ -->\n<title>Kulturm\u00f8det skal st\u00e5 i spidsen for kulturprogram under Danmarks EU-formandskab - Mors<\/title>\n<meta name=\"robots\" content=\"index, follow, max-snippet:-1, max-image-preview:large, max-video-preview:-1\" \/>\n<link rel=\"canonical\" href=\"https:\/\/kunmedierne.dk\/mors\/kulturmoedet-skal-staa-i-spidsen-for-kulturprogram-under-danmarks-eu-formandskab\/\" \/>\n<meta property=\"og:locale\" content=\"da_DK\" \/>\n<meta property=\"og:type\" content=\"article\" \/>\n<meta property=\"og:title\" content=\"Kulturm\u00f8det skal st\u00e5 i spidsen for kulturprogram under Danmarks EU-formandskab - Mors\" \/>\n<meta property=\"og:description\" content=\"KULTURM\u00d8DET: Til sommer overtager Danmark EU-formandskabet for et halvt \u00e5r &#8211; og det bliver med Kulturm\u00f8det Mors i spidsen for kulturprogrammet. Den \u00e6refulde opgave er blevet givet den lokale event, efter at Kulturministeriet og\u00a0Udenrigsministeriet har afsat 2,5 millioner kroner til et kulturprogram under det kommende danske EU-formandskab. I en pressemeddelelse fra Slots- og Kulturstyrelsen lyder [&hellip;]\" \/>\n<meta property=\"og:url\" content=\"https:\/\/kunmedierne.dk\/mors\/kulturmoedet-skal-staa-i-spidsen-for-kulturprogram-under-danmarks-eu-formandskab\/\" \/>\n<meta property=\"og:site_name\" content=\"Mors\" \/>\n<meta property=\"article:published_time\" content=\"2025-01-08T11:28:33+00:00\" \/>\n<meta property=\"article:modified_time\" content=\"2025-02-08T09:44:00+00:00\" \/>\n<meta name=\"author\" content=\"David H\u00f8jmark\" \/>\n<meta name=\"twitter:card\" content=\"summary_large_image\" \/>\n<meta name=\"twitter:label1\" content=\"Skrevet af\" \/>\n\t<meta name=\"twitter:data1\" content=\"David H\u00f8jmark\" \/>\n\t<meta name=\"twitter:label2\" content=\"Estimeret l\u00e6setid\" \/>\n\t<meta name=\"twitter:data2\" content=\"2 minutter\" \/>\n<script type=\"application\/ld+json\" class=\"yoast-schema-graph\">{\"@context\":\"https:\/\/schema.org\",\"@graph\":[{\"@type\":\"Article\",\"@id\":\"https:\/\/kunmedierne.dk\/mors\/kulturmoedet-skal-staa-i-spidsen-for-kulturprogram-under-danmarks-eu-formandskab\/#article\",\"isPartOf\":{\"@id\":\"https:\/\/kunmedierne.dk\/mors\/kulturmoedet-skal-staa-i-spidsen-for-kulturprogram-under-danmarks-eu-formandskab\/\"},\"author\":{\"name\":\"David H\u00f8jmark\",\"@id\":\"https:\/\/kunmedierne.dk\/mors\/#\/schema\/person\/5fe23251bf1d0abbcdc6f7896579d548\"},\"headline\":\"Kulturm\u00f8det skal st\u00e5 i spidsen for kulturprogram under Danmarks EU-formandskab\",\"datePublished\":\"2025-01-08T11:28:33+00:00\",\"dateModified\":\"2025-02-08T09:44:00+00:00\",\"mainEntityOfPage\":{\"@id\":\"https:\/\/kunmedierne.dk\/mors\/kulturmoedet-skal-staa-i-spidsen-for-kulturprogram-under-danmarks-eu-formandskab\/\"},\"wordCount\":284,\"publisher\":{\"@id\":\"https:\/\/kunmedierne.dk\/mors\/#organization\"},\"keywords\":[\"Kulturm\u00f8det\"],\"articleSection\":[\"Kultur\"],\"inLanguage\":\"da-DK\"},{\"@type\":\"WebPage\",\"@id\":\"https:\/\/kunmedierne.dk\/mors\/kulturmoedet-skal-staa-i-spidsen-for-kulturprogram-under-danmarks-eu-formandskab\/\",\"url\":\"https:\/\/kunmedierne.dk\/mors\/kulturmoedet-skal-staa-i-spidsen-for-kulturprogram-under-danmarks-eu-formandskab\/\",\"name\":\"Kulturm\u00f8det skal st\u00e5 i spidsen for kulturprogram under Danmarks EU-formandskab - Mors\",\"isPartOf\":{\"@id\":\"https:\/\/kunmedierne.dk\/mors\/#website\"},\"datePublished\":\"2025-01-08T11:28:33+00:00\",\"dateModified\":\"2025-02-08T09:44:00+00:00\",\"breadcrumb\":{\"@id\":\"https:\/\/kunmedierne.dk\/mors\/kulturmoedet-skal-staa-i-spidsen-for-kulturprogram-under-danmarks-eu-formandskab\/#breadcrumb\"},\"inLanguage\":\"da-DK\",\"potentialAction\":[{\"@type\":\"ReadAction\",\"target\":[\"https:\/\/kunmedierne.dk\/mors\/kulturmoedet-skal-staa-i-spidsen-for-kulturprogram-under-danmarks-eu-formandskab\/\"]}]},{\"@type\":\"BreadcrumbList\",\"@id\":\"https:\/\/kunmedierne.dk\/mors\/kulturmoedet-skal-staa-i-spidsen-for-kulturprogram-under-danmarks-eu-formandskab\/#breadcrumb\",\"itemListElement\":[{\"@type\":\"ListItem\",\"position\":1,\"name\":\"Hjem\",\"item\":\"https:\/\/kunmedierne.dk\/mors\/\"},{\"@type\":\"ListItem\",\"position\":2,\"name\":\"Kulturm\u00f8det skal st\u00e5 i spidsen for kulturprogram under Danmarks EU-formandskab\"}]},{\"@type\":\"WebSite\",\"@id\":\"https:\/\/kunmedierne.dk\/mors\/#website\",\"url\":\"https:\/\/kunmedierne.dk\/mors\/\",\"name\":\"Mors\",\"description\":\"et netmedie med journalistik om livet p\u00e5 Mors\",\"publisher\":{\"@id\":\"https:\/\/kunmedierne.dk\/mors\/#organization\"},\"potentialAction\":[{\"@type\":\"SearchAction\",\"target\":{\"@type\":\"EntryPoint\",\"urlTemplate\":\"https:\/\/kunmedierne.dk\/mors\/?s={search_term_string}\"},\"query-input\":{\"@type\":\"PropertyValueSpecification\",\"valueRequired\":true,\"valueName\":\"search_term_string\"}}],\"inLanguage\":\"da-DK\"},{\"@type\":\"Organization\",\"@id\":\"https:\/\/kunmedierne.dk\/mors\/#organization\",\"name\":\"Mors\",\"url\":\"https:\/\/kunmedierne.dk\/mors\/\",\"logo\":{\"@type\":\"ImageObject\",\"inLanguage\":\"da-DK\",\"@id\":\"https:\/\/kunmedierne.dk\/mors\/#\/schema\/logo\/image\/\",\"url\":\"https:\/\/kunmedierne.dk\/mors\/wp-content\/uploads\/2024\/08\/kunmors-logo.svg\",\"contentUrl\":\"https:\/\/kunmedierne.dk\/mors\/wp-content\/uploads\/2024\/08\/kunmors-logo.svg\",\"caption\":\"Mors\"},\"image\":{\"@id\":\"https:\/\/kunmedierne.dk\/mors\/#\/schema\/logo\/image\/\"}},{\"@type\":\"Person\",\"@id\":\"https:\/\/kunmedierne.dk\/mors\/#\/schema\/person\/5fe23251bf1d0abbcdc6f7896579d548\",\"name\":\"David H\u00f8jmark\",\"image\":{\"@type\":\"ImageObject\",\"inLanguage\":\"da-DK\",\"@id\":\"https:\/\/kunmedierne.dk\/mors\/#\/schema\/person\/image\/\",\"url\":\"https:\/\/secure.gravatar.com\/avatar\/4315d6fb9ef244d729989f5f90268eb08d5bf8a3d84402f595fa194bb35784fd?s=96&d=mm&r=g\",\"contentUrl\":\"https:\/\/secure.gravatar.com\/avatar\/4315d6fb9ef244d729989f5f90268eb08d5bf8a3d84402f595fa194bb35784fd?s=96&d=mm&r=g\",\"caption\":\"David H\u00f8jmark\"},\"sameAs\":[\"https:\/\/www.kunmedierne.dk\"],\"url\":\"https:\/\/kunmedierne.dk\/mors\/author\/david\/\"}]}<\/script>\n<!-- \/ Yoast SEO plugin. -->","yoast_head_json":{"title":"Kulturm\u00f8det skal st\u00e5 i spidsen for kulturprogram under Danmarks EU-formandskab - Mors","robots":{"index":"index","follow":"follow","max-snippet":"max-snippet:-1","max-image-preview":"max-image-preview:large","max-video-preview":"max-video-preview:-1"},"canonical":"https:\/\/kunmedierne.dk\/mors\/kulturmoedet-skal-staa-i-spidsen-for-kulturprogram-under-danmarks-eu-formandskab\/","og_locale":"da_DK","og_type":"article","og_title":"Kulturm\u00f8det skal st\u00e5 i spidsen for kulturprogram under Danmarks EU-formandskab - Mors","og_description":"KULTURM\u00d8DET: Til sommer overtager Danmark EU-formandskabet for et halvt \u00e5r &#8211; og det bliver med Kulturm\u00f8det Mors i spidsen for kulturprogrammet. Den \u00e6refulde opgave er blevet givet den lokale event, efter at Kulturministeriet og\u00a0Udenrigsministeriet har afsat 2,5 millioner kroner til et kulturprogram under det kommende danske EU-formandskab. I en pressemeddelelse fra Slots- og Kulturstyrelsen lyder [&hellip;]","og_url":"https:\/\/kunmedierne.dk\/mors\/kulturmoedet-skal-staa-i-spidsen-for-kulturprogram-under-danmarks-eu-formandskab\/","og_site_name":"Mors","article_published_time":"2025-01-08T11:28:33+00:00","article_modified_time":"2025-02-08T09:44:00+00:00","author":"David H\u00f8jmark","twitter_card":"summary_large_image","twitter_misc":{"Skrevet af":"David H\u00f8jmark","Estimeret l\u00e6setid":"2 minutter"},"schema":{"@context":"https:\/\/schema.org","@graph":[{"@type":"Article","@id":"https:\/\/kunmedierne.dk\/mors\/kulturmoedet-skal-staa-i-spidsen-for-kulturprogram-under-danmarks-eu-formandskab\/#article","isPartOf":{"@id":"https:\/\/kunmedierne.dk\/mors\/kulturmoedet-skal-staa-i-spidsen-for-kulturprogram-under-danmarks-eu-formandskab\/"},"author":{"name":"David H\u00f8jmark","@id":"https:\/\/kunmedierne.dk\/mors\/#\/schema\/person\/5fe23251bf1d0abbcdc6f7896579d548"},"headline":"Kulturm\u00f8det skal st\u00e5 i spidsen for kulturprogram under Danmarks EU-formandskab","datePublished":"2025-01-08T11:28:33+00:00","dateModified":"2025-02-08T09:44:00+00:00","mainEntityOfPage":{"@id":"https:\/\/kunmedierne.dk\/mors\/kulturmoedet-skal-staa-i-spidsen-for-kulturprogram-under-danmarks-eu-formandskab\/"},"wordCount":284,"publisher":{"@id":"https:\/\/kunmedierne.dk\/mors\/#organization"},"keywords":["Kulturm\u00f8det"],"articleSection":["Kultur"],"inLanguage":"da-DK"},{"@type":"WebPage","@id":"https:\/\/kunmedierne.dk\/mors\/kulturmoedet-skal-staa-i-spidsen-for-kulturprogram-under-danmarks-eu-formandskab\/","url":"https:\/\/kunmedierne.dk\/mors\/kulturmoedet-skal-staa-i-spidsen-for-kulturprogram-under-danmarks-eu-formandskab\/","name":"Kulturm\u00f8det skal st\u00e5 i spidsen for kulturprogram under Danmarks EU-formandskab - Mors","isPartOf":{"@id":"https:\/\/kunmedierne.dk\/mors\/#website"},"datePublished":"2025-01-08T11:28:33+00:00","dateModified":"2025-02-08T09:44:00+00:00","breadcrumb":{"@id":"https:\/\/kunmedierne.dk\/mors\/kulturmoedet-skal-staa-i-spidsen-for-kulturprogram-under-danmarks-eu-formandskab\/#breadcrumb"},"inLanguage":"da-DK","potentialAction":[{"@type":"ReadAction","target":["https:\/\/kunmedierne.dk\/mors\/kulturmoedet-skal-staa-i-spidsen-for-kulturprogram-under-danmarks-eu-formandskab\/"]}]},{"@type":"BreadcrumbList","@id":"https:\/\/kunmedierne.dk\/mors\/kulturmoedet-skal-staa-i-spidsen-for-kulturprogram-under-danmarks-eu-formandskab\/#breadcrumb","itemListElement":[{"@type":"ListItem","position":1,"name":"Hjem","item":"https:\/\/kunmedierne.dk\/mors\/"},{"@type":"ListItem","position":2,"name":"Kulturm\u00f8det skal st\u00e5 i spidsen for kulturprogram under Danmarks EU-formandskab"}]},{"@type":"WebSite","@id":"https:\/\/kunmedierne.dk\/mors\/#website","url":"https:\/\/kunmedierne.dk\/mors\/","name":"Mors","description":"et netmedie med journalistik om livet p\u00e5 Mors","publisher":{"@id":"https:\/\/kunmedierne.dk\/mors\/#organization"},"potentialAction":[{"@type":"SearchAction","target":{"@type":"EntryPoint","urlTemplate":"https:\/\/kunmedierne.dk\/mors\/?s={search_term_string}"},"query-input":{"@type":"PropertyValueSpecification","valueRequired":true,"valueName":"search_term_string"}}],"inLanguage":"da-DK"},{"@type":"Organization","@id":"https:\/\/kunmedierne.dk\/mors\/#organization","name":"Mors","url":"https:\/\/kunmedierne.dk\/mors\/","logo":{"@type":"ImageObject","inLanguage":"da-DK","@id":"https:\/\/kunmedierne.dk\/mors\/#\/schema\/logo\/image\/","url":"https:\/\/kunmedierne.dk\/mors\/wp-content\/uploads\/2024\/08\/kunmors-logo.svg","contentUrl":"https:\/\/kunmedierne.dk\/mors\/wp-content\/uploads\/2024\/08\/kunmors-logo.svg","caption":"Mors"},"image":{"@id":"https:\/\/kunmedierne.dk\/mors\/#\/schema\/logo\/image\/"}},{"@type":"Person","@id":"https:\/\/kunmedierne.dk\/mors\/#\/schema\/person\/5fe23251bf1d0abbcdc6f7896579d548","name":"David H\u00f8jmark","image":{"@type":"ImageObject","inLanguage":"da-DK","@id":"https:\/\/kunmedierne.dk\/mors\/#\/schema\/person\/image\/","url":"https:\/\/secure.gravatar.com\/avatar\/4315d6fb9ef244d729989f5f90268eb08d5bf8a3d84402f595fa194bb35784fd?s=96&d=mm&r=g","contentUrl":"https:\/\/secure.gravatar.com\/avatar\/4315d6fb9ef244d729989f5f90268eb08d5bf8a3d84402f595fa194bb35784fd?s=96&d=mm&r=g","caption":"David H\u00f8jmark"},"sameAs":["https:\/\/www.kunmedierne.dk"],"url":"https:\/\/kunmedierne.dk\/mors\/author\/david\/"}]}},"_links":{"self":[{"href":"https:\/\/kunmedierne.dk\/mors\/wp-json\/wp\/v2\/posts\/138735","targetHints":{"allow":["GET"]}}],"collection":[{"href":"https:\/\/kunmedierne.dk\/mors\/wp-json\/wp\/v2\/posts"}],"about":[{"href":"https:\/\/kunmedierne.dk\/mors\/wp-json\/wp\/v2\/types\/post"}],"author":[{"embeddable":true,"href":"https:\/\/kunmedierne.dk\/mors\/wp-json\/wp\/v2\/users\/8"}],"replies":[{"embeddable":true,"href":"https:\/\/kunmedierne.dk\/mors\/wp-json\/wp\/v2\/comments?post=138735"}],"version-history":[{"count":4,"href":"https:\/\/kunmedierne.dk\/mors\/wp-json\/wp\/v2\/posts\/138735\/revisions"}],"predecessor-version":[{"id":138741,"href":"https:\/\/kunmedierne.dk\/mors\/wp-json\/wp\/v2\/posts\/138735\/revisions\/138741"}],"wp:attachment":[{"href":"https:\/\/kunmedierne.dk\/mors\/wp-json\/wp\/v2\/media?parent=138735"}],"wp:term":[{"taxonomy":"category","embeddable":true,"href":"https:\/\/kunmedierne.dk\/mors\/wp-json\/wp\/v2\/categories?post=138735"},{"taxonomy":"post_tag","embeddable":true,"href":"https:\/\/kunmedierne.dk\/mors\/wp-json\/wp\/v2\/tags?post=138735"}],"curies":[{"name":"wp","href":"https:\/\/api.w.org\/{rel}","templated":true}]}}