{"id":138602,"date":"2025-02-06T15:16:41","date_gmt":"2025-02-06T14:16:41","guid":{"rendered":"https:\/\/kunmedierne.dk\/mors\/?p=138602"},"modified":"2025-02-06T15:17:10","modified_gmt":"2025-02-06T14:17:10","slug":"patienter-med-vaad-amd-kan-nu-faa-behandling-i-thisted","status":"publish","type":"post","link":"https:\/\/kunmedierne.dk\/mors\/patienter-med-vaad-amd-kan-nu-faa-behandling-i-thisted\/","title":{"rendered":"Patienter med v\u00e5d AMD kan nu f\u00e5 behandling i Thisted"},"content":{"rendered":"<p><strong>SUNDHED:<\/strong> Omkring halvanden time \u2013 s\u00e5 lang tid varer k\u00f8returen mellem Aalborg og Thisted. Det er en lang tur for de mange \u00e6ldre patienter, som lider af den kroniske \u00f8jensygdom v\u00e5d AMD, hvor patienterne skal have spr\u00f8jtet medicin i det ramte \u00f8je med 1 til 3 m\u00e5neders mellemrum \u2013 en behandling man i Region Nordjylland hidtil kun har givet p\u00e5 \u00d8jenafdelingen p\u00e5 Aalborg Universitetshospital.<\/p>\n<a class=\"dvrt-link\" onClick=\"cdmtrack_click(104785,jQuery(this));return false\" href=\"https:\/\/www.facebook.com\/lyndrups\"><img decoding=\"async\" style=\"width:100%;\" src=\"https:\/\/kunmedierne.dk\/mors\/wp-content\/uploads\/2022\/02\/vip-lyndrups-rengoering.jpg\"><\/a><script>cdmtrack_view(104785);<\/script>\n<p>Nu er der imidlertid udsigt til kortere transporttid for de ca. 300 patienter, der har kortere vej til Thisted Sygehus end til Aalborg Universitetshospital. Fra 6. februar bliver de patienter, der bor t\u00e6ttest p\u00e5, tilbudt nogle af deres indspr\u00f8jtninger der.<\/p>\n<p>&#8211; Vi vil gerne rykke behandlinger ud til n\u00e6romr\u00e5det, n\u00e5r det giver v\u00e6rdi for patienterne. Her giver det virkelig god mening, fordi det oftest er \u00e6ldre patienter med sv\u00e6kket syn, der nu kan slippe for en lang og strabadserende k\u00f8retur. Jeg er sikker p\u00e5, at det bliver en succes til gavn for den enkelte patient, siger Lina Hundeb\u00f8ll Jespersen (V), formand for Sundhedsudvalget i Region Nordjylland.<\/p>\n<p>&nbsp;<\/p>\n<p><strong>To ud af tre bes\u00f8g kan foreg\u00e5 i Thisted<\/strong><\/p>\n<p>Der vil v\u00e6re \u00e5bent for behandlinger i Thisted en gang om ugen. Forventningerne er, at patienterne ved to ud af tre bes\u00f8g vil kunne n\u00f8jes med at tage til Thisted Sygehus. De slipper nemlig ikke helt for at tage turen til \u00d8jenafdelingen i Aalborg. N\u00e5r de skal have foretaget kontrol af sygdommen, s\u00e5 foreg\u00e5r det fortsat i Aalborg.<\/p>\n<a class=\"dvrt-link\" onClick=\"cdmtrack_click(104778,jQuery(this));return false\" href=\"https:\/\/vester-begr.dk\/?gclid=CjwKCAjw5Kv7BRBSEiwAXGDElQB6WMfm9CgYVrruty-I1gaOkTkC3mlA4QRDtYNsxYgVC8sNzAJ7WhoCmBsQAvD_BwE\"><img decoding=\"async\" style=\"width:100%;\" src=\"https:\/\/kunmedierne.dk\/mors\/wp-content\/uploads\/2023\/10\/260203VesterHoukaer-02022026.jpg\"><\/a><script>cdmtrack_view(104778);<\/script>\n<p>&#8211; Vi er glade for, at vi nu kan give denne patientgruppe et tilbud t\u00e6ttere p\u00e5 hjemmet. Det har vi gennem l\u00e6ngere tid afs\u00f8gt mulighederne for, fordi vi kan se, at de mange \u00e6ldre patienter er belastede af de mange og lange k\u00f8reture til Aalborg, siger Lis Bjerregaard Riahi, konstitueret vicedirekt\u00f8r, Aalborg Universitetshospital.<\/p>\n<p>&nbsp;<\/p>\n<blockquote>\n<h4>Om v\u00e5d AMD<\/h4>\n<h5>V\u00e5d AMD er en kronisk \u00f8jensygdom, som rammer mange \u00e6ldre patienter. Ubehandlet medf\u00f8rer den sv\u00e6r synsneds\u00e6ttelse.<\/h5>\n<h5>V\u00e5d AMD kan behandles ved at spr\u00f8jte medicin ind i det ramte \u00f8je, hvorved man stabiliserer synet hos langt de fleste.<\/h5>\n<h5>Behandlingen kurerer ikke tilstanden, hvorfor en stor del af patienterne skal have indspr\u00f8jtningerne med 1 til 3 m\u00e5neders mellemrum gennem mange \u00e5r.<\/h5>\n<\/blockquote>\n<div id=\"attachment_138607\" style=\"width: 2010px\" class=\"wp-caption alignnone\"><img loading=\"lazy\" decoding=\"async\" aria-describedby=\"caption-attachment-138607\" class=\"size-full wp-image-138607\" src=\"https:\/\/kunmedierne.dk\/mors\/wp-content\/uploads\/2025\/02\/FOREDRAG-BILLEDMATERIALE-1.pdf179.png\" alt=\"\" width=\"2000\" height=\"1414\" srcset=\"https:\/\/kunmedierne.dk\/mors\/wp-content\/uploads\/2025\/02\/FOREDRAG-BILLEDMATERIALE-1.pdf179.png 2000w, https:\/\/kunmedierne.dk\/mors\/wp-content\/uploads\/2025\/02\/FOREDRAG-BILLEDMATERIALE-1.pdf179-300x212.png 300w, https:\/\/kunmedierne.dk\/mors\/wp-content\/uploads\/2025\/02\/FOREDRAG-BILLEDMATERIALE-1.pdf179-1024x724.png 1024w, https:\/\/kunmedierne.dk\/mors\/wp-content\/uploads\/2025\/02\/FOREDRAG-BILLEDMATERIALE-1.pdf179-510x361.png 510w\" sizes=\"auto, (max-width: 2000px) 100vw, 2000px\" \/><p id=\"caption-attachment-138607\" class=\"wp-caption-text\">Foto: Region Nordjylland<\/p><\/div>\n","protected":false},"excerpt":{"rendered":"<p>SUNDHED: Omkring halvanden time \u2013 s\u00e5 lang tid varer k\u00f8returen mellem Aalborg og Thisted. Det er en lang tur for de mange \u00e6ldre patienter, som lider af den kroniske \u00f8jensygdom v\u00e5d AMD, hvor patienterne skal have spr\u00f8jtet medicin i det ramte \u00f8je med 1 til 3 m\u00e5neders mellemrum \u2013 en behandling man i Region Nordjylland [&hellip;]<\/p>\n","protected":false},"author":2507,"featured_media":0,"comment_status":"closed","ping_status":"closed","sticky":false,"template":"","format":"standard","meta":{"_acf_changed":false,"footnotes":""},"categories":[51],"tags":[256],"class_list":["post-138602","post","type-post","status-publish","format-standard","hentry","category-lokalt","tag-sundhed"],"acf":[],"yoast_head":"<!-- This site is optimized with the Yoast SEO plugin v26.8 - https:\/\/yoast.com\/product\/yoast-seo-wordpress\/ -->\n<title>Patienter med v\u00e5d AMD kan nu f\u00e5 behandling i Thisted - Mors<\/title>\n<meta name=\"robots\" content=\"index, follow, max-snippet:-1, max-image-preview:large, max-video-preview:-1\" \/>\n<link rel=\"canonical\" href=\"https:\/\/kunmedierne.dk\/mors\/patienter-med-vaad-amd-kan-nu-faa-behandling-i-thisted\/\" \/>\n<meta property=\"og:locale\" content=\"da_DK\" \/>\n<meta property=\"og:type\" content=\"article\" \/>\n<meta property=\"og:title\" content=\"Patienter med v\u00e5d AMD kan nu f\u00e5 behandling i Thisted - Mors\" \/>\n<meta property=\"og:description\" content=\"SUNDHED: Omkring halvanden time \u2013 s\u00e5 lang tid varer k\u00f8returen mellem Aalborg og Thisted. Det er en lang tur for de mange \u00e6ldre patienter, som lider af den kroniske \u00f8jensygdom v\u00e5d AMD, hvor patienterne skal have spr\u00f8jtet medicin i det ramte \u00f8je med 1 til 3 m\u00e5neders mellemrum \u2013 en behandling man i Region Nordjylland [&hellip;]\" \/>\n<meta property=\"og:url\" content=\"https:\/\/kunmedierne.dk\/mors\/patienter-med-vaad-amd-kan-nu-faa-behandling-i-thisted\/\" \/>\n<meta property=\"og:site_name\" content=\"Mors\" \/>\n<meta property=\"article:published_time\" content=\"2025-02-06T14:16:41+00:00\" \/>\n<meta property=\"article:modified_time\" content=\"2025-02-06T14:17:10+00:00\" \/>\n<meta property=\"og:image\" content=\"https:\/\/kunmedierne.dk\/mors\/wp-content\/uploads\/2025\/02\/FOREDRAG-BILLEDMATERIALE-1.pdf179.png\" \/>\n<meta name=\"author\" content=\"Katrine Hedegaard\" \/>\n<meta name=\"twitter:card\" content=\"summary_large_image\" \/>\n<meta name=\"twitter:label1\" content=\"Skrevet af\" \/>\n\t<meta name=\"twitter:data1\" content=\"Katrine Hedegaard\" \/>\n\t<meta name=\"twitter:label2\" content=\"Estimeret l\u00e6setid\" \/>\n\t<meta name=\"twitter:data2\" content=\"2 minutter\" \/>\n<script type=\"application\/ld+json\" class=\"yoast-schema-graph\">{\"@context\":\"https:\/\/schema.org\",\"@graph\":[{\"@type\":\"Article\",\"@id\":\"https:\/\/kunmedierne.dk\/mors\/patienter-med-vaad-amd-kan-nu-faa-behandling-i-thisted\/#article\",\"isPartOf\":{\"@id\":\"https:\/\/kunmedierne.dk\/mors\/patienter-med-vaad-amd-kan-nu-faa-behandling-i-thisted\/\"},\"author\":{\"name\":\"Katrine Hedegaard\",\"@id\":\"https:\/\/kunmedierne.dk\/mors\/#\/schema\/person\/b2e62a38069b12365e53e087a8709c64\"},\"headline\":\"Patienter med v\u00e5d AMD kan nu f\u00e5 behandling i Thisted\",\"datePublished\":\"2025-02-06T14:16:41+00:00\",\"dateModified\":\"2025-02-06T14:17:10+00:00\",\"mainEntityOfPage\":{\"@id\":\"https:\/\/kunmedierne.dk\/mors\/patienter-med-vaad-amd-kan-nu-faa-behandling-i-thisted\/\"},\"wordCount\":404,\"publisher\":{\"@id\":\"https:\/\/kunmedierne.dk\/mors\/#organization\"},\"image\":{\"@id\":\"https:\/\/kunmedierne.dk\/mors\/patienter-med-vaad-amd-kan-nu-faa-behandling-i-thisted\/#primaryimage\"},\"thumbnailUrl\":\"https:\/\/kunmedierne.dk\/mors\/wp-content\/uploads\/2025\/02\/FOREDRAG-BILLEDMATERIALE-1.pdf179.png\",\"keywords\":[\"Sundhed\"],\"articleSection\":[\"Lokalt\"],\"inLanguage\":\"da-DK\"},{\"@type\":\"WebPage\",\"@id\":\"https:\/\/kunmedierne.dk\/mors\/patienter-med-vaad-amd-kan-nu-faa-behandling-i-thisted\/\",\"url\":\"https:\/\/kunmedierne.dk\/mors\/patienter-med-vaad-amd-kan-nu-faa-behandling-i-thisted\/\",\"name\":\"Patienter med v\u00e5d AMD kan nu f\u00e5 behandling i Thisted - Mors\",\"isPartOf\":{\"@id\":\"https:\/\/kunmedierne.dk\/mors\/#website\"},\"primaryImageOfPage\":{\"@id\":\"https:\/\/kunmedierne.dk\/mors\/patienter-med-vaad-amd-kan-nu-faa-behandling-i-thisted\/#primaryimage\"},\"image\":{\"@id\":\"https:\/\/kunmedierne.dk\/mors\/patienter-med-vaad-amd-kan-nu-faa-behandling-i-thisted\/#primaryimage\"},\"thumbnailUrl\":\"https:\/\/kunmedierne.dk\/mors\/wp-content\/uploads\/2025\/02\/FOREDRAG-BILLEDMATERIALE-1.pdf179.png\",\"datePublished\":\"2025-02-06T14:16:41+00:00\",\"dateModified\":\"2025-02-06T14:17:10+00:00\",\"breadcrumb\":{\"@id\":\"https:\/\/kunmedierne.dk\/mors\/patienter-med-vaad-amd-kan-nu-faa-behandling-i-thisted\/#breadcrumb\"},\"inLanguage\":\"da-DK\",\"potentialAction\":[{\"@type\":\"ReadAction\",\"target\":[\"https:\/\/kunmedierne.dk\/mors\/patienter-med-vaad-amd-kan-nu-faa-behandling-i-thisted\/\"]}]},{\"@type\":\"ImageObject\",\"inLanguage\":\"da-DK\",\"@id\":\"https:\/\/kunmedierne.dk\/mors\/patienter-med-vaad-amd-kan-nu-faa-behandling-i-thisted\/#primaryimage\",\"url\":\"https:\/\/kunmedierne.dk\/mors\/wp-content\/uploads\/2025\/02\/FOREDRAG-BILLEDMATERIALE-1.pdf179.png\",\"contentUrl\":\"https:\/\/kunmedierne.dk\/mors\/wp-content\/uploads\/2025\/02\/FOREDRAG-BILLEDMATERIALE-1.pdf179.png\",\"width\":2000,\"height\":1414,\"caption\":\"Foto: Region Nordjylland\"},{\"@type\":\"BreadcrumbList\",\"@id\":\"https:\/\/kunmedierne.dk\/mors\/patienter-med-vaad-amd-kan-nu-faa-behandling-i-thisted\/#breadcrumb\",\"itemListElement\":[{\"@type\":\"ListItem\",\"position\":1,\"name\":\"Hjem\",\"item\":\"https:\/\/kunmedierne.dk\/mors\/\"},{\"@type\":\"ListItem\",\"position\":2,\"name\":\"Patienter med v\u00e5d AMD kan nu f\u00e5 behandling i Thisted\"}]},{\"@type\":\"WebSite\",\"@id\":\"https:\/\/kunmedierne.dk\/mors\/#website\",\"url\":\"https:\/\/kunmedierne.dk\/mors\/\",\"name\":\"Mors\",\"description\":\"et netmedie med journalistik om livet p\u00e5 Mors\",\"publisher\":{\"@id\":\"https:\/\/kunmedierne.dk\/mors\/#organization\"},\"potentialAction\":[{\"@type\":\"SearchAction\",\"target\":{\"@type\":\"EntryPoint\",\"urlTemplate\":\"https:\/\/kunmedierne.dk\/mors\/?s={search_term_string}\"},\"query-input\":{\"@type\":\"PropertyValueSpecification\",\"valueRequired\":true,\"valueName\":\"search_term_string\"}}],\"inLanguage\":\"da-DK\"},{\"@type\":\"Organization\",\"@id\":\"https:\/\/kunmedierne.dk\/mors\/#organization\",\"name\":\"Mors\",\"url\":\"https:\/\/kunmedierne.dk\/mors\/\",\"logo\":{\"@type\":\"ImageObject\",\"inLanguage\":\"da-DK\",\"@id\":\"https:\/\/kunmedierne.dk\/mors\/#\/schema\/logo\/image\/\",\"url\":\"https:\/\/kunmedierne.dk\/mors\/wp-content\/uploads\/2024\/08\/kunmors-logo.svg\",\"contentUrl\":\"https:\/\/kunmedierne.dk\/mors\/wp-content\/uploads\/2024\/08\/kunmors-logo.svg\",\"caption\":\"Mors\"},\"image\":{\"@id\":\"https:\/\/kunmedierne.dk\/mors\/#\/schema\/logo\/image\/\"}},{\"@type\":\"Person\",\"@id\":\"https:\/\/kunmedierne.dk\/mors\/#\/schema\/person\/b2e62a38069b12365e53e087a8709c64\",\"name\":\"Katrine Hedegaard\",\"image\":{\"@type\":\"ImageObject\",\"inLanguage\":\"da-DK\",\"@id\":\"https:\/\/kunmedierne.dk\/mors\/#\/schema\/person\/image\/\",\"url\":\"https:\/\/secure.gravatar.com\/avatar\/18a5c72fa9148052fd3ed5a58b40fc83cfdc9811090e6e6eec9539af058edcc0?s=96&d=mm&r=g\",\"contentUrl\":\"https:\/\/secure.gravatar.com\/avatar\/18a5c72fa9148052fd3ed5a58b40fc83cfdc9811090e6e6eec9539af058edcc0?s=96&d=mm&r=g\",\"caption\":\"Katrine Hedegaard\"},\"url\":\"https:\/\/kunmedierne.dk\/mors\/author\/katrine\/\"}]}<\/script>\n<!-- \/ Yoast SEO plugin. -->","yoast_head_json":{"title":"Patienter med v\u00e5d AMD kan nu f\u00e5 behandling i Thisted - Mors","robots":{"index":"index","follow":"follow","max-snippet":"max-snippet:-1","max-image-preview":"max-image-preview:large","max-video-preview":"max-video-preview:-1"},"canonical":"https:\/\/kunmedierne.dk\/mors\/patienter-med-vaad-amd-kan-nu-faa-behandling-i-thisted\/","og_locale":"da_DK","og_type":"article","og_title":"Patienter med v\u00e5d AMD kan nu f\u00e5 behandling i Thisted - Mors","og_description":"SUNDHED: Omkring halvanden time \u2013 s\u00e5 lang tid varer k\u00f8returen mellem Aalborg og Thisted. Det er en lang tur for de mange \u00e6ldre patienter, som lider af den kroniske \u00f8jensygdom v\u00e5d AMD, hvor patienterne skal have spr\u00f8jtet medicin i det ramte \u00f8je med 1 til 3 m\u00e5neders mellemrum \u2013 en behandling man i Region Nordjylland [&hellip;]","og_url":"https:\/\/kunmedierne.dk\/mors\/patienter-med-vaad-amd-kan-nu-faa-behandling-i-thisted\/","og_site_name":"Mors","article_published_time":"2025-02-06T14:16:41+00:00","article_modified_time":"2025-02-06T14:17:10+00:00","og_image":[{"url":"https:\/\/kunmedierne.dk\/mors\/wp-content\/uploads\/2025\/02\/FOREDRAG-BILLEDMATERIALE-1.pdf179.png","type":"","width":"","height":""}],"author":"Katrine Hedegaard","twitter_card":"summary_large_image","twitter_misc":{"Skrevet af":"Katrine Hedegaard","Estimeret l\u00e6setid":"2 minutter"},"schema":{"@context":"https:\/\/schema.org","@graph":[{"@type":"Article","@id":"https:\/\/kunmedierne.dk\/mors\/patienter-med-vaad-amd-kan-nu-faa-behandling-i-thisted\/#article","isPartOf":{"@id":"https:\/\/kunmedierne.dk\/mors\/patienter-med-vaad-amd-kan-nu-faa-behandling-i-thisted\/"},"author":{"name":"Katrine Hedegaard","@id":"https:\/\/kunmedierne.dk\/mors\/#\/schema\/person\/b2e62a38069b12365e53e087a8709c64"},"headline":"Patienter med v\u00e5d AMD kan nu f\u00e5 behandling i Thisted","datePublished":"2025-02-06T14:16:41+00:00","dateModified":"2025-02-06T14:17:10+00:00","mainEntityOfPage":{"@id":"https:\/\/kunmedierne.dk\/mors\/patienter-med-vaad-amd-kan-nu-faa-behandling-i-thisted\/"},"wordCount":404,"publisher":{"@id":"https:\/\/kunmedierne.dk\/mors\/#organization"},"image":{"@id":"https:\/\/kunmedierne.dk\/mors\/patienter-med-vaad-amd-kan-nu-faa-behandling-i-thisted\/#primaryimage"},"thumbnailUrl":"https:\/\/kunmedierne.dk\/mors\/wp-content\/uploads\/2025\/02\/FOREDRAG-BILLEDMATERIALE-1.pdf179.png","keywords":["Sundhed"],"articleSection":["Lokalt"],"inLanguage":"da-DK"},{"@type":"WebPage","@id":"https:\/\/kunmedierne.dk\/mors\/patienter-med-vaad-amd-kan-nu-faa-behandling-i-thisted\/","url":"https:\/\/kunmedierne.dk\/mors\/patienter-med-vaad-amd-kan-nu-faa-behandling-i-thisted\/","name":"Patienter med v\u00e5d AMD kan nu f\u00e5 behandling i Thisted - Mors","isPartOf":{"@id":"https:\/\/kunmedierne.dk\/mors\/#website"},"primaryImageOfPage":{"@id":"https:\/\/kunmedierne.dk\/mors\/patienter-med-vaad-amd-kan-nu-faa-behandling-i-thisted\/#primaryimage"},"image":{"@id":"https:\/\/kunmedierne.dk\/mors\/patienter-med-vaad-amd-kan-nu-faa-behandling-i-thisted\/#primaryimage"},"thumbnailUrl":"https:\/\/kunmedierne.dk\/mors\/wp-content\/uploads\/2025\/02\/FOREDRAG-BILLEDMATERIALE-1.pdf179.png","datePublished":"2025-02-06T14:16:41+00:00","dateModified":"2025-02-06T14:17:10+00:00","breadcrumb":{"@id":"https:\/\/kunmedierne.dk\/mors\/patienter-med-vaad-amd-kan-nu-faa-behandling-i-thisted\/#breadcrumb"},"inLanguage":"da-DK","potentialAction":[{"@type":"ReadAction","target":["https:\/\/kunmedierne.dk\/mors\/patienter-med-vaad-amd-kan-nu-faa-behandling-i-thisted\/"]}]},{"@type":"ImageObject","inLanguage":"da-DK","@id":"https:\/\/kunmedierne.dk\/mors\/patienter-med-vaad-amd-kan-nu-faa-behandling-i-thisted\/#primaryimage","url":"https:\/\/kunmedierne.dk\/mors\/wp-content\/uploads\/2025\/02\/FOREDRAG-BILLEDMATERIALE-1.pdf179.png","contentUrl":"https:\/\/kunmedierne.dk\/mors\/wp-content\/uploads\/2025\/02\/FOREDRAG-BILLEDMATERIALE-1.pdf179.png","width":2000,"height":1414,"caption":"Foto: Region Nordjylland"},{"@type":"BreadcrumbList","@id":"https:\/\/kunmedierne.dk\/mors\/patienter-med-vaad-amd-kan-nu-faa-behandling-i-thisted\/#breadcrumb","itemListElement":[{"@type":"ListItem","position":1,"name":"Hjem","item":"https:\/\/kunmedierne.dk\/mors\/"},{"@type":"ListItem","position":2,"name":"Patienter med v\u00e5d AMD kan nu f\u00e5 behandling i Thisted"}]},{"@type":"WebSite","@id":"https:\/\/kunmedierne.dk\/mors\/#website","url":"https:\/\/kunmedierne.dk\/mors\/","name":"Mors","description":"et netmedie med journalistik om livet p\u00e5 Mors","publisher":{"@id":"https:\/\/kunmedierne.dk\/mors\/#organization"},"potentialAction":[{"@type":"SearchAction","target":{"@type":"EntryPoint","urlTemplate":"https:\/\/kunmedierne.dk\/mors\/?s={search_term_string}"},"query-input":{"@type":"PropertyValueSpecification","valueRequired":true,"valueName":"search_term_string"}}],"inLanguage":"da-DK"},{"@type":"Organization","@id":"https:\/\/kunmedierne.dk\/mors\/#organization","name":"Mors","url":"https:\/\/kunmedierne.dk\/mors\/","logo":{"@type":"ImageObject","inLanguage":"da-DK","@id":"https:\/\/kunmedierne.dk\/mors\/#\/schema\/logo\/image\/","url":"https:\/\/kunmedierne.dk\/mors\/wp-content\/uploads\/2024\/08\/kunmors-logo.svg","contentUrl":"https:\/\/kunmedierne.dk\/mors\/wp-content\/uploads\/2024\/08\/kunmors-logo.svg","caption":"Mors"},"image":{"@id":"https:\/\/kunmedierne.dk\/mors\/#\/schema\/logo\/image\/"}},{"@type":"Person","@id":"https:\/\/kunmedierne.dk\/mors\/#\/schema\/person\/b2e62a38069b12365e53e087a8709c64","name":"Katrine Hedegaard","image":{"@type":"ImageObject","inLanguage":"da-DK","@id":"https:\/\/kunmedierne.dk\/mors\/#\/schema\/person\/image\/","url":"https:\/\/secure.gravatar.com\/avatar\/18a5c72fa9148052fd3ed5a58b40fc83cfdc9811090e6e6eec9539af058edcc0?s=96&d=mm&r=g","contentUrl":"https:\/\/secure.gravatar.com\/avatar\/18a5c72fa9148052fd3ed5a58b40fc83cfdc9811090e6e6eec9539af058edcc0?s=96&d=mm&r=g","caption":"Katrine Hedegaard"},"url":"https:\/\/kunmedierne.dk\/mors\/author\/katrine\/"}]}},"_links":{"self":[{"href":"https:\/\/kunmedierne.dk\/mors\/wp-json\/wp\/v2\/posts\/138602","targetHints":{"allow":["GET"]}}],"collection":[{"href":"https:\/\/kunmedierne.dk\/mors\/wp-json\/wp\/v2\/posts"}],"about":[{"href":"https:\/\/kunmedierne.dk\/mors\/wp-json\/wp\/v2\/types\/post"}],"author":[{"embeddable":true,"href":"https:\/\/kunmedierne.dk\/mors\/wp-json\/wp\/v2\/users\/2507"}],"replies":[{"embeddable":true,"href":"https:\/\/kunmedierne.dk\/mors\/wp-json\/wp\/v2\/comments?post=138602"}],"version-history":[{"count":3,"href":"https:\/\/kunmedierne.dk\/mors\/wp-json\/wp\/v2\/posts\/138602\/revisions"}],"predecessor-version":[{"id":138608,"href":"https:\/\/kunmedierne.dk\/mors\/wp-json\/wp\/v2\/posts\/138602\/revisions\/138608"}],"wp:attachment":[{"href":"https:\/\/kunmedierne.dk\/mors\/wp-json\/wp\/v2\/media?parent=138602"}],"wp:term":[{"taxonomy":"category","embeddable":true,"href":"https:\/\/kunmedierne.dk\/mors\/wp-json\/wp\/v2\/categories?post=138602"},{"taxonomy":"post_tag","embeddable":true,"href":"https:\/\/kunmedierne.dk\/mors\/wp-json\/wp\/v2\/tags?post=138602"}],"curies":[{"name":"wp","href":"https:\/\/api.w.org\/{rel}","templated":true}]}}