{"id":138304,"date":"2025-02-08T12:16:12","date_gmt":"2025-02-08T11:16:12","guid":{"rendered":"https:\/\/kunmedierne.dk\/mors\/?p=138304"},"modified":"2025-02-08T17:15:44","modified_gmt":"2025-02-08T16:15:44","slug":"et-halvt-aar-foer-nummer-13-kulturmoedet-er-et-godt-sted","status":"publish","type":"post","link":"https:\/\/kunmedierne.dk\/mors\/et-halvt-aar-foer-nummer-13-kulturmoedet-er-et-godt-sted\/","title":{"rendered":"<span>Et halvt \u00e5r f\u00f8r nummer 13: <\/span>Kulturm\u00f8det er et godt sted"},"content":{"rendered":"<p><strong>KULTURM\u00d8DET<\/strong>: Seks m\u00e5neder og et par uger.<\/p>\n<p>S\u00e5 lang tid skal du vente, f\u00f8r Mors igen danner ramme om en national kulturbegivenhed, der \u00e5r efter \u00e5r synes at udvikle sig. M\u00e5ske ikke s\u00e5 meget i volumen, men s\u00e5 i hvert fald i indhold og karakter, hvilket den seneste tid har givet klare eksempler p\u00e5.<\/p>\n<p>Det er derfor en meget tilfreds Caspar Ryttergaard, direkt\u00f8r for Kulturm\u00f8det Mors, der i en snak om status netop nu &#8211; et halvt \u00e5r f\u00f8r 13. udgave &#8211; udtrykker sig med stor optimisme:<\/p>\n<p>&#8211; Vi st\u00e5r et supersp\u00e6ndende sted.<\/p>\n<a class=\"dvrt-link\" onClick=\"cdmtrack_click(104786,jQuery(this));return false\" href=\"https:\/\/limfjordsteatret.dk\/events\/tobias-dybvad-mit-bedste-onemanshow\/\"><img decoding=\"async\" style=\"width:100%;\" src=\"https:\/\/kunmedierne.dk\/mors\/wp-content\/uploads\/2023\/10\/aarskortLim_KunMors_1100x125.jpg\"><\/a><script>cdmtrack_view(104786);<\/script>\n<p>Det kan han sige, blandt andet fordi Kulturm\u00f8det Mors skal <a href=\"https:\/\/kunmedierne.dk\/mors\/kulturmoedet-skal-staa-i-spidsen-for-kulturprogram-under-danmarks-eu-formandskab\/\" target=\"_blank\" rel=\"noopener\">st\u00e5 i spidsen for kulturprogrammet<\/a> under Danmarks kommende EU-formandskab. Og han kan sige det, fordi en stor donation fra <a href=\"https:\/\/kunmedierne.dk\/mors\/det-obelske-familiefond-giver-kulturmoedet-langsigtet-stoette\/\" target=\"_blank\" rel=\"noopener\">Det Obelske Familiefond<\/a> cementerer den \u00f8konomiske bl\u00e5stempling, der ogs\u00e5 f\u00e5r mere og mere kraft.<\/p>\n<p>&#8211; Og s\u00e5 kan vi jo m\u00e6rke, at der stadig er en enorm interesse for at v\u00e6re med i programmet, siger han om det kulturprogram, der i \u00f8jeblikket taget form.<\/p>\n<p>Med sit nordiske fokus i en tid med geopolitiske dagsordener om ikke mindst Gr\u00f8nland er det ikke mindre aktuelt i \u00e5r. Eksempelvis vil deltagerne i Kulturm\u00f8det 2025 l\u00e6re om oprindelige folkeslag fra den nordligste del af jordkloden.<\/p>\n<p>&#8211; Hvad vil det sige at repr\u00e6sentere et oprindeligt folk? D\u00e9t spor til Gr\u00f8nland og selvst\u00e6ndighed er mere relevant end nogensinde, siger Caspar Ryttergaard.<\/p>\n<p>&nbsp;<\/p>\n<p><strong>Nemmere at sparke d\u00f8re ind<\/strong><\/p>\n<p>Det er et sp\u00f8rgsm\u00e5l om fortolkning, om Kulturm\u00f8det 2025 er nummer 12 eller 13 i r\u00e6kken. Det f\u00f8rste fandt sted i 2013, s\u00e5 10 \u00e5rs jubil\u00e6et blev markeret i 2023. Men det i 2021 var en coronaudgave i digital form, s\u00e5 til august bliver det 12. gang, folket samles p\u00e5 Mors for at nyde, fortolke og dr\u00f8fte kulturen i Danmark.<\/p>\n<p>Caspar Ryttergaard har v\u00e6ret med siden 2018, og m\u00f8det i \u00e5r bliver hans andet som direkt\u00f8r. I 2024 afl\u00f8ste han Trine Bang p\u00e5 posten &#8211; et skifte, han selv beskriver som relativt overskueligt.<\/p>\n<p>&#8211; Trine og jeg havde et rigtig fint makkerskab. Det er forkert at sige, at det har v\u00e6ret let, men det har v\u00e6ret gnidningsfrit at forts\u00e6tte den udvikling, som Kulturm\u00f8det var i, fordi jeg i bund og grund selv sad i maskinrummet sammen med Trine, siger han og tilf\u00f8jer:<\/p>\n<p>&#8211; At der s\u00e5 er kommet nogle ting oveni, er bare rigtig, rigtig fint.<\/p>\n<a class=\"dvrt-link\" onClick=\"cdmtrack_click(104783,jQuery(this));return false\" href=\"https:\/\/konpap.dk\/\"><img decoding=\"async\" style=\"width:100%;\" src=\"https:\/\/kunmedierne.dk\/mors\/wp-content\/uploads\/2023\/10\/Kun-Mors-banner.jpg\"><\/a><script>cdmtrack_view(104783);<\/script>\n<p>Her henviser han til, at de to store nyheder fra \u00e5rets f\u00f8rste m\u00e5ned &#8211; og mere til &#8211; understreger, at Kulturm\u00f8det Mors har en helt s\u00e6rlig position.<\/p>\n<p>&#8211; Det siger noget om, hvor vi er. Vi er kommet p\u00e5 finansloven p\u00e5 en fire\u00e5rig bevilling og har landet EU-formandskabsprojektet. Det siger noget om, at Kulturm\u00f8det p\u00e5 rigtig mange parametre bliver manifesteret som en utrolig vigtig begivenhed.<\/p>\n<p>Det g\u00f8r det ogs\u00e5 nemmere at sparke andre d\u00f8re ind.<\/p>\n<p>&#8211; Vi m\u00e6rker i hvert fald en \u00f8get interesse fra organisationer, der gr\u00e6nser op til kunst og kultur, og som ogs\u00e5 besk\u00e6ftiger sig med det. S\u00e5 vi bem\u00e6rker, at flere og flere gerne vil v\u00e6re med. Og vi bem\u00e6rker, at de kunst- og kulturinstitutioner, der henvender sig, vil v\u00e6re med p\u00e5 en anden m\u00e5de end bare en samtale. Det er ogs\u00e5 velkomment (med samtaler, red.), men folk g\u00f8r sig helt enormt umage &#8211; og det er der en stigning i.<\/p>\n<p>&nbsp;<\/p>\n<p><strong>Form\u00e5r at binde tingene sammen<\/strong><\/p>\n<p>Det var et ganske kort forl\u00f8b, der l\u00e5 forud for Slots- og Kulturstyrelsens udmelding om de 2,5 mio. kroner til et kulturprogram under EU-formandskabet. Ans\u00f8gningsfasen forl\u00f8b over uger, men det gjorde selvf\u00f8lgelig ikke gl\u00e6den mindre, da meldingen fra K\u00f8benhavn tikkede ind p\u00e5 Kulturm\u00f8dets sekretariat.<\/p>\n<p>&#8211; Jeg blev helt enormt glad og stolt. Jeg synes jo, at vi er rigtig dygtige til at lave Kulturm\u00f8det, men at vi kan lande et formandskabprogram, der skal k\u00f8re i et halvt \u00e5r i hele landet, vidner om, at vi bliver taget alvorligt. Jeg er utrolig glad, men ogs\u00e5 ydmyg omkring, at det er et stort projekt, der ligger for f\u00f8dderne af os. Det skal vi virkelig g\u00f8re os umage med, siger Caspar Ryttergaard.<\/p>\n<p>For ham personligt er det selvf\u00f8lgelig ogs\u00e5 en bonus, at han s\u00e5 tidligt efter sin udn\u00e6vnelse kan pr\u00e6sentere nye resultater.<\/p>\n<a class=\"dvrt-link\" onClick=\"cdmtrack_click(169437,jQuery(this));return false\" href=\"https:\/\/thymors.dk\/sponsorater\/15-til-faellesskabet?utm_source=kunmors&amp;utm_medium=annonce&amp;utm_campaign=sponsorater\"><img decoding=\"async\" style=\"width:100%;\" src=\"https:\/\/kunmedierne.dk\/mors\/wp-content\/uploads\/2026\/03\/260407ThyMors-energi_faellesskab_generel-1.jpg\"><\/a><script>cdmtrack_view(169437);<\/script>\n<p>&#8211; Det er klart, at n\u00e5r man sidder for enden af bordet, er det rart, at man lykkes med de ting, man s\u00e6tter sig for. Men jeg er drevet af, at Kulturm\u00f8det skal lykkes, og det er lige s\u00e5 vigtigt for mig, at vi sammen lykkes med at s\u00e6tte nogle aftryk, siger han og bliver mere specifik:<\/p>\n<p>&#8211; For eksempel den lange rejse, vi har haft med Ung Kult. At vi bliver ved med at have s\u00e5 godt et samarbejde. Vi kan noget sammen, og det er n\u00e6sten noget af det, jeg kan blive mest stolt af. At vi form\u00e5r at binde tingene sammen &#8211; b\u00e5de her, i hele landet og i hele Europa. Det, synes jeg jo egentlig, er ret vildt.<\/p>\n<p>Men alt det gode, der er at fort\u00e6lle om status netop nu, betyder selvf\u00f8lgelig ikke, at Kulturm\u00f8det Mors ikke ogs\u00e5 har udfordringer at l\u00f8se.<\/p>\n<p>En af dem er endda ganske stor.<\/p>\n<p>&nbsp;<\/p>\n<p><strong>Ny koordinator til h\u00e6ren af frivillige<\/strong><\/p>\n<p>Sekretariatet i Holgersgade best\u00e5r af fem medarbejdere &#8211; plus det l\u00f8se. Kulturm\u00f8det Mors f\u00e5r ogs\u00e5 hj\u00e6lp af Mors\u00f8 Kommune, og i l\u00f8bet af for\u00e5ret vil bemandingen vokse eksplosivt, n\u00e5r m\u00e5nederne frem imod en ny udgave bliver fyldt med opgaver.<\/p>\n<p>Og s\u00e5 er der alle de frivillige. Uden dem var der intet Kulturm\u00f8det Mors, lyder det ofte.<\/p>\n<p>&#8211; Vi har 200 virkelig st\u00e6rke frivillige, som vi s\u00e6tter virkelig stor pris p\u00e5, siger Caspar Ryttergaard og kommer ind p\u00e5 den udfordring, man st\u00e5r med netop nu.<\/p>\n<a class=\"dvrt-link\" onClick=\"cdmtrack_click(104778,jQuery(this));return false\" href=\"https:\/\/vester-begr.dk\/?gclid=CjwKCAjw5Kv7BRBSEiwAXGDElQB6WMfm9CgYVrruty-I1gaOkTkC3mlA4QRDtYNsxYgVC8sNzAJ7WhoCmBsQAvD_BwE\"><img decoding=\"async\" style=\"width:100%;\" src=\"https:\/\/kunmedierne.dk\/mors\/wp-content\/uploads\/2023\/10\/260203VesterHoukaer-02022026.jpg\"><\/a><script>cdmtrack_view(104778);<\/script>\n<p>Tania Marie H\u00f8yer, frivilligkoordinator p\u00e5 Kulturm\u00f8det Mors siden 2020, har opsagt sin stilling, s\u00e5 nu er arbejdet med at finde en ny i fuld gang.<\/p>\n<p>&#8211; Tania har gjort det fremragende. Det har hun gjort p\u00e5 rigtig mange parametre &#8211; b\u00e5de med den m\u00e5de, hun er g\u00e5et til tingene p\u00e5, men ogs\u00e5 hendes person. Og s\u00e5 har det v\u00e6ret en k\u00e6mpe styrke, at vi har kunnet finde en, der boede p\u00e5 Mors &#8211; og som selv var frivillig i andre sammenh\u00e6nge.<\/p>\n<p>&#8211; Det h\u00e5ber jeg, at vi kan gentage. Vi leder selvf\u00f8lgelig ogs\u00e5 efter en, der her nogle kompetencer til at koordinere og udvikle hele vores frivilligprogram, men det medmenneskelige er sygt vigtigt, siger Caspar Ryttergaard og finder rum for optimisme.<\/p>\n<p>&#8211; Jeg ved, at morsingboerne har frivillighed i blodet. Og det er jo ikke en fuldtidsstilling p\u00e5 nogen m\u00e5de, s\u00e5 jeg h\u00e5ber, at nogen lokalt kan se sig selv i det, siger han.<\/p>\n<p>&nbsp;<\/p>\n<p><strong>Er et rigtig godt sted<\/strong><\/p>\n<p>Caspar Ryttergaard er 45 \u00e5r og bor i Thy, hvor han med kone og b\u00f8rn har sl\u00e5et sig ned i Klitm\u00f8ller efter en \u00e5rr\u00e6kke i K\u00f8benhavn.<\/p>\n<p>Oprindeligt er han fra Aalborg, men det blev til 13 \u00e5r i hovedstaden &#8211; f\u00f8rst som presse- og kommunikationschef i K\u00f8benhavns Kommune og siden 10 \u00e5r som s\u00e6rlig r\u00e5dgiver for SF p\u00e5 Christiansborg.<\/p>\n<a class=\"dvrt-link\" onClick=\"cdmtrack_click(104779,jQuery(this));return false\" href=\"https:\/\/morsoe-begravelsesforretning.dk\/\"><img decoding=\"async\" style=\"width:100%;\" src=\"https:\/\/kunmedierne.dk\/mors\/wp-content\/uploads\/2023\/11\/251215-morsoe-begravelsesforretning.jpg\"><\/a><script>cdmtrack_view(104779);<\/script>\n<p>Det lyder og er fjernt fra Mors, men forbindelsen til \u00f8en havde han allerede inden jobskiftet til Kulturm\u00f8det i 2018.<\/p>\n<p>Barndommen er nemlig fyldt med minder fra somre i for\u00e6ldrenes sommerhus ved Dragstrup Vig.<\/p>\n<p>&#8211; Indtil jeg var 15, brugte jeg alle mine ferier her. S\u00e5 jeg har k\u00f8rt ret meget traktor, da jeg var barn, siger han med et grin.<\/p>\n<p>Skridtet fra det \u00f8stlige udkantsomr\u00e5de til det vestlige var derfor ikke s\u00e5 stort, at det gjorde noget. Og et ophold i Thy gav kun mere lyst til at tage det.<\/p>\n<p>&#8211; Vi forelskede os i Vesterhavet. Vi er jo altid kommet her og har familie i R\u00f8dhus. Og da jeg skulle p\u00e5 barsel med vores mellemste barn, tog vi derop og boede der i tre m\u00e5neder for at pr\u00f8ve det af og se, hvordan det var at bo ved Vesterhavet. Og det elskede vi, mindes han.<\/p>\n<p>Derfor befinder ogs\u00e5 direkt\u00f8ren for Kulturm\u00f8det Mors sig et godt sted &#8211; s\u00e5vel karrierem\u00e6ssigt som geografisk. Og med sit kendskab til Mors og morsingboerne st\u00e5r han ogs\u00e5 meget gerne p\u00e5 m\u00e5l for placeringen af den nationale kulturevent, hvis en k\u00f8benhavner en dag stadig skulle finde p\u00e5 igen at argumentere for at flytte Kulturm\u00f8det til K\u00f8benhavn.<\/p>\n<p>At det h\u00f8rer til p\u00e5 Mors, skyldes ogs\u00e5 morsingboerne selv, mener han.<\/p>\n<p>&#8211; Foreninger og kultur lever p\u00e5 mange omr\u00e5der i f\u00e6llesskab. Det ser vi, n\u00e5r vi har B\u00f8rnenes Kulturm\u00f8de for alle folkeskolerne. Der ser vi, hvor meget man er engageret og vil v\u00e6re med, lyder det.<\/p>\n<a class=\"dvrt-link\" onClick=\"cdmtrack_click(111725,jQuery(this));return false\" href=\"https:\/\/www.thistedforsikring.dk\/?utm_source=partnerskaber&amp;utm_campaign=kun_mors\"><img decoding=\"async\" style=\"width:100%;\" src=\"https:\/\/kunmedierne.dk\/mors\/wp-content\/uploads\/2024\/02\/269409KunMors-ThistedFor-1.png\"><\/a><script>cdmtrack_view(111725);<\/script>\n<p>S\u00e5 det lokale ejerskab er med til at g\u00f8re det s\u00e6rligt, tilf\u00f8jer direkt\u00f8ren sit argument for, at Kulturm\u00f8det Mors &#8211; ogs\u00e5 p\u00e5 den m\u00e5de &#8211; er et godt sted.<\/p>\n<p>&#8211; Det er helt fra det politiske i kommunalbestyrelsen til de frivillige &#8211; og s\u00e5 selvf\u00f8lgelig de institutioner, vi har. Der er en dramalinje p\u00e5 gymnasiet, vi har Limfjordsteatret, der laver den ene succesfulde forestilling efter den anden. S\u00e5 p\u00e5 den m\u00e5de er der meget at tage fat i &#8211; ogs\u00e5 lokalt. Vi har ogs\u00e5 en kunstforening, der tiltr\u00e6kker nogle ret store udstillinger.<\/p>\n<p>Caspar Ryttergaard sammenfatter sin lovprisning af det lokale kulturmilj\u00f8 i \u00e9n s\u00e6tning:<\/p>\n<p>&#8211; Det er rigtigt, at man har ikke Det Kongelige Teater p\u00e5 Mors, men mindre kan ogs\u00e5 g\u00f8re det.<\/p>\n<p>Kulturm\u00f8det Mors 2025 foreg\u00e5r i dagene 21.-23. august. Du kan l\u00e6se mere om det &#8211; og om stillingen som frivilligkoordinator &#8211; p\u00e5 Kulturm\u00f8dets hjemmeside <a href=\"https:\/\/kulturmodet.dk\/\" target=\"_blank\" rel=\"noopener\">her<\/a>.<\/p>\n<blockquote>\n<h4>L\u00c6S OGS\u00c5:<\/h4>\n<h5><a href=\"https:\/\/kunmedierne.dk\/mors\/kulturmoedet-skal-staa-i-spidsen-for-kulturprogram-under-danmarks-eu-formandskab\/\" target=\"_blank\" rel=\"noopener\">Kulturm\u00f8det skal st\u00e5 i spidsen for kulturprogram under Danmarks EU-formandskab<\/a><\/h5>\n<h5><a href=\"https:\/\/kunmedierne.dk\/mors\/det-obelske-familiefond-giver-kulturmoedet-langsigtet-stoette\/\" target=\"_blank\" rel=\"noopener\">Det Obelske Familiefond giver Kulturm\u00f8det langsigtet st\u00f8tte<\/a><\/h5>\n<\/blockquote>\n<div id=\"attachment_138744\" style=\"width: 1242px\" class=\"wp-caption alignright\"><img loading=\"lazy\" decoding=\"async\" aria-describedby=\"caption-attachment-138744\" class=\"wp-image-138744 size-full\" src=\"https:\/\/kunmedierne.dk\/mors\/wp-content\/uploads\/2025\/02\/Caspar-Ryttergaard-foto-per-bille.jpg\" alt=\"\" width=\"1232\" height=\"821\" srcset=\"https:\/\/kunmedierne.dk\/mors\/wp-content\/uploads\/2025\/02\/Caspar-Ryttergaard-foto-per-bille.jpg 1232w, https:\/\/kunmedierne.dk\/mors\/wp-content\/uploads\/2025\/02\/Caspar-Ryttergaard-foto-per-bille-300x200.jpg 300w, https:\/\/kunmedierne.dk\/mors\/wp-content\/uploads\/2025\/02\/Caspar-Ryttergaard-foto-per-bille-1024x682.jpg 1024w, https:\/\/kunmedierne.dk\/mors\/wp-content\/uploads\/2025\/02\/Caspar-Ryttergaard-foto-per-bille-510x340.jpg 510w\" sizes=\"auto, (max-width: 1232px) 100vw, 1232px\" \/><p id=\"caption-attachment-138744\" class=\"wp-caption-text\">Caspar Ryttergaard, direkt\u00f8r for Kulturm\u00f8det Mors. Foto: Per Bille.<\/p><\/div>\n","protected":false},"excerpt":{"rendered":"<p>KULTURM\u00d8DET: Seks m\u00e5neder og et par uger. S\u00e5 lang tid skal du vente, f\u00f8r Mors igen danner ramme om en national kulturbegivenhed, der \u00e5r efter \u00e5r synes at udvikle sig. M\u00e5ske ikke s\u00e5 meget i volumen, men s\u00e5 i hvert fald i indhold og karakter, hvilket den seneste tid har givet klare eksempler p\u00e5. Det [&hellip;]<\/p>\n","protected":false},"author":8,"featured_media":0,"comment_status":"closed","ping_status":"closed","sticky":false,"template":"","format":"standard","meta":{"_acf_changed":false,"footnotes":""},"categories":[49],"tags":[162],"class_list":["post-138304","post","type-post","status-publish","format-standard","hentry","category-kultur","tag-kulturmoedet"],"acf":[],"yoast_head":"<!-- This site is optimized with the Yoast SEO plugin v26.8 - https:\/\/yoast.com\/product\/yoast-seo-wordpress\/ -->\n<title>Et halvt \u00e5r f\u00f8r nummer 13: Kulturm\u00f8det er et godt sted - Mors<\/title>\n<meta name=\"robots\" content=\"index, follow, max-snippet:-1, max-image-preview:large, max-video-preview:-1\" \/>\n<link rel=\"canonical\" href=\"https:\/\/kunmedierne.dk\/mors\/et-halvt-aar-foer-nummer-13-kulturmoedet-er-et-godt-sted\/\" \/>\n<meta property=\"og:locale\" content=\"da_DK\" \/>\n<meta property=\"og:type\" content=\"article\" \/>\n<meta property=\"og:title\" content=\"Et halvt \u00e5r f\u00f8r nummer 13: Kulturm\u00f8det er et godt sted - Mors\" \/>\n<meta property=\"og:description\" content=\"KULTURM\u00d8DET: Seks m\u00e5neder og et par uger. S\u00e5 lang tid skal du vente, f\u00f8r Mors igen danner ramme om en national kulturbegivenhed, der \u00e5r efter \u00e5r synes at udvikle sig. M\u00e5ske ikke s\u00e5 meget i volumen, men s\u00e5 i hvert fald i indhold og karakter, hvilket den seneste tid har givet klare eksempler p\u00e5. Det [&hellip;]\" \/>\n<meta property=\"og:url\" content=\"https:\/\/kunmedierne.dk\/mors\/et-halvt-aar-foer-nummer-13-kulturmoedet-er-et-godt-sted\/\" \/>\n<meta property=\"og:site_name\" content=\"Mors\" \/>\n<meta property=\"article:published_time\" content=\"2025-02-08T11:16:12+00:00\" \/>\n<meta property=\"article:modified_time\" content=\"2025-02-08T16:15:44+00:00\" \/>\n<meta property=\"og:image\" content=\"https:\/\/kunmedierne.dk\/mors\/wp-content\/uploads\/2025\/02\/Caspar-Ryttergaard-foto-per-bille.jpg\" \/>\n<meta name=\"author\" content=\"David H\u00f8jmark\" \/>\n<meta name=\"twitter:card\" content=\"summary_large_image\" \/>\n<meta name=\"twitter:label1\" content=\"Skrevet af\" \/>\n\t<meta name=\"twitter:data1\" content=\"David H\u00f8jmark\" \/>\n\t<meta name=\"twitter:label2\" content=\"Estimeret l\u00e6setid\" \/>\n\t<meta name=\"twitter:data2\" content=\"9 minutter\" \/>\n<script type=\"application\/ld+json\" class=\"yoast-schema-graph\">{\"@context\":\"https:\/\/schema.org\",\"@graph\":[{\"@type\":\"Article\",\"@id\":\"https:\/\/kunmedierne.dk\/mors\/et-halvt-aar-foer-nummer-13-kulturmoedet-er-et-godt-sted\/#article\",\"isPartOf\":{\"@id\":\"https:\/\/kunmedierne.dk\/mors\/et-halvt-aar-foer-nummer-13-kulturmoedet-er-et-godt-sted\/\"},\"author\":{\"name\":\"David H\u00f8jmark\",\"@id\":\"https:\/\/kunmedierne.dk\/mors\/#\/schema\/person\/5fe23251bf1d0abbcdc6f7896579d548\"},\"headline\":\"Et halvt \u00e5r f\u00f8r nummer 13: Kulturm\u00f8det er et godt sted\",\"datePublished\":\"2025-02-08T11:16:12+00:00\",\"dateModified\":\"2025-02-08T16:15:44+00:00\",\"mainEntityOfPage\":{\"@id\":\"https:\/\/kunmedierne.dk\/mors\/et-halvt-aar-foer-nummer-13-kulturmoedet-er-et-godt-sted\/\"},\"wordCount\":1747,\"publisher\":{\"@id\":\"https:\/\/kunmedierne.dk\/mors\/#organization\"},\"image\":{\"@id\":\"https:\/\/kunmedierne.dk\/mors\/et-halvt-aar-foer-nummer-13-kulturmoedet-er-et-godt-sted\/#primaryimage\"},\"thumbnailUrl\":\"https:\/\/kunmedierne.dk\/mors\/wp-content\/uploads\/2025\/02\/Caspar-Ryttergaard-foto-per-bille.jpg\",\"keywords\":[\"Kulturm\u00f8det\"],\"articleSection\":[\"Kultur\"],\"inLanguage\":\"da-DK\"},{\"@type\":\"WebPage\",\"@id\":\"https:\/\/kunmedierne.dk\/mors\/et-halvt-aar-foer-nummer-13-kulturmoedet-er-et-godt-sted\/\",\"url\":\"https:\/\/kunmedierne.dk\/mors\/et-halvt-aar-foer-nummer-13-kulturmoedet-er-et-godt-sted\/\",\"name\":\"Et halvt \u00e5r f\u00f8r nummer 13: Kulturm\u00f8det er et godt sted - Mors\",\"isPartOf\":{\"@id\":\"https:\/\/kunmedierne.dk\/mors\/#website\"},\"primaryImageOfPage\":{\"@id\":\"https:\/\/kunmedierne.dk\/mors\/et-halvt-aar-foer-nummer-13-kulturmoedet-er-et-godt-sted\/#primaryimage\"},\"image\":{\"@id\":\"https:\/\/kunmedierne.dk\/mors\/et-halvt-aar-foer-nummer-13-kulturmoedet-er-et-godt-sted\/#primaryimage\"},\"thumbnailUrl\":\"https:\/\/kunmedierne.dk\/mors\/wp-content\/uploads\/2025\/02\/Caspar-Ryttergaard-foto-per-bille.jpg\",\"datePublished\":\"2025-02-08T11:16:12+00:00\",\"dateModified\":\"2025-02-08T16:15:44+00:00\",\"breadcrumb\":{\"@id\":\"https:\/\/kunmedierne.dk\/mors\/et-halvt-aar-foer-nummer-13-kulturmoedet-er-et-godt-sted\/#breadcrumb\"},\"inLanguage\":\"da-DK\",\"potentialAction\":[{\"@type\":\"ReadAction\",\"target\":[\"https:\/\/kunmedierne.dk\/mors\/et-halvt-aar-foer-nummer-13-kulturmoedet-er-et-godt-sted\/\"]}]},{\"@type\":\"ImageObject\",\"inLanguage\":\"da-DK\",\"@id\":\"https:\/\/kunmedierne.dk\/mors\/et-halvt-aar-foer-nummer-13-kulturmoedet-er-et-godt-sted\/#primaryimage\",\"url\":\"https:\/\/kunmedierne.dk\/mors\/wp-content\/uploads\/2025\/02\/Caspar-Ryttergaard-foto-per-bille.jpg\",\"contentUrl\":\"https:\/\/kunmedierne.dk\/mors\/wp-content\/uploads\/2025\/02\/Caspar-Ryttergaard-foto-per-bille.jpg\",\"width\":1232,\"height\":821},{\"@type\":\"BreadcrumbList\",\"@id\":\"https:\/\/kunmedierne.dk\/mors\/et-halvt-aar-foer-nummer-13-kulturmoedet-er-et-godt-sted\/#breadcrumb\",\"itemListElement\":[{\"@type\":\"ListItem\",\"position\":1,\"name\":\"Hjem\",\"item\":\"https:\/\/kunmedierne.dk\/mors\/\"},{\"@type\":\"ListItem\",\"position\":2,\"name\":\"Et halvt \u00e5r f\u00f8r nummer 13: Kulturm\u00f8det er et godt sted\"}]},{\"@type\":\"WebSite\",\"@id\":\"https:\/\/kunmedierne.dk\/mors\/#website\",\"url\":\"https:\/\/kunmedierne.dk\/mors\/\",\"name\":\"Mors\",\"description\":\"et netmedie med journalistik om livet p\u00e5 Mors\",\"publisher\":{\"@id\":\"https:\/\/kunmedierne.dk\/mors\/#organization\"},\"potentialAction\":[{\"@type\":\"SearchAction\",\"target\":{\"@type\":\"EntryPoint\",\"urlTemplate\":\"https:\/\/kunmedierne.dk\/mors\/?s={search_term_string}\"},\"query-input\":{\"@type\":\"PropertyValueSpecification\",\"valueRequired\":true,\"valueName\":\"search_term_string\"}}],\"inLanguage\":\"da-DK\"},{\"@type\":\"Organization\",\"@id\":\"https:\/\/kunmedierne.dk\/mors\/#organization\",\"name\":\"Mors\",\"url\":\"https:\/\/kunmedierne.dk\/mors\/\",\"logo\":{\"@type\":\"ImageObject\",\"inLanguage\":\"da-DK\",\"@id\":\"https:\/\/kunmedierne.dk\/mors\/#\/schema\/logo\/image\/\",\"url\":\"https:\/\/kunmedierne.dk\/mors\/wp-content\/uploads\/2024\/08\/kunmors-logo.svg\",\"contentUrl\":\"https:\/\/kunmedierne.dk\/mors\/wp-content\/uploads\/2024\/08\/kunmors-logo.svg\",\"caption\":\"Mors\"},\"image\":{\"@id\":\"https:\/\/kunmedierne.dk\/mors\/#\/schema\/logo\/image\/\"}},{\"@type\":\"Person\",\"@id\":\"https:\/\/kunmedierne.dk\/mors\/#\/schema\/person\/5fe23251bf1d0abbcdc6f7896579d548\",\"name\":\"David H\u00f8jmark\",\"image\":{\"@type\":\"ImageObject\",\"inLanguage\":\"da-DK\",\"@id\":\"https:\/\/kunmedierne.dk\/mors\/#\/schema\/person\/image\/\",\"url\":\"https:\/\/secure.gravatar.com\/avatar\/4315d6fb9ef244d729989f5f90268eb08d5bf8a3d84402f595fa194bb35784fd?s=96&d=mm&r=g\",\"contentUrl\":\"https:\/\/secure.gravatar.com\/avatar\/4315d6fb9ef244d729989f5f90268eb08d5bf8a3d84402f595fa194bb35784fd?s=96&d=mm&r=g\",\"caption\":\"David H\u00f8jmark\"},\"sameAs\":[\"https:\/\/www.kunmedierne.dk\"],\"url\":\"https:\/\/kunmedierne.dk\/mors\/author\/david\/\"}]}<\/script>\n<!-- \/ Yoast SEO plugin. -->","yoast_head_json":{"title":"Et halvt \u00e5r f\u00f8r nummer 13: Kulturm\u00f8det er et godt sted - Mors","robots":{"index":"index","follow":"follow","max-snippet":"max-snippet:-1","max-image-preview":"max-image-preview:large","max-video-preview":"max-video-preview:-1"},"canonical":"https:\/\/kunmedierne.dk\/mors\/et-halvt-aar-foer-nummer-13-kulturmoedet-er-et-godt-sted\/","og_locale":"da_DK","og_type":"article","og_title":"Et halvt \u00e5r f\u00f8r nummer 13: Kulturm\u00f8det er et godt sted - Mors","og_description":"KULTURM\u00d8DET: Seks m\u00e5neder og et par uger. S\u00e5 lang tid skal du vente, f\u00f8r Mors igen danner ramme om en national kulturbegivenhed, der \u00e5r efter \u00e5r synes at udvikle sig. M\u00e5ske ikke s\u00e5 meget i volumen, men s\u00e5 i hvert fald i indhold og karakter, hvilket den seneste tid har givet klare eksempler p\u00e5. Det [&hellip;]","og_url":"https:\/\/kunmedierne.dk\/mors\/et-halvt-aar-foer-nummer-13-kulturmoedet-er-et-godt-sted\/","og_site_name":"Mors","article_published_time":"2025-02-08T11:16:12+00:00","article_modified_time":"2025-02-08T16:15:44+00:00","og_image":[{"url":"https:\/\/kunmedierne.dk\/mors\/wp-content\/uploads\/2025\/02\/Caspar-Ryttergaard-foto-per-bille.jpg","type":"","width":"","height":""}],"author":"David H\u00f8jmark","twitter_card":"summary_large_image","twitter_misc":{"Skrevet af":"David H\u00f8jmark","Estimeret l\u00e6setid":"9 minutter"},"schema":{"@context":"https:\/\/schema.org","@graph":[{"@type":"Article","@id":"https:\/\/kunmedierne.dk\/mors\/et-halvt-aar-foer-nummer-13-kulturmoedet-er-et-godt-sted\/#article","isPartOf":{"@id":"https:\/\/kunmedierne.dk\/mors\/et-halvt-aar-foer-nummer-13-kulturmoedet-er-et-godt-sted\/"},"author":{"name":"David H\u00f8jmark","@id":"https:\/\/kunmedierne.dk\/mors\/#\/schema\/person\/5fe23251bf1d0abbcdc6f7896579d548"},"headline":"Et halvt \u00e5r f\u00f8r nummer 13: Kulturm\u00f8det er et godt sted","datePublished":"2025-02-08T11:16:12+00:00","dateModified":"2025-02-08T16:15:44+00:00","mainEntityOfPage":{"@id":"https:\/\/kunmedierne.dk\/mors\/et-halvt-aar-foer-nummer-13-kulturmoedet-er-et-godt-sted\/"},"wordCount":1747,"publisher":{"@id":"https:\/\/kunmedierne.dk\/mors\/#organization"},"image":{"@id":"https:\/\/kunmedierne.dk\/mors\/et-halvt-aar-foer-nummer-13-kulturmoedet-er-et-godt-sted\/#primaryimage"},"thumbnailUrl":"https:\/\/kunmedierne.dk\/mors\/wp-content\/uploads\/2025\/02\/Caspar-Ryttergaard-foto-per-bille.jpg","keywords":["Kulturm\u00f8det"],"articleSection":["Kultur"],"inLanguage":"da-DK"},{"@type":"WebPage","@id":"https:\/\/kunmedierne.dk\/mors\/et-halvt-aar-foer-nummer-13-kulturmoedet-er-et-godt-sted\/","url":"https:\/\/kunmedierne.dk\/mors\/et-halvt-aar-foer-nummer-13-kulturmoedet-er-et-godt-sted\/","name":"Et halvt \u00e5r f\u00f8r nummer 13: Kulturm\u00f8det er et godt sted - Mors","isPartOf":{"@id":"https:\/\/kunmedierne.dk\/mors\/#website"},"primaryImageOfPage":{"@id":"https:\/\/kunmedierne.dk\/mors\/et-halvt-aar-foer-nummer-13-kulturmoedet-er-et-godt-sted\/#primaryimage"},"image":{"@id":"https:\/\/kunmedierne.dk\/mors\/et-halvt-aar-foer-nummer-13-kulturmoedet-er-et-godt-sted\/#primaryimage"},"thumbnailUrl":"https:\/\/kunmedierne.dk\/mors\/wp-content\/uploads\/2025\/02\/Caspar-Ryttergaard-foto-per-bille.jpg","datePublished":"2025-02-08T11:16:12+00:00","dateModified":"2025-02-08T16:15:44+00:00","breadcrumb":{"@id":"https:\/\/kunmedierne.dk\/mors\/et-halvt-aar-foer-nummer-13-kulturmoedet-er-et-godt-sted\/#breadcrumb"},"inLanguage":"da-DK","potentialAction":[{"@type":"ReadAction","target":["https:\/\/kunmedierne.dk\/mors\/et-halvt-aar-foer-nummer-13-kulturmoedet-er-et-godt-sted\/"]}]},{"@type":"ImageObject","inLanguage":"da-DK","@id":"https:\/\/kunmedierne.dk\/mors\/et-halvt-aar-foer-nummer-13-kulturmoedet-er-et-godt-sted\/#primaryimage","url":"https:\/\/kunmedierne.dk\/mors\/wp-content\/uploads\/2025\/02\/Caspar-Ryttergaard-foto-per-bille.jpg","contentUrl":"https:\/\/kunmedierne.dk\/mors\/wp-content\/uploads\/2025\/02\/Caspar-Ryttergaard-foto-per-bille.jpg","width":1232,"height":821},{"@type":"BreadcrumbList","@id":"https:\/\/kunmedierne.dk\/mors\/et-halvt-aar-foer-nummer-13-kulturmoedet-er-et-godt-sted\/#breadcrumb","itemListElement":[{"@type":"ListItem","position":1,"name":"Hjem","item":"https:\/\/kunmedierne.dk\/mors\/"},{"@type":"ListItem","position":2,"name":"Et halvt \u00e5r f\u00f8r nummer 13: Kulturm\u00f8det er et godt sted"}]},{"@type":"WebSite","@id":"https:\/\/kunmedierne.dk\/mors\/#website","url":"https:\/\/kunmedierne.dk\/mors\/","name":"Mors","description":"et netmedie med journalistik om livet p\u00e5 Mors","publisher":{"@id":"https:\/\/kunmedierne.dk\/mors\/#organization"},"potentialAction":[{"@type":"SearchAction","target":{"@type":"EntryPoint","urlTemplate":"https:\/\/kunmedierne.dk\/mors\/?s={search_term_string}"},"query-input":{"@type":"PropertyValueSpecification","valueRequired":true,"valueName":"search_term_string"}}],"inLanguage":"da-DK"},{"@type":"Organization","@id":"https:\/\/kunmedierne.dk\/mors\/#organization","name":"Mors","url":"https:\/\/kunmedierne.dk\/mors\/","logo":{"@type":"ImageObject","inLanguage":"da-DK","@id":"https:\/\/kunmedierne.dk\/mors\/#\/schema\/logo\/image\/","url":"https:\/\/kunmedierne.dk\/mors\/wp-content\/uploads\/2024\/08\/kunmors-logo.svg","contentUrl":"https:\/\/kunmedierne.dk\/mors\/wp-content\/uploads\/2024\/08\/kunmors-logo.svg","caption":"Mors"},"image":{"@id":"https:\/\/kunmedierne.dk\/mors\/#\/schema\/logo\/image\/"}},{"@type":"Person","@id":"https:\/\/kunmedierne.dk\/mors\/#\/schema\/person\/5fe23251bf1d0abbcdc6f7896579d548","name":"David H\u00f8jmark","image":{"@type":"ImageObject","inLanguage":"da-DK","@id":"https:\/\/kunmedierne.dk\/mors\/#\/schema\/person\/image\/","url":"https:\/\/secure.gravatar.com\/avatar\/4315d6fb9ef244d729989f5f90268eb08d5bf8a3d84402f595fa194bb35784fd?s=96&d=mm&r=g","contentUrl":"https:\/\/secure.gravatar.com\/avatar\/4315d6fb9ef244d729989f5f90268eb08d5bf8a3d84402f595fa194bb35784fd?s=96&d=mm&r=g","caption":"David H\u00f8jmark"},"sameAs":["https:\/\/www.kunmedierne.dk"],"url":"https:\/\/kunmedierne.dk\/mors\/author\/david\/"}]}},"_links":{"self":[{"href":"https:\/\/kunmedierne.dk\/mors\/wp-json\/wp\/v2\/posts\/138304","targetHints":{"allow":["GET"]}}],"collection":[{"href":"https:\/\/kunmedierne.dk\/mors\/wp-json\/wp\/v2\/posts"}],"about":[{"href":"https:\/\/kunmedierne.dk\/mors\/wp-json\/wp\/v2\/types\/post"}],"author":[{"embeddable":true,"href":"https:\/\/kunmedierne.dk\/mors\/wp-json\/wp\/v2\/users\/8"}],"replies":[{"embeddable":true,"href":"https:\/\/kunmedierne.dk\/mors\/wp-json\/wp\/v2\/comments?post=138304"}],"version-history":[{"count":12,"href":"https:\/\/kunmedierne.dk\/mors\/wp-json\/wp\/v2\/posts\/138304\/revisions"}],"predecessor-version":[{"id":138765,"href":"https:\/\/kunmedierne.dk\/mors\/wp-json\/wp\/v2\/posts\/138304\/revisions\/138765"}],"wp:attachment":[{"href":"https:\/\/kunmedierne.dk\/mors\/wp-json\/wp\/v2\/media?parent=138304"}],"wp:term":[{"taxonomy":"category","embeddable":true,"href":"https:\/\/kunmedierne.dk\/mors\/wp-json\/wp\/v2\/categories?post=138304"},{"taxonomy":"post_tag","embeddable":true,"href":"https:\/\/kunmedierne.dk\/mors\/wp-json\/wp\/v2\/tags?post=138304"}],"curies":[{"name":"wp","href":"https:\/\/api.w.org\/{rel}","templated":true}]}}