{"id":138008,"date":"2025-01-29T20:15:23","date_gmt":"2025-01-29T19:15:23","guid":{"rendered":"https:\/\/kunmedierne.dk\/mors\/?p=138008"},"modified":"2025-01-29T20:19:37","modified_gmt":"2025-01-29T19:19:37","slug":"det-obelske-familiefond-giver-kulturmoedet-langsigtet-stoette","status":"publish","type":"post","link":"https:\/\/kunmedierne.dk\/mors\/det-obelske-familiefond-giver-kulturmoedet-langsigtet-stoette\/","title":{"rendered":"Det Obelske Familiefond giver Kulturm\u00f8det langsigtet st\u00f8tte\u00a0"},"content":{"rendered":"<p class=\"v1elementToProof\"><strong>KULTURM\u00d8DET<\/strong>: En gener\u00f8s st\u00f8tte og et vigtigt skridt i ambitionen at udvikle Kulturm\u00f8det Mors som en central platform for kulturel dialog og kunstnerisk udfoldelse i Danmark.<\/p>\n<p class=\"v1elementToProof\">S\u00e5dan beskriver Kulturm\u00f8det den nyhed, den lokale og p\u00e5 samme tid nationale k\u00e6mpeevent i dag har pr\u00e6senteret. Med et forl\u00e6nget samarbejde med Det Obelske Familiefond kan man forts\u00e6tte den v\u00e6kst, der i de senere \u00e5r har v\u00e6ret synlig p\u00e5 s\u00e5vel antallet af publikummer som scener samt p\u00e5 det \u00f8gede behov for\u00a0overnatning og flere organisationers \u00f8nske om at v\u00e6re en del af Kulturm\u00f8det.<\/p>\n<p class=\"v1elementToProof\">&#8220;Alt sammen er positivt og en del af en helt naturlig konsekvens af de seneste \u00e5rs strategiske udvikling. Men det stiller ogs\u00e5 nye krav til organisationen,&#8221; lyder det fra Kulturm\u00f8det Mors, som citerer direkt\u00f8r Caspar Ryttergaard for stor begejstring over det nye samarbejde.<\/p>\n<a class=\"dvrt-link\" onClick=\"cdmtrack_click(104780,jQuery(this));return false\" href=\"https:\/\/www.spard.dk\/\"><img decoding=\"async\" style=\"width:100%;\" src=\"https:\/\/kunmedierne.dk\/mors\/wp-content\/uploads\/2023\/12\/sparekassen-dk-maj25.gif\"><\/a><script>cdmtrack_view(104780);<\/script>\n<p>&#8211; Vi er dybt taknemmelige for Det Obelske Familiefonds st\u00f8tte. Det er en anerkendelse af Kulturm\u00f8det som en vigtig national begivenhed, og det giver os mulighed for at styrke og udvikle vores platform. Det Obelske Familiefond er med til at sikre en b\u00e6redygtig udvikling de kommende \u00e5r for Kulturm\u00f8det, hvor vi kan im\u00f8dekomme den v\u00e6kst, vi i \u00f8jeblikket oplever, men samtidig holder fast i vores kerne &#8211; at v\u00e6re samlingspunkt og platform for den danske kunst- og kulturbranche, og et m\u00f8dested, hvor finkultur og folkelighed m\u00f8des. At vi kan blive ved med at pr\u00e6sentere et kvalitetsprogram, som helt almindeligt nysgerrige borgere og branchen tiltr\u00e6kkes af, samtidigt med at vores t\u00e5rnh\u00f8je samlede publikumstilfredshed og kvaliteten af Kulturm\u00f8det ikke daler, siger han.<\/p>\n<p>Det Obelske Familiefond har i 2024 fokuseret sin st\u00f8tte i Nordjylland, s\u00e5 den nu udelukkende er rettet mod kulturelle og sociale fyrt\u00e5rnsinstitutioner, der udm\u00e6rker sig og f\u00f8rer an i udviklingen af landsdelen. Med denne langsigtede aftale understreger fondet sin dedikation til at sikre b\u00e5de v\u00e6ksten og den b\u00e6redygtige udvikling af Kulturm\u00f8det.<\/p>\n<a class=\"dvrt-link\" onClick=\"cdmtrack_click(104781,jQuery(this));return false\" href=\"https:\/\/www.fmspks.dk\/\"><img decoding=\"async\" style=\"width:100%;\" src=\"https:\/\/kunmedierne.dk\/mors\/wp-content\/uploads\/2022\/02\/vip-froeslev-mollerup-sparekasse.jpg\"><\/a><script>cdmtrack_view(104781);<\/script>\n<p>Omr\u00e5dechef i Det Obelske Familiefond Peter Larsen udtaler:<\/p>\n<p><i>&#8211; <\/i>Kulturm\u00f8det spiller en helt s\u00e6rlig rolle som en platform for dialog og refleksion om kunst og kulturens betydning i vores samfund. Det er et samlingspunkt, der form\u00e5r at engagere b\u00e5de kunstnere, debatt\u00f8rer og borgere p\u00e5 tv\u00e6rs af landet, og som samtidig har st\u00e6rke r\u00f8dder i Nordjylland. Vi har valgt at st\u00f8tte Kulturm\u00f8det over de n\u00e6ste fem \u00e5r, fordi vi ser et stort potentiale for at udvikle det yderligere som en national begivenhed. Vores st\u00f8tte skal bidrage til at sikre, at denne vigtige platform kan vokse og inspirere endnu flere mennesker b\u00e5de lokalt og nationalt.<\/p>\n<p>KunMors har v\u00e6ret i kontakt med Casper Ryttergaard for et interview om status lige nu med cirka et halvt \u00e5r til n\u00e6ste udgave af Kulturm\u00f8det Mors. Resultatet af det kan du l\u00e6se en af de kommende dage p\u00e5 KunMors.<\/p>\n","protected":false},"excerpt":{"rendered":"<p>KULTURM\u00d8DET: En gener\u00f8s st\u00f8tte og et vigtigt skridt i ambitionen at udvikle Kulturm\u00f8det Mors som en central platform for kulturel dialog og kunstnerisk udfoldelse i Danmark. S\u00e5dan beskriver Kulturm\u00f8det den nyhed, den lokale og p\u00e5 samme tid nationale k\u00e6mpeevent i dag har pr\u00e6senteret. Med et forl\u00e6nget samarbejde med Det Obelske Familiefond kan man forts\u00e6tte den [&hellip;]<\/p>\n","protected":false},"author":8,"featured_media":0,"comment_status":"closed","ping_status":"closed","sticky":false,"template":"","format":"standard","meta":{"_acf_changed":false,"footnotes":""},"categories":[49],"tags":[162],"class_list":["post-138008","post","type-post","status-publish","format-standard","hentry","category-kultur","tag-kulturmoedet"],"acf":[],"yoast_head":"<!-- This site is optimized with the Yoast SEO plugin v26.8 - https:\/\/yoast.com\/product\/yoast-seo-wordpress\/ -->\n<title>Det Obelske Familiefond giver Kulturm\u00f8det langsigtet st\u00f8tte\u00a0 - Mors<\/title>\n<meta name=\"robots\" content=\"index, follow, max-snippet:-1, max-image-preview:large, max-video-preview:-1\" \/>\n<link rel=\"canonical\" href=\"https:\/\/kunmedierne.dk\/mors\/det-obelske-familiefond-giver-kulturmoedet-langsigtet-stoette\/\" \/>\n<meta property=\"og:locale\" content=\"da_DK\" \/>\n<meta property=\"og:type\" content=\"article\" \/>\n<meta property=\"og:title\" content=\"Det Obelske Familiefond giver Kulturm\u00f8det langsigtet st\u00f8tte\u00a0 - Mors\" \/>\n<meta property=\"og:description\" content=\"KULTURM\u00d8DET: En gener\u00f8s st\u00f8tte og et vigtigt skridt i ambitionen at udvikle Kulturm\u00f8det Mors som en central platform for kulturel dialog og kunstnerisk udfoldelse i Danmark. S\u00e5dan beskriver Kulturm\u00f8det den nyhed, den lokale og p\u00e5 samme tid nationale k\u00e6mpeevent i dag har pr\u00e6senteret. Med et forl\u00e6nget samarbejde med Det Obelske Familiefond kan man forts\u00e6tte den [&hellip;]\" \/>\n<meta property=\"og:url\" content=\"https:\/\/kunmedierne.dk\/mors\/det-obelske-familiefond-giver-kulturmoedet-langsigtet-stoette\/\" \/>\n<meta property=\"og:site_name\" content=\"Mors\" \/>\n<meta property=\"article:published_time\" content=\"2025-01-29T19:15:23+00:00\" \/>\n<meta property=\"article:modified_time\" content=\"2025-01-29T19:19:37+00:00\" \/>\n<meta name=\"author\" content=\"David H\u00f8jmark\" \/>\n<meta name=\"twitter:card\" content=\"summary_large_image\" \/>\n<meta name=\"twitter:label1\" content=\"Skrevet af\" \/>\n\t<meta name=\"twitter:data1\" content=\"David H\u00f8jmark\" \/>\n\t<meta name=\"twitter:label2\" content=\"Estimeret l\u00e6setid\" \/>\n\t<meta name=\"twitter:data2\" content=\"3 minutter\" \/>\n<script type=\"application\/ld+json\" class=\"yoast-schema-graph\">{\"@context\":\"https:\/\/schema.org\",\"@graph\":[{\"@type\":\"Article\",\"@id\":\"https:\/\/kunmedierne.dk\/mors\/det-obelske-familiefond-giver-kulturmoedet-langsigtet-stoette\/#article\",\"isPartOf\":{\"@id\":\"https:\/\/kunmedierne.dk\/mors\/det-obelske-familiefond-giver-kulturmoedet-langsigtet-stoette\/\"},\"author\":{\"name\":\"David H\u00f8jmark\",\"@id\":\"https:\/\/kunmedierne.dk\/mors\/#\/schema\/person\/5fe23251bf1d0abbcdc6f7896579d548\"},\"headline\":\"Det Obelske Familiefond giver Kulturm\u00f8det langsigtet st\u00f8tte\u00a0\",\"datePublished\":\"2025-01-29T19:15:23+00:00\",\"dateModified\":\"2025-01-29T19:19:37+00:00\",\"mainEntityOfPage\":{\"@id\":\"https:\/\/kunmedierne.dk\/mors\/det-obelske-familiefond-giver-kulturmoedet-langsigtet-stoette\/\"},\"wordCount\":514,\"publisher\":{\"@id\":\"https:\/\/kunmedierne.dk\/mors\/#organization\"},\"keywords\":[\"Kulturm\u00f8det\"],\"articleSection\":[\"Kultur\"],\"inLanguage\":\"da-DK\"},{\"@type\":\"WebPage\",\"@id\":\"https:\/\/kunmedierne.dk\/mors\/det-obelske-familiefond-giver-kulturmoedet-langsigtet-stoette\/\",\"url\":\"https:\/\/kunmedierne.dk\/mors\/det-obelske-familiefond-giver-kulturmoedet-langsigtet-stoette\/\",\"name\":\"Det Obelske Familiefond giver Kulturm\u00f8det langsigtet st\u00f8tte\u00a0 - Mors\",\"isPartOf\":{\"@id\":\"https:\/\/kunmedierne.dk\/mors\/#website\"},\"datePublished\":\"2025-01-29T19:15:23+00:00\",\"dateModified\":\"2025-01-29T19:19:37+00:00\",\"breadcrumb\":{\"@id\":\"https:\/\/kunmedierne.dk\/mors\/det-obelske-familiefond-giver-kulturmoedet-langsigtet-stoette\/#breadcrumb\"},\"inLanguage\":\"da-DK\",\"potentialAction\":[{\"@type\":\"ReadAction\",\"target\":[\"https:\/\/kunmedierne.dk\/mors\/det-obelske-familiefond-giver-kulturmoedet-langsigtet-stoette\/\"]}]},{\"@type\":\"BreadcrumbList\",\"@id\":\"https:\/\/kunmedierne.dk\/mors\/det-obelske-familiefond-giver-kulturmoedet-langsigtet-stoette\/#breadcrumb\",\"itemListElement\":[{\"@type\":\"ListItem\",\"position\":1,\"name\":\"Hjem\",\"item\":\"https:\/\/kunmedierne.dk\/mors\/\"},{\"@type\":\"ListItem\",\"position\":2,\"name\":\"Det Obelske Familiefond giver Kulturm\u00f8det langsigtet st\u00f8tte\u00a0\"}]},{\"@type\":\"WebSite\",\"@id\":\"https:\/\/kunmedierne.dk\/mors\/#website\",\"url\":\"https:\/\/kunmedierne.dk\/mors\/\",\"name\":\"Mors\",\"description\":\"et netmedie med journalistik om livet p\u00e5 Mors\",\"publisher\":{\"@id\":\"https:\/\/kunmedierne.dk\/mors\/#organization\"},\"potentialAction\":[{\"@type\":\"SearchAction\",\"target\":{\"@type\":\"EntryPoint\",\"urlTemplate\":\"https:\/\/kunmedierne.dk\/mors\/?s={search_term_string}\"},\"query-input\":{\"@type\":\"PropertyValueSpecification\",\"valueRequired\":true,\"valueName\":\"search_term_string\"}}],\"inLanguage\":\"da-DK\"},{\"@type\":\"Organization\",\"@id\":\"https:\/\/kunmedierne.dk\/mors\/#organization\",\"name\":\"Mors\",\"url\":\"https:\/\/kunmedierne.dk\/mors\/\",\"logo\":{\"@type\":\"ImageObject\",\"inLanguage\":\"da-DK\",\"@id\":\"https:\/\/kunmedierne.dk\/mors\/#\/schema\/logo\/image\/\",\"url\":\"https:\/\/kunmedierne.dk\/mors\/wp-content\/uploads\/2024\/08\/kunmors-logo.svg\",\"contentUrl\":\"https:\/\/kunmedierne.dk\/mors\/wp-content\/uploads\/2024\/08\/kunmors-logo.svg\",\"caption\":\"Mors\"},\"image\":{\"@id\":\"https:\/\/kunmedierne.dk\/mors\/#\/schema\/logo\/image\/\"}},{\"@type\":\"Person\",\"@id\":\"https:\/\/kunmedierne.dk\/mors\/#\/schema\/person\/5fe23251bf1d0abbcdc6f7896579d548\",\"name\":\"David H\u00f8jmark\",\"image\":{\"@type\":\"ImageObject\",\"inLanguage\":\"da-DK\",\"@id\":\"https:\/\/kunmedierne.dk\/mors\/#\/schema\/person\/image\/\",\"url\":\"https:\/\/secure.gravatar.com\/avatar\/4315d6fb9ef244d729989f5f90268eb08d5bf8a3d84402f595fa194bb35784fd?s=96&d=mm&r=g\",\"contentUrl\":\"https:\/\/secure.gravatar.com\/avatar\/4315d6fb9ef244d729989f5f90268eb08d5bf8a3d84402f595fa194bb35784fd?s=96&d=mm&r=g\",\"caption\":\"David H\u00f8jmark\"},\"sameAs\":[\"https:\/\/www.kunmedierne.dk\"],\"url\":\"https:\/\/kunmedierne.dk\/mors\/author\/david\/\"}]}<\/script>\n<!-- \/ Yoast SEO plugin. -->","yoast_head_json":{"title":"Det Obelske Familiefond giver Kulturm\u00f8det langsigtet st\u00f8tte\u00a0 - Mors","robots":{"index":"index","follow":"follow","max-snippet":"max-snippet:-1","max-image-preview":"max-image-preview:large","max-video-preview":"max-video-preview:-1"},"canonical":"https:\/\/kunmedierne.dk\/mors\/det-obelske-familiefond-giver-kulturmoedet-langsigtet-stoette\/","og_locale":"da_DK","og_type":"article","og_title":"Det Obelske Familiefond giver Kulturm\u00f8det langsigtet st\u00f8tte\u00a0 - Mors","og_description":"KULTURM\u00d8DET: En gener\u00f8s st\u00f8tte og et vigtigt skridt i ambitionen at udvikle Kulturm\u00f8det Mors som en central platform for kulturel dialog og kunstnerisk udfoldelse i Danmark. S\u00e5dan beskriver Kulturm\u00f8det den nyhed, den lokale og p\u00e5 samme tid nationale k\u00e6mpeevent i dag har pr\u00e6senteret. Med et forl\u00e6nget samarbejde med Det Obelske Familiefond kan man forts\u00e6tte den [&hellip;]","og_url":"https:\/\/kunmedierne.dk\/mors\/det-obelske-familiefond-giver-kulturmoedet-langsigtet-stoette\/","og_site_name":"Mors","article_published_time":"2025-01-29T19:15:23+00:00","article_modified_time":"2025-01-29T19:19:37+00:00","author":"David H\u00f8jmark","twitter_card":"summary_large_image","twitter_misc":{"Skrevet af":"David H\u00f8jmark","Estimeret l\u00e6setid":"3 minutter"},"schema":{"@context":"https:\/\/schema.org","@graph":[{"@type":"Article","@id":"https:\/\/kunmedierne.dk\/mors\/det-obelske-familiefond-giver-kulturmoedet-langsigtet-stoette\/#article","isPartOf":{"@id":"https:\/\/kunmedierne.dk\/mors\/det-obelske-familiefond-giver-kulturmoedet-langsigtet-stoette\/"},"author":{"name":"David H\u00f8jmark","@id":"https:\/\/kunmedierne.dk\/mors\/#\/schema\/person\/5fe23251bf1d0abbcdc6f7896579d548"},"headline":"Det Obelske Familiefond giver Kulturm\u00f8det langsigtet st\u00f8tte\u00a0","datePublished":"2025-01-29T19:15:23+00:00","dateModified":"2025-01-29T19:19:37+00:00","mainEntityOfPage":{"@id":"https:\/\/kunmedierne.dk\/mors\/det-obelske-familiefond-giver-kulturmoedet-langsigtet-stoette\/"},"wordCount":514,"publisher":{"@id":"https:\/\/kunmedierne.dk\/mors\/#organization"},"keywords":["Kulturm\u00f8det"],"articleSection":["Kultur"],"inLanguage":"da-DK"},{"@type":"WebPage","@id":"https:\/\/kunmedierne.dk\/mors\/det-obelske-familiefond-giver-kulturmoedet-langsigtet-stoette\/","url":"https:\/\/kunmedierne.dk\/mors\/det-obelske-familiefond-giver-kulturmoedet-langsigtet-stoette\/","name":"Det Obelske Familiefond giver Kulturm\u00f8det langsigtet st\u00f8tte\u00a0 - Mors","isPartOf":{"@id":"https:\/\/kunmedierne.dk\/mors\/#website"},"datePublished":"2025-01-29T19:15:23+00:00","dateModified":"2025-01-29T19:19:37+00:00","breadcrumb":{"@id":"https:\/\/kunmedierne.dk\/mors\/det-obelske-familiefond-giver-kulturmoedet-langsigtet-stoette\/#breadcrumb"},"inLanguage":"da-DK","potentialAction":[{"@type":"ReadAction","target":["https:\/\/kunmedierne.dk\/mors\/det-obelske-familiefond-giver-kulturmoedet-langsigtet-stoette\/"]}]},{"@type":"BreadcrumbList","@id":"https:\/\/kunmedierne.dk\/mors\/det-obelske-familiefond-giver-kulturmoedet-langsigtet-stoette\/#breadcrumb","itemListElement":[{"@type":"ListItem","position":1,"name":"Hjem","item":"https:\/\/kunmedierne.dk\/mors\/"},{"@type":"ListItem","position":2,"name":"Det Obelske Familiefond giver Kulturm\u00f8det langsigtet st\u00f8tte\u00a0"}]},{"@type":"WebSite","@id":"https:\/\/kunmedierne.dk\/mors\/#website","url":"https:\/\/kunmedierne.dk\/mors\/","name":"Mors","description":"et netmedie med journalistik om livet p\u00e5 Mors","publisher":{"@id":"https:\/\/kunmedierne.dk\/mors\/#organization"},"potentialAction":[{"@type":"SearchAction","target":{"@type":"EntryPoint","urlTemplate":"https:\/\/kunmedierne.dk\/mors\/?s={search_term_string}"},"query-input":{"@type":"PropertyValueSpecification","valueRequired":true,"valueName":"search_term_string"}}],"inLanguage":"da-DK"},{"@type":"Organization","@id":"https:\/\/kunmedierne.dk\/mors\/#organization","name":"Mors","url":"https:\/\/kunmedierne.dk\/mors\/","logo":{"@type":"ImageObject","inLanguage":"da-DK","@id":"https:\/\/kunmedierne.dk\/mors\/#\/schema\/logo\/image\/","url":"https:\/\/kunmedierne.dk\/mors\/wp-content\/uploads\/2024\/08\/kunmors-logo.svg","contentUrl":"https:\/\/kunmedierne.dk\/mors\/wp-content\/uploads\/2024\/08\/kunmors-logo.svg","caption":"Mors"},"image":{"@id":"https:\/\/kunmedierne.dk\/mors\/#\/schema\/logo\/image\/"}},{"@type":"Person","@id":"https:\/\/kunmedierne.dk\/mors\/#\/schema\/person\/5fe23251bf1d0abbcdc6f7896579d548","name":"David H\u00f8jmark","image":{"@type":"ImageObject","inLanguage":"da-DK","@id":"https:\/\/kunmedierne.dk\/mors\/#\/schema\/person\/image\/","url":"https:\/\/secure.gravatar.com\/avatar\/4315d6fb9ef244d729989f5f90268eb08d5bf8a3d84402f595fa194bb35784fd?s=96&d=mm&r=g","contentUrl":"https:\/\/secure.gravatar.com\/avatar\/4315d6fb9ef244d729989f5f90268eb08d5bf8a3d84402f595fa194bb35784fd?s=96&d=mm&r=g","caption":"David H\u00f8jmark"},"sameAs":["https:\/\/www.kunmedierne.dk"],"url":"https:\/\/kunmedierne.dk\/mors\/author\/david\/"}]}},"_links":{"self":[{"href":"https:\/\/kunmedierne.dk\/mors\/wp-json\/wp\/v2\/posts\/138008","targetHints":{"allow":["GET"]}}],"collection":[{"href":"https:\/\/kunmedierne.dk\/mors\/wp-json\/wp\/v2\/posts"}],"about":[{"href":"https:\/\/kunmedierne.dk\/mors\/wp-json\/wp\/v2\/types\/post"}],"author":[{"embeddable":true,"href":"https:\/\/kunmedierne.dk\/mors\/wp-json\/wp\/v2\/users\/8"}],"replies":[{"embeddable":true,"href":"https:\/\/kunmedierne.dk\/mors\/wp-json\/wp\/v2\/comments?post=138008"}],"version-history":[{"count":1,"href":"https:\/\/kunmedierne.dk\/mors\/wp-json\/wp\/v2\/posts\/138008\/revisions"}],"predecessor-version":[{"id":138011,"href":"https:\/\/kunmedierne.dk\/mors\/wp-json\/wp\/v2\/posts\/138008\/revisions\/138011"}],"wp:attachment":[{"href":"https:\/\/kunmedierne.dk\/mors\/wp-json\/wp\/v2\/media?parent=138008"}],"wp:term":[{"taxonomy":"category","embeddable":true,"href":"https:\/\/kunmedierne.dk\/mors\/wp-json\/wp\/v2\/categories?post=138008"},{"taxonomy":"post_tag","embeddable":true,"href":"https:\/\/kunmedierne.dk\/mors\/wp-json\/wp\/v2\/tags?post=138008"}],"curies":[{"name":"wp","href":"https:\/\/api.w.org\/{rel}","templated":true}]}}