{"id":13798,"date":"2020-03-16T09:06:24","date_gmt":"2020-03-16T08:06:24","guid":{"rendered":"https:\/\/kunmedierne.dk\/mors\/?p=13798"},"modified":"2024-08-12T14:06:20","modified_gmt":"2024-08-12T12:06:20","slug":"det-bliver-dyrt-at-genoprette-havnen-i-sundby","status":"publish","type":"post","link":"https:\/\/kunmedierne.dk\/mors\/det-bliver-dyrt-at-genoprette-havnen-i-sundby\/","title":{"rendered":"Det bliver dyrt at genoprette havnen i Sundby"},"content":{"rendered":"<p><strong>SUNDBY<\/strong>: 2.171.000 kroner.<\/p>\n<p>S\u00e5dan lyder den forventede regning til Mors\u00f8 Kommune for at genoprette havnen i Sundby oven p\u00e5 stormskaderne for fem uger siden.<\/p>\n<p>9. februar rev dele af flydemolen omkring havnen sig l\u00f8s fra fort\u00f8jningerne og fl\u00f8d ind i havnen blandt b\u00e5de og b\u00e5debroerne. Tre af de 20 meter lange og 42 tons tunge flydebroer fik beskadiget fastg\u00f8relsen s\u00e5 meget, at de blev l\u00f8ftet op, og den ene viste sig s\u00e5 beskadiget, at den ikke kunne repareres og derfor er ophugget og fjernet.<\/p>\n<p>Samtidig har der v\u00e6ret sat et omfattende arbejde i gang for at sikre, havnen ikke lider yderligere skade og kan v\u00e6re klar til den nye s\u00e6son.<\/p>\n<p>Og nu er skaderne gjort op, s\u00e5 p\u00e5 sit m\u00f8de i morgen skal Mors\u00f8 Kommunes udvalg for teknik og milj\u00f8 forholde sig til anbefaling om en ekstrabevilling p\u00e5 n\u00e6sten 2,2 millioner kroner til forankring af flydemoler og reetablering af Sundby Havn.<\/p>\n<p>I sagsbeskrivelsen fremg\u00e5r det om de \u00f8konomiske konsekvenser, at de 2.175.000 kroner er anl\u00e6g af havne og derfor kan l\u00e5nefinansieres.<\/p>\n<p>Sundby Havn blev etableret i 2013 med ydermoler lavet som flydemole, best\u00e5ende af syv sammenh\u00e6ngende flydebroer, der blev ensidigt fastholdt p\u00e5 st\u00e5lp\u00e6le.<\/p>\n","protected":false},"excerpt":{"rendered":"<p>SUNDBY: 2.171.000 kroner. S\u00e5dan lyder den forventede regning til Mors\u00f8 Kommune for at genoprette havnen i Sundby oven p\u00e5 stormskaderne for fem uger siden. 9. februar rev dele af flydemolen omkring havnen sig l\u00f8s fra fort\u00f8jningerne og fl\u00f8d ind i havnen blandt b\u00e5de og b\u00e5debroerne. Tre af de 20 meter lange og 42 tons tunge [&hellip;]<\/p>\n","protected":false},"author":8,"featured_media":7080,"comment_status":"open","ping_status":"open","sticky":false,"template":"","format":"standard","meta":{"_acf_changed":false,"footnotes":""},"categories":[51],"tags":[],"class_list":["post-13798","post","type-post","status-publish","format-standard","has-post-thumbnail","hentry","category-lokalt"],"acf":[],"yoast_head":"<!-- This site is optimized with the Yoast SEO plugin v26.8 - https:\/\/yoast.com\/product\/yoast-seo-wordpress\/ -->\n<title>Det bliver dyrt at genoprette havnen i Sundby - Mors<\/title>\n<meta name=\"robots\" content=\"index, follow, max-snippet:-1, max-image-preview:large, max-video-preview:-1\" \/>\n<link rel=\"canonical\" href=\"https:\/\/kunmedierne.dk\/mors\/det-bliver-dyrt-at-genoprette-havnen-i-sundby\/\" \/>\n<meta property=\"og:locale\" content=\"da_DK\" \/>\n<meta property=\"og:type\" content=\"article\" \/>\n<meta property=\"og:title\" content=\"Det bliver dyrt at genoprette havnen i Sundby - Mors\" \/>\n<meta property=\"og:description\" content=\"SUNDBY: 2.171.000 kroner. S\u00e5dan lyder den forventede regning til Mors\u00f8 Kommune for at genoprette havnen i Sundby oven p\u00e5 stormskaderne for fem uger siden. 9. februar rev dele af flydemolen omkring havnen sig l\u00f8s fra fort\u00f8jningerne og fl\u00f8d ind i havnen blandt b\u00e5de og b\u00e5debroerne. Tre af de 20 meter lange og 42 tons tunge [&hellip;]\" \/>\n<meta property=\"og:url\" content=\"https:\/\/kunmedierne.dk\/mors\/det-bliver-dyrt-at-genoprette-havnen-i-sundby\/\" \/>\n<meta property=\"og:site_name\" content=\"Mors\" \/>\n<meta property=\"article:published_time\" content=\"2020-03-16T08:06:24+00:00\" \/>\n<meta property=\"article:modified_time\" content=\"2024-08-12T12:06:20+00:00\" \/>\n<meta property=\"og:image\" content=\"https:\/\/kunmedierne.dk\/mors\/wp-content\/uploads\/2020\/02\/200211-sundby-havn1.jpg\" \/>\n\t<meta property=\"og:image:width\" content=\"770\" \/>\n\t<meta property=\"og:image:height\" content=\"513\" \/>\n\t<meta property=\"og:image:type\" content=\"image\/jpeg\" \/>\n<meta name=\"author\" content=\"David H\u00f8jmark\" \/>\n<meta name=\"twitter:card\" content=\"summary_large_image\" \/>\n<meta name=\"twitter:label1\" content=\"Skrevet af\" \/>\n\t<meta name=\"twitter:data1\" content=\"David H\u00f8jmark\" \/>\n\t<meta name=\"twitter:label2\" content=\"Estimeret l\u00e6setid\" \/>\n\t<meta name=\"twitter:data2\" content=\"1 minut\" \/>\n<script type=\"application\/ld+json\" class=\"yoast-schema-graph\">{\"@context\":\"https:\/\/schema.org\",\"@graph\":[{\"@type\":\"Article\",\"@id\":\"https:\/\/kunmedierne.dk\/mors\/det-bliver-dyrt-at-genoprette-havnen-i-sundby\/#article\",\"isPartOf\":{\"@id\":\"https:\/\/kunmedierne.dk\/mors\/det-bliver-dyrt-at-genoprette-havnen-i-sundby\/\"},\"author\":{\"name\":\"David H\u00f8jmark\",\"@id\":\"https:\/\/kunmedierne.dk\/mors\/#\/schema\/person\/5fe23251bf1d0abbcdc6f7896579d548\"},\"headline\":\"Det bliver dyrt at genoprette havnen i Sundby\",\"datePublished\":\"2020-03-16T08:06:24+00:00\",\"dateModified\":\"2024-08-12T12:06:20+00:00\",\"mainEntityOfPage\":{\"@id\":\"https:\/\/kunmedierne.dk\/mors\/det-bliver-dyrt-at-genoprette-havnen-i-sundby\/\"},\"wordCount\":214,\"commentCount\":0,\"publisher\":{\"@id\":\"https:\/\/kunmedierne.dk\/mors\/#organization\"},\"image\":{\"@id\":\"https:\/\/kunmedierne.dk\/mors\/det-bliver-dyrt-at-genoprette-havnen-i-sundby\/#primaryimage\"},\"thumbnailUrl\":\"https:\/\/kunmedierne.dk\/mors\/wp-content\/uploads\/2020\/02\/200211-sundby-havn1.jpg\",\"articleSection\":[\"Lokalt\"],\"inLanguage\":\"da-DK\",\"potentialAction\":[{\"@type\":\"CommentAction\",\"name\":\"Comment\",\"target\":[\"https:\/\/kunmedierne.dk\/mors\/det-bliver-dyrt-at-genoprette-havnen-i-sundby\/#respond\"]}]},{\"@type\":\"WebPage\",\"@id\":\"https:\/\/kunmedierne.dk\/mors\/det-bliver-dyrt-at-genoprette-havnen-i-sundby\/\",\"url\":\"https:\/\/kunmedierne.dk\/mors\/det-bliver-dyrt-at-genoprette-havnen-i-sundby\/\",\"name\":\"Det bliver dyrt at genoprette havnen i Sundby - Mors\",\"isPartOf\":{\"@id\":\"https:\/\/kunmedierne.dk\/mors\/#website\"},\"primaryImageOfPage\":{\"@id\":\"https:\/\/kunmedierne.dk\/mors\/det-bliver-dyrt-at-genoprette-havnen-i-sundby\/#primaryimage\"},\"image\":{\"@id\":\"https:\/\/kunmedierne.dk\/mors\/det-bliver-dyrt-at-genoprette-havnen-i-sundby\/#primaryimage\"},\"thumbnailUrl\":\"https:\/\/kunmedierne.dk\/mors\/wp-content\/uploads\/2020\/02\/200211-sundby-havn1.jpg\",\"datePublished\":\"2020-03-16T08:06:24+00:00\",\"dateModified\":\"2024-08-12T12:06:20+00:00\",\"breadcrumb\":{\"@id\":\"https:\/\/kunmedierne.dk\/mors\/det-bliver-dyrt-at-genoprette-havnen-i-sundby\/#breadcrumb\"},\"inLanguage\":\"da-DK\",\"potentialAction\":[{\"@type\":\"ReadAction\",\"target\":[\"https:\/\/kunmedierne.dk\/mors\/det-bliver-dyrt-at-genoprette-havnen-i-sundby\/\"]}]},{\"@type\":\"ImageObject\",\"inLanguage\":\"da-DK\",\"@id\":\"https:\/\/kunmedierne.dk\/mors\/det-bliver-dyrt-at-genoprette-havnen-i-sundby\/#primaryimage\",\"url\":\"https:\/\/kunmedierne.dk\/mors\/wp-content\/uploads\/2020\/02\/200211-sundby-havn1.jpg\",\"contentUrl\":\"https:\/\/kunmedierne.dk\/mors\/wp-content\/uploads\/2020\/02\/200211-sundby-havn1.jpg\",\"width\":770,\"height\":513,\"caption\":\"Det ene fort\u00f8jede betonelement. Foto: David H\u00f8jmark.\"},{\"@type\":\"BreadcrumbList\",\"@id\":\"https:\/\/kunmedierne.dk\/mors\/det-bliver-dyrt-at-genoprette-havnen-i-sundby\/#breadcrumb\",\"itemListElement\":[{\"@type\":\"ListItem\",\"position\":1,\"name\":\"Hjem\",\"item\":\"https:\/\/kunmedierne.dk\/mors\/\"},{\"@type\":\"ListItem\",\"position\":2,\"name\":\"Det bliver dyrt at genoprette havnen i Sundby\"}]},{\"@type\":\"WebSite\",\"@id\":\"https:\/\/kunmedierne.dk\/mors\/#website\",\"url\":\"https:\/\/kunmedierne.dk\/mors\/\",\"name\":\"Mors\",\"description\":\"et netmedie med journalistik om livet p\u00e5 Mors\",\"publisher\":{\"@id\":\"https:\/\/kunmedierne.dk\/mors\/#organization\"},\"potentialAction\":[{\"@type\":\"SearchAction\",\"target\":{\"@type\":\"EntryPoint\",\"urlTemplate\":\"https:\/\/kunmedierne.dk\/mors\/?s={search_term_string}\"},\"query-input\":{\"@type\":\"PropertyValueSpecification\",\"valueRequired\":true,\"valueName\":\"search_term_string\"}}],\"inLanguage\":\"da-DK\"},{\"@type\":\"Organization\",\"@id\":\"https:\/\/kunmedierne.dk\/mors\/#organization\",\"name\":\"Mors\",\"url\":\"https:\/\/kunmedierne.dk\/mors\/\",\"logo\":{\"@type\":\"ImageObject\",\"inLanguage\":\"da-DK\",\"@id\":\"https:\/\/kunmedierne.dk\/mors\/#\/schema\/logo\/image\/\",\"url\":\"https:\/\/kunmedierne.dk\/mors\/wp-content\/uploads\/2024\/08\/kunmors-logo.svg\",\"contentUrl\":\"https:\/\/kunmedierne.dk\/mors\/wp-content\/uploads\/2024\/08\/kunmors-logo.svg\",\"caption\":\"Mors\"},\"image\":{\"@id\":\"https:\/\/kunmedierne.dk\/mors\/#\/schema\/logo\/image\/\"}},{\"@type\":\"Person\",\"@id\":\"https:\/\/kunmedierne.dk\/mors\/#\/schema\/person\/5fe23251bf1d0abbcdc6f7896579d548\",\"name\":\"David H\u00f8jmark\",\"image\":{\"@type\":\"ImageObject\",\"inLanguage\":\"da-DK\",\"@id\":\"https:\/\/kunmedierne.dk\/mors\/#\/schema\/person\/image\/\",\"url\":\"https:\/\/secure.gravatar.com\/avatar\/4315d6fb9ef244d729989f5f90268eb08d5bf8a3d84402f595fa194bb35784fd?s=96&d=mm&r=g\",\"contentUrl\":\"https:\/\/secure.gravatar.com\/avatar\/4315d6fb9ef244d729989f5f90268eb08d5bf8a3d84402f595fa194bb35784fd?s=96&d=mm&r=g\",\"caption\":\"David H\u00f8jmark\"},\"sameAs\":[\"https:\/\/www.kunmedierne.dk\"],\"url\":\"https:\/\/kunmedierne.dk\/mors\/author\/david\/\"}]}<\/script>\n<!-- \/ Yoast SEO plugin. -->","yoast_head_json":{"title":"Det bliver dyrt at genoprette havnen i Sundby - Mors","robots":{"index":"index","follow":"follow","max-snippet":"max-snippet:-1","max-image-preview":"max-image-preview:large","max-video-preview":"max-video-preview:-1"},"canonical":"https:\/\/kunmedierne.dk\/mors\/det-bliver-dyrt-at-genoprette-havnen-i-sundby\/","og_locale":"da_DK","og_type":"article","og_title":"Det bliver dyrt at genoprette havnen i Sundby - Mors","og_description":"SUNDBY: 2.171.000 kroner. S\u00e5dan lyder den forventede regning til Mors\u00f8 Kommune for at genoprette havnen i Sundby oven p\u00e5 stormskaderne for fem uger siden. 9. februar rev dele af flydemolen omkring havnen sig l\u00f8s fra fort\u00f8jningerne og fl\u00f8d ind i havnen blandt b\u00e5de og b\u00e5debroerne. Tre af de 20 meter lange og 42 tons tunge [&hellip;]","og_url":"https:\/\/kunmedierne.dk\/mors\/det-bliver-dyrt-at-genoprette-havnen-i-sundby\/","og_site_name":"Mors","article_published_time":"2020-03-16T08:06:24+00:00","article_modified_time":"2024-08-12T12:06:20+00:00","og_image":[{"width":770,"height":513,"url":"https:\/\/kunmedierne.dk\/mors\/wp-content\/uploads\/2020\/02\/200211-sundby-havn1.jpg","type":"image\/jpeg"}],"author":"David H\u00f8jmark","twitter_card":"summary_large_image","twitter_misc":{"Skrevet af":"David H\u00f8jmark","Estimeret l\u00e6setid":"1 minut"},"schema":{"@context":"https:\/\/schema.org","@graph":[{"@type":"Article","@id":"https:\/\/kunmedierne.dk\/mors\/det-bliver-dyrt-at-genoprette-havnen-i-sundby\/#article","isPartOf":{"@id":"https:\/\/kunmedierne.dk\/mors\/det-bliver-dyrt-at-genoprette-havnen-i-sundby\/"},"author":{"name":"David H\u00f8jmark","@id":"https:\/\/kunmedierne.dk\/mors\/#\/schema\/person\/5fe23251bf1d0abbcdc6f7896579d548"},"headline":"Det bliver dyrt at genoprette havnen i Sundby","datePublished":"2020-03-16T08:06:24+00:00","dateModified":"2024-08-12T12:06:20+00:00","mainEntityOfPage":{"@id":"https:\/\/kunmedierne.dk\/mors\/det-bliver-dyrt-at-genoprette-havnen-i-sundby\/"},"wordCount":214,"commentCount":0,"publisher":{"@id":"https:\/\/kunmedierne.dk\/mors\/#organization"},"image":{"@id":"https:\/\/kunmedierne.dk\/mors\/det-bliver-dyrt-at-genoprette-havnen-i-sundby\/#primaryimage"},"thumbnailUrl":"https:\/\/kunmedierne.dk\/mors\/wp-content\/uploads\/2020\/02\/200211-sundby-havn1.jpg","articleSection":["Lokalt"],"inLanguage":"da-DK","potentialAction":[{"@type":"CommentAction","name":"Comment","target":["https:\/\/kunmedierne.dk\/mors\/det-bliver-dyrt-at-genoprette-havnen-i-sundby\/#respond"]}]},{"@type":"WebPage","@id":"https:\/\/kunmedierne.dk\/mors\/det-bliver-dyrt-at-genoprette-havnen-i-sundby\/","url":"https:\/\/kunmedierne.dk\/mors\/det-bliver-dyrt-at-genoprette-havnen-i-sundby\/","name":"Det bliver dyrt at genoprette havnen i Sundby - Mors","isPartOf":{"@id":"https:\/\/kunmedierne.dk\/mors\/#website"},"primaryImageOfPage":{"@id":"https:\/\/kunmedierne.dk\/mors\/det-bliver-dyrt-at-genoprette-havnen-i-sundby\/#primaryimage"},"image":{"@id":"https:\/\/kunmedierne.dk\/mors\/det-bliver-dyrt-at-genoprette-havnen-i-sundby\/#primaryimage"},"thumbnailUrl":"https:\/\/kunmedierne.dk\/mors\/wp-content\/uploads\/2020\/02\/200211-sundby-havn1.jpg","datePublished":"2020-03-16T08:06:24+00:00","dateModified":"2024-08-12T12:06:20+00:00","breadcrumb":{"@id":"https:\/\/kunmedierne.dk\/mors\/det-bliver-dyrt-at-genoprette-havnen-i-sundby\/#breadcrumb"},"inLanguage":"da-DK","potentialAction":[{"@type":"ReadAction","target":["https:\/\/kunmedierne.dk\/mors\/det-bliver-dyrt-at-genoprette-havnen-i-sundby\/"]}]},{"@type":"ImageObject","inLanguage":"da-DK","@id":"https:\/\/kunmedierne.dk\/mors\/det-bliver-dyrt-at-genoprette-havnen-i-sundby\/#primaryimage","url":"https:\/\/kunmedierne.dk\/mors\/wp-content\/uploads\/2020\/02\/200211-sundby-havn1.jpg","contentUrl":"https:\/\/kunmedierne.dk\/mors\/wp-content\/uploads\/2020\/02\/200211-sundby-havn1.jpg","width":770,"height":513,"caption":"Det ene fort\u00f8jede betonelement. Foto: David H\u00f8jmark."},{"@type":"BreadcrumbList","@id":"https:\/\/kunmedierne.dk\/mors\/det-bliver-dyrt-at-genoprette-havnen-i-sundby\/#breadcrumb","itemListElement":[{"@type":"ListItem","position":1,"name":"Hjem","item":"https:\/\/kunmedierne.dk\/mors\/"},{"@type":"ListItem","position":2,"name":"Det bliver dyrt at genoprette havnen i Sundby"}]},{"@type":"WebSite","@id":"https:\/\/kunmedierne.dk\/mors\/#website","url":"https:\/\/kunmedierne.dk\/mors\/","name":"Mors","description":"et netmedie med journalistik om livet p\u00e5 Mors","publisher":{"@id":"https:\/\/kunmedierne.dk\/mors\/#organization"},"potentialAction":[{"@type":"SearchAction","target":{"@type":"EntryPoint","urlTemplate":"https:\/\/kunmedierne.dk\/mors\/?s={search_term_string}"},"query-input":{"@type":"PropertyValueSpecification","valueRequired":true,"valueName":"search_term_string"}}],"inLanguage":"da-DK"},{"@type":"Organization","@id":"https:\/\/kunmedierne.dk\/mors\/#organization","name":"Mors","url":"https:\/\/kunmedierne.dk\/mors\/","logo":{"@type":"ImageObject","inLanguage":"da-DK","@id":"https:\/\/kunmedierne.dk\/mors\/#\/schema\/logo\/image\/","url":"https:\/\/kunmedierne.dk\/mors\/wp-content\/uploads\/2024\/08\/kunmors-logo.svg","contentUrl":"https:\/\/kunmedierne.dk\/mors\/wp-content\/uploads\/2024\/08\/kunmors-logo.svg","caption":"Mors"},"image":{"@id":"https:\/\/kunmedierne.dk\/mors\/#\/schema\/logo\/image\/"}},{"@type":"Person","@id":"https:\/\/kunmedierne.dk\/mors\/#\/schema\/person\/5fe23251bf1d0abbcdc6f7896579d548","name":"David H\u00f8jmark","image":{"@type":"ImageObject","inLanguage":"da-DK","@id":"https:\/\/kunmedierne.dk\/mors\/#\/schema\/person\/image\/","url":"https:\/\/secure.gravatar.com\/avatar\/4315d6fb9ef244d729989f5f90268eb08d5bf8a3d84402f595fa194bb35784fd?s=96&d=mm&r=g","contentUrl":"https:\/\/secure.gravatar.com\/avatar\/4315d6fb9ef244d729989f5f90268eb08d5bf8a3d84402f595fa194bb35784fd?s=96&d=mm&r=g","caption":"David H\u00f8jmark"},"sameAs":["https:\/\/www.kunmedierne.dk"],"url":"https:\/\/kunmedierne.dk\/mors\/author\/david\/"}]}},"_links":{"self":[{"href":"https:\/\/kunmedierne.dk\/mors\/wp-json\/wp\/v2\/posts\/13798","targetHints":{"allow":["GET"]}}],"collection":[{"href":"https:\/\/kunmedierne.dk\/mors\/wp-json\/wp\/v2\/posts"}],"about":[{"href":"https:\/\/kunmedierne.dk\/mors\/wp-json\/wp\/v2\/types\/post"}],"author":[{"embeddable":true,"href":"https:\/\/kunmedierne.dk\/mors\/wp-json\/wp\/v2\/users\/8"}],"replies":[{"embeddable":true,"href":"https:\/\/kunmedierne.dk\/mors\/wp-json\/wp\/v2\/comments?post=13798"}],"version-history":[{"count":1,"href":"https:\/\/kunmedierne.dk\/mors\/wp-json\/wp\/v2\/posts\/13798\/revisions"}],"predecessor-version":[{"id":13799,"href":"https:\/\/kunmedierne.dk\/mors\/wp-json\/wp\/v2\/posts\/13798\/revisions\/13799"}],"wp:featuredmedia":[{"embeddable":true,"href":"https:\/\/kunmedierne.dk\/mors\/wp-json\/wp\/v2\/media\/7080"}],"wp:attachment":[{"href":"https:\/\/kunmedierne.dk\/mors\/wp-json\/wp\/v2\/media?parent=13798"}],"wp:term":[{"taxonomy":"category","embeddable":true,"href":"https:\/\/kunmedierne.dk\/mors\/wp-json\/wp\/v2\/categories?post=13798"},{"taxonomy":"post_tag","embeddable":true,"href":"https:\/\/kunmedierne.dk\/mors\/wp-json\/wp\/v2\/tags?post=13798"}],"curies":[{"name":"wp","href":"https:\/\/api.w.org\/{rel}","templated":true}]}}