{"id":137667,"date":"2025-01-25T09:20:56","date_gmt":"2025-01-25T08:20:56","guid":{"rendered":"https:\/\/kunmedierne.dk\/mors\/?p=137667"},"modified":"2025-01-25T11:05:04","modified_gmt":"2025-01-25T10:05:04","slug":"kunstprojekt-soeger-faellesskaber-paa-mors-alt-fra-spejdertropper-til-pumpelaug-kan-vaere-med","status":"publish","type":"post","link":"https:\/\/kunmedierne.dk\/mors\/kunstprojekt-soeger-faellesskaber-paa-mors-alt-fra-spejdertropper-til-pumpelaug-kan-vaere-med\/","title":{"rendered":"Kunstprojekt s\u00f8ger f\u00e6llesskaber p\u00e5 Mors: Alt fra spejdere til pumpelaug kan v\u00e6re med\u00a0"},"content":{"rendered":"<p><b><span data-contrast=\"auto\">KUNST: <\/span><\/b><span data-contrast=\"auto\">Foreningen ET4U har sat et nyt kunstprojekt i s\u00f8en p\u00e5 Mors. Projektet hedder <\/span><i><span data-contrast=\"auto\">\u2019Cirklens kvadratur\u2019<\/span><\/i><span data-contrast=\"auto\"> og har som m\u00e5l at fejre det lokale sammenhold og styrke forbindelserne mellem mennesker gennem kunst.<\/span><span data-ccp-props=\"{&quot;134233117&quot;:false,&quot;134233118&quot;:false,&quot;335551550&quot;:0,&quot;335551620&quot;:0,&quot;335559738&quot;:240,&quot;335559739&quot;:240}\">\u00a0<\/span><\/p>\n<p><span data-contrast=\"auto\"><a class=\"dvrt-link\" onClick=\"cdmtrack_click(104779,jQuery(this));return false\" href=\"https:\/\/morsoe-begravelsesforretning.dk\/\"><img decoding=\"async\" style=\"width:100%;\" src=\"https:\/\/kunmedierne.dk\/mors\/wp-content\/uploads\/2023\/11\/251215-morsoe-begravelsesforretning.jpg\"><\/a><script>cdmtrack_view(104779);<\/script><\/span><span data-ccp-props=\"{&quot;134233117&quot;:false,&quot;134233118&quot;:false,&quot;335551550&quot;:0,&quot;335551620&quot;:0,&quot;335559738&quot;:240,&quot;335559739&quot;:240}\">\u00a0<\/span><\/p>\n<p><span data-contrast=\"auto\">ET4U er en kunstforening med base i Lemvig, som arbejder for at bringe samtidskunsten t\u00e6ttere p\u00e5 folks hverdag. Med <\/span><i><span data-contrast=\"auto\">\u2019Cirklens kvadratur\u2019<\/span><\/i><span data-contrast=\"auto\"> vil de udforske, hvad der sker, n\u00e5r kunst flytter ud i lokalsamfundene og bliver skabt i f\u00e6llesskab med dem, der bor der.<\/span><span data-ccp-props=\"{&quot;134233117&quot;:false,&quot;134233118&quot;:false,&quot;335551550&quot;:0,&quot;335551620&quot;:0,&quot;335559738&quot;:240,&quot;335559739&quot;:240}\"> Nu er turen kommet til Mors.<br \/>\n<\/span><\/p>\n<p><span data-contrast=\"auto\">ET4U har en dr\u00f8m om at arbejde sammen med alle typer f\u00e6llesskaber, store som sm\u00e5. Billedkunstner Klavs Weiss fra ET4U fort\u00e6ller:<\/span><span data-ccp-props=\"{&quot;134233117&quot;:false,&quot;134233118&quot;:false,&quot;335551550&quot;:0,&quot;335551620&quot;:0,&quot;335559738&quot;:240,&quot;335559739&quot;:240}\">\u00a0<\/span><\/p>\n<p><span data-contrast=\"auto\">&#8211; Vi vil gerne vise, at kunsten har en vigtig plads i samfundet, ligesom bageren og cykelsmeden. Mange kommer ikke p\u00e5 museum, men n\u00e5r vi flytter kunsten ud og g\u00f8r folk til medskabere, opst\u00e5r der noget helt s\u00e6rligt.<\/span><span data-ccp-props=\"{&quot;134233117&quot;:false,&quot;134233118&quot;:false,&quot;335551550&quot;:0,&quot;335551620&quot;:0,&quot;335559738&quot;:240,&quot;335559739&quot;:240}\"> Det har vi oplevet i Lemvig, hvor vi kommer fra, og vores gode relation til Mors\u00f8 Kunstforening g\u00f8r, at vi nu vil pr\u00f8ve det af her ogs\u00e5.<br \/>\n<\/span><\/p>\n<p><span data-contrast=\"auto\">Det er meningen, at de f\u00e6llesskaber, der deltager, skal arbejde sammen med kunstnerne for at skabe v\u00e6rker, som afspejler f\u00e6llesskabernes egne interesser og v\u00e6rdier. Det kan v\u00e6re alt fra lege og koreograferede handlinger til midlertidige skulpturer og installationer. F\u00e6lles for alle projekterne bliver, at de kommer til at udspille sig i en cirkel.<\/span><span data-ccp-props=\"{&quot;134233117&quot;:false,&quot;134233118&quot;:false,&quot;335551550&quot;:0,&quot;335551620&quot;:0,&quot;335559738&quot;:240,&quot;335559739&quot;:240}\"> Kunstnergruppen best\u00e5r af tre personer fra ET4U samt nogle udenlandske kunstnere, der st\u00f8der til undervejs.<br \/>\n<\/span><\/p>\n<p><span data-contrast=\"auto\">\u00a0<\/span><span data-ccp-props=\"{&quot;134233117&quot;:false,&quot;134233118&quot;:false,&quot;335551550&quot;:0,&quot;335551620&quot;:0,&quot;335559738&quot;:240,&quot;335559739&quot;:240}\">\u00a0<\/span><\/p>\n<p><b><span data-contrast=\"auto\">Alle typer f\u00e6llesskaber kan v\u00e6re med<\/span><\/b><span data-ccp-props=\"{&quot;134233117&quot;:false,&quot;134233118&quot;:false,&quot;335551550&quot;:0,&quot;335551620&quot;:0,&quot;335559738&quot;:240,&quot;335559739&quot;:240}\">\u00a0<\/span><\/p>\n<p><span data-contrast=\"auto\">ET4U leder efter alle slags f\u00e6llesskaber p\u00e5 Mors, fra spejdere og strikkekredse til pumpelaug og kroketklubber. Foreningen h\u00e5ber, at mange vil tage imod invitationen og opdage nye sider af deres f\u00e6llesskab gennem projektet.<\/span><span data-ccp-props=\"{&quot;134233117&quot;:false,&quot;134233118&quot;:false,&quot;335551550&quot;:0,&quot;335551620&quot;:0,&quot;335559738&quot;:240,&quot;335559739&quot;:240}\">\u00a0<\/span><\/p>\n<p><span data-contrast=\"auto\">&#8211; Vi gl\u00e6der os til at m\u00f8de f\u00e6llesskaberne p\u00e5 Mors, siger Klavs Weiss.<\/span><span data-ccp-props=\"{&quot;134233117&quot;:false,&quot;134233118&quot;:false,&quot;335551550&quot;:0,&quot;335551620&quot;:0,&quot;335559738&quot;:240,&quot;335559739&quot;:240}\">\u00a0<\/span><\/p>\n<p><span data-contrast=\"auto\"><a class=\"dvrt-link\" onClick=\"cdmtrack_click(104780,jQuery(this));return false\" href=\"https:\/\/www.spard.dk\/\"><img decoding=\"async\" style=\"width:100%;\" src=\"https:\/\/kunmedierne.dk\/mors\/wp-content\/uploads\/2023\/12\/sparekassen-dk-maj25.gif\"><\/a><script>cdmtrack_view(104780);<\/script><\/span><span data-ccp-props=\"{&quot;134233117&quot;:false,&quot;134233118&quot;:false,&quot;335551550&quot;:0,&quot;335551620&quot;:0,&quot;335559738&quot;:240,&quot;335559739&quot;:240}\">\u00a0<\/span><\/p>\n<p><span data-contrast=\"auto\">&#8211; Ved at v\u00e6re med, kan deltagerne opdage, hvor v\u00e6rdifulde deres f\u00e6llesskaber er, og m\u00e5ske finde nye m\u00e5der at udvikle dem p\u00e5.<\/span><span data-ccp-props=\"{&quot;134233117&quot;:false,&quot;134233118&quot;:false,&quot;335551550&quot;:0,&quot;335551620&quot;:0,&quot;335559738&quot;:240,&quot;335559739&quot;:240}\"> Det er vores erfaring fra projekter, vi har lavet i og omkring Lemvig.<br \/>\n<\/span><\/p>\n<p><span data-contrast=\"auto\">Deltagelsen kr\u00e6ver ikke penge, kun lyst og engagement. Projektet dokumenteres med filmoptagelser, der bliver en del af en afsluttende udstilling.<\/span><span data-ccp-props=\"{&quot;134233117&quot;:false,&quot;134233118&quot;:false,&quot;335551550&quot;:0,&quot;335551620&quot;:0,&quot;335559738&quot;:240,&quot;335559739&quot;:240}\">\u00a0<\/span><\/p>\n<p><span data-contrast=\"auto\">\u00a0<\/span><span data-ccp-props=\"{&quot;134233117&quot;:false,&quot;134233118&quot;:false,&quot;335551550&quot;:0,&quot;335551620&quot;:0,&quot;335559738&quot;:240,&quot;335559739&quot;:240}\">\u00a0<\/span><\/p>\n<p><b><span data-contrast=\"auto\">Stor udstilling fejrer f\u00e6llesskabet<\/span><\/b><span data-ccp-props=\"{&quot;134233117&quot;:false,&quot;134233118&quot;:false,&quot;335551550&quot;:0,&quot;335551620&quot;:0,&quot;335559738&quot;:240,&quot;335559739&quot;:240}\">\u00a0<\/span><\/p>\n<p><span data-contrast=\"auto\">Projektet kulminerer i en udstilling p\u00e5 MK61 p\u00e5 Holmen i Nyk\u00f8bing, arrangeret af Mors\u00f8 Kunstforening. Fra den 16. august til 5. oktober 2025 kan man, som en del af Kulturm\u00f8det 2025, opleve resultatet af f\u00e6llesskabernes arbejde.<\/span><span data-ccp-props=\"{&quot;134233117&quot;:false,&quot;134233118&quot;:false,&quot;335551550&quot;:0,&quot;335551620&quot;:0,&quot;335559738&quot;:240,&quot;335559739&quot;:240}\">\u00a0<\/span><\/p>\n<p><span data-contrast=\"auto\">&#8211; P\u00e5 den her m\u00e5de kommer vi tilbage til at v\u00e6re en aktiv del af Kulturm\u00f8det, siger Per Mikkelsen, formand for Mors\u00f8 Kunstforening.<\/span><span data-ccp-props=\"{&quot;134233117&quot;:false,&quot;134233118&quot;:false,&quot;335551550&quot;:0,&quot;335551620&quot;:0,&quot;335559738&quot;:240,&quot;335559739&quot;:240}\">\u00a0<\/span><\/p>\n<p><span data-contrast=\"auto\">&#8211; Samarbejdet med ET4U giver os en fantastisk mulighed for at styrke b\u00e5de kunsten og f\u00e6llesskabet p\u00e5 Mors.<\/span><span data-ccp-props=\"{&quot;134233117&quot;:false,&quot;134233118&quot;:false,&quot;335551550&quot;:0,&quot;335551620&quot;:0,&quot;335559738&quot;:240,&quot;335559739&quot;:240}\">\u00a0<\/span><\/p>\n<p><span data-contrast=\"auto\">\u00a0<\/span><span data-ccp-props=\"{&quot;134233117&quot;:false,&quot;134233118&quot;:false,&quot;335551550&quot;:0,&quot;335551620&quot;:0,&quot;335559738&quot;:240,&quot;335559739&quot;:240}\">\u00a0<\/span><\/p>\n<p><b><span data-contrast=\"auto\">Kom med til januar-m\u00f8derne<\/span><\/b><span data-ccp-props=\"{&quot;134233117&quot;:false,&quot;134233118&quot;:false,&quot;335551550&quot;:0,&quot;335551620&quot;:0,&quot;335559738&quot;:240,&quot;335559739&quot;:240}\">\u00a0<\/span><\/p>\n<p><span data-contrast=\"auto\">ET4U bes\u00f8ger Mors i dagene 24., 25., 26. og 27. januar for at m\u00f8de interesserede f\u00e6llesskaber. Alle grupper, der har lyst til at v\u00e6re med, kan tage kontakt til ET4U og h\u00f8re mere om projektet.<\/span><span data-ccp-props=\"{&quot;134233117&quot;:false,&quot;134233118&quot;:false,&quot;335551550&quot;:0,&quot;335551620&quot;:0,&quot;335559738&quot;:240,&quot;335559739&quot;:240}\">\u00a0<\/span><\/p>\n<p><span data-contrast=\"auto\"><a class=\"dvrt-link\" onClick=\"cdmtrack_click(111725,jQuery(this));return false\" href=\"https:\/\/www.thistedforsikring.dk\/?utm_source=partnerskaber&amp;utm_campaign=kun_mors\"><img decoding=\"async\" style=\"width:100%;\" src=\"https:\/\/kunmedierne.dk\/mors\/wp-content\/uploads\/2024\/02\/269409KunMors-ThistedFor-1.png\"><\/a><script>cdmtrack_view(111725);<\/script><\/span><span data-ccp-props=\"{&quot;134233117&quot;:false,&quot;134233118&quot;:false,&quot;335551550&quot;:0,&quot;335551620&quot;:0,&quot;335559738&quot;:240,&quot;335559739&quot;:240}\">\u00a0<\/span><\/p>\n<p><span data-contrast=\"auto\">&#8211; Vi vil gerne vise, at kunsten er relevant og har en vigtig rolle at spille, slutter Klavs Weiss.<\/span><span data-ccp-props=\"{&quot;134233117&quot;:false,&quot;134233118&quot;:false,&quot;335551550&quot;:0,&quot;335551620&quot;:0,&quot;335559738&quot;:240,&quot;335559739&quot;:240}\">\u00a0<\/span><\/p>\n<p><span data-contrast=\"auto\">\u00a0<\/span><span data-ccp-props=\"{&quot;134233117&quot;:false,&quot;134233118&quot;:false,&quot;335551550&quot;:0,&quot;335551620&quot;:0,&quot;335559738&quot;:240,&quot;335559739&quot;:240}\">\u00a0<\/span><\/p>\n<p><b><span data-contrast=\"auto\">S\u00e5dan deltager I<\/span><\/b><span data-ccp-props=\"{&quot;134233117&quot;:false,&quot;134233118&quot;:false,&quot;335551550&quot;:0,&quot;335551620&quot;:0,&quot;335559738&quot;:240,&quot;335559739&quot;:240}\">\u00a0<\/span><\/p>\n<p><span data-contrast=\"auto\">Kontakt ET4U for mere information og for at melde jeres f\u00e6llesskab til:<\/span><span data-ccp-props=\"{&quot;134233117&quot;:false,&quot;134233118&quot;:false,&quot;335551550&quot;:0,&quot;335551620&quot;:0,&quot;335559738&quot;:240,&quot;335559739&quot;:240}\">\u00a0<\/span><\/p>\n<p><span data-contrast=\"auto\">Klavs Weiss: 5181 1916 \u2013 <\/span><a href=\"mailto:klavs_weiss@c.dk\"><span data-contrast=\"none\">klavs_weiss@c.dk<\/span><\/a><span data-ccp-props=\"{&quot;134233117&quot;:false,&quot;134233118&quot;:false,&quot;335551550&quot;:0,&quot;335551620&quot;:0,&quot;335559738&quot;:240,&quot;335559739&quot;:240}\">\u00a0<\/span><\/p>\n<p><span data-contrast=\"auto\">Johanne Randen: 2752 7473 \u2013 <\/span><a href=\"mailto:johanne.randen@gmail.com\"><span data-contrast=\"none\">johanne.randen@gmail.com<\/span><\/a><span data-ccp-props=\"{&quot;134233117&quot;:false,&quot;134233118&quot;:false,&quot;335551550&quot;:0,&quot;335551620&quot;:0,&quot;335559738&quot;:240,&quot;335559739&quot;:240}\">\u00a0<\/span><\/p>\n<p><span data-contrast=\"auto\">Karen Havskov Jensen: 2065 1830 \u2013 <\/span><a href=\"mailto:karenhavskov@yahoo.dk\"><span data-contrast=\"none\">karenhavskov@yahoo.dk<\/span><\/a><span data-ccp-props=\"{&quot;134233117&quot;:false,&quot;134233118&quot;:false,&quot;335551550&quot;:0,&quot;335551620&quot;:0,&quot;335559738&quot;:240,&quot;335559739&quot;:240}\">\u00a0<\/span><\/p>\n<p><span data-contrast=\"auto\">L\u00e6s mere p\u00e5 <\/span><a href=\"https:\/\/et4u.dk\/\"><span data-contrast=\"none\">ET4U&#8217;s hjemmeside<\/span><\/a><span data-contrast=\"auto\">.<\/span><span data-ccp-props=\"{&quot;134233117&quot;:false,&quot;134233118&quot;:false,&quot;335551550&quot;:0,&quot;335551620&quot;:0,&quot;335559738&quot;:240,&quot;335559739&quot;:240}\">\u00a0<\/span><\/p>\n","protected":false},"excerpt":{"rendered":"<p>KUNST: Foreningen ET4U har sat et nyt kunstprojekt i s\u00f8en p\u00e5 Mors. Projektet hedder \u2019Cirklens kvadratur\u2019 og har som m\u00e5l at fejre det lokale sammenhold og styrke forbindelserne mellem mennesker gennem kunst.\u00a0 \u00a0 ET4U er en kunstforening med base i Lemvig, som arbejder for at bringe samtidskunsten t\u00e6ttere p\u00e5 folks hverdag. Med \u2019Cirklens kvadratur\u2019 vil [&hellip;]<\/p>\n","protected":false},"author":2507,"featured_media":0,"comment_status":"closed","ping_status":"closed","sticky":false,"template":"","format":"standard","meta":{"_acf_changed":false,"footnotes":""},"categories":[49],"tags":[196],"class_list":["post-137667","post","type-post","status-publish","format-standard","hentry","category-kultur","tag-foreningsliv"],"acf":[],"yoast_head":"<!-- This site is optimized with the Yoast SEO plugin v26.8 - https:\/\/yoast.com\/product\/yoast-seo-wordpress\/ -->\n<title>Kunstprojekt s\u00f8ger f\u00e6llesskaber p\u00e5 Mors: Alt fra spejdere til pumpelaug kan v\u00e6re med\u00a0 - Mors<\/title>\n<meta name=\"robots\" content=\"index, follow, max-snippet:-1, max-image-preview:large, max-video-preview:-1\" \/>\n<link rel=\"canonical\" href=\"https:\/\/kunmedierne.dk\/mors\/kunstprojekt-soeger-faellesskaber-paa-mors-alt-fra-spejdertropper-til-pumpelaug-kan-vaere-med\/\" \/>\n<meta property=\"og:locale\" content=\"da_DK\" \/>\n<meta property=\"og:type\" content=\"article\" \/>\n<meta property=\"og:title\" content=\"Kunstprojekt s\u00f8ger f\u00e6llesskaber p\u00e5 Mors: Alt fra spejdere til pumpelaug kan v\u00e6re med\u00a0 - Mors\" \/>\n<meta property=\"og:description\" content=\"KUNST: Foreningen ET4U har sat et nyt kunstprojekt i s\u00f8en p\u00e5 Mors. Projektet hedder \u2019Cirklens kvadratur\u2019 og har som m\u00e5l at fejre det lokale sammenhold og styrke forbindelserne mellem mennesker gennem kunst.\u00a0 \u00a0 ET4U er en kunstforening med base i Lemvig, som arbejder for at bringe samtidskunsten t\u00e6ttere p\u00e5 folks hverdag. Med \u2019Cirklens kvadratur\u2019 vil [&hellip;]\" \/>\n<meta property=\"og:url\" content=\"https:\/\/kunmedierne.dk\/mors\/kunstprojekt-soeger-faellesskaber-paa-mors-alt-fra-spejdertropper-til-pumpelaug-kan-vaere-med\/\" \/>\n<meta property=\"og:site_name\" content=\"Mors\" \/>\n<meta property=\"article:published_time\" content=\"2025-01-25T08:20:56+00:00\" \/>\n<meta property=\"article:modified_time\" content=\"2025-01-25T10:05:04+00:00\" \/>\n<meta name=\"author\" content=\"Katrine Hedegaard\" \/>\n<meta name=\"twitter:card\" content=\"summary_large_image\" \/>\n<meta name=\"twitter:label1\" content=\"Skrevet af\" \/>\n\t<meta name=\"twitter:data1\" content=\"Katrine Hedegaard\" \/>\n\t<meta name=\"twitter:label2\" content=\"Estimeret l\u00e6setid\" \/>\n\t<meta name=\"twitter:data2\" content=\"3 minutter\" \/>\n<script type=\"application\/ld+json\" class=\"yoast-schema-graph\">{\"@context\":\"https:\/\/schema.org\",\"@graph\":[{\"@type\":\"Article\",\"@id\":\"https:\/\/kunmedierne.dk\/mors\/kunstprojekt-soeger-faellesskaber-paa-mors-alt-fra-spejdertropper-til-pumpelaug-kan-vaere-med\/#article\",\"isPartOf\":{\"@id\":\"https:\/\/kunmedierne.dk\/mors\/kunstprojekt-soeger-faellesskaber-paa-mors-alt-fra-spejdertropper-til-pumpelaug-kan-vaere-med\/\"},\"author\":{\"name\":\"Katrine Hedegaard\",\"@id\":\"https:\/\/kunmedierne.dk\/mors\/#\/schema\/person\/b2e62a38069b12365e53e087a8709c64\"},\"headline\":\"Kunstprojekt s\u00f8ger f\u00e6llesskaber p\u00e5 Mors: Alt fra spejdere til pumpelaug kan v\u00e6re med\u00a0\",\"datePublished\":\"2025-01-25T08:20:56+00:00\",\"dateModified\":\"2025-01-25T10:05:04+00:00\",\"mainEntityOfPage\":{\"@id\":\"https:\/\/kunmedierne.dk\/mors\/kunstprojekt-soeger-faellesskaber-paa-mors-alt-fra-spejdertropper-til-pumpelaug-kan-vaere-med\/\"},\"wordCount\":599,\"publisher\":{\"@id\":\"https:\/\/kunmedierne.dk\/mors\/#organization\"},\"keywords\":[\"Foreningsliv\"],\"articleSection\":[\"Kultur\"],\"inLanguage\":\"da-DK\"},{\"@type\":\"WebPage\",\"@id\":\"https:\/\/kunmedierne.dk\/mors\/kunstprojekt-soeger-faellesskaber-paa-mors-alt-fra-spejdertropper-til-pumpelaug-kan-vaere-med\/\",\"url\":\"https:\/\/kunmedierne.dk\/mors\/kunstprojekt-soeger-faellesskaber-paa-mors-alt-fra-spejdertropper-til-pumpelaug-kan-vaere-med\/\",\"name\":\"Kunstprojekt s\u00f8ger f\u00e6llesskaber p\u00e5 Mors: Alt fra spejdere til pumpelaug kan v\u00e6re med\u00a0 - Mors\",\"isPartOf\":{\"@id\":\"https:\/\/kunmedierne.dk\/mors\/#website\"},\"datePublished\":\"2025-01-25T08:20:56+00:00\",\"dateModified\":\"2025-01-25T10:05:04+00:00\",\"breadcrumb\":{\"@id\":\"https:\/\/kunmedierne.dk\/mors\/kunstprojekt-soeger-faellesskaber-paa-mors-alt-fra-spejdertropper-til-pumpelaug-kan-vaere-med\/#breadcrumb\"},\"inLanguage\":\"da-DK\",\"potentialAction\":[{\"@type\":\"ReadAction\",\"target\":[\"https:\/\/kunmedierne.dk\/mors\/kunstprojekt-soeger-faellesskaber-paa-mors-alt-fra-spejdertropper-til-pumpelaug-kan-vaere-med\/\"]}]},{\"@type\":\"BreadcrumbList\",\"@id\":\"https:\/\/kunmedierne.dk\/mors\/kunstprojekt-soeger-faellesskaber-paa-mors-alt-fra-spejdertropper-til-pumpelaug-kan-vaere-med\/#breadcrumb\",\"itemListElement\":[{\"@type\":\"ListItem\",\"position\":1,\"name\":\"Hjem\",\"item\":\"https:\/\/kunmedierne.dk\/mors\/\"},{\"@type\":\"ListItem\",\"position\":2,\"name\":\"Kunstprojekt s\u00f8ger f\u00e6llesskaber p\u00e5 Mors: Alt fra spejdere til pumpelaug kan v\u00e6re med\u00a0\"}]},{\"@type\":\"WebSite\",\"@id\":\"https:\/\/kunmedierne.dk\/mors\/#website\",\"url\":\"https:\/\/kunmedierne.dk\/mors\/\",\"name\":\"Mors\",\"description\":\"et netmedie med journalistik om livet p\u00e5 Mors\",\"publisher\":{\"@id\":\"https:\/\/kunmedierne.dk\/mors\/#organization\"},\"potentialAction\":[{\"@type\":\"SearchAction\",\"target\":{\"@type\":\"EntryPoint\",\"urlTemplate\":\"https:\/\/kunmedierne.dk\/mors\/?s={search_term_string}\"},\"query-input\":{\"@type\":\"PropertyValueSpecification\",\"valueRequired\":true,\"valueName\":\"search_term_string\"}}],\"inLanguage\":\"da-DK\"},{\"@type\":\"Organization\",\"@id\":\"https:\/\/kunmedierne.dk\/mors\/#organization\",\"name\":\"Mors\",\"url\":\"https:\/\/kunmedierne.dk\/mors\/\",\"logo\":{\"@type\":\"ImageObject\",\"inLanguage\":\"da-DK\",\"@id\":\"https:\/\/kunmedierne.dk\/mors\/#\/schema\/logo\/image\/\",\"url\":\"https:\/\/kunmedierne.dk\/mors\/wp-content\/uploads\/2024\/08\/kunmors-logo.svg\",\"contentUrl\":\"https:\/\/kunmedierne.dk\/mors\/wp-content\/uploads\/2024\/08\/kunmors-logo.svg\",\"caption\":\"Mors\"},\"image\":{\"@id\":\"https:\/\/kunmedierne.dk\/mors\/#\/schema\/logo\/image\/\"}},{\"@type\":\"Person\",\"@id\":\"https:\/\/kunmedierne.dk\/mors\/#\/schema\/person\/b2e62a38069b12365e53e087a8709c64\",\"name\":\"Katrine Hedegaard\",\"image\":{\"@type\":\"ImageObject\",\"inLanguage\":\"da-DK\",\"@id\":\"https:\/\/kunmedierne.dk\/mors\/#\/schema\/person\/image\/\",\"url\":\"https:\/\/secure.gravatar.com\/avatar\/18a5c72fa9148052fd3ed5a58b40fc83cfdc9811090e6e6eec9539af058edcc0?s=96&d=mm&r=g\",\"contentUrl\":\"https:\/\/secure.gravatar.com\/avatar\/18a5c72fa9148052fd3ed5a58b40fc83cfdc9811090e6e6eec9539af058edcc0?s=96&d=mm&r=g\",\"caption\":\"Katrine Hedegaard\"},\"url\":\"https:\/\/kunmedierne.dk\/mors\/author\/katrine\/\"}]}<\/script>\n<!-- \/ Yoast SEO plugin. -->","yoast_head_json":{"title":"Kunstprojekt s\u00f8ger f\u00e6llesskaber p\u00e5 Mors: Alt fra spejdere til pumpelaug kan v\u00e6re med\u00a0 - Mors","robots":{"index":"index","follow":"follow","max-snippet":"max-snippet:-1","max-image-preview":"max-image-preview:large","max-video-preview":"max-video-preview:-1"},"canonical":"https:\/\/kunmedierne.dk\/mors\/kunstprojekt-soeger-faellesskaber-paa-mors-alt-fra-spejdertropper-til-pumpelaug-kan-vaere-med\/","og_locale":"da_DK","og_type":"article","og_title":"Kunstprojekt s\u00f8ger f\u00e6llesskaber p\u00e5 Mors: Alt fra spejdere til pumpelaug kan v\u00e6re med\u00a0 - Mors","og_description":"KUNST: Foreningen ET4U har sat et nyt kunstprojekt i s\u00f8en p\u00e5 Mors. Projektet hedder \u2019Cirklens kvadratur\u2019 og har som m\u00e5l at fejre det lokale sammenhold og styrke forbindelserne mellem mennesker gennem kunst.\u00a0 \u00a0 ET4U er en kunstforening med base i Lemvig, som arbejder for at bringe samtidskunsten t\u00e6ttere p\u00e5 folks hverdag. Med \u2019Cirklens kvadratur\u2019 vil [&hellip;]","og_url":"https:\/\/kunmedierne.dk\/mors\/kunstprojekt-soeger-faellesskaber-paa-mors-alt-fra-spejdertropper-til-pumpelaug-kan-vaere-med\/","og_site_name":"Mors","article_published_time":"2025-01-25T08:20:56+00:00","article_modified_time":"2025-01-25T10:05:04+00:00","author":"Katrine Hedegaard","twitter_card":"summary_large_image","twitter_misc":{"Skrevet af":"Katrine Hedegaard","Estimeret l\u00e6setid":"3 minutter"},"schema":{"@context":"https:\/\/schema.org","@graph":[{"@type":"Article","@id":"https:\/\/kunmedierne.dk\/mors\/kunstprojekt-soeger-faellesskaber-paa-mors-alt-fra-spejdertropper-til-pumpelaug-kan-vaere-med\/#article","isPartOf":{"@id":"https:\/\/kunmedierne.dk\/mors\/kunstprojekt-soeger-faellesskaber-paa-mors-alt-fra-spejdertropper-til-pumpelaug-kan-vaere-med\/"},"author":{"name":"Katrine Hedegaard","@id":"https:\/\/kunmedierne.dk\/mors\/#\/schema\/person\/b2e62a38069b12365e53e087a8709c64"},"headline":"Kunstprojekt s\u00f8ger f\u00e6llesskaber p\u00e5 Mors: Alt fra spejdere til pumpelaug kan v\u00e6re med\u00a0","datePublished":"2025-01-25T08:20:56+00:00","dateModified":"2025-01-25T10:05:04+00:00","mainEntityOfPage":{"@id":"https:\/\/kunmedierne.dk\/mors\/kunstprojekt-soeger-faellesskaber-paa-mors-alt-fra-spejdertropper-til-pumpelaug-kan-vaere-med\/"},"wordCount":599,"publisher":{"@id":"https:\/\/kunmedierne.dk\/mors\/#organization"},"keywords":["Foreningsliv"],"articleSection":["Kultur"],"inLanguage":"da-DK"},{"@type":"WebPage","@id":"https:\/\/kunmedierne.dk\/mors\/kunstprojekt-soeger-faellesskaber-paa-mors-alt-fra-spejdertropper-til-pumpelaug-kan-vaere-med\/","url":"https:\/\/kunmedierne.dk\/mors\/kunstprojekt-soeger-faellesskaber-paa-mors-alt-fra-spejdertropper-til-pumpelaug-kan-vaere-med\/","name":"Kunstprojekt s\u00f8ger f\u00e6llesskaber p\u00e5 Mors: Alt fra spejdere til pumpelaug kan v\u00e6re med\u00a0 - Mors","isPartOf":{"@id":"https:\/\/kunmedierne.dk\/mors\/#website"},"datePublished":"2025-01-25T08:20:56+00:00","dateModified":"2025-01-25T10:05:04+00:00","breadcrumb":{"@id":"https:\/\/kunmedierne.dk\/mors\/kunstprojekt-soeger-faellesskaber-paa-mors-alt-fra-spejdertropper-til-pumpelaug-kan-vaere-med\/#breadcrumb"},"inLanguage":"da-DK","potentialAction":[{"@type":"ReadAction","target":["https:\/\/kunmedierne.dk\/mors\/kunstprojekt-soeger-faellesskaber-paa-mors-alt-fra-spejdertropper-til-pumpelaug-kan-vaere-med\/"]}]},{"@type":"BreadcrumbList","@id":"https:\/\/kunmedierne.dk\/mors\/kunstprojekt-soeger-faellesskaber-paa-mors-alt-fra-spejdertropper-til-pumpelaug-kan-vaere-med\/#breadcrumb","itemListElement":[{"@type":"ListItem","position":1,"name":"Hjem","item":"https:\/\/kunmedierne.dk\/mors\/"},{"@type":"ListItem","position":2,"name":"Kunstprojekt s\u00f8ger f\u00e6llesskaber p\u00e5 Mors: Alt fra spejdere til pumpelaug kan v\u00e6re med\u00a0"}]},{"@type":"WebSite","@id":"https:\/\/kunmedierne.dk\/mors\/#website","url":"https:\/\/kunmedierne.dk\/mors\/","name":"Mors","description":"et netmedie med journalistik om livet p\u00e5 Mors","publisher":{"@id":"https:\/\/kunmedierne.dk\/mors\/#organization"},"potentialAction":[{"@type":"SearchAction","target":{"@type":"EntryPoint","urlTemplate":"https:\/\/kunmedierne.dk\/mors\/?s={search_term_string}"},"query-input":{"@type":"PropertyValueSpecification","valueRequired":true,"valueName":"search_term_string"}}],"inLanguage":"da-DK"},{"@type":"Organization","@id":"https:\/\/kunmedierne.dk\/mors\/#organization","name":"Mors","url":"https:\/\/kunmedierne.dk\/mors\/","logo":{"@type":"ImageObject","inLanguage":"da-DK","@id":"https:\/\/kunmedierne.dk\/mors\/#\/schema\/logo\/image\/","url":"https:\/\/kunmedierne.dk\/mors\/wp-content\/uploads\/2024\/08\/kunmors-logo.svg","contentUrl":"https:\/\/kunmedierne.dk\/mors\/wp-content\/uploads\/2024\/08\/kunmors-logo.svg","caption":"Mors"},"image":{"@id":"https:\/\/kunmedierne.dk\/mors\/#\/schema\/logo\/image\/"}},{"@type":"Person","@id":"https:\/\/kunmedierne.dk\/mors\/#\/schema\/person\/b2e62a38069b12365e53e087a8709c64","name":"Katrine Hedegaard","image":{"@type":"ImageObject","inLanguage":"da-DK","@id":"https:\/\/kunmedierne.dk\/mors\/#\/schema\/person\/image\/","url":"https:\/\/secure.gravatar.com\/avatar\/18a5c72fa9148052fd3ed5a58b40fc83cfdc9811090e6e6eec9539af058edcc0?s=96&d=mm&r=g","contentUrl":"https:\/\/secure.gravatar.com\/avatar\/18a5c72fa9148052fd3ed5a58b40fc83cfdc9811090e6e6eec9539af058edcc0?s=96&d=mm&r=g","caption":"Katrine Hedegaard"},"url":"https:\/\/kunmedierne.dk\/mors\/author\/katrine\/"}]}},"_links":{"self":[{"href":"https:\/\/kunmedierne.dk\/mors\/wp-json\/wp\/v2\/posts\/137667","targetHints":{"allow":["GET"]}}],"collection":[{"href":"https:\/\/kunmedierne.dk\/mors\/wp-json\/wp\/v2\/posts"}],"about":[{"href":"https:\/\/kunmedierne.dk\/mors\/wp-json\/wp\/v2\/types\/post"}],"author":[{"embeddable":true,"href":"https:\/\/kunmedierne.dk\/mors\/wp-json\/wp\/v2\/users\/2507"}],"replies":[{"embeddable":true,"href":"https:\/\/kunmedierne.dk\/mors\/wp-json\/wp\/v2\/comments?post=137667"}],"version-history":[{"count":12,"href":"https:\/\/kunmedierne.dk\/mors\/wp-json\/wp\/v2\/posts\/137667\/revisions"}],"predecessor-version":[{"id":137722,"href":"https:\/\/kunmedierne.dk\/mors\/wp-json\/wp\/v2\/posts\/137667\/revisions\/137722"}],"wp:attachment":[{"href":"https:\/\/kunmedierne.dk\/mors\/wp-json\/wp\/v2\/media?parent=137667"}],"wp:term":[{"taxonomy":"category","embeddable":true,"href":"https:\/\/kunmedierne.dk\/mors\/wp-json\/wp\/v2\/categories?post=137667"},{"taxonomy":"post_tag","embeddable":true,"href":"https:\/\/kunmedierne.dk\/mors\/wp-json\/wp\/v2\/tags?post=137667"}],"curies":[{"name":"wp","href":"https:\/\/api.w.org\/{rel}","templated":true}]}}