{"id":137208,"date":"2025-01-17T16:29:28","date_gmt":"2025-01-17T15:29:28","guid":{"rendered":"https:\/\/kunmedierne.dk\/mors\/?p=137208"},"modified":"2025-01-17T16:30:09","modified_gmt":"2025-01-17T15:30:09","slug":"et-demokrati-under-pres-er-blandt-temasporene-paa-kulturmoedet-2025","status":"publish","type":"post","link":"https:\/\/kunmedierne.dk\/mors\/et-demokrati-under-pres-er-blandt-temasporene-paa-kulturmoedet-2025\/","title":{"rendered":"Et demokrati under pres er blandt temasporene p\u00e5 Kulturm\u00f8det 2025"},"content":{"rendered":"<div class=\"fe-block fe-block-yui_3_17_2_1_1736490615517_85428\">\n<div id=\"block-yui_3_17_2_1_1736490615517_85428\" class=\"sqs-block html-block sqs-block-html\" data-blend-mode=\"NORMAL\" data-block-type=\"2\" data-border-radii=\"{&quot;topLeft&quot;:{&quot;unit&quot;:&quot;px&quot;,&quot;value&quot;:0.0},&quot;topRight&quot;:{&quot;unit&quot;:&quot;px&quot;,&quot;value&quot;:0.0},&quot;bottomLeft&quot;:{&quot;unit&quot;:&quot;px&quot;,&quot;value&quot;:0.0},&quot;bottomRight&quot;:{&quot;unit&quot;:&quot;px&quot;,&quot;value&quot;:0.0}}\">\n<div class=\"sqs-block-content\">\n<div class=\"sqs-html-content\">\n<div class=\"sqsrte-scaled-text-container loaded\">\n<p><strong>KULTURM\u00d8DET<\/strong>: Der er brug for at tage vare p\u00e5 demokratiet, og kulturen kan hj\u00e6lpe med det.<\/p>\n<p>S\u00e5dan lyder det fra Kulturm\u00f8det Mors, der fredag har pr\u00e6senteret sine seks temaspor for \u00e5rets helt store kulturbegivenhed.<\/p>\n<p>Den finder sted i dagene 21.-23. august, og blandt de seks temaspor er demokratiet.<\/p>\n<p>&#8220;Mange steder i verden ser vi i disse \u00e5r, hvordan populisme og autokratiske tendenser s\u00e6tter demokratiet som styreform under pres, mens sociale medier, big tech og kunstig intelligens \u00e6ndrer betingelserne for den offentlige samtale,&#8221; lyder det fra Kulturm\u00f8det i beskrivelsen af emnet.<\/p>\n<a class=\"dvrt-link\" onClick=\"cdmtrack_click(111725,jQuery(this));return false\" href=\"https:\/\/www.thistedforsikring.dk\/?utm_source=partnerskaber&amp;utm_campaign=kun_mors\"><img decoding=\"async\" style=\"width:100%;\" src=\"https:\/\/kunmedierne.dk\/mors\/wp-content\/uploads\/2024\/02\/269409KunMors-ThistedFor-1.png\"><\/a><script>cdmtrack_view(111725);<\/script>\n<p>Forts\u00e6ttelsen lyder:<\/p>\n<p>&#8220;P\u00e5 Kulturm\u00f8det s\u00e6tter vi fokus p\u00e5, hvilken rolle og hvilket ansvar kunsten og kulturen har i tidens h\u00f8jaktuelle sp\u00f8rgsm\u00e5l om demokrati, ytringsfrihed og identitet. Vil tryk avle modtryk, og kan kunsten og kulturen v\u00e6re med til at komme med svar, skabe h\u00e5b og binde os sammen i en urolig tid?&#8221;<\/p>\n<p>&nbsp;<\/p>\n<\/div>\n<p><strong>Fokus p\u00e5 n\u00e6ste generation<\/strong><\/p>\n<div class=\"sqsrte-scaled-text-container loaded\">\n<p>Forleden kunne Kulturm\u00f8det Mors offentligg\u00f8re sin deltagelse i et europ\u00e6isk kulturprogram. Nu kan det lokale kulturmekka s\u00e5 fort\u00e6lle om det, der sker p\u00e5 Mors, og foruden &#8220;Demokrati&#8221; har temasporene disse titler: &#8220;Sundhed i kultur&#8221;, &#8220;Opbrud&#8221;, &#8220;Gr\u00f8n dagsorden&#8221;, &#8220;Fremtid og Forretning&#8221; og &#8220;Kunstnerliv.&#8221;<\/p>\n<\/div>\n<div class=\"sqsrte-scaled-text-container loaded\">\n<p>\u00a0Temasporene kommer, fort\u00e6ller Kulturm\u00f8det, til at skabe rammerne for samtaleprogrammet og s\u00e6tte &#8220;fokus p\u00e5 kunsten og kulturens betydning og ansvar for det samfund, vi er f\u00e6lles om, og den fremtid vi \u00f8nsker at skabe.&#8221;<\/p>\n<a class=\"dvrt-link\" onClick=\"cdmtrack_click(104780,jQuery(this));return false\" href=\"https:\/\/www.spard.dk\/\"><img decoding=\"async\" style=\"width:100%;\" src=\"https:\/\/kunmedierne.dk\/mors\/wp-content\/uploads\/2023\/12\/sparekassen-dk-maj25.gif\"><\/a><script>cdmtrack_view(104780);<\/script>\n<p>Et tv\u00e6rg\u00e5ende fokus for de seks temaspor er n\u00e6ste generation. Det forklarer Kulturm\u00f8det med, at samtalen med og om b\u00f8rn og unge er afg\u00f8rende for vores fremtid. Det vil kunne ses under Kulturm\u00f8det, hvor Ung Kult igen st\u00e5r for et ungeomr\u00e5de, mens B\u00f8rnenes Kulturm\u00f8de ogs\u00e5 i 2025 integrerer de yngste i den store begivenhed.<\/p>\n<p>&#8220;Ogs\u00e5 Norden er igen et gennemg\u00e5ende fokusomr\u00e5de i 2025. Vi bringer store og vigtige nordiske stemmer til Kulturm\u00f8det, der bidrager med nye perspektiver til vores nationale samtale,&#8221;\u00a0 lyder det fra Kulturm\u00f8det Mors.<\/p>\n<p>Du kan l\u00e6se en n\u00e6rmere beskrivelse af de seks temaspor i faktaboksen herunder.<\/p>\n<\/div>\n<\/div>\n<\/div>\n<\/div>\n<\/div>\n<div class=\"fe-block fe-block-yui_3_17_2_1_1736490615517_85428\">\n<div id=\"block-yui_3_17_2_1_1736490615517_85428\" class=\"sqs-block html-block sqs-block-html\" data-blend-mode=\"NORMAL\" data-block-type=\"2\" data-border-radii=\"{&quot;topLeft&quot;:{&quot;unit&quot;:&quot;px&quot;,&quot;value&quot;:0.0},&quot;topRight&quot;:{&quot;unit&quot;:&quot;px&quot;,&quot;value&quot;:0.0},&quot;bottomLeft&quot;:{&quot;unit&quot;:&quot;px&quot;,&quot;value&quot;:0.0},&quot;bottomRight&quot;:{&quot;unit&quot;:&quot;px&quot;,&quot;value&quot;:0.0}}\">\n<blockquote>\n<h2>FAKTA<\/h2>\n<h5>De seks temaspor i Kulturm\u00f8det 2025:<\/h5>\n<h5 class=\"preSlide slideIn\"><strong>DEMOKRATI<\/strong><\/h5>\n<h5 class=\"preFade fadeIn\">Ligesom vores samfund forandrer sig over tid, udvikler demokratiet sig ogs\u00e5 konstant. Mange steder i verden ser vi i disse \u00e5r, hvordan populisme og autokratiske tendenser s\u00e6tter demokratiet som styreform under pres, mens sociale medier, <em>big tech<\/em> og kunstig intelligens \u00e6ndrer betingelserne for den offentlige samtale. P\u00e5 Kulturm\u00f8det s\u00e6tter vi fokus p\u00e5, hvilken rolle og hvilket ansvar kunsten og kulturen har i tidens h\u00f8jaktuelle sp\u00f8rgsm\u00e5l om demokrati, ytringsfrihed og identitet. Vil tryk avle modtryk, og kan kunsten og kulturen v\u00e6re med til at komme med svar, skabe h\u00e5b og binde os sammen i en urolig tid?<\/h5>\n<\/blockquote>\n<\/div>\n<\/div>\n<blockquote>\n<h5><\/h5>\n<h5 class=\"preSlide slideIn\"><strong>SUNDHED I KULTUR<\/strong><\/h5>\n<h5 class=\"preFade fadeIn\">Sundhed st\u00e5r h\u00f8jt p\u00e5 den politiske dagsorden, for alt for mange danskere lider af fysiske eller psykiske sygdomme, ensomhed og mistrivsel. Samtidig g\u00e5r vi en fremtid i m\u00f8de med flere \u00e6ldre og borgere med kroniske lidelser, og vi m\u00e5 derfor t\u00e6nke nyt for at skabe bedre trivsel og sundhed for alle. B\u00e5de forskningen og erfaringerne fra en lang r\u00e6kke initiativer viser tydeligt, at kunsten og kulturen kan v\u00e6re med til at spille en helt afg\u00f8rende rolle. P\u00e5 Kulturm\u00f8det s\u00e6tter vi fokus p\u00e5 de inspirerende eksempler fra hele landet og taler om, hvordan vi sikrer, at der bliver bygget videre p\u00e5 de gode resultater, s\u00e5 kunsten og kulturen ogs\u00e5 fremover bliver en del af indsatsen for sundhed og trivsel ude i kommunerne.<\/h5>\n<h5><\/h5>\n<h5 class=\"preSlide slideIn\"><strong>OPBRUD<\/strong><\/h5>\n<h5 class=\"preFade fadeIn\">Verden, som vi har kendt den de sidste 30 \u00e5r, er i opbrud. En ny sikkerhedspolitisk virkelighed tegner sig, og vores f\u00e6lles offentlige samtale er pr\u00e6get af klimakrise, flygtningestr\u00f8mme og krige p\u00e5 flere kontinenter. Samtidig skaber misinformation og AI-genereret indhold polarisering og mistillid til b\u00e5de institutionerne og hinanden. Usikkerhed om fremtiden er blevet et vilk\u00e5r, og derfor er vi n\u00f8dt til at t\u00e6nke nyt. Kunsten og kulturen har historisk bundet os sammen og hjulpet os til at forst\u00e5 den verden, vi lever i. Tidligere tiders kriser har tilmed vist, at kunst og kultur ligefrem trives i en opbrudstid, fordi b\u00e5de skabertrangen og \u00f8nsket om forandring bliver intensiveret. S\u00e5 hvilken rolle skal kunst og kultur spille i den tid, vi st\u00e5r i lige nu? Hvordan kan den v\u00e6re med til at indgyde h\u00e5b, finde l\u00f8sninger og v\u00e6re den lim, der binder os sammen?<\/h5>\n<h5><\/h5>\n<h5 class=\"preSlide slideIn\"><strong>GR\u00d8N DAGSORDEN<\/strong><\/h5>\n<h5 class=\"preFade fadeIn\">En god fremtid for vores b\u00f8rn er betinget af, at vi finder nye svar p\u00e5, hvordan vi skal leve, producere og forbruge fremover. Det er afg\u00f8rende, at vi nedbringer udledningen af CO2, men vi taler ogs\u00e5 i stigende grad om, at vi i Danmark er n\u00f8dt til at tilpasse os det vildere vejr, som klimaforandringerne bringer med sig. Kunst og kultur kan skabe tydelige visioner for et gr\u00f8nnere samfund, vise nye veje og skabe konkret handling. P\u00e5 Kulturm\u00f8det s\u00e6tter vi fokus p\u00e5 nye klimal\u00f8sninger i et samspil mellem kunst, videnskab og politisk beslutningskraft, og vi henter inspiration hos dem, der g\u00e5r forrest i den gr\u00f8nne omstilling af branchen.<\/h5>\n<h5><\/h5>\n<h5 class=\"preSlide slideIn\"><strong>FREMTID &amp; FORRETNING<\/strong><\/h5>\n<h5 class=\"preFade fadeIn\">Det digitale fremskridt bringer meget godt med sig, men det p\u00e5virker ogs\u00e5 vores evne til fordybelse i en negativ retning. Medier, kulturledere og medarbejdere skal kunne navigere i en opm\u00e6rksomheds\u00f8konomi, hvor det n\u00e6ste skud dopamin aldrig er l\u00e6ngere v\u00e6k end et vip med en tommelfinger. Samtidig bliver dele af selve kulturproduktionen p\u00e5virket af teknologi og kunstig intelligens. Det stiller helt nye krav til b\u00e5de ud\u00f8vende kunstnere og institutioner, og derfor s\u00e6tter vi kulturledelse p\u00e5 dagsordenen og sp\u00f8rger, hvordan man skaber de rette foruds\u00e6tninger for, at branchen f\u00f8lger med tiden. Hvad vil det sige at drive en kulturinstitution i dag og i fremtiden? Hvad er potentialet i forhold til publikum, data, organisering og frivillighed? Hvad kr\u00e6ver det af nye forretningsmodeller, medier, teknologi og kunstnerisk integritet<\/h5>\n<h5><\/h5>\n<h5 class=\"preSlide slideIn\"><strong>KUNSTNERLIV<\/strong><\/h5>\n<h5 class=\"preFade fadeIn\">Vi tager temperaturen p\u00e5 kunstnerlivet anno 2025 og giver ordet til kunstnerne selv. Hvordan er det at v\u00e6re skabende og ud\u00f8vende kunstner i Danmark og have en tilv\u00e6relse, der ofte er pr\u00e6get af midlertidige ans\u00e6ttelser, freelanceopgaver og ambitioner om at skabe en b\u00e6redygtig forretning? Hvordan ser fremtiden for det gode kunstnerliv ud? Vi inviterer kunst- og kulturbranchen til at diskutere, hvordan vi kan skabe gode rammer for kunstnerisk udvikling og trivsel. Samtalerne vil handle om arbejdsforhold, magtstrukturer, \u00e6ndrede kulturvaner, mental sundhed og en ny digital og teknologisk virkelighed.<\/h5>\n<h5 class=\"preFade fadeIn\">Kilde: Kulturm\u00f8det Mors.<\/h5>\n<\/blockquote>\n","protected":false},"excerpt":{"rendered":"<p>KULTURM\u00d8DET: Der er brug for at tage vare p\u00e5 demokratiet, og kulturen kan hj\u00e6lpe med det. S\u00e5dan lyder det fra Kulturm\u00f8det Mors, der fredag har pr\u00e6senteret sine seks temaspor for \u00e5rets helt store kulturbegivenhed. Den finder sted i dagene 21.-23. august, og blandt de seks temaspor er demokratiet. &#8220;Mange steder i verden ser vi i [&hellip;]<\/p>\n","protected":false},"author":8,"featured_media":0,"comment_status":"closed","ping_status":"closed","sticky":false,"template":"","format":"standard","meta":{"_acf_changed":false,"footnotes":""},"categories":[49],"tags":[162],"class_list":["post-137208","post","type-post","status-publish","format-standard","hentry","category-kultur","tag-kulturmoedet"],"acf":[],"yoast_head":"<!-- This site is optimized with the Yoast SEO plugin v26.8 - https:\/\/yoast.com\/product\/yoast-seo-wordpress\/ -->\n<title>Et demokrati under pres er blandt temasporene p\u00e5 Kulturm\u00f8det 2025 - Mors<\/title>\n<meta name=\"robots\" content=\"index, follow, max-snippet:-1, max-image-preview:large, max-video-preview:-1\" \/>\n<link rel=\"canonical\" href=\"https:\/\/kunmedierne.dk\/mors\/et-demokrati-under-pres-er-blandt-temasporene-paa-kulturmoedet-2025\/\" \/>\n<meta property=\"og:locale\" content=\"da_DK\" \/>\n<meta property=\"og:type\" content=\"article\" \/>\n<meta property=\"og:title\" content=\"Et demokrati under pres er blandt temasporene p\u00e5 Kulturm\u00f8det 2025 - Mors\" \/>\n<meta property=\"og:description\" content=\"KULTURM\u00d8DET: Der er brug for at tage vare p\u00e5 demokratiet, og kulturen kan hj\u00e6lpe med det. S\u00e5dan lyder det fra Kulturm\u00f8det Mors, der fredag har pr\u00e6senteret sine seks temaspor for \u00e5rets helt store kulturbegivenhed. Den finder sted i dagene 21.-23. august, og blandt de seks temaspor er demokratiet. &#8220;Mange steder i verden ser vi i [&hellip;]\" \/>\n<meta property=\"og:url\" content=\"https:\/\/kunmedierne.dk\/mors\/et-demokrati-under-pres-er-blandt-temasporene-paa-kulturmoedet-2025\/\" \/>\n<meta property=\"og:site_name\" content=\"Mors\" \/>\n<meta property=\"article:published_time\" content=\"2025-01-17T15:29:28+00:00\" \/>\n<meta property=\"article:modified_time\" content=\"2025-01-17T15:30:09+00:00\" \/>\n<meta name=\"author\" content=\"David H\u00f8jmark\" \/>\n<meta name=\"twitter:card\" content=\"summary_large_image\" \/>\n<meta name=\"twitter:label1\" content=\"Skrevet af\" \/>\n\t<meta name=\"twitter:data1\" content=\"David H\u00f8jmark\" \/>\n\t<meta name=\"twitter:label2\" content=\"Estimeret l\u00e6setid\" \/>\n\t<meta name=\"twitter:data2\" content=\"2 minutter\" \/>\n<script type=\"application\/ld+json\" class=\"yoast-schema-graph\">{\"@context\":\"https:\/\/schema.org\",\"@graph\":[{\"@type\":\"Article\",\"@id\":\"https:\/\/kunmedierne.dk\/mors\/et-demokrati-under-pres-er-blandt-temasporene-paa-kulturmoedet-2025\/#article\",\"isPartOf\":{\"@id\":\"https:\/\/kunmedierne.dk\/mors\/et-demokrati-under-pres-er-blandt-temasporene-paa-kulturmoedet-2025\/\"},\"author\":{\"name\":\"David H\u00f8jmark\",\"@id\":\"https:\/\/kunmedierne.dk\/mors\/#\/schema\/person\/5fe23251bf1d0abbcdc6f7896579d548\"},\"headline\":\"Et demokrati under pres er blandt temasporene p\u00e5 Kulturm\u00f8det 2025\",\"datePublished\":\"2025-01-17T15:29:28+00:00\",\"dateModified\":\"2025-01-17T15:30:09+00:00\",\"mainEntityOfPage\":{\"@id\":\"https:\/\/kunmedierne.dk\/mors\/et-demokrati-under-pres-er-blandt-temasporene-paa-kulturmoedet-2025\/\"},\"wordCount\":1137,\"publisher\":{\"@id\":\"https:\/\/kunmedierne.dk\/mors\/#organization\"},\"keywords\":[\"Kulturm\u00f8det\"],\"articleSection\":[\"Kultur\"],\"inLanguage\":\"da-DK\"},{\"@type\":\"WebPage\",\"@id\":\"https:\/\/kunmedierne.dk\/mors\/et-demokrati-under-pres-er-blandt-temasporene-paa-kulturmoedet-2025\/\",\"url\":\"https:\/\/kunmedierne.dk\/mors\/et-demokrati-under-pres-er-blandt-temasporene-paa-kulturmoedet-2025\/\",\"name\":\"Et demokrati under pres er blandt temasporene p\u00e5 Kulturm\u00f8det 2025 - Mors\",\"isPartOf\":{\"@id\":\"https:\/\/kunmedierne.dk\/mors\/#website\"},\"datePublished\":\"2025-01-17T15:29:28+00:00\",\"dateModified\":\"2025-01-17T15:30:09+00:00\",\"breadcrumb\":{\"@id\":\"https:\/\/kunmedierne.dk\/mors\/et-demokrati-under-pres-er-blandt-temasporene-paa-kulturmoedet-2025\/#breadcrumb\"},\"inLanguage\":\"da-DK\",\"potentialAction\":[{\"@type\":\"ReadAction\",\"target\":[\"https:\/\/kunmedierne.dk\/mors\/et-demokrati-under-pres-er-blandt-temasporene-paa-kulturmoedet-2025\/\"]}]},{\"@type\":\"BreadcrumbList\",\"@id\":\"https:\/\/kunmedierne.dk\/mors\/et-demokrati-under-pres-er-blandt-temasporene-paa-kulturmoedet-2025\/#breadcrumb\",\"itemListElement\":[{\"@type\":\"ListItem\",\"position\":1,\"name\":\"Hjem\",\"item\":\"https:\/\/kunmedierne.dk\/mors\/\"},{\"@type\":\"ListItem\",\"position\":2,\"name\":\"Et demokrati under pres er blandt temasporene p\u00e5 Kulturm\u00f8det 2025\"}]},{\"@type\":\"WebSite\",\"@id\":\"https:\/\/kunmedierne.dk\/mors\/#website\",\"url\":\"https:\/\/kunmedierne.dk\/mors\/\",\"name\":\"Mors\",\"description\":\"et netmedie med journalistik om livet p\u00e5 Mors\",\"publisher\":{\"@id\":\"https:\/\/kunmedierne.dk\/mors\/#organization\"},\"potentialAction\":[{\"@type\":\"SearchAction\",\"target\":{\"@type\":\"EntryPoint\",\"urlTemplate\":\"https:\/\/kunmedierne.dk\/mors\/?s={search_term_string}\"},\"query-input\":{\"@type\":\"PropertyValueSpecification\",\"valueRequired\":true,\"valueName\":\"search_term_string\"}}],\"inLanguage\":\"da-DK\"},{\"@type\":\"Organization\",\"@id\":\"https:\/\/kunmedierne.dk\/mors\/#organization\",\"name\":\"Mors\",\"url\":\"https:\/\/kunmedierne.dk\/mors\/\",\"logo\":{\"@type\":\"ImageObject\",\"inLanguage\":\"da-DK\",\"@id\":\"https:\/\/kunmedierne.dk\/mors\/#\/schema\/logo\/image\/\",\"url\":\"https:\/\/kunmedierne.dk\/mors\/wp-content\/uploads\/2024\/08\/kunmors-logo.svg\",\"contentUrl\":\"https:\/\/kunmedierne.dk\/mors\/wp-content\/uploads\/2024\/08\/kunmors-logo.svg\",\"caption\":\"Mors\"},\"image\":{\"@id\":\"https:\/\/kunmedierne.dk\/mors\/#\/schema\/logo\/image\/\"}},{\"@type\":\"Person\",\"@id\":\"https:\/\/kunmedierne.dk\/mors\/#\/schema\/person\/5fe23251bf1d0abbcdc6f7896579d548\",\"name\":\"David H\u00f8jmark\",\"image\":{\"@type\":\"ImageObject\",\"inLanguage\":\"da-DK\",\"@id\":\"https:\/\/kunmedierne.dk\/mors\/#\/schema\/person\/image\/\",\"url\":\"https:\/\/secure.gravatar.com\/avatar\/4315d6fb9ef244d729989f5f90268eb08d5bf8a3d84402f595fa194bb35784fd?s=96&d=mm&r=g\",\"contentUrl\":\"https:\/\/secure.gravatar.com\/avatar\/4315d6fb9ef244d729989f5f90268eb08d5bf8a3d84402f595fa194bb35784fd?s=96&d=mm&r=g\",\"caption\":\"David H\u00f8jmark\"},\"sameAs\":[\"https:\/\/www.kunmedierne.dk\"],\"url\":\"https:\/\/kunmedierne.dk\/mors\/author\/david\/\"}]}<\/script>\n<!-- \/ Yoast SEO plugin. -->","yoast_head_json":{"title":"Et demokrati under pres er blandt temasporene p\u00e5 Kulturm\u00f8det 2025 - Mors","robots":{"index":"index","follow":"follow","max-snippet":"max-snippet:-1","max-image-preview":"max-image-preview:large","max-video-preview":"max-video-preview:-1"},"canonical":"https:\/\/kunmedierne.dk\/mors\/et-demokrati-under-pres-er-blandt-temasporene-paa-kulturmoedet-2025\/","og_locale":"da_DK","og_type":"article","og_title":"Et demokrati under pres er blandt temasporene p\u00e5 Kulturm\u00f8det 2025 - Mors","og_description":"KULTURM\u00d8DET: Der er brug for at tage vare p\u00e5 demokratiet, og kulturen kan hj\u00e6lpe med det. S\u00e5dan lyder det fra Kulturm\u00f8det Mors, der fredag har pr\u00e6senteret sine seks temaspor for \u00e5rets helt store kulturbegivenhed. Den finder sted i dagene 21.-23. august, og blandt de seks temaspor er demokratiet. &#8220;Mange steder i verden ser vi i [&hellip;]","og_url":"https:\/\/kunmedierne.dk\/mors\/et-demokrati-under-pres-er-blandt-temasporene-paa-kulturmoedet-2025\/","og_site_name":"Mors","article_published_time":"2025-01-17T15:29:28+00:00","article_modified_time":"2025-01-17T15:30:09+00:00","author":"David H\u00f8jmark","twitter_card":"summary_large_image","twitter_misc":{"Skrevet af":"David H\u00f8jmark","Estimeret l\u00e6setid":"2 minutter"},"schema":{"@context":"https:\/\/schema.org","@graph":[{"@type":"Article","@id":"https:\/\/kunmedierne.dk\/mors\/et-demokrati-under-pres-er-blandt-temasporene-paa-kulturmoedet-2025\/#article","isPartOf":{"@id":"https:\/\/kunmedierne.dk\/mors\/et-demokrati-under-pres-er-blandt-temasporene-paa-kulturmoedet-2025\/"},"author":{"name":"David H\u00f8jmark","@id":"https:\/\/kunmedierne.dk\/mors\/#\/schema\/person\/5fe23251bf1d0abbcdc6f7896579d548"},"headline":"Et demokrati under pres er blandt temasporene p\u00e5 Kulturm\u00f8det 2025","datePublished":"2025-01-17T15:29:28+00:00","dateModified":"2025-01-17T15:30:09+00:00","mainEntityOfPage":{"@id":"https:\/\/kunmedierne.dk\/mors\/et-demokrati-under-pres-er-blandt-temasporene-paa-kulturmoedet-2025\/"},"wordCount":1137,"publisher":{"@id":"https:\/\/kunmedierne.dk\/mors\/#organization"},"keywords":["Kulturm\u00f8det"],"articleSection":["Kultur"],"inLanguage":"da-DK"},{"@type":"WebPage","@id":"https:\/\/kunmedierne.dk\/mors\/et-demokrati-under-pres-er-blandt-temasporene-paa-kulturmoedet-2025\/","url":"https:\/\/kunmedierne.dk\/mors\/et-demokrati-under-pres-er-blandt-temasporene-paa-kulturmoedet-2025\/","name":"Et demokrati under pres er blandt temasporene p\u00e5 Kulturm\u00f8det 2025 - Mors","isPartOf":{"@id":"https:\/\/kunmedierne.dk\/mors\/#website"},"datePublished":"2025-01-17T15:29:28+00:00","dateModified":"2025-01-17T15:30:09+00:00","breadcrumb":{"@id":"https:\/\/kunmedierne.dk\/mors\/et-demokrati-under-pres-er-blandt-temasporene-paa-kulturmoedet-2025\/#breadcrumb"},"inLanguage":"da-DK","potentialAction":[{"@type":"ReadAction","target":["https:\/\/kunmedierne.dk\/mors\/et-demokrati-under-pres-er-blandt-temasporene-paa-kulturmoedet-2025\/"]}]},{"@type":"BreadcrumbList","@id":"https:\/\/kunmedierne.dk\/mors\/et-demokrati-under-pres-er-blandt-temasporene-paa-kulturmoedet-2025\/#breadcrumb","itemListElement":[{"@type":"ListItem","position":1,"name":"Hjem","item":"https:\/\/kunmedierne.dk\/mors\/"},{"@type":"ListItem","position":2,"name":"Et demokrati under pres er blandt temasporene p\u00e5 Kulturm\u00f8det 2025"}]},{"@type":"WebSite","@id":"https:\/\/kunmedierne.dk\/mors\/#website","url":"https:\/\/kunmedierne.dk\/mors\/","name":"Mors","description":"et netmedie med journalistik om livet p\u00e5 Mors","publisher":{"@id":"https:\/\/kunmedierne.dk\/mors\/#organization"},"potentialAction":[{"@type":"SearchAction","target":{"@type":"EntryPoint","urlTemplate":"https:\/\/kunmedierne.dk\/mors\/?s={search_term_string}"},"query-input":{"@type":"PropertyValueSpecification","valueRequired":true,"valueName":"search_term_string"}}],"inLanguage":"da-DK"},{"@type":"Organization","@id":"https:\/\/kunmedierne.dk\/mors\/#organization","name":"Mors","url":"https:\/\/kunmedierne.dk\/mors\/","logo":{"@type":"ImageObject","inLanguage":"da-DK","@id":"https:\/\/kunmedierne.dk\/mors\/#\/schema\/logo\/image\/","url":"https:\/\/kunmedierne.dk\/mors\/wp-content\/uploads\/2024\/08\/kunmors-logo.svg","contentUrl":"https:\/\/kunmedierne.dk\/mors\/wp-content\/uploads\/2024\/08\/kunmors-logo.svg","caption":"Mors"},"image":{"@id":"https:\/\/kunmedierne.dk\/mors\/#\/schema\/logo\/image\/"}},{"@type":"Person","@id":"https:\/\/kunmedierne.dk\/mors\/#\/schema\/person\/5fe23251bf1d0abbcdc6f7896579d548","name":"David H\u00f8jmark","image":{"@type":"ImageObject","inLanguage":"da-DK","@id":"https:\/\/kunmedierne.dk\/mors\/#\/schema\/person\/image\/","url":"https:\/\/secure.gravatar.com\/avatar\/4315d6fb9ef244d729989f5f90268eb08d5bf8a3d84402f595fa194bb35784fd?s=96&d=mm&r=g","contentUrl":"https:\/\/secure.gravatar.com\/avatar\/4315d6fb9ef244d729989f5f90268eb08d5bf8a3d84402f595fa194bb35784fd?s=96&d=mm&r=g","caption":"David H\u00f8jmark"},"sameAs":["https:\/\/www.kunmedierne.dk"],"url":"https:\/\/kunmedierne.dk\/mors\/author\/david\/"}]}},"_links":{"self":[{"href":"https:\/\/kunmedierne.dk\/mors\/wp-json\/wp\/v2\/posts\/137208","targetHints":{"allow":["GET"]}}],"collection":[{"href":"https:\/\/kunmedierne.dk\/mors\/wp-json\/wp\/v2\/posts"}],"about":[{"href":"https:\/\/kunmedierne.dk\/mors\/wp-json\/wp\/v2\/types\/post"}],"author":[{"embeddable":true,"href":"https:\/\/kunmedierne.dk\/mors\/wp-json\/wp\/v2\/users\/8"}],"replies":[{"embeddable":true,"href":"https:\/\/kunmedierne.dk\/mors\/wp-json\/wp\/v2\/comments?post=137208"}],"version-history":[{"count":3,"href":"https:\/\/kunmedierne.dk\/mors\/wp-json\/wp\/v2\/posts\/137208\/revisions"}],"predecessor-version":[{"id":137216,"href":"https:\/\/kunmedierne.dk\/mors\/wp-json\/wp\/v2\/posts\/137208\/revisions\/137216"}],"wp:attachment":[{"href":"https:\/\/kunmedierne.dk\/mors\/wp-json\/wp\/v2\/media?parent=137208"}],"wp:term":[{"taxonomy":"category","embeddable":true,"href":"https:\/\/kunmedierne.dk\/mors\/wp-json\/wp\/v2\/categories?post=137208"},{"taxonomy":"post_tag","embeddable":true,"href":"https:\/\/kunmedierne.dk\/mors\/wp-json\/wp\/v2\/tags?post=137208"}],"curies":[{"name":"wp","href":"https:\/\/api.w.org\/{rel}","templated":true}]}}