{"id":137153,"date":"2025-01-16T18:30:18","date_gmt":"2025-01-16T17:30:18","guid":{"rendered":"https:\/\/kunmedierne.dk\/mors\/?p=137153"},"modified":"2025-01-16T18:30:18","modified_gmt":"2025-01-16T17:30:18","slug":"morten-ankerdal-afloeser-clement-kjersgaard-til-frivilligfesten-2025","status":"publish","type":"post","link":"https:\/\/kunmedierne.dk\/mors\/morten-ankerdal-afloeser-clement-kjersgaard-til-frivilligfesten-2025\/","title":{"rendered":"Morten Ankerdal afl\u00f8ser Clement Kjersgaard til Frivilligfesten 2025"},"content":{"rendered":"<p><strong>FRIVILLIGFEST<\/strong>: Han har efterh\u00e5nden v\u00e6ret med s\u00e5 mange gange, at han er en integreret del af s\u00e5vel Kulturm\u00f8det som Frivilligfesten &#8211; men i \u00e5r bliver det sidste uden Clement Kjersgaard.<\/p>\n<p>Mors\u00f8 Kommune har offentliggjort programmet for den store fest. Den finder sted den 28. marts, og det bliver med en anden tv-kendis, TV2&#8217;s Morten Ankerdal, som konferencier.<\/p>\n<p>&#8211; Vi er glade for igen at kunne fejre frivilligheden p\u00e5 Mors, for det er en af de vigtigste ressourcer for Mors og noget, som vi med stolthed kan kalde os for danmarksmestre i. Vi kan nu ogs\u00e5 pr\u00e6sentere det st\u00e6rke program for frivilligfesten. Det rummer blandt andet mange gode lokale indslag, og vi har den erfarne tv-v\u00e6rt Morten Ankerdal med denne gang til at styre slagets gang. Det bliver et brag af en fest, som vi h\u00e5ber, at rigtig mange har lyst til at deltage i, siger borgmester Hans Ejner Bertelsen (V).<\/p>\n<a class=\"dvrt-link\" onClick=\"cdmtrack_click(169437,jQuery(this));return false\" href=\"https:\/\/thymors.dk\/sponsorater\/15-til-faellesskabet?utm_source=kunmors&amp;utm_medium=annonce&amp;utm_campaign=sponsorater\"><img decoding=\"async\" style=\"width:100%;\" src=\"https:\/\/kunmedierne.dk\/mors\/wp-content\/uploads\/2026\/03\/260407ThyMors-energi_faellesskab_generel-1.jpg\"><\/a><script>cdmtrack_view(169437);<\/script>\n<p>Den seneste frivilligfest fandt sted i 2023, da Midtmors Sport dannede ramme om s\u00e5vel underholdning som k\u00e5ringer. Den i 2o24 blev sparet v\u00e6k med en politiske beslutning om at holde festen hvert andet \u00e5r, s\u00e5 nu er den tilbage &#8211; ogs\u00e5 i Nyk\u00f8bing, hvor Sparekassen Thy Arena Mors igen er v\u00e6rt.<\/p>\n<p>&nbsp;<\/p>\n<p><strong>Priser, god mad og underholdning<\/strong><\/p>\n<p>Her bliver der en s\u00e6rlig anledning til at feste, for i september gjorde en stor unders\u00f8gelse morsingboerne til uofficielle <a href=\"https:\/\/kunmedierne.dk\/morsingboerne-er-danmarksmestre-i-frivillighed\/\" target=\"_blank\" rel=\"noopener\">danmarksmestre i frivillighed<\/a>, hvilket naturligvis <a href=\"https:\/\/kunmedierne.dk\/mors\/fejring-af-frivillige-hvis-der-ikke-var-nogen-til-at-hjaelpe-betoed-det-bare-overhovedet-ingenting\/\" target=\"_blank\" rel=\"noopener\">blev fejret<\/a> i det lokale frivilligcenter.<\/p>\n<p>Det vil der nok ogs\u00e5 falde et ord eller to om den fredag aften i marts, der som vanligt byder p\u00e5 uddeling af diverse priser: \u00c5rets Frivillig, \u00c5rets Forening, \u00c5rets Kunstner, \u00c5rets Ungleder og Handicapprisen ved DH Mors\u00f8 &#8211; lige som aftenen ogs\u00e5 byder p\u00e5 h\u00e6der til \u00f8ens sportsmestre fra 2023 og 2024.<\/p>\n<a class=\"dvrt-link\" onClick=\"cdmtrack_click(104783,jQuery(this));return false\" href=\"https:\/\/konpap.dk\/\"><img decoding=\"async\" style=\"width:100%;\" src=\"https:\/\/kunmedierne.dk\/mors\/wp-content\/uploads\/2023\/10\/Kun-Mors-banner.jpg\"><\/a><script>cdmtrack_view(104783);<\/script>\n<p>I forhold til k\u00e5ringerne har morsingboerne stadig indflydelse. Frem til fredag den 24. januar kan man indstille sine favoritter til kommunen og fort\u00e6lle, hvorfor vedkommende har fortjent prisen.<\/p>\n<p>Uanset vindere f\u00e5r publikum formentlig en god aften ud af det. Menuen bliver nemlig leveret af Bistro No1, og lokale indslag vil supplere den nordjyske komiker Jonas Mogensen. Et af aftenens musikalske indslag bliver Mors Gospel og Klitm\u00f8ller Gospel, der vil optr\u00e6de under ledelse af den professionelle korleder Lydiah Warimiru.<\/p>\n<p>&nbsp;<\/p>\n<blockquote>\n<h3 class=\"cdm-speech-text\">FAKTA<\/h3>\n<h5 class=\"v1MsoNormal\">P\u00e5 Mors\u00f8 Kommunes hjemmeside kan du p\u00e5 <a href=\"https:\/\/mors.dk\/frivilligfest\" target=\"_blank\" rel=\"noopener\">dette link<\/a> l\u00e6se mere om frivilligfesten. Her kan du indstille kandidater til priser og sportsmestre til h\u00e6dring, se programmet og &#8211; fra \u00e5bning af billetsalgdet den 4. februar klokken 17 &#8211; k\u00f8be en billet til Frivilligfesten 2025.<\/h5>\n<p>&nbsp;<\/p>\n<h3 class=\"cdm-speech-text\">L\u00c6S OGS\u00c5<\/h3>\n<h5 class=\"cdm-speech-text\"><a href=\"https:\/\/kunmedierne.dk\/morsingboerne-er-danmarksmestre-i-frivillighed\/\">Morsingboerne er danmarksmestre i frivillighed<\/a><\/h5>\n<h5><a href=\"https:\/\/kunmedierne.dk\/mors\/fejring-af-frivillige-hvis-der-ikke-var-nogen-til-at-hjaelpe-betoed-det-bare-overhovedet-ingenting\/\" target=\"_blank\" rel=\"noopener\">Fejring af frivillige: &#8220;Hvis der ikke var nogen til at hj\u00e6lpe, bet\u00f8d det bare overhovedet ingenting&#8221;<\/a><\/h5>\n<h5><a href=\"https:\/\/kunmedierne.dk\/mors\/pomp-og-pragt-kom-indefra-under-formidabel-fest-for-de-frivillige\/\" target=\"_blank\" rel=\"noopener\">Pomp og pragt kom indefra under formidabel fest for de frivillige<\/a><\/h5>\n<\/blockquote>\n<p>&nbsp;<\/p>\n","protected":false},"excerpt":{"rendered":"<p>FRIVILLIGFEST: Han har efterh\u00e5nden v\u00e6ret med s\u00e5 mange gange, at han er en integreret del af s\u00e5vel Kulturm\u00f8det som Frivilligfesten &#8211; men i \u00e5r bliver det sidste uden Clement Kjersgaard. Mors\u00f8 Kommune har offentliggjort programmet for den store fest. Den finder sted den 28. marts, og det bliver med en anden tv-kendis, TV2&#8217;s Morten Ankerdal, [&hellip;]<\/p>\n","protected":false},"author":8,"featured_media":0,"comment_status":"closed","ping_status":"closed","sticky":false,"template":"","format":"standard","meta":{"_acf_changed":false,"footnotes":""},"categories":[49],"tags":[196],"class_list":["post-137153","post","type-post","status-publish","format-standard","hentry","category-kultur","tag-foreningsliv"],"acf":[],"yoast_head":"<!-- This site is optimized with the Yoast SEO plugin v26.8 - https:\/\/yoast.com\/product\/yoast-seo-wordpress\/ -->\n<title>Morten Ankerdal afl\u00f8ser Clement Kjersgaard til Frivilligfesten 2025 - Mors<\/title>\n<meta name=\"robots\" content=\"index, follow, max-snippet:-1, max-image-preview:large, max-video-preview:-1\" \/>\n<link rel=\"canonical\" href=\"https:\/\/kunmedierne.dk\/mors\/morten-ankerdal-afloeser-clement-kjersgaard-til-frivilligfesten-2025\/\" \/>\n<meta property=\"og:locale\" content=\"da_DK\" \/>\n<meta property=\"og:type\" content=\"article\" \/>\n<meta property=\"og:title\" content=\"Morten Ankerdal afl\u00f8ser Clement Kjersgaard til Frivilligfesten 2025 - Mors\" \/>\n<meta property=\"og:description\" content=\"FRIVILLIGFEST: Han har efterh\u00e5nden v\u00e6ret med s\u00e5 mange gange, at han er en integreret del af s\u00e5vel Kulturm\u00f8det som Frivilligfesten &#8211; men i \u00e5r bliver det sidste uden Clement Kjersgaard. Mors\u00f8 Kommune har offentliggjort programmet for den store fest. Den finder sted den 28. marts, og det bliver med en anden tv-kendis, TV2&#8217;s Morten Ankerdal, [&hellip;]\" \/>\n<meta property=\"og:url\" content=\"https:\/\/kunmedierne.dk\/mors\/morten-ankerdal-afloeser-clement-kjersgaard-til-frivilligfesten-2025\/\" \/>\n<meta property=\"og:site_name\" content=\"Mors\" \/>\n<meta property=\"article:published_time\" content=\"2025-01-16T17:30:18+00:00\" \/>\n<meta name=\"author\" content=\"David H\u00f8jmark\" \/>\n<meta name=\"twitter:card\" content=\"summary_large_image\" \/>\n<meta name=\"twitter:label1\" content=\"Skrevet af\" \/>\n\t<meta name=\"twitter:data1\" content=\"David H\u00f8jmark\" \/>\n\t<meta name=\"twitter:label2\" content=\"Estimeret l\u00e6setid\" \/>\n\t<meta name=\"twitter:data2\" content=\"3 minutter\" \/>\n<script type=\"application\/ld+json\" class=\"yoast-schema-graph\">{\"@context\":\"https:\/\/schema.org\",\"@graph\":[{\"@type\":\"Article\",\"@id\":\"https:\/\/kunmedierne.dk\/mors\/morten-ankerdal-afloeser-clement-kjersgaard-til-frivilligfesten-2025\/#article\",\"isPartOf\":{\"@id\":\"https:\/\/kunmedierne.dk\/mors\/morten-ankerdal-afloeser-clement-kjersgaard-til-frivilligfesten-2025\/\"},\"author\":{\"name\":\"David H\u00f8jmark\",\"@id\":\"https:\/\/kunmedierne.dk\/mors\/#\/schema\/person\/5fe23251bf1d0abbcdc6f7896579d548\"},\"headline\":\"Morten Ankerdal afl\u00f8ser Clement Kjersgaard til Frivilligfesten 2025\",\"datePublished\":\"2025-01-16T17:30:18+00:00\",\"mainEntityOfPage\":{\"@id\":\"https:\/\/kunmedierne.dk\/mors\/morten-ankerdal-afloeser-clement-kjersgaard-til-frivilligfesten-2025\/\"},\"wordCount\":482,\"publisher\":{\"@id\":\"https:\/\/kunmedierne.dk\/mors\/#organization\"},\"keywords\":[\"Foreningsliv\"],\"articleSection\":[\"Kultur\"],\"inLanguage\":\"da-DK\"},{\"@type\":\"WebPage\",\"@id\":\"https:\/\/kunmedierne.dk\/mors\/morten-ankerdal-afloeser-clement-kjersgaard-til-frivilligfesten-2025\/\",\"url\":\"https:\/\/kunmedierne.dk\/mors\/morten-ankerdal-afloeser-clement-kjersgaard-til-frivilligfesten-2025\/\",\"name\":\"Morten Ankerdal afl\u00f8ser Clement Kjersgaard til Frivilligfesten 2025 - Mors\",\"isPartOf\":{\"@id\":\"https:\/\/kunmedierne.dk\/mors\/#website\"},\"datePublished\":\"2025-01-16T17:30:18+00:00\",\"breadcrumb\":{\"@id\":\"https:\/\/kunmedierne.dk\/mors\/morten-ankerdal-afloeser-clement-kjersgaard-til-frivilligfesten-2025\/#breadcrumb\"},\"inLanguage\":\"da-DK\",\"potentialAction\":[{\"@type\":\"ReadAction\",\"target\":[\"https:\/\/kunmedierne.dk\/mors\/morten-ankerdal-afloeser-clement-kjersgaard-til-frivilligfesten-2025\/\"]}]},{\"@type\":\"BreadcrumbList\",\"@id\":\"https:\/\/kunmedierne.dk\/mors\/morten-ankerdal-afloeser-clement-kjersgaard-til-frivilligfesten-2025\/#breadcrumb\",\"itemListElement\":[{\"@type\":\"ListItem\",\"position\":1,\"name\":\"Hjem\",\"item\":\"https:\/\/kunmedierne.dk\/mors\/\"},{\"@type\":\"ListItem\",\"position\":2,\"name\":\"Morten Ankerdal afl\u00f8ser Clement Kjersgaard til Frivilligfesten 2025\"}]},{\"@type\":\"WebSite\",\"@id\":\"https:\/\/kunmedierne.dk\/mors\/#website\",\"url\":\"https:\/\/kunmedierne.dk\/mors\/\",\"name\":\"Mors\",\"description\":\"et netmedie med journalistik om livet p\u00e5 Mors\",\"publisher\":{\"@id\":\"https:\/\/kunmedierne.dk\/mors\/#organization\"},\"potentialAction\":[{\"@type\":\"SearchAction\",\"target\":{\"@type\":\"EntryPoint\",\"urlTemplate\":\"https:\/\/kunmedierne.dk\/mors\/?s={search_term_string}\"},\"query-input\":{\"@type\":\"PropertyValueSpecification\",\"valueRequired\":true,\"valueName\":\"search_term_string\"}}],\"inLanguage\":\"da-DK\"},{\"@type\":\"Organization\",\"@id\":\"https:\/\/kunmedierne.dk\/mors\/#organization\",\"name\":\"Mors\",\"url\":\"https:\/\/kunmedierne.dk\/mors\/\",\"logo\":{\"@type\":\"ImageObject\",\"inLanguage\":\"da-DK\",\"@id\":\"https:\/\/kunmedierne.dk\/mors\/#\/schema\/logo\/image\/\",\"url\":\"https:\/\/kunmedierne.dk\/mors\/wp-content\/uploads\/2024\/08\/kunmors-logo.svg\",\"contentUrl\":\"https:\/\/kunmedierne.dk\/mors\/wp-content\/uploads\/2024\/08\/kunmors-logo.svg\",\"caption\":\"Mors\"},\"image\":{\"@id\":\"https:\/\/kunmedierne.dk\/mors\/#\/schema\/logo\/image\/\"}},{\"@type\":\"Person\",\"@id\":\"https:\/\/kunmedierne.dk\/mors\/#\/schema\/person\/5fe23251bf1d0abbcdc6f7896579d548\",\"name\":\"David H\u00f8jmark\",\"image\":{\"@type\":\"ImageObject\",\"inLanguage\":\"da-DK\",\"@id\":\"https:\/\/kunmedierne.dk\/mors\/#\/schema\/person\/image\/\",\"url\":\"https:\/\/secure.gravatar.com\/avatar\/4315d6fb9ef244d729989f5f90268eb08d5bf8a3d84402f595fa194bb35784fd?s=96&d=mm&r=g\",\"contentUrl\":\"https:\/\/secure.gravatar.com\/avatar\/4315d6fb9ef244d729989f5f90268eb08d5bf8a3d84402f595fa194bb35784fd?s=96&d=mm&r=g\",\"caption\":\"David H\u00f8jmark\"},\"sameAs\":[\"https:\/\/www.kunmedierne.dk\"],\"url\":\"https:\/\/kunmedierne.dk\/mors\/author\/david\/\"}]}<\/script>\n<!-- \/ Yoast SEO plugin. -->","yoast_head_json":{"title":"Morten Ankerdal afl\u00f8ser Clement Kjersgaard til Frivilligfesten 2025 - Mors","robots":{"index":"index","follow":"follow","max-snippet":"max-snippet:-1","max-image-preview":"max-image-preview:large","max-video-preview":"max-video-preview:-1"},"canonical":"https:\/\/kunmedierne.dk\/mors\/morten-ankerdal-afloeser-clement-kjersgaard-til-frivilligfesten-2025\/","og_locale":"da_DK","og_type":"article","og_title":"Morten Ankerdal afl\u00f8ser Clement Kjersgaard til Frivilligfesten 2025 - Mors","og_description":"FRIVILLIGFEST: Han har efterh\u00e5nden v\u00e6ret med s\u00e5 mange gange, at han er en integreret del af s\u00e5vel Kulturm\u00f8det som Frivilligfesten &#8211; men i \u00e5r bliver det sidste uden Clement Kjersgaard. Mors\u00f8 Kommune har offentliggjort programmet for den store fest. Den finder sted den 28. marts, og det bliver med en anden tv-kendis, TV2&#8217;s Morten Ankerdal, [&hellip;]","og_url":"https:\/\/kunmedierne.dk\/mors\/morten-ankerdal-afloeser-clement-kjersgaard-til-frivilligfesten-2025\/","og_site_name":"Mors","article_published_time":"2025-01-16T17:30:18+00:00","author":"David H\u00f8jmark","twitter_card":"summary_large_image","twitter_misc":{"Skrevet af":"David H\u00f8jmark","Estimeret l\u00e6setid":"3 minutter"},"schema":{"@context":"https:\/\/schema.org","@graph":[{"@type":"Article","@id":"https:\/\/kunmedierne.dk\/mors\/morten-ankerdal-afloeser-clement-kjersgaard-til-frivilligfesten-2025\/#article","isPartOf":{"@id":"https:\/\/kunmedierne.dk\/mors\/morten-ankerdal-afloeser-clement-kjersgaard-til-frivilligfesten-2025\/"},"author":{"name":"David H\u00f8jmark","@id":"https:\/\/kunmedierne.dk\/mors\/#\/schema\/person\/5fe23251bf1d0abbcdc6f7896579d548"},"headline":"Morten Ankerdal afl\u00f8ser Clement Kjersgaard til Frivilligfesten 2025","datePublished":"2025-01-16T17:30:18+00:00","mainEntityOfPage":{"@id":"https:\/\/kunmedierne.dk\/mors\/morten-ankerdal-afloeser-clement-kjersgaard-til-frivilligfesten-2025\/"},"wordCount":482,"publisher":{"@id":"https:\/\/kunmedierne.dk\/mors\/#organization"},"keywords":["Foreningsliv"],"articleSection":["Kultur"],"inLanguage":"da-DK"},{"@type":"WebPage","@id":"https:\/\/kunmedierne.dk\/mors\/morten-ankerdal-afloeser-clement-kjersgaard-til-frivilligfesten-2025\/","url":"https:\/\/kunmedierne.dk\/mors\/morten-ankerdal-afloeser-clement-kjersgaard-til-frivilligfesten-2025\/","name":"Morten Ankerdal afl\u00f8ser Clement Kjersgaard til Frivilligfesten 2025 - Mors","isPartOf":{"@id":"https:\/\/kunmedierne.dk\/mors\/#website"},"datePublished":"2025-01-16T17:30:18+00:00","breadcrumb":{"@id":"https:\/\/kunmedierne.dk\/mors\/morten-ankerdal-afloeser-clement-kjersgaard-til-frivilligfesten-2025\/#breadcrumb"},"inLanguage":"da-DK","potentialAction":[{"@type":"ReadAction","target":["https:\/\/kunmedierne.dk\/mors\/morten-ankerdal-afloeser-clement-kjersgaard-til-frivilligfesten-2025\/"]}]},{"@type":"BreadcrumbList","@id":"https:\/\/kunmedierne.dk\/mors\/morten-ankerdal-afloeser-clement-kjersgaard-til-frivilligfesten-2025\/#breadcrumb","itemListElement":[{"@type":"ListItem","position":1,"name":"Hjem","item":"https:\/\/kunmedierne.dk\/mors\/"},{"@type":"ListItem","position":2,"name":"Morten Ankerdal afl\u00f8ser Clement Kjersgaard til Frivilligfesten 2025"}]},{"@type":"WebSite","@id":"https:\/\/kunmedierne.dk\/mors\/#website","url":"https:\/\/kunmedierne.dk\/mors\/","name":"Mors","description":"et netmedie med journalistik om livet p\u00e5 Mors","publisher":{"@id":"https:\/\/kunmedierne.dk\/mors\/#organization"},"potentialAction":[{"@type":"SearchAction","target":{"@type":"EntryPoint","urlTemplate":"https:\/\/kunmedierne.dk\/mors\/?s={search_term_string}"},"query-input":{"@type":"PropertyValueSpecification","valueRequired":true,"valueName":"search_term_string"}}],"inLanguage":"da-DK"},{"@type":"Organization","@id":"https:\/\/kunmedierne.dk\/mors\/#organization","name":"Mors","url":"https:\/\/kunmedierne.dk\/mors\/","logo":{"@type":"ImageObject","inLanguage":"da-DK","@id":"https:\/\/kunmedierne.dk\/mors\/#\/schema\/logo\/image\/","url":"https:\/\/kunmedierne.dk\/mors\/wp-content\/uploads\/2024\/08\/kunmors-logo.svg","contentUrl":"https:\/\/kunmedierne.dk\/mors\/wp-content\/uploads\/2024\/08\/kunmors-logo.svg","caption":"Mors"},"image":{"@id":"https:\/\/kunmedierne.dk\/mors\/#\/schema\/logo\/image\/"}},{"@type":"Person","@id":"https:\/\/kunmedierne.dk\/mors\/#\/schema\/person\/5fe23251bf1d0abbcdc6f7896579d548","name":"David H\u00f8jmark","image":{"@type":"ImageObject","inLanguage":"da-DK","@id":"https:\/\/kunmedierne.dk\/mors\/#\/schema\/person\/image\/","url":"https:\/\/secure.gravatar.com\/avatar\/4315d6fb9ef244d729989f5f90268eb08d5bf8a3d84402f595fa194bb35784fd?s=96&d=mm&r=g","contentUrl":"https:\/\/secure.gravatar.com\/avatar\/4315d6fb9ef244d729989f5f90268eb08d5bf8a3d84402f595fa194bb35784fd?s=96&d=mm&r=g","caption":"David H\u00f8jmark"},"sameAs":["https:\/\/www.kunmedierne.dk"],"url":"https:\/\/kunmedierne.dk\/mors\/author\/david\/"}]}},"_links":{"self":[{"href":"https:\/\/kunmedierne.dk\/mors\/wp-json\/wp\/v2\/posts\/137153","targetHints":{"allow":["GET"]}}],"collection":[{"href":"https:\/\/kunmedierne.dk\/mors\/wp-json\/wp\/v2\/posts"}],"about":[{"href":"https:\/\/kunmedierne.dk\/mors\/wp-json\/wp\/v2\/types\/post"}],"author":[{"embeddable":true,"href":"https:\/\/kunmedierne.dk\/mors\/wp-json\/wp\/v2\/users\/8"}],"replies":[{"embeddable":true,"href":"https:\/\/kunmedierne.dk\/mors\/wp-json\/wp\/v2\/comments?post=137153"}],"version-history":[{"count":1,"href":"https:\/\/kunmedierne.dk\/mors\/wp-json\/wp\/v2\/posts\/137153\/revisions"}],"predecessor-version":[{"id":137158,"href":"https:\/\/kunmedierne.dk\/mors\/wp-json\/wp\/v2\/posts\/137153\/revisions\/137158"}],"wp:attachment":[{"href":"https:\/\/kunmedierne.dk\/mors\/wp-json\/wp\/v2\/media?parent=137153"}],"wp:term":[{"taxonomy":"category","embeddable":true,"href":"https:\/\/kunmedierne.dk\/mors\/wp-json\/wp\/v2\/categories?post=137153"},{"taxonomy":"post_tag","embeddable":true,"href":"https:\/\/kunmedierne.dk\/mors\/wp-json\/wp\/v2\/tags?post=137153"}],"curies":[{"name":"wp","href":"https:\/\/api.w.org\/{rel}","templated":true}]}}