{"id":136403,"date":"2025-01-08T16:18:12","date_gmt":"2025-01-08T15:18:12","guid":{"rendered":"https:\/\/kunmedierne.dk\/mors\/?p=136403"},"modified":"2025-01-13T15:02:24","modified_gmt":"2025-01-13T14:02:24","slug":"en-ny-begyndelse-paa-johan-riis-minde-nu-flytter-de-ind","status":"publish","type":"post","link":"https:\/\/kunmedierne.dk\/mors\/en-ny-begyndelse-paa-johan-riis-minde-nu-flytter-de-ind\/","title":{"rendered":"En ny begyndelse p\u00e5 Johan Riis Minde: Nu flytter de ind"},"content":{"rendered":"<p><strong>NYK\u00d8BING:<\/strong> Man kan ane flyttekasser fra Harald Nyborg bag de store vinduespartier i de nybyggede boliger p\u00e5 Johan Riis Minde. P\u00e5 flere af parkeringspladserne st\u00e5r spritnye el-ladestandere, og sp\u00e6de b\u00f8geh\u00e6kke er plantet i sirlig r\u00e6kke rundt om husene. P\u00e5 den bedste placering ligger f\u00e6lleshuset \u2013 med panoramaudsigt over Limfjorden, der glimter i januarsolen.<\/p>\n<a class=\"dvrt-link\" onClick=\"cdmtrack_click(104786,jQuery(this));return false\" href=\"https:\/\/limfjordsteatret.dk\/events\/tobias-dybvad-mit-bedste-onemanshow\/\"><img decoding=\"async\" style=\"width:100%;\" src=\"https:\/\/kunmedierne.dk\/mors\/wp-content\/uploads\/2023\/10\/aarskortLim_KunMors_1100x125.jpg\"><\/a><script>cdmtrack_view(104786);<\/script>\n<p>Den 2. januar 2025 modtog alle beboere n\u00f8glerne til deres nye hjem. For dem markerer dagen en l\u00e6nge ventet milep\u00e6l: dr\u00f8mmen om et seniorbof\u00e6llesskab er blevet til virkelighed.<\/p>\n<p>&nbsp;<\/p>\n<p><strong>&#8220;Nu er vi her!&#8221;<\/strong><\/p>\n<p>Lene Kibsgaard og Laurids Jepsen var blandt de f\u00f8rste til at flytte ind. Der dufter af nybagte boller i deres nye hjem, hvor en v\u00e6rkt\u00f8jskasse st\u00e5r p\u00e5 k\u00f8kkengulvet og enkelte flyttekasser stadig vidner om, at noget nyt netop er begyndt.<\/p>\n<p>&#8211; Det er fedt, at alt det, vi har talt om s\u00e5 l\u00e6nge, nu endelig sker, siger Lene med et smil, mens hun stiller en hvid kaffekop p\u00e5 bordet. &#8211; Nu er vi her.<\/p>\n<p>Det varer ikke l\u00e6nge, f\u00f8r det banker p\u00e5 d\u00f8ren. Resten af arbejdsgruppen \u2013 Hanne Haldrup og Jens J\u00f8rgen Jensen \u2013 tr\u00e6der ind og bliver m\u00f8dt af nybagte boller, ost, kaffe og flere slags syltet\u00f8j.<\/p>\n<p>&#8211; Der er selvf\u00f8lgelig mange ting, der stadig skal g\u00f8res, siger Lene, mens hun sender bollerne rundt, &#8211; men nu kan vi g\u00e5 i gang med at skabe det f\u00e6llesskab, vi har dr\u00f8mt om s\u00e5 l\u00e6nge.<\/p>\n<a class=\"dvrt-link\" onClick=\"cdmtrack_click(104783,jQuery(this));return false\" href=\"https:\/\/konpap.dk\/\"><img decoding=\"async\" style=\"width:100%;\" src=\"https:\/\/kunmedierne.dk\/mors\/wp-content\/uploads\/2023\/10\/Kun-Mors-banner.jpg\"><\/a><script>cdmtrack_view(104783);<\/script>\n<p>Arbejdsgruppen bag Johan Riis Minde har arbejdet utr\u00e6tteligt siden 2019 for at g\u00f8re visionen til virkelighed. Gruppen, der alts\u00e5 best\u00e5r af \u00e6gteparret Hanne Haldrup, Jens J\u00f8rgen Jensen og \u00e6gteparret Lene Kibsgaard og Laurids Jepsen, har truffet utallige beslutninger og f\u00f8rt samtaler med alle kommende beboere.<\/p>\n<p>Med kommunalbestyrelsens godkendelse af byggegrunden og efterf\u00f8lgende vedtagelse af Skema A og B har Boligselskabet Nyk\u00f8bing Mors skabt grundlaget for et attraktivt seniorbof\u00e6llesskab. For en pris p\u00e5 6.234.341 kroner blev grunden overdraget til boligselskabet. Nu st\u00e5r 24 huse klar til at tage i mod de nye beboere, der alle f\u00e5r adgang til f\u00e6lleshuset, der blandt andet rummer k\u00f8kken, opholdsrum, orangeri, v\u00e6rksted\/fintness og et g\u00e6stev\u00e6relse.<\/p>\n<p>&#8211; Vi kan godt lide at s\u00e6tte ting i gang \u2013 det har vi altid gjort, siger Jens J\u00f8rgen og sk\u00e6nker kaffe til bordet.<\/p>\n<p>&#8211; Det var vigtigt for os at finde beboere, der vil bidrage til f\u00e6llesskabet. Kan man ikke lave mad, kan man m\u00e5ske vaske op. Eller tage initiativ til en biograftur.<\/p>\n<p>&nbsp;<\/p>\n<p><strong>Attraktiv husleje og store ambitioner<\/strong><\/p>\n<p>Med en husleje p\u00e5 7600 kroner for de mindste boliger og 8700 kroner for de st\u00f8rste er Johan Riis Minde et \u00f8konomisk overkommeligt valg for mange. Poul Roesen fra kommunalbestyrelsen har tidligere til KunMors udtrykt gl\u00e6de over de fornuftige priser:<\/p>\n<p>&#8211; Det er gl\u00e6deligt, at man kan finde ud af at lave noget til en fornuftig husleje.<\/p>\n<p>&nbsp;<\/p>\n<p><strong>F\u00e6llesskab som kernev\u00e6rdi<\/strong><\/p>\n<p>Johan Riis Minde er ikke blot et sted at bo. Det er et sted at leve. F\u00e6lleshuset skal v\u00e6re hjertet i bebyggelsen, og allerede nu er aktiviteter i st\u00f8beskeen.<\/p>\n<p>&#8211; Vi skal have sangaftener og masser af musik, fort\u00e6ller Lene begejstret. En donation fra Sparekassen Thy Fonden p\u00e5 17.700 kroner er allerede blevet brugt p\u00e5 et klaver og h\u00f8jskolesangb\u00f8ger.<\/p>\n<a class=\"dvrt-link\" onClick=\"cdmtrack_click(113414,jQuery(this));return false\" href=\"https:\/\/www.p-soerensen.dk\/\"><img decoding=\"async\" style=\"width:100%;\" src=\"https:\/\/kunmedierne.dk\/mors\/wp-content\/uploads\/2024\/03\/p-soerensen-juni25.jpg\"><\/a><script>cdmtrack_view(113414);<\/script>\n<p>For mange er bof\u00e6llesskabet ogs\u00e5 en tryghed i alderdommen.<\/p>\n<p>&#8211; Det er vigtigt, at vi ikke bliver hjemmehj\u00e6lpere for hinanden, men vi holder \u00f8je og passer p\u00e5 hinanden, siger Hanne.<\/p>\n<p>Jens J\u00f8rgen tilf\u00f8jer:<\/p>\n<p>&#8211; F\u00e6llesskabet er det vigtigste. Her bliver ingen ensomme \u2013 det er helt sikkert.<\/p>\n<p>&nbsp;<\/p>\n<p><strong>Fra dr\u00f8m til virkelighed<\/strong><\/p>\n<p>Johan Riis Minde har allerede tiltrukket ni tilflyttere til Mors. Det gl\u00e6der arbejdsgruppen, og Jens J\u00f8rgen ler, da han n\u00e6vner borgmesterens gl\u00e6de over de nye tilflyttere.<\/p>\n<p>&#8211; Jeg ved, han har et whiteboard, hvor han skriver tilflyttere op, siger Jens J\u00f8rgen, hvilket udl\u00f8ser latter rundt om bordet.<\/p>\n<p>Mens gruppen ser ud over de n\u00f8gne tr\u00e6er p\u00e5 skr\u00e6nten, der om f\u00e5 m\u00e5neder vil blomstre med 1500 nyplantede rhododendroner, bliver dr\u00f8mmene for fremtiden endnu tydeligere.<\/p>\n<p>&#8211; Vi dr\u00f8mmer om, at det her skal blive verdens bedste sted at bo, siger Lene.<\/p>\n<a class=\"dvrt-link\" onClick=\"cdmtrack_click(104786,jQuery(this));return false\" href=\"https:\/\/limfjordsteatret.dk\/events\/tobias-dybvad-mit-bedste-onemanshow\/\"><img decoding=\"async\" style=\"width:100%;\" src=\"https:\/\/kunmedierne.dk\/mors\/wp-content\/uploads\/2023\/10\/aarskortLim_KunMors_1100x125.jpg\"><\/a><script>cdmtrack_view(104786);<\/script>\n<p>&#8211; N\u00e5r f\u00f8rst det hele springer ud, og vi er kommet godt p\u00e5 plads, s\u00e5 begynder snakken nok ogs\u00e5 at g\u00e5 om, hvor fantastisk der er lige her.<\/p>\n<p>Udenfor ruller endnu en bil ind med et flyttel\u00e6s. Johan Riis Minde summer allerede af liv og optimisme \u2013 et f\u00e6llesskab, der kun kan vokse sig st\u00e6rkere med tiden.<\/p>\n","protected":false},"excerpt":{"rendered":"<p>NYK\u00d8BING: Man kan ane flyttekasser fra Harald Nyborg bag de store vinduespartier i de nybyggede boliger p\u00e5 Johan Riis Minde. P\u00e5 flere af parkeringspladserne st\u00e5r spritnye el-ladestandere, og sp\u00e6de b\u00f8geh\u00e6kke er plantet i sirlig r\u00e6kke rundt om husene. P\u00e5 den bedste placering ligger f\u00e6lleshuset \u2013 med panoramaudsigt over Limfjorden, der glimter i januarsolen. Den 2. [&hellip;]<\/p>\n","protected":false},"author":2507,"featured_media":0,"comment_status":"closed","ping_status":"closed","sticky":false,"template":"","format":"standard","meta":{"_acf_changed":false,"footnotes":""},"categories":[51],"tags":[],"class_list":["post-136403","post","type-post","status-publish","format-standard","hentry","category-lokalt"],"acf":[],"yoast_head":"<!-- This site is optimized with the Yoast SEO plugin v26.8 - https:\/\/yoast.com\/product\/yoast-seo-wordpress\/ -->\n<title>En ny begyndelse p\u00e5 Johan Riis Minde: Nu flytter de ind - Mors<\/title>\n<meta name=\"robots\" content=\"index, follow, max-snippet:-1, max-image-preview:large, max-video-preview:-1\" \/>\n<link rel=\"canonical\" href=\"https:\/\/kunmedierne.dk\/mors\/en-ny-begyndelse-paa-johan-riis-minde-nu-flytter-de-ind\/\" \/>\n<meta property=\"og:locale\" content=\"da_DK\" \/>\n<meta property=\"og:type\" content=\"article\" \/>\n<meta property=\"og:title\" content=\"En ny begyndelse p\u00e5 Johan Riis Minde: Nu flytter de ind - Mors\" \/>\n<meta property=\"og:description\" content=\"NYK\u00d8BING: Man kan ane flyttekasser fra Harald Nyborg bag de store vinduespartier i de nybyggede boliger p\u00e5 Johan Riis Minde. P\u00e5 flere af parkeringspladserne st\u00e5r spritnye el-ladestandere, og sp\u00e6de b\u00f8geh\u00e6kke er plantet i sirlig r\u00e6kke rundt om husene. P\u00e5 den bedste placering ligger f\u00e6lleshuset \u2013 med panoramaudsigt over Limfjorden, der glimter i januarsolen. Den 2. [&hellip;]\" \/>\n<meta property=\"og:url\" content=\"https:\/\/kunmedierne.dk\/mors\/en-ny-begyndelse-paa-johan-riis-minde-nu-flytter-de-ind\/\" \/>\n<meta property=\"og:site_name\" content=\"Mors\" \/>\n<meta property=\"article:published_time\" content=\"2025-01-08T15:18:12+00:00\" \/>\n<meta property=\"article:modified_time\" content=\"2025-01-13T14:02:24+00:00\" \/>\n<meta name=\"author\" content=\"Katrine Hedegaard\" \/>\n<meta name=\"twitter:card\" content=\"summary_large_image\" \/>\n<meta name=\"twitter:label1\" content=\"Skrevet af\" \/>\n\t<meta name=\"twitter:data1\" content=\"Katrine Hedegaard\" \/>\n\t<meta name=\"twitter:label2\" content=\"Estimeret l\u00e6setid\" \/>\n\t<meta name=\"twitter:data2\" content=\"4 minutter\" \/>\n<script type=\"application\/ld+json\" class=\"yoast-schema-graph\">{\"@context\":\"https:\/\/schema.org\",\"@graph\":[{\"@type\":\"Article\",\"@id\":\"https:\/\/kunmedierne.dk\/mors\/en-ny-begyndelse-paa-johan-riis-minde-nu-flytter-de-ind\/#article\",\"isPartOf\":{\"@id\":\"https:\/\/kunmedierne.dk\/mors\/en-ny-begyndelse-paa-johan-riis-minde-nu-flytter-de-ind\/\"},\"author\":{\"name\":\"Katrine Hedegaard\",\"@id\":\"https:\/\/kunmedierne.dk\/mors\/#\/schema\/person\/b2e62a38069b12365e53e087a8709c64\"},\"headline\":\"En ny begyndelse p\u00e5 Johan Riis Minde: Nu flytter de ind\",\"datePublished\":\"2025-01-08T15:18:12+00:00\",\"dateModified\":\"2025-01-13T14:02:24+00:00\",\"mainEntityOfPage\":{\"@id\":\"https:\/\/kunmedierne.dk\/mors\/en-ny-begyndelse-paa-johan-riis-minde-nu-flytter-de-ind\/\"},\"wordCount\":806,\"publisher\":{\"@id\":\"https:\/\/kunmedierne.dk\/mors\/#organization\"},\"articleSection\":[\"Lokalt\"],\"inLanguage\":\"da-DK\"},{\"@type\":\"WebPage\",\"@id\":\"https:\/\/kunmedierne.dk\/mors\/en-ny-begyndelse-paa-johan-riis-minde-nu-flytter-de-ind\/\",\"url\":\"https:\/\/kunmedierne.dk\/mors\/en-ny-begyndelse-paa-johan-riis-minde-nu-flytter-de-ind\/\",\"name\":\"En ny begyndelse p\u00e5 Johan Riis Minde: Nu flytter de ind - Mors\",\"isPartOf\":{\"@id\":\"https:\/\/kunmedierne.dk\/mors\/#website\"},\"datePublished\":\"2025-01-08T15:18:12+00:00\",\"dateModified\":\"2025-01-13T14:02:24+00:00\",\"breadcrumb\":{\"@id\":\"https:\/\/kunmedierne.dk\/mors\/en-ny-begyndelse-paa-johan-riis-minde-nu-flytter-de-ind\/#breadcrumb\"},\"inLanguage\":\"da-DK\",\"potentialAction\":[{\"@type\":\"ReadAction\",\"target\":[\"https:\/\/kunmedierne.dk\/mors\/en-ny-begyndelse-paa-johan-riis-minde-nu-flytter-de-ind\/\"]}]},{\"@type\":\"BreadcrumbList\",\"@id\":\"https:\/\/kunmedierne.dk\/mors\/en-ny-begyndelse-paa-johan-riis-minde-nu-flytter-de-ind\/#breadcrumb\",\"itemListElement\":[{\"@type\":\"ListItem\",\"position\":1,\"name\":\"Hjem\",\"item\":\"https:\/\/kunmedierne.dk\/mors\/\"},{\"@type\":\"ListItem\",\"position\":2,\"name\":\"En ny begyndelse p\u00e5 Johan Riis Minde: Nu flytter de ind\"}]},{\"@type\":\"WebSite\",\"@id\":\"https:\/\/kunmedierne.dk\/mors\/#website\",\"url\":\"https:\/\/kunmedierne.dk\/mors\/\",\"name\":\"Mors\",\"description\":\"et netmedie med journalistik om livet p\u00e5 Mors\",\"publisher\":{\"@id\":\"https:\/\/kunmedierne.dk\/mors\/#organization\"},\"potentialAction\":[{\"@type\":\"SearchAction\",\"target\":{\"@type\":\"EntryPoint\",\"urlTemplate\":\"https:\/\/kunmedierne.dk\/mors\/?s={search_term_string}\"},\"query-input\":{\"@type\":\"PropertyValueSpecification\",\"valueRequired\":true,\"valueName\":\"search_term_string\"}}],\"inLanguage\":\"da-DK\"},{\"@type\":\"Organization\",\"@id\":\"https:\/\/kunmedierne.dk\/mors\/#organization\",\"name\":\"Mors\",\"url\":\"https:\/\/kunmedierne.dk\/mors\/\",\"logo\":{\"@type\":\"ImageObject\",\"inLanguage\":\"da-DK\",\"@id\":\"https:\/\/kunmedierne.dk\/mors\/#\/schema\/logo\/image\/\",\"url\":\"https:\/\/kunmedierne.dk\/mors\/wp-content\/uploads\/2024\/08\/kunmors-logo.svg\",\"contentUrl\":\"https:\/\/kunmedierne.dk\/mors\/wp-content\/uploads\/2024\/08\/kunmors-logo.svg\",\"caption\":\"Mors\"},\"image\":{\"@id\":\"https:\/\/kunmedierne.dk\/mors\/#\/schema\/logo\/image\/\"}},{\"@type\":\"Person\",\"@id\":\"https:\/\/kunmedierne.dk\/mors\/#\/schema\/person\/b2e62a38069b12365e53e087a8709c64\",\"name\":\"Katrine Hedegaard\",\"image\":{\"@type\":\"ImageObject\",\"inLanguage\":\"da-DK\",\"@id\":\"https:\/\/kunmedierne.dk\/mors\/#\/schema\/person\/image\/\",\"url\":\"https:\/\/secure.gravatar.com\/avatar\/18a5c72fa9148052fd3ed5a58b40fc83cfdc9811090e6e6eec9539af058edcc0?s=96&d=mm&r=g\",\"contentUrl\":\"https:\/\/secure.gravatar.com\/avatar\/18a5c72fa9148052fd3ed5a58b40fc83cfdc9811090e6e6eec9539af058edcc0?s=96&d=mm&r=g\",\"caption\":\"Katrine Hedegaard\"},\"url\":\"https:\/\/kunmedierne.dk\/mors\/author\/katrine\/\"}]}<\/script>\n<!-- \/ Yoast SEO plugin. -->","yoast_head_json":{"title":"En ny begyndelse p\u00e5 Johan Riis Minde: Nu flytter de ind - Mors","robots":{"index":"index","follow":"follow","max-snippet":"max-snippet:-1","max-image-preview":"max-image-preview:large","max-video-preview":"max-video-preview:-1"},"canonical":"https:\/\/kunmedierne.dk\/mors\/en-ny-begyndelse-paa-johan-riis-minde-nu-flytter-de-ind\/","og_locale":"da_DK","og_type":"article","og_title":"En ny begyndelse p\u00e5 Johan Riis Minde: Nu flytter de ind - Mors","og_description":"NYK\u00d8BING: Man kan ane flyttekasser fra Harald Nyborg bag de store vinduespartier i de nybyggede boliger p\u00e5 Johan Riis Minde. P\u00e5 flere af parkeringspladserne st\u00e5r spritnye el-ladestandere, og sp\u00e6de b\u00f8geh\u00e6kke er plantet i sirlig r\u00e6kke rundt om husene. P\u00e5 den bedste placering ligger f\u00e6lleshuset \u2013 med panoramaudsigt over Limfjorden, der glimter i januarsolen. Den 2. [&hellip;]","og_url":"https:\/\/kunmedierne.dk\/mors\/en-ny-begyndelse-paa-johan-riis-minde-nu-flytter-de-ind\/","og_site_name":"Mors","article_published_time":"2025-01-08T15:18:12+00:00","article_modified_time":"2025-01-13T14:02:24+00:00","author":"Katrine Hedegaard","twitter_card":"summary_large_image","twitter_misc":{"Skrevet af":"Katrine Hedegaard","Estimeret l\u00e6setid":"4 minutter"},"schema":{"@context":"https:\/\/schema.org","@graph":[{"@type":"Article","@id":"https:\/\/kunmedierne.dk\/mors\/en-ny-begyndelse-paa-johan-riis-minde-nu-flytter-de-ind\/#article","isPartOf":{"@id":"https:\/\/kunmedierne.dk\/mors\/en-ny-begyndelse-paa-johan-riis-minde-nu-flytter-de-ind\/"},"author":{"name":"Katrine Hedegaard","@id":"https:\/\/kunmedierne.dk\/mors\/#\/schema\/person\/b2e62a38069b12365e53e087a8709c64"},"headline":"En ny begyndelse p\u00e5 Johan Riis Minde: Nu flytter de ind","datePublished":"2025-01-08T15:18:12+00:00","dateModified":"2025-01-13T14:02:24+00:00","mainEntityOfPage":{"@id":"https:\/\/kunmedierne.dk\/mors\/en-ny-begyndelse-paa-johan-riis-minde-nu-flytter-de-ind\/"},"wordCount":806,"publisher":{"@id":"https:\/\/kunmedierne.dk\/mors\/#organization"},"articleSection":["Lokalt"],"inLanguage":"da-DK"},{"@type":"WebPage","@id":"https:\/\/kunmedierne.dk\/mors\/en-ny-begyndelse-paa-johan-riis-minde-nu-flytter-de-ind\/","url":"https:\/\/kunmedierne.dk\/mors\/en-ny-begyndelse-paa-johan-riis-minde-nu-flytter-de-ind\/","name":"En ny begyndelse p\u00e5 Johan Riis Minde: Nu flytter de ind - Mors","isPartOf":{"@id":"https:\/\/kunmedierne.dk\/mors\/#website"},"datePublished":"2025-01-08T15:18:12+00:00","dateModified":"2025-01-13T14:02:24+00:00","breadcrumb":{"@id":"https:\/\/kunmedierne.dk\/mors\/en-ny-begyndelse-paa-johan-riis-minde-nu-flytter-de-ind\/#breadcrumb"},"inLanguage":"da-DK","potentialAction":[{"@type":"ReadAction","target":["https:\/\/kunmedierne.dk\/mors\/en-ny-begyndelse-paa-johan-riis-minde-nu-flytter-de-ind\/"]}]},{"@type":"BreadcrumbList","@id":"https:\/\/kunmedierne.dk\/mors\/en-ny-begyndelse-paa-johan-riis-minde-nu-flytter-de-ind\/#breadcrumb","itemListElement":[{"@type":"ListItem","position":1,"name":"Hjem","item":"https:\/\/kunmedierne.dk\/mors\/"},{"@type":"ListItem","position":2,"name":"En ny begyndelse p\u00e5 Johan Riis Minde: Nu flytter de ind"}]},{"@type":"WebSite","@id":"https:\/\/kunmedierne.dk\/mors\/#website","url":"https:\/\/kunmedierne.dk\/mors\/","name":"Mors","description":"et netmedie med journalistik om livet p\u00e5 Mors","publisher":{"@id":"https:\/\/kunmedierne.dk\/mors\/#organization"},"potentialAction":[{"@type":"SearchAction","target":{"@type":"EntryPoint","urlTemplate":"https:\/\/kunmedierne.dk\/mors\/?s={search_term_string}"},"query-input":{"@type":"PropertyValueSpecification","valueRequired":true,"valueName":"search_term_string"}}],"inLanguage":"da-DK"},{"@type":"Organization","@id":"https:\/\/kunmedierne.dk\/mors\/#organization","name":"Mors","url":"https:\/\/kunmedierne.dk\/mors\/","logo":{"@type":"ImageObject","inLanguage":"da-DK","@id":"https:\/\/kunmedierne.dk\/mors\/#\/schema\/logo\/image\/","url":"https:\/\/kunmedierne.dk\/mors\/wp-content\/uploads\/2024\/08\/kunmors-logo.svg","contentUrl":"https:\/\/kunmedierne.dk\/mors\/wp-content\/uploads\/2024\/08\/kunmors-logo.svg","caption":"Mors"},"image":{"@id":"https:\/\/kunmedierne.dk\/mors\/#\/schema\/logo\/image\/"}},{"@type":"Person","@id":"https:\/\/kunmedierne.dk\/mors\/#\/schema\/person\/b2e62a38069b12365e53e087a8709c64","name":"Katrine Hedegaard","image":{"@type":"ImageObject","inLanguage":"da-DK","@id":"https:\/\/kunmedierne.dk\/mors\/#\/schema\/person\/image\/","url":"https:\/\/secure.gravatar.com\/avatar\/18a5c72fa9148052fd3ed5a58b40fc83cfdc9811090e6e6eec9539af058edcc0?s=96&d=mm&r=g","contentUrl":"https:\/\/secure.gravatar.com\/avatar\/18a5c72fa9148052fd3ed5a58b40fc83cfdc9811090e6e6eec9539af058edcc0?s=96&d=mm&r=g","caption":"Katrine Hedegaard"},"url":"https:\/\/kunmedierne.dk\/mors\/author\/katrine\/"}]}},"_links":{"self":[{"href":"https:\/\/kunmedierne.dk\/mors\/wp-json\/wp\/v2\/posts\/136403","targetHints":{"allow":["GET"]}}],"collection":[{"href":"https:\/\/kunmedierne.dk\/mors\/wp-json\/wp\/v2\/posts"}],"about":[{"href":"https:\/\/kunmedierne.dk\/mors\/wp-json\/wp\/v2\/types\/post"}],"author":[{"embeddable":true,"href":"https:\/\/kunmedierne.dk\/mors\/wp-json\/wp\/v2\/users\/2507"}],"replies":[{"embeddable":true,"href":"https:\/\/kunmedierne.dk\/mors\/wp-json\/wp\/v2\/comments?post=136403"}],"version-history":[{"count":6,"href":"https:\/\/kunmedierne.dk\/mors\/wp-json\/wp\/v2\/posts\/136403\/revisions"}],"predecessor-version":[{"id":136784,"href":"https:\/\/kunmedierne.dk\/mors\/wp-json\/wp\/v2\/posts\/136403\/revisions\/136784"}],"wp:attachment":[{"href":"https:\/\/kunmedierne.dk\/mors\/wp-json\/wp\/v2\/media?parent=136403"}],"wp:term":[{"taxonomy":"category","embeddable":true,"href":"https:\/\/kunmedierne.dk\/mors\/wp-json\/wp\/v2\/categories?post=136403"},{"taxonomy":"post_tag","embeddable":true,"href":"https:\/\/kunmedierne.dk\/mors\/wp-json\/wp\/v2\/tags?post=136403"}],"curies":[{"name":"wp","href":"https:\/\/api.w.org\/{rel}","templated":true}]}}