{"id":13610,"date":"2020-03-14T19:38:18","date_gmt":"2020-03-14T18:38:18","guid":{"rendered":"https:\/\/kunmedierne.dk\/mors\/?p=13610"},"modified":"2024-08-12T14:06:21","modified_gmt":"2024-08-12T12:06:21","slug":"ny-produktionsleder-til-outrup-vinduer-doere","status":"publish","type":"post","link":"https:\/\/kunmedierne.dk\/mors\/ny-produktionsleder-til-outrup-vinduer-doere\/","title":{"rendered":"Ny produktionsleder til Outrup Vinduer &#038; D\u00f8re"},"content":{"rendered":"<p><em>Fra Outrup Vinduer &amp; D\u00f8re har vi modtaget:<\/em><\/p>\n<hr \/>\n<p><strong>OUTRUP<\/strong>:\u00a0Karsten Overgaard, 55 \u00e5r, Vinderup, er den 1. marts tiltr\u00e5dt som ny produktionsleder hos Outrup Vinduer &amp; D\u00f8re i Nyk\u00f8bing Mors. Her f\u00e5r han det overordnede ansvar for den daglige drift i glas-, samle- og maleafdelingen samt f\u00e6rdigvarelager med fokus p\u00e5 kvalitetssikring og leveringssikkerhed, hvilket blandt andet skal sikres ved brug af lean-principper i produktionen. Herudover skal Karsten Overgaard v\u00e6re med til at skabe et fortsat motiverende arbejdsmilj\u00f8 og sikre medarbejdernes trivsel.<\/p>\n<p>Karsten Overgaard har en baggrund som tr\u00e6skibst\u00f8mrer og har l\u00f8bende taget flere lederuddannelser, som han har benyttet i lederstillinger, herunder som udrykningsleder og stationsleder hos Falck.<\/p>\n<p>&nbsp;<\/p>\n","protected":false},"excerpt":{"rendered":"<p>Fra Outrup Vinduer &amp; D\u00f8re har vi modtaget: OUTRUP:\u00a0Karsten Overgaard, 55 \u00e5r, Vinderup, er den 1. marts tiltr\u00e5dt som ny produktionsleder hos Outrup Vinduer &amp; D\u00f8re i Nyk\u00f8bing Mors. Her f\u00e5r han det overordnede ansvar for den daglige drift i glas-, samle- og maleafdelingen samt f\u00e6rdigvarelager med fokus p\u00e5 kvalitetssikring og leveringssikkerhed, hvilket blandt andet [&hellip;]<\/p>\n","protected":false},"author":264,"featured_media":13613,"comment_status":"open","ping_status":"open","sticky":false,"template":"","format":"standard","meta":{"_acf_changed":false,"footnotes":""},"categories":[52],"tags":[159],"class_list":["post-13610","post","type-post","status-publish","format-standard","has-post-thumbnail","hentry","category-navne","tag-erhverv"],"acf":[],"yoast_head":"<!-- This site is optimized with the Yoast SEO plugin v26.8 - https:\/\/yoast.com\/product\/yoast-seo-wordpress\/ -->\n<title>Ny produktionsleder til Outrup Vinduer &amp; D\u00f8re - Mors<\/title>\n<meta name=\"robots\" content=\"index, follow, max-snippet:-1, max-image-preview:large, max-video-preview:-1\" \/>\n<link rel=\"canonical\" href=\"https:\/\/kunmedierne.dk\/mors\/ny-produktionsleder-til-outrup-vinduer-doere\/\" \/>\n<meta property=\"og:locale\" content=\"da_DK\" \/>\n<meta property=\"og:type\" content=\"article\" \/>\n<meta property=\"og:title\" content=\"Ny produktionsleder til Outrup Vinduer &amp; D\u00f8re - Mors\" \/>\n<meta property=\"og:description\" content=\"Fra Outrup Vinduer &amp; D\u00f8re har vi modtaget: OUTRUP:\u00a0Karsten Overgaard, 55 \u00e5r, Vinderup, er den 1. marts tiltr\u00e5dt som ny produktionsleder hos Outrup Vinduer &amp; D\u00f8re i Nyk\u00f8bing Mors. Her f\u00e5r han det overordnede ansvar for den daglige drift i glas-, samle- og maleafdelingen samt f\u00e6rdigvarelager med fokus p\u00e5 kvalitetssikring og leveringssikkerhed, hvilket blandt andet [&hellip;]\" \/>\n<meta property=\"og:url\" content=\"https:\/\/kunmedierne.dk\/mors\/ny-produktionsleder-til-outrup-vinduer-doere\/\" \/>\n<meta property=\"og:site_name\" content=\"Mors\" \/>\n<meta property=\"article:published_time\" content=\"2020-03-14T18:38:18+00:00\" \/>\n<meta property=\"article:modified_time\" content=\"2024-08-12T12:06:21+00:00\" \/>\n<meta property=\"og:image\" content=\"https:\/\/kunmedierne.dk\/mors\/wp-content\/uploads\/2020\/03\/200311-outrup-Karsten_Overgaard.jpg\" \/>\n\t<meta property=\"og:image:width\" content=\"1984\" \/>\n\t<meta property=\"og:image:height\" content=\"1117\" \/>\n\t<meta property=\"og:image:type\" content=\"image\/jpeg\" \/>\n<meta name=\"author\" content=\"Navne\" \/>\n<meta name=\"twitter:card\" content=\"summary_large_image\" \/>\n<meta name=\"twitter:label1\" content=\"Skrevet af\" \/>\n\t<meta name=\"twitter:data1\" content=\"Navne\" \/>\n\t<meta name=\"twitter:label2\" content=\"Estimeret l\u00e6setid\" \/>\n\t<meta name=\"twitter:data2\" content=\"1 minut\" \/>\n<script type=\"application\/ld+json\" class=\"yoast-schema-graph\">{\"@context\":\"https:\/\/schema.org\",\"@graph\":[{\"@type\":\"Article\",\"@id\":\"https:\/\/kunmedierne.dk\/mors\/ny-produktionsleder-til-outrup-vinduer-doere\/#article\",\"isPartOf\":{\"@id\":\"https:\/\/kunmedierne.dk\/mors\/ny-produktionsleder-til-outrup-vinduer-doere\/\"},\"author\":{\"name\":\"Navne\",\"@id\":\"https:\/\/kunmedierne.dk\/mors\/#\/schema\/person\/f084885f8161963bb583d8604763a6b7\"},\"headline\":\"Ny produktionsleder til Outrup Vinduer &#038; D\u00f8re\",\"datePublished\":\"2020-03-14T18:38:18+00:00\",\"dateModified\":\"2024-08-12T12:06:21+00:00\",\"mainEntityOfPage\":{\"@id\":\"https:\/\/kunmedierne.dk\/mors\/ny-produktionsleder-til-outrup-vinduer-doere\/\"},\"wordCount\":123,\"commentCount\":0,\"publisher\":{\"@id\":\"https:\/\/kunmedierne.dk\/mors\/#organization\"},\"image\":{\"@id\":\"https:\/\/kunmedierne.dk\/mors\/ny-produktionsleder-til-outrup-vinduer-doere\/#primaryimage\"},\"thumbnailUrl\":\"https:\/\/kunmedierne.dk\/mors\/wp-content\/uploads\/2020\/03\/200311-outrup-Karsten_Overgaard.jpg\",\"keywords\":[\"Erhverv\"],\"articleSection\":[\"Navne\"],\"inLanguage\":\"da-DK\",\"potentialAction\":[{\"@type\":\"CommentAction\",\"name\":\"Comment\",\"target\":[\"https:\/\/kunmedierne.dk\/mors\/ny-produktionsleder-til-outrup-vinduer-doere\/#respond\"]}]},{\"@type\":\"WebPage\",\"@id\":\"https:\/\/kunmedierne.dk\/mors\/ny-produktionsleder-til-outrup-vinduer-doere\/\",\"url\":\"https:\/\/kunmedierne.dk\/mors\/ny-produktionsleder-til-outrup-vinduer-doere\/\",\"name\":\"Ny produktionsleder til Outrup Vinduer & D\u00f8re - Mors\",\"isPartOf\":{\"@id\":\"https:\/\/kunmedierne.dk\/mors\/#website\"},\"primaryImageOfPage\":{\"@id\":\"https:\/\/kunmedierne.dk\/mors\/ny-produktionsleder-til-outrup-vinduer-doere\/#primaryimage\"},\"image\":{\"@id\":\"https:\/\/kunmedierne.dk\/mors\/ny-produktionsleder-til-outrup-vinduer-doere\/#primaryimage\"},\"thumbnailUrl\":\"https:\/\/kunmedierne.dk\/mors\/wp-content\/uploads\/2020\/03\/200311-outrup-Karsten_Overgaard.jpg\",\"datePublished\":\"2020-03-14T18:38:18+00:00\",\"dateModified\":\"2024-08-12T12:06:21+00:00\",\"breadcrumb\":{\"@id\":\"https:\/\/kunmedierne.dk\/mors\/ny-produktionsleder-til-outrup-vinduer-doere\/#breadcrumb\"},\"inLanguage\":\"da-DK\",\"potentialAction\":[{\"@type\":\"ReadAction\",\"target\":[\"https:\/\/kunmedierne.dk\/mors\/ny-produktionsleder-til-outrup-vinduer-doere\/\"]}]},{\"@type\":\"ImageObject\",\"inLanguage\":\"da-DK\",\"@id\":\"https:\/\/kunmedierne.dk\/mors\/ny-produktionsleder-til-outrup-vinduer-doere\/#primaryimage\",\"url\":\"https:\/\/kunmedierne.dk\/mors\/wp-content\/uploads\/2020\/03\/200311-outrup-Karsten_Overgaard.jpg\",\"contentUrl\":\"https:\/\/kunmedierne.dk\/mors\/wp-content\/uploads\/2020\/03\/200311-outrup-Karsten_Overgaard.jpg\",\"width\":1984,\"height\":1117,\"caption\":\"Karsten Overgaard. Foto: Outrup Vinduer & D\u00f8re.\"},{\"@type\":\"BreadcrumbList\",\"@id\":\"https:\/\/kunmedierne.dk\/mors\/ny-produktionsleder-til-outrup-vinduer-doere\/#breadcrumb\",\"itemListElement\":[{\"@type\":\"ListItem\",\"position\":1,\"name\":\"Hjem\",\"item\":\"https:\/\/kunmedierne.dk\/mors\/\"},{\"@type\":\"ListItem\",\"position\":2,\"name\":\"Ny produktionsleder til Outrup Vinduer &#038; D\u00f8re\"}]},{\"@type\":\"WebSite\",\"@id\":\"https:\/\/kunmedierne.dk\/mors\/#website\",\"url\":\"https:\/\/kunmedierne.dk\/mors\/\",\"name\":\"Mors\",\"description\":\"et netmedie med journalistik om livet p\u00e5 Mors\",\"publisher\":{\"@id\":\"https:\/\/kunmedierne.dk\/mors\/#organization\"},\"potentialAction\":[{\"@type\":\"SearchAction\",\"target\":{\"@type\":\"EntryPoint\",\"urlTemplate\":\"https:\/\/kunmedierne.dk\/mors\/?s={search_term_string}\"},\"query-input\":{\"@type\":\"PropertyValueSpecification\",\"valueRequired\":true,\"valueName\":\"search_term_string\"}}],\"inLanguage\":\"da-DK\"},{\"@type\":\"Organization\",\"@id\":\"https:\/\/kunmedierne.dk\/mors\/#organization\",\"name\":\"Mors\",\"url\":\"https:\/\/kunmedierne.dk\/mors\/\",\"logo\":{\"@type\":\"ImageObject\",\"inLanguage\":\"da-DK\",\"@id\":\"https:\/\/kunmedierne.dk\/mors\/#\/schema\/logo\/image\/\",\"url\":\"https:\/\/kunmedierne.dk\/mors\/wp-content\/uploads\/2024\/08\/kunmors-logo.svg\",\"contentUrl\":\"https:\/\/kunmedierne.dk\/mors\/wp-content\/uploads\/2024\/08\/kunmors-logo.svg\",\"caption\":\"Mors\"},\"image\":{\"@id\":\"https:\/\/kunmedierne.dk\/mors\/#\/schema\/logo\/image\/\"}},{\"@type\":\"Person\",\"@id\":\"https:\/\/kunmedierne.dk\/mors\/#\/schema\/person\/f084885f8161963bb583d8604763a6b7\",\"name\":\"Navne\",\"image\":{\"@type\":\"ImageObject\",\"inLanguage\":\"da-DK\",\"@id\":\"https:\/\/kunmedierne.dk\/mors\/#\/schema\/person\/image\/\",\"url\":\"https:\/\/secure.gravatar.com\/avatar\/6f0953307eaee87813e8e3c90223d5589b093e56e7cc66b5575f901f7b5868a5?s=96&d=mm&r=g\",\"contentUrl\":\"https:\/\/secure.gravatar.com\/avatar\/6f0953307eaee87813e8e3c90223d5589b093e56e7cc66b5575f901f7b5868a5?s=96&d=mm&r=g\",\"caption\":\"Navne\"},\"url\":\"https:\/\/kunmedierne.dk\/mors\/author\/navne\/\"}]}<\/script>\n<!-- \/ Yoast SEO plugin. -->","yoast_head_json":{"title":"Ny produktionsleder til Outrup Vinduer & D\u00f8re - Mors","robots":{"index":"index","follow":"follow","max-snippet":"max-snippet:-1","max-image-preview":"max-image-preview:large","max-video-preview":"max-video-preview:-1"},"canonical":"https:\/\/kunmedierne.dk\/mors\/ny-produktionsleder-til-outrup-vinduer-doere\/","og_locale":"da_DK","og_type":"article","og_title":"Ny produktionsleder til Outrup Vinduer & D\u00f8re - Mors","og_description":"Fra Outrup Vinduer &amp; D\u00f8re har vi modtaget: OUTRUP:\u00a0Karsten Overgaard, 55 \u00e5r, Vinderup, er den 1. marts tiltr\u00e5dt som ny produktionsleder hos Outrup Vinduer &amp; D\u00f8re i Nyk\u00f8bing Mors. Her f\u00e5r han det overordnede ansvar for den daglige drift i glas-, samle- og maleafdelingen samt f\u00e6rdigvarelager med fokus p\u00e5 kvalitetssikring og leveringssikkerhed, hvilket blandt andet [&hellip;]","og_url":"https:\/\/kunmedierne.dk\/mors\/ny-produktionsleder-til-outrup-vinduer-doere\/","og_site_name":"Mors","article_published_time":"2020-03-14T18:38:18+00:00","article_modified_time":"2024-08-12T12:06:21+00:00","og_image":[{"width":1984,"height":1117,"url":"https:\/\/kunmedierne.dk\/mors\/wp-content\/uploads\/2020\/03\/200311-outrup-Karsten_Overgaard.jpg","type":"image\/jpeg"}],"author":"Navne","twitter_card":"summary_large_image","twitter_misc":{"Skrevet af":"Navne","Estimeret l\u00e6setid":"1 minut"},"schema":{"@context":"https:\/\/schema.org","@graph":[{"@type":"Article","@id":"https:\/\/kunmedierne.dk\/mors\/ny-produktionsleder-til-outrup-vinduer-doere\/#article","isPartOf":{"@id":"https:\/\/kunmedierne.dk\/mors\/ny-produktionsleder-til-outrup-vinduer-doere\/"},"author":{"name":"Navne","@id":"https:\/\/kunmedierne.dk\/mors\/#\/schema\/person\/f084885f8161963bb583d8604763a6b7"},"headline":"Ny produktionsleder til Outrup Vinduer &#038; D\u00f8re","datePublished":"2020-03-14T18:38:18+00:00","dateModified":"2024-08-12T12:06:21+00:00","mainEntityOfPage":{"@id":"https:\/\/kunmedierne.dk\/mors\/ny-produktionsleder-til-outrup-vinduer-doere\/"},"wordCount":123,"commentCount":0,"publisher":{"@id":"https:\/\/kunmedierne.dk\/mors\/#organization"},"image":{"@id":"https:\/\/kunmedierne.dk\/mors\/ny-produktionsleder-til-outrup-vinduer-doere\/#primaryimage"},"thumbnailUrl":"https:\/\/kunmedierne.dk\/mors\/wp-content\/uploads\/2020\/03\/200311-outrup-Karsten_Overgaard.jpg","keywords":["Erhverv"],"articleSection":["Navne"],"inLanguage":"da-DK","potentialAction":[{"@type":"CommentAction","name":"Comment","target":["https:\/\/kunmedierne.dk\/mors\/ny-produktionsleder-til-outrup-vinduer-doere\/#respond"]}]},{"@type":"WebPage","@id":"https:\/\/kunmedierne.dk\/mors\/ny-produktionsleder-til-outrup-vinduer-doere\/","url":"https:\/\/kunmedierne.dk\/mors\/ny-produktionsleder-til-outrup-vinduer-doere\/","name":"Ny produktionsleder til Outrup Vinduer & D\u00f8re - Mors","isPartOf":{"@id":"https:\/\/kunmedierne.dk\/mors\/#website"},"primaryImageOfPage":{"@id":"https:\/\/kunmedierne.dk\/mors\/ny-produktionsleder-til-outrup-vinduer-doere\/#primaryimage"},"image":{"@id":"https:\/\/kunmedierne.dk\/mors\/ny-produktionsleder-til-outrup-vinduer-doere\/#primaryimage"},"thumbnailUrl":"https:\/\/kunmedierne.dk\/mors\/wp-content\/uploads\/2020\/03\/200311-outrup-Karsten_Overgaard.jpg","datePublished":"2020-03-14T18:38:18+00:00","dateModified":"2024-08-12T12:06:21+00:00","breadcrumb":{"@id":"https:\/\/kunmedierne.dk\/mors\/ny-produktionsleder-til-outrup-vinduer-doere\/#breadcrumb"},"inLanguage":"da-DK","potentialAction":[{"@type":"ReadAction","target":["https:\/\/kunmedierne.dk\/mors\/ny-produktionsleder-til-outrup-vinduer-doere\/"]}]},{"@type":"ImageObject","inLanguage":"da-DK","@id":"https:\/\/kunmedierne.dk\/mors\/ny-produktionsleder-til-outrup-vinduer-doere\/#primaryimage","url":"https:\/\/kunmedierne.dk\/mors\/wp-content\/uploads\/2020\/03\/200311-outrup-Karsten_Overgaard.jpg","contentUrl":"https:\/\/kunmedierne.dk\/mors\/wp-content\/uploads\/2020\/03\/200311-outrup-Karsten_Overgaard.jpg","width":1984,"height":1117,"caption":"Karsten Overgaard. Foto: Outrup Vinduer & D\u00f8re."},{"@type":"BreadcrumbList","@id":"https:\/\/kunmedierne.dk\/mors\/ny-produktionsleder-til-outrup-vinduer-doere\/#breadcrumb","itemListElement":[{"@type":"ListItem","position":1,"name":"Hjem","item":"https:\/\/kunmedierne.dk\/mors\/"},{"@type":"ListItem","position":2,"name":"Ny produktionsleder til Outrup Vinduer &#038; D\u00f8re"}]},{"@type":"WebSite","@id":"https:\/\/kunmedierne.dk\/mors\/#website","url":"https:\/\/kunmedierne.dk\/mors\/","name":"Mors","description":"et netmedie med journalistik om livet p\u00e5 Mors","publisher":{"@id":"https:\/\/kunmedierne.dk\/mors\/#organization"},"potentialAction":[{"@type":"SearchAction","target":{"@type":"EntryPoint","urlTemplate":"https:\/\/kunmedierne.dk\/mors\/?s={search_term_string}"},"query-input":{"@type":"PropertyValueSpecification","valueRequired":true,"valueName":"search_term_string"}}],"inLanguage":"da-DK"},{"@type":"Organization","@id":"https:\/\/kunmedierne.dk\/mors\/#organization","name":"Mors","url":"https:\/\/kunmedierne.dk\/mors\/","logo":{"@type":"ImageObject","inLanguage":"da-DK","@id":"https:\/\/kunmedierne.dk\/mors\/#\/schema\/logo\/image\/","url":"https:\/\/kunmedierne.dk\/mors\/wp-content\/uploads\/2024\/08\/kunmors-logo.svg","contentUrl":"https:\/\/kunmedierne.dk\/mors\/wp-content\/uploads\/2024\/08\/kunmors-logo.svg","caption":"Mors"},"image":{"@id":"https:\/\/kunmedierne.dk\/mors\/#\/schema\/logo\/image\/"}},{"@type":"Person","@id":"https:\/\/kunmedierne.dk\/mors\/#\/schema\/person\/f084885f8161963bb583d8604763a6b7","name":"Navne","image":{"@type":"ImageObject","inLanguage":"da-DK","@id":"https:\/\/kunmedierne.dk\/mors\/#\/schema\/person\/image\/","url":"https:\/\/secure.gravatar.com\/avatar\/6f0953307eaee87813e8e3c90223d5589b093e56e7cc66b5575f901f7b5868a5?s=96&d=mm&r=g","contentUrl":"https:\/\/secure.gravatar.com\/avatar\/6f0953307eaee87813e8e3c90223d5589b093e56e7cc66b5575f901f7b5868a5?s=96&d=mm&r=g","caption":"Navne"},"url":"https:\/\/kunmedierne.dk\/mors\/author\/navne\/"}]}},"_links":{"self":[{"href":"https:\/\/kunmedierne.dk\/mors\/wp-json\/wp\/v2\/posts\/13610","targetHints":{"allow":["GET"]}}],"collection":[{"href":"https:\/\/kunmedierne.dk\/mors\/wp-json\/wp\/v2\/posts"}],"about":[{"href":"https:\/\/kunmedierne.dk\/mors\/wp-json\/wp\/v2\/types\/post"}],"author":[{"embeddable":true,"href":"https:\/\/kunmedierne.dk\/mors\/wp-json\/wp\/v2\/users\/264"}],"replies":[{"embeddable":true,"href":"https:\/\/kunmedierne.dk\/mors\/wp-json\/wp\/v2\/comments?post=13610"}],"version-history":[{"count":4,"href":"https:\/\/kunmedierne.dk\/mors\/wp-json\/wp\/v2\/posts\/13610\/revisions"}],"predecessor-version":[{"id":13616,"href":"https:\/\/kunmedierne.dk\/mors\/wp-json\/wp\/v2\/posts\/13610\/revisions\/13616"}],"wp:featuredmedia":[{"embeddable":true,"href":"https:\/\/kunmedierne.dk\/mors\/wp-json\/wp\/v2\/media\/13613"}],"wp:attachment":[{"href":"https:\/\/kunmedierne.dk\/mors\/wp-json\/wp\/v2\/media?parent=13610"}],"wp:term":[{"taxonomy":"category","embeddable":true,"href":"https:\/\/kunmedierne.dk\/mors\/wp-json\/wp\/v2\/categories?post=13610"},{"taxonomy":"post_tag","embeddable":true,"href":"https:\/\/kunmedierne.dk\/mors\/wp-json\/wp\/v2\/tags?post=13610"}],"curies":[{"name":"wp","href":"https:\/\/api.w.org\/{rel}","templated":true}]}}