{"id":13430,"date":"2020-03-13T17:58:50","date_gmt":"2020-03-13T16:58:50","guid":{"rendered":"https:\/\/kunmedierne.dk\/mors\/?p=13430"},"modified":"2024-08-12T14:06:21","modified_gmt":"2024-08-12T12:06:21","slug":"morsoe-kommune-indstiller-rutebiler-fra-mandag","status":"publish","type":"post","link":"https:\/\/kunmedierne.dk\/mors\/morsoe-kommune-indstiller-rutebiler-fra-mandag\/","title":{"rendered":"Mors\u00f8 Kommune indstiller rutebiler fra p\u00e5 mandag"},"content":{"rendered":"<p><strong>MORS<\/strong>: Der bliver ingen rutebiler p\u00e5 Mors fra n\u00e6ste uge. Mors\u00f8 Kommune har taget konsekvensen af de mange tomme busser efter lukningen af skolerne som f\u00f8lge af regeringens tiltag imod coronavirus.<\/p>\n<p>&#8220;Vi har haft 18 stort set tomme busser p\u00e5 Mors i de seneste dage. Det giver jo ingen mening, at de skal k\u00f8re rundt, &#8221; siger borgmester Hans Ejner Bertelsen (V).<\/p>\n<p>I stedet har kommunen lavet en aftale med Mors\u00f8 Taxi- &amp; Turisttrafik om, at de tr\u00e6der til med en taxi eller minibus, n\u00e5r der er behov for det. Hvis en borger senest en time inden den normale k\u00f8replans afgang ringer til det lokale selskab p\u00e5 9776 7676, vil det s\u00f8rge for den gratis transport. Samtidig er det, som det ogs\u00e5 var tilf\u00e6ldet f\u00f8r, muligt at bestille en flextur hos Nordjyllands Trafikselskab p\u00e5 telefon 9934 1134 eller i app&#8217;en Flextrafik.<\/p>\n<p>&#8220;S\u00e5 vi stopper busserne, men har et tilbud, der er fuldt p\u00e5 h\u00f8jde, og det er jeg rigtig glad for,&#8221; siger Hans Ejner Bertelsen og roser Mors\u00f8 Taxi &amp; Turisttrafik for at v\u00e6re klar med hj\u00e6lp i den aktuelle situation.<\/p>\n<p>&#8220;De har jo ogs\u00e5 sm\u00e5 busser, s\u00e5 hvis man er flere, der skal af sted, kan det ogs\u00e5 lade sig g\u00f8re. S\u00e5 jeg synes, det er et rigtig godt tiltag,&#8221; siger Hans Ejner Bertelsen.<\/p>\n<p>Hvor l\u00e6nge l\u00f8sningen s\u00e5 skal v\u00e6re aktuel, afh\u00e6nger naturligvis af situationen med coronavirus. Forel\u00f8big g\u00e6lder det i de to uger, regeringen har lagt op til med lukningen af skoler og dagtilbud fra p\u00e5 mandag og to uger frem.<\/p>\n<p>&#8220;Kan vi n\u00f8jes med de 14 dage, tror jeg, at vi alle vil \u00e5nde lettet op,&#8221; siger Hans Ejner Bertelsen.<\/p>\n","protected":false},"excerpt":{"rendered":"<p>MORS: Der bliver ingen rutebiler p\u00e5 Mors fra n\u00e6ste uge. Mors\u00f8 Kommune har taget konsekvensen af de mange tomme busser efter lukningen af skolerne som f\u00f8lge af regeringens tiltag imod coronavirus. &#8220;Vi har haft 18 stort set tomme busser p\u00e5 Mors i de seneste dage. Det giver jo ingen mening, at de skal k\u00f8re rundt, [&hellip;]<\/p>\n","protected":false},"author":8,"featured_media":13442,"comment_status":"open","ping_status":"open","sticky":false,"template":"","format":"standard","meta":{"_acf_changed":false,"footnotes":""},"categories":[51],"tags":[],"class_list":["post-13430","post","type-post","status-publish","format-standard","has-post-thumbnail","hentry","category-lokalt"],"acf":[],"yoast_head":"<!-- This site is optimized with the Yoast SEO plugin v26.8 - https:\/\/yoast.com\/product\/yoast-seo-wordpress\/ -->\n<title>Mors\u00f8 Kommune indstiller rutebiler fra p\u00e5 mandag - Mors<\/title>\n<meta name=\"robots\" content=\"index, follow, max-snippet:-1, max-image-preview:large, max-video-preview:-1\" \/>\n<link rel=\"canonical\" href=\"https:\/\/kunmedierne.dk\/mors\/morsoe-kommune-indstiller-rutebiler-fra-mandag\/\" \/>\n<meta property=\"og:locale\" content=\"da_DK\" \/>\n<meta property=\"og:type\" content=\"article\" \/>\n<meta property=\"og:title\" content=\"Mors\u00f8 Kommune indstiller rutebiler fra p\u00e5 mandag - Mors\" \/>\n<meta property=\"og:description\" content=\"MORS: Der bliver ingen rutebiler p\u00e5 Mors fra n\u00e6ste uge. Mors\u00f8 Kommune har taget konsekvensen af de mange tomme busser efter lukningen af skolerne som f\u00f8lge af regeringens tiltag imod coronavirus. &#8220;Vi har haft 18 stort set tomme busser p\u00e5 Mors i de seneste dage. Det giver jo ingen mening, at de skal k\u00f8re rundt, [&hellip;]\" \/>\n<meta property=\"og:url\" content=\"https:\/\/kunmedierne.dk\/mors\/morsoe-kommune-indstiller-rutebiler-fra-mandag\/\" \/>\n<meta property=\"og:site_name\" content=\"Mors\" \/>\n<meta property=\"article:published_time\" content=\"2020-03-13T16:58:50+00:00\" \/>\n<meta property=\"article:modified_time\" content=\"2024-08-12T12:06:21+00:00\" \/>\n<meta property=\"og:image\" content=\"https:\/\/kunmedierne.dk\/mors\/wp-content\/uploads\/2020\/03\/IMG_0608.jpg\" \/>\n\t<meta property=\"og:image:width\" content=\"770\" \/>\n\t<meta property=\"og:image:height\" content=\"513\" \/>\n\t<meta property=\"og:image:type\" content=\"image\/jpeg\" \/>\n<meta name=\"author\" content=\"David H\u00f8jmark\" \/>\n<meta name=\"twitter:card\" content=\"summary_large_image\" \/>\n<meta name=\"twitter:label1\" content=\"Skrevet af\" \/>\n\t<meta name=\"twitter:data1\" content=\"David H\u00f8jmark\" \/>\n\t<meta name=\"twitter:label2\" content=\"Estimeret l\u00e6setid\" \/>\n\t<meta name=\"twitter:data2\" content=\"1 minut\" \/>\n<script type=\"application\/ld+json\" class=\"yoast-schema-graph\">{\"@context\":\"https:\/\/schema.org\",\"@graph\":[{\"@type\":\"Article\",\"@id\":\"https:\/\/kunmedierne.dk\/mors\/morsoe-kommune-indstiller-rutebiler-fra-mandag\/#article\",\"isPartOf\":{\"@id\":\"https:\/\/kunmedierne.dk\/mors\/morsoe-kommune-indstiller-rutebiler-fra-mandag\/\"},\"author\":{\"name\":\"David H\u00f8jmark\",\"@id\":\"https:\/\/kunmedierne.dk\/mors\/#\/schema\/person\/5fe23251bf1d0abbcdc6f7896579d548\"},\"headline\":\"Mors\u00f8 Kommune indstiller rutebiler fra p\u00e5 mandag\",\"datePublished\":\"2020-03-13T16:58:50+00:00\",\"dateModified\":\"2024-08-12T12:06:21+00:00\",\"mainEntityOfPage\":{\"@id\":\"https:\/\/kunmedierne.dk\/mors\/morsoe-kommune-indstiller-rutebiler-fra-mandag\/\"},\"wordCount\":294,\"commentCount\":0,\"publisher\":{\"@id\":\"https:\/\/kunmedierne.dk\/mors\/#organization\"},\"image\":{\"@id\":\"https:\/\/kunmedierne.dk\/mors\/morsoe-kommune-indstiller-rutebiler-fra-mandag\/#primaryimage\"},\"thumbnailUrl\":\"https:\/\/kunmedierne.dk\/mors\/wp-content\/uploads\/2020\/03\/IMG_0608.jpg\",\"articleSection\":[\"Lokalt\"],\"inLanguage\":\"da-DK\",\"potentialAction\":[{\"@type\":\"CommentAction\",\"name\":\"Comment\",\"target\":[\"https:\/\/kunmedierne.dk\/mors\/morsoe-kommune-indstiller-rutebiler-fra-mandag\/#respond\"]}]},{\"@type\":\"WebPage\",\"@id\":\"https:\/\/kunmedierne.dk\/mors\/morsoe-kommune-indstiller-rutebiler-fra-mandag\/\",\"url\":\"https:\/\/kunmedierne.dk\/mors\/morsoe-kommune-indstiller-rutebiler-fra-mandag\/\",\"name\":\"Mors\u00f8 Kommune indstiller rutebiler fra p\u00e5 mandag - Mors\",\"isPartOf\":{\"@id\":\"https:\/\/kunmedierne.dk\/mors\/#website\"},\"primaryImageOfPage\":{\"@id\":\"https:\/\/kunmedierne.dk\/mors\/morsoe-kommune-indstiller-rutebiler-fra-mandag\/#primaryimage\"},\"image\":{\"@id\":\"https:\/\/kunmedierne.dk\/mors\/morsoe-kommune-indstiller-rutebiler-fra-mandag\/#primaryimage\"},\"thumbnailUrl\":\"https:\/\/kunmedierne.dk\/mors\/wp-content\/uploads\/2020\/03\/IMG_0608.jpg\",\"datePublished\":\"2020-03-13T16:58:50+00:00\",\"dateModified\":\"2024-08-12T12:06:21+00:00\",\"breadcrumb\":{\"@id\":\"https:\/\/kunmedierne.dk\/mors\/morsoe-kommune-indstiller-rutebiler-fra-mandag\/#breadcrumb\"},\"inLanguage\":\"da-DK\",\"potentialAction\":[{\"@type\":\"ReadAction\",\"target\":[\"https:\/\/kunmedierne.dk\/mors\/morsoe-kommune-indstiller-rutebiler-fra-mandag\/\"]}]},{\"@type\":\"ImageObject\",\"inLanguage\":\"da-DK\",\"@id\":\"https:\/\/kunmedierne.dk\/mors\/morsoe-kommune-indstiller-rutebiler-fra-mandag\/#primaryimage\",\"url\":\"https:\/\/kunmedierne.dk\/mors\/wp-content\/uploads\/2020\/03\/IMG_0608.jpg\",\"contentUrl\":\"https:\/\/kunmedierne.dk\/mors\/wp-content\/uploads\/2020\/03\/IMG_0608.jpg\",\"width\":770,\"height\":513,\"caption\":\"Rutebilerne st\u00e5r stille, men Mors\u00f8 Taxi & Turisttrafik hj\u00e6lper kommunen med transport af borgerne i forel\u00f8big to uger frem. Privatfoto.\"},{\"@type\":\"BreadcrumbList\",\"@id\":\"https:\/\/kunmedierne.dk\/mors\/morsoe-kommune-indstiller-rutebiler-fra-mandag\/#breadcrumb\",\"itemListElement\":[{\"@type\":\"ListItem\",\"position\":1,\"name\":\"Hjem\",\"item\":\"https:\/\/kunmedierne.dk\/mors\/\"},{\"@type\":\"ListItem\",\"position\":2,\"name\":\"Mors\u00f8 Kommune indstiller rutebiler fra p\u00e5 mandag\"}]},{\"@type\":\"WebSite\",\"@id\":\"https:\/\/kunmedierne.dk\/mors\/#website\",\"url\":\"https:\/\/kunmedierne.dk\/mors\/\",\"name\":\"Mors\",\"description\":\"et netmedie med journalistik om livet p\u00e5 Mors\",\"publisher\":{\"@id\":\"https:\/\/kunmedierne.dk\/mors\/#organization\"},\"potentialAction\":[{\"@type\":\"SearchAction\",\"target\":{\"@type\":\"EntryPoint\",\"urlTemplate\":\"https:\/\/kunmedierne.dk\/mors\/?s={search_term_string}\"},\"query-input\":{\"@type\":\"PropertyValueSpecification\",\"valueRequired\":true,\"valueName\":\"search_term_string\"}}],\"inLanguage\":\"da-DK\"},{\"@type\":\"Organization\",\"@id\":\"https:\/\/kunmedierne.dk\/mors\/#organization\",\"name\":\"Mors\",\"url\":\"https:\/\/kunmedierne.dk\/mors\/\",\"logo\":{\"@type\":\"ImageObject\",\"inLanguage\":\"da-DK\",\"@id\":\"https:\/\/kunmedierne.dk\/mors\/#\/schema\/logo\/image\/\",\"url\":\"https:\/\/kunmedierne.dk\/mors\/wp-content\/uploads\/2024\/08\/kunmors-logo.svg\",\"contentUrl\":\"https:\/\/kunmedierne.dk\/mors\/wp-content\/uploads\/2024\/08\/kunmors-logo.svg\",\"caption\":\"Mors\"},\"image\":{\"@id\":\"https:\/\/kunmedierne.dk\/mors\/#\/schema\/logo\/image\/\"}},{\"@type\":\"Person\",\"@id\":\"https:\/\/kunmedierne.dk\/mors\/#\/schema\/person\/5fe23251bf1d0abbcdc6f7896579d548\",\"name\":\"David H\u00f8jmark\",\"image\":{\"@type\":\"ImageObject\",\"inLanguage\":\"da-DK\",\"@id\":\"https:\/\/kunmedierne.dk\/mors\/#\/schema\/person\/image\/\",\"url\":\"https:\/\/secure.gravatar.com\/avatar\/4315d6fb9ef244d729989f5f90268eb08d5bf8a3d84402f595fa194bb35784fd?s=96&d=mm&r=g\",\"contentUrl\":\"https:\/\/secure.gravatar.com\/avatar\/4315d6fb9ef244d729989f5f90268eb08d5bf8a3d84402f595fa194bb35784fd?s=96&d=mm&r=g\",\"caption\":\"David H\u00f8jmark\"},\"sameAs\":[\"https:\/\/www.kunmedierne.dk\"],\"url\":\"https:\/\/kunmedierne.dk\/mors\/author\/david\/\"}]}<\/script>\n<!-- \/ Yoast SEO plugin. -->","yoast_head_json":{"title":"Mors\u00f8 Kommune indstiller rutebiler fra p\u00e5 mandag - Mors","robots":{"index":"index","follow":"follow","max-snippet":"max-snippet:-1","max-image-preview":"max-image-preview:large","max-video-preview":"max-video-preview:-1"},"canonical":"https:\/\/kunmedierne.dk\/mors\/morsoe-kommune-indstiller-rutebiler-fra-mandag\/","og_locale":"da_DK","og_type":"article","og_title":"Mors\u00f8 Kommune indstiller rutebiler fra p\u00e5 mandag - Mors","og_description":"MORS: Der bliver ingen rutebiler p\u00e5 Mors fra n\u00e6ste uge. Mors\u00f8 Kommune har taget konsekvensen af de mange tomme busser efter lukningen af skolerne som f\u00f8lge af regeringens tiltag imod coronavirus. &#8220;Vi har haft 18 stort set tomme busser p\u00e5 Mors i de seneste dage. Det giver jo ingen mening, at de skal k\u00f8re rundt, [&hellip;]","og_url":"https:\/\/kunmedierne.dk\/mors\/morsoe-kommune-indstiller-rutebiler-fra-mandag\/","og_site_name":"Mors","article_published_time":"2020-03-13T16:58:50+00:00","article_modified_time":"2024-08-12T12:06:21+00:00","og_image":[{"width":770,"height":513,"url":"https:\/\/kunmedierne.dk\/mors\/wp-content\/uploads\/2020\/03\/IMG_0608.jpg","type":"image\/jpeg"}],"author":"David H\u00f8jmark","twitter_card":"summary_large_image","twitter_misc":{"Skrevet af":"David H\u00f8jmark","Estimeret l\u00e6setid":"1 minut"},"schema":{"@context":"https:\/\/schema.org","@graph":[{"@type":"Article","@id":"https:\/\/kunmedierne.dk\/mors\/morsoe-kommune-indstiller-rutebiler-fra-mandag\/#article","isPartOf":{"@id":"https:\/\/kunmedierne.dk\/mors\/morsoe-kommune-indstiller-rutebiler-fra-mandag\/"},"author":{"name":"David H\u00f8jmark","@id":"https:\/\/kunmedierne.dk\/mors\/#\/schema\/person\/5fe23251bf1d0abbcdc6f7896579d548"},"headline":"Mors\u00f8 Kommune indstiller rutebiler fra p\u00e5 mandag","datePublished":"2020-03-13T16:58:50+00:00","dateModified":"2024-08-12T12:06:21+00:00","mainEntityOfPage":{"@id":"https:\/\/kunmedierne.dk\/mors\/morsoe-kommune-indstiller-rutebiler-fra-mandag\/"},"wordCount":294,"commentCount":0,"publisher":{"@id":"https:\/\/kunmedierne.dk\/mors\/#organization"},"image":{"@id":"https:\/\/kunmedierne.dk\/mors\/morsoe-kommune-indstiller-rutebiler-fra-mandag\/#primaryimage"},"thumbnailUrl":"https:\/\/kunmedierne.dk\/mors\/wp-content\/uploads\/2020\/03\/IMG_0608.jpg","articleSection":["Lokalt"],"inLanguage":"da-DK","potentialAction":[{"@type":"CommentAction","name":"Comment","target":["https:\/\/kunmedierne.dk\/mors\/morsoe-kommune-indstiller-rutebiler-fra-mandag\/#respond"]}]},{"@type":"WebPage","@id":"https:\/\/kunmedierne.dk\/mors\/morsoe-kommune-indstiller-rutebiler-fra-mandag\/","url":"https:\/\/kunmedierne.dk\/mors\/morsoe-kommune-indstiller-rutebiler-fra-mandag\/","name":"Mors\u00f8 Kommune indstiller rutebiler fra p\u00e5 mandag - Mors","isPartOf":{"@id":"https:\/\/kunmedierne.dk\/mors\/#website"},"primaryImageOfPage":{"@id":"https:\/\/kunmedierne.dk\/mors\/morsoe-kommune-indstiller-rutebiler-fra-mandag\/#primaryimage"},"image":{"@id":"https:\/\/kunmedierne.dk\/mors\/morsoe-kommune-indstiller-rutebiler-fra-mandag\/#primaryimage"},"thumbnailUrl":"https:\/\/kunmedierne.dk\/mors\/wp-content\/uploads\/2020\/03\/IMG_0608.jpg","datePublished":"2020-03-13T16:58:50+00:00","dateModified":"2024-08-12T12:06:21+00:00","breadcrumb":{"@id":"https:\/\/kunmedierne.dk\/mors\/morsoe-kommune-indstiller-rutebiler-fra-mandag\/#breadcrumb"},"inLanguage":"da-DK","potentialAction":[{"@type":"ReadAction","target":["https:\/\/kunmedierne.dk\/mors\/morsoe-kommune-indstiller-rutebiler-fra-mandag\/"]}]},{"@type":"ImageObject","inLanguage":"da-DK","@id":"https:\/\/kunmedierne.dk\/mors\/morsoe-kommune-indstiller-rutebiler-fra-mandag\/#primaryimage","url":"https:\/\/kunmedierne.dk\/mors\/wp-content\/uploads\/2020\/03\/IMG_0608.jpg","contentUrl":"https:\/\/kunmedierne.dk\/mors\/wp-content\/uploads\/2020\/03\/IMG_0608.jpg","width":770,"height":513,"caption":"Rutebilerne st\u00e5r stille, men Mors\u00f8 Taxi & Turisttrafik hj\u00e6lper kommunen med transport af borgerne i forel\u00f8big to uger frem. Privatfoto."},{"@type":"BreadcrumbList","@id":"https:\/\/kunmedierne.dk\/mors\/morsoe-kommune-indstiller-rutebiler-fra-mandag\/#breadcrumb","itemListElement":[{"@type":"ListItem","position":1,"name":"Hjem","item":"https:\/\/kunmedierne.dk\/mors\/"},{"@type":"ListItem","position":2,"name":"Mors\u00f8 Kommune indstiller rutebiler fra p\u00e5 mandag"}]},{"@type":"WebSite","@id":"https:\/\/kunmedierne.dk\/mors\/#website","url":"https:\/\/kunmedierne.dk\/mors\/","name":"Mors","description":"et netmedie med journalistik om livet p\u00e5 Mors","publisher":{"@id":"https:\/\/kunmedierne.dk\/mors\/#organization"},"potentialAction":[{"@type":"SearchAction","target":{"@type":"EntryPoint","urlTemplate":"https:\/\/kunmedierne.dk\/mors\/?s={search_term_string}"},"query-input":{"@type":"PropertyValueSpecification","valueRequired":true,"valueName":"search_term_string"}}],"inLanguage":"da-DK"},{"@type":"Organization","@id":"https:\/\/kunmedierne.dk\/mors\/#organization","name":"Mors","url":"https:\/\/kunmedierne.dk\/mors\/","logo":{"@type":"ImageObject","inLanguage":"da-DK","@id":"https:\/\/kunmedierne.dk\/mors\/#\/schema\/logo\/image\/","url":"https:\/\/kunmedierne.dk\/mors\/wp-content\/uploads\/2024\/08\/kunmors-logo.svg","contentUrl":"https:\/\/kunmedierne.dk\/mors\/wp-content\/uploads\/2024\/08\/kunmors-logo.svg","caption":"Mors"},"image":{"@id":"https:\/\/kunmedierne.dk\/mors\/#\/schema\/logo\/image\/"}},{"@type":"Person","@id":"https:\/\/kunmedierne.dk\/mors\/#\/schema\/person\/5fe23251bf1d0abbcdc6f7896579d548","name":"David H\u00f8jmark","image":{"@type":"ImageObject","inLanguage":"da-DK","@id":"https:\/\/kunmedierne.dk\/mors\/#\/schema\/person\/image\/","url":"https:\/\/secure.gravatar.com\/avatar\/4315d6fb9ef244d729989f5f90268eb08d5bf8a3d84402f595fa194bb35784fd?s=96&d=mm&r=g","contentUrl":"https:\/\/secure.gravatar.com\/avatar\/4315d6fb9ef244d729989f5f90268eb08d5bf8a3d84402f595fa194bb35784fd?s=96&d=mm&r=g","caption":"David H\u00f8jmark"},"sameAs":["https:\/\/www.kunmedierne.dk"],"url":"https:\/\/kunmedierne.dk\/mors\/author\/david\/"}]}},"_links":{"self":[{"href":"https:\/\/kunmedierne.dk\/mors\/wp-json\/wp\/v2\/posts\/13430","targetHints":{"allow":["GET"]}}],"collection":[{"href":"https:\/\/kunmedierne.dk\/mors\/wp-json\/wp\/v2\/posts"}],"about":[{"href":"https:\/\/kunmedierne.dk\/mors\/wp-json\/wp\/v2\/types\/post"}],"author":[{"embeddable":true,"href":"https:\/\/kunmedierne.dk\/mors\/wp-json\/wp\/v2\/users\/8"}],"replies":[{"embeddable":true,"href":"https:\/\/kunmedierne.dk\/mors\/wp-json\/wp\/v2\/comments?post=13430"}],"version-history":[{"count":18,"href":"https:\/\/kunmedierne.dk\/mors\/wp-json\/wp\/v2\/posts\/13430\/revisions"}],"predecessor-version":[{"id":13460,"href":"https:\/\/kunmedierne.dk\/mors\/wp-json\/wp\/v2\/posts\/13430\/revisions\/13460"}],"wp:featuredmedia":[{"embeddable":true,"href":"https:\/\/kunmedierne.dk\/mors\/wp-json\/wp\/v2\/media\/13442"}],"wp:attachment":[{"href":"https:\/\/kunmedierne.dk\/mors\/wp-json\/wp\/v2\/media?parent=13430"}],"wp:term":[{"taxonomy":"category","embeddable":true,"href":"https:\/\/kunmedierne.dk\/mors\/wp-json\/wp\/v2\/categories?post=13430"},{"taxonomy":"post_tag","embeddable":true,"href":"https:\/\/kunmedierne.dk\/mors\/wp-json\/wp\/v2\/tags?post=13430"}],"curies":[{"name":"wp","href":"https:\/\/api.w.org\/{rel}","templated":true}]}}