{"id":134119,"date":"2024-12-05T05:40:27","date_gmt":"2024-12-05T04:40:27","guid":{"rendered":"https:\/\/kunmedierne.dk\/mors\/?p=134119"},"modified":"2024-12-05T08:12:38","modified_gmt":"2024-12-05T07:12:38","slug":"jeg-blev-til-os-og-kan-blive-til-mange-flere","status":"publish","type":"post","link":"https:\/\/kunmedierne.dk\/mors\/jeg-blev-til-os-og-kan-blive-til-mange-flere\/","title":{"rendered":"&#8220;Jeg&#8221; blev til &#8220;Os&#8221; &#8211; og kan blive til mange flere"},"content":{"rendered":"<p><strong>BEV\u00c6GELSE<\/strong>: Sammen er vi bedst.<\/p>\n<p>S\u00e5dan lyder det kommunale slogan med et motto, der ved f\u00f8rste \u00f8jekast synes at v\u00e6re fundet i den store skuffe med klich\u00e9er &#8211; men som man netop p\u00e5 Mors kan formulere med en vis tradition som ballast.<\/p>\n<p>For det gjaldt i fortiden, da driftige morsingboer rejste flotte bygninger, der st\u00e5r endnu, og etablerede et foreningsliv, der slog st\u00e6rke r\u00f8dder for de n\u00e6ste generationer. Og det g\u00e6lder i nutiden, der har <a href=\"https:\/\/kunmedierne.dk\/morsingboerne-er-danmarksmestre-i-frivillighed\/\" target=\"_blank\" rel=\"noopener\">k\u00e5ret \u00f8ens borgere<\/a> til dem i landet, der er bedst til det med at v\u00e6re frivillige for hinanden.<\/p>\n<p>Tirsdag var nogle af dem samlet p\u00e5 Dansk Skaldyrcenter for at fejre endnu et eksempel p\u00e5 frivillighedens kr\u00e6fter. Det var til konference om resultater, viden og l\u00e6ring fra &#8220;Projekt Jeg til Os&#8221;, der igennem tre \u00e5r har etableret nye f\u00e6llesskaber, skabt ny veje ind i foreningslivet og formet livsgl\u00e6de for ikke mindst b\u00f8rn og unge med brug for et motiverende skub for at tage de f\u00f8rste skridt.<\/p>\n<a class=\"dvrt-link\" onClick=\"cdmtrack_click(104786,jQuery(this));return false\" href=\"https:\/\/limfjordsteatret.dk\/events\/tobias-dybvad-mit-bedste-onemanshow\/\"><img decoding=\"async\" style=\"width:100%;\" src=\"https:\/\/kunmedierne.dk\/mors\/wp-content\/uploads\/2023\/10\/aarskortLim_KunMors_1100x125.jpg\"><\/a><script>cdmtrack_view(104786);<\/script>\n<p>Derfor var det en glad Lise Kragh M\u00f8ller, centerleder i Frivilligcenter Mors, der tog imod til den to timer lange seance, der blandt andet b\u00f8d p\u00e5 pr\u00e6sentation af resultaterne og et m\u00f8de med nogle af deltagerne.<\/p>\n<p>Men ogs\u00e5 p\u00e5 et frav\u00e6r af hovedpersonen.<\/p>\n<p>Projektleder Marie Louise Andersen, der blev ansat p\u00e5 projektet i februar 2022, var nemlig forhindret af lykkelige omst\u00e6ndigheder. S\u00e5 hun m\u00e5tte n\u00f8jes med de mange venlige tanker som tak for indsatsen &#8211; blandt andre fra borgmester Hans Ejner Bertelsen (V), der ogs\u00e5 beskrev frivillighed som en del af morsingboernes DNA med ordene:<\/p>\n<p>&#8211; Det er en gl\u00e6de at st\u00e5 her med et st\u00e6rkt eksempel p\u00e5, hvad vi kan p\u00e5 Mors, n\u00e5r vi arbejder sammen om at g\u00f8re en forskel.<\/p>\n<p>&nbsp;<\/p>\n<p><strong>Junior-hold og power-frivillig<\/strong><\/p>\n<p>Eksemplet lader sig afl\u00e6se p\u00e5 flere m\u00e5der &#8211; men ikke mindst konkret: For siden sin begyndelse for tre \u00e5r siden er ikke f\u00e6rre end 85 s\u00e5kaldte bev\u00e6gelsesvenner blevet udkl\u00e6kket. KunMors har m\u00f8dt flere af dem og her derfor kunnet fort\u00e6lle historierne om <a href=\"https:\/\/kunmedierne.dk\/mors\/det-motiverer-mig-at-hjaelpe-dem-med-at-opleve-faellesskabet\/\" target=\"_blank\" rel=\"noopener\">Emma fra Nyk\u00f8bing<\/a> og <a href=\"https:\/\/kunmedierne.dk\/mors\/faellesskab-hen-over-nettet-det-er-meningen-med-det-hele\/\" target=\"_blank\" rel=\"noopener\">juniorholdet fra VIF Mors<\/a> &#8211; begge eksempler p\u00e5, at frivillige kr\u00e6fter har gjort en forskel for mange.<\/p>\n<p>VIF-juniorholdet var ogs\u00e5 repr\u00e6senteret i Dansk Skaldyrcenter, hvor erfaringer blev givet videre. Dem fik man ogs\u00e5, om end i indirekte form, fra f\u00f8rn\u00e6vnte Emma og en anden bev\u00e6gelsesven, Tom, da Lise Kragh M\u00f8ller videregav deres input fra et interview med Marie Louise Andersen.<\/p>\n<a class=\"dvrt-link\" onClick=\"cdmtrack_click(104779,jQuery(this));return false\" href=\"https:\/\/morsoe-begravelsesforretning.dk\/\"><img decoding=\"async\" style=\"width:100%;\" src=\"https:\/\/kunmedierne.dk\/mors\/wp-content\/uploads\/2023\/11\/251215-morsoe-begravelsesforretning.jpg\"><\/a><script>cdmtrack_view(104779);<\/script>\n<p>Det var b\u00e5de sjovt og vigtigt at v\u00e6re en del af foreningslivet, og man f\u00e5r ogs\u00e5 selv noget ud af at v\u00e6re bev\u00e6gelsesven, l\u00f8d det blandt andet &#8211; lige som det gjorde fra Nawal Ali, der af Lise Kragh M\u00f8ller blev pr\u00e6senteret som &#8220;power-frivillig&#8221; og holdt et opl\u00e6g med udgangspunkt i <a href=\"https:\/\/kunmedierne.dk\/mors\/16-aarig-valgte-at-blive-vaek-fra-retssag\/\" target=\"_blank\" rel=\"noopener\">egen baggrund<\/a> som flygtning fra Syrien og den f\u00f8rste tid p\u00e5 Mors:<\/p>\n<p>&#8211; Jeg kunne godt selv have brugt en bev\u00e6gelsesven, s\u00e5 jeg havde en interesse i at v\u00e6re det for andre, sagde hun i et opl\u00e6g med budskabet om, at ingen b\u00f8rn skal v\u00e6re ensomme.<\/p>\n<p>&nbsp;<\/p>\n<p><strong>Fr\u00f8 kan spire videre<\/strong><\/p>\n<p>Det kan man godt tillade sig at formode, at f\u00e6rre b\u00f8rn er p\u00e5 Mors takket v\u00e6re &#8220;Projekt Jeg til Os&#8221;. Bev\u00e6gelsestilbud med andre perspektiver end dem, der lader sig m\u00e5le p\u00e5 pr\u00e6stationer, har aktiveret en m\u00e5lgruppe, man ikke altid n\u00e5r &#8211; ogs\u00e5 til gl\u00e6de for de foreninger, der hen over de tre \u00e5r har haft ikke f\u00e6rre end 225 frivillige i ber\u00f8ring med projektet.<\/p>\n<a class=\"dvrt-link\" onClick=\"cdmtrack_click(104783,jQuery(this));return false\" href=\"https:\/\/konpap.dk\/\"><img decoding=\"async\" style=\"width:100%;\" src=\"https:\/\/kunmedierne.dk\/mors\/wp-content\/uploads\/2023\/10\/Kun-Mors-banner.jpg\"><\/a><script>cdmtrack_view(104783);<\/script>\n<p>Dermed er der s\u00e5et fr\u00f8 til mere af samme slags. Det blev symboliseret p\u00e5 konferencen, da alle deltagere fik en blomst med sig hjem &#8211; og et fr\u00f8 at plante som symbol p\u00e5, at indsatsen kan spire videre.<\/p>\n<p>Lise Kragh M\u00f8ller formulerede det s\u00e5dan:<\/p>\n<p>&#8211; Det kan godt v\u00e6re, at projektet er slut. Men selve indsatsen skal blive ved med at leve.<\/p>\n<p>&nbsp;<\/p>\n<blockquote>\n<h3>FAKTA<\/h3>\n<h5>&#8220;Projekt Jeg til Os&#8221; blev sat i gang i vinteren 2025 med Marie Louise Andersen som nyansat projektleder. 85 bev\u00e6gelsesvenner, der kan hj\u00e6lpe blandt andre bev\u00e6gelsesuvante unge ind i foreningslivet, er blandt de konkrete og m\u00e5lbare resultater af indsatsen.<\/h5>\n<h5>Projektet er finansieret med 2,6 mio. kroner fra\u00a0Den A.P. M\u00f8llerske St\u00f8ttefond og er desuden st\u00f8ttet af\u00a0DGI Nordjylland, FGU Nordvest, Mors\u00f8 Ungdomsskole og Mors\u00f8 Kommune.<\/h5>\n<h5>Frivilligcenter Mors har v\u00e6ret projektholder p\u00e5 det tre \u00e5r lange forl\u00f8b.<\/h5>\n<\/blockquote>\n<blockquote>\n<h3>L\u00c6S OGS\u00c5:<\/h3>\n<h5><a href=\"https:\/\/kunmedierne.dk\/mors\/det-motiverer-mig-at-hjaelpe-dem-med-at-opleve-faellesskabet\/\" target=\"_blank\" rel=\"noopener\">&#8220;Det motiverer mig at hj\u00e6lpe dem med at opleve f\u00e6llesskabet&#8221;<\/a><\/h5>\n<h5><a href=\"https:\/\/kunmedierne.dk\/mors\/faellesskab-hen-over-nettet-det-er-meningen-med-det-hele\/\" target=\"_blank\" rel=\"noopener\">F\u00e6llesskab hen over nettet: &#8220;Det er meningen med det hele&#8221;<\/a><\/h5>\n<\/blockquote>\n<div id=\"attachment_134125\" style=\"width: 1242px\" class=\"wp-caption alignright\"><img loading=\"lazy\" decoding=\"async\" aria-describedby=\"caption-attachment-134125\" class=\"wp-image-134125 size-full\" src=\"https:\/\/kunmedierne.dk\/mors\/wp-content\/uploads\/2024\/12\/IMG_9072.jpg\" alt=\"\" width=\"1232\" height=\"821\" srcset=\"https:\/\/kunmedierne.dk\/mors\/wp-content\/uploads\/2024\/12\/IMG_9072.jpg 1232w, https:\/\/kunmedierne.dk\/mors\/wp-content\/uploads\/2024\/12\/IMG_9072-300x200.jpg 300w, https:\/\/kunmedierne.dk\/mors\/wp-content\/uploads\/2024\/12\/IMG_9072-1024x682.jpg 1024w, https:\/\/kunmedierne.dk\/mors\/wp-content\/uploads\/2024\/12\/IMG_9072-510x340.jpg 510w\" sizes=\"auto, (max-width: 1232px) 100vw, 1232px\" \/><p id=\"caption-attachment-134125\" class=\"wp-caption-text\">Borgmester Hans Ejner Bertelsen (V) m\u00f8dte en del af \u00f8ens foreningsliv og gl\u00e6dede sig over morsingboernes placering p\u00e5 unders\u00f8gelse af frivillighed i Danmark.<\/p><\/div>\n<p>&nbsp;<\/p>\n<div id=\"attachment_134126\" style=\"width: 1242px\" class=\"wp-caption alignright\"><img loading=\"lazy\" decoding=\"async\" aria-describedby=\"caption-attachment-134126\" class=\"wp-image-134126 size-full\" src=\"https:\/\/kunmedierne.dk\/mors\/wp-content\/uploads\/2024\/12\/IMG_9084.jpg\" alt=\"\" width=\"1232\" height=\"821\" srcset=\"https:\/\/kunmedierne.dk\/mors\/wp-content\/uploads\/2024\/12\/IMG_9084.jpg 1232w, https:\/\/kunmedierne.dk\/mors\/wp-content\/uploads\/2024\/12\/IMG_9084-300x200.jpg 300w, https:\/\/kunmedierne.dk\/mors\/wp-content\/uploads\/2024\/12\/IMG_9084-1024x682.jpg 1024w, https:\/\/kunmedierne.dk\/mors\/wp-content\/uploads\/2024\/12\/IMG_9084-510x340.jpg 510w\" sizes=\"auto, (max-width: 1232px) 100vw, 1232px\" \/><p id=\"caption-attachment-134126\" class=\"wp-caption-text\">VIF-juniorholdet med Marie, Mathilde og Hayfa fortalte sammen med VIF Mors-formand Sally Balle Josefsen om resultaterne fra Sydvestmors.<\/p><\/div>\n<p>&nbsp;<\/p>\n<div id=\"attachment_134127\" style=\"width: 1242px\" class=\"wp-caption alignright\"><img loading=\"lazy\" decoding=\"async\" aria-describedby=\"caption-attachment-134127\" class=\"wp-image-134127 size-full\" src=\"https:\/\/kunmedierne.dk\/mors\/wp-content\/uploads\/2024\/12\/IMG_9101.jpg\" alt=\"\" width=\"1232\" height=\"821\" srcset=\"https:\/\/kunmedierne.dk\/mors\/wp-content\/uploads\/2024\/12\/IMG_9101.jpg 1232w, https:\/\/kunmedierne.dk\/mors\/wp-content\/uploads\/2024\/12\/IMG_9101-300x200.jpg 300w, https:\/\/kunmedierne.dk\/mors\/wp-content\/uploads\/2024\/12\/IMG_9101-1024x682.jpg 1024w, https:\/\/kunmedierne.dk\/mors\/wp-content\/uploads\/2024\/12\/IMG_9101-510x340.jpg 510w\" sizes=\"auto, (max-width: 1232px) 100vw, 1232px\" \/><p id=\"caption-attachment-134127\" class=\"wp-caption-text\">Nawal Ali (tv.) der i 2022 var blandt de f\u00f8rst udkl\u00e6kkede bev\u00e6gelsesvenner, fortalte om sin motivation til at st\u00f8tte projektet med frivillig indsats.<\/p><\/div>\n","protected":false},"excerpt":{"rendered":"<p>BEV\u00c6GELSE: Sammen er vi bedst. S\u00e5dan lyder det kommunale slogan med et motto, der ved f\u00f8rste \u00f8jekast synes at v\u00e6re fundet i den store skuffe med klich\u00e9er &#8211; men som man netop p\u00e5 Mors kan formulere med en vis tradition som ballast. For det gjaldt i fortiden, da driftige morsingboer rejste flotte bygninger, der st\u00e5r [&hellip;]<\/p>\n","protected":false},"author":8,"featured_media":0,"comment_status":"closed","ping_status":"closed","sticky":false,"template":"","format":"standard","meta":{"_acf_changed":false,"footnotes":""},"categories":[51],"tags":[196],"class_list":["post-134119","post","type-post","status-publish","format-standard","hentry","category-lokalt","tag-foreningsliv"],"acf":[],"yoast_head":"<!-- This site is optimized with the Yoast SEO plugin v26.8 - https:\/\/yoast.com\/product\/yoast-seo-wordpress\/ -->\n<title>&quot;Jeg&quot; blev til &quot;Os&quot; - og kan blive til mange flere - Mors<\/title>\n<meta name=\"robots\" content=\"index, follow, max-snippet:-1, max-image-preview:large, max-video-preview:-1\" \/>\n<link rel=\"canonical\" href=\"https:\/\/kunmedierne.dk\/mors\/jeg-blev-til-os-og-kan-blive-til-mange-flere\/\" \/>\n<meta property=\"og:locale\" content=\"da_DK\" \/>\n<meta property=\"og:type\" content=\"article\" \/>\n<meta property=\"og:title\" content=\"&quot;Jeg&quot; blev til &quot;Os&quot; - og kan blive til mange flere - Mors\" \/>\n<meta property=\"og:description\" content=\"BEV\u00c6GELSE: Sammen er vi bedst. S\u00e5dan lyder det kommunale slogan med et motto, der ved f\u00f8rste \u00f8jekast synes at v\u00e6re fundet i den store skuffe med klich\u00e9er &#8211; men som man netop p\u00e5 Mors kan formulere med en vis tradition som ballast. For det gjaldt i fortiden, da driftige morsingboer rejste flotte bygninger, der st\u00e5r [&hellip;]\" \/>\n<meta property=\"og:url\" content=\"https:\/\/kunmedierne.dk\/mors\/jeg-blev-til-os-og-kan-blive-til-mange-flere\/\" \/>\n<meta property=\"og:site_name\" content=\"Mors\" \/>\n<meta property=\"article:published_time\" content=\"2024-12-05T04:40:27+00:00\" \/>\n<meta property=\"article:modified_time\" content=\"2024-12-05T07:12:38+00:00\" \/>\n<meta property=\"og:image\" content=\"https:\/\/kunmedierne.dk\/mors\/wp-content\/uploads\/2024\/12\/IMG_9072.jpg\" \/>\n<meta name=\"author\" content=\"David H\u00f8jmark\" \/>\n<meta name=\"twitter:card\" content=\"summary_large_image\" \/>\n<meta name=\"twitter:label1\" content=\"Skrevet af\" \/>\n\t<meta name=\"twitter:data1\" content=\"David H\u00f8jmark\" \/>\n\t<meta name=\"twitter:label2\" content=\"Estimeret l\u00e6setid\" \/>\n\t<meta name=\"twitter:data2\" content=\"5 minutter\" \/>\n<script type=\"application\/ld+json\" class=\"yoast-schema-graph\">{\"@context\":\"https:\/\/schema.org\",\"@graph\":[{\"@type\":\"Article\",\"@id\":\"https:\/\/kunmedierne.dk\/mors\/jeg-blev-til-os-og-kan-blive-til-mange-flere\/#article\",\"isPartOf\":{\"@id\":\"https:\/\/kunmedierne.dk\/mors\/jeg-blev-til-os-og-kan-blive-til-mange-flere\/\"},\"author\":{\"name\":\"David H\u00f8jmark\",\"@id\":\"https:\/\/kunmedierne.dk\/mors\/#\/schema\/person\/5fe23251bf1d0abbcdc6f7896579d548\"},\"headline\":\"&#8220;Jeg&#8221; blev til &#8220;Os&#8221; &#8211; og kan blive til mange flere\",\"datePublished\":\"2024-12-05T04:40:27+00:00\",\"dateModified\":\"2024-12-05T07:12:38+00:00\",\"mainEntityOfPage\":{\"@id\":\"https:\/\/kunmedierne.dk\/mors\/jeg-blev-til-os-og-kan-blive-til-mange-flere\/\"},\"wordCount\":913,\"publisher\":{\"@id\":\"https:\/\/kunmedierne.dk\/mors\/#organization\"},\"image\":{\"@id\":\"https:\/\/kunmedierne.dk\/mors\/jeg-blev-til-os-og-kan-blive-til-mange-flere\/#primaryimage\"},\"thumbnailUrl\":\"https:\/\/kunmedierne.dk\/mors\/wp-content\/uploads\/2024\/12\/IMG_9072.jpg\",\"keywords\":[\"Foreningsliv\"],\"articleSection\":[\"Lokalt\"],\"inLanguage\":\"da-DK\"},{\"@type\":\"WebPage\",\"@id\":\"https:\/\/kunmedierne.dk\/mors\/jeg-blev-til-os-og-kan-blive-til-mange-flere\/\",\"url\":\"https:\/\/kunmedierne.dk\/mors\/jeg-blev-til-os-og-kan-blive-til-mange-flere\/\",\"name\":\"\\\"Jeg\\\" blev til \\\"Os\\\" - og kan blive til mange flere - Mors\",\"isPartOf\":{\"@id\":\"https:\/\/kunmedierne.dk\/mors\/#website\"},\"primaryImageOfPage\":{\"@id\":\"https:\/\/kunmedierne.dk\/mors\/jeg-blev-til-os-og-kan-blive-til-mange-flere\/#primaryimage\"},\"image\":{\"@id\":\"https:\/\/kunmedierne.dk\/mors\/jeg-blev-til-os-og-kan-blive-til-mange-flere\/#primaryimage\"},\"thumbnailUrl\":\"https:\/\/kunmedierne.dk\/mors\/wp-content\/uploads\/2024\/12\/IMG_9072.jpg\",\"datePublished\":\"2024-12-05T04:40:27+00:00\",\"dateModified\":\"2024-12-05T07:12:38+00:00\",\"breadcrumb\":{\"@id\":\"https:\/\/kunmedierne.dk\/mors\/jeg-blev-til-os-og-kan-blive-til-mange-flere\/#breadcrumb\"},\"inLanguage\":\"da-DK\",\"potentialAction\":[{\"@type\":\"ReadAction\",\"target\":[\"https:\/\/kunmedierne.dk\/mors\/jeg-blev-til-os-og-kan-blive-til-mange-flere\/\"]}]},{\"@type\":\"ImageObject\",\"inLanguage\":\"da-DK\",\"@id\":\"https:\/\/kunmedierne.dk\/mors\/jeg-blev-til-os-og-kan-blive-til-mange-flere\/#primaryimage\",\"url\":\"https:\/\/kunmedierne.dk\/mors\/wp-content\/uploads\/2024\/12\/IMG_9072.jpg\",\"contentUrl\":\"https:\/\/kunmedierne.dk\/mors\/wp-content\/uploads\/2024\/12\/IMG_9072.jpg\",\"width\":1232,\"height\":821},{\"@type\":\"BreadcrumbList\",\"@id\":\"https:\/\/kunmedierne.dk\/mors\/jeg-blev-til-os-og-kan-blive-til-mange-flere\/#breadcrumb\",\"itemListElement\":[{\"@type\":\"ListItem\",\"position\":1,\"name\":\"Hjem\",\"item\":\"https:\/\/kunmedierne.dk\/mors\/\"},{\"@type\":\"ListItem\",\"position\":2,\"name\":\"&#8220;Jeg&#8221; blev til &#8220;Os&#8221; &#8211; og kan blive til mange flere\"}]},{\"@type\":\"WebSite\",\"@id\":\"https:\/\/kunmedierne.dk\/mors\/#website\",\"url\":\"https:\/\/kunmedierne.dk\/mors\/\",\"name\":\"Mors\",\"description\":\"et netmedie med journalistik om livet p\u00e5 Mors\",\"publisher\":{\"@id\":\"https:\/\/kunmedierne.dk\/mors\/#organization\"},\"potentialAction\":[{\"@type\":\"SearchAction\",\"target\":{\"@type\":\"EntryPoint\",\"urlTemplate\":\"https:\/\/kunmedierne.dk\/mors\/?s={search_term_string}\"},\"query-input\":{\"@type\":\"PropertyValueSpecification\",\"valueRequired\":true,\"valueName\":\"search_term_string\"}}],\"inLanguage\":\"da-DK\"},{\"@type\":\"Organization\",\"@id\":\"https:\/\/kunmedierne.dk\/mors\/#organization\",\"name\":\"Mors\",\"url\":\"https:\/\/kunmedierne.dk\/mors\/\",\"logo\":{\"@type\":\"ImageObject\",\"inLanguage\":\"da-DK\",\"@id\":\"https:\/\/kunmedierne.dk\/mors\/#\/schema\/logo\/image\/\",\"url\":\"https:\/\/kunmedierne.dk\/mors\/wp-content\/uploads\/2024\/08\/kunmors-logo.svg\",\"contentUrl\":\"https:\/\/kunmedierne.dk\/mors\/wp-content\/uploads\/2024\/08\/kunmors-logo.svg\",\"caption\":\"Mors\"},\"image\":{\"@id\":\"https:\/\/kunmedierne.dk\/mors\/#\/schema\/logo\/image\/\"}},{\"@type\":\"Person\",\"@id\":\"https:\/\/kunmedierne.dk\/mors\/#\/schema\/person\/5fe23251bf1d0abbcdc6f7896579d548\",\"name\":\"David H\u00f8jmark\",\"image\":{\"@type\":\"ImageObject\",\"inLanguage\":\"da-DK\",\"@id\":\"https:\/\/kunmedierne.dk\/mors\/#\/schema\/person\/image\/\",\"url\":\"https:\/\/secure.gravatar.com\/avatar\/4315d6fb9ef244d729989f5f90268eb08d5bf8a3d84402f595fa194bb35784fd?s=96&d=mm&r=g\",\"contentUrl\":\"https:\/\/secure.gravatar.com\/avatar\/4315d6fb9ef244d729989f5f90268eb08d5bf8a3d84402f595fa194bb35784fd?s=96&d=mm&r=g\",\"caption\":\"David H\u00f8jmark\"},\"sameAs\":[\"https:\/\/www.kunmedierne.dk\"],\"url\":\"https:\/\/kunmedierne.dk\/mors\/author\/david\/\"}]}<\/script>\n<!-- \/ Yoast SEO plugin. -->","yoast_head_json":{"title":"\"Jeg\" blev til \"Os\" - og kan blive til mange flere - Mors","robots":{"index":"index","follow":"follow","max-snippet":"max-snippet:-1","max-image-preview":"max-image-preview:large","max-video-preview":"max-video-preview:-1"},"canonical":"https:\/\/kunmedierne.dk\/mors\/jeg-blev-til-os-og-kan-blive-til-mange-flere\/","og_locale":"da_DK","og_type":"article","og_title":"\"Jeg\" blev til \"Os\" - og kan blive til mange flere - Mors","og_description":"BEV\u00c6GELSE: Sammen er vi bedst. S\u00e5dan lyder det kommunale slogan med et motto, der ved f\u00f8rste \u00f8jekast synes at v\u00e6re fundet i den store skuffe med klich\u00e9er &#8211; men som man netop p\u00e5 Mors kan formulere med en vis tradition som ballast. For det gjaldt i fortiden, da driftige morsingboer rejste flotte bygninger, der st\u00e5r [&hellip;]","og_url":"https:\/\/kunmedierne.dk\/mors\/jeg-blev-til-os-og-kan-blive-til-mange-flere\/","og_site_name":"Mors","article_published_time":"2024-12-05T04:40:27+00:00","article_modified_time":"2024-12-05T07:12:38+00:00","og_image":[{"url":"https:\/\/kunmedierne.dk\/mors\/wp-content\/uploads\/2024\/12\/IMG_9072.jpg","type":"","width":"","height":""}],"author":"David H\u00f8jmark","twitter_card":"summary_large_image","twitter_misc":{"Skrevet af":"David H\u00f8jmark","Estimeret l\u00e6setid":"5 minutter"},"schema":{"@context":"https:\/\/schema.org","@graph":[{"@type":"Article","@id":"https:\/\/kunmedierne.dk\/mors\/jeg-blev-til-os-og-kan-blive-til-mange-flere\/#article","isPartOf":{"@id":"https:\/\/kunmedierne.dk\/mors\/jeg-blev-til-os-og-kan-blive-til-mange-flere\/"},"author":{"name":"David H\u00f8jmark","@id":"https:\/\/kunmedierne.dk\/mors\/#\/schema\/person\/5fe23251bf1d0abbcdc6f7896579d548"},"headline":"&#8220;Jeg&#8221; blev til &#8220;Os&#8221; &#8211; og kan blive til mange flere","datePublished":"2024-12-05T04:40:27+00:00","dateModified":"2024-12-05T07:12:38+00:00","mainEntityOfPage":{"@id":"https:\/\/kunmedierne.dk\/mors\/jeg-blev-til-os-og-kan-blive-til-mange-flere\/"},"wordCount":913,"publisher":{"@id":"https:\/\/kunmedierne.dk\/mors\/#organization"},"image":{"@id":"https:\/\/kunmedierne.dk\/mors\/jeg-blev-til-os-og-kan-blive-til-mange-flere\/#primaryimage"},"thumbnailUrl":"https:\/\/kunmedierne.dk\/mors\/wp-content\/uploads\/2024\/12\/IMG_9072.jpg","keywords":["Foreningsliv"],"articleSection":["Lokalt"],"inLanguage":"da-DK"},{"@type":"WebPage","@id":"https:\/\/kunmedierne.dk\/mors\/jeg-blev-til-os-og-kan-blive-til-mange-flere\/","url":"https:\/\/kunmedierne.dk\/mors\/jeg-blev-til-os-og-kan-blive-til-mange-flere\/","name":"\"Jeg\" blev til \"Os\" - og kan blive til mange flere - Mors","isPartOf":{"@id":"https:\/\/kunmedierne.dk\/mors\/#website"},"primaryImageOfPage":{"@id":"https:\/\/kunmedierne.dk\/mors\/jeg-blev-til-os-og-kan-blive-til-mange-flere\/#primaryimage"},"image":{"@id":"https:\/\/kunmedierne.dk\/mors\/jeg-blev-til-os-og-kan-blive-til-mange-flere\/#primaryimage"},"thumbnailUrl":"https:\/\/kunmedierne.dk\/mors\/wp-content\/uploads\/2024\/12\/IMG_9072.jpg","datePublished":"2024-12-05T04:40:27+00:00","dateModified":"2024-12-05T07:12:38+00:00","breadcrumb":{"@id":"https:\/\/kunmedierne.dk\/mors\/jeg-blev-til-os-og-kan-blive-til-mange-flere\/#breadcrumb"},"inLanguage":"da-DK","potentialAction":[{"@type":"ReadAction","target":["https:\/\/kunmedierne.dk\/mors\/jeg-blev-til-os-og-kan-blive-til-mange-flere\/"]}]},{"@type":"ImageObject","inLanguage":"da-DK","@id":"https:\/\/kunmedierne.dk\/mors\/jeg-blev-til-os-og-kan-blive-til-mange-flere\/#primaryimage","url":"https:\/\/kunmedierne.dk\/mors\/wp-content\/uploads\/2024\/12\/IMG_9072.jpg","contentUrl":"https:\/\/kunmedierne.dk\/mors\/wp-content\/uploads\/2024\/12\/IMG_9072.jpg","width":1232,"height":821},{"@type":"BreadcrumbList","@id":"https:\/\/kunmedierne.dk\/mors\/jeg-blev-til-os-og-kan-blive-til-mange-flere\/#breadcrumb","itemListElement":[{"@type":"ListItem","position":1,"name":"Hjem","item":"https:\/\/kunmedierne.dk\/mors\/"},{"@type":"ListItem","position":2,"name":"&#8220;Jeg&#8221; blev til &#8220;Os&#8221; &#8211; og kan blive til mange flere"}]},{"@type":"WebSite","@id":"https:\/\/kunmedierne.dk\/mors\/#website","url":"https:\/\/kunmedierne.dk\/mors\/","name":"Mors","description":"et netmedie med journalistik om livet p\u00e5 Mors","publisher":{"@id":"https:\/\/kunmedierne.dk\/mors\/#organization"},"potentialAction":[{"@type":"SearchAction","target":{"@type":"EntryPoint","urlTemplate":"https:\/\/kunmedierne.dk\/mors\/?s={search_term_string}"},"query-input":{"@type":"PropertyValueSpecification","valueRequired":true,"valueName":"search_term_string"}}],"inLanguage":"da-DK"},{"@type":"Organization","@id":"https:\/\/kunmedierne.dk\/mors\/#organization","name":"Mors","url":"https:\/\/kunmedierne.dk\/mors\/","logo":{"@type":"ImageObject","inLanguage":"da-DK","@id":"https:\/\/kunmedierne.dk\/mors\/#\/schema\/logo\/image\/","url":"https:\/\/kunmedierne.dk\/mors\/wp-content\/uploads\/2024\/08\/kunmors-logo.svg","contentUrl":"https:\/\/kunmedierne.dk\/mors\/wp-content\/uploads\/2024\/08\/kunmors-logo.svg","caption":"Mors"},"image":{"@id":"https:\/\/kunmedierne.dk\/mors\/#\/schema\/logo\/image\/"}},{"@type":"Person","@id":"https:\/\/kunmedierne.dk\/mors\/#\/schema\/person\/5fe23251bf1d0abbcdc6f7896579d548","name":"David H\u00f8jmark","image":{"@type":"ImageObject","inLanguage":"da-DK","@id":"https:\/\/kunmedierne.dk\/mors\/#\/schema\/person\/image\/","url":"https:\/\/secure.gravatar.com\/avatar\/4315d6fb9ef244d729989f5f90268eb08d5bf8a3d84402f595fa194bb35784fd?s=96&d=mm&r=g","contentUrl":"https:\/\/secure.gravatar.com\/avatar\/4315d6fb9ef244d729989f5f90268eb08d5bf8a3d84402f595fa194bb35784fd?s=96&d=mm&r=g","caption":"David H\u00f8jmark"},"sameAs":["https:\/\/www.kunmedierne.dk"],"url":"https:\/\/kunmedierne.dk\/mors\/author\/david\/"}]}},"_links":{"self":[{"href":"https:\/\/kunmedierne.dk\/mors\/wp-json\/wp\/v2\/posts\/134119","targetHints":{"allow":["GET"]}}],"collection":[{"href":"https:\/\/kunmedierne.dk\/mors\/wp-json\/wp\/v2\/posts"}],"about":[{"href":"https:\/\/kunmedierne.dk\/mors\/wp-json\/wp\/v2\/types\/post"}],"author":[{"embeddable":true,"href":"https:\/\/kunmedierne.dk\/mors\/wp-json\/wp\/v2\/users\/8"}],"replies":[{"embeddable":true,"href":"https:\/\/kunmedierne.dk\/mors\/wp-json\/wp\/v2\/comments?post=134119"}],"version-history":[{"count":4,"href":"https:\/\/kunmedierne.dk\/mors\/wp-json\/wp\/v2\/posts\/134119\/revisions"}],"predecessor-version":[{"id":134145,"href":"https:\/\/kunmedierne.dk\/mors\/wp-json\/wp\/v2\/posts\/134119\/revisions\/134145"}],"wp:attachment":[{"href":"https:\/\/kunmedierne.dk\/mors\/wp-json\/wp\/v2\/media?parent=134119"}],"wp:term":[{"taxonomy":"category","embeddable":true,"href":"https:\/\/kunmedierne.dk\/mors\/wp-json\/wp\/v2\/categories?post=134119"},{"taxonomy":"post_tag","embeddable":true,"href":"https:\/\/kunmedierne.dk\/mors\/wp-json\/wp\/v2\/tags?post=134119"}],"curies":[{"name":"wp","href":"https:\/\/api.w.org\/{rel}","templated":true}]}}