{"id":133886,"date":"2024-12-02T20:46:19","date_gmt":"2024-12-02T19:46:19","guid":{"rendered":"https:\/\/kunmedierne.dk\/mors\/?p=133886"},"modified":"2024-12-02T20:46:19","modified_gmt":"2024-12-02T19:46:19","slug":"sejerslev-har-faaet-endnu-et-samlingspunkt","status":"publish","type":"post","link":"https:\/\/kunmedierne.dk\/mors\/sejerslev-har-faaet-endnu-et-samlingspunkt\/","title":{"rendered":"Sejerslev har f\u00e5et endnu et samlingspunkt"},"content":{"rendered":"<p><strong>MOTION<\/strong>: Nu kan man synde med de kulinariske fristelser og forbr\u00e6nde kalorierne fra dem under samme tag i Sejerslev.<\/p>\n<p>Nordmors Fritidscenter har f\u00e5et sit eget motionscenter, og da KunMors kigger forbi l\u00f8rdag, er det tydeligt, at b\u00e5de v\u00e6rter og g\u00e6ster i alle aldre er tilfredse med det nye tilbud.<\/p>\n<p>I det ene rum nyder man \u00f8l, sodavand og p\u00f8lser, s\u00e5dan som man skal g\u00f8re det, n\u00e5r en r\u00f8d snor er blevet klippet i et lokalomr\u00e5de. Og f\u00e5 skridt derfra under samme tag er motionsmaskinerne allerede i gang &#8211; og der om ikke k\u00f8, s\u00e5 i hvert fald travlhed ved tilmeldingsbordet.<\/p>\n<a class=\"dvrt-link\" onClick=\"cdmtrack_click(104781,jQuery(this));return false\" href=\"https:\/\/www.fmspks.dk\/\"><img decoding=\"async\" style=\"width:100%;\" src=\"https:\/\/kunmedierne.dk\/mors\/wp-content\/uploads\/2022\/02\/vip-froeslev-mollerup-sparekasse.jpg\"><\/a><script>cdmtrack_view(104781);<\/script>\n<p>&#8211; Har du din telefon med? S\u00e5 sender jeg lige et login til dig!<\/p>\n<p>Det er Lone Vest, der assisterer en borger med at blive medlem. Det foreg\u00e5r nemt, og n\u00e5r systemet ellers er k\u00f8rt ind, vil man fra klokken fem om morgenen og frem til midnat kunne l\u00e5se sig ind med et briksystem. Og s\u00e5 ellers f\u00e5 pulsen op p\u00e5 de forskellige maskiner i det lyst indrettede og tilpas store rum.<\/p>\n<p>Det kommer mange \u00f8jensynligt til at g\u00f8re brug af, for allerede i den f\u00f8rste time efter snoreklippet har omkring 30 meldt sig ind.<\/p>\n<p>&nbsp;<\/p>\n<p><strong>Godt for f\u00e6llesskabet<\/strong><\/p>\n<p>Det g\u00e6lder blandt andre for Mads Rysgaard og s\u00f8nnen Loui, som vi m\u00f8der ved et l\u00f8beb\u00e5nd. Det er Loui, der br\u00e6nder krudt af, mens Mads fort\u00e6ller, hvorfor det er godt at have f\u00e5et muligheden.<\/p>\n<p>&#8211; Det er simpelthen fantastisk, det er dejligt. Det har v\u00e6ret en mangelvare herude, siger han.<\/p>\n<p>Det viser sig, at han har flere \u00e5rsager til at kalde det en mangelvare. For ikke nok med, at man f\u00e5r ekstra mulighed motion, man f\u00e5r ogs\u00e5 et nyt f\u00e6lles rum at motionere i. F\u00e6llesskabet er en stor del af gevinsten, lyder det fra Mads, som derfor ikke k\u00f8ber p\u00e5standen om, at man jo s\u00e5dan set bare kunne k\u00f8be sin egen motionsmaskine til hjemmet, s\u00e5 man n\u00e5r som helst kunne tage den i brug.<\/p>\n<a class=\"dvrt-link\" onClick=\"cdmtrack_click(114591,jQuery(this));return false\" href=\"https:\/\/www.facebook.com\/kopogkandemors\"><img decoding=\"async\" style=\"width:100%;\" src=\"https:\/\/kunmedierne.dk\/mors\/wp-content\/uploads\/2024\/03\/kop-og-kande-ja-tak-tilbud.jpg\"><\/a><script>cdmtrack_view(114591);<\/script>\n<p>&#8211; Det kunne man ogs\u00e5, men s\u00e5 har man kun den. Det er nemmere her, og s\u00e5 f\u00e5r man ogs\u00e5 st\u00f8rre muligheder. Og her har man jo ogs\u00e5 et f\u00e6llesskab, siger han.<\/p>\n<p>Det g\u00f8r han, mens tilmeldingerne forts\u00e6tter med at tikke ind hos Louis mor ved indgangen til motionsrummet.<\/p>\n<p>&#8211; Fik du en sms fra mig?<\/p>\n<p>Lone Vest har f\u00e5et endnu en nordmorsingbo meldt ind i omr\u00e5dets spritnye center. Eller i hvert fald nyrenoverede, for rummet, der tidligere har v\u00e6ret brugt til skydning, har fra top til bund v\u00e6ret igennem en god portion flittige og frivillige h\u00e6nder for at blive forvandlet til et lyst og moderne motionscenter p\u00e5 cirka 100 kvadratmeter.<\/p>\n<p>&nbsp;<\/p>\n<p><strong>Tiderne har skiftet<\/strong><\/p>\n<p>Det gl\u00e6der ikke mindst Flemming Andersen, formand for Nordmors Fritidscenter, og n\u00e6stformand Tage Andersen. De to har lige netop p\u00e5 indvielsesdagen desv\u00e6rre glemt motionst\u00f8jet derhjemme, s\u00e5 KunMors f\u00e5r ikke billeder af dem p\u00e5 en af maskinerne denne gang.<\/p>\n<p>Men de skal nok dukke op, for de er begge meldt ind. Og de gl\u00e6der sig over, at omkring et halvt hundrede fremm\u00f8dte til snoreklippet demonstrerede, at de langt fra bliver de eneste.<\/p>\n<p>En times tid forinden har de budt velkommen og takket sponsorer, s\u00e5dan som man ogs\u00e5 skal g\u00f8re det, n\u00e5r et lokalsamfund f\u00e5r etableret noget nyt. Og n\u00e5r det f\u00f8lger med tiden, s\u00e5dan som man ogs\u00e5 kan beskrive det nye tilbud i Sejerslev.<\/p>\n<a class=\"dvrt-link\" onClick=\"cdmtrack_click(104780,jQuery(this));return false\" href=\"https:\/\/www.spard.dk\/\"><img decoding=\"async\" style=\"width:100%;\" src=\"https:\/\/kunmedierne.dk\/mors\/wp-content\/uploads\/2023\/12\/sparekassen-dk-maj25.gif\"><\/a><script>cdmtrack_view(104780);<\/script>\n<p>Det er nemlig ogs\u00e5 resultatet af, at tiden er en anden end f\u00f8rhen, da h\u00e5ndbold og fodbold alene kunne l\u00f8fte aktivitetsniveauet i et idr\u00e6tscenter.<\/p>\n<p>&#8211; Der er jo nogle af sportsgrenene, der d\u00f8r lidt ud. S\u00e5 vi har opgraderet det for stadig at have sted, folk er interesserede i, siger Flemming Andersen.<\/p>\n<p>Han tilf\u00f8jer, at erfaringerne fra andre lokalsamfund ogs\u00e5 viste, at beslutningen om at investere i motionsmaskiner var den helt rigtige.<\/p>\n<p>&#8211; DGI sagde ogs\u00e5 til os, at det kun kunne g\u00e5 for langsomt, konstaterer han tilfreds.<\/p>\n<p>Nu gl\u00e6der han sig over, at IF Nordmors kommer til at st\u00e5 for driften af motionscentret &#8211; og at fremm\u00f8det p\u00e5 f\u00f8rstedagen viser, at man i Sejerslev og omegn er klar til at tage de nye rammer i brug.<\/p>\n<p>G\u00e6sterne kom nemlig for mere end bare \u00f8l, sodavand og p\u00f8lser.<\/p>\n<div id=\"attachment_133960\" style=\"width: 1242px\" class=\"wp-caption alignright\"><img loading=\"lazy\" decoding=\"async\" aria-describedby=\"caption-attachment-133960\" class=\"wp-image-133960 size-full\" src=\"https:\/\/kunmedierne.dk\/mors\/wp-content\/uploads\/2024\/12\/241201-nordmors-fritidscenter-4.jpg\" alt=\"\" width=\"1232\" height=\"821\" srcset=\"https:\/\/kunmedierne.dk\/mors\/wp-content\/uploads\/2024\/12\/241201-nordmors-fritidscenter-4.jpg 1232w, https:\/\/kunmedierne.dk\/mors\/wp-content\/uploads\/2024\/12\/241201-nordmors-fritidscenter-4-300x200.jpg 300w, https:\/\/kunmedierne.dk\/mors\/wp-content\/uploads\/2024\/12\/241201-nordmors-fritidscenter-4-1024x682.jpg 1024w, https:\/\/kunmedierne.dk\/mors\/wp-content\/uploads\/2024\/12\/241201-nordmors-fritidscenter-4-510x340.jpg 510w\" sizes=\"auto, (max-width: 1232px) 100vw, 1232px\" \/><p id=\"caption-attachment-133960\" class=\"wp-caption-text\">Der var travlhed ved tilmeldingsbordet. Alene i den f\u00f8rste time fik omkring 30 k\u00f8bt sig til adgang.<\/p><\/div>\n<p>&nbsp;<\/p>\n<div id=\"attachment_133962\" style=\"width: 1242px\" class=\"wp-caption alignright\"><img loading=\"lazy\" decoding=\"async\" aria-describedby=\"caption-attachment-133962\" class=\"wp-image-133962 size-full\" src=\"https:\/\/kunmedierne.dk\/mors\/wp-content\/uploads\/2024\/12\/241201-nordmors-fritidscenter-1.jpg\" alt=\"\" width=\"1232\" height=\"821\" srcset=\"https:\/\/kunmedierne.dk\/mors\/wp-content\/uploads\/2024\/12\/241201-nordmors-fritidscenter-1.jpg 1232w, https:\/\/kunmedierne.dk\/mors\/wp-content\/uploads\/2024\/12\/241201-nordmors-fritidscenter-1-300x200.jpg 300w, https:\/\/kunmedierne.dk\/mors\/wp-content\/uploads\/2024\/12\/241201-nordmors-fritidscenter-1-1024x682.jpg 1024w, https:\/\/kunmedierne.dk\/mors\/wp-content\/uploads\/2024\/12\/241201-nordmors-fritidscenter-1-510x340.jpg 510w\" sizes=\"auto, (max-width: 1232px) 100vw, 1232px\" \/><p id=\"caption-attachment-133962\" class=\"wp-caption-text\">Formand Flemming Andersen (tv.) og n\u00e6stformand Tage Andersen gl\u00e6dede sig over de nye muligheder i Nordmors Fritidscenter.<\/p><\/div>\n<p>&nbsp;<\/p>\n","protected":false},"excerpt":{"rendered":"<p>MOTION: Nu kan man synde med de kulinariske fristelser og forbr\u00e6nde kalorierne fra dem under samme tag i Sejerslev. Nordmors Fritidscenter har f\u00e5et sit eget motionscenter, og da KunMors kigger forbi l\u00f8rdag, er det tydeligt, at b\u00e5de v\u00e6rter og g\u00e6ster i alle aldre er tilfredse med det nye tilbud. I det ene rum nyder man [&hellip;]<\/p>\n","protected":false},"author":8,"featured_media":0,"comment_status":"closed","ping_status":"closed","sticky":false,"template":"","format":"standard","meta":{"_acf_changed":false,"footnotes":""},"categories":[51],"tags":[196],"class_list":["post-133886","post","type-post","status-publish","format-standard","hentry","category-lokalt","tag-foreningsliv"],"acf":[],"yoast_head":"<!-- This site is optimized with the Yoast SEO plugin v26.8 - https:\/\/yoast.com\/product\/yoast-seo-wordpress\/ -->\n<title>Sejerslev har f\u00e5et endnu et samlingspunkt - Mors<\/title>\n<meta name=\"robots\" content=\"index, follow, max-snippet:-1, max-image-preview:large, max-video-preview:-1\" \/>\n<link rel=\"canonical\" href=\"https:\/\/kunmedierne.dk\/mors\/sejerslev-har-faaet-endnu-et-samlingspunkt\/\" \/>\n<meta property=\"og:locale\" content=\"da_DK\" \/>\n<meta property=\"og:type\" content=\"article\" \/>\n<meta property=\"og:title\" content=\"Sejerslev har f\u00e5et endnu et samlingspunkt - Mors\" \/>\n<meta property=\"og:description\" content=\"MOTION: Nu kan man synde med de kulinariske fristelser og forbr\u00e6nde kalorierne fra dem under samme tag i Sejerslev. Nordmors Fritidscenter har f\u00e5et sit eget motionscenter, og da KunMors kigger forbi l\u00f8rdag, er det tydeligt, at b\u00e5de v\u00e6rter og g\u00e6ster i alle aldre er tilfredse med det nye tilbud. I det ene rum nyder man [&hellip;]\" \/>\n<meta property=\"og:url\" content=\"https:\/\/kunmedierne.dk\/mors\/sejerslev-har-faaet-endnu-et-samlingspunkt\/\" \/>\n<meta property=\"og:site_name\" content=\"Mors\" \/>\n<meta property=\"article:published_time\" content=\"2024-12-02T19:46:19+00:00\" \/>\n<meta property=\"og:image\" content=\"https:\/\/kunmedierne.dk\/mors\/wp-content\/uploads\/2024\/12\/241201-nordmors-fritidscenter-4.jpg\" \/>\n<meta name=\"author\" content=\"David H\u00f8jmark\" \/>\n<meta name=\"twitter:card\" content=\"summary_large_image\" \/>\n<meta name=\"twitter:label1\" content=\"Skrevet af\" \/>\n\t<meta name=\"twitter:data1\" content=\"David H\u00f8jmark\" \/>\n\t<meta name=\"twitter:label2\" content=\"Estimeret l\u00e6setid\" \/>\n\t<meta name=\"twitter:data2\" content=\"5 minutter\" \/>\n<script type=\"application\/ld+json\" class=\"yoast-schema-graph\">{\"@context\":\"https:\/\/schema.org\",\"@graph\":[{\"@type\":\"Article\",\"@id\":\"https:\/\/kunmedierne.dk\/mors\/sejerslev-har-faaet-endnu-et-samlingspunkt\/#article\",\"isPartOf\":{\"@id\":\"https:\/\/kunmedierne.dk\/mors\/sejerslev-har-faaet-endnu-et-samlingspunkt\/\"},\"author\":{\"name\":\"David H\u00f8jmark\",\"@id\":\"https:\/\/kunmedierne.dk\/mors\/#\/schema\/person\/5fe23251bf1d0abbcdc6f7896579d548\"},\"headline\":\"Sejerslev har f\u00e5et endnu et samlingspunkt\",\"datePublished\":\"2024-12-02T19:46:19+00:00\",\"mainEntityOfPage\":{\"@id\":\"https:\/\/kunmedierne.dk\/mors\/sejerslev-har-faaet-endnu-et-samlingspunkt\/\"},\"wordCount\":825,\"publisher\":{\"@id\":\"https:\/\/kunmedierne.dk\/mors\/#organization\"},\"image\":{\"@id\":\"https:\/\/kunmedierne.dk\/mors\/sejerslev-har-faaet-endnu-et-samlingspunkt\/#primaryimage\"},\"thumbnailUrl\":\"https:\/\/kunmedierne.dk\/mors\/wp-content\/uploads\/2024\/12\/241201-nordmors-fritidscenter-4.jpg\",\"keywords\":[\"Foreningsliv\"],\"articleSection\":[\"Lokalt\"],\"inLanguage\":\"da-DK\"},{\"@type\":\"WebPage\",\"@id\":\"https:\/\/kunmedierne.dk\/mors\/sejerslev-har-faaet-endnu-et-samlingspunkt\/\",\"url\":\"https:\/\/kunmedierne.dk\/mors\/sejerslev-har-faaet-endnu-et-samlingspunkt\/\",\"name\":\"Sejerslev har f\u00e5et endnu et samlingspunkt - Mors\",\"isPartOf\":{\"@id\":\"https:\/\/kunmedierne.dk\/mors\/#website\"},\"primaryImageOfPage\":{\"@id\":\"https:\/\/kunmedierne.dk\/mors\/sejerslev-har-faaet-endnu-et-samlingspunkt\/#primaryimage\"},\"image\":{\"@id\":\"https:\/\/kunmedierne.dk\/mors\/sejerslev-har-faaet-endnu-et-samlingspunkt\/#primaryimage\"},\"thumbnailUrl\":\"https:\/\/kunmedierne.dk\/mors\/wp-content\/uploads\/2024\/12\/241201-nordmors-fritidscenter-4.jpg\",\"datePublished\":\"2024-12-02T19:46:19+00:00\",\"breadcrumb\":{\"@id\":\"https:\/\/kunmedierne.dk\/mors\/sejerslev-har-faaet-endnu-et-samlingspunkt\/#breadcrumb\"},\"inLanguage\":\"da-DK\",\"potentialAction\":[{\"@type\":\"ReadAction\",\"target\":[\"https:\/\/kunmedierne.dk\/mors\/sejerslev-har-faaet-endnu-et-samlingspunkt\/\"]}]},{\"@type\":\"ImageObject\",\"inLanguage\":\"da-DK\",\"@id\":\"https:\/\/kunmedierne.dk\/mors\/sejerslev-har-faaet-endnu-et-samlingspunkt\/#primaryimage\",\"url\":\"https:\/\/kunmedierne.dk\/mors\/wp-content\/uploads\/2024\/12\/241201-nordmors-fritidscenter-4.jpg\",\"contentUrl\":\"https:\/\/kunmedierne.dk\/mors\/wp-content\/uploads\/2024\/12\/241201-nordmors-fritidscenter-4.jpg\",\"width\":1232,\"height\":821},{\"@type\":\"BreadcrumbList\",\"@id\":\"https:\/\/kunmedierne.dk\/mors\/sejerslev-har-faaet-endnu-et-samlingspunkt\/#breadcrumb\",\"itemListElement\":[{\"@type\":\"ListItem\",\"position\":1,\"name\":\"Hjem\",\"item\":\"https:\/\/kunmedierne.dk\/mors\/\"},{\"@type\":\"ListItem\",\"position\":2,\"name\":\"Sejerslev har f\u00e5et endnu et samlingspunkt\"}]},{\"@type\":\"WebSite\",\"@id\":\"https:\/\/kunmedierne.dk\/mors\/#website\",\"url\":\"https:\/\/kunmedierne.dk\/mors\/\",\"name\":\"Mors\",\"description\":\"et netmedie med journalistik om livet p\u00e5 Mors\",\"publisher\":{\"@id\":\"https:\/\/kunmedierne.dk\/mors\/#organization\"},\"potentialAction\":[{\"@type\":\"SearchAction\",\"target\":{\"@type\":\"EntryPoint\",\"urlTemplate\":\"https:\/\/kunmedierne.dk\/mors\/?s={search_term_string}\"},\"query-input\":{\"@type\":\"PropertyValueSpecification\",\"valueRequired\":true,\"valueName\":\"search_term_string\"}}],\"inLanguage\":\"da-DK\"},{\"@type\":\"Organization\",\"@id\":\"https:\/\/kunmedierne.dk\/mors\/#organization\",\"name\":\"Mors\",\"url\":\"https:\/\/kunmedierne.dk\/mors\/\",\"logo\":{\"@type\":\"ImageObject\",\"inLanguage\":\"da-DK\",\"@id\":\"https:\/\/kunmedierne.dk\/mors\/#\/schema\/logo\/image\/\",\"url\":\"https:\/\/kunmedierne.dk\/mors\/wp-content\/uploads\/2024\/08\/kunmors-logo.svg\",\"contentUrl\":\"https:\/\/kunmedierne.dk\/mors\/wp-content\/uploads\/2024\/08\/kunmors-logo.svg\",\"caption\":\"Mors\"},\"image\":{\"@id\":\"https:\/\/kunmedierne.dk\/mors\/#\/schema\/logo\/image\/\"}},{\"@type\":\"Person\",\"@id\":\"https:\/\/kunmedierne.dk\/mors\/#\/schema\/person\/5fe23251bf1d0abbcdc6f7896579d548\",\"name\":\"David H\u00f8jmark\",\"image\":{\"@type\":\"ImageObject\",\"inLanguage\":\"da-DK\",\"@id\":\"https:\/\/kunmedierne.dk\/mors\/#\/schema\/person\/image\/\",\"url\":\"https:\/\/secure.gravatar.com\/avatar\/4315d6fb9ef244d729989f5f90268eb08d5bf8a3d84402f595fa194bb35784fd?s=96&d=mm&r=g\",\"contentUrl\":\"https:\/\/secure.gravatar.com\/avatar\/4315d6fb9ef244d729989f5f90268eb08d5bf8a3d84402f595fa194bb35784fd?s=96&d=mm&r=g\",\"caption\":\"David H\u00f8jmark\"},\"sameAs\":[\"https:\/\/www.kunmedierne.dk\"],\"url\":\"https:\/\/kunmedierne.dk\/mors\/author\/david\/\"}]}<\/script>\n<!-- \/ Yoast SEO plugin. -->","yoast_head_json":{"title":"Sejerslev har f\u00e5et endnu et samlingspunkt - Mors","robots":{"index":"index","follow":"follow","max-snippet":"max-snippet:-1","max-image-preview":"max-image-preview:large","max-video-preview":"max-video-preview:-1"},"canonical":"https:\/\/kunmedierne.dk\/mors\/sejerslev-har-faaet-endnu-et-samlingspunkt\/","og_locale":"da_DK","og_type":"article","og_title":"Sejerslev har f\u00e5et endnu et samlingspunkt - Mors","og_description":"MOTION: Nu kan man synde med de kulinariske fristelser og forbr\u00e6nde kalorierne fra dem under samme tag i Sejerslev. Nordmors Fritidscenter har f\u00e5et sit eget motionscenter, og da KunMors kigger forbi l\u00f8rdag, er det tydeligt, at b\u00e5de v\u00e6rter og g\u00e6ster i alle aldre er tilfredse med det nye tilbud. I det ene rum nyder man [&hellip;]","og_url":"https:\/\/kunmedierne.dk\/mors\/sejerslev-har-faaet-endnu-et-samlingspunkt\/","og_site_name":"Mors","article_published_time":"2024-12-02T19:46:19+00:00","og_image":[{"url":"https:\/\/kunmedierne.dk\/mors\/wp-content\/uploads\/2024\/12\/241201-nordmors-fritidscenter-4.jpg","type":"","width":"","height":""}],"author":"David H\u00f8jmark","twitter_card":"summary_large_image","twitter_misc":{"Skrevet af":"David H\u00f8jmark","Estimeret l\u00e6setid":"5 minutter"},"schema":{"@context":"https:\/\/schema.org","@graph":[{"@type":"Article","@id":"https:\/\/kunmedierne.dk\/mors\/sejerslev-har-faaet-endnu-et-samlingspunkt\/#article","isPartOf":{"@id":"https:\/\/kunmedierne.dk\/mors\/sejerslev-har-faaet-endnu-et-samlingspunkt\/"},"author":{"name":"David H\u00f8jmark","@id":"https:\/\/kunmedierne.dk\/mors\/#\/schema\/person\/5fe23251bf1d0abbcdc6f7896579d548"},"headline":"Sejerslev har f\u00e5et endnu et samlingspunkt","datePublished":"2024-12-02T19:46:19+00:00","mainEntityOfPage":{"@id":"https:\/\/kunmedierne.dk\/mors\/sejerslev-har-faaet-endnu-et-samlingspunkt\/"},"wordCount":825,"publisher":{"@id":"https:\/\/kunmedierne.dk\/mors\/#organization"},"image":{"@id":"https:\/\/kunmedierne.dk\/mors\/sejerslev-har-faaet-endnu-et-samlingspunkt\/#primaryimage"},"thumbnailUrl":"https:\/\/kunmedierne.dk\/mors\/wp-content\/uploads\/2024\/12\/241201-nordmors-fritidscenter-4.jpg","keywords":["Foreningsliv"],"articleSection":["Lokalt"],"inLanguage":"da-DK"},{"@type":"WebPage","@id":"https:\/\/kunmedierne.dk\/mors\/sejerslev-har-faaet-endnu-et-samlingspunkt\/","url":"https:\/\/kunmedierne.dk\/mors\/sejerslev-har-faaet-endnu-et-samlingspunkt\/","name":"Sejerslev har f\u00e5et endnu et samlingspunkt - Mors","isPartOf":{"@id":"https:\/\/kunmedierne.dk\/mors\/#website"},"primaryImageOfPage":{"@id":"https:\/\/kunmedierne.dk\/mors\/sejerslev-har-faaet-endnu-et-samlingspunkt\/#primaryimage"},"image":{"@id":"https:\/\/kunmedierne.dk\/mors\/sejerslev-har-faaet-endnu-et-samlingspunkt\/#primaryimage"},"thumbnailUrl":"https:\/\/kunmedierne.dk\/mors\/wp-content\/uploads\/2024\/12\/241201-nordmors-fritidscenter-4.jpg","datePublished":"2024-12-02T19:46:19+00:00","breadcrumb":{"@id":"https:\/\/kunmedierne.dk\/mors\/sejerslev-har-faaet-endnu-et-samlingspunkt\/#breadcrumb"},"inLanguage":"da-DK","potentialAction":[{"@type":"ReadAction","target":["https:\/\/kunmedierne.dk\/mors\/sejerslev-har-faaet-endnu-et-samlingspunkt\/"]}]},{"@type":"ImageObject","inLanguage":"da-DK","@id":"https:\/\/kunmedierne.dk\/mors\/sejerslev-har-faaet-endnu-et-samlingspunkt\/#primaryimage","url":"https:\/\/kunmedierne.dk\/mors\/wp-content\/uploads\/2024\/12\/241201-nordmors-fritidscenter-4.jpg","contentUrl":"https:\/\/kunmedierne.dk\/mors\/wp-content\/uploads\/2024\/12\/241201-nordmors-fritidscenter-4.jpg","width":1232,"height":821},{"@type":"BreadcrumbList","@id":"https:\/\/kunmedierne.dk\/mors\/sejerslev-har-faaet-endnu-et-samlingspunkt\/#breadcrumb","itemListElement":[{"@type":"ListItem","position":1,"name":"Hjem","item":"https:\/\/kunmedierne.dk\/mors\/"},{"@type":"ListItem","position":2,"name":"Sejerslev har f\u00e5et endnu et samlingspunkt"}]},{"@type":"WebSite","@id":"https:\/\/kunmedierne.dk\/mors\/#website","url":"https:\/\/kunmedierne.dk\/mors\/","name":"Mors","description":"et netmedie med journalistik om livet p\u00e5 Mors","publisher":{"@id":"https:\/\/kunmedierne.dk\/mors\/#organization"},"potentialAction":[{"@type":"SearchAction","target":{"@type":"EntryPoint","urlTemplate":"https:\/\/kunmedierne.dk\/mors\/?s={search_term_string}"},"query-input":{"@type":"PropertyValueSpecification","valueRequired":true,"valueName":"search_term_string"}}],"inLanguage":"da-DK"},{"@type":"Organization","@id":"https:\/\/kunmedierne.dk\/mors\/#organization","name":"Mors","url":"https:\/\/kunmedierne.dk\/mors\/","logo":{"@type":"ImageObject","inLanguage":"da-DK","@id":"https:\/\/kunmedierne.dk\/mors\/#\/schema\/logo\/image\/","url":"https:\/\/kunmedierne.dk\/mors\/wp-content\/uploads\/2024\/08\/kunmors-logo.svg","contentUrl":"https:\/\/kunmedierne.dk\/mors\/wp-content\/uploads\/2024\/08\/kunmors-logo.svg","caption":"Mors"},"image":{"@id":"https:\/\/kunmedierne.dk\/mors\/#\/schema\/logo\/image\/"}},{"@type":"Person","@id":"https:\/\/kunmedierne.dk\/mors\/#\/schema\/person\/5fe23251bf1d0abbcdc6f7896579d548","name":"David H\u00f8jmark","image":{"@type":"ImageObject","inLanguage":"da-DK","@id":"https:\/\/kunmedierne.dk\/mors\/#\/schema\/person\/image\/","url":"https:\/\/secure.gravatar.com\/avatar\/4315d6fb9ef244d729989f5f90268eb08d5bf8a3d84402f595fa194bb35784fd?s=96&d=mm&r=g","contentUrl":"https:\/\/secure.gravatar.com\/avatar\/4315d6fb9ef244d729989f5f90268eb08d5bf8a3d84402f595fa194bb35784fd?s=96&d=mm&r=g","caption":"David H\u00f8jmark"},"sameAs":["https:\/\/www.kunmedierne.dk"],"url":"https:\/\/kunmedierne.dk\/mors\/author\/david\/"}]}},"_links":{"self":[{"href":"https:\/\/kunmedierne.dk\/mors\/wp-json\/wp\/v2\/posts\/133886","targetHints":{"allow":["GET"]}}],"collection":[{"href":"https:\/\/kunmedierne.dk\/mors\/wp-json\/wp\/v2\/posts"}],"about":[{"href":"https:\/\/kunmedierne.dk\/mors\/wp-json\/wp\/v2\/types\/post"}],"author":[{"embeddable":true,"href":"https:\/\/kunmedierne.dk\/mors\/wp-json\/wp\/v2\/users\/8"}],"replies":[{"embeddable":true,"href":"https:\/\/kunmedierne.dk\/mors\/wp-json\/wp\/v2\/comments?post=133886"}],"version-history":[{"count":4,"href":"https:\/\/kunmedierne.dk\/mors\/wp-json\/wp\/v2\/posts\/133886\/revisions"}],"predecessor-version":[{"id":133964,"href":"https:\/\/kunmedierne.dk\/mors\/wp-json\/wp\/v2\/posts\/133886\/revisions\/133964"}],"wp:attachment":[{"href":"https:\/\/kunmedierne.dk\/mors\/wp-json\/wp\/v2\/media?parent=133886"}],"wp:term":[{"taxonomy":"category","embeddable":true,"href":"https:\/\/kunmedierne.dk\/mors\/wp-json\/wp\/v2\/categories?post=133886"},{"taxonomy":"post_tag","embeddable":true,"href":"https:\/\/kunmedierne.dk\/mors\/wp-json\/wp\/v2\/tags?post=133886"}],"curies":[{"name":"wp","href":"https:\/\/api.w.org\/{rel}","templated":true}]}}