{"id":13386,"date":"2020-03-13T13:12:30","date_gmt":"2020-03-13T12:12:30","guid":{"rendered":"https:\/\/kunmedierne.dk\/mors\/?p=13386"},"modified":"2024-08-12T14:06:21","modified_gmt":"2024-08-12T12:06:21","slug":"oestersfinalen-er-aflyst","status":"publish","type":"post","link":"https:\/\/kunmedierne.dk\/mors\/oestersfinalen-er-aflyst\/","title":{"rendered":"\u00d8stersfinalen er aflyst"},"content":{"rendered":"<p><strong>NYK\u00d8BING<\/strong>: Der bliver ingen Michelin-kokke og kulinarisk kunst med l\u00e6kre r\u00e5varer til \u00d8stersfinalen i \u00e5r. Faktisk bliver den slet ingen \u00d8stersfinale i 2020.<\/p>\n<p>Mors\u00f8 Kommune oplyser i en pressemeddelelse, at arrangementet, der skulle have fundet sted l\u00f8rdag 18. april p\u00e5 havnen i Nyk\u00f8bing, er aflyst p\u00e5 grund af situationen med coronavirus og for at im\u00f8deg\u00e5 spredning af smitte.<\/p>\n<p>\u00d8stersfinalen blev holdt f\u00f8rste gang i 2019 med Mors\u00f8\u00a0<span>Kommune som arrang\u00f8r og markerede afslutningen p\u00e5 \u00e5rets s\u00e6son for at fange \u00f8sters i Limfjorden. Til dette \u00e5rs arrangement var blandt andre\u00a0<\/span><span style=\"display: inline !important; float: none; background-color: #ffffff; color: #444444; font-family: 'Open Sans',Arial,Helvetica,sans-serif; font-size: 16px; font-style: normal; font-variant: normal; font-weight: normal; letter-spacing: normal; line-height: 26px; orphans: 2; text-align: left; text-decoration: none; text-indent: 0px; text-transform: none; visibility: visible; -webkit-text-stroke-width: 0px; white-space: normal; word-spacing: 0px;\">Michelin-kokken Torsten Vildgaard fra Restaurant Studio i K\u00f8benhavn blevet hyret til at v\u00e6re med &#8211; lige som der ogs\u00e5 var programsat en konkurrence, hvor helt almindelige danske skulle dyste i at lave den bedste \u00f8stersret.<\/span><\/p>\n","protected":false},"excerpt":{"rendered":"<p>NYK\u00d8BING: Der bliver ingen Michelin-kokke og kulinarisk kunst med l\u00e6kre r\u00e5varer til \u00d8stersfinalen i \u00e5r. Faktisk bliver den slet ingen \u00d8stersfinale i 2020. Mors\u00f8 Kommune oplyser i en pressemeddelelse, at arrangementet, der skulle have fundet sted l\u00f8rdag 18. april p\u00e5 havnen i Nyk\u00f8bing, er aflyst p\u00e5 grund af situationen med coronavirus og for at im\u00f8deg\u00e5 [&hellip;]<\/p>\n","protected":false},"author":8,"featured_media":13387,"comment_status":"open","ping_status":"open","sticky":false,"template":"","format":"standard","meta":{"_acf_changed":false,"footnotes":""},"categories":[49],"tags":[169],"class_list":["post-13386","post","type-post","status-publish","format-standard","has-post-thumbnail","hentry","category-kultur","tag-skaldyr"],"acf":[],"yoast_head":"<!-- This site is optimized with the Yoast SEO plugin v26.8 - https:\/\/yoast.com\/product\/yoast-seo-wordpress\/ -->\n<title>\u00d8stersfinalen er aflyst - Mors<\/title>\n<meta name=\"robots\" content=\"index, follow, max-snippet:-1, max-image-preview:large, max-video-preview:-1\" \/>\n<link rel=\"canonical\" href=\"https:\/\/kunmedierne.dk\/mors\/oestersfinalen-er-aflyst\/\" \/>\n<meta property=\"og:locale\" content=\"da_DK\" \/>\n<meta property=\"og:type\" content=\"article\" \/>\n<meta property=\"og:title\" content=\"\u00d8stersfinalen er aflyst - Mors\" \/>\n<meta property=\"og:description\" content=\"NYK\u00d8BING: Der bliver ingen Michelin-kokke og kulinarisk kunst med l\u00e6kre r\u00e5varer til \u00d8stersfinalen i \u00e5r. Faktisk bliver den slet ingen \u00d8stersfinale i 2020. Mors\u00f8 Kommune oplyser i en pressemeddelelse, at arrangementet, der skulle have fundet sted l\u00f8rdag 18. april p\u00e5 havnen i Nyk\u00f8bing, er aflyst p\u00e5 grund af situationen med coronavirus og for at im\u00f8deg\u00e5 [&hellip;]\" \/>\n<meta property=\"og:url\" content=\"https:\/\/kunmedierne.dk\/mors\/oestersfinalen-er-aflyst\/\" \/>\n<meta property=\"og:site_name\" content=\"Mors\" \/>\n<meta property=\"article:published_time\" content=\"2020-03-13T12:12:30+00:00\" \/>\n<meta property=\"article:modified_time\" content=\"2024-08-12T12:06:21+00:00\" \/>\n<meta property=\"og:image\" content=\"https:\/\/kunmedierne.dk\/mors\/wp-content\/uploads\/2020\/03\/200311-\u00f8stersfinalen.jpg\" \/>\n\t<meta property=\"og:image:width\" content=\"770\" \/>\n\t<meta property=\"og:image:height\" content=\"513\" \/>\n\t<meta property=\"og:image:type\" content=\"image\/jpeg\" \/>\n<meta name=\"author\" content=\"David H\u00f8jmark\" \/>\n<meta name=\"twitter:card\" content=\"summary_large_image\" \/>\n<meta name=\"twitter:label1\" content=\"Skrevet af\" \/>\n\t<meta name=\"twitter:data1\" content=\"David H\u00f8jmark\" \/>\n\t<meta name=\"twitter:label2\" content=\"Estimeret l\u00e6setid\" \/>\n\t<meta name=\"twitter:data2\" content=\"1 minut\" \/>\n<script type=\"application\/ld+json\" class=\"yoast-schema-graph\">{\"@context\":\"https:\/\/schema.org\",\"@graph\":[{\"@type\":\"Article\",\"@id\":\"https:\/\/kunmedierne.dk\/mors\/oestersfinalen-er-aflyst\/#article\",\"isPartOf\":{\"@id\":\"https:\/\/kunmedierne.dk\/mors\/oestersfinalen-er-aflyst\/\"},\"author\":{\"name\":\"David H\u00f8jmark\",\"@id\":\"https:\/\/kunmedierne.dk\/mors\/#\/schema\/person\/5fe23251bf1d0abbcdc6f7896579d548\"},\"headline\":\"\u00d8stersfinalen er aflyst\",\"datePublished\":\"2020-03-13T12:12:30+00:00\",\"dateModified\":\"2024-08-12T12:06:21+00:00\",\"mainEntityOfPage\":{\"@id\":\"https:\/\/kunmedierne.dk\/mors\/oestersfinalen-er-aflyst\/\"},\"wordCount\":135,\"commentCount\":0,\"publisher\":{\"@id\":\"https:\/\/kunmedierne.dk\/mors\/#organization\"},\"image\":{\"@id\":\"https:\/\/kunmedierne.dk\/mors\/oestersfinalen-er-aflyst\/#primaryimage\"},\"thumbnailUrl\":\"https:\/\/kunmedierne.dk\/mors\/wp-content\/uploads\/2020\/03\/200311-\u00f8stersfinalen.jpg\",\"keywords\":[\"Skaldyr\"],\"articleSection\":[\"Kultur\"],\"inLanguage\":\"da-DK\",\"potentialAction\":[{\"@type\":\"CommentAction\",\"name\":\"Comment\",\"target\":[\"https:\/\/kunmedierne.dk\/mors\/oestersfinalen-er-aflyst\/#respond\"]}]},{\"@type\":\"WebPage\",\"@id\":\"https:\/\/kunmedierne.dk\/mors\/oestersfinalen-er-aflyst\/\",\"url\":\"https:\/\/kunmedierne.dk\/mors\/oestersfinalen-er-aflyst\/\",\"name\":\"\u00d8stersfinalen er aflyst - Mors\",\"isPartOf\":{\"@id\":\"https:\/\/kunmedierne.dk\/mors\/#website\"},\"primaryImageOfPage\":{\"@id\":\"https:\/\/kunmedierne.dk\/mors\/oestersfinalen-er-aflyst\/#primaryimage\"},\"image\":{\"@id\":\"https:\/\/kunmedierne.dk\/mors\/oestersfinalen-er-aflyst\/#primaryimage\"},\"thumbnailUrl\":\"https:\/\/kunmedierne.dk\/mors\/wp-content\/uploads\/2020\/03\/200311-\u00f8stersfinalen.jpg\",\"datePublished\":\"2020-03-13T12:12:30+00:00\",\"dateModified\":\"2024-08-12T12:06:21+00:00\",\"breadcrumb\":{\"@id\":\"https:\/\/kunmedierne.dk\/mors\/oestersfinalen-er-aflyst\/#breadcrumb\"},\"inLanguage\":\"da-DK\",\"potentialAction\":[{\"@type\":\"ReadAction\",\"target\":[\"https:\/\/kunmedierne.dk\/mors\/oestersfinalen-er-aflyst\/\"]}]},{\"@type\":\"ImageObject\",\"inLanguage\":\"da-DK\",\"@id\":\"https:\/\/kunmedierne.dk\/mors\/oestersfinalen-er-aflyst\/#primaryimage\",\"url\":\"https:\/\/kunmedierne.dk\/mors\/wp-content\/uploads\/2020\/03\/200311-\u00f8stersfinalen.jpg\",\"contentUrl\":\"https:\/\/kunmedierne.dk\/mors\/wp-content\/uploads\/2020\/03\/200311-\u00f8stersfinalen.jpg\",\"width\":770,\"height\":513,\"caption\":\"Fra \u00f8stersfinalen i 2019. Foto: Mors\u00f8 Kommune.\"},{\"@type\":\"BreadcrumbList\",\"@id\":\"https:\/\/kunmedierne.dk\/mors\/oestersfinalen-er-aflyst\/#breadcrumb\",\"itemListElement\":[{\"@type\":\"ListItem\",\"position\":1,\"name\":\"Hjem\",\"item\":\"https:\/\/kunmedierne.dk\/mors\/\"},{\"@type\":\"ListItem\",\"position\":2,\"name\":\"\u00d8stersfinalen er aflyst\"}]},{\"@type\":\"WebSite\",\"@id\":\"https:\/\/kunmedierne.dk\/mors\/#website\",\"url\":\"https:\/\/kunmedierne.dk\/mors\/\",\"name\":\"Mors\",\"description\":\"et netmedie med journalistik om livet p\u00e5 Mors\",\"publisher\":{\"@id\":\"https:\/\/kunmedierne.dk\/mors\/#organization\"},\"potentialAction\":[{\"@type\":\"SearchAction\",\"target\":{\"@type\":\"EntryPoint\",\"urlTemplate\":\"https:\/\/kunmedierne.dk\/mors\/?s={search_term_string}\"},\"query-input\":{\"@type\":\"PropertyValueSpecification\",\"valueRequired\":true,\"valueName\":\"search_term_string\"}}],\"inLanguage\":\"da-DK\"},{\"@type\":\"Organization\",\"@id\":\"https:\/\/kunmedierne.dk\/mors\/#organization\",\"name\":\"Mors\",\"url\":\"https:\/\/kunmedierne.dk\/mors\/\",\"logo\":{\"@type\":\"ImageObject\",\"inLanguage\":\"da-DK\",\"@id\":\"https:\/\/kunmedierne.dk\/mors\/#\/schema\/logo\/image\/\",\"url\":\"https:\/\/kunmedierne.dk\/mors\/wp-content\/uploads\/2024\/08\/kunmors-logo.svg\",\"contentUrl\":\"https:\/\/kunmedierne.dk\/mors\/wp-content\/uploads\/2024\/08\/kunmors-logo.svg\",\"caption\":\"Mors\"},\"image\":{\"@id\":\"https:\/\/kunmedierne.dk\/mors\/#\/schema\/logo\/image\/\"}},{\"@type\":\"Person\",\"@id\":\"https:\/\/kunmedierne.dk\/mors\/#\/schema\/person\/5fe23251bf1d0abbcdc6f7896579d548\",\"name\":\"David H\u00f8jmark\",\"image\":{\"@type\":\"ImageObject\",\"inLanguage\":\"da-DK\",\"@id\":\"https:\/\/kunmedierne.dk\/mors\/#\/schema\/person\/image\/\",\"url\":\"https:\/\/secure.gravatar.com\/avatar\/4315d6fb9ef244d729989f5f90268eb08d5bf8a3d84402f595fa194bb35784fd?s=96&d=mm&r=g\",\"contentUrl\":\"https:\/\/secure.gravatar.com\/avatar\/4315d6fb9ef244d729989f5f90268eb08d5bf8a3d84402f595fa194bb35784fd?s=96&d=mm&r=g\",\"caption\":\"David H\u00f8jmark\"},\"sameAs\":[\"https:\/\/www.kunmedierne.dk\"],\"url\":\"https:\/\/kunmedierne.dk\/mors\/author\/david\/\"}]}<\/script>\n<!-- \/ Yoast SEO plugin. -->","yoast_head_json":{"title":"\u00d8stersfinalen er aflyst - Mors","robots":{"index":"index","follow":"follow","max-snippet":"max-snippet:-1","max-image-preview":"max-image-preview:large","max-video-preview":"max-video-preview:-1"},"canonical":"https:\/\/kunmedierne.dk\/mors\/oestersfinalen-er-aflyst\/","og_locale":"da_DK","og_type":"article","og_title":"\u00d8stersfinalen er aflyst - Mors","og_description":"NYK\u00d8BING: Der bliver ingen Michelin-kokke og kulinarisk kunst med l\u00e6kre r\u00e5varer til \u00d8stersfinalen i \u00e5r. Faktisk bliver den slet ingen \u00d8stersfinale i 2020. Mors\u00f8 Kommune oplyser i en pressemeddelelse, at arrangementet, der skulle have fundet sted l\u00f8rdag 18. april p\u00e5 havnen i Nyk\u00f8bing, er aflyst p\u00e5 grund af situationen med coronavirus og for at im\u00f8deg\u00e5 [&hellip;]","og_url":"https:\/\/kunmedierne.dk\/mors\/oestersfinalen-er-aflyst\/","og_site_name":"Mors","article_published_time":"2020-03-13T12:12:30+00:00","article_modified_time":"2024-08-12T12:06:21+00:00","og_image":[{"width":770,"height":513,"url":"https:\/\/kunmedierne.dk\/mors\/wp-content\/uploads\/2020\/03\/200311-\u00f8stersfinalen.jpg","type":"image\/jpeg"}],"author":"David H\u00f8jmark","twitter_card":"summary_large_image","twitter_misc":{"Skrevet af":"David H\u00f8jmark","Estimeret l\u00e6setid":"1 minut"},"schema":{"@context":"https:\/\/schema.org","@graph":[{"@type":"Article","@id":"https:\/\/kunmedierne.dk\/mors\/oestersfinalen-er-aflyst\/#article","isPartOf":{"@id":"https:\/\/kunmedierne.dk\/mors\/oestersfinalen-er-aflyst\/"},"author":{"name":"David H\u00f8jmark","@id":"https:\/\/kunmedierne.dk\/mors\/#\/schema\/person\/5fe23251bf1d0abbcdc6f7896579d548"},"headline":"\u00d8stersfinalen er aflyst","datePublished":"2020-03-13T12:12:30+00:00","dateModified":"2024-08-12T12:06:21+00:00","mainEntityOfPage":{"@id":"https:\/\/kunmedierne.dk\/mors\/oestersfinalen-er-aflyst\/"},"wordCount":135,"commentCount":0,"publisher":{"@id":"https:\/\/kunmedierne.dk\/mors\/#organization"},"image":{"@id":"https:\/\/kunmedierne.dk\/mors\/oestersfinalen-er-aflyst\/#primaryimage"},"thumbnailUrl":"https:\/\/kunmedierne.dk\/mors\/wp-content\/uploads\/2020\/03\/200311-\u00f8stersfinalen.jpg","keywords":["Skaldyr"],"articleSection":["Kultur"],"inLanguage":"da-DK","potentialAction":[{"@type":"CommentAction","name":"Comment","target":["https:\/\/kunmedierne.dk\/mors\/oestersfinalen-er-aflyst\/#respond"]}]},{"@type":"WebPage","@id":"https:\/\/kunmedierne.dk\/mors\/oestersfinalen-er-aflyst\/","url":"https:\/\/kunmedierne.dk\/mors\/oestersfinalen-er-aflyst\/","name":"\u00d8stersfinalen er aflyst - Mors","isPartOf":{"@id":"https:\/\/kunmedierne.dk\/mors\/#website"},"primaryImageOfPage":{"@id":"https:\/\/kunmedierne.dk\/mors\/oestersfinalen-er-aflyst\/#primaryimage"},"image":{"@id":"https:\/\/kunmedierne.dk\/mors\/oestersfinalen-er-aflyst\/#primaryimage"},"thumbnailUrl":"https:\/\/kunmedierne.dk\/mors\/wp-content\/uploads\/2020\/03\/200311-\u00f8stersfinalen.jpg","datePublished":"2020-03-13T12:12:30+00:00","dateModified":"2024-08-12T12:06:21+00:00","breadcrumb":{"@id":"https:\/\/kunmedierne.dk\/mors\/oestersfinalen-er-aflyst\/#breadcrumb"},"inLanguage":"da-DK","potentialAction":[{"@type":"ReadAction","target":["https:\/\/kunmedierne.dk\/mors\/oestersfinalen-er-aflyst\/"]}]},{"@type":"ImageObject","inLanguage":"da-DK","@id":"https:\/\/kunmedierne.dk\/mors\/oestersfinalen-er-aflyst\/#primaryimage","url":"https:\/\/kunmedierne.dk\/mors\/wp-content\/uploads\/2020\/03\/200311-\u00f8stersfinalen.jpg","contentUrl":"https:\/\/kunmedierne.dk\/mors\/wp-content\/uploads\/2020\/03\/200311-\u00f8stersfinalen.jpg","width":770,"height":513,"caption":"Fra \u00f8stersfinalen i 2019. Foto: Mors\u00f8 Kommune."},{"@type":"BreadcrumbList","@id":"https:\/\/kunmedierne.dk\/mors\/oestersfinalen-er-aflyst\/#breadcrumb","itemListElement":[{"@type":"ListItem","position":1,"name":"Hjem","item":"https:\/\/kunmedierne.dk\/mors\/"},{"@type":"ListItem","position":2,"name":"\u00d8stersfinalen er aflyst"}]},{"@type":"WebSite","@id":"https:\/\/kunmedierne.dk\/mors\/#website","url":"https:\/\/kunmedierne.dk\/mors\/","name":"Mors","description":"et netmedie med journalistik om livet p\u00e5 Mors","publisher":{"@id":"https:\/\/kunmedierne.dk\/mors\/#organization"},"potentialAction":[{"@type":"SearchAction","target":{"@type":"EntryPoint","urlTemplate":"https:\/\/kunmedierne.dk\/mors\/?s={search_term_string}"},"query-input":{"@type":"PropertyValueSpecification","valueRequired":true,"valueName":"search_term_string"}}],"inLanguage":"da-DK"},{"@type":"Organization","@id":"https:\/\/kunmedierne.dk\/mors\/#organization","name":"Mors","url":"https:\/\/kunmedierne.dk\/mors\/","logo":{"@type":"ImageObject","inLanguage":"da-DK","@id":"https:\/\/kunmedierne.dk\/mors\/#\/schema\/logo\/image\/","url":"https:\/\/kunmedierne.dk\/mors\/wp-content\/uploads\/2024\/08\/kunmors-logo.svg","contentUrl":"https:\/\/kunmedierne.dk\/mors\/wp-content\/uploads\/2024\/08\/kunmors-logo.svg","caption":"Mors"},"image":{"@id":"https:\/\/kunmedierne.dk\/mors\/#\/schema\/logo\/image\/"}},{"@type":"Person","@id":"https:\/\/kunmedierne.dk\/mors\/#\/schema\/person\/5fe23251bf1d0abbcdc6f7896579d548","name":"David H\u00f8jmark","image":{"@type":"ImageObject","inLanguage":"da-DK","@id":"https:\/\/kunmedierne.dk\/mors\/#\/schema\/person\/image\/","url":"https:\/\/secure.gravatar.com\/avatar\/4315d6fb9ef244d729989f5f90268eb08d5bf8a3d84402f595fa194bb35784fd?s=96&d=mm&r=g","contentUrl":"https:\/\/secure.gravatar.com\/avatar\/4315d6fb9ef244d729989f5f90268eb08d5bf8a3d84402f595fa194bb35784fd?s=96&d=mm&r=g","caption":"David H\u00f8jmark"},"sameAs":["https:\/\/www.kunmedierne.dk"],"url":"https:\/\/kunmedierne.dk\/mors\/author\/david\/"}]}},"_links":{"self":[{"href":"https:\/\/kunmedierne.dk\/mors\/wp-json\/wp\/v2\/posts\/13386","targetHints":{"allow":["GET"]}}],"collection":[{"href":"https:\/\/kunmedierne.dk\/mors\/wp-json\/wp\/v2\/posts"}],"about":[{"href":"https:\/\/kunmedierne.dk\/mors\/wp-json\/wp\/v2\/types\/post"}],"author":[{"embeddable":true,"href":"https:\/\/kunmedierne.dk\/mors\/wp-json\/wp\/v2\/users\/8"}],"replies":[{"embeddable":true,"href":"https:\/\/kunmedierne.dk\/mors\/wp-json\/wp\/v2\/comments?post=13386"}],"version-history":[{"count":1,"href":"https:\/\/kunmedierne.dk\/mors\/wp-json\/wp\/v2\/posts\/13386\/revisions"}],"predecessor-version":[{"id":13388,"href":"https:\/\/kunmedierne.dk\/mors\/wp-json\/wp\/v2\/posts\/13386\/revisions\/13388"}],"wp:featuredmedia":[{"embeddable":true,"href":"https:\/\/kunmedierne.dk\/mors\/wp-json\/wp\/v2\/media\/13387"}],"wp:attachment":[{"href":"https:\/\/kunmedierne.dk\/mors\/wp-json\/wp\/v2\/media?parent=13386"}],"wp:term":[{"taxonomy":"category","embeddable":true,"href":"https:\/\/kunmedierne.dk\/mors\/wp-json\/wp\/v2\/categories?post=13386"},{"taxonomy":"post_tag","embeddable":true,"href":"https:\/\/kunmedierne.dk\/mors\/wp-json\/wp\/v2\/tags?post=13386"}],"curies":[{"name":"wp","href":"https:\/\/api.w.org\/{rel}","templated":true}]}}