{"id":133171,"date":"2024-11-24T10:23:03","date_gmt":"2024-11-24T09:23:03","guid":{"rendered":"https:\/\/kunmedierne.dk\/mors\/?p=133171"},"modified":"2024-11-24T10:24:40","modified_gmt":"2024-11-24T09:24:40","slug":"nu-praesenteres-resultaterne-af-stort-projekt-blandt-frivillige-paa-mors","status":"publish","type":"post","link":"https:\/\/kunmedierne.dk\/mors\/nu-praesenteres-resultaterne-af-stort-projekt-blandt-frivillige-paa-mors\/","title":{"rendered":"Nu pr\u00e6senteres resultaterne af stort projekt blandt frivillige p\u00e5 Mors"},"content":{"rendered":"<p><strong>BEV\u00c6GELSE<\/strong>: I snart tre \u00e5r har et lokalt projekt gjort en forskel for bev\u00e6gelse p\u00e5 Mors. Nu er tovholderne klar til at pr\u00e6sentere resultatet.<\/p>\n<p>Tirsdag den 3. december arrangerer Frivilligcenter Mors konference om projektet &#8220;Jeg til Os&#8221;. Det foreg\u00e5r i Dansk Skaldyrcenter, hvor projektmagerne vil fort\u00e6lle om resultater, viden og l\u00e6ring igennem projektet indtil nu.<\/p>\n<p>&#8220;Et projekt, der tydeligt viser, at Mors kan noget helt s\u00e6rligt. Vi har vist, at det giver succesoplevelser, n\u00e5r bev\u00e6gelsestilbud er pr\u00e6stationsfrie. Sjov og spas er tilpasset m\u00e5lgruppen og har fokus p\u00e5 pr\u00e6stationsfrie bev\u00e6gelseslege,&#8221; lyder det i invitationen fra Frivilligcenter Mors.<\/p>\n<a class=\"dvrt-link\" onClick=\"cdmtrack_click(104780,jQuery(this));return false\" href=\"https:\/\/www.spard.dk\/\"><img decoding=\"async\" style=\"width:100%;\" src=\"https:\/\/kunmedierne.dk\/mors\/wp-content\/uploads\/2023\/12\/sparekassen-dk-maj25.gif\"><\/a><script>cdmtrack_view(104780);<\/script>\n<p>Her har man i de senere \u00e5r sat flere tiltag i s\u00f8en og blandt andet n\u00e5et b\u00f8rn, der ellers ikke af sig selv ops\u00f8ger foreningslivet. Det er sket i samarbejde mellem foreninger og SFO p\u00e5 Mors.<\/p>\n<p>Det har givet foreningslivet et nyt potentiale, n\u00e5r unge har underst\u00f8ttet foreningernes sociale og f\u00e6llesskabende perspektiv, fort\u00e6ller det lokale frivilligcenter, der tilf\u00f8jer, at 85 unge morsingboer nu er uddannet til det.<\/p>\n<p>I alt har 225 foreningsfrivillige v\u00e6ret i ber\u00f8ring med projektet og har f\u00e5et redskaber til at styrke det sociale engagement. Og hvad der er kommet ud af det, kan man bliver klogere p\u00e5 under konferencen n\u00e6ste tirsdag.<\/p>\n<blockquote>\n<h3>FAKTA<\/h3>\n<h5>Projekt &#8220;Jeg til Os&#8221; har i de senere \u00e5r sat fokus p\u00e5 udsatte b\u00f8rn og unge, som ikke af sig selv opn\u00e5r den positive oplevelse igennem bev\u00e6gelse og foreningslivet. Projektet, der har Frivilligcenter Mors som tovholder, er finansieret af Den A.P. M\u00f8llerske St\u00f8ttefond og st\u00f8ttet af DGI Nordjylland, FGU Nordvest, Mors\u00f8 Ungdomsskole og Mors\u00f8 Kommune.<\/h5>\n<h5>Konferencen finder sted tirsdag den 3. november fra klokken 15 til 17 ved Dansk Skaldyrcenter p\u00e5 \u00d8roddevej 80 i Nyk\u00f8bing.<\/h5>\n<h5>Efter velkomst er der tale ved borgmester Hans Ejner Bertelsen (V) og pr\u00e6sentation af gode historier ved lokale projektakt\u00f8rer. Dagen byder ogs\u00e5 p\u00e5 pointer og perspektiver fra Idr\u00e6ttens Analyseinstitut.<\/h5>\n<h5>Arrang\u00f8rerne oplyser dog, at prorammet kan n\u00e5 at \u00e6ndre sig.<\/h5>\n<h5>Du kan stadig n\u00e5 at tilmelde dig konferencen. Det skal ske seneste i dag p\u00e5 e-mail: frivilligcenter@morsoe.dk eller til projektleder Marie Louise Andersen p\u00e5 tlf.: 2479 4628.<\/h5>\n<\/blockquote>\n<blockquote>\n<h3>L\u00c6S OGS\u00c5:<\/h3>\n<h5><a href=\"https:\/\/kunmedierne.dk\/mors\/faellesskab-hen-over-nettet-det-er-meningen-med-det-hele\/\" target=\"_blank\" rel=\"noopener\">F\u00e6llesskab hen over nettet: &#8220;Det er meningen med det hele&#8221;<\/a><\/h5>\n<h5><a href=\"https:\/\/kunmedierne.dk\/mors\/det-motiverer-mig-at-hjaelpe-dem-med-at-opleve-faellesskabet\/\" target=\"_blank\" rel=\"noopener\">&#8211; Det motiverer mig at hj\u00e6lpe dem med at opleve f\u00e6llesskabet<\/a><\/h5>\n<p><a href=\"https:\/\/kunmedierne.dk\/mors\/m-c-holms-skole-og-nif-i-partnerskab-om-at-faa-sfo-boern-med-i-faellesskaber\/\" target=\"_blank\" rel=\"noopener\">M.C. Holms Skole og NIF i partnerskab om at f\u00e5 SFO-b\u00f8rn med i f\u00e6llesskaber<\/a><\/p>\n<h5><a href=\"https:\/\/kunmedierne.dk\/mors\/nyt-tiltag-skal-sikre-ungdommen-det-gode-foreningsliv-paa-mors\/\" target=\"_blank\" rel=\"noopener\">Nyt tiltag skal sikre ungdommen det gode foreningsliv p\u00e5 Mors<\/a><\/h5>\n<\/blockquote>\n","protected":false},"excerpt":{"rendered":"<p>BEV\u00c6GELSE: I snart tre \u00e5r har et lokalt projekt gjort en forskel for bev\u00e6gelse p\u00e5 Mors. Nu er tovholderne klar til at pr\u00e6sentere resultatet. Tirsdag den 3. december arrangerer Frivilligcenter Mors konference om projektet &#8220;Jeg til Os&#8221;. Det foreg\u00e5r i Dansk Skaldyrcenter, hvor projektmagerne vil fort\u00e6lle om resultater, viden og l\u00e6ring igennem projektet indtil nu. [&hellip;]<\/p>\n","protected":false},"author":8,"featured_media":0,"comment_status":"closed","ping_status":"closed","sticky":false,"template":"","format":"standard","meta":{"_acf_changed":false,"footnotes":""},"categories":[51],"tags":[196],"class_list":["post-133171","post","type-post","status-publish","format-standard","hentry","category-lokalt","tag-foreningsliv"],"acf":[],"yoast_head":"<!-- This site is optimized with the Yoast SEO plugin v26.8 - https:\/\/yoast.com\/product\/yoast-seo-wordpress\/ -->\n<title>Nu pr\u00e6senteres resultaterne af stort projekt blandt frivillige p\u00e5 Mors - Mors<\/title>\n<meta name=\"robots\" content=\"index, follow, max-snippet:-1, max-image-preview:large, max-video-preview:-1\" \/>\n<link rel=\"canonical\" href=\"https:\/\/kunmedierne.dk\/mors\/nu-praesenteres-resultaterne-af-stort-projekt-blandt-frivillige-paa-mors\/\" \/>\n<meta property=\"og:locale\" content=\"da_DK\" \/>\n<meta property=\"og:type\" content=\"article\" \/>\n<meta property=\"og:title\" content=\"Nu pr\u00e6senteres resultaterne af stort projekt blandt frivillige p\u00e5 Mors - Mors\" \/>\n<meta property=\"og:description\" content=\"BEV\u00c6GELSE: I snart tre \u00e5r har et lokalt projekt gjort en forskel for bev\u00e6gelse p\u00e5 Mors. Nu er tovholderne klar til at pr\u00e6sentere resultatet. Tirsdag den 3. december arrangerer Frivilligcenter Mors konference om projektet &#8220;Jeg til Os&#8221;. Det foreg\u00e5r i Dansk Skaldyrcenter, hvor projektmagerne vil fort\u00e6lle om resultater, viden og l\u00e6ring igennem projektet indtil nu. [&hellip;]\" \/>\n<meta property=\"og:url\" content=\"https:\/\/kunmedierne.dk\/mors\/nu-praesenteres-resultaterne-af-stort-projekt-blandt-frivillige-paa-mors\/\" \/>\n<meta property=\"og:site_name\" content=\"Mors\" \/>\n<meta property=\"article:published_time\" content=\"2024-11-24T09:23:03+00:00\" \/>\n<meta property=\"article:modified_time\" content=\"2024-11-24T09:24:40+00:00\" \/>\n<meta name=\"author\" content=\"David H\u00f8jmark\" \/>\n<meta name=\"twitter:card\" content=\"summary_large_image\" \/>\n<meta name=\"twitter:label1\" content=\"Skrevet af\" \/>\n\t<meta name=\"twitter:data1\" content=\"David H\u00f8jmark\" \/>\n\t<meta name=\"twitter:label2\" content=\"Estimeret l\u00e6setid\" \/>\n\t<meta name=\"twitter:data2\" content=\"2 minutter\" \/>\n<script type=\"application\/ld+json\" class=\"yoast-schema-graph\">{\"@context\":\"https:\/\/schema.org\",\"@graph\":[{\"@type\":\"Article\",\"@id\":\"https:\/\/kunmedierne.dk\/mors\/nu-praesenteres-resultaterne-af-stort-projekt-blandt-frivillige-paa-mors\/#article\",\"isPartOf\":{\"@id\":\"https:\/\/kunmedierne.dk\/mors\/nu-praesenteres-resultaterne-af-stort-projekt-blandt-frivillige-paa-mors\/\"},\"author\":{\"name\":\"David H\u00f8jmark\",\"@id\":\"https:\/\/kunmedierne.dk\/mors\/#\/schema\/person\/5fe23251bf1d0abbcdc6f7896579d548\"},\"headline\":\"Nu pr\u00e6senteres resultaterne af stort projekt blandt frivillige p\u00e5 Mors\",\"datePublished\":\"2024-11-24T09:23:03+00:00\",\"dateModified\":\"2024-11-24T09:24:40+00:00\",\"mainEntityOfPage\":{\"@id\":\"https:\/\/kunmedierne.dk\/mors\/nu-praesenteres-resultaterne-af-stort-projekt-blandt-frivillige-paa-mors\/\"},\"wordCount\":440,\"publisher\":{\"@id\":\"https:\/\/kunmedierne.dk\/mors\/#organization\"},\"keywords\":[\"Foreningsliv\"],\"articleSection\":[\"Lokalt\"],\"inLanguage\":\"da-DK\"},{\"@type\":\"WebPage\",\"@id\":\"https:\/\/kunmedierne.dk\/mors\/nu-praesenteres-resultaterne-af-stort-projekt-blandt-frivillige-paa-mors\/\",\"url\":\"https:\/\/kunmedierne.dk\/mors\/nu-praesenteres-resultaterne-af-stort-projekt-blandt-frivillige-paa-mors\/\",\"name\":\"Nu pr\u00e6senteres resultaterne af stort projekt blandt frivillige p\u00e5 Mors - Mors\",\"isPartOf\":{\"@id\":\"https:\/\/kunmedierne.dk\/mors\/#website\"},\"datePublished\":\"2024-11-24T09:23:03+00:00\",\"dateModified\":\"2024-11-24T09:24:40+00:00\",\"breadcrumb\":{\"@id\":\"https:\/\/kunmedierne.dk\/mors\/nu-praesenteres-resultaterne-af-stort-projekt-blandt-frivillige-paa-mors\/#breadcrumb\"},\"inLanguage\":\"da-DK\",\"potentialAction\":[{\"@type\":\"ReadAction\",\"target\":[\"https:\/\/kunmedierne.dk\/mors\/nu-praesenteres-resultaterne-af-stort-projekt-blandt-frivillige-paa-mors\/\"]}]},{\"@type\":\"BreadcrumbList\",\"@id\":\"https:\/\/kunmedierne.dk\/mors\/nu-praesenteres-resultaterne-af-stort-projekt-blandt-frivillige-paa-mors\/#breadcrumb\",\"itemListElement\":[{\"@type\":\"ListItem\",\"position\":1,\"name\":\"Hjem\",\"item\":\"https:\/\/kunmedierne.dk\/mors\/\"},{\"@type\":\"ListItem\",\"position\":2,\"name\":\"Nu pr\u00e6senteres resultaterne af stort projekt blandt frivillige p\u00e5 Mors\"}]},{\"@type\":\"WebSite\",\"@id\":\"https:\/\/kunmedierne.dk\/mors\/#website\",\"url\":\"https:\/\/kunmedierne.dk\/mors\/\",\"name\":\"Mors\",\"description\":\"et netmedie med journalistik om livet p\u00e5 Mors\",\"publisher\":{\"@id\":\"https:\/\/kunmedierne.dk\/mors\/#organization\"},\"potentialAction\":[{\"@type\":\"SearchAction\",\"target\":{\"@type\":\"EntryPoint\",\"urlTemplate\":\"https:\/\/kunmedierne.dk\/mors\/?s={search_term_string}\"},\"query-input\":{\"@type\":\"PropertyValueSpecification\",\"valueRequired\":true,\"valueName\":\"search_term_string\"}}],\"inLanguage\":\"da-DK\"},{\"@type\":\"Organization\",\"@id\":\"https:\/\/kunmedierne.dk\/mors\/#organization\",\"name\":\"Mors\",\"url\":\"https:\/\/kunmedierne.dk\/mors\/\",\"logo\":{\"@type\":\"ImageObject\",\"inLanguage\":\"da-DK\",\"@id\":\"https:\/\/kunmedierne.dk\/mors\/#\/schema\/logo\/image\/\",\"url\":\"https:\/\/kunmedierne.dk\/mors\/wp-content\/uploads\/2024\/08\/kunmors-logo.svg\",\"contentUrl\":\"https:\/\/kunmedierne.dk\/mors\/wp-content\/uploads\/2024\/08\/kunmors-logo.svg\",\"caption\":\"Mors\"},\"image\":{\"@id\":\"https:\/\/kunmedierne.dk\/mors\/#\/schema\/logo\/image\/\"}},{\"@type\":\"Person\",\"@id\":\"https:\/\/kunmedierne.dk\/mors\/#\/schema\/person\/5fe23251bf1d0abbcdc6f7896579d548\",\"name\":\"David H\u00f8jmark\",\"image\":{\"@type\":\"ImageObject\",\"inLanguage\":\"da-DK\",\"@id\":\"https:\/\/kunmedierne.dk\/mors\/#\/schema\/person\/image\/\",\"url\":\"https:\/\/secure.gravatar.com\/avatar\/4315d6fb9ef244d729989f5f90268eb08d5bf8a3d84402f595fa194bb35784fd?s=96&d=mm&r=g\",\"contentUrl\":\"https:\/\/secure.gravatar.com\/avatar\/4315d6fb9ef244d729989f5f90268eb08d5bf8a3d84402f595fa194bb35784fd?s=96&d=mm&r=g\",\"caption\":\"David H\u00f8jmark\"},\"sameAs\":[\"https:\/\/www.kunmedierne.dk\"],\"url\":\"https:\/\/kunmedierne.dk\/mors\/author\/david\/\"}]}<\/script>\n<!-- \/ Yoast SEO plugin. -->","yoast_head_json":{"title":"Nu pr\u00e6senteres resultaterne af stort projekt blandt frivillige p\u00e5 Mors - Mors","robots":{"index":"index","follow":"follow","max-snippet":"max-snippet:-1","max-image-preview":"max-image-preview:large","max-video-preview":"max-video-preview:-1"},"canonical":"https:\/\/kunmedierne.dk\/mors\/nu-praesenteres-resultaterne-af-stort-projekt-blandt-frivillige-paa-mors\/","og_locale":"da_DK","og_type":"article","og_title":"Nu pr\u00e6senteres resultaterne af stort projekt blandt frivillige p\u00e5 Mors - Mors","og_description":"BEV\u00c6GELSE: I snart tre \u00e5r har et lokalt projekt gjort en forskel for bev\u00e6gelse p\u00e5 Mors. Nu er tovholderne klar til at pr\u00e6sentere resultatet. Tirsdag den 3. december arrangerer Frivilligcenter Mors konference om projektet &#8220;Jeg til Os&#8221;. Det foreg\u00e5r i Dansk Skaldyrcenter, hvor projektmagerne vil fort\u00e6lle om resultater, viden og l\u00e6ring igennem projektet indtil nu. [&hellip;]","og_url":"https:\/\/kunmedierne.dk\/mors\/nu-praesenteres-resultaterne-af-stort-projekt-blandt-frivillige-paa-mors\/","og_site_name":"Mors","article_published_time":"2024-11-24T09:23:03+00:00","article_modified_time":"2024-11-24T09:24:40+00:00","author":"David H\u00f8jmark","twitter_card":"summary_large_image","twitter_misc":{"Skrevet af":"David H\u00f8jmark","Estimeret l\u00e6setid":"2 minutter"},"schema":{"@context":"https:\/\/schema.org","@graph":[{"@type":"Article","@id":"https:\/\/kunmedierne.dk\/mors\/nu-praesenteres-resultaterne-af-stort-projekt-blandt-frivillige-paa-mors\/#article","isPartOf":{"@id":"https:\/\/kunmedierne.dk\/mors\/nu-praesenteres-resultaterne-af-stort-projekt-blandt-frivillige-paa-mors\/"},"author":{"name":"David H\u00f8jmark","@id":"https:\/\/kunmedierne.dk\/mors\/#\/schema\/person\/5fe23251bf1d0abbcdc6f7896579d548"},"headline":"Nu pr\u00e6senteres resultaterne af stort projekt blandt frivillige p\u00e5 Mors","datePublished":"2024-11-24T09:23:03+00:00","dateModified":"2024-11-24T09:24:40+00:00","mainEntityOfPage":{"@id":"https:\/\/kunmedierne.dk\/mors\/nu-praesenteres-resultaterne-af-stort-projekt-blandt-frivillige-paa-mors\/"},"wordCount":440,"publisher":{"@id":"https:\/\/kunmedierne.dk\/mors\/#organization"},"keywords":["Foreningsliv"],"articleSection":["Lokalt"],"inLanguage":"da-DK"},{"@type":"WebPage","@id":"https:\/\/kunmedierne.dk\/mors\/nu-praesenteres-resultaterne-af-stort-projekt-blandt-frivillige-paa-mors\/","url":"https:\/\/kunmedierne.dk\/mors\/nu-praesenteres-resultaterne-af-stort-projekt-blandt-frivillige-paa-mors\/","name":"Nu pr\u00e6senteres resultaterne af stort projekt blandt frivillige p\u00e5 Mors - Mors","isPartOf":{"@id":"https:\/\/kunmedierne.dk\/mors\/#website"},"datePublished":"2024-11-24T09:23:03+00:00","dateModified":"2024-11-24T09:24:40+00:00","breadcrumb":{"@id":"https:\/\/kunmedierne.dk\/mors\/nu-praesenteres-resultaterne-af-stort-projekt-blandt-frivillige-paa-mors\/#breadcrumb"},"inLanguage":"da-DK","potentialAction":[{"@type":"ReadAction","target":["https:\/\/kunmedierne.dk\/mors\/nu-praesenteres-resultaterne-af-stort-projekt-blandt-frivillige-paa-mors\/"]}]},{"@type":"BreadcrumbList","@id":"https:\/\/kunmedierne.dk\/mors\/nu-praesenteres-resultaterne-af-stort-projekt-blandt-frivillige-paa-mors\/#breadcrumb","itemListElement":[{"@type":"ListItem","position":1,"name":"Hjem","item":"https:\/\/kunmedierne.dk\/mors\/"},{"@type":"ListItem","position":2,"name":"Nu pr\u00e6senteres resultaterne af stort projekt blandt frivillige p\u00e5 Mors"}]},{"@type":"WebSite","@id":"https:\/\/kunmedierne.dk\/mors\/#website","url":"https:\/\/kunmedierne.dk\/mors\/","name":"Mors","description":"et netmedie med journalistik om livet p\u00e5 Mors","publisher":{"@id":"https:\/\/kunmedierne.dk\/mors\/#organization"},"potentialAction":[{"@type":"SearchAction","target":{"@type":"EntryPoint","urlTemplate":"https:\/\/kunmedierne.dk\/mors\/?s={search_term_string}"},"query-input":{"@type":"PropertyValueSpecification","valueRequired":true,"valueName":"search_term_string"}}],"inLanguage":"da-DK"},{"@type":"Organization","@id":"https:\/\/kunmedierne.dk\/mors\/#organization","name":"Mors","url":"https:\/\/kunmedierne.dk\/mors\/","logo":{"@type":"ImageObject","inLanguage":"da-DK","@id":"https:\/\/kunmedierne.dk\/mors\/#\/schema\/logo\/image\/","url":"https:\/\/kunmedierne.dk\/mors\/wp-content\/uploads\/2024\/08\/kunmors-logo.svg","contentUrl":"https:\/\/kunmedierne.dk\/mors\/wp-content\/uploads\/2024\/08\/kunmors-logo.svg","caption":"Mors"},"image":{"@id":"https:\/\/kunmedierne.dk\/mors\/#\/schema\/logo\/image\/"}},{"@type":"Person","@id":"https:\/\/kunmedierne.dk\/mors\/#\/schema\/person\/5fe23251bf1d0abbcdc6f7896579d548","name":"David H\u00f8jmark","image":{"@type":"ImageObject","inLanguage":"da-DK","@id":"https:\/\/kunmedierne.dk\/mors\/#\/schema\/person\/image\/","url":"https:\/\/secure.gravatar.com\/avatar\/4315d6fb9ef244d729989f5f90268eb08d5bf8a3d84402f595fa194bb35784fd?s=96&d=mm&r=g","contentUrl":"https:\/\/secure.gravatar.com\/avatar\/4315d6fb9ef244d729989f5f90268eb08d5bf8a3d84402f595fa194bb35784fd?s=96&d=mm&r=g","caption":"David H\u00f8jmark"},"sameAs":["https:\/\/www.kunmedierne.dk"],"url":"https:\/\/kunmedierne.dk\/mors\/author\/david\/"}]}},"_links":{"self":[{"href":"https:\/\/kunmedierne.dk\/mors\/wp-json\/wp\/v2\/posts\/133171","targetHints":{"allow":["GET"]}}],"collection":[{"href":"https:\/\/kunmedierne.dk\/mors\/wp-json\/wp\/v2\/posts"}],"about":[{"href":"https:\/\/kunmedierne.dk\/mors\/wp-json\/wp\/v2\/types\/post"}],"author":[{"embeddable":true,"href":"https:\/\/kunmedierne.dk\/mors\/wp-json\/wp\/v2\/users\/8"}],"replies":[{"embeddable":true,"href":"https:\/\/kunmedierne.dk\/mors\/wp-json\/wp\/v2\/comments?post=133171"}],"version-history":[{"count":2,"href":"https:\/\/kunmedierne.dk\/mors\/wp-json\/wp\/v2\/posts\/133171\/revisions"}],"predecessor-version":[{"id":133176,"href":"https:\/\/kunmedierne.dk\/mors\/wp-json\/wp\/v2\/posts\/133171\/revisions\/133176"}],"wp:attachment":[{"href":"https:\/\/kunmedierne.dk\/mors\/wp-json\/wp\/v2\/media?parent=133171"}],"wp:term":[{"taxonomy":"category","embeddable":true,"href":"https:\/\/kunmedierne.dk\/mors\/wp-json\/wp\/v2\/categories?post=133171"},{"taxonomy":"post_tag","embeddable":true,"href":"https:\/\/kunmedierne.dk\/mors\/wp-json\/wp\/v2\/tags?post=133171"}],"curies":[{"name":"wp","href":"https:\/\/api.w.org\/{rel}","templated":true}]}}