{"id":13256,"date":"2020-03-12T19:04:52","date_gmt":"2020-03-12T18:04:52","guid":{"rendered":"https:\/\/kunmedierne.dk\/mors\/?p=13256"},"modified":"2024-08-12T14:06:21","modified_gmt":"2024-08-12T12:06:21","slug":"mors-lukker-ned-vi-ses-paa-den-anden-side","status":"publish","type":"post","link":"https:\/\/kunmedierne.dk\/mors\/mors-lukker-ned-vi-ses-paa-den-anden-side\/","title":{"rendered":"Mors lukker ned: &#8211; Vi ses p\u00e5 den anden side!"},"content":{"rendered":"<p style=\"padding-left: 40px;\"><strong>MORS<\/strong>: &#8220;Danmark lukker ned&#8221;, hed det med gule breaking news-bj\u00e6lker p\u00e5 landsd\u00e6kkende medier i aftes, da statsminister Mette Frederiksen havde pr\u00e6senteret de seneste tiltag i kampen mod coronavirus.<\/p>\n<p>Og man kan roligt sige, at Mors bakker op. Skoler, institutioner, foreningsliv, kultur, forlystelser og natteliv har i opdatering p\u00e5 opdatering fortalt, at de i den kommende tid tager konsekvensen og lukker ned.<\/p>\n<p>Her er et udpluk af udmeldingerne fra tiden efter pressem\u00f8det onsdag aften &#8211; med link til de forskellige meddelelser. Har du en opdatering, vi skal have med, s\u00e5 send et link til os p\u00e5 e-mail: redaktion@kunmedierne.dk\/mors. (Senest tilf\u00f8jede st\u00e5r \u00f8verst).<\/p>\n<p><a href=\"https:\/\/www.facebook.com\/pg\/Sydvestmors-Kultur-og-Fritidscenter-402980996473876\/posts\/?ref=notif\" target=\"_blank\" rel=\"noopener noreferrer\"><strong>Sydvestmors Kultur- og Fritidscenter<\/strong><\/a>: &#8220;S\u00e5 er det tid til en lille Corona update fra SKF ogs\u00e5.\u00a0Alt er nu lukket ned, d\u00f8rene er l\u00e5st og personalet er sendt hjem. Vi h\u00e5ber det hele snart er klar igen.&#8221;<\/p>\n<p><a href=\"https:\/\/www.facebook.com\/morsfodslaw\/\" target=\"_blank\" rel=\"noopener noreferrer\"><strong>Mors\u00f8 Fodslaw<\/strong><\/a>: &#8220;Motionsture frem til 1. april aflyses. Danmark skal hurtigst muligt igen have styr p\u00e5 vira situationen &#8211; Corona virus. Motion er vigtig, men beh\u00f8ver ikke at ske i flokke. Fors\u00e6t endelig med at g\u00e5 ture, men for en tid bliver det hver for sig.&#8221;<\/p>\n<p><a href=\"https:\/\/www.facebook.com\/morsoegolfklub\/\" target=\"_blank\" rel=\"noopener noreferrer\"><strong>Mors\u00f8 Golfklub<\/strong><\/a>: &#8220;Den annoncerede generalforsamling d. 24. marts uds\u00e6ttes til et senere tidspunkt. Al m\u00f8devirksomhed og andre aktiviteter som fx Golffitness aflyses indtil videre. Annemette vil de n\u00e6ste 14 dage passe sit arbejde hjemmefra og vil kunne kontaktes gennem mail og en omstillet telefon. Vores tr\u00e6ner Kristian Jensen vil f\u00f8rst v\u00e6re tilg\u00e6ngelig fra d. 1. april.&#8221;<\/p>\n<p><a href=\"https:\/\/www.facebook.com\/pg\/MorsoPaaskestaevne\/posts\/?ref=notif\" target=\"_blank\" rel=\"noopener noreferrer\"><strong>Mors\u00f8 P\u00e5skest\u00e6vne<\/strong><\/a>: &#8220;Med Statsministerens seneste udmelding om nedlukning af alle fritidsaktiviteter i 14 dage har vi besluttet f\u00f8lgende: Vi f\u00f8lger udviklingen p\u00e5 t\u00e6t hold og senest onsdag d. 25. marts 2020 tr\u00e6ffes beslutning om gennemf\u00f8relse af st\u00e6vnet. Beslutningen vil nok blive truffet f\u00f8r dette tidspunkt. I tilf\u00e6lde af aflysning refunderes b\u00e5de hold- og deltagergebyr.&#8221;<\/p>\n<p><a href=\"https:\/\/www.facebook.com\/strompehuset\/?__tn__=kC-R&amp;eid=ARBSM4j25FosIsfqRobH5KvgccXYfuwxle_HBYlEC1f0qi8NvvogKoDggPbIG9VV9aXWwqdLFeAeUHgq&amp;hc_ref=ARRsGAYuCbJIVPA06DiEAmIR9pbPaI347BhROqkC3pazJw1feXCD35-JLXD-8-rgHtM&amp;fref=nf&amp;__xts__[0]=68.ARCKVYhwANSCeIgaKXeM1VkBzeADST5TzwLhLANVlI195LC9mQvRUFFMuY2vbwqoMcVMXetD5U_aVIPDVGwx5vQAeBq_HrHhnEXtGrVOqiAu8JDHKr1K40SgmAykGtb1ztCIVemyshJ4yrOPKlr7h6VBFJo2H2RgNozpKb1rvwu18nhscvqc_TYkZvuLP9FJHLpzX5PXz8DH2begtaI-BYJhwzBPWXBOpVoRgasj2Ll_-cVlVkbNlZ9weWSRsc_pOtcemF3xVh_hv0OR14efViNH_KHLezX1mG6RMxCI743hSIRbrix4G6e_JdSkthv7NR6b4E6gmpIofBOBSFXQdMsT\" target=\"_blank\" rel=\"noopener noreferrer\"><strong>Str\u00f8mpehuset<\/strong><\/a>: &#8220;K\u00e6re venner.\u00a0Bestyrelsen i Str\u00f8mpehusets venner har besluttet at uds\u00e6tte generalforsamlingen den 26. marts.\u00a0Ferniseringen p\u00e5 For\u00e5rsudstillingen Palmes\u00f8ndag er ligeledes aflyst. Butikken og Galleriet er lukket forel\u00f8big til 1. april. Det er en meget alvorlig situation og vi f\u00f8lger det n\u00f8je. Pas godt p\u00e5 hinanden.&#8221;<\/p>\n<p><a href=\"https:\/\/www.facebook.com\/rodekorsmorsoe\/\" target=\"_blank\" rel=\"noopener noreferrer\"><strong>R\u00f8de Kors Mors<\/strong><\/a>: &#8220;P\u00e5 grund af coronavirus holder vi lukket i begge vores butikker indtil videre.&#8221;<\/p>\n<p><a href=\"https:\/\/www.facebook.com\/outrupvinduerdoere\/?ref=search&amp;__tn__=%2Cd%2CP-R&amp;eid=ARB53Rouv2Ct1iES-RLMq7qxBmYaa3W5qkht-JZLBmm87P18c5ZP14XKxsgGPrEJHN-Y-YD97KO9f5gT\" target=\"_blank\" rel=\"noopener noreferrer\"><strong>Outrup Vinduer &amp; D\u00f8re<\/strong><\/a>: &#8220;Hos Outrup f\u00f8lger vi anvisningerne fra Statsministeriet skarpt. Kontoret er tomt, og kollegerne arbejder hjemmefra nu. Det er et trist men n\u00f8dvendigt skridt. Vi fors\u00f8ger efter bedste evne at opretholde det gode serviceniveau i forhold til vores kunder, som selvf\u00f8lgelig stadigv\u00e6k kan fange os p\u00e5 telefon og mail &#8211; og sk\u00e6rme vores kolleger bedst muligt <span class=\"_5mfr\"><span class=\"_6qdm\">\u2618\ufe0f<\/span><\/span>&#8221;<\/p>\n<p><a href=\"https:\/\/www.facebook.com\/Nyk\u00f8bing-Mors-Idr\u00e6tsforening-498063290209136\/?__tn__=kC-R&amp;eid=ARACa33fI6k4FnRFF3C0_7_tS0SWHHQzGw-UN-vHYjkd2orbktVoax-9ladTZKacAEdviwyJLxEJ2tW-&amp;hc_ref=ARQ9jOWzNM2NDU_lABVHRUQfGIVzULoMI5iabvFBdcWFM8ELcyPDjRHcHyVVJSIT-JU&amp;__xts__[0]=68.ARBZdum3VQiY5J5Qp8NzYWTY72UgS5IapFo1X9hYsDgRyNB8ydSsDmBz_kegbfkV5MowDa89m3Plg239asc1cz_MgQbfiIHWn7IQo-USmAWwC4v8M6i_rbiSEcenzHxiUTwmD9ctFFuunAJucT5ZZEtHeLmP5tKHy018UjDrrm2GnDJ97EA0idIigs5oSzFaLbqaEl11KSOTaRx8rGEFr-A3FSCQzBWzp70kQY0URJ55Yl2Faafqjr4dMycE0j0QpA0RpPNS95YLnnqi360ufjIK6RMUBmP5uh2jUOAIk4-523EL4Gau8S_g3U3BYlyvr2Ty0i1ANusTjHHh9__9xuzf-qOcUgT3Eje0EeAQaEDarHJ_pTM-YBjI6WT1pZSQXCJ5qsB-ytQRQW-n3udM6zrOMb4Li5Wir1qryopdT63rjQt0yQqbV_hi5pUGKhNg_iCM9tgsLz08GMv-P1iDCUvRQ3ukiYgmJ3PNZbr16GvphG4Yf5r6\" target=\"_blank\" rel=\"noopener noreferrer\"><strong>Nyk\u00f8bing Mors IF<\/strong><\/a>: &#8220;Nyk\u00f8bing Mors Idr\u00e6ttsforening f\u00f8lger selvf\u00f8lgelig de seneste anbefalinger omkring Covid 19 og lukker ned de n\u00e6ste uger. Dvs. ingen holdtr\u00e6ning i uge 12 og 13 (som det ser ud nu) og ingen sm\u00e5 opvisninger i hallen. Vi h\u00e5ber p\u00e5 forst\u00e5else og opfordrer til, at vi alle hj\u00e6lper hinanden i denne situation &#8211; tak!&#8221;<\/p>\n<p><a href=\"https:\/\/www.facebook.com\/Museum-Mors-119371184842821\/?ref=br_rs\" target=\"_blank\" rel=\"noopener noreferrer\"><strong>Museum Mors<\/strong><\/a>: &#8220;LUKNING: Museum Mors og Mors\u00f8 Lokalhistorisk Arkiv tager selvf\u00f8lgelig regeringens p\u00e5bud og anbefalinger ang\u00e5ende covid-19 dybt alvorligt og lukker museet og arkivet fra torsdag og minimum 14 dage frem.&#8221;<\/p>\n<p><a href=\"https:\/\/www.facebook.com\/gaagadenmors\/\" target=\"_blank\" rel=\"noopener noreferrer\"><strong>Mors\u00f8 Handelsstandsforening<\/strong><\/a>: &#8220;Mors Handel f\u00f8lger statens vejledninger n\u00f8je og holder som udgangspunkt \u00e5bent med normale \u00e5bningstider. Vi h\u00e5ber at I som kunder vil respektere hvis nogle butikker v\u00e6lger, at holde lukket af helbredsm\u00e6ssige \u00e5rsager. St\u00f8t butikkerne, ogs\u00e5 i denne tid, s\u00e5 sikrer vi sammen at byen eksisterer og er velfungerende p\u00e5 den anden siden af denne situation.\u00a0Mors Handel opfordrer alle til at handle som normalt \u2013 b\u00e5de s\u00e5 vi undg\u00e5r hamstring og s\u00e5 vi sikrer en fremtid, for vores butikker o<span class=\"text_exposed_show\">g byen som helhed. <\/span>Pas godt p\u00e5 hinanden, Hj\u00e6lp hinanden, Tag ansvar, s\u00e5 vi sammen kan komme denne virus til livs.&#8221;<\/p>\n<p><a href=\"https:\/\/www.facebook.com\/morsoekunstforening\/\" target=\"_blank\" rel=\"noopener noreferrer\"><strong>Mors\u00f8 Kunstforening<\/strong><\/a>: &#8220;Uds\u00e6ttelse af kunstforeningens generalforsamling. Den planlagte og indkaldte generalforsamling tirsdag den 17.03.2020 uds\u00e6ttes indtil videre. Begrundelsen er den meget alvorlige samfundssituation med risiko for smitte med coronavirus. Der er fra centrale og lokale myndigheder med begrundelse i sundhedsfaglige vurderinger udmeldt, at smittefaren skal tage meget seri\u00f8st, og at det ikke er klogt at deltage i st\u00f8rre forsamlinger eller t\u00e6tte grupper.&#8221;<\/p>\n<p><a href=\"https:\/\/www.facebook.com\/bibmors\/\" target=\"_blank\" rel=\"noopener noreferrer\"><strong>Mors\u00f8 Folkebibliotek<\/strong><\/a>: &#8220;Mors\u00f8 Folkebibliotek f\u00f8lger regeringens anbefalinger, og lukker biblioteket frem til den 30. marts. Der er ogs\u00e5 lukket for selvbetjening. Alle arrangementer og m\u00f8der er aflyst frem til p\u00e5ske. (\u2026) Vi h\u00e5ber p\u00e5 jeres forst\u00e5else i denne ekstraordin\u00e6re situation.&#8221;<\/p>\n<p><a href=\"https:\/\/www.facebook.com\/kulturkobmanden\/?ref=br_rs\" target=\"_blank\" rel=\"noopener noreferrer\"><strong>Kulturk\u00f8bmanden<\/strong><\/a>: &#8220;OBS OBS OBS. Bestyrelsen har besluttet at lukke kulturk\u00f8bmanden resten af marts p.g.a. coronavirussen. Generalforsamling, koncerten fredag den 13-03, samt fredags hygge resten af marts er derfor aflyst. De retningslinjer som Sundhedsstyrelsen har anbefalet i.f.t.mindre forsamlinger (under 1000), er stedet ikke i stand til at opfylde. Folk club Mors afholder stadig work shop l\u00f8rdag den 14-03 og generalforsamling torsdag den 19-3. Vi beklager meget, men folks sikk<span class=\"text_exposed_show\">erhed og sundhed kommer i f\u00f8rste r\u00e6kke.&#8221;<\/span><\/p>\n<p><a href=\"https:\/\/www.facebook.com\/FLUIF-MORS-139499076211932\/\" target=\"_blank\" rel=\"noopener noreferrer\"><strong>FLUIF Mors<\/strong><\/a>: &#8220;Hej alle. I forbindelse med opfordring fra regeringen aflyser FLUIF alt aktivitet de n\u00e6ste 14 dage. Generalforsamling. <span class=\"text_exposed_show\">Spinning. Sv\u00f8mning. Gymnastik for b\u00f8rn. Gymnastik for herre. Zumba. Opstart MTB. Fluif fede fredag. MTB tr\u00e6ning for junior. MTB l\u00f8b for junior (21\/3). <\/span>Hilsen Bestyrelsen i FLUIF.&#8221;<\/p>\n<p><a href=\"https:\/\/www.facebook.com\/SparekassenThyArenaMors\/\" target=\"_blank\" rel=\"noopener noreferrer\"><strong>Sparekassen Thy Arena Mors<\/strong><\/a>: &#8220;K\u00e6re alle. Vi f\u00f8lger selvf\u00f8lgelig situationen t\u00e6t, og derfor er det besluttet at alle aktiviteter der foreg\u00e5r i Sparekassen Thy Arena | Mors er lukket ned. Startende allerede fra i dag. Sundhedsstyrelsens anvisninger skal overholdes.&#8221;<\/p>\n<p><a href=\"https:\/\/www.facebook.com\/groups\/405664120388495\/\" target=\"_blank\" rel=\"noopener noreferrer\"><strong>Morten Bruun-foredrag i Erslev<\/strong><\/a>: &#8220;Regeringen og Bruun og Piil har aflyst , s\u00e5 derfor er der ingen anden udvej . <span class=\"_5mfr\"><span class=\"_6qdm\">\ud83d\udc4e\ud83c\udfff <\/span><\/span>Vi vil g\u00f8re vores udgifter op (som vi allerede har betalt) , og resten vil i selvf\u00f8lgelig f\u00e5 tilbage . Vi er kede af at i ikke kan undg\u00e5 at miste lidt penge &#8211; men vi h\u00e5ber p\u00e5 forst\u00e5else for at vi deler de udgifter vi har haft . <span class=\"_5mfr\"><span class=\"_6qdm\">\ud83e\udd11 <\/span><\/span>Vi vender tilbage omkring tilbagebetaling og evt et nyt arrangement med Bruun og Piil , det er jo desv\u00e6rre ude af vores h\u00e6nder .. <span class=\"_5mfr\"><span class=\"_6qdm\">\ud83d\udc4e\ud83c\udfff<\/span><\/span><span class=\"_5mfr\"><span class=\"_6qdm\">\ud83d\udc4e\ud83c\udfff&#8221;<\/span><\/span><\/p>\n<p><a href=\"https:\/\/www.facebook.com\/KPKVinduer\/?__tn__=%2Cd%2CP-R&amp;eid=ARBsoy1AzGr5oEPmt2HbDtHZxCk1P3AJ8CA3vUIYLHOvsYzkVjVdJeHtiEJPqzhKsPa3tu4DenRA2mZr\" target=\"_blank\" rel=\"noopener noreferrer\"><strong>KPK D\u00f8re og Vinduer<\/strong><\/a>: &#8220;Vi har i dag indf\u00f8rt yderligere en r\u00e6kke forholdsregler for at begr\u00e6nse smittespredningen. Bl.a. arbejder de medarbejdere, for hvem det er muligt, hjemme nu \u2013 men vi stiler mod at holde det samme aktivitetsniveau i kundesupport og p\u00e5 <span class=\"text_exposed_show\">fabrikken som vanligt \u2013 omend med en del flere og sk\u00e6rpede forholdsregler end normalt.&#8221;\u00a0<\/span><\/p>\n<p><a href=\"https:\/\/www.facebook.com\/groups\/33433622041\/\" target=\"_blank\" rel=\"noopener noreferrer\"><strong>Nyk\u00f8bing Mors Cricket Club<\/strong><\/a>: &#8220;St\u00e6vnet p\u00e5 l\u00f8rdag bliver ikke afholdt og tr\u00e6ningen i morgen og indtil n\u00e6rmere information tilg\u00e5r jer er indstillet. Hilsen til jer alle og h\u00e5ber I vil v\u00e6re sunde og friske i tiden fremover. Snak med hinanden herom og man m\u00e5 gerne dele opslaget. (\u2026)\u00a0Udover at der ingen ungdomstr\u00e6ning er de n\u00e6ste to uger, s\u00e5 aflyser vi ogs\u00e5 L\u00d8RDAGS-HYGGE indtil videre.&#8221;<\/p>\n<p><a href=\"https:\/\/www.facebook.com\/Morsoerhvervsraad\/\" target=\"_blank\" rel=\"noopener noreferrer\"><strong>Mors\u00f8 Erhvervsr\u00e5d<\/strong><\/a>: &#8220;Danmark lukker ned\u2019 &#8211; det samme g\u00f8r vi for 1-1 m\u00f8der, arrangementer og kurser hos Mors\u00f8 Erhvervsr\u00e5d. <span class=\"_5mfr\"><span class=\"_6qdm\">\u26d4\ufe0f <\/span><\/span>Ikke alle ber\u00f8rte er kontaktet p\u00e5 nuv\u00e6rende tidspunkt, men det bliver de. (&#8230;) Vi har alle et socialt ansvar og h\u00e5ber derfor p\u00e5 forst\u00e5else.&#8221;<\/p>\n<p><a href=\"https:\/\/www.facebook.com\/morsoegymnasium\/?ref=search&amp;__tn__=%2Cd%2CP-R&amp;eid=ARA3mYy_EH5Qf2p37bmrAB33EWB-2DM22J_axWdW-kdBqeq3Mr_Ri-g7QT9rak-eY-z1imODAGjcWr94\" target=\"_blank\" rel=\"noopener noreferrer\"><strong>Mors\u00f8 Gymnasium<\/strong><\/a>: &#8220;Undervisning er aflyst torsdag den 12. marts, men fra fredag den 13. marts gennemf\u00f8res al undervisning virtuelt og bliver ikke erstattet. Alle elever skal holde \u00f8je med Lectio og v\u00e6re aktive i de moduler, der st\u00e5r i skemaet ved at f\u00f8lge l\u00e6rerens anvisning. Der f\u00f8res frav\u00e6r p\u00e5 hvert modul. Eleven f\u00e5r frav\u00e6r, hvis han\/hun ikke f\u00f8lger l\u00e6rerens anvisning. Det er den enkeltes elevs eget ansvar at holde sig ajour via Lectio. Vi ses p\u00e5 Lectio.&#8221;<\/p>\n<p><a href=\"https:\/\/www.facebook.com\/MorsoeKommune\/\" target=\"_blank\" rel=\"noopener noreferrer\"><strong>Mors\u00f8 Kommune<\/strong><\/a>: &#8220;Vi er helt opm\u00e6rksomme p\u00e5, at denne situation er ekstraordin\u00e6r og rejser en lang r\u00e6kke sp\u00f8rgsm\u00e5l. Mange af dem, kan der ikke svares p\u00e5 lige nu, men vi er i gang med at skabe os et konkret overblik. Vi er i t\u00e6t dialog med alle relevante myndigheder. Efterh\u00e5nden som vi f\u00e5r et bedre overblik over situationen vil vi naturligvis informere p\u00e5 mors.dk.&#8221;<\/p>\n<p><a href=\"https:\/\/www.facebook.com\/Familierestaurant\/?ref=br_rs\" target=\"_blank\" rel=\"noopener noreferrer\"><strong>Restaurant Limfjorden<\/strong><\/a>: &#8220;Vi tager naturligvis ogs\u00e5 vores ansvar og holder lukket i restauranten de n\u00e6ste 14 dage.\u00a0Der kan v\u00e6re mulighed for mad ud af huset men i begr\u00e6nset omfang (telefonisk bestilling 97720359) da der kun er mig tilbage i huset da alt personale er sendt hjem. Ved afhentning af mad SKAL alle afspritte h\u00e6nder ved henvendelse. (&#8230;) Vi h\u00e5ber p\u00e5 jeres forst\u00e5else og gl\u00e6der os til denne pandemi har lagt sig igen. Pas godt p\u00e5 hinanden imens.&#8221;<\/p>\n<p><a href=\"https:\/\/www.facebook.com\/midtmorssport.dk\/\" target=\"_blank\" rel=\"noopener noreferrer\"><strong>Midtmors Sport<\/strong><\/a>: &#8220;Alt er breaking news, information om smittefare, coronavirus og god hygiejne i disse dage og kommende uger. Det bakker vi fuldst\u00e6ndig op om i Midtmors Sport, hvorfor I ikke kan komme ind i centeret som I plejer &#8211; heller ikke jer med fitnessbrik. (\u2026) F\u00f8lg med p\u00e5 vores facebookside og p\u00e5 hjemmesiden, for at v\u00e6re opdateret p\u00e5 de forholdsregler vi g\u00f8r os i Midtmors Sport. AL AKTIVITET ER STOPPET INDTIL VIDERE!&#8221;<\/p>\n<p><a href=\"https:\/\/www.facebook.com\/donmussbar\/\"><strong>Don Muss Bar<\/strong><\/a>: &#8220;I samarbejde med Vores Bodega, Restaurant Mors\u00f8, Oscar Night Club og Pubben (Old English Pub) i Nyk\u00f8bing, har vi valgt at st\u00f8tte op om regeringens opfordring om at lukke ned, for at mindske smittefaren. Vi lukker derfor klokken 12.00 idag torsdag den 12. Marts 2020, indtil der er styr p\u00e5 situationen. Vi h\u00e5ber p\u00e5 vores g\u00e6sters forst\u00e5else, og h\u00e5ber at de sidste bev\u00e6rtninger i byen f\u00f8lger trop. Vi skal passe p\u00e5 hinanden i denne tid!&#8221;<\/p>\n<p><a href=\"https:\/\/www.facebook.com\/HFMors\/\" target=\"_blank\" rel=\"noopener noreferrer\"><strong>HF Mors<\/strong><\/a>: &#8220;Som Mette Frederiksen netop har opfordret til, suspenderer vi i HF Mors med \u00f8jeblikkelig virkning alle kampe, alle tr\u00e6ninger og alle sociale arrangementer. Vi er i dialog med DHF om konsekvenser, l\u00f8sninger og varighed, men lige nu har ingen et overblik, s\u00e5 v\u00e6r meget gerne t\u00e5lmodige. Vi melder flere detaljer ud i l\u00f8bet af dagen i morgen (torsdag).&#8221;<\/p>\n<p><a href=\"https:\/\/www.facebook.com\/ungmors\/\" target=\"_blank\" rel=\"noopener noreferrer\"><strong>Mors\u00f8 Ungdomsskole<\/strong><\/a>: &#8220;Ungdomsskolen holder pause med alle fritidsaktiviteter. Som f\u00f8lge af regeringens seneste udmelding, om at begr\u00e6nse smittespredningen af COVID-19 (coronavirus), har Mors\u00f8 Kommune i dag besluttet at alle samlinger af elever p\u00e5 tv\u00e6rs af klasser og skoler fra dags dato skal undg\u00e5s.\u00a0Det betyder, at al holdundervisning (herunder ogs\u00e5 knallertundervisning\/f\u00f8rstehj\u00e6lp), valgfag, US-klubben og events (herunder eSports-event, After-ski og Gysernat) er aflyst s\u00e5 l\u00e6nge indd\u00e6mningsstrat<span class=\"text_exposed_show\">egien fra sundhedsstyrelsen er g\u00e6ldende.&#8221;\u00a0<\/span><\/p>\n<p><a href=\"https:\/\/www.facebook.com\/groups\/1489518834596545\/\" target=\"_blank\" rel=\"noopener noreferrer\"><strong>Superlandsbyen<\/strong><\/a>: &#8220;Som f\u00f8lge af coronaepedimien aflyser Senioridr\u00e6t alle arrangementer i resten af marts m\u00e5ned. Som det fremg\u00e5r af VIF hjemmeside g\u00e6lder det for alle deres arrangementer.&#8221;<\/p>\n<p><a href=\"https:\/\/www.facebook.com\/Mors\u00f8-Rideklub-160785780655729\/\" target=\"_blank\" rel=\"noopener noreferrer\"><strong>Mors\u00f8 Rideklub<\/strong><\/a>: &#8220;Som I nok har h\u00f8rt er Danmark under pres af Coronavirus. Derfor har vi valgt at alt elevundervisning vil v\u00e6re aflyst fra dags dato efter opfordring fra Danmarks statsminister. (\u2026) Vi beder til at eleverne ikke kommer p\u00e5 Mors\u00f8, da det ikke skal v\u00e6re et samlingspunkt n\u00e5r skolerne har lukket.&#8221;<\/p>\n<p><a href=\"https:\/\/www.facebook.com\/cafeholmen\/\" target=\"_blank\" rel=\"noopener noreferrer\"><strong>Caf\u00e9 Holmen<\/strong><\/a>: &#8220;Danmark lukker ned og vi har derfor valgt, at caf\u00e9en ogs\u00e5 har lukket indtil videre, da vi mener vi har et socialt ansvar. Vi vil f\u00f8lge situationen og agere efter omst\u00e6ndighederne. Vi vil stadig v\u00e6re at tr\u00e6ffe p\u00e5 telefon og mail. Pas godt p\u00e5 hinanden <span class=\"_5mfr\"><span class=\"_6qdm\">\u2665\ufe0f&#8221;<\/span><\/span><\/p>\n<p><a href=\"https:\/\/www.facebook.com\/danseskolen.thy.mors\/\" target=\"_blank\" rel=\"noopener noreferrer\"><strong>Danseskolen Thy-Mors<\/strong><\/a>: &#8220;Danseskolen Thy-Mors har fulgt udviklingen og spredningen af Coronavirus t\u00e6t. P\u00e5 baggrund af statsministerens udmelding i aftes og regeringens tiltag lukker al aktivitet p\u00e5 danseskolen ned med \u00f8jeblikkelig virkning og frem til den 29. Marts.<br \/>\nVi f\u00f8lger naturligvis udviklingen, og vi melder ud igen, hvis der skulle ske \u00e6ndringer.<br \/>\nPas p\u00e5 jer selv <span class=\"_5mfr\"><span class=\"_6qdm\">\u2764\ufe0f <\/span><\/span>Jeg gl\u00e6der mig til at se jer igen<span class=\"_5mfr\"><span class=\"_6qdm\">\ud83d\udc83<\/span><\/span><span class=\"_5mfr\"><span class=\"_6qdm\">\ud83d\udd7a&#8221;<\/span><\/span><\/p>\n<p><a href=\"https:\/\/www.facebook.com\/MorsoeFC\/\" target=\"_blank\" rel=\"noopener noreferrer\"><strong>Mors\u00f8 FC<\/strong><\/a>: &#8220;Vi har i bestyrelsen besluttet at vi lukker for alt tr\u00e6ning\/kamp indtil regeringen \u00e5bner for skolerne igen. H\u00e5ber p\u00e5 jeres forst\u00e5else, vi m\u00e5 t\u00e6nke p\u00e5 hinanden i s\u00e5dan en situation.&#8221;<\/p>\n<p><a href=\"https:\/\/www.facebook.com\/frivilligcentermors\/\" target=\"_blank\" rel=\"noopener noreferrer\"><strong>Frivilligcenter Mors<\/strong><\/a>: &#8220;Frivilligcentret lukker for brugen af alle lokaler, med omg\u00e5ende virkning. Vi v\u00e6lger at l\u00e6gge os op af Mors\u00f8 Kommunens strategi, hvilket bl.a. betyder, at al ekstern m\u00f8devirksomhed aflyses, og vi kan derfor heller ikke deltage i m\u00f8der udenfor Frivilligcentret. Det annoncerede \u00c5rsm\u00f8det den 26. Marts aflyses, og bestyrelsen tr\u00e6ffer senere beslutning om, hvordan det skal afvikles.&#8221;<\/p>\n<p><a href=\"https:\/\/www.facebook.com\/morsoeteaterkreds\/\" target=\"_blank\" rel=\"noopener noreferrer\"><strong>Mors\u00f8 Teaterkreds<\/strong><\/a>: &#8220;VIGTIGT. &#8216;Modne damer i morgenk\u00e5be&#8217; mandag den 16. marts og &#8216;Bilisten&#8217; den 30. marts er begge aflyst p\u00e5 grund af den \u00f8jeblikkelige virussituation. M\u00e5ske kan vi f\u00e5 forestillingerne senere.&#8221;<\/p>\n<p><a href=\"https:\/\/www.facebook.com\/morsthy\/\" target=\"_blank\" rel=\"noopener noreferrer\"><strong>Mors-Thy H\u00e5ndbold<\/strong><\/a>: &#8220;<span class=\"_5mfr\"><span class=\"_6qdm\">\u274c<\/span><\/span> ALLE KAMPE AFLYSES DE N\u00c6STE 14 DAGE <span class=\"_5mfr\"><span class=\"_6qdm\">\u274c<\/span><\/span> Det betyder, at de kommende kampe mod hhv. S\u00f8nderjyske l\u00f8rdag d. 21. marts og Lemvig-Thybor\u00f8n onsdag d. 25. marts ikke afvikles.\u00a0Ligeledes er Mors-Thy H\u00e5ndbolds ligatrup og talenttrup suspenderet fra tr\u00e6ning de kommende 14 dage. Pas godt p\u00e5 jer selv og hinanden <span class=\"_5mfr\"><span class=\"_6qdm\">\ud83d\udc99&#8221;<\/span><\/span><\/p>\n<p><a href=\"https:\/\/www.facebook.com\/Limfjordsteatret\/\" target=\"_blank\" rel=\"noopener noreferrer\"><strong>Limfjordsteatret<\/strong><\/a>: &#8220;Efter statsministerens udmelding i aftes om s\u00e5 vidt muligt at lukke landet ned og nedbringe risikoen for smitte med Corona\/Covid-19, lukker Limfjordsteatret ogs\u00e5 ned &#8211; forel\u00f8big for to uger frem. (\u2026) F<span class=\"text_exposed_show\">or som statsministeren sagde: Vi skal st\u00e5 sammen &#8211; ved at sprede os.&#8221;<\/span><\/p>\n<p><a href=\"https:\/\/www.facebook.com\/groups\/pinenogplagen\/\" target=\"_blank\" rel=\"noopener noreferrer\"><strong>L\u00f8beklubben Pinen &amp; Plagen<\/strong><\/a>: &#8220;En enig bestyrelse i Pinen og Plagen aflyser alle arrangementer; tr\u00e6ning, l\u00f8bsarrangementer o.a. i Klubben frem til 1. april ! Alle l\u00f8b og al tr\u00e6ning er aflyst, og klubhuset m\u00e5 IKKE bruges ! Danmark st\u00e5r over for en meget stor krise ! Regeringen og alle myndigheder i landet er i h\u00f8jeste alarm beredskab for at afb\u00f8de kurven for spredning af Coronavirus !! Jeg vil animere til samfundssind og opfordre til, at man udviser den agtp\u00e5givenhed, som vores land kr\u00e6ver. Nu skal det ene S i spil !! SERI\u00d8ST !! Samtidig vil vi aflyse Pinen og Plagenl\u00f8bet 2020.&#8221;<\/p>\n<p><a href=\"https:\/\/www.facebook.com\/jesperhus\/?ref=search&amp;__tn__=%2Cd%2CP-R&amp;eid=ARBEOzpagj34uFRLK45IvuzO9DcUMfqqoJo9WL7jowdFANdiUDpajxNZoKpzQEVSzA285SZ9DdkDFaHf\" target=\"_blank\" rel=\"noopener noreferrer\"><strong>Jesperhus Feriepark<\/strong><\/a>: &#8220;Vi er meget ber\u00f8rte over situationen i Jesperhus. Det var ikke den start p\u00e5 s\u00e6sonen, vi havde dr\u00f8mt om, men lad os alle hj\u00e6lpes med at f\u00e5 situationen under kontrol, s\u00e5 vi snart kan m\u00f8des igen.\u00a0Vi h\u00e5ber p\u00e5 jeres forst\u00e5else og vi vil fors\u00f8ge at svare alle private henvendelser hurtigst muligt.\u00a0Pas p\u00e5 jer selv og hinanden derude.<\/p>\n<p><a href=\"https:\/\/www.facebook.com\/biomors\/\" target=\"_blank\" rel=\"noopener noreferrer\"><strong>Bio Mors<\/strong><\/a>: &#8220;K\u00e6re alle, vi har stor respekt for de tiltag, der g\u00f8res for at f\u00e5 Danmark godt igennem corona-krisen. Derfor viser vi ingen forestillinger de n\u00e6ste to uger. Vi f\u00f8lger situationen n\u00f8je og vil opdatere her og p\u00e5 vores hjemmeside samt i vores nyhedsbrev, hvis der sker \u00e6ndringer. Pas p\u00e5 hinanden derude. Vi ses p\u00e5 den anden side.&#8221;<\/p>\n","protected":false},"excerpt":{"rendered":"<p>MORS: &#8220;Danmark lukker ned&#8221;, hed det med gule breaking news-bj\u00e6lker p\u00e5 landsd\u00e6kkende medier i aftes, da statsminister Mette Frederiksen havde pr\u00e6senteret de seneste tiltag i kampen mod coronavirus. Og man kan roligt sige, at Mors bakker op. Skoler, institutioner, foreningsliv, kultur, forlystelser og natteliv har i opdatering p\u00e5 opdatering fortalt, at de i den kommende [&hellip;]<\/p>\n","protected":false},"author":8,"featured_media":13266,"comment_status":"open","ping_status":"open","sticky":false,"template":"","format":"standard","meta":{"_acf_changed":false,"footnotes":""},"categories":[51],"tags":[],"class_list":["post-13256","post","type-post","status-publish","format-standard","has-post-thumbnail","hentry","category-lokalt"],"acf":[],"yoast_head":"<!-- This site is optimized with the Yoast SEO plugin v26.8 - https:\/\/yoast.com\/product\/yoast-seo-wordpress\/ -->\n<title>Mors lukker ned: - Vi ses p\u00e5 den anden side! - Mors<\/title>\n<meta name=\"robots\" content=\"index, follow, max-snippet:-1, max-image-preview:large, max-video-preview:-1\" \/>\n<link rel=\"canonical\" href=\"https:\/\/kunmedierne.dk\/mors\/mors-lukker-ned-vi-ses-paa-den-anden-side\/\" \/>\n<meta property=\"og:locale\" content=\"da_DK\" \/>\n<meta property=\"og:type\" content=\"article\" \/>\n<meta property=\"og:title\" content=\"Mors lukker ned: - Vi ses p\u00e5 den anden side! - Mors\" \/>\n<meta property=\"og:description\" content=\"MORS: &#8220;Danmark lukker ned&#8221;, hed det med gule breaking news-bj\u00e6lker p\u00e5 landsd\u00e6kkende medier i aftes, da statsminister Mette Frederiksen havde pr\u00e6senteret de seneste tiltag i kampen mod coronavirus. Og man kan roligt sige, at Mors bakker op. Skoler, institutioner, foreningsliv, kultur, forlystelser og natteliv har i opdatering p\u00e5 opdatering fortalt, at de i den kommende [&hellip;]\" \/>\n<meta property=\"og:url\" content=\"https:\/\/kunmedierne.dk\/mors\/mors-lukker-ned-vi-ses-paa-den-anden-side\/\" \/>\n<meta property=\"og:site_name\" content=\"Mors\" \/>\n<meta property=\"article:published_time\" content=\"2020-03-12T18:04:52+00:00\" \/>\n<meta property=\"article:modified_time\" content=\"2024-08-12T12:06:21+00:00\" \/>\n<meta property=\"og:image\" content=\"https:\/\/kunmedierne.dk\/mors\/wp-content\/uploads\/2020\/03\/200311-sallingsundbroen-henny-hansen.jpg\" \/>\n\t<meta property=\"og:image:width\" content=\"1000\" \/>\n\t<meta property=\"og:image:height\" content=\"639\" \/>\n\t<meta property=\"og:image:type\" content=\"image\/jpeg\" \/>\n<meta name=\"author\" content=\"David H\u00f8jmark\" \/>\n<meta name=\"twitter:card\" content=\"summary_large_image\" \/>\n<meta name=\"twitter:label1\" content=\"Skrevet af\" \/>\n\t<meta name=\"twitter:data1\" content=\"David H\u00f8jmark\" \/>\n\t<meta name=\"twitter:label2\" content=\"Estimeret l\u00e6setid\" \/>\n\t<meta name=\"twitter:data2\" content=\"12 minutter\" \/>\n<script type=\"application\/ld+json\" class=\"yoast-schema-graph\">{\"@context\":\"https:\/\/schema.org\",\"@graph\":[{\"@type\":\"Article\",\"@id\":\"https:\/\/kunmedierne.dk\/mors\/mors-lukker-ned-vi-ses-paa-den-anden-side\/#article\",\"isPartOf\":{\"@id\":\"https:\/\/kunmedierne.dk\/mors\/mors-lukker-ned-vi-ses-paa-den-anden-side\/\"},\"author\":{\"name\":\"David H\u00f8jmark\",\"@id\":\"https:\/\/kunmedierne.dk\/mors\/#\/schema\/person\/5fe23251bf1d0abbcdc6f7896579d548\"},\"headline\":\"Mors lukker ned: &#8211; Vi ses p\u00e5 den anden side!\",\"datePublished\":\"2020-03-12T18:04:52+00:00\",\"dateModified\":\"2024-08-12T12:06:21+00:00\",\"mainEntityOfPage\":{\"@id\":\"https:\/\/kunmedierne.dk\/mors\/mors-lukker-ned-vi-ses-paa-den-anden-side\/\"},\"wordCount\":2454,\"commentCount\":0,\"publisher\":{\"@id\":\"https:\/\/kunmedierne.dk\/mors\/#organization\"},\"image\":{\"@id\":\"https:\/\/kunmedierne.dk\/mors\/mors-lukker-ned-vi-ses-paa-den-anden-side\/#primaryimage\"},\"thumbnailUrl\":\"https:\/\/kunmedierne.dk\/mors\/wp-content\/uploads\/2020\/03\/200311-sallingsundbroen-henny-hansen.jpg\",\"articleSection\":[\"Lokalt\"],\"inLanguage\":\"da-DK\",\"potentialAction\":[{\"@type\":\"CommentAction\",\"name\":\"Comment\",\"target\":[\"https:\/\/kunmedierne.dk\/mors\/mors-lukker-ned-vi-ses-paa-den-anden-side\/#respond\"]}]},{\"@type\":\"WebPage\",\"@id\":\"https:\/\/kunmedierne.dk\/mors\/mors-lukker-ned-vi-ses-paa-den-anden-side\/\",\"url\":\"https:\/\/kunmedierne.dk\/mors\/mors-lukker-ned-vi-ses-paa-den-anden-side\/\",\"name\":\"Mors lukker ned: - Vi ses p\u00e5 den anden side! - Mors\",\"isPartOf\":{\"@id\":\"https:\/\/kunmedierne.dk\/mors\/#website\"},\"primaryImageOfPage\":{\"@id\":\"https:\/\/kunmedierne.dk\/mors\/mors-lukker-ned-vi-ses-paa-den-anden-side\/#primaryimage\"},\"image\":{\"@id\":\"https:\/\/kunmedierne.dk\/mors\/mors-lukker-ned-vi-ses-paa-den-anden-side\/#primaryimage\"},\"thumbnailUrl\":\"https:\/\/kunmedierne.dk\/mors\/wp-content\/uploads\/2020\/03\/200311-sallingsundbroen-henny-hansen.jpg\",\"datePublished\":\"2020-03-12T18:04:52+00:00\",\"dateModified\":\"2024-08-12T12:06:21+00:00\",\"breadcrumb\":{\"@id\":\"https:\/\/kunmedierne.dk\/mors\/mors-lukker-ned-vi-ses-paa-den-anden-side\/#breadcrumb\"},\"inLanguage\":\"da-DK\",\"potentialAction\":[{\"@type\":\"ReadAction\",\"target\":[\"https:\/\/kunmedierne.dk\/mors\/mors-lukker-ned-vi-ses-paa-den-anden-side\/\"]}]},{\"@type\":\"ImageObject\",\"inLanguage\":\"da-DK\",\"@id\":\"https:\/\/kunmedierne.dk\/mors\/mors-lukker-ned-vi-ses-paa-den-anden-side\/#primaryimage\",\"url\":\"https:\/\/kunmedierne.dk\/mors\/wp-content\/uploads\/2020\/03\/200311-sallingsundbroen-henny-hansen.jpg\",\"contentUrl\":\"https:\/\/kunmedierne.dk\/mors\/wp-content\/uploads\/2020\/03\/200311-sallingsundbroen-henny-hansen.jpg\",\"width\":1000,\"height\":639,\"caption\":\"Sallingsundbroen, et af de st\u00e6rkeste symboler p\u00e5 en \u00f8, der er ved at lukke ned. Foto: Henny Hansen.\"},{\"@type\":\"BreadcrumbList\",\"@id\":\"https:\/\/kunmedierne.dk\/mors\/mors-lukker-ned-vi-ses-paa-den-anden-side\/#breadcrumb\",\"itemListElement\":[{\"@type\":\"ListItem\",\"position\":1,\"name\":\"Hjem\",\"item\":\"https:\/\/kunmedierne.dk\/mors\/\"},{\"@type\":\"ListItem\",\"position\":2,\"name\":\"Mors lukker ned: &#8211; Vi ses p\u00e5 den anden side!\"}]},{\"@type\":\"WebSite\",\"@id\":\"https:\/\/kunmedierne.dk\/mors\/#website\",\"url\":\"https:\/\/kunmedierne.dk\/mors\/\",\"name\":\"Mors\",\"description\":\"et netmedie med journalistik om livet p\u00e5 Mors\",\"publisher\":{\"@id\":\"https:\/\/kunmedierne.dk\/mors\/#organization\"},\"potentialAction\":[{\"@type\":\"SearchAction\",\"target\":{\"@type\":\"EntryPoint\",\"urlTemplate\":\"https:\/\/kunmedierne.dk\/mors\/?s={search_term_string}\"},\"query-input\":{\"@type\":\"PropertyValueSpecification\",\"valueRequired\":true,\"valueName\":\"search_term_string\"}}],\"inLanguage\":\"da-DK\"},{\"@type\":\"Organization\",\"@id\":\"https:\/\/kunmedierne.dk\/mors\/#organization\",\"name\":\"Mors\",\"url\":\"https:\/\/kunmedierne.dk\/mors\/\",\"logo\":{\"@type\":\"ImageObject\",\"inLanguage\":\"da-DK\",\"@id\":\"https:\/\/kunmedierne.dk\/mors\/#\/schema\/logo\/image\/\",\"url\":\"https:\/\/kunmedierne.dk\/mors\/wp-content\/uploads\/2024\/08\/kunmors-logo.svg\",\"contentUrl\":\"https:\/\/kunmedierne.dk\/mors\/wp-content\/uploads\/2024\/08\/kunmors-logo.svg\",\"caption\":\"Mors\"},\"image\":{\"@id\":\"https:\/\/kunmedierne.dk\/mors\/#\/schema\/logo\/image\/\"}},{\"@type\":\"Person\",\"@id\":\"https:\/\/kunmedierne.dk\/mors\/#\/schema\/person\/5fe23251bf1d0abbcdc6f7896579d548\",\"name\":\"David H\u00f8jmark\",\"image\":{\"@type\":\"ImageObject\",\"inLanguage\":\"da-DK\",\"@id\":\"https:\/\/kunmedierne.dk\/mors\/#\/schema\/person\/image\/\",\"url\":\"https:\/\/secure.gravatar.com\/avatar\/4315d6fb9ef244d729989f5f90268eb08d5bf8a3d84402f595fa194bb35784fd?s=96&d=mm&r=g\",\"contentUrl\":\"https:\/\/secure.gravatar.com\/avatar\/4315d6fb9ef244d729989f5f90268eb08d5bf8a3d84402f595fa194bb35784fd?s=96&d=mm&r=g\",\"caption\":\"David H\u00f8jmark\"},\"sameAs\":[\"https:\/\/www.kunmedierne.dk\"],\"url\":\"https:\/\/kunmedierne.dk\/mors\/author\/david\/\"}]}<\/script>\n<!-- \/ Yoast SEO plugin. -->","yoast_head_json":{"title":"Mors lukker ned: - Vi ses p\u00e5 den anden side! - Mors","robots":{"index":"index","follow":"follow","max-snippet":"max-snippet:-1","max-image-preview":"max-image-preview:large","max-video-preview":"max-video-preview:-1"},"canonical":"https:\/\/kunmedierne.dk\/mors\/mors-lukker-ned-vi-ses-paa-den-anden-side\/","og_locale":"da_DK","og_type":"article","og_title":"Mors lukker ned: - Vi ses p\u00e5 den anden side! - Mors","og_description":"MORS: &#8220;Danmark lukker ned&#8221;, hed det med gule breaking news-bj\u00e6lker p\u00e5 landsd\u00e6kkende medier i aftes, da statsminister Mette Frederiksen havde pr\u00e6senteret de seneste tiltag i kampen mod coronavirus. Og man kan roligt sige, at Mors bakker op. Skoler, institutioner, foreningsliv, kultur, forlystelser og natteliv har i opdatering p\u00e5 opdatering fortalt, at de i den kommende [&hellip;]","og_url":"https:\/\/kunmedierne.dk\/mors\/mors-lukker-ned-vi-ses-paa-den-anden-side\/","og_site_name":"Mors","article_published_time":"2020-03-12T18:04:52+00:00","article_modified_time":"2024-08-12T12:06:21+00:00","og_image":[{"width":1000,"height":639,"url":"https:\/\/kunmedierne.dk\/mors\/wp-content\/uploads\/2020\/03\/200311-sallingsundbroen-henny-hansen.jpg","type":"image\/jpeg"}],"author":"David H\u00f8jmark","twitter_card":"summary_large_image","twitter_misc":{"Skrevet af":"David H\u00f8jmark","Estimeret l\u00e6setid":"12 minutter"},"schema":{"@context":"https:\/\/schema.org","@graph":[{"@type":"Article","@id":"https:\/\/kunmedierne.dk\/mors\/mors-lukker-ned-vi-ses-paa-den-anden-side\/#article","isPartOf":{"@id":"https:\/\/kunmedierne.dk\/mors\/mors-lukker-ned-vi-ses-paa-den-anden-side\/"},"author":{"name":"David H\u00f8jmark","@id":"https:\/\/kunmedierne.dk\/mors\/#\/schema\/person\/5fe23251bf1d0abbcdc6f7896579d548"},"headline":"Mors lukker ned: &#8211; Vi ses p\u00e5 den anden side!","datePublished":"2020-03-12T18:04:52+00:00","dateModified":"2024-08-12T12:06:21+00:00","mainEntityOfPage":{"@id":"https:\/\/kunmedierne.dk\/mors\/mors-lukker-ned-vi-ses-paa-den-anden-side\/"},"wordCount":2454,"commentCount":0,"publisher":{"@id":"https:\/\/kunmedierne.dk\/mors\/#organization"},"image":{"@id":"https:\/\/kunmedierne.dk\/mors\/mors-lukker-ned-vi-ses-paa-den-anden-side\/#primaryimage"},"thumbnailUrl":"https:\/\/kunmedierne.dk\/mors\/wp-content\/uploads\/2020\/03\/200311-sallingsundbroen-henny-hansen.jpg","articleSection":["Lokalt"],"inLanguage":"da-DK","potentialAction":[{"@type":"CommentAction","name":"Comment","target":["https:\/\/kunmedierne.dk\/mors\/mors-lukker-ned-vi-ses-paa-den-anden-side\/#respond"]}]},{"@type":"WebPage","@id":"https:\/\/kunmedierne.dk\/mors\/mors-lukker-ned-vi-ses-paa-den-anden-side\/","url":"https:\/\/kunmedierne.dk\/mors\/mors-lukker-ned-vi-ses-paa-den-anden-side\/","name":"Mors lukker ned: - Vi ses p\u00e5 den anden side! - Mors","isPartOf":{"@id":"https:\/\/kunmedierne.dk\/mors\/#website"},"primaryImageOfPage":{"@id":"https:\/\/kunmedierne.dk\/mors\/mors-lukker-ned-vi-ses-paa-den-anden-side\/#primaryimage"},"image":{"@id":"https:\/\/kunmedierne.dk\/mors\/mors-lukker-ned-vi-ses-paa-den-anden-side\/#primaryimage"},"thumbnailUrl":"https:\/\/kunmedierne.dk\/mors\/wp-content\/uploads\/2020\/03\/200311-sallingsundbroen-henny-hansen.jpg","datePublished":"2020-03-12T18:04:52+00:00","dateModified":"2024-08-12T12:06:21+00:00","breadcrumb":{"@id":"https:\/\/kunmedierne.dk\/mors\/mors-lukker-ned-vi-ses-paa-den-anden-side\/#breadcrumb"},"inLanguage":"da-DK","potentialAction":[{"@type":"ReadAction","target":["https:\/\/kunmedierne.dk\/mors\/mors-lukker-ned-vi-ses-paa-den-anden-side\/"]}]},{"@type":"ImageObject","inLanguage":"da-DK","@id":"https:\/\/kunmedierne.dk\/mors\/mors-lukker-ned-vi-ses-paa-den-anden-side\/#primaryimage","url":"https:\/\/kunmedierne.dk\/mors\/wp-content\/uploads\/2020\/03\/200311-sallingsundbroen-henny-hansen.jpg","contentUrl":"https:\/\/kunmedierne.dk\/mors\/wp-content\/uploads\/2020\/03\/200311-sallingsundbroen-henny-hansen.jpg","width":1000,"height":639,"caption":"Sallingsundbroen, et af de st\u00e6rkeste symboler p\u00e5 en \u00f8, der er ved at lukke ned. Foto: Henny Hansen."},{"@type":"BreadcrumbList","@id":"https:\/\/kunmedierne.dk\/mors\/mors-lukker-ned-vi-ses-paa-den-anden-side\/#breadcrumb","itemListElement":[{"@type":"ListItem","position":1,"name":"Hjem","item":"https:\/\/kunmedierne.dk\/mors\/"},{"@type":"ListItem","position":2,"name":"Mors lukker ned: &#8211; Vi ses p\u00e5 den anden side!"}]},{"@type":"WebSite","@id":"https:\/\/kunmedierne.dk\/mors\/#website","url":"https:\/\/kunmedierne.dk\/mors\/","name":"Mors","description":"et netmedie med journalistik om livet p\u00e5 Mors","publisher":{"@id":"https:\/\/kunmedierne.dk\/mors\/#organization"},"potentialAction":[{"@type":"SearchAction","target":{"@type":"EntryPoint","urlTemplate":"https:\/\/kunmedierne.dk\/mors\/?s={search_term_string}"},"query-input":{"@type":"PropertyValueSpecification","valueRequired":true,"valueName":"search_term_string"}}],"inLanguage":"da-DK"},{"@type":"Organization","@id":"https:\/\/kunmedierne.dk\/mors\/#organization","name":"Mors","url":"https:\/\/kunmedierne.dk\/mors\/","logo":{"@type":"ImageObject","inLanguage":"da-DK","@id":"https:\/\/kunmedierne.dk\/mors\/#\/schema\/logo\/image\/","url":"https:\/\/kunmedierne.dk\/mors\/wp-content\/uploads\/2024\/08\/kunmors-logo.svg","contentUrl":"https:\/\/kunmedierne.dk\/mors\/wp-content\/uploads\/2024\/08\/kunmors-logo.svg","caption":"Mors"},"image":{"@id":"https:\/\/kunmedierne.dk\/mors\/#\/schema\/logo\/image\/"}},{"@type":"Person","@id":"https:\/\/kunmedierne.dk\/mors\/#\/schema\/person\/5fe23251bf1d0abbcdc6f7896579d548","name":"David H\u00f8jmark","image":{"@type":"ImageObject","inLanguage":"da-DK","@id":"https:\/\/kunmedierne.dk\/mors\/#\/schema\/person\/image\/","url":"https:\/\/secure.gravatar.com\/avatar\/4315d6fb9ef244d729989f5f90268eb08d5bf8a3d84402f595fa194bb35784fd?s=96&d=mm&r=g","contentUrl":"https:\/\/secure.gravatar.com\/avatar\/4315d6fb9ef244d729989f5f90268eb08d5bf8a3d84402f595fa194bb35784fd?s=96&d=mm&r=g","caption":"David H\u00f8jmark"},"sameAs":["https:\/\/www.kunmedierne.dk"],"url":"https:\/\/kunmedierne.dk\/mors\/author\/david\/"}]}},"_links":{"self":[{"href":"https:\/\/kunmedierne.dk\/mors\/wp-json\/wp\/v2\/posts\/13256","targetHints":{"allow":["GET"]}}],"collection":[{"href":"https:\/\/kunmedierne.dk\/mors\/wp-json\/wp\/v2\/posts"}],"about":[{"href":"https:\/\/kunmedierne.dk\/mors\/wp-json\/wp\/v2\/types\/post"}],"author":[{"embeddable":true,"href":"https:\/\/kunmedierne.dk\/mors\/wp-json\/wp\/v2\/users\/8"}],"replies":[{"embeddable":true,"href":"https:\/\/kunmedierne.dk\/mors\/wp-json\/wp\/v2\/comments?post=13256"}],"version-history":[{"count":20,"href":"https:\/\/kunmedierne.dk\/mors\/wp-json\/wp\/v2\/posts\/13256\/revisions"}],"predecessor-version":[{"id":13498,"href":"https:\/\/kunmedierne.dk\/mors\/wp-json\/wp\/v2\/posts\/13256\/revisions\/13498"}],"wp:featuredmedia":[{"embeddable":true,"href":"https:\/\/kunmedierne.dk\/mors\/wp-json\/wp\/v2\/media\/13266"}],"wp:attachment":[{"href":"https:\/\/kunmedierne.dk\/mors\/wp-json\/wp\/v2\/media?parent=13256"}],"wp:term":[{"taxonomy":"category","embeddable":true,"href":"https:\/\/kunmedierne.dk\/mors\/wp-json\/wp\/v2\/categories?post=13256"},{"taxonomy":"post_tag","embeddable":true,"href":"https:\/\/kunmedierne.dk\/mors\/wp-json\/wp\/v2\/tags?post=13256"}],"curies":[{"name":"wp","href":"https:\/\/api.w.org\/{rel}","templated":true}]}}