{"id":13252,"date":"2020-03-12T17:39:11","date_gmt":"2020-03-12T16:39:11","guid":{"rendered":"https:\/\/kunmedierne.dk\/mors\/?p=13252"},"modified":"2024-08-12T14:06:21","modified_gmt":"2024-08-12T12:06:21","slug":"borgmester-erkender-vi-var-for-uklare","status":"publish","type":"post","link":"https:\/\/kunmedierne.dk\/mors\/borgmester-erkender-vi-var-for-uklare\/","title":{"rendered":"Borgmester erkender: &#8211; Vi var for uklare"},"content":{"rendered":"<p><strong>MORS<\/strong>: &#8220;Vi har v\u00e6ret uklare i vores udmeldinger, og det kan og skal vi g\u00f8re bedre.&#8221;<\/p>\n<p>Borgmester Hans Ejner Bertelsen (V) l\u00e6gger op til mere tydelighed og \u00e5benhed i overvejelser om de ungdomsboliger, der for nylig blev dr\u00f8ftet p\u00e5 et borgerm\u00f8de. Her blev der n\u00e6vnt en konkret placering, og erkendelsen er nu, at den politiske styregruppe ikke var helt klar i m\u00e6let om, at der var tale om et forslag til en placering &#8211; ikke en f\u00e6rdigbehandlet og politisk besluttet.<\/p>\n<p>Sagen kommer snart til politisk behandling, og der er en politisk forst\u00e5else for, at placeringen ved Tranevej bedst kan rumme udvidelser og tilgodese de forskellige behov. Men:<\/p>\n<p class=\"v1Default\">&#8220;Vi m\u00e5 erkende, at vi ikke var tydelige nok p\u00e5 m\u00f8det, og vi fik desv\u00e6rre ikke vist den \u00e5benhed, som h\u00f8rer sig til, for at alle kan se sig selv i en fremtidig l\u00f8sning. Det r\u00e5der vi bod p\u00e5 nu,&#8221; siger Hans Ejner Bertelsen.<\/p>\n<p class=\"v1Default\">&#8220;Vi neds\u00e6tter derfor en f\u00f8lgegruppe, som konkret kan hj\u00e6lpe os med at im\u00f8dekomme de mange forskellige behov. Den vil blandt andet best\u00e5 af Sports College Mors, Mors\u00f8 Gymnasium og Nordic Food College. Vi har en unik mulighed for at skabe et sprudlende, attraktivt og moderne ungdomsmilj\u00f8, som har plads til alle. Derfor skal vi naturligvis forventningsafstemme og lytte endnu mere til de st\u00f8rste akt\u00f8rer i omr\u00e5det,&#8221; siger han.<\/p>\n<p class=\"v1Default\">Nogle af de mange input, som allerede er indsamlet, er blandt andet: At en placering skal ligge centralt, v\u00e6re t\u00e6t p\u00e5 byen, have gode forbindelser til Nyk\u00f8bing, plads til samv\u00e6r og samtidig kunne rumme, at der ogs\u00e5 er behov for ro og restitution til blandt andet sportsud\u00f8vere.<\/p>\n<p class=\"v1Default\">Processen er stadig i opstartsfasen, og det forventes at de nye ungdomsboliger st\u00e5r klar i l\u00f8bet af 2022. Det er Boligselskabet Nyk\u00f8bing Mors, som er bygherre p\u00e5 projektet.<\/p>\n","protected":false},"excerpt":{"rendered":"<p>MORS: &#8220;Vi har v\u00e6ret uklare i vores udmeldinger, og det kan og skal vi g\u00f8re bedre.&#8221; Borgmester Hans Ejner Bertelsen (V) l\u00e6gger op til mere tydelighed og \u00e5benhed i overvejelser om de ungdomsboliger, der for nylig blev dr\u00f8ftet p\u00e5 et borgerm\u00f8de. Her blev der n\u00e6vnt en konkret placering, og erkendelsen er nu, at den politiske [&hellip;]<\/p>\n","protected":false},"author":8,"featured_media":13253,"comment_status":"open","ping_status":"open","sticky":false,"template":"","format":"standard","meta":{"_acf_changed":false,"footnotes":""},"categories":[51],"tags":[167],"class_list":["post-13252","post","type-post","status-publish","format-standard","has-post-thumbnail","hentry","category-lokalt","tag-politik"],"acf":[],"yoast_head":"<!-- This site is optimized with the Yoast SEO plugin v26.8 - https:\/\/yoast.com\/product\/yoast-seo-wordpress\/ -->\n<title>Borgmester erkender: - Vi var for uklare - Mors<\/title>\n<meta name=\"robots\" content=\"index, follow, max-snippet:-1, max-image-preview:large, max-video-preview:-1\" \/>\n<link rel=\"canonical\" href=\"https:\/\/kunmedierne.dk\/mors\/borgmester-erkender-vi-var-for-uklare\/\" \/>\n<meta property=\"og:locale\" content=\"da_DK\" \/>\n<meta property=\"og:type\" content=\"article\" \/>\n<meta property=\"og:title\" content=\"Borgmester erkender: - Vi var for uklare - Mors\" \/>\n<meta property=\"og:description\" content=\"MORS: &#8220;Vi har v\u00e6ret uklare i vores udmeldinger, og det kan og skal vi g\u00f8re bedre.&#8221; Borgmester Hans Ejner Bertelsen (V) l\u00e6gger op til mere tydelighed og \u00e5benhed i overvejelser om de ungdomsboliger, der for nylig blev dr\u00f8ftet p\u00e5 et borgerm\u00f8de. Her blev der n\u00e6vnt en konkret placering, og erkendelsen er nu, at den politiske [&hellip;]\" \/>\n<meta property=\"og:url\" content=\"https:\/\/kunmedierne.dk\/mors\/borgmester-erkender-vi-var-for-uklare\/\" \/>\n<meta property=\"og:site_name\" content=\"Mors\" \/>\n<meta property=\"article:published_time\" content=\"2020-03-12T16:39:11+00:00\" \/>\n<meta property=\"article:modified_time\" content=\"2024-08-12T12:06:21+00:00\" \/>\n<meta property=\"og:image\" content=\"https:\/\/kunmedierne.dk\/mors\/wp-content\/uploads\/2020\/03\/200311-Hans-Ejner-Bertelsen-Sallingsundbroen-pressefoto.jpg\" \/>\n\t<meta property=\"og:image:width\" content=\"770\" \/>\n\t<meta property=\"og:image:height\" content=\"513\" \/>\n\t<meta property=\"og:image:type\" content=\"image\/jpeg\" \/>\n<meta name=\"author\" content=\"David H\u00f8jmark\" \/>\n<meta name=\"twitter:card\" content=\"summary_large_image\" \/>\n<meta name=\"twitter:label1\" content=\"Skrevet af\" \/>\n\t<meta name=\"twitter:data1\" content=\"David H\u00f8jmark\" \/>\n\t<meta name=\"twitter:label2\" content=\"Estimeret l\u00e6setid\" \/>\n\t<meta name=\"twitter:data2\" content=\"2 minutter\" \/>\n<script type=\"application\/ld+json\" class=\"yoast-schema-graph\">{\"@context\":\"https:\/\/schema.org\",\"@graph\":[{\"@type\":\"Article\",\"@id\":\"https:\/\/kunmedierne.dk\/mors\/borgmester-erkender-vi-var-for-uklare\/#article\",\"isPartOf\":{\"@id\":\"https:\/\/kunmedierne.dk\/mors\/borgmester-erkender-vi-var-for-uklare\/\"},\"author\":{\"name\":\"David H\u00f8jmark\",\"@id\":\"https:\/\/kunmedierne.dk\/mors\/#\/schema\/person\/5fe23251bf1d0abbcdc6f7896579d548\"},\"headline\":\"Borgmester erkender: &#8211; Vi var for uklare\",\"datePublished\":\"2020-03-12T16:39:11+00:00\",\"dateModified\":\"2024-08-12T12:06:21+00:00\",\"mainEntityOfPage\":{\"@id\":\"https:\/\/kunmedierne.dk\/mors\/borgmester-erkender-vi-var-for-uklare\/\"},\"wordCount\":329,\"commentCount\":0,\"publisher\":{\"@id\":\"https:\/\/kunmedierne.dk\/mors\/#organization\"},\"image\":{\"@id\":\"https:\/\/kunmedierne.dk\/mors\/borgmester-erkender-vi-var-for-uklare\/#primaryimage\"},\"thumbnailUrl\":\"https:\/\/kunmedierne.dk\/mors\/wp-content\/uploads\/2020\/03\/200311-Hans-Ejner-Bertelsen-Sallingsundbroen-pressefoto.jpg\",\"keywords\":[\"Politik\"],\"articleSection\":[\"Lokalt\"],\"inLanguage\":\"da-DK\",\"potentialAction\":[{\"@type\":\"CommentAction\",\"name\":\"Comment\",\"target\":[\"https:\/\/kunmedierne.dk\/mors\/borgmester-erkender-vi-var-for-uklare\/#respond\"]}]},{\"@type\":\"WebPage\",\"@id\":\"https:\/\/kunmedierne.dk\/mors\/borgmester-erkender-vi-var-for-uklare\/\",\"url\":\"https:\/\/kunmedierne.dk\/mors\/borgmester-erkender-vi-var-for-uklare\/\",\"name\":\"Borgmester erkender: - Vi var for uklare - Mors\",\"isPartOf\":{\"@id\":\"https:\/\/kunmedierne.dk\/mors\/#website\"},\"primaryImageOfPage\":{\"@id\":\"https:\/\/kunmedierne.dk\/mors\/borgmester-erkender-vi-var-for-uklare\/#primaryimage\"},\"image\":{\"@id\":\"https:\/\/kunmedierne.dk\/mors\/borgmester-erkender-vi-var-for-uklare\/#primaryimage\"},\"thumbnailUrl\":\"https:\/\/kunmedierne.dk\/mors\/wp-content\/uploads\/2020\/03\/200311-Hans-Ejner-Bertelsen-Sallingsundbroen-pressefoto.jpg\",\"datePublished\":\"2020-03-12T16:39:11+00:00\",\"dateModified\":\"2024-08-12T12:06:21+00:00\",\"breadcrumb\":{\"@id\":\"https:\/\/kunmedierne.dk\/mors\/borgmester-erkender-vi-var-for-uklare\/#breadcrumb\"},\"inLanguage\":\"da-DK\",\"potentialAction\":[{\"@type\":\"ReadAction\",\"target\":[\"https:\/\/kunmedierne.dk\/mors\/borgmester-erkender-vi-var-for-uklare\/\"]}]},{\"@type\":\"ImageObject\",\"inLanguage\":\"da-DK\",\"@id\":\"https:\/\/kunmedierne.dk\/mors\/borgmester-erkender-vi-var-for-uklare\/#primaryimage\",\"url\":\"https:\/\/kunmedierne.dk\/mors\/wp-content\/uploads\/2020\/03\/200311-Hans-Ejner-Bertelsen-Sallingsundbroen-pressefoto.jpg\",\"contentUrl\":\"https:\/\/kunmedierne.dk\/mors\/wp-content\/uploads\/2020\/03\/200311-Hans-Ejner-Bertelsen-Sallingsundbroen-pressefoto.jpg\",\"width\":770,\"height\":513,\"caption\":\"Hans Ejner Bertelsen (V), borgmester i Mors\u00f8 Kommune. Pressefoto.\"},{\"@type\":\"BreadcrumbList\",\"@id\":\"https:\/\/kunmedierne.dk\/mors\/borgmester-erkender-vi-var-for-uklare\/#breadcrumb\",\"itemListElement\":[{\"@type\":\"ListItem\",\"position\":1,\"name\":\"Hjem\",\"item\":\"https:\/\/kunmedierne.dk\/mors\/\"},{\"@type\":\"ListItem\",\"position\":2,\"name\":\"Borgmester erkender: &#8211; Vi var for uklare\"}]},{\"@type\":\"WebSite\",\"@id\":\"https:\/\/kunmedierne.dk\/mors\/#website\",\"url\":\"https:\/\/kunmedierne.dk\/mors\/\",\"name\":\"Mors\",\"description\":\"et netmedie med journalistik om livet p\u00e5 Mors\",\"publisher\":{\"@id\":\"https:\/\/kunmedierne.dk\/mors\/#organization\"},\"potentialAction\":[{\"@type\":\"SearchAction\",\"target\":{\"@type\":\"EntryPoint\",\"urlTemplate\":\"https:\/\/kunmedierne.dk\/mors\/?s={search_term_string}\"},\"query-input\":{\"@type\":\"PropertyValueSpecification\",\"valueRequired\":true,\"valueName\":\"search_term_string\"}}],\"inLanguage\":\"da-DK\"},{\"@type\":\"Organization\",\"@id\":\"https:\/\/kunmedierne.dk\/mors\/#organization\",\"name\":\"Mors\",\"url\":\"https:\/\/kunmedierne.dk\/mors\/\",\"logo\":{\"@type\":\"ImageObject\",\"inLanguage\":\"da-DK\",\"@id\":\"https:\/\/kunmedierne.dk\/mors\/#\/schema\/logo\/image\/\",\"url\":\"https:\/\/kunmedierne.dk\/mors\/wp-content\/uploads\/2024\/08\/kunmors-logo.svg\",\"contentUrl\":\"https:\/\/kunmedierne.dk\/mors\/wp-content\/uploads\/2024\/08\/kunmors-logo.svg\",\"caption\":\"Mors\"},\"image\":{\"@id\":\"https:\/\/kunmedierne.dk\/mors\/#\/schema\/logo\/image\/\"}},{\"@type\":\"Person\",\"@id\":\"https:\/\/kunmedierne.dk\/mors\/#\/schema\/person\/5fe23251bf1d0abbcdc6f7896579d548\",\"name\":\"David H\u00f8jmark\",\"image\":{\"@type\":\"ImageObject\",\"inLanguage\":\"da-DK\",\"@id\":\"https:\/\/kunmedierne.dk\/mors\/#\/schema\/person\/image\/\",\"url\":\"https:\/\/secure.gravatar.com\/avatar\/4315d6fb9ef244d729989f5f90268eb08d5bf8a3d84402f595fa194bb35784fd?s=96&d=mm&r=g\",\"contentUrl\":\"https:\/\/secure.gravatar.com\/avatar\/4315d6fb9ef244d729989f5f90268eb08d5bf8a3d84402f595fa194bb35784fd?s=96&d=mm&r=g\",\"caption\":\"David H\u00f8jmark\"},\"sameAs\":[\"https:\/\/www.kunmedierne.dk\"],\"url\":\"https:\/\/kunmedierne.dk\/mors\/author\/david\/\"}]}<\/script>\n<!-- \/ Yoast SEO plugin. -->","yoast_head_json":{"title":"Borgmester erkender: - Vi var for uklare - Mors","robots":{"index":"index","follow":"follow","max-snippet":"max-snippet:-1","max-image-preview":"max-image-preview:large","max-video-preview":"max-video-preview:-1"},"canonical":"https:\/\/kunmedierne.dk\/mors\/borgmester-erkender-vi-var-for-uklare\/","og_locale":"da_DK","og_type":"article","og_title":"Borgmester erkender: - Vi var for uklare - Mors","og_description":"MORS: &#8220;Vi har v\u00e6ret uklare i vores udmeldinger, og det kan og skal vi g\u00f8re bedre.&#8221; Borgmester Hans Ejner Bertelsen (V) l\u00e6gger op til mere tydelighed og \u00e5benhed i overvejelser om de ungdomsboliger, der for nylig blev dr\u00f8ftet p\u00e5 et borgerm\u00f8de. Her blev der n\u00e6vnt en konkret placering, og erkendelsen er nu, at den politiske [&hellip;]","og_url":"https:\/\/kunmedierne.dk\/mors\/borgmester-erkender-vi-var-for-uklare\/","og_site_name":"Mors","article_published_time":"2020-03-12T16:39:11+00:00","article_modified_time":"2024-08-12T12:06:21+00:00","og_image":[{"width":770,"height":513,"url":"https:\/\/kunmedierne.dk\/mors\/wp-content\/uploads\/2020\/03\/200311-Hans-Ejner-Bertelsen-Sallingsundbroen-pressefoto.jpg","type":"image\/jpeg"}],"author":"David H\u00f8jmark","twitter_card":"summary_large_image","twitter_misc":{"Skrevet af":"David H\u00f8jmark","Estimeret l\u00e6setid":"2 minutter"},"schema":{"@context":"https:\/\/schema.org","@graph":[{"@type":"Article","@id":"https:\/\/kunmedierne.dk\/mors\/borgmester-erkender-vi-var-for-uklare\/#article","isPartOf":{"@id":"https:\/\/kunmedierne.dk\/mors\/borgmester-erkender-vi-var-for-uklare\/"},"author":{"name":"David H\u00f8jmark","@id":"https:\/\/kunmedierne.dk\/mors\/#\/schema\/person\/5fe23251bf1d0abbcdc6f7896579d548"},"headline":"Borgmester erkender: &#8211; Vi var for uklare","datePublished":"2020-03-12T16:39:11+00:00","dateModified":"2024-08-12T12:06:21+00:00","mainEntityOfPage":{"@id":"https:\/\/kunmedierne.dk\/mors\/borgmester-erkender-vi-var-for-uklare\/"},"wordCount":329,"commentCount":0,"publisher":{"@id":"https:\/\/kunmedierne.dk\/mors\/#organization"},"image":{"@id":"https:\/\/kunmedierne.dk\/mors\/borgmester-erkender-vi-var-for-uklare\/#primaryimage"},"thumbnailUrl":"https:\/\/kunmedierne.dk\/mors\/wp-content\/uploads\/2020\/03\/200311-Hans-Ejner-Bertelsen-Sallingsundbroen-pressefoto.jpg","keywords":["Politik"],"articleSection":["Lokalt"],"inLanguage":"da-DK","potentialAction":[{"@type":"CommentAction","name":"Comment","target":["https:\/\/kunmedierne.dk\/mors\/borgmester-erkender-vi-var-for-uklare\/#respond"]}]},{"@type":"WebPage","@id":"https:\/\/kunmedierne.dk\/mors\/borgmester-erkender-vi-var-for-uklare\/","url":"https:\/\/kunmedierne.dk\/mors\/borgmester-erkender-vi-var-for-uklare\/","name":"Borgmester erkender: - Vi var for uklare - Mors","isPartOf":{"@id":"https:\/\/kunmedierne.dk\/mors\/#website"},"primaryImageOfPage":{"@id":"https:\/\/kunmedierne.dk\/mors\/borgmester-erkender-vi-var-for-uklare\/#primaryimage"},"image":{"@id":"https:\/\/kunmedierne.dk\/mors\/borgmester-erkender-vi-var-for-uklare\/#primaryimage"},"thumbnailUrl":"https:\/\/kunmedierne.dk\/mors\/wp-content\/uploads\/2020\/03\/200311-Hans-Ejner-Bertelsen-Sallingsundbroen-pressefoto.jpg","datePublished":"2020-03-12T16:39:11+00:00","dateModified":"2024-08-12T12:06:21+00:00","breadcrumb":{"@id":"https:\/\/kunmedierne.dk\/mors\/borgmester-erkender-vi-var-for-uklare\/#breadcrumb"},"inLanguage":"da-DK","potentialAction":[{"@type":"ReadAction","target":["https:\/\/kunmedierne.dk\/mors\/borgmester-erkender-vi-var-for-uklare\/"]}]},{"@type":"ImageObject","inLanguage":"da-DK","@id":"https:\/\/kunmedierne.dk\/mors\/borgmester-erkender-vi-var-for-uklare\/#primaryimage","url":"https:\/\/kunmedierne.dk\/mors\/wp-content\/uploads\/2020\/03\/200311-Hans-Ejner-Bertelsen-Sallingsundbroen-pressefoto.jpg","contentUrl":"https:\/\/kunmedierne.dk\/mors\/wp-content\/uploads\/2020\/03\/200311-Hans-Ejner-Bertelsen-Sallingsundbroen-pressefoto.jpg","width":770,"height":513,"caption":"Hans Ejner Bertelsen (V), borgmester i Mors\u00f8 Kommune. Pressefoto."},{"@type":"BreadcrumbList","@id":"https:\/\/kunmedierne.dk\/mors\/borgmester-erkender-vi-var-for-uklare\/#breadcrumb","itemListElement":[{"@type":"ListItem","position":1,"name":"Hjem","item":"https:\/\/kunmedierne.dk\/mors\/"},{"@type":"ListItem","position":2,"name":"Borgmester erkender: &#8211; Vi var for uklare"}]},{"@type":"WebSite","@id":"https:\/\/kunmedierne.dk\/mors\/#website","url":"https:\/\/kunmedierne.dk\/mors\/","name":"Mors","description":"et netmedie med journalistik om livet p\u00e5 Mors","publisher":{"@id":"https:\/\/kunmedierne.dk\/mors\/#organization"},"potentialAction":[{"@type":"SearchAction","target":{"@type":"EntryPoint","urlTemplate":"https:\/\/kunmedierne.dk\/mors\/?s={search_term_string}"},"query-input":{"@type":"PropertyValueSpecification","valueRequired":true,"valueName":"search_term_string"}}],"inLanguage":"da-DK"},{"@type":"Organization","@id":"https:\/\/kunmedierne.dk\/mors\/#organization","name":"Mors","url":"https:\/\/kunmedierne.dk\/mors\/","logo":{"@type":"ImageObject","inLanguage":"da-DK","@id":"https:\/\/kunmedierne.dk\/mors\/#\/schema\/logo\/image\/","url":"https:\/\/kunmedierne.dk\/mors\/wp-content\/uploads\/2024\/08\/kunmors-logo.svg","contentUrl":"https:\/\/kunmedierne.dk\/mors\/wp-content\/uploads\/2024\/08\/kunmors-logo.svg","caption":"Mors"},"image":{"@id":"https:\/\/kunmedierne.dk\/mors\/#\/schema\/logo\/image\/"}},{"@type":"Person","@id":"https:\/\/kunmedierne.dk\/mors\/#\/schema\/person\/5fe23251bf1d0abbcdc6f7896579d548","name":"David H\u00f8jmark","image":{"@type":"ImageObject","inLanguage":"da-DK","@id":"https:\/\/kunmedierne.dk\/mors\/#\/schema\/person\/image\/","url":"https:\/\/secure.gravatar.com\/avatar\/4315d6fb9ef244d729989f5f90268eb08d5bf8a3d84402f595fa194bb35784fd?s=96&d=mm&r=g","contentUrl":"https:\/\/secure.gravatar.com\/avatar\/4315d6fb9ef244d729989f5f90268eb08d5bf8a3d84402f595fa194bb35784fd?s=96&d=mm&r=g","caption":"David H\u00f8jmark"},"sameAs":["https:\/\/www.kunmedierne.dk"],"url":"https:\/\/kunmedierne.dk\/mors\/author\/david\/"}]}},"_links":{"self":[{"href":"https:\/\/kunmedierne.dk\/mors\/wp-json\/wp\/v2\/posts\/13252","targetHints":{"allow":["GET"]}}],"collection":[{"href":"https:\/\/kunmedierne.dk\/mors\/wp-json\/wp\/v2\/posts"}],"about":[{"href":"https:\/\/kunmedierne.dk\/mors\/wp-json\/wp\/v2\/types\/post"}],"author":[{"embeddable":true,"href":"https:\/\/kunmedierne.dk\/mors\/wp-json\/wp\/v2\/users\/8"}],"replies":[{"embeddable":true,"href":"https:\/\/kunmedierne.dk\/mors\/wp-json\/wp\/v2\/comments?post=13252"}],"version-history":[{"count":1,"href":"https:\/\/kunmedierne.dk\/mors\/wp-json\/wp\/v2\/posts\/13252\/revisions"}],"predecessor-version":[{"id":13254,"href":"https:\/\/kunmedierne.dk\/mors\/wp-json\/wp\/v2\/posts\/13252\/revisions\/13254"}],"wp:featuredmedia":[{"embeddable":true,"href":"https:\/\/kunmedierne.dk\/mors\/wp-json\/wp\/v2\/media\/13253"}],"wp:attachment":[{"href":"https:\/\/kunmedierne.dk\/mors\/wp-json\/wp\/v2\/media?parent=13252"}],"wp:term":[{"taxonomy":"category","embeddable":true,"href":"https:\/\/kunmedierne.dk\/mors\/wp-json\/wp\/v2\/categories?post=13252"},{"taxonomy":"post_tag","embeddable":true,"href":"https:\/\/kunmedierne.dk\/mors\/wp-json\/wp\/v2\/tags?post=13252"}],"curies":[{"name":"wp","href":"https:\/\/api.w.org\/{rel}","templated":true}]}}