{"id":13182,"date":"2020-03-12T14:24:23","date_gmt":"2020-03-12T13:24:23","guid":{"rendered":"https:\/\/kunmedierne.dk\/mors\/?p=13182"},"modified":"2024-08-12T14:06:21","modified_gmt":"2024-08-12T12:06:21","slug":"jesperhus-udskyder-saesonaabning","status":"publish","type":"post","link":"https:\/\/kunmedierne.dk\/mors\/jesperhus-udskyder-saesonaabning\/","title":{"rendered":"Jesperhus udskyder s\u00e6son\u00e5bning"},"content":{"rendered":"<p><strong>LEGIND<\/strong>: Nu har ogs\u00e5 Jesperhus Feriepark taget konsekvensen af coronavirus-situationen. I et opslag p\u00e5 Facebook bliver det oplyst, at Badeland og Abeland lukkes ned indtil 27. marts, og at campingplads og feriecenter udskyder \u00e5bningen til 27. marts.<\/p>\n<p>Samtidig er det besluttet, at medarbejdere s\u00e5 vidt muligt arbejder hjemmefra de n\u00e6ste 14 dage &#8211; og der er gjort tiltag i forhold til \u00f8get reng\u00f8ring og hygiejne.<\/p>\n<p>&#8220;Vi arbejder p\u00e5 l\u00f8sninger til p\u00e5ske og fremad i tilf\u00e6lde af, at situationen forts\u00e6tter. Vi f\u00f8lger myndighedernes anbefalinger n\u00f8je og h\u00e5ber, at situationen stabiliserer sig, inden s\u00e6sonen rigtig g\u00e5r i gang,&#8221; lyder det fra Jesperhus med tilf\u00f8jelsen:<\/p>\n<div class=\"text_exposed_show\">\n<p>&#8220;Vi er meget ber\u00f8rte over situationen i Jesperhus. Det var ikke den start p\u00e5 s\u00e6sonen, vi havde dr\u00f8mt om, men lad os alle hj\u00e6lpes med at f\u00e5 situationen under kontrol, s\u00e5 vi snart kan m\u00f8des igen. Vi h\u00e5ber p\u00e5 jeres forst\u00e5else og vi vil fors\u00f8ge at svare alle private henvendelser hurtigst muligt. Pas p\u00e5 jer selv og hinanden derude.&#8221;<\/p>\n<\/div>\n<p><em>F\u00f8lg Sundhedsstyrelsens l\u00f8bende opdaterede anbefalinger om coronavirus <a href=\"https:\/\/www.sst.dk\/da\/Viden\/Smitsomme-sygdomme\/Smitsomme-sygdomme-A-AA\/Coronavirus\/Spoergsmaal-og-svar\">her<\/a>.<\/em><\/p>\n","protected":false},"excerpt":{"rendered":"<p>LEGIND: Nu har ogs\u00e5 Jesperhus Feriepark taget konsekvensen af coronavirus-situationen. I et opslag p\u00e5 Facebook bliver det oplyst, at Badeland og Abeland lukkes ned indtil 27. marts, og at campingplads og feriecenter udskyder \u00e5bningen til 27. marts. Samtidig er det besluttet, at medarbejdere s\u00e5 vidt muligt arbejder hjemmefra de n\u00e6ste 14 dage &#8211; og der [&hellip;]<\/p>\n","protected":false},"author":8,"featured_media":12805,"comment_status":"open","ping_status":"open","sticky":false,"template":"","format":"standard","meta":{"_acf_changed":false,"footnotes":""},"categories":[51],"tags":[171],"class_list":["post-13182","post","type-post","status-publish","format-standard","has-post-thumbnail","hentry","category-lokalt","tag-turisme"],"acf":[],"yoast_head":"<!-- This site is optimized with the Yoast SEO plugin v26.8 - https:\/\/yoast.com\/product\/yoast-seo-wordpress\/ -->\n<title>Jesperhus udskyder s\u00e6son\u00e5bning - Mors<\/title>\n<meta name=\"robots\" content=\"index, follow, max-snippet:-1, max-image-preview:large, max-video-preview:-1\" \/>\n<link rel=\"canonical\" href=\"https:\/\/kunmedierne.dk\/mors\/jesperhus-udskyder-saesonaabning\/\" \/>\n<meta property=\"og:locale\" content=\"da_DK\" \/>\n<meta property=\"og:type\" content=\"article\" \/>\n<meta property=\"og:title\" content=\"Jesperhus udskyder s\u00e6son\u00e5bning - Mors\" \/>\n<meta property=\"og:description\" content=\"LEGIND: Nu har ogs\u00e5 Jesperhus Feriepark taget konsekvensen af coronavirus-situationen. I et opslag p\u00e5 Facebook bliver det oplyst, at Badeland og Abeland lukkes ned indtil 27. marts, og at campingplads og feriecenter udskyder \u00e5bningen til 27. marts. Samtidig er det besluttet, at medarbejdere s\u00e5 vidt muligt arbejder hjemmefra de n\u00e6ste 14 dage &#8211; og der [&hellip;]\" \/>\n<meta property=\"og:url\" content=\"https:\/\/kunmedierne.dk\/mors\/jesperhus-udskyder-saesonaabning\/\" \/>\n<meta property=\"og:site_name\" content=\"Mors\" \/>\n<meta property=\"article:published_time\" content=\"2020-03-12T13:24:23+00:00\" \/>\n<meta property=\"article:modified_time\" content=\"2024-08-12T12:06:21+00:00\" \/>\n<meta property=\"og:image\" content=\"https:\/\/kunmedierne.dk\/mors\/wp-content\/uploads\/2020\/03\/200130-jesperhus.jpg\" \/>\n\t<meta property=\"og:image:width\" content=\"770\" \/>\n\t<meta property=\"og:image:height\" content=\"543\" \/>\n\t<meta property=\"og:image:type\" content=\"image\/jpeg\" \/>\n<meta name=\"author\" content=\"David H\u00f8jmark\" \/>\n<meta name=\"twitter:card\" content=\"summary_large_image\" \/>\n<meta name=\"twitter:label1\" content=\"Skrevet af\" \/>\n\t<meta name=\"twitter:data1\" content=\"David H\u00f8jmark\" \/>\n\t<meta name=\"twitter:label2\" content=\"Estimeret l\u00e6setid\" \/>\n\t<meta name=\"twitter:data2\" content=\"1 minut\" \/>\n<script type=\"application\/ld+json\" class=\"yoast-schema-graph\">{\"@context\":\"https:\/\/schema.org\",\"@graph\":[{\"@type\":\"Article\",\"@id\":\"https:\/\/kunmedierne.dk\/mors\/jesperhus-udskyder-saesonaabning\/#article\",\"isPartOf\":{\"@id\":\"https:\/\/kunmedierne.dk\/mors\/jesperhus-udskyder-saesonaabning\/\"},\"author\":{\"name\":\"David H\u00f8jmark\",\"@id\":\"https:\/\/kunmedierne.dk\/mors\/#\/schema\/person\/5fe23251bf1d0abbcdc6f7896579d548\"},\"headline\":\"Jesperhus udskyder s\u00e6son\u00e5bning\",\"datePublished\":\"2020-03-12T13:24:23+00:00\",\"dateModified\":\"2024-08-12T12:06:21+00:00\",\"mainEntityOfPage\":{\"@id\":\"https:\/\/kunmedierne.dk\/mors\/jesperhus-udskyder-saesonaabning\/\"},\"wordCount\":193,\"commentCount\":0,\"publisher\":{\"@id\":\"https:\/\/kunmedierne.dk\/mors\/#organization\"},\"image\":{\"@id\":\"https:\/\/kunmedierne.dk\/mors\/jesperhus-udskyder-saesonaabning\/#primaryimage\"},\"thumbnailUrl\":\"https:\/\/kunmedierne.dk\/mors\/wp-content\/uploads\/2020\/03\/200130-jesperhus.jpg\",\"keywords\":[\"Turisme\"],\"articleSection\":[\"Lokalt\"],\"inLanguage\":\"da-DK\",\"potentialAction\":[{\"@type\":\"CommentAction\",\"name\":\"Comment\",\"target\":[\"https:\/\/kunmedierne.dk\/mors\/jesperhus-udskyder-saesonaabning\/#respond\"]}]},{\"@type\":\"WebPage\",\"@id\":\"https:\/\/kunmedierne.dk\/mors\/jesperhus-udskyder-saesonaabning\/\",\"url\":\"https:\/\/kunmedierne.dk\/mors\/jesperhus-udskyder-saesonaabning\/\",\"name\":\"Jesperhus udskyder s\u00e6son\u00e5bning - Mors\",\"isPartOf\":{\"@id\":\"https:\/\/kunmedierne.dk\/mors\/#website\"},\"primaryImageOfPage\":{\"@id\":\"https:\/\/kunmedierne.dk\/mors\/jesperhus-udskyder-saesonaabning\/#primaryimage\"},\"image\":{\"@id\":\"https:\/\/kunmedierne.dk\/mors\/jesperhus-udskyder-saesonaabning\/#primaryimage\"},\"thumbnailUrl\":\"https:\/\/kunmedierne.dk\/mors\/wp-content\/uploads\/2020\/03\/200130-jesperhus.jpg\",\"datePublished\":\"2020-03-12T13:24:23+00:00\",\"dateModified\":\"2024-08-12T12:06:21+00:00\",\"breadcrumb\":{\"@id\":\"https:\/\/kunmedierne.dk\/mors\/jesperhus-udskyder-saesonaabning\/#breadcrumb\"},\"inLanguage\":\"da-DK\",\"potentialAction\":[{\"@type\":\"ReadAction\",\"target\":[\"https:\/\/kunmedierne.dk\/mors\/jesperhus-udskyder-saesonaabning\/\"]}]},{\"@type\":\"ImageObject\",\"inLanguage\":\"da-DK\",\"@id\":\"https:\/\/kunmedierne.dk\/mors\/jesperhus-udskyder-saesonaabning\/#primaryimage\",\"url\":\"https:\/\/kunmedierne.dk\/mors\/wp-content\/uploads\/2020\/03\/200130-jesperhus.jpg\",\"contentUrl\":\"https:\/\/kunmedierne.dk\/mors\/wp-content\/uploads\/2020\/03\/200130-jesperhus.jpg\",\"width\":770,\"height\":543,\"caption\":\"Jesperhus tager flere skridt i indsatsen mod coronavirus. Foto: Jesperhus\"},{\"@type\":\"BreadcrumbList\",\"@id\":\"https:\/\/kunmedierne.dk\/mors\/jesperhus-udskyder-saesonaabning\/#breadcrumb\",\"itemListElement\":[{\"@type\":\"ListItem\",\"position\":1,\"name\":\"Hjem\",\"item\":\"https:\/\/kunmedierne.dk\/mors\/\"},{\"@type\":\"ListItem\",\"position\":2,\"name\":\"Jesperhus udskyder s\u00e6son\u00e5bning\"}]},{\"@type\":\"WebSite\",\"@id\":\"https:\/\/kunmedierne.dk\/mors\/#website\",\"url\":\"https:\/\/kunmedierne.dk\/mors\/\",\"name\":\"Mors\",\"description\":\"et netmedie med journalistik om livet p\u00e5 Mors\",\"publisher\":{\"@id\":\"https:\/\/kunmedierne.dk\/mors\/#organization\"},\"potentialAction\":[{\"@type\":\"SearchAction\",\"target\":{\"@type\":\"EntryPoint\",\"urlTemplate\":\"https:\/\/kunmedierne.dk\/mors\/?s={search_term_string}\"},\"query-input\":{\"@type\":\"PropertyValueSpecification\",\"valueRequired\":true,\"valueName\":\"search_term_string\"}}],\"inLanguage\":\"da-DK\"},{\"@type\":\"Organization\",\"@id\":\"https:\/\/kunmedierne.dk\/mors\/#organization\",\"name\":\"Mors\",\"url\":\"https:\/\/kunmedierne.dk\/mors\/\",\"logo\":{\"@type\":\"ImageObject\",\"inLanguage\":\"da-DK\",\"@id\":\"https:\/\/kunmedierne.dk\/mors\/#\/schema\/logo\/image\/\",\"url\":\"https:\/\/kunmedierne.dk\/mors\/wp-content\/uploads\/2024\/08\/kunmors-logo.svg\",\"contentUrl\":\"https:\/\/kunmedierne.dk\/mors\/wp-content\/uploads\/2024\/08\/kunmors-logo.svg\",\"caption\":\"Mors\"},\"image\":{\"@id\":\"https:\/\/kunmedierne.dk\/mors\/#\/schema\/logo\/image\/\"}},{\"@type\":\"Person\",\"@id\":\"https:\/\/kunmedierne.dk\/mors\/#\/schema\/person\/5fe23251bf1d0abbcdc6f7896579d548\",\"name\":\"David H\u00f8jmark\",\"image\":{\"@type\":\"ImageObject\",\"inLanguage\":\"da-DK\",\"@id\":\"https:\/\/kunmedierne.dk\/mors\/#\/schema\/person\/image\/\",\"url\":\"https:\/\/secure.gravatar.com\/avatar\/4315d6fb9ef244d729989f5f90268eb08d5bf8a3d84402f595fa194bb35784fd?s=96&d=mm&r=g\",\"contentUrl\":\"https:\/\/secure.gravatar.com\/avatar\/4315d6fb9ef244d729989f5f90268eb08d5bf8a3d84402f595fa194bb35784fd?s=96&d=mm&r=g\",\"caption\":\"David H\u00f8jmark\"},\"sameAs\":[\"https:\/\/www.kunmedierne.dk\"],\"url\":\"https:\/\/kunmedierne.dk\/mors\/author\/david\/\"}]}<\/script>\n<!-- \/ Yoast SEO plugin. -->","yoast_head_json":{"title":"Jesperhus udskyder s\u00e6son\u00e5bning - Mors","robots":{"index":"index","follow":"follow","max-snippet":"max-snippet:-1","max-image-preview":"max-image-preview:large","max-video-preview":"max-video-preview:-1"},"canonical":"https:\/\/kunmedierne.dk\/mors\/jesperhus-udskyder-saesonaabning\/","og_locale":"da_DK","og_type":"article","og_title":"Jesperhus udskyder s\u00e6son\u00e5bning - Mors","og_description":"LEGIND: Nu har ogs\u00e5 Jesperhus Feriepark taget konsekvensen af coronavirus-situationen. I et opslag p\u00e5 Facebook bliver det oplyst, at Badeland og Abeland lukkes ned indtil 27. marts, og at campingplads og feriecenter udskyder \u00e5bningen til 27. marts. Samtidig er det besluttet, at medarbejdere s\u00e5 vidt muligt arbejder hjemmefra de n\u00e6ste 14 dage &#8211; og der [&hellip;]","og_url":"https:\/\/kunmedierne.dk\/mors\/jesperhus-udskyder-saesonaabning\/","og_site_name":"Mors","article_published_time":"2020-03-12T13:24:23+00:00","article_modified_time":"2024-08-12T12:06:21+00:00","og_image":[{"width":770,"height":543,"url":"https:\/\/kunmedierne.dk\/mors\/wp-content\/uploads\/2020\/03\/200130-jesperhus.jpg","type":"image\/jpeg"}],"author":"David H\u00f8jmark","twitter_card":"summary_large_image","twitter_misc":{"Skrevet af":"David H\u00f8jmark","Estimeret l\u00e6setid":"1 minut"},"schema":{"@context":"https:\/\/schema.org","@graph":[{"@type":"Article","@id":"https:\/\/kunmedierne.dk\/mors\/jesperhus-udskyder-saesonaabning\/#article","isPartOf":{"@id":"https:\/\/kunmedierne.dk\/mors\/jesperhus-udskyder-saesonaabning\/"},"author":{"name":"David H\u00f8jmark","@id":"https:\/\/kunmedierne.dk\/mors\/#\/schema\/person\/5fe23251bf1d0abbcdc6f7896579d548"},"headline":"Jesperhus udskyder s\u00e6son\u00e5bning","datePublished":"2020-03-12T13:24:23+00:00","dateModified":"2024-08-12T12:06:21+00:00","mainEntityOfPage":{"@id":"https:\/\/kunmedierne.dk\/mors\/jesperhus-udskyder-saesonaabning\/"},"wordCount":193,"commentCount":0,"publisher":{"@id":"https:\/\/kunmedierne.dk\/mors\/#organization"},"image":{"@id":"https:\/\/kunmedierne.dk\/mors\/jesperhus-udskyder-saesonaabning\/#primaryimage"},"thumbnailUrl":"https:\/\/kunmedierne.dk\/mors\/wp-content\/uploads\/2020\/03\/200130-jesperhus.jpg","keywords":["Turisme"],"articleSection":["Lokalt"],"inLanguage":"da-DK","potentialAction":[{"@type":"CommentAction","name":"Comment","target":["https:\/\/kunmedierne.dk\/mors\/jesperhus-udskyder-saesonaabning\/#respond"]}]},{"@type":"WebPage","@id":"https:\/\/kunmedierne.dk\/mors\/jesperhus-udskyder-saesonaabning\/","url":"https:\/\/kunmedierne.dk\/mors\/jesperhus-udskyder-saesonaabning\/","name":"Jesperhus udskyder s\u00e6son\u00e5bning - Mors","isPartOf":{"@id":"https:\/\/kunmedierne.dk\/mors\/#website"},"primaryImageOfPage":{"@id":"https:\/\/kunmedierne.dk\/mors\/jesperhus-udskyder-saesonaabning\/#primaryimage"},"image":{"@id":"https:\/\/kunmedierne.dk\/mors\/jesperhus-udskyder-saesonaabning\/#primaryimage"},"thumbnailUrl":"https:\/\/kunmedierne.dk\/mors\/wp-content\/uploads\/2020\/03\/200130-jesperhus.jpg","datePublished":"2020-03-12T13:24:23+00:00","dateModified":"2024-08-12T12:06:21+00:00","breadcrumb":{"@id":"https:\/\/kunmedierne.dk\/mors\/jesperhus-udskyder-saesonaabning\/#breadcrumb"},"inLanguage":"da-DK","potentialAction":[{"@type":"ReadAction","target":["https:\/\/kunmedierne.dk\/mors\/jesperhus-udskyder-saesonaabning\/"]}]},{"@type":"ImageObject","inLanguage":"da-DK","@id":"https:\/\/kunmedierne.dk\/mors\/jesperhus-udskyder-saesonaabning\/#primaryimage","url":"https:\/\/kunmedierne.dk\/mors\/wp-content\/uploads\/2020\/03\/200130-jesperhus.jpg","contentUrl":"https:\/\/kunmedierne.dk\/mors\/wp-content\/uploads\/2020\/03\/200130-jesperhus.jpg","width":770,"height":543,"caption":"Jesperhus tager flere skridt i indsatsen mod coronavirus. Foto: Jesperhus"},{"@type":"BreadcrumbList","@id":"https:\/\/kunmedierne.dk\/mors\/jesperhus-udskyder-saesonaabning\/#breadcrumb","itemListElement":[{"@type":"ListItem","position":1,"name":"Hjem","item":"https:\/\/kunmedierne.dk\/mors\/"},{"@type":"ListItem","position":2,"name":"Jesperhus udskyder s\u00e6son\u00e5bning"}]},{"@type":"WebSite","@id":"https:\/\/kunmedierne.dk\/mors\/#website","url":"https:\/\/kunmedierne.dk\/mors\/","name":"Mors","description":"et netmedie med journalistik om livet p\u00e5 Mors","publisher":{"@id":"https:\/\/kunmedierne.dk\/mors\/#organization"},"potentialAction":[{"@type":"SearchAction","target":{"@type":"EntryPoint","urlTemplate":"https:\/\/kunmedierne.dk\/mors\/?s={search_term_string}"},"query-input":{"@type":"PropertyValueSpecification","valueRequired":true,"valueName":"search_term_string"}}],"inLanguage":"da-DK"},{"@type":"Organization","@id":"https:\/\/kunmedierne.dk\/mors\/#organization","name":"Mors","url":"https:\/\/kunmedierne.dk\/mors\/","logo":{"@type":"ImageObject","inLanguage":"da-DK","@id":"https:\/\/kunmedierne.dk\/mors\/#\/schema\/logo\/image\/","url":"https:\/\/kunmedierne.dk\/mors\/wp-content\/uploads\/2024\/08\/kunmors-logo.svg","contentUrl":"https:\/\/kunmedierne.dk\/mors\/wp-content\/uploads\/2024\/08\/kunmors-logo.svg","caption":"Mors"},"image":{"@id":"https:\/\/kunmedierne.dk\/mors\/#\/schema\/logo\/image\/"}},{"@type":"Person","@id":"https:\/\/kunmedierne.dk\/mors\/#\/schema\/person\/5fe23251bf1d0abbcdc6f7896579d548","name":"David H\u00f8jmark","image":{"@type":"ImageObject","inLanguage":"da-DK","@id":"https:\/\/kunmedierne.dk\/mors\/#\/schema\/person\/image\/","url":"https:\/\/secure.gravatar.com\/avatar\/4315d6fb9ef244d729989f5f90268eb08d5bf8a3d84402f595fa194bb35784fd?s=96&d=mm&r=g","contentUrl":"https:\/\/secure.gravatar.com\/avatar\/4315d6fb9ef244d729989f5f90268eb08d5bf8a3d84402f595fa194bb35784fd?s=96&d=mm&r=g","caption":"David H\u00f8jmark"},"sameAs":["https:\/\/www.kunmedierne.dk"],"url":"https:\/\/kunmedierne.dk\/mors\/author\/david\/"}]}},"_links":{"self":[{"href":"https:\/\/kunmedierne.dk\/mors\/wp-json\/wp\/v2\/posts\/13182","targetHints":{"allow":["GET"]}}],"collection":[{"href":"https:\/\/kunmedierne.dk\/mors\/wp-json\/wp\/v2\/posts"}],"about":[{"href":"https:\/\/kunmedierne.dk\/mors\/wp-json\/wp\/v2\/types\/post"}],"author":[{"embeddable":true,"href":"https:\/\/kunmedierne.dk\/mors\/wp-json\/wp\/v2\/users\/8"}],"replies":[{"embeddable":true,"href":"https:\/\/kunmedierne.dk\/mors\/wp-json\/wp\/v2\/comments?post=13182"}],"version-history":[{"count":3,"href":"https:\/\/kunmedierne.dk\/mors\/wp-json\/wp\/v2\/posts\/13182\/revisions"}],"predecessor-version":[{"id":13198,"href":"https:\/\/kunmedierne.dk\/mors\/wp-json\/wp\/v2\/posts\/13182\/revisions\/13198"}],"wp:featuredmedia":[{"embeddable":true,"href":"https:\/\/kunmedierne.dk\/mors\/wp-json\/wp\/v2\/media\/12805"}],"wp:attachment":[{"href":"https:\/\/kunmedierne.dk\/mors\/wp-json\/wp\/v2\/media?parent=13182"}],"wp:term":[{"taxonomy":"category","embeddable":true,"href":"https:\/\/kunmedierne.dk\/mors\/wp-json\/wp\/v2\/categories?post=13182"},{"taxonomy":"post_tag","embeddable":true,"href":"https:\/\/kunmedierne.dk\/mors\/wp-json\/wp\/v2\/tags?post=13182"}],"curies":[{"name":"wp","href":"https:\/\/api.w.org\/{rel}","templated":true}]}}