{"id":130218,"date":"2024-10-17T18:18:39","date_gmt":"2024-10-17T16:18:39","guid":{"rendered":"https:\/\/kunmedierne.dk\/mors\/?p=130218"},"modified":"2024-10-17T18:18:39","modified_gmt":"2024-10-17T16:18:39","slug":"middelalderdag-i-morgen-saetter-sydoestmors-igen-sortseere-paa-plads","status":"publish","type":"post","link":"https:\/\/kunmedierne.dk\/mors\/middelalderdag-i-morgen-saetter-sydoestmors-igen-sortseere-paa-plads\/","title":{"rendered":"<span>Middelalderdag: <\/span>I morgen s\u00e6tter Syd\u00f8stmors igen sortseere p\u00e5 plads"},"content":{"rendered":"<p><strong>SYD\u00d8STMORS<\/strong>: Der er helt d\u00f8dt p\u00e5 Syd\u00f8stmors.<\/p>\n<p>Nogenlunde s\u00e5dan l\u00f8d en konklusion for omkring 10 \u00e5r siden fra en gruppe arkitektstuderende p\u00e5 felttur i \u00d8ster Assels og omegn. De var p\u00e5 bes\u00f8g som et led i en unders\u00f8gelse af mulighederne i udkantsdanmark, og konklusionen om Syd\u00f8stmors var ikke positiv.<\/p>\n<p>Heldigvis var den heller ikke korrekt.<\/p>\n<p>Det har ikke mindst det seneste \u00e5r vist, og fredag g\u00e5r de fire kulturhuse i omr\u00e5det igen sammen om en stor event. Denne gang over syv timer fra klokken 15 til 22 med en middelalderdag fyldt med indtryk.<\/p>\n<p>&#8211; Det handler meget om det med at opdage sit lokalomr\u00e5de, fort\u00e6ller Julie Exner fra Kulturk\u00f8bmanden i Sillerslev, der sammen med Str\u00f8mpehuset, Borgerhuset og Kultur- og Forsamlingshuset st\u00e5r bag fredagens event.<\/p>\n<a class=\"dvrt-link\" onClick=\"cdmtrack_click(104781,jQuery(this));return false\" href=\"https:\/\/www.fmspks.dk\/\"><img decoding=\"async\" style=\"width:100%;\" src=\"https:\/\/kunmedierne.dk\/mors\/wp-content\/uploads\/2022\/02\/vip-froeslev-mollerup-sparekasse.jpg\"><\/a><script>cdmtrack_view(104781);<\/script>\n<p>Hun tilf\u00f8jer, at det er en pulje fra Samlingskraft, der g\u00f8r det muligt at arrangere den lange dag. En dag, der begynder med hestevognsk\u00f8rsel imellem de fire kulturhuse, hvor der hvert sted vil v\u00e6re aktiviteter, s\u00e5 borgerne kan l\u00e6re tilbuddene bedre at kende.<\/p>\n<p>Fra klokken 17 til 19 bliver pladserne ved \u00d8ster Assels Kirke og Kultur- og Forsamlingshuset oplyst med fakler og b\u00e5l. Der bliver bagt snobr\u00f8d og pandekager, og man kan k\u00f8be p\u00f8lser og pandekager som supplement til musikken fra den dansk-svenske kvartet F\u00fdri, der fylder luften med stemningsfuld musik fra middelalderens tid.<\/p>\n<p>Herefter er der lysmesse i \u00d8ster Assels Kirke og senere lysshow med mere musik fra F\u00fdri.<\/p>\n<p>&nbsp;<\/p>\n<p><strong>Helt vilde h\u00f8jskolelever<\/strong><\/p>\n<p>Programmet slutter klokken 22 &#8211; og alt sammen er en forl\u00e6ngelse af lignende kulturelle initiativer i omr\u00e5det.<\/p>\n<p>For mindre end en m\u00e5ned siden var en nordisk event s\u00e5ledes ogs\u00e5 en stor succes.<\/p>\n<a class=\"dvrt-link\" onClick=\"cdmtrack_click(114591,jQuery(this));return false\" href=\"https:\/\/www.facebook.com\/kopogkandemors\"><img decoding=\"async\" style=\"width:100%;\" src=\"https:\/\/kunmedierne.dk\/mors\/wp-content\/uploads\/2024\/03\/kop-og-kande-ja-tak-tilbud.jpg\"><\/a><script>cdmtrack_view(114591);<\/script>\n<p>&#8211; H\u00f8jskolen var der ogs\u00e5, og jeg tror, vi var 18 nationaliteter om aftenen. T\u00e6nk sig, at man kunne samle det i \u00d8ster Assels. Og de var helt vilde, de her h\u00f8jskoleelever. De blev ved med at danse, selv om dansen egentlig var slut. Det var op og danse videre &#8211; improviseret dans og alle generationer. Og s\u00e5 stod alle og sang &#8220;Skuld gammel venskab&#8221;, lyder det begejstret fra Julie Exner.<\/p>\n<p>Det er ogs\u00e5 hende, der fort\u00e6ller om de pessimistiske arkitektstuderende. Dem skulle man m\u00e5ske overveje at invitere til en kommende event, men p\u00e5 trods af deres manglende syn for muligheder p\u00e5 Syd\u00f8stmors kom der faktisk noget godt ud af bes\u00f8get dengang.<\/p>\n<p>&nbsp;<\/p>\n<p><strong>Hvis de kom i dag&#8230;<\/strong><\/p>\n<p>Det var nemlig dem, der opdagede, at der engang har v\u00e6ret en f\u00e6lled foran \u00d8ster Assels Kirke. Den er nu anledning til fredagens middelalderdag &#8211; og dermed endnu en mulighed for nedbrydning af de sognegr\u00e6nser, der m\u00e5ske tidligere har v\u00e6ret en barriere for f\u00e6llesskaber.<\/p>\n<p>&#8211; Man l\u00e6rer folk at kende, som man har boet i n\u00e6rheden af i 25 \u00e5r, men aldrig rigtig m\u00f8dt. Det er det, vi er lykkedes med, og det er ogs\u00e5 det, der er hele tanken bag, siger Julie Exner inden endnu en event med form\u00e5let.<\/p>\n<a class=\"dvrt-link\" onClick=\"cdmtrack_click(104785,jQuery(this));return false\" href=\"https:\/\/www.facebook.com\/lyndrups\"><img decoding=\"async\" style=\"width:100%;\" src=\"https:\/\/kunmedierne.dk\/mors\/wp-content\/uploads\/2022\/02\/vip-lyndrups-rengoering.jpg\"><\/a><script>cdmtrack_view(104785);<\/script>\n<p>Derfor er det heller ikke s\u00e5dan, at hun ser sk\u00e6vt til de fire arkitektstuderende og deres vurdering om et d\u00f8dt omr\u00e5de. Til en vis grad kan hun endda forst\u00e5 dem.<\/p>\n<p>&#8211; P\u00e5 det tidspunkt skete der heller ikke s\u00e5 meget i \u00d8ster Assels, siger hun med tilf\u00f8jelsen:<\/p>\n<p>&#8211; Men hvis de kom i dag, ville de nok sige noget andet.<\/p>\n<blockquote>\n<h3>L\u00c6S OGS\u00c5:<\/h3>\n<p><a href=\"https:\/\/kunmedierne.dk\/mors\/kulturel-optur-stor-donation-har-loeftet-samarbejdet-paa-sydoestmors\/\">Kulturel optur: Stor donation har l\u00f8ftet samarbejdet p\u00e5 Syd\u00f8stmors<\/a><\/p>\n<p><a href=\"https:\/\/kunmedierne.dk\/mors\/kulturevent-vi-har-brug-for-noget-der-kan-skabe-bro-og-det-har-musikken-jo-altid-kunnet\/\">KULTUREVENT: &#8220;Vi har brug for noget, der kan skabe bro, og det har musikken jo altid kunnet&#8221;<\/a><\/p>\n<p><a href=\"https:\/\/kunmedierne.dk\/mors\/saadan-faar-en-million-kroner-ben-at-gaa-paa\/\">S\u00e5dan f\u00e5r en million kroner ben at g\u00e5 p\u00e5<\/a><\/p>\n<p><a href=\"https:\/\/kunmedierne.dk\/mors\/pengeregn-over-mors-en-million-kroner-til-kulturhuse\/\">Pengeregn over Mors: En million kroner til kulturhuse<\/a><\/p><\/blockquote>\n<p>&nbsp;<\/p>\n","protected":false},"excerpt":{"rendered":"<p>SYD\u00d8STMORS: Der er helt d\u00f8dt p\u00e5 Syd\u00f8stmors. Nogenlunde s\u00e5dan l\u00f8d en konklusion for omkring 10 \u00e5r siden fra en gruppe arkitektstuderende p\u00e5 felttur i \u00d8ster Assels og omegn. De var p\u00e5 bes\u00f8g som et led i en unders\u00f8gelse af mulighederne i udkantsdanmark, og konklusionen om Syd\u00f8stmors var ikke positiv. Heldigvis var den heller ikke korrekt. [&hellip;]<\/p>\n","protected":false},"author":8,"featured_media":0,"comment_status":"closed","ping_status":"closed","sticky":false,"template":"","format":"standard","meta":{"_acf_changed":false,"footnotes":""},"categories":[49],"tags":[196],"class_list":["post-130218","post","type-post","status-publish","format-standard","hentry","category-kultur","tag-foreningsliv"],"acf":[],"yoast_head":"<!-- This site is optimized with the Yoast SEO plugin v26.8 - https:\/\/yoast.com\/product\/yoast-seo-wordpress\/ -->\n<title>Middelalderdag: I morgen s\u00e6tter Syd\u00f8stmors igen sortseere p\u00e5 plads - Mors<\/title>\n<meta name=\"robots\" content=\"index, follow, max-snippet:-1, max-image-preview:large, max-video-preview:-1\" \/>\n<link rel=\"canonical\" href=\"https:\/\/kunmedierne.dk\/mors\/middelalderdag-i-morgen-saetter-sydoestmors-igen-sortseere-paa-plads\/\" \/>\n<meta property=\"og:locale\" content=\"da_DK\" \/>\n<meta property=\"og:type\" content=\"article\" \/>\n<meta property=\"og:title\" content=\"Middelalderdag: I morgen s\u00e6tter Syd\u00f8stmors igen sortseere p\u00e5 plads - Mors\" \/>\n<meta property=\"og:description\" content=\"SYD\u00d8STMORS: Der er helt d\u00f8dt p\u00e5 Syd\u00f8stmors. Nogenlunde s\u00e5dan l\u00f8d en konklusion for omkring 10 \u00e5r siden fra en gruppe arkitektstuderende p\u00e5 felttur i \u00d8ster Assels og omegn. De var p\u00e5 bes\u00f8g som et led i en unders\u00f8gelse af mulighederne i udkantsdanmark, og konklusionen om Syd\u00f8stmors var ikke positiv. Heldigvis var den heller ikke korrekt. [&hellip;]\" \/>\n<meta property=\"og:url\" content=\"https:\/\/kunmedierne.dk\/mors\/middelalderdag-i-morgen-saetter-sydoestmors-igen-sortseere-paa-plads\/\" \/>\n<meta property=\"og:site_name\" content=\"Mors\" \/>\n<meta property=\"article:published_time\" content=\"2024-10-17T16:18:39+00:00\" \/>\n<meta name=\"author\" content=\"David H\u00f8jmark\" \/>\n<meta name=\"twitter:card\" content=\"summary_large_image\" \/>\n<meta name=\"twitter:label1\" content=\"Skrevet af\" \/>\n\t<meta name=\"twitter:data1\" content=\"David H\u00f8jmark\" \/>\n\t<meta name=\"twitter:label2\" content=\"Estimeret l\u00e6setid\" \/>\n\t<meta name=\"twitter:data2\" content=\"3 minutter\" \/>\n<script type=\"application\/ld+json\" class=\"yoast-schema-graph\">{\"@context\":\"https:\/\/schema.org\",\"@graph\":[{\"@type\":\"Article\",\"@id\":\"https:\/\/kunmedierne.dk\/mors\/middelalderdag-i-morgen-saetter-sydoestmors-igen-sortseere-paa-plads\/#article\",\"isPartOf\":{\"@id\":\"https:\/\/kunmedierne.dk\/mors\/middelalderdag-i-morgen-saetter-sydoestmors-igen-sortseere-paa-plads\/\"},\"author\":{\"name\":\"David H\u00f8jmark\",\"@id\":\"https:\/\/kunmedierne.dk\/mors\/#\/schema\/person\/5fe23251bf1d0abbcdc6f7896579d548\"},\"headline\":\"Middelalderdag: I morgen s\u00e6tter Syd\u00f8stmors igen sortseere p\u00e5 plads\",\"datePublished\":\"2024-10-17T16:18:39+00:00\",\"mainEntityOfPage\":{\"@id\":\"https:\/\/kunmedierne.dk\/mors\/middelalderdag-i-morgen-saetter-sydoestmors-igen-sortseere-paa-plads\/\"},\"wordCount\":651,\"publisher\":{\"@id\":\"https:\/\/kunmedierne.dk\/mors\/#organization\"},\"keywords\":[\"Foreningsliv\"],\"articleSection\":[\"Kultur\"],\"inLanguage\":\"da-DK\"},{\"@type\":\"WebPage\",\"@id\":\"https:\/\/kunmedierne.dk\/mors\/middelalderdag-i-morgen-saetter-sydoestmors-igen-sortseere-paa-plads\/\",\"url\":\"https:\/\/kunmedierne.dk\/mors\/middelalderdag-i-morgen-saetter-sydoestmors-igen-sortseere-paa-plads\/\",\"name\":\"Middelalderdag: I morgen s\u00e6tter Syd\u00f8stmors igen sortseere p\u00e5 plads - Mors\",\"isPartOf\":{\"@id\":\"https:\/\/kunmedierne.dk\/mors\/#website\"},\"datePublished\":\"2024-10-17T16:18:39+00:00\",\"breadcrumb\":{\"@id\":\"https:\/\/kunmedierne.dk\/mors\/middelalderdag-i-morgen-saetter-sydoestmors-igen-sortseere-paa-plads\/#breadcrumb\"},\"inLanguage\":\"da-DK\",\"potentialAction\":[{\"@type\":\"ReadAction\",\"target\":[\"https:\/\/kunmedierne.dk\/mors\/middelalderdag-i-morgen-saetter-sydoestmors-igen-sortseere-paa-plads\/\"]}]},{\"@type\":\"BreadcrumbList\",\"@id\":\"https:\/\/kunmedierne.dk\/mors\/middelalderdag-i-morgen-saetter-sydoestmors-igen-sortseere-paa-plads\/#breadcrumb\",\"itemListElement\":[{\"@type\":\"ListItem\",\"position\":1,\"name\":\"Hjem\",\"item\":\"https:\/\/kunmedierne.dk\/mors\/\"},{\"@type\":\"ListItem\",\"position\":2,\"name\":\"Middelalderdag: I morgen s\u00e6tter Syd\u00f8stmors igen sortseere p\u00e5 plads\"}]},{\"@type\":\"WebSite\",\"@id\":\"https:\/\/kunmedierne.dk\/mors\/#website\",\"url\":\"https:\/\/kunmedierne.dk\/mors\/\",\"name\":\"Mors\",\"description\":\"et netmedie med journalistik om livet p\u00e5 Mors\",\"publisher\":{\"@id\":\"https:\/\/kunmedierne.dk\/mors\/#organization\"},\"potentialAction\":[{\"@type\":\"SearchAction\",\"target\":{\"@type\":\"EntryPoint\",\"urlTemplate\":\"https:\/\/kunmedierne.dk\/mors\/?s={search_term_string}\"},\"query-input\":{\"@type\":\"PropertyValueSpecification\",\"valueRequired\":true,\"valueName\":\"search_term_string\"}}],\"inLanguage\":\"da-DK\"},{\"@type\":\"Organization\",\"@id\":\"https:\/\/kunmedierne.dk\/mors\/#organization\",\"name\":\"Mors\",\"url\":\"https:\/\/kunmedierne.dk\/mors\/\",\"logo\":{\"@type\":\"ImageObject\",\"inLanguage\":\"da-DK\",\"@id\":\"https:\/\/kunmedierne.dk\/mors\/#\/schema\/logo\/image\/\",\"url\":\"https:\/\/kunmedierne.dk\/mors\/wp-content\/uploads\/2024\/08\/kunmors-logo.svg\",\"contentUrl\":\"https:\/\/kunmedierne.dk\/mors\/wp-content\/uploads\/2024\/08\/kunmors-logo.svg\",\"caption\":\"Mors\"},\"image\":{\"@id\":\"https:\/\/kunmedierne.dk\/mors\/#\/schema\/logo\/image\/\"}},{\"@type\":\"Person\",\"@id\":\"https:\/\/kunmedierne.dk\/mors\/#\/schema\/person\/5fe23251bf1d0abbcdc6f7896579d548\",\"name\":\"David H\u00f8jmark\",\"image\":{\"@type\":\"ImageObject\",\"inLanguage\":\"da-DK\",\"@id\":\"https:\/\/kunmedierne.dk\/mors\/#\/schema\/person\/image\/\",\"url\":\"https:\/\/secure.gravatar.com\/avatar\/4315d6fb9ef244d729989f5f90268eb08d5bf8a3d84402f595fa194bb35784fd?s=96&d=mm&r=g\",\"contentUrl\":\"https:\/\/secure.gravatar.com\/avatar\/4315d6fb9ef244d729989f5f90268eb08d5bf8a3d84402f595fa194bb35784fd?s=96&d=mm&r=g\",\"caption\":\"David H\u00f8jmark\"},\"sameAs\":[\"https:\/\/www.kunmedierne.dk\"],\"url\":\"https:\/\/kunmedierne.dk\/mors\/author\/david\/\"}]}<\/script>\n<!-- \/ Yoast SEO plugin. -->","yoast_head_json":{"title":"Middelalderdag: I morgen s\u00e6tter Syd\u00f8stmors igen sortseere p\u00e5 plads - Mors","robots":{"index":"index","follow":"follow","max-snippet":"max-snippet:-1","max-image-preview":"max-image-preview:large","max-video-preview":"max-video-preview:-1"},"canonical":"https:\/\/kunmedierne.dk\/mors\/middelalderdag-i-morgen-saetter-sydoestmors-igen-sortseere-paa-plads\/","og_locale":"da_DK","og_type":"article","og_title":"Middelalderdag: I morgen s\u00e6tter Syd\u00f8stmors igen sortseere p\u00e5 plads - Mors","og_description":"SYD\u00d8STMORS: Der er helt d\u00f8dt p\u00e5 Syd\u00f8stmors. Nogenlunde s\u00e5dan l\u00f8d en konklusion for omkring 10 \u00e5r siden fra en gruppe arkitektstuderende p\u00e5 felttur i \u00d8ster Assels og omegn. De var p\u00e5 bes\u00f8g som et led i en unders\u00f8gelse af mulighederne i udkantsdanmark, og konklusionen om Syd\u00f8stmors var ikke positiv. Heldigvis var den heller ikke korrekt. [&hellip;]","og_url":"https:\/\/kunmedierne.dk\/mors\/middelalderdag-i-morgen-saetter-sydoestmors-igen-sortseere-paa-plads\/","og_site_name":"Mors","article_published_time":"2024-10-17T16:18:39+00:00","author":"David H\u00f8jmark","twitter_card":"summary_large_image","twitter_misc":{"Skrevet af":"David H\u00f8jmark","Estimeret l\u00e6setid":"3 minutter"},"schema":{"@context":"https:\/\/schema.org","@graph":[{"@type":"Article","@id":"https:\/\/kunmedierne.dk\/mors\/middelalderdag-i-morgen-saetter-sydoestmors-igen-sortseere-paa-plads\/#article","isPartOf":{"@id":"https:\/\/kunmedierne.dk\/mors\/middelalderdag-i-morgen-saetter-sydoestmors-igen-sortseere-paa-plads\/"},"author":{"name":"David H\u00f8jmark","@id":"https:\/\/kunmedierne.dk\/mors\/#\/schema\/person\/5fe23251bf1d0abbcdc6f7896579d548"},"headline":"Middelalderdag: I morgen s\u00e6tter Syd\u00f8stmors igen sortseere p\u00e5 plads","datePublished":"2024-10-17T16:18:39+00:00","mainEntityOfPage":{"@id":"https:\/\/kunmedierne.dk\/mors\/middelalderdag-i-morgen-saetter-sydoestmors-igen-sortseere-paa-plads\/"},"wordCount":651,"publisher":{"@id":"https:\/\/kunmedierne.dk\/mors\/#organization"},"keywords":["Foreningsliv"],"articleSection":["Kultur"],"inLanguage":"da-DK"},{"@type":"WebPage","@id":"https:\/\/kunmedierne.dk\/mors\/middelalderdag-i-morgen-saetter-sydoestmors-igen-sortseere-paa-plads\/","url":"https:\/\/kunmedierne.dk\/mors\/middelalderdag-i-morgen-saetter-sydoestmors-igen-sortseere-paa-plads\/","name":"Middelalderdag: I morgen s\u00e6tter Syd\u00f8stmors igen sortseere p\u00e5 plads - Mors","isPartOf":{"@id":"https:\/\/kunmedierne.dk\/mors\/#website"},"datePublished":"2024-10-17T16:18:39+00:00","breadcrumb":{"@id":"https:\/\/kunmedierne.dk\/mors\/middelalderdag-i-morgen-saetter-sydoestmors-igen-sortseere-paa-plads\/#breadcrumb"},"inLanguage":"da-DK","potentialAction":[{"@type":"ReadAction","target":["https:\/\/kunmedierne.dk\/mors\/middelalderdag-i-morgen-saetter-sydoestmors-igen-sortseere-paa-plads\/"]}]},{"@type":"BreadcrumbList","@id":"https:\/\/kunmedierne.dk\/mors\/middelalderdag-i-morgen-saetter-sydoestmors-igen-sortseere-paa-plads\/#breadcrumb","itemListElement":[{"@type":"ListItem","position":1,"name":"Hjem","item":"https:\/\/kunmedierne.dk\/mors\/"},{"@type":"ListItem","position":2,"name":"Middelalderdag: I morgen s\u00e6tter Syd\u00f8stmors igen sortseere p\u00e5 plads"}]},{"@type":"WebSite","@id":"https:\/\/kunmedierne.dk\/mors\/#website","url":"https:\/\/kunmedierne.dk\/mors\/","name":"Mors","description":"et netmedie med journalistik om livet p\u00e5 Mors","publisher":{"@id":"https:\/\/kunmedierne.dk\/mors\/#organization"},"potentialAction":[{"@type":"SearchAction","target":{"@type":"EntryPoint","urlTemplate":"https:\/\/kunmedierne.dk\/mors\/?s={search_term_string}"},"query-input":{"@type":"PropertyValueSpecification","valueRequired":true,"valueName":"search_term_string"}}],"inLanguage":"da-DK"},{"@type":"Organization","@id":"https:\/\/kunmedierne.dk\/mors\/#organization","name":"Mors","url":"https:\/\/kunmedierne.dk\/mors\/","logo":{"@type":"ImageObject","inLanguage":"da-DK","@id":"https:\/\/kunmedierne.dk\/mors\/#\/schema\/logo\/image\/","url":"https:\/\/kunmedierne.dk\/mors\/wp-content\/uploads\/2024\/08\/kunmors-logo.svg","contentUrl":"https:\/\/kunmedierne.dk\/mors\/wp-content\/uploads\/2024\/08\/kunmors-logo.svg","caption":"Mors"},"image":{"@id":"https:\/\/kunmedierne.dk\/mors\/#\/schema\/logo\/image\/"}},{"@type":"Person","@id":"https:\/\/kunmedierne.dk\/mors\/#\/schema\/person\/5fe23251bf1d0abbcdc6f7896579d548","name":"David H\u00f8jmark","image":{"@type":"ImageObject","inLanguage":"da-DK","@id":"https:\/\/kunmedierne.dk\/mors\/#\/schema\/person\/image\/","url":"https:\/\/secure.gravatar.com\/avatar\/4315d6fb9ef244d729989f5f90268eb08d5bf8a3d84402f595fa194bb35784fd?s=96&d=mm&r=g","contentUrl":"https:\/\/secure.gravatar.com\/avatar\/4315d6fb9ef244d729989f5f90268eb08d5bf8a3d84402f595fa194bb35784fd?s=96&d=mm&r=g","caption":"David H\u00f8jmark"},"sameAs":["https:\/\/www.kunmedierne.dk"],"url":"https:\/\/kunmedierne.dk\/mors\/author\/david\/"}]}},"_links":{"self":[{"href":"https:\/\/kunmedierne.dk\/mors\/wp-json\/wp\/v2\/posts\/130218","targetHints":{"allow":["GET"]}}],"collection":[{"href":"https:\/\/kunmedierne.dk\/mors\/wp-json\/wp\/v2\/posts"}],"about":[{"href":"https:\/\/kunmedierne.dk\/mors\/wp-json\/wp\/v2\/types\/post"}],"author":[{"embeddable":true,"href":"https:\/\/kunmedierne.dk\/mors\/wp-json\/wp\/v2\/users\/8"}],"replies":[{"embeddable":true,"href":"https:\/\/kunmedierne.dk\/mors\/wp-json\/wp\/v2\/comments?post=130218"}],"version-history":[{"count":3,"href":"https:\/\/kunmedierne.dk\/mors\/wp-json\/wp\/v2\/posts\/130218\/revisions"}],"predecessor-version":[{"id":130225,"href":"https:\/\/kunmedierne.dk\/mors\/wp-json\/wp\/v2\/posts\/130218\/revisions\/130225"}],"wp:attachment":[{"href":"https:\/\/kunmedierne.dk\/mors\/wp-json\/wp\/v2\/media?parent=130218"}],"wp:term":[{"taxonomy":"category","embeddable":true,"href":"https:\/\/kunmedierne.dk\/mors\/wp-json\/wp\/v2\/categories?post=130218"},{"taxonomy":"post_tag","embeddable":true,"href":"https:\/\/kunmedierne.dk\/mors\/wp-json\/wp\/v2\/tags?post=130218"}],"curies":[{"name":"wp","href":"https:\/\/api.w.org\/{rel}","templated":true}]}}