{"id":129285,"date":"2024-10-08T09:35:18","date_gmt":"2024-10-08T07:35:18","guid":{"rendered":"https:\/\/kunmedierne.dk\/mors\/?p=129285"},"modified":"2024-11-23T13:21:52","modified_gmt":"2024-11-23T12:21:52","slug":"debat-jeg-blev-glaedeligt-overrasket","status":"publish","type":"post","link":"https:\/\/kunmedierne.dk\/mors\/debat-jeg-blev-glaedeligt-overrasket\/","title":{"rendered":"<span>DEBAT: <\/span>&#8220;Jeg blev gl\u00e6deligt overrasket&#8221;"},"content":{"rendered":"<p><strong>DEBAT:<\/strong> Kong Christian d. 1, var ikke lige den person jeg havde forventet at h\u00f8re om til borgerm\u00f8det omkring en l\u00e6nge ventet visionsplan for \u00d8rodde. Og hvad forventede jeg egentlig &#8211; tja &#8211; nok mest en plan der ville v\u00e6re pr\u00e6get af for mange hensyn og for lidt greb om n\u00e6ldens rod.<\/p>\n<a class=\"dvrt-link\" onClick=\"cdmtrack_click(104783,jQuery(this));return false\" href=\"https:\/\/konpap.dk\/\"><img decoding=\"async\" style=\"width:100%;\" src=\"https:\/\/kunmedierne.dk\/mors\/wp-content\/uploads\/2023\/10\/Kun-Mors-banner.jpg\"><\/a><script>cdmtrack_view(104783);<\/script>\n<p>Jeg blev gl\u00e6deligt overrasket over det produkt der blev pr\u00e6senteret. En tydelig vision med respekt for historien, ogs\u00e5 den gamle historie tilbage fra Kong Christian d. 1, respekt for de mange \u00f8nsker, forventninger og bekymringer der har v\u00e6ret omkring \u00d8rodde gennem de seneste 10-15 \u00e5r.<\/p>\n<p>Visionen fors\u00f8ger i h\u00f8j grad, og med tydelig visionsgreb, at tage h\u00f8jde for fremtidens befolkning, tendenser for fritiden, milj\u00f8, turisme, funktionsm\u00e6ssigt sammenh\u00e6ngskraft med den \u00f8vrige n\u00e6re del af byen og erhvervsliv. Det kan n\u00e6sten kun v\u00e6re et resultat af den t\u00e6tte og reelle borgerinddragelse, som \u00a717, stk 4-udvalget har v\u00e6ret garant for. Det kunne danne skole for fremtidige visions- \/ planudarbejdelser i Mors\u00f8 kommune.<\/p>\n<p>N\u00e6vnte udvalg fortjener ros for resultatet og mit h\u00e5b m\u00e5 v\u00e6re, at der hurtigt (og allerede i 2025 -please) sker synlige og tydelige forandringer i omr\u00e5det, s\u00e5 der fortsat kan skabes og v\u00e6re engagement omkring de mange gode tiltag i visionen. Til det arbejde b\u00f8r der m\u00e5ske etableres en handlekraftig midlertidig enhed\/organisation indtil den p\u00e5t\u00e6nkte \u00d8roddeforening er etableret og funktionsdygtig.<\/p>\n<p>Jeg vil gl\u00e6de mig til de f\u00f8rste forandringer, og vil se frem til at kunne vise dette sk\u00f8nne omr\u00e5de frem for vores g\u00e6ster.<\/p>\n<p>Claus Graversen, Nyk\u00f8bing<\/p>\n","protected":false},"excerpt":{"rendered":"<p>DEBAT: Kong Christian d. 1, var ikke lige den person jeg havde forventet at h\u00f8re om til borgerm\u00f8det omkring en l\u00e6nge ventet visionsplan for \u00d8rodde. Og hvad forventede jeg egentlig &#8211; tja &#8211; nok mest en plan der ville v\u00e6re pr\u00e6get af for mange hensyn og for lidt greb om n\u00e6ldens rod. Jeg blev gl\u00e6deligt [&hellip;]<\/p>\n","protected":false},"author":11,"featured_media":0,"comment_status":"closed","ping_status":"closed","sticky":false,"template":"","format":"standard","meta":{"_acf_changed":false,"footnotes":""},"categories":[56,51],"tags":[],"class_list":["post-129285","post","type-post","status-publish","format-standard","hentry","category-debat","category-lokalt"],"acf":[],"yoast_head":"<!-- This site is optimized with the Yoast SEO plugin v26.8 - https:\/\/yoast.com\/product\/yoast-seo-wordpress\/ -->\n<title>DEBAT: &quot;Jeg blev gl\u00e6deligt overrasket&quot; - Mors<\/title>\n<meta name=\"robots\" content=\"index, follow, max-snippet:-1, max-image-preview:large, max-video-preview:-1\" \/>\n<link rel=\"canonical\" href=\"https:\/\/kunmedierne.dk\/mors\/debat-jeg-blev-glaedeligt-overrasket\/\" \/>\n<meta property=\"og:locale\" content=\"da_DK\" \/>\n<meta property=\"og:type\" content=\"article\" \/>\n<meta property=\"og:title\" content=\"DEBAT: &quot;Jeg blev gl\u00e6deligt overrasket&quot; - Mors\" \/>\n<meta property=\"og:description\" content=\"DEBAT: Kong Christian d. 1, var ikke lige den person jeg havde forventet at h\u00f8re om til borgerm\u00f8det omkring en l\u00e6nge ventet visionsplan for \u00d8rodde. Og hvad forventede jeg egentlig &#8211; tja &#8211; nok mest en plan der ville v\u00e6re pr\u00e6get af for mange hensyn og for lidt greb om n\u00e6ldens rod. Jeg blev gl\u00e6deligt [&hellip;]\" \/>\n<meta property=\"og:url\" content=\"https:\/\/kunmedierne.dk\/mors\/debat-jeg-blev-glaedeligt-overrasket\/\" \/>\n<meta property=\"og:site_name\" content=\"Mors\" \/>\n<meta property=\"article:published_time\" content=\"2024-10-08T07:35:18+00:00\" \/>\n<meta property=\"article:modified_time\" content=\"2024-11-23T12:21:52+00:00\" \/>\n<meta name=\"author\" content=\"Debat\" \/>\n<meta name=\"twitter:card\" content=\"summary_large_image\" \/>\n<meta name=\"twitter:label1\" content=\"Skrevet af\" \/>\n\t<meta name=\"twitter:data1\" content=\"Debat\" \/>\n\t<meta name=\"twitter:label2\" content=\"Estimeret l\u00e6setid\" \/>\n\t<meta name=\"twitter:data2\" content=\"2 minutter\" \/>\n<script type=\"application\/ld+json\" class=\"yoast-schema-graph\">{\"@context\":\"https:\/\/schema.org\",\"@graph\":[{\"@type\":\"Article\",\"@id\":\"https:\/\/kunmedierne.dk\/mors\/debat-jeg-blev-glaedeligt-overrasket\/#article\",\"isPartOf\":{\"@id\":\"https:\/\/kunmedierne.dk\/mors\/debat-jeg-blev-glaedeligt-overrasket\/\"},\"author\":{\"name\":\"Debat\",\"@id\":\"https:\/\/kunmedierne.dk\/mors\/#\/schema\/person\/84c1391bce0b43b9bb3a49736bc0ad78\"},\"headline\":\"DEBAT: &#8220;Jeg blev gl\u00e6deligt overrasket&#8221;\",\"datePublished\":\"2024-10-08T07:35:18+00:00\",\"dateModified\":\"2024-11-23T12:21:52+00:00\",\"mainEntityOfPage\":{\"@id\":\"https:\/\/kunmedierne.dk\/mors\/debat-jeg-blev-glaedeligt-overrasket\/\"},\"wordCount\":285,\"publisher\":{\"@id\":\"https:\/\/kunmedierne.dk\/mors\/#organization\"},\"articleSection\":[\"Debat\",\"Lokalt\"],\"inLanguage\":\"da-DK\"},{\"@type\":\"WebPage\",\"@id\":\"https:\/\/kunmedierne.dk\/mors\/debat-jeg-blev-glaedeligt-overrasket\/\",\"url\":\"https:\/\/kunmedierne.dk\/mors\/debat-jeg-blev-glaedeligt-overrasket\/\",\"name\":\"DEBAT: \\\"Jeg blev gl\u00e6deligt overrasket\\\" - Mors\",\"isPartOf\":{\"@id\":\"https:\/\/kunmedierne.dk\/mors\/#website\"},\"datePublished\":\"2024-10-08T07:35:18+00:00\",\"dateModified\":\"2024-11-23T12:21:52+00:00\",\"breadcrumb\":{\"@id\":\"https:\/\/kunmedierne.dk\/mors\/debat-jeg-blev-glaedeligt-overrasket\/#breadcrumb\"},\"inLanguage\":\"da-DK\",\"potentialAction\":[{\"@type\":\"ReadAction\",\"target\":[\"https:\/\/kunmedierne.dk\/mors\/debat-jeg-blev-glaedeligt-overrasket\/\"]}]},{\"@type\":\"BreadcrumbList\",\"@id\":\"https:\/\/kunmedierne.dk\/mors\/debat-jeg-blev-glaedeligt-overrasket\/#breadcrumb\",\"itemListElement\":[{\"@type\":\"ListItem\",\"position\":1,\"name\":\"Hjem\",\"item\":\"https:\/\/kunmedierne.dk\/mors\/\"},{\"@type\":\"ListItem\",\"position\":2,\"name\":\"DEBAT: &#8220;Jeg blev gl\u00e6deligt overrasket&#8221;\"}]},{\"@type\":\"WebSite\",\"@id\":\"https:\/\/kunmedierne.dk\/mors\/#website\",\"url\":\"https:\/\/kunmedierne.dk\/mors\/\",\"name\":\"Mors\",\"description\":\"et netmedie med journalistik om livet p\u00e5 Mors\",\"publisher\":{\"@id\":\"https:\/\/kunmedierne.dk\/mors\/#organization\"},\"potentialAction\":[{\"@type\":\"SearchAction\",\"target\":{\"@type\":\"EntryPoint\",\"urlTemplate\":\"https:\/\/kunmedierne.dk\/mors\/?s={search_term_string}\"},\"query-input\":{\"@type\":\"PropertyValueSpecification\",\"valueRequired\":true,\"valueName\":\"search_term_string\"}}],\"inLanguage\":\"da-DK\"},{\"@type\":\"Organization\",\"@id\":\"https:\/\/kunmedierne.dk\/mors\/#organization\",\"name\":\"Mors\",\"url\":\"https:\/\/kunmedierne.dk\/mors\/\",\"logo\":{\"@type\":\"ImageObject\",\"inLanguage\":\"da-DK\",\"@id\":\"https:\/\/kunmedierne.dk\/mors\/#\/schema\/logo\/image\/\",\"url\":\"https:\/\/kunmedierne.dk\/mors\/wp-content\/uploads\/2024\/08\/kunmors-logo.svg\",\"contentUrl\":\"https:\/\/kunmedierne.dk\/mors\/wp-content\/uploads\/2024\/08\/kunmors-logo.svg\",\"caption\":\"Mors\"},\"image\":{\"@id\":\"https:\/\/kunmedierne.dk\/mors\/#\/schema\/logo\/image\/\"}},{\"@type\":\"Person\",\"@id\":\"https:\/\/kunmedierne.dk\/mors\/#\/schema\/person\/84c1391bce0b43b9bb3a49736bc0ad78\",\"name\":\"Debat\",\"image\":{\"@type\":\"ImageObject\",\"inLanguage\":\"da-DK\",\"@id\":\"https:\/\/kunmedierne.dk\/mors\/#\/schema\/person\/image\/\",\"url\":\"https:\/\/secure.gravatar.com\/avatar\/b0fb2e221d618f7c65162ab0d49c7e8a0b580c871ca03af90e42b47b4150654c?s=96&d=mm&r=g\",\"contentUrl\":\"https:\/\/secure.gravatar.com\/avatar\/b0fb2e221d618f7c65162ab0d49c7e8a0b580c871ca03af90e42b47b4150654c?s=96&d=mm&r=g\",\"caption\":\"Debat\"},\"url\":\"https:\/\/kunmedierne.dk\/mors\/author\/debat\/\"}]}<\/script>\n<!-- \/ Yoast SEO plugin. -->","yoast_head_json":{"title":"DEBAT: \"Jeg blev gl\u00e6deligt overrasket\" - Mors","robots":{"index":"index","follow":"follow","max-snippet":"max-snippet:-1","max-image-preview":"max-image-preview:large","max-video-preview":"max-video-preview:-1"},"canonical":"https:\/\/kunmedierne.dk\/mors\/debat-jeg-blev-glaedeligt-overrasket\/","og_locale":"da_DK","og_type":"article","og_title":"DEBAT: \"Jeg blev gl\u00e6deligt overrasket\" - Mors","og_description":"DEBAT: Kong Christian d. 1, var ikke lige den person jeg havde forventet at h\u00f8re om til borgerm\u00f8det omkring en l\u00e6nge ventet visionsplan for \u00d8rodde. Og hvad forventede jeg egentlig &#8211; tja &#8211; nok mest en plan der ville v\u00e6re pr\u00e6get af for mange hensyn og for lidt greb om n\u00e6ldens rod. Jeg blev gl\u00e6deligt [&hellip;]","og_url":"https:\/\/kunmedierne.dk\/mors\/debat-jeg-blev-glaedeligt-overrasket\/","og_site_name":"Mors","article_published_time":"2024-10-08T07:35:18+00:00","article_modified_time":"2024-11-23T12:21:52+00:00","author":"Debat","twitter_card":"summary_large_image","twitter_misc":{"Skrevet af":"Debat","Estimeret l\u00e6setid":"2 minutter"},"schema":{"@context":"https:\/\/schema.org","@graph":[{"@type":"Article","@id":"https:\/\/kunmedierne.dk\/mors\/debat-jeg-blev-glaedeligt-overrasket\/#article","isPartOf":{"@id":"https:\/\/kunmedierne.dk\/mors\/debat-jeg-blev-glaedeligt-overrasket\/"},"author":{"name":"Debat","@id":"https:\/\/kunmedierne.dk\/mors\/#\/schema\/person\/84c1391bce0b43b9bb3a49736bc0ad78"},"headline":"DEBAT: &#8220;Jeg blev gl\u00e6deligt overrasket&#8221;","datePublished":"2024-10-08T07:35:18+00:00","dateModified":"2024-11-23T12:21:52+00:00","mainEntityOfPage":{"@id":"https:\/\/kunmedierne.dk\/mors\/debat-jeg-blev-glaedeligt-overrasket\/"},"wordCount":285,"publisher":{"@id":"https:\/\/kunmedierne.dk\/mors\/#organization"},"articleSection":["Debat","Lokalt"],"inLanguage":"da-DK"},{"@type":"WebPage","@id":"https:\/\/kunmedierne.dk\/mors\/debat-jeg-blev-glaedeligt-overrasket\/","url":"https:\/\/kunmedierne.dk\/mors\/debat-jeg-blev-glaedeligt-overrasket\/","name":"DEBAT: \"Jeg blev gl\u00e6deligt overrasket\" - Mors","isPartOf":{"@id":"https:\/\/kunmedierne.dk\/mors\/#website"},"datePublished":"2024-10-08T07:35:18+00:00","dateModified":"2024-11-23T12:21:52+00:00","breadcrumb":{"@id":"https:\/\/kunmedierne.dk\/mors\/debat-jeg-blev-glaedeligt-overrasket\/#breadcrumb"},"inLanguage":"da-DK","potentialAction":[{"@type":"ReadAction","target":["https:\/\/kunmedierne.dk\/mors\/debat-jeg-blev-glaedeligt-overrasket\/"]}]},{"@type":"BreadcrumbList","@id":"https:\/\/kunmedierne.dk\/mors\/debat-jeg-blev-glaedeligt-overrasket\/#breadcrumb","itemListElement":[{"@type":"ListItem","position":1,"name":"Hjem","item":"https:\/\/kunmedierne.dk\/mors\/"},{"@type":"ListItem","position":2,"name":"DEBAT: &#8220;Jeg blev gl\u00e6deligt overrasket&#8221;"}]},{"@type":"WebSite","@id":"https:\/\/kunmedierne.dk\/mors\/#website","url":"https:\/\/kunmedierne.dk\/mors\/","name":"Mors","description":"et netmedie med journalistik om livet p\u00e5 Mors","publisher":{"@id":"https:\/\/kunmedierne.dk\/mors\/#organization"},"potentialAction":[{"@type":"SearchAction","target":{"@type":"EntryPoint","urlTemplate":"https:\/\/kunmedierne.dk\/mors\/?s={search_term_string}"},"query-input":{"@type":"PropertyValueSpecification","valueRequired":true,"valueName":"search_term_string"}}],"inLanguage":"da-DK"},{"@type":"Organization","@id":"https:\/\/kunmedierne.dk\/mors\/#organization","name":"Mors","url":"https:\/\/kunmedierne.dk\/mors\/","logo":{"@type":"ImageObject","inLanguage":"da-DK","@id":"https:\/\/kunmedierne.dk\/mors\/#\/schema\/logo\/image\/","url":"https:\/\/kunmedierne.dk\/mors\/wp-content\/uploads\/2024\/08\/kunmors-logo.svg","contentUrl":"https:\/\/kunmedierne.dk\/mors\/wp-content\/uploads\/2024\/08\/kunmors-logo.svg","caption":"Mors"},"image":{"@id":"https:\/\/kunmedierne.dk\/mors\/#\/schema\/logo\/image\/"}},{"@type":"Person","@id":"https:\/\/kunmedierne.dk\/mors\/#\/schema\/person\/84c1391bce0b43b9bb3a49736bc0ad78","name":"Debat","image":{"@type":"ImageObject","inLanguage":"da-DK","@id":"https:\/\/kunmedierne.dk\/mors\/#\/schema\/person\/image\/","url":"https:\/\/secure.gravatar.com\/avatar\/b0fb2e221d618f7c65162ab0d49c7e8a0b580c871ca03af90e42b47b4150654c?s=96&d=mm&r=g","contentUrl":"https:\/\/secure.gravatar.com\/avatar\/b0fb2e221d618f7c65162ab0d49c7e8a0b580c871ca03af90e42b47b4150654c?s=96&d=mm&r=g","caption":"Debat"},"url":"https:\/\/kunmedierne.dk\/mors\/author\/debat\/"}]}},"_links":{"self":[{"href":"https:\/\/kunmedierne.dk\/mors\/wp-json\/wp\/v2\/posts\/129285","targetHints":{"allow":["GET"]}}],"collection":[{"href":"https:\/\/kunmedierne.dk\/mors\/wp-json\/wp\/v2\/posts"}],"about":[{"href":"https:\/\/kunmedierne.dk\/mors\/wp-json\/wp\/v2\/types\/post"}],"author":[{"embeddable":true,"href":"https:\/\/kunmedierne.dk\/mors\/wp-json\/wp\/v2\/users\/11"}],"replies":[{"embeddable":true,"href":"https:\/\/kunmedierne.dk\/mors\/wp-json\/wp\/v2\/comments?post=129285"}],"version-history":[{"count":8,"href":"https:\/\/kunmedierne.dk\/mors\/wp-json\/wp\/v2\/posts\/129285\/revisions"}],"predecessor-version":[{"id":133139,"href":"https:\/\/kunmedierne.dk\/mors\/wp-json\/wp\/v2\/posts\/129285\/revisions\/133139"}],"wp:attachment":[{"href":"https:\/\/kunmedierne.dk\/mors\/wp-json\/wp\/v2\/media?parent=129285"}],"wp:term":[{"taxonomy":"category","embeddable":true,"href":"https:\/\/kunmedierne.dk\/mors\/wp-json\/wp\/v2\/categories?post=129285"},{"taxonomy":"post_tag","embeddable":true,"href":"https:\/\/kunmedierne.dk\/mors\/wp-json\/wp\/v2\/tags?post=129285"}],"curies":[{"name":"wp","href":"https:\/\/api.w.org\/{rel}","templated":true}]}}