{"id":128508,"date":"2024-09-29T16:12:46","date_gmt":"2024-09-29T14:12:46","guid":{"rendered":"https:\/\/kunmedierne.dk\/mors\/?p=128508"},"modified":"2024-09-30T14:46:47","modified_gmt":"2024-09-30T12:46:47","slug":"froeslev-fejrede-forvandlingen-med-glade-gymnasieelever","status":"publish","type":"post","link":"https:\/\/kunmedierne.dk\/mors\/froeslev-fejrede-forvandlingen-med-glade-gymnasieelever\/","title":{"rendered":"Fr\u00f8slev fejrede forvandlingen med glade gymnasieelever"},"content":{"rendered":"<p><strong>FR\u00d8SLEVDAG<\/strong>: Der er mange glade byer p\u00e5 Mors, men den sidste l\u00f8rdag i september 2024 er Fr\u00f8slev nok den gladeste af dem.<\/p>\n<p>Den lille landsby p\u00e5 Midtmors, der for \u00e5r tilbage ellers tog et par \u00f8ksehug af den slags, der har v\u00e6ltet mange andre landsbyer i landet, er fyldt med flag i vejkanten, muntre mennesker og optimisme i alle aldre, da KunMors-bilen triller ind i byen f\u00f8rst p\u00e5 eftermiddagen.<\/p>\n<a class=\"dvrt-link\" onClick=\"cdmtrack_click(104779,jQuery(this));return false\" href=\"https:\/\/morsoe-begravelsesforretning.dk\/\"><img decoding=\"async\" style=\"width:100%;\" src=\"https:\/\/kunmedierne.dk\/mors\/wp-content\/uploads\/2023\/11\/251215-morsoe-begravelsesforretning.jpg\"><\/a><script>cdmtrack_view(104779);<\/script>\n<p>Her er en parkeringsplads ikke s\u00e5dan lige til at opdrive. For et motionsl\u00f8b med flere distancer og mange deltagere er i gang. Mors\u00f8 Garden s\u00f8rger for musikalsk bagt\u00e6ppe til de p\u00f8lser, der modnes p\u00e5 grillen. Og p\u00e5 den gamle skole har b\u00e5de borgmester og borgerforeningsformand markeret dagen, der fejrer s\u00e5vel flere \u00e5rs byfornyelse som utallige timers arbejde med et g\u00f8re den gamle skole i stand.<\/p>\n<p>Bygningen er p\u00e5 en og samme tid \u00e9t af de \u00f8ksehug, byen har f\u00e5et, og symbolet p\u00e5 den opblomstring, der siden er sket. Skolen lukkede i 2012. Otte \u00e5r senere gjorde byens dagligvarebutik det samme. Og s\u00e5 skulle man jo tro, at resten af Fr\u00f8slev ville sygne hen i fraflytning og trist nedslidning.<\/p>\n<p>Det modsatte er sket.<\/p>\n<p>&nbsp;<\/p>\n<p><strong>S\u00e6rlig \u00e6re til veteranerne<\/strong><\/p>\n<p>&#8211; Der er gang i mange ting, og vi har mange positive tiltag.<\/p>\n<p>Det er Anne Marie Vad, der fort\u00e6ller. Hun er formand for Fr\u00f8slev &amp; Omegn, og denne l\u00f8rdag er hun en af de travle frivillige, de mange deltagere i Fr\u00f8slevdag stiller sp\u00f8rgsm\u00e5l om de mange aktiviteter.<\/p>\n<p>Og der \u00e9r meget i gang under Fr\u00f8slevdag, for i og omkring den fornyede skolebygning er sm\u00e5 og store b\u00f8rn sammen med deres voksne i forskellige generationer aktiveret med ansigtsmaling, hoppeborg, boder og kig p\u00e5 h\u00f8ns fra Fjerkr\u00e6avlerforeningen.<\/p>\n<p>Eller bare med socialt samv\u00e6r og kulinarisk hygge.<\/p>\n<a class=\"dvrt-link\" onClick=\"cdmtrack_click(113414,jQuery(this));return false\" href=\"https:\/\/www.p-soerensen.dk\/\"><img decoding=\"async\" style=\"width:100%;\" src=\"https:\/\/kunmedierne.dk\/mors\/wp-content\/uploads\/2024\/03\/p-soerensen-juni25.jpg\"><\/a><script>cdmtrack_view(113414);<\/script>\n<p>I skolek\u00f8kkenet, som frivillige med st\u00f8tte fra Kulturhuspuljen hos Nordeafonden har renoveret, tager man et udek\u00f8kken i brug. Det g\u00f8r man ogs\u00e5 fremover, n\u00e5r der er madaftener for eksempelvis b\u00f8rnefamilier eller veteraner.<\/p>\n<p>De sidste har i \u00f8vrigt en s\u00e6rlig \u00e6re i Fr\u00f8slevs opblomstring. For kernen i Fr\u00f8slevdagen er motionsl\u00f8b. Alt andet er bygget op omkring det. Og det var veteranerne, der for nogle \u00e5r siden satte andre veteraner i st\u00e6vne med l\u00f8b i Fr\u00f8slev.<\/p>\n<p>&#8211; Dem, der stod for det, k\u00f8rte s\u00e5 lidt sur i det, men vi syntes, det var en stor begivenhed at have i s\u00e5dan en by, s\u00e5 vi besluttede at forts\u00e6tte med det, siger Anne Marie Vad, mens omkring 70 l\u00f8bere tager skridt p\u00e5 de fire forskellige ruter omkring byen.<\/p>\n<p>&nbsp;<\/p>\n<p><strong>Glade gymnasieelever i l\u00f8b<\/strong><\/p>\n<p>En god del af dem er gymnasielever. Derfor m\u00f8der vi i m\u00e5lomr\u00e5det en forventningsfuld Rikke Rask, idr\u00e6tsl\u00e6rer p\u00e5 Mors\u00f8 Gymnasium, der sammen med en flok 3. g-elever tager en del af l\u00f8rdagen i brug for et terpe et alternativt pensum.<\/p>\n<p>De \u00e6ldste elever har gang i et tr\u00e6ningsprojekt, der blandt andet skal vise dem, hvordan bedre kondition ogs\u00e5 er gavnlig, n\u00e5r hovedet er begravet i de tunge b\u00f8ger.<\/p>\n<p>&#8211; For mange kan det godt v\u00e6re lidt af en gamechanger, n\u00e5r det begynder at virke. Det smitter af p\u00e5 deres dagligdag, det siger de selv. Og det er godt, at de oplever det, siger Rikke Rask og bliver kort tid efter bekr\u00e6ftet af flere af sine elever.<\/p>\n<a class=\"dvrt-link\" onClick=\"cdmtrack_click(104783,jQuery(this));return false\" href=\"https:\/\/konpap.dk\/\"><img decoding=\"async\" style=\"width:100%;\" src=\"https:\/\/kunmedierne.dk\/mors\/wp-content\/uploads\/2023\/10\/Kun-Mors-banner.jpg\"><\/a><script>cdmtrack_view(104783);<\/script>\n<p>KunMors n\u00e5r at tale med to af dem, Astrid Spurr\u00e9 og Hanna Abildgaard, der sammen krydser m\u00e5llinjen som de f\u00f8rste p\u00e5 tre kilometer-distancen. Det g\u00f8r de i h\u00f8jt hum\u00f8r, og de bekr\u00e6fter gl\u00e6den ved at tage en fridag i brug som gymnasieelev.<\/p>\n<p>Astrid spiller h\u00e5ndbold, og Hanna g\u00e5r til gymnastik. S\u00e5 egentlig er de ikke i underskud for motion, men det kan stadig betale sig at give konditionen et l\u00f8ft, fort\u00e6ller de &#8211; lettere forpustede efter 23 minutter i l\u00f8b.<\/p>\n<p>&#8211; Det handler om at komme i bedre form, s\u00e5 det er fedt at komme ud og lave noget f\u00e6lles, siger de og tilf\u00f8jer, at h\u00e5bet s\u00e5 er, at tr\u00e6ningsforl\u00f8bet giver dem en mere permanent motivation til at holde formen ved lige.<\/p>\n<p>&nbsp;<\/p>\n<p><strong>Potentiale for mere<\/strong><\/p>\n<p>De unge l\u00f8bere er langt fra de eneste yngre morsingboer i Fr\u00f8slev denne dag. Anne Marie Vad fort\u00e6ller om en by, der med sin daginstitution stadig appellerer til b\u00f8rnefamilier i en grad, s\u00e5 man ogs\u00e5 ser dem flytte til.<\/p>\n<p>Hun fort\u00e6ller dog ogs\u00e5, at det med integreringen af de nye medborgere kr\u00e6ver lidt st\u00f8rre indsats end f\u00f8r i tiden.<\/p>\n<a class=\"dvrt-link\" onClick=\"cdmtrack_click(104787,jQuery(this));return false\" href=\"https:\/\/www.jyskebank.dk\/kontakt\/afdelingsinfo?departmentid=11890\"><img decoding=\"async\" style=\"width:100%;\" src=\"https:\/\/kunmedierne.dk\/mors\/wp-content\/uploads\/2023\/10\/260325JyskeBankMorsNy-1.jpg\"><\/a><script>cdmtrack_view(104787);<\/script>\n<p>&#8211; De unge mennesker er her, men det kan v\u00e6re sv\u00e6rt for os gamle at have overblikket over, hvem der bor her. Der er jo ikke de steder, hvor man m\u00f8des tilf\u00e6ldigt, siger hun med den tidligere skole og dagligvarebutik i tankerne.<\/p>\n<p>Men s\u00e5 kan man friste de nye, yngre medborgere med trampolinfitness eller fodbold. Og derudover er der jo alle de mange tilbud i den store skolebygning, som er en af \u00e5rsagerne til fejringen denne l\u00f8rdag. Fr\u00f8slev Gl. Skole har s\u00e5 mange muligheder, at man stadig er ved at f\u00e5 overblik over den daglige nyttev\u00e6rdi. For en ting er at renovere bygningen, noget andet er at tage den i brug &#8211; og i Fr\u00f8slev som s\u00e5 mange andre steder kr\u00e6ver det nogle gange store ressourcer af de samme frivillige.<\/p>\n<p>Det \u00e6ndrer dog ikke p\u00e5, at det enorme arbejde har v\u00e6ret det hele v\u00e6rd. Det ser man p\u00e5 de mange glade mennesker i Fr\u00f8slev og omegn p\u00e5 Fr\u00f8slevdag 2024. En dag, der ogs\u00e5 er en fejring af en bygning, der appellerer til morsingboer l\u00e6ngere v\u00e6k end midten af \u00f8en.<\/p>\n<a class=\"dvrt-link\" onClick=\"cdmtrack_click(104786,jQuery(this));return false\" href=\"https:\/\/limfjordsteatret.dk\/events\/tobias-dybvad-mit-bedste-onemanshow\/\"><img decoding=\"async\" style=\"width:100%;\" src=\"https:\/\/kunmedierne.dk\/mors\/wp-content\/uploads\/2023\/10\/aarskortLim_KunMors_1100x125.jpg\"><\/a><script>cdmtrack_view(104786);<\/script>\n<p>S\u00e5 m\u00e5ske kommer fremtiden til at byde p\u00e5 endnu et l\u00f8ft af Fr\u00f8slev. Borgerforeningens formand kan se potentiale for mere i de mange optimerede kvadratmeter:<\/p>\n<p>&#8211; Det er f\u00f8rst nu, vi for alvor skal til at finde ud af, hvordan vi kan bruge det, siger Anne Marie Vad.<\/p>\n<blockquote><p>L\u00c6S OGS\u00c5:<\/p>\n<p><a href=\"https:\/\/kunmedierne.dk\/mors\/det-er-noget-vi-er-stolte-af-i-froeslev\/\">&#8211; Det er noget, vi er stolte af i Fr\u00f8slev<\/a><\/p><\/blockquote>\n<div id=\"attachment_128572\" style=\"width: 4479px\" class=\"wp-caption alignleft\"><img loading=\"lazy\" decoding=\"async\" aria-describedby=\"caption-attachment-128572\" class=\"wp-image-128572 size-full\" src=\"https:\/\/kunmedierne.dk\/mors\/wp-content\/uploads\/2024\/09\/IMG_8461.jpg\" alt=\"\" width=\"4469\" height=\"2979\" srcset=\"https:\/\/kunmedierne.dk\/mors\/wp-content\/uploads\/2024\/09\/IMG_8461.jpg 4469w, https:\/\/kunmedierne.dk\/mors\/wp-content\/uploads\/2024\/09\/IMG_8461-300x200.jpg 300w, https:\/\/kunmedierne.dk\/mors\/wp-content\/uploads\/2024\/09\/IMG_8461-1024x683.jpg 1024w, https:\/\/kunmedierne.dk\/mors\/wp-content\/uploads\/2024\/09\/IMG_8461-510x340.jpg 510w\" sizes=\"auto, (max-width: 4469px) 100vw, 4469px\" \/><p id=\"caption-attachment-128572\" class=\"wp-caption-text\">Anne Marie Vad, formand for Fr\u00f8slev &amp; Omegn, her i samtale med tidligere elitel\u00f8ber Gustav Vad Thomsen, kan sammen med resten af byen gl\u00e6de sig over de mange muligheder.<\/p><\/div>\n<p>&nbsp;<\/p>\n<div id=\"attachment_128571\" style=\"width: 6010px\" class=\"wp-caption alignleft\"><img loading=\"lazy\" decoding=\"async\" aria-describedby=\"caption-attachment-128571\" class=\"wp-image-128571 size-full\" src=\"https:\/\/kunmedierne.dk\/mors\/wp-content\/uploads\/2024\/09\/IMG_8452.jpg\" alt=\"\" width=\"6000\" height=\"4000\" srcset=\"https:\/\/kunmedierne.dk\/mors\/wp-content\/uploads\/2024\/09\/IMG_8452.jpg 6000w, https:\/\/kunmedierne.dk\/mors\/wp-content\/uploads\/2024\/09\/IMG_8452-300x200.jpg 300w, https:\/\/kunmedierne.dk\/mors\/wp-content\/uploads\/2024\/09\/IMG_8452-1024x683.jpg 1024w, https:\/\/kunmedierne.dk\/mors\/wp-content\/uploads\/2024\/09\/IMG_8452-510x340.jpg 510w\" sizes=\"auto, (max-width: 6000px) 100vw, 6000px\" \/><p id=\"caption-attachment-128571\" class=\"wp-caption-text\">Mors\u00f8 Garden var m\u00f8dt op for at g\u00f8re stemningen p\u00e5 Fr\u00f8slevdag 2024 endnu bedre.<\/p><\/div>\n<p>&nbsp;<\/p>\n<div id=\"attachment_128573\" style=\"width: 1629px\" class=\"wp-caption alignleft\"><img loading=\"lazy\" decoding=\"async\" aria-describedby=\"caption-attachment-128573\" class=\"wp-image-128573 size-full\" src=\"https:\/\/kunmedierne.dk\/mors\/wp-content\/uploads\/2024\/09\/IMG_8466.jpg\" alt=\"\" width=\"1619\" height=\"1079\" srcset=\"https:\/\/kunmedierne.dk\/mors\/wp-content\/uploads\/2024\/09\/IMG_8466.jpg 1619w, https:\/\/kunmedierne.dk\/mors\/wp-content\/uploads\/2024\/09\/IMG_8466-300x200.jpg 300w, https:\/\/kunmedierne.dk\/mors\/wp-content\/uploads\/2024\/09\/IMG_8466-1024x682.jpg 1024w, https:\/\/kunmedierne.dk\/mors\/wp-content\/uploads\/2024\/09\/IMG_8466-510x340.jpg 510w\" sizes=\"auto, (max-width: 1619px) 100vw, 1619px\" \/><p id=\"caption-attachment-128573\" class=\"wp-caption-text\">Laurits Iversen fra Mors\u00f8 Gymnasium vandt 5 kilometer-l\u00f8bet i den fine tid 20:17,97.<\/p><\/div>\n<p>&nbsp;<\/p>\n<p>&nbsp;<\/p>\n<div id=\"attachment_128574\" style=\"width: 1770px\" class=\"wp-caption alignleft\"><img loading=\"lazy\" decoding=\"async\" aria-describedby=\"caption-attachment-128574\" class=\"wp-image-128574 size-full\" src=\"https:\/\/kunmedierne.dk\/mors\/wp-content\/uploads\/2024\/09\/IMG_8475.jpg\" alt=\"\" width=\"1760\" height=\"1173\" srcset=\"https:\/\/kunmedierne.dk\/mors\/wp-content\/uploads\/2024\/09\/IMG_8475.jpg 1760w, https:\/\/kunmedierne.dk\/mors\/wp-content\/uploads\/2024\/09\/IMG_8475-300x200.jpg 300w, https:\/\/kunmedierne.dk\/mors\/wp-content\/uploads\/2024\/09\/IMG_8475-1024x682.jpg 1024w, https:\/\/kunmedierne.dk\/mors\/wp-content\/uploads\/2024\/09\/IMG_8475-510x340.jpg 510w\" sizes=\"auto, (max-width: 1760px) 100vw, 1760px\" \/><p id=\"caption-attachment-128574\" class=\"wp-caption-text\">Astrid Spurr\u00e9 og Hanna Abildgaard p\u00e5 vej over m\u00e5lstregen. De havde under de tre kilometer udnyttet noget af f\u00f8re til at if\u00f8re sig mudrace-ansigter.<\/p><\/div>\n<p>&nbsp;<\/p>\n<div id=\"attachment_128576\" style=\"width: 4055px\" class=\"wp-caption alignleft\"><img loading=\"lazy\" decoding=\"async\" aria-describedby=\"caption-attachment-128576\" class=\"wp-image-128576 size-full\" src=\"https:\/\/kunmedierne.dk\/mors\/wp-content\/uploads\/2024\/09\/IMG_8487.jpg\" alt=\"\" width=\"4045\" height=\"2696\" srcset=\"https:\/\/kunmedierne.dk\/mors\/wp-content\/uploads\/2024\/09\/IMG_8487.jpg 4045w, https:\/\/kunmedierne.dk\/mors\/wp-content\/uploads\/2024\/09\/IMG_8487-300x200.jpg 300w, https:\/\/kunmedierne.dk\/mors\/wp-content\/uploads\/2024\/09\/IMG_8487-1024x682.jpg 1024w, https:\/\/kunmedierne.dk\/mors\/wp-content\/uploads\/2024\/09\/IMG_8487-510x340.jpg 510w\" sizes=\"auto, (max-width: 4045px) 100vw, 4045px\" \/><p id=\"caption-attachment-128576\" class=\"wp-caption-text\">Efter 23 minutter i l\u00f8b var de to gymnasielever kommet tre kilometer n\u00e6rmere en forbedret kondition &#8211; m\u00e5ske til gavn for n\u00e6ste sommers eksamensresultater.<\/p><\/div>\n<p>&nbsp;<\/p>\n<div id=\"attachment_128570\" style=\"width: 5319px\" class=\"wp-caption alignleft\"><img loading=\"lazy\" decoding=\"async\" aria-describedby=\"caption-attachment-128570\" class=\"wp-image-128570 size-full\" src=\"https:\/\/kunmedierne.dk\/mors\/wp-content\/uploads\/2024\/09\/IMG_8450.jpg\" alt=\"\" width=\"5309\" height=\"3539\" srcset=\"https:\/\/kunmedierne.dk\/mors\/wp-content\/uploads\/2024\/09\/IMG_8450.jpg 5309w, https:\/\/kunmedierne.dk\/mors\/wp-content\/uploads\/2024\/09\/IMG_8450-300x200.jpg 300w, https:\/\/kunmedierne.dk\/mors\/wp-content\/uploads\/2024\/09\/IMG_8450-1024x683.jpg 1024w, https:\/\/kunmedierne.dk\/mors\/wp-content\/uploads\/2024\/09\/IMG_8450-510x340.jpg 510w\" sizes=\"auto, (max-width: 5309px) 100vw, 5309px\" \/><p id=\"caption-attachment-128570\" class=\"wp-caption-text\">12 \u00e5r efter sin lukning er Fr\u00f8slev Gl. Skole fyldt med liv.<\/p><\/div>\n<p>&nbsp;<\/p>\n","protected":false},"excerpt":{"rendered":"<p>FR\u00d8SLEVDAG: Der er mange glade byer p\u00e5 Mors, men den sidste l\u00f8rdag i september 2024 er Fr\u00f8slev nok den gladeste af dem. Den lille landsby p\u00e5 Midtmors, der for \u00e5r tilbage ellers tog et par \u00f8ksehug af den slags, der har v\u00e6ltet mange andre landsbyer i landet, er fyldt med flag i vejkanten, muntre mennesker [&hellip;]<\/p>\n","protected":false},"author":8,"featured_media":0,"comment_status":"closed","ping_status":"closed","sticky":false,"template":"","format":"standard","meta":{"_acf_changed":false,"footnotes":""},"categories":[51],"tags":[196],"class_list":["post-128508","post","type-post","status-publish","format-standard","hentry","category-lokalt","tag-foreningsliv"],"acf":[],"yoast_head":"<!-- This site is optimized with the Yoast SEO plugin v26.8 - https:\/\/yoast.com\/product\/yoast-seo-wordpress\/ -->\n<title>Fr\u00f8slev fejrede forvandlingen med glade gymnasieelever - Mors<\/title>\n<meta name=\"robots\" content=\"index, follow, max-snippet:-1, max-image-preview:large, max-video-preview:-1\" \/>\n<link rel=\"canonical\" href=\"https:\/\/kunmedierne.dk\/mors\/froeslev-fejrede-forvandlingen-med-glade-gymnasieelever\/\" \/>\n<meta property=\"og:locale\" content=\"da_DK\" \/>\n<meta property=\"og:type\" content=\"article\" \/>\n<meta property=\"og:title\" content=\"Fr\u00f8slev fejrede forvandlingen med glade gymnasieelever - Mors\" \/>\n<meta property=\"og:description\" content=\"FR\u00d8SLEVDAG: Der er mange glade byer p\u00e5 Mors, men den sidste l\u00f8rdag i september 2024 er Fr\u00f8slev nok den gladeste af dem. Den lille landsby p\u00e5 Midtmors, der for \u00e5r tilbage ellers tog et par \u00f8ksehug af den slags, der har v\u00e6ltet mange andre landsbyer i landet, er fyldt med flag i vejkanten, muntre mennesker [&hellip;]\" \/>\n<meta property=\"og:url\" content=\"https:\/\/kunmedierne.dk\/mors\/froeslev-fejrede-forvandlingen-med-glade-gymnasieelever\/\" \/>\n<meta property=\"og:site_name\" content=\"Mors\" \/>\n<meta property=\"article:published_time\" content=\"2024-09-29T14:12:46+00:00\" \/>\n<meta property=\"article:modified_time\" content=\"2024-09-30T12:46:47+00:00\" \/>\n<meta property=\"og:image\" content=\"https:\/\/kunmedierne.dk\/mors\/wp-content\/uploads\/2024\/09\/IMG_8461.jpg\" \/>\n<meta name=\"author\" content=\"David H\u00f8jmark\" \/>\n<meta name=\"twitter:card\" content=\"summary_large_image\" \/>\n<meta name=\"twitter:label1\" content=\"Skrevet af\" \/>\n\t<meta name=\"twitter:data1\" content=\"David H\u00f8jmark\" \/>\n\t<meta name=\"twitter:label2\" content=\"Estimeret l\u00e6setid\" \/>\n\t<meta name=\"twitter:data2\" content=\"8 minutter\" \/>\n<script type=\"application\/ld+json\" class=\"yoast-schema-graph\">{\"@context\":\"https:\/\/schema.org\",\"@graph\":[{\"@type\":\"Article\",\"@id\":\"https:\/\/kunmedierne.dk\/mors\/froeslev-fejrede-forvandlingen-med-glade-gymnasieelever\/#article\",\"isPartOf\":{\"@id\":\"https:\/\/kunmedierne.dk\/mors\/froeslev-fejrede-forvandlingen-med-glade-gymnasieelever\/\"},\"author\":{\"name\":\"David H\u00f8jmark\",\"@id\":\"https:\/\/kunmedierne.dk\/mors\/#\/schema\/person\/5fe23251bf1d0abbcdc6f7896579d548\"},\"headline\":\"Fr\u00f8slev fejrede forvandlingen med glade gymnasieelever\",\"datePublished\":\"2024-09-29T14:12:46+00:00\",\"dateModified\":\"2024-09-30T12:46:47+00:00\",\"mainEntityOfPage\":{\"@id\":\"https:\/\/kunmedierne.dk\/mors\/froeslev-fejrede-forvandlingen-med-glade-gymnasieelever\/\"},\"wordCount\":1249,\"publisher\":{\"@id\":\"https:\/\/kunmedierne.dk\/mors\/#organization\"},\"image\":{\"@id\":\"https:\/\/kunmedierne.dk\/mors\/froeslev-fejrede-forvandlingen-med-glade-gymnasieelever\/#primaryimage\"},\"thumbnailUrl\":\"https:\/\/kunmedierne.dk\/mors\/wp-content\/uploads\/2024\/09\/IMG_8461.jpg\",\"keywords\":[\"Foreningsliv\"],\"articleSection\":[\"Lokalt\"],\"inLanguage\":\"da-DK\"},{\"@type\":\"WebPage\",\"@id\":\"https:\/\/kunmedierne.dk\/mors\/froeslev-fejrede-forvandlingen-med-glade-gymnasieelever\/\",\"url\":\"https:\/\/kunmedierne.dk\/mors\/froeslev-fejrede-forvandlingen-med-glade-gymnasieelever\/\",\"name\":\"Fr\u00f8slev fejrede forvandlingen med glade gymnasieelever - Mors\",\"isPartOf\":{\"@id\":\"https:\/\/kunmedierne.dk\/mors\/#website\"},\"primaryImageOfPage\":{\"@id\":\"https:\/\/kunmedierne.dk\/mors\/froeslev-fejrede-forvandlingen-med-glade-gymnasieelever\/#primaryimage\"},\"image\":{\"@id\":\"https:\/\/kunmedierne.dk\/mors\/froeslev-fejrede-forvandlingen-med-glade-gymnasieelever\/#primaryimage\"},\"thumbnailUrl\":\"https:\/\/kunmedierne.dk\/mors\/wp-content\/uploads\/2024\/09\/IMG_8461.jpg\",\"datePublished\":\"2024-09-29T14:12:46+00:00\",\"dateModified\":\"2024-09-30T12:46:47+00:00\",\"breadcrumb\":{\"@id\":\"https:\/\/kunmedierne.dk\/mors\/froeslev-fejrede-forvandlingen-med-glade-gymnasieelever\/#breadcrumb\"},\"inLanguage\":\"da-DK\",\"potentialAction\":[{\"@type\":\"ReadAction\",\"target\":[\"https:\/\/kunmedierne.dk\/mors\/froeslev-fejrede-forvandlingen-med-glade-gymnasieelever\/\"]}]},{\"@type\":\"ImageObject\",\"inLanguage\":\"da-DK\",\"@id\":\"https:\/\/kunmedierne.dk\/mors\/froeslev-fejrede-forvandlingen-med-glade-gymnasieelever\/#primaryimage\",\"url\":\"https:\/\/kunmedierne.dk\/mors\/wp-content\/uploads\/2024\/09\/IMG_8461.jpg\",\"contentUrl\":\"https:\/\/kunmedierne.dk\/mors\/wp-content\/uploads\/2024\/09\/IMG_8461.jpg\",\"width\":4469,\"height\":2979},{\"@type\":\"BreadcrumbList\",\"@id\":\"https:\/\/kunmedierne.dk\/mors\/froeslev-fejrede-forvandlingen-med-glade-gymnasieelever\/#breadcrumb\",\"itemListElement\":[{\"@type\":\"ListItem\",\"position\":1,\"name\":\"Hjem\",\"item\":\"https:\/\/kunmedierne.dk\/mors\/\"},{\"@type\":\"ListItem\",\"position\":2,\"name\":\"Fr\u00f8slev fejrede forvandlingen med glade gymnasieelever\"}]},{\"@type\":\"WebSite\",\"@id\":\"https:\/\/kunmedierne.dk\/mors\/#website\",\"url\":\"https:\/\/kunmedierne.dk\/mors\/\",\"name\":\"Mors\",\"description\":\"et netmedie med journalistik om livet p\u00e5 Mors\",\"publisher\":{\"@id\":\"https:\/\/kunmedierne.dk\/mors\/#organization\"},\"potentialAction\":[{\"@type\":\"SearchAction\",\"target\":{\"@type\":\"EntryPoint\",\"urlTemplate\":\"https:\/\/kunmedierne.dk\/mors\/?s={search_term_string}\"},\"query-input\":{\"@type\":\"PropertyValueSpecification\",\"valueRequired\":true,\"valueName\":\"search_term_string\"}}],\"inLanguage\":\"da-DK\"},{\"@type\":\"Organization\",\"@id\":\"https:\/\/kunmedierne.dk\/mors\/#organization\",\"name\":\"Mors\",\"url\":\"https:\/\/kunmedierne.dk\/mors\/\",\"logo\":{\"@type\":\"ImageObject\",\"inLanguage\":\"da-DK\",\"@id\":\"https:\/\/kunmedierne.dk\/mors\/#\/schema\/logo\/image\/\",\"url\":\"https:\/\/kunmedierne.dk\/mors\/wp-content\/uploads\/2024\/08\/kunmors-logo.svg\",\"contentUrl\":\"https:\/\/kunmedierne.dk\/mors\/wp-content\/uploads\/2024\/08\/kunmors-logo.svg\",\"caption\":\"Mors\"},\"image\":{\"@id\":\"https:\/\/kunmedierne.dk\/mors\/#\/schema\/logo\/image\/\"}},{\"@type\":\"Person\",\"@id\":\"https:\/\/kunmedierne.dk\/mors\/#\/schema\/person\/5fe23251bf1d0abbcdc6f7896579d548\",\"name\":\"David H\u00f8jmark\",\"image\":{\"@type\":\"ImageObject\",\"inLanguage\":\"da-DK\",\"@id\":\"https:\/\/kunmedierne.dk\/mors\/#\/schema\/person\/image\/\",\"url\":\"https:\/\/secure.gravatar.com\/avatar\/4315d6fb9ef244d729989f5f90268eb08d5bf8a3d84402f595fa194bb35784fd?s=96&d=mm&r=g\",\"contentUrl\":\"https:\/\/secure.gravatar.com\/avatar\/4315d6fb9ef244d729989f5f90268eb08d5bf8a3d84402f595fa194bb35784fd?s=96&d=mm&r=g\",\"caption\":\"David H\u00f8jmark\"},\"sameAs\":[\"https:\/\/www.kunmedierne.dk\"],\"url\":\"https:\/\/kunmedierne.dk\/mors\/author\/david\/\"}]}<\/script>\n<!-- \/ Yoast SEO plugin. -->","yoast_head_json":{"title":"Fr\u00f8slev fejrede forvandlingen med glade gymnasieelever - Mors","robots":{"index":"index","follow":"follow","max-snippet":"max-snippet:-1","max-image-preview":"max-image-preview:large","max-video-preview":"max-video-preview:-1"},"canonical":"https:\/\/kunmedierne.dk\/mors\/froeslev-fejrede-forvandlingen-med-glade-gymnasieelever\/","og_locale":"da_DK","og_type":"article","og_title":"Fr\u00f8slev fejrede forvandlingen med glade gymnasieelever - Mors","og_description":"FR\u00d8SLEVDAG: Der er mange glade byer p\u00e5 Mors, men den sidste l\u00f8rdag i september 2024 er Fr\u00f8slev nok den gladeste af dem. Den lille landsby p\u00e5 Midtmors, der for \u00e5r tilbage ellers tog et par \u00f8ksehug af den slags, der har v\u00e6ltet mange andre landsbyer i landet, er fyldt med flag i vejkanten, muntre mennesker [&hellip;]","og_url":"https:\/\/kunmedierne.dk\/mors\/froeslev-fejrede-forvandlingen-med-glade-gymnasieelever\/","og_site_name":"Mors","article_published_time":"2024-09-29T14:12:46+00:00","article_modified_time":"2024-09-30T12:46:47+00:00","og_image":[{"url":"https:\/\/kunmedierne.dk\/mors\/wp-content\/uploads\/2024\/09\/IMG_8461.jpg","type":"","width":"","height":""}],"author":"David H\u00f8jmark","twitter_card":"summary_large_image","twitter_misc":{"Skrevet af":"David H\u00f8jmark","Estimeret l\u00e6setid":"8 minutter"},"schema":{"@context":"https:\/\/schema.org","@graph":[{"@type":"Article","@id":"https:\/\/kunmedierne.dk\/mors\/froeslev-fejrede-forvandlingen-med-glade-gymnasieelever\/#article","isPartOf":{"@id":"https:\/\/kunmedierne.dk\/mors\/froeslev-fejrede-forvandlingen-med-glade-gymnasieelever\/"},"author":{"name":"David H\u00f8jmark","@id":"https:\/\/kunmedierne.dk\/mors\/#\/schema\/person\/5fe23251bf1d0abbcdc6f7896579d548"},"headline":"Fr\u00f8slev fejrede forvandlingen med glade gymnasieelever","datePublished":"2024-09-29T14:12:46+00:00","dateModified":"2024-09-30T12:46:47+00:00","mainEntityOfPage":{"@id":"https:\/\/kunmedierne.dk\/mors\/froeslev-fejrede-forvandlingen-med-glade-gymnasieelever\/"},"wordCount":1249,"publisher":{"@id":"https:\/\/kunmedierne.dk\/mors\/#organization"},"image":{"@id":"https:\/\/kunmedierne.dk\/mors\/froeslev-fejrede-forvandlingen-med-glade-gymnasieelever\/#primaryimage"},"thumbnailUrl":"https:\/\/kunmedierne.dk\/mors\/wp-content\/uploads\/2024\/09\/IMG_8461.jpg","keywords":["Foreningsliv"],"articleSection":["Lokalt"],"inLanguage":"da-DK"},{"@type":"WebPage","@id":"https:\/\/kunmedierne.dk\/mors\/froeslev-fejrede-forvandlingen-med-glade-gymnasieelever\/","url":"https:\/\/kunmedierne.dk\/mors\/froeslev-fejrede-forvandlingen-med-glade-gymnasieelever\/","name":"Fr\u00f8slev fejrede forvandlingen med glade gymnasieelever - Mors","isPartOf":{"@id":"https:\/\/kunmedierne.dk\/mors\/#website"},"primaryImageOfPage":{"@id":"https:\/\/kunmedierne.dk\/mors\/froeslev-fejrede-forvandlingen-med-glade-gymnasieelever\/#primaryimage"},"image":{"@id":"https:\/\/kunmedierne.dk\/mors\/froeslev-fejrede-forvandlingen-med-glade-gymnasieelever\/#primaryimage"},"thumbnailUrl":"https:\/\/kunmedierne.dk\/mors\/wp-content\/uploads\/2024\/09\/IMG_8461.jpg","datePublished":"2024-09-29T14:12:46+00:00","dateModified":"2024-09-30T12:46:47+00:00","breadcrumb":{"@id":"https:\/\/kunmedierne.dk\/mors\/froeslev-fejrede-forvandlingen-med-glade-gymnasieelever\/#breadcrumb"},"inLanguage":"da-DK","potentialAction":[{"@type":"ReadAction","target":["https:\/\/kunmedierne.dk\/mors\/froeslev-fejrede-forvandlingen-med-glade-gymnasieelever\/"]}]},{"@type":"ImageObject","inLanguage":"da-DK","@id":"https:\/\/kunmedierne.dk\/mors\/froeslev-fejrede-forvandlingen-med-glade-gymnasieelever\/#primaryimage","url":"https:\/\/kunmedierne.dk\/mors\/wp-content\/uploads\/2024\/09\/IMG_8461.jpg","contentUrl":"https:\/\/kunmedierne.dk\/mors\/wp-content\/uploads\/2024\/09\/IMG_8461.jpg","width":4469,"height":2979},{"@type":"BreadcrumbList","@id":"https:\/\/kunmedierne.dk\/mors\/froeslev-fejrede-forvandlingen-med-glade-gymnasieelever\/#breadcrumb","itemListElement":[{"@type":"ListItem","position":1,"name":"Hjem","item":"https:\/\/kunmedierne.dk\/mors\/"},{"@type":"ListItem","position":2,"name":"Fr\u00f8slev fejrede forvandlingen med glade gymnasieelever"}]},{"@type":"WebSite","@id":"https:\/\/kunmedierne.dk\/mors\/#website","url":"https:\/\/kunmedierne.dk\/mors\/","name":"Mors","description":"et netmedie med journalistik om livet p\u00e5 Mors","publisher":{"@id":"https:\/\/kunmedierne.dk\/mors\/#organization"},"potentialAction":[{"@type":"SearchAction","target":{"@type":"EntryPoint","urlTemplate":"https:\/\/kunmedierne.dk\/mors\/?s={search_term_string}"},"query-input":{"@type":"PropertyValueSpecification","valueRequired":true,"valueName":"search_term_string"}}],"inLanguage":"da-DK"},{"@type":"Organization","@id":"https:\/\/kunmedierne.dk\/mors\/#organization","name":"Mors","url":"https:\/\/kunmedierne.dk\/mors\/","logo":{"@type":"ImageObject","inLanguage":"da-DK","@id":"https:\/\/kunmedierne.dk\/mors\/#\/schema\/logo\/image\/","url":"https:\/\/kunmedierne.dk\/mors\/wp-content\/uploads\/2024\/08\/kunmors-logo.svg","contentUrl":"https:\/\/kunmedierne.dk\/mors\/wp-content\/uploads\/2024\/08\/kunmors-logo.svg","caption":"Mors"},"image":{"@id":"https:\/\/kunmedierne.dk\/mors\/#\/schema\/logo\/image\/"}},{"@type":"Person","@id":"https:\/\/kunmedierne.dk\/mors\/#\/schema\/person\/5fe23251bf1d0abbcdc6f7896579d548","name":"David H\u00f8jmark","image":{"@type":"ImageObject","inLanguage":"da-DK","@id":"https:\/\/kunmedierne.dk\/mors\/#\/schema\/person\/image\/","url":"https:\/\/secure.gravatar.com\/avatar\/4315d6fb9ef244d729989f5f90268eb08d5bf8a3d84402f595fa194bb35784fd?s=96&d=mm&r=g","contentUrl":"https:\/\/secure.gravatar.com\/avatar\/4315d6fb9ef244d729989f5f90268eb08d5bf8a3d84402f595fa194bb35784fd?s=96&d=mm&r=g","caption":"David H\u00f8jmark"},"sameAs":["https:\/\/www.kunmedierne.dk"],"url":"https:\/\/kunmedierne.dk\/mors\/author\/david\/"}]}},"_links":{"self":[{"href":"https:\/\/kunmedierne.dk\/mors\/wp-json\/wp\/v2\/posts\/128508","targetHints":{"allow":["GET"]}}],"collection":[{"href":"https:\/\/kunmedierne.dk\/mors\/wp-json\/wp\/v2\/posts"}],"about":[{"href":"https:\/\/kunmedierne.dk\/mors\/wp-json\/wp\/v2\/types\/post"}],"author":[{"embeddable":true,"href":"https:\/\/kunmedierne.dk\/mors\/wp-json\/wp\/v2\/users\/8"}],"replies":[{"embeddable":true,"href":"https:\/\/kunmedierne.dk\/mors\/wp-json\/wp\/v2\/comments?post=128508"}],"version-history":[{"count":4,"href":"https:\/\/kunmedierne.dk\/mors\/wp-json\/wp\/v2\/posts\/128508\/revisions"}],"predecessor-version":[{"id":128651,"href":"https:\/\/kunmedierne.dk\/mors\/wp-json\/wp\/v2\/posts\/128508\/revisions\/128651"}],"wp:attachment":[{"href":"https:\/\/kunmedierne.dk\/mors\/wp-json\/wp\/v2\/media?parent=128508"}],"wp:term":[{"taxonomy":"category","embeddable":true,"href":"https:\/\/kunmedierne.dk\/mors\/wp-json\/wp\/v2\/categories?post=128508"},{"taxonomy":"post_tag","embeddable":true,"href":"https:\/\/kunmedierne.dk\/mors\/wp-json\/wp\/v2\/tags?post=128508"}],"curies":[{"name":"wp","href":"https:\/\/api.w.org\/{rel}","templated":true}]}}