{"id":128204,"date":"2024-09-24T16:44:55","date_gmt":"2024-09-24T14:44:55","guid":{"rendered":"https:\/\/kunmedierne.dk\/mors\/?p=128204"},"modified":"2024-10-10T16:15:28","modified_gmt":"2024-10-10T14:15:28","slug":"oesters-og-muslingepremiere-timm-vladimir-skal-staa-i-spidsen-for-aarets-skaldyrsfest","status":"publish","type":"post","link":"https:\/\/kunmedierne.dk\/mors\/oesters-og-muslingepremiere-timm-vladimir-skal-staa-i-spidsen-for-aarets-skaldyrsfest\/","title":{"rendered":"\u00d8sters- og Muslingepremiere: Timm Vladimir skal st\u00e5 i spidsen for \u00e5rets skaldyrsfest"},"content":{"rendered":"<p><strong>PRESSEMEDDELELSE:<\/strong> Timm Vladimir fra Den store bagedyst p\u00e5 DRTV og DR1 vil l\u00f8rdag lede publikum gennem \u00d8sters- og Muslingepremieren i Arenaen i Nyk\u00f8bing.<\/p>\n<p>&#8211; Vi er stolte over at have Timm Vladimir som konferencier i \u00e5r. Hans passion for mad og underholdning passer perfekt til vores arrangement, hvor han er konferencier sammen med vores egen Kim Thygesen, siger Thomas Riis, pr\u00e6sident for Kokkeforeningen Danmark.<\/p>\n<a class=\"dvrt-link\" onClick=\"cdmtrack_click(104786,jQuery(this));return false\" href=\"https:\/\/limfjordsteatret.dk\/events\/tobias-dybvad-mit-bedste-onemanshow\/\"><img decoding=\"async\" style=\"width:100%;\" src=\"https:\/\/kunmedierne.dk\/mors\/wp-content\/uploads\/2023\/10\/aarskortLim_KunMors_1100x125.jpg\"><\/a><script>cdmtrack_view(104786);<\/script>\n<p>L\u00f8rdag d. 12. oktober starter med landing af \u00f8sters kl. 11 p\u00e5 havnen i Nyk\u00f8bing, hvorefter festlighederne forts\u00e6tter i Arenaen med Limfjordslunch for g\u00e6ster med billet. Ogs\u00e5 publikum uden billet kan overv\u00e6re de nervepirrende forrunder i den traditionsrige konkurrence DM i Champagnesabling og \u00d8sters\u00e5bning i Arenaen. Aftenens vinder af finalen i \u00d8sters\u00e5bning kvalificerer sig til at repr\u00e6sentere Danmark ved VM i Galway, Irland.<\/p>\n<p>Der vil ogs\u00e5 v\u00e6re rig mulighed for at k\u00f8be tastings med \u00f8sters og muslinger fra Limfjorden tilberedt af nogle af de bedste kokke: Lukas Gr\u00f8ntved fra Junior Kokkelandsholdet, Mads Andre Hansen fra Restaurant Bryggen, Emil Sundstr\u00f8m og Mikkel Lund Jensen fra Hotel Thinggaard, Benjamin Hylleberg fra Restaurant Rod, S\u00f8ren Olsen fra NorSoe Food, Bob Trinkj\u00e6r og Figo fra Caf\u00e9 L\u00c6 og Porto samt Jesper Voss, kendt som Oyster King.<\/p>\n<p>&#8211; \u00d8sters- og Muslingepremieren er en unik mulighed for at opleve det bedste fra Limfjorden. Vi gl\u00e6der os til at byde b\u00e5de lokale og bes\u00f8gende velkommen til en dag fyldt med smagsoplevelser og festligheder, siger Hans Ejner Bertelsen, borgmester og formand for Foreningen Danmarks Skaldyrshovedstad.<\/p>\n<p>L\u00f8rdag aften st\u00e5r p\u00e5 Langbordsmiddag med skaldyr for g\u00e6ster med billet. Middagen med skaldyr er tilberedt af Rasmus Overgaard Kardyb fra Restaurant Limfjordens Hus. G\u00e6ster uden billet er velkomne til et brag af en finale i DM i Champagnesabling og DM i \u00d8sters\u00e5bning. I l\u00f8bet af aftenen er der livemusik ved den lokale duo Dahlgaard-Dahlgaard, der ogs\u00e5 giver koncert efter pr\u00e6mieoverr\u00e6kkelsen til danmarksmestrene.<\/p>\n<a class=\"dvrt-link\" onClick=\"cdmtrack_click(116504,jQuery(this));return false\" href=\"https:\/\/www.nybolig.dk\/ejendomsmaeglere\/nordvestjylland\/nybolig-morsoe-nykoebing-mors\"><img decoding=\"async\" style=\"width:100%;\" src=\"https:\/\/kunmedierne.dk\/mors\/wp-content\/uploads\/2024\/04\/250825Nybolig.jpg\"><\/a><script>cdmtrack_view(116504);<\/script>\n<p>Til \u00d8sters- og Muslingepremieren har en r\u00e6kke af byens restauranter, bryggeri mm. s\u00e6rlige arrangementer. En s\u00e6rlig oplevelse venter dem, der deltager i \u00d8sterssafari. Her kan man komme i n\u00e6rkontakt med friske \u00f8sters og f\u00e5 gode r\u00e5d om tilberedning samt den nyeste viden om dyrelivet i Limfjorden.<\/p>\n<p><img loading=\"lazy\" decoding=\"async\" class=\"alignnone size-full wp-image-128209\" src=\"https:\/\/kunmedierne.dk\/mors\/wp-content\/uploads\/2024\/09\/KunMors-1232-x-820-px96.png\" alt=\"\" width=\"1232\" height=\"820\" srcset=\"https:\/\/kunmedierne.dk\/mors\/wp-content\/uploads\/2024\/09\/KunMors-1232-x-820-px96.png 1232w, https:\/\/kunmedierne.dk\/mors\/wp-content\/uploads\/2024\/09\/KunMors-1232-x-820-px96-300x200.png 300w, https:\/\/kunmedierne.dk\/mors\/wp-content\/uploads\/2024\/09\/KunMors-1232-x-820-px96-1024x682.png 1024w, https:\/\/kunmedierne.dk\/mors\/wp-content\/uploads\/2024\/09\/KunMors-1232-x-820-px96-510x339.png 510w\" sizes=\"auto, (max-width: 1232px) 100vw, 1232px\" \/><\/p>\n","protected":false},"excerpt":{"rendered":"<p>PRESSEMEDDELELSE: Timm Vladimir fra Den store bagedyst p\u00e5 DRTV og DR1 vil l\u00f8rdag lede publikum gennem \u00d8sters- og Muslingepremieren i Arenaen i Nyk\u00f8bing. &#8211; Vi er stolte over at have Timm Vladimir som konferencier i \u00e5r. Hans passion for mad og underholdning passer perfekt til vores arrangement, hvor han er konferencier sammen med vores egen [&hellip;]<\/p>\n","protected":false},"author":2507,"featured_media":0,"comment_status":"closed","ping_status":"closed","sticky":false,"template":"","format":"standard","meta":{"_acf_changed":false,"footnotes":""},"categories":[49],"tags":[169],"class_list":["post-128204","post","type-post","status-publish","format-standard","hentry","category-kultur","tag-skaldyr"],"acf":[],"yoast_head":"<!-- This site is optimized with the Yoast SEO plugin v26.8 - https:\/\/yoast.com\/product\/yoast-seo-wordpress\/ -->\n<title>\u00d8sters- og Muslingepremiere: Timm Vladimir skal st\u00e5 i spidsen for \u00e5rets skaldyrsfest - Mors<\/title>\n<meta name=\"robots\" content=\"index, follow, max-snippet:-1, max-image-preview:large, max-video-preview:-1\" \/>\n<link rel=\"canonical\" href=\"https:\/\/kunmedierne.dk\/mors\/oesters-og-muslingepremiere-timm-vladimir-skal-staa-i-spidsen-for-aarets-skaldyrsfest\/\" \/>\n<meta property=\"og:locale\" content=\"da_DK\" \/>\n<meta property=\"og:type\" content=\"article\" \/>\n<meta property=\"og:title\" content=\"\u00d8sters- og Muslingepremiere: Timm Vladimir skal st\u00e5 i spidsen for \u00e5rets skaldyrsfest - Mors\" \/>\n<meta property=\"og:description\" content=\"PRESSEMEDDELELSE: Timm Vladimir fra Den store bagedyst p\u00e5 DRTV og DR1 vil l\u00f8rdag lede publikum gennem \u00d8sters- og Muslingepremieren i Arenaen i Nyk\u00f8bing. &#8211; Vi er stolte over at have Timm Vladimir som konferencier i \u00e5r. Hans passion for mad og underholdning passer perfekt til vores arrangement, hvor han er konferencier sammen med vores egen [&hellip;]\" \/>\n<meta property=\"og:url\" content=\"https:\/\/kunmedierne.dk\/mors\/oesters-og-muslingepremiere-timm-vladimir-skal-staa-i-spidsen-for-aarets-skaldyrsfest\/\" \/>\n<meta property=\"og:site_name\" content=\"Mors\" \/>\n<meta property=\"article:published_time\" content=\"2024-09-24T14:44:55+00:00\" \/>\n<meta property=\"article:modified_time\" content=\"2024-10-10T14:15:28+00:00\" \/>\n<meta property=\"og:image\" content=\"https:\/\/kunmedierne.dk\/mors\/wp-content\/uploads\/2024\/09\/KunMors-1232-x-820-px96.png\" \/>\n<meta name=\"author\" content=\"Katrine Hedegaard\" \/>\n<meta name=\"twitter:card\" content=\"summary_large_image\" \/>\n<meta name=\"twitter:label1\" content=\"Skrevet af\" \/>\n\t<meta name=\"twitter:data1\" content=\"Katrine Hedegaard\" \/>\n\t<meta name=\"twitter:label2\" content=\"Estimeret l\u00e6setid\" \/>\n\t<meta name=\"twitter:data2\" content=\"3 minutter\" \/>\n<script type=\"application\/ld+json\" class=\"yoast-schema-graph\">{\"@context\":\"https:\/\/schema.org\",\"@graph\":[{\"@type\":\"Article\",\"@id\":\"https:\/\/kunmedierne.dk\/mors\/oesters-og-muslingepremiere-timm-vladimir-skal-staa-i-spidsen-for-aarets-skaldyrsfest\/#article\",\"isPartOf\":{\"@id\":\"https:\/\/kunmedierne.dk\/mors\/oesters-og-muslingepremiere-timm-vladimir-skal-staa-i-spidsen-for-aarets-skaldyrsfest\/\"},\"author\":{\"name\":\"Katrine Hedegaard\",\"@id\":\"https:\/\/kunmedierne.dk\/mors\/#\/schema\/person\/b2e62a38069b12365e53e087a8709c64\"},\"headline\":\"\u00d8sters- og Muslingepremiere: Timm Vladimir skal st\u00e5 i spidsen for \u00e5rets skaldyrsfest\",\"datePublished\":\"2024-09-24T14:44:55+00:00\",\"dateModified\":\"2024-10-10T14:15:28+00:00\",\"mainEntityOfPage\":{\"@id\":\"https:\/\/kunmedierne.dk\/mors\/oesters-og-muslingepremiere-timm-vladimir-skal-staa-i-spidsen-for-aarets-skaldyrsfest\/\"},\"wordCount\":397,\"publisher\":{\"@id\":\"https:\/\/kunmedierne.dk\/mors\/#organization\"},\"image\":{\"@id\":\"https:\/\/kunmedierne.dk\/mors\/oesters-og-muslingepremiere-timm-vladimir-skal-staa-i-spidsen-for-aarets-skaldyrsfest\/#primaryimage\"},\"thumbnailUrl\":\"https:\/\/kunmedierne.dk\/mors\/wp-content\/uploads\/2024\/09\/KunMors-1232-x-820-px96.png\",\"keywords\":[\"Skaldyr\"],\"articleSection\":[\"Kultur\"],\"inLanguage\":\"da-DK\"},{\"@type\":\"WebPage\",\"@id\":\"https:\/\/kunmedierne.dk\/mors\/oesters-og-muslingepremiere-timm-vladimir-skal-staa-i-spidsen-for-aarets-skaldyrsfest\/\",\"url\":\"https:\/\/kunmedierne.dk\/mors\/oesters-og-muslingepremiere-timm-vladimir-skal-staa-i-spidsen-for-aarets-skaldyrsfest\/\",\"name\":\"\u00d8sters- og Muslingepremiere: Timm Vladimir skal st\u00e5 i spidsen for \u00e5rets skaldyrsfest - Mors\",\"isPartOf\":{\"@id\":\"https:\/\/kunmedierne.dk\/mors\/#website\"},\"primaryImageOfPage\":{\"@id\":\"https:\/\/kunmedierne.dk\/mors\/oesters-og-muslingepremiere-timm-vladimir-skal-staa-i-spidsen-for-aarets-skaldyrsfest\/#primaryimage\"},\"image\":{\"@id\":\"https:\/\/kunmedierne.dk\/mors\/oesters-og-muslingepremiere-timm-vladimir-skal-staa-i-spidsen-for-aarets-skaldyrsfest\/#primaryimage\"},\"thumbnailUrl\":\"https:\/\/kunmedierne.dk\/mors\/wp-content\/uploads\/2024\/09\/KunMors-1232-x-820-px96.png\",\"datePublished\":\"2024-09-24T14:44:55+00:00\",\"dateModified\":\"2024-10-10T14:15:28+00:00\",\"breadcrumb\":{\"@id\":\"https:\/\/kunmedierne.dk\/mors\/oesters-og-muslingepremiere-timm-vladimir-skal-staa-i-spidsen-for-aarets-skaldyrsfest\/#breadcrumb\"},\"inLanguage\":\"da-DK\",\"potentialAction\":[{\"@type\":\"ReadAction\",\"target\":[\"https:\/\/kunmedierne.dk\/mors\/oesters-og-muslingepremiere-timm-vladimir-skal-staa-i-spidsen-for-aarets-skaldyrsfest\/\"]}]},{\"@type\":\"ImageObject\",\"inLanguage\":\"da-DK\",\"@id\":\"https:\/\/kunmedierne.dk\/mors\/oesters-og-muslingepremiere-timm-vladimir-skal-staa-i-spidsen-for-aarets-skaldyrsfest\/#primaryimage\",\"url\":\"https:\/\/kunmedierne.dk\/mors\/wp-content\/uploads\/2024\/09\/KunMors-1232-x-820-px96.png\",\"contentUrl\":\"https:\/\/kunmedierne.dk\/mors\/wp-content\/uploads\/2024\/09\/KunMors-1232-x-820-px96.png\",\"width\":1232,\"height\":820},{\"@type\":\"BreadcrumbList\",\"@id\":\"https:\/\/kunmedierne.dk\/mors\/oesters-og-muslingepremiere-timm-vladimir-skal-staa-i-spidsen-for-aarets-skaldyrsfest\/#breadcrumb\",\"itemListElement\":[{\"@type\":\"ListItem\",\"position\":1,\"name\":\"Hjem\",\"item\":\"https:\/\/kunmedierne.dk\/mors\/\"},{\"@type\":\"ListItem\",\"position\":2,\"name\":\"\u00d8sters- og Muslingepremiere: Timm Vladimir skal st\u00e5 i spidsen for \u00e5rets skaldyrsfest\"}]},{\"@type\":\"WebSite\",\"@id\":\"https:\/\/kunmedierne.dk\/mors\/#website\",\"url\":\"https:\/\/kunmedierne.dk\/mors\/\",\"name\":\"Mors\",\"description\":\"et netmedie med journalistik om livet p\u00e5 Mors\",\"publisher\":{\"@id\":\"https:\/\/kunmedierne.dk\/mors\/#organization\"},\"potentialAction\":[{\"@type\":\"SearchAction\",\"target\":{\"@type\":\"EntryPoint\",\"urlTemplate\":\"https:\/\/kunmedierne.dk\/mors\/?s={search_term_string}\"},\"query-input\":{\"@type\":\"PropertyValueSpecification\",\"valueRequired\":true,\"valueName\":\"search_term_string\"}}],\"inLanguage\":\"da-DK\"},{\"@type\":\"Organization\",\"@id\":\"https:\/\/kunmedierne.dk\/mors\/#organization\",\"name\":\"Mors\",\"url\":\"https:\/\/kunmedierne.dk\/mors\/\",\"logo\":{\"@type\":\"ImageObject\",\"inLanguage\":\"da-DK\",\"@id\":\"https:\/\/kunmedierne.dk\/mors\/#\/schema\/logo\/image\/\",\"url\":\"https:\/\/kunmedierne.dk\/mors\/wp-content\/uploads\/2024\/08\/kunmors-logo.svg\",\"contentUrl\":\"https:\/\/kunmedierne.dk\/mors\/wp-content\/uploads\/2024\/08\/kunmors-logo.svg\",\"caption\":\"Mors\"},\"image\":{\"@id\":\"https:\/\/kunmedierne.dk\/mors\/#\/schema\/logo\/image\/\"}},{\"@type\":\"Person\",\"@id\":\"https:\/\/kunmedierne.dk\/mors\/#\/schema\/person\/b2e62a38069b12365e53e087a8709c64\",\"name\":\"Katrine Hedegaard\",\"image\":{\"@type\":\"ImageObject\",\"inLanguage\":\"da-DK\",\"@id\":\"https:\/\/kunmedierne.dk\/mors\/#\/schema\/person\/image\/\",\"url\":\"https:\/\/secure.gravatar.com\/avatar\/18a5c72fa9148052fd3ed5a58b40fc83cfdc9811090e6e6eec9539af058edcc0?s=96&d=mm&r=g\",\"contentUrl\":\"https:\/\/secure.gravatar.com\/avatar\/18a5c72fa9148052fd3ed5a58b40fc83cfdc9811090e6e6eec9539af058edcc0?s=96&d=mm&r=g\",\"caption\":\"Katrine Hedegaard\"},\"url\":\"https:\/\/kunmedierne.dk\/mors\/author\/katrine\/\"}]}<\/script>\n<!-- \/ Yoast SEO plugin. -->","yoast_head_json":{"title":"\u00d8sters- og Muslingepremiere: Timm Vladimir skal st\u00e5 i spidsen for \u00e5rets skaldyrsfest - Mors","robots":{"index":"index","follow":"follow","max-snippet":"max-snippet:-1","max-image-preview":"max-image-preview:large","max-video-preview":"max-video-preview:-1"},"canonical":"https:\/\/kunmedierne.dk\/mors\/oesters-og-muslingepremiere-timm-vladimir-skal-staa-i-spidsen-for-aarets-skaldyrsfest\/","og_locale":"da_DK","og_type":"article","og_title":"\u00d8sters- og Muslingepremiere: Timm Vladimir skal st\u00e5 i spidsen for \u00e5rets skaldyrsfest - Mors","og_description":"PRESSEMEDDELELSE: Timm Vladimir fra Den store bagedyst p\u00e5 DRTV og DR1 vil l\u00f8rdag lede publikum gennem \u00d8sters- og Muslingepremieren i Arenaen i Nyk\u00f8bing. &#8211; Vi er stolte over at have Timm Vladimir som konferencier i \u00e5r. Hans passion for mad og underholdning passer perfekt til vores arrangement, hvor han er konferencier sammen med vores egen [&hellip;]","og_url":"https:\/\/kunmedierne.dk\/mors\/oesters-og-muslingepremiere-timm-vladimir-skal-staa-i-spidsen-for-aarets-skaldyrsfest\/","og_site_name":"Mors","article_published_time":"2024-09-24T14:44:55+00:00","article_modified_time":"2024-10-10T14:15:28+00:00","og_image":[{"url":"https:\/\/kunmedierne.dk\/mors\/wp-content\/uploads\/2024\/09\/KunMors-1232-x-820-px96.png","type":"","width":"","height":""}],"author":"Katrine Hedegaard","twitter_card":"summary_large_image","twitter_misc":{"Skrevet af":"Katrine Hedegaard","Estimeret l\u00e6setid":"3 minutter"},"schema":{"@context":"https:\/\/schema.org","@graph":[{"@type":"Article","@id":"https:\/\/kunmedierne.dk\/mors\/oesters-og-muslingepremiere-timm-vladimir-skal-staa-i-spidsen-for-aarets-skaldyrsfest\/#article","isPartOf":{"@id":"https:\/\/kunmedierne.dk\/mors\/oesters-og-muslingepremiere-timm-vladimir-skal-staa-i-spidsen-for-aarets-skaldyrsfest\/"},"author":{"name":"Katrine Hedegaard","@id":"https:\/\/kunmedierne.dk\/mors\/#\/schema\/person\/b2e62a38069b12365e53e087a8709c64"},"headline":"\u00d8sters- og Muslingepremiere: Timm Vladimir skal st\u00e5 i spidsen for \u00e5rets skaldyrsfest","datePublished":"2024-09-24T14:44:55+00:00","dateModified":"2024-10-10T14:15:28+00:00","mainEntityOfPage":{"@id":"https:\/\/kunmedierne.dk\/mors\/oesters-og-muslingepremiere-timm-vladimir-skal-staa-i-spidsen-for-aarets-skaldyrsfest\/"},"wordCount":397,"publisher":{"@id":"https:\/\/kunmedierne.dk\/mors\/#organization"},"image":{"@id":"https:\/\/kunmedierne.dk\/mors\/oesters-og-muslingepremiere-timm-vladimir-skal-staa-i-spidsen-for-aarets-skaldyrsfest\/#primaryimage"},"thumbnailUrl":"https:\/\/kunmedierne.dk\/mors\/wp-content\/uploads\/2024\/09\/KunMors-1232-x-820-px96.png","keywords":["Skaldyr"],"articleSection":["Kultur"],"inLanguage":"da-DK"},{"@type":"WebPage","@id":"https:\/\/kunmedierne.dk\/mors\/oesters-og-muslingepremiere-timm-vladimir-skal-staa-i-spidsen-for-aarets-skaldyrsfest\/","url":"https:\/\/kunmedierne.dk\/mors\/oesters-og-muslingepremiere-timm-vladimir-skal-staa-i-spidsen-for-aarets-skaldyrsfest\/","name":"\u00d8sters- og Muslingepremiere: Timm Vladimir skal st\u00e5 i spidsen for \u00e5rets skaldyrsfest - Mors","isPartOf":{"@id":"https:\/\/kunmedierne.dk\/mors\/#website"},"primaryImageOfPage":{"@id":"https:\/\/kunmedierne.dk\/mors\/oesters-og-muslingepremiere-timm-vladimir-skal-staa-i-spidsen-for-aarets-skaldyrsfest\/#primaryimage"},"image":{"@id":"https:\/\/kunmedierne.dk\/mors\/oesters-og-muslingepremiere-timm-vladimir-skal-staa-i-spidsen-for-aarets-skaldyrsfest\/#primaryimage"},"thumbnailUrl":"https:\/\/kunmedierne.dk\/mors\/wp-content\/uploads\/2024\/09\/KunMors-1232-x-820-px96.png","datePublished":"2024-09-24T14:44:55+00:00","dateModified":"2024-10-10T14:15:28+00:00","breadcrumb":{"@id":"https:\/\/kunmedierne.dk\/mors\/oesters-og-muslingepremiere-timm-vladimir-skal-staa-i-spidsen-for-aarets-skaldyrsfest\/#breadcrumb"},"inLanguage":"da-DK","potentialAction":[{"@type":"ReadAction","target":["https:\/\/kunmedierne.dk\/mors\/oesters-og-muslingepremiere-timm-vladimir-skal-staa-i-spidsen-for-aarets-skaldyrsfest\/"]}]},{"@type":"ImageObject","inLanguage":"da-DK","@id":"https:\/\/kunmedierne.dk\/mors\/oesters-og-muslingepremiere-timm-vladimir-skal-staa-i-spidsen-for-aarets-skaldyrsfest\/#primaryimage","url":"https:\/\/kunmedierne.dk\/mors\/wp-content\/uploads\/2024\/09\/KunMors-1232-x-820-px96.png","contentUrl":"https:\/\/kunmedierne.dk\/mors\/wp-content\/uploads\/2024\/09\/KunMors-1232-x-820-px96.png","width":1232,"height":820},{"@type":"BreadcrumbList","@id":"https:\/\/kunmedierne.dk\/mors\/oesters-og-muslingepremiere-timm-vladimir-skal-staa-i-spidsen-for-aarets-skaldyrsfest\/#breadcrumb","itemListElement":[{"@type":"ListItem","position":1,"name":"Hjem","item":"https:\/\/kunmedierne.dk\/mors\/"},{"@type":"ListItem","position":2,"name":"\u00d8sters- og Muslingepremiere: Timm Vladimir skal st\u00e5 i spidsen for \u00e5rets skaldyrsfest"}]},{"@type":"WebSite","@id":"https:\/\/kunmedierne.dk\/mors\/#website","url":"https:\/\/kunmedierne.dk\/mors\/","name":"Mors","description":"et netmedie med journalistik om livet p\u00e5 Mors","publisher":{"@id":"https:\/\/kunmedierne.dk\/mors\/#organization"},"potentialAction":[{"@type":"SearchAction","target":{"@type":"EntryPoint","urlTemplate":"https:\/\/kunmedierne.dk\/mors\/?s={search_term_string}"},"query-input":{"@type":"PropertyValueSpecification","valueRequired":true,"valueName":"search_term_string"}}],"inLanguage":"da-DK"},{"@type":"Organization","@id":"https:\/\/kunmedierne.dk\/mors\/#organization","name":"Mors","url":"https:\/\/kunmedierne.dk\/mors\/","logo":{"@type":"ImageObject","inLanguage":"da-DK","@id":"https:\/\/kunmedierne.dk\/mors\/#\/schema\/logo\/image\/","url":"https:\/\/kunmedierne.dk\/mors\/wp-content\/uploads\/2024\/08\/kunmors-logo.svg","contentUrl":"https:\/\/kunmedierne.dk\/mors\/wp-content\/uploads\/2024\/08\/kunmors-logo.svg","caption":"Mors"},"image":{"@id":"https:\/\/kunmedierne.dk\/mors\/#\/schema\/logo\/image\/"}},{"@type":"Person","@id":"https:\/\/kunmedierne.dk\/mors\/#\/schema\/person\/b2e62a38069b12365e53e087a8709c64","name":"Katrine Hedegaard","image":{"@type":"ImageObject","inLanguage":"da-DK","@id":"https:\/\/kunmedierne.dk\/mors\/#\/schema\/person\/image\/","url":"https:\/\/secure.gravatar.com\/avatar\/18a5c72fa9148052fd3ed5a58b40fc83cfdc9811090e6e6eec9539af058edcc0?s=96&d=mm&r=g","contentUrl":"https:\/\/secure.gravatar.com\/avatar\/18a5c72fa9148052fd3ed5a58b40fc83cfdc9811090e6e6eec9539af058edcc0?s=96&d=mm&r=g","caption":"Katrine Hedegaard"},"url":"https:\/\/kunmedierne.dk\/mors\/author\/katrine\/"}]}},"_links":{"self":[{"href":"https:\/\/kunmedierne.dk\/mors\/wp-json\/wp\/v2\/posts\/128204","targetHints":{"allow":["GET"]}}],"collection":[{"href":"https:\/\/kunmedierne.dk\/mors\/wp-json\/wp\/v2\/posts"}],"about":[{"href":"https:\/\/kunmedierne.dk\/mors\/wp-json\/wp\/v2\/types\/post"}],"author":[{"embeddable":true,"href":"https:\/\/kunmedierne.dk\/mors\/wp-json\/wp\/v2\/users\/2507"}],"replies":[{"embeddable":true,"href":"https:\/\/kunmedierne.dk\/mors\/wp-json\/wp\/v2\/comments?post=128204"}],"version-history":[{"count":7,"href":"https:\/\/kunmedierne.dk\/mors\/wp-json\/wp\/v2\/posts\/128204\/revisions"}],"predecessor-version":[{"id":128216,"href":"https:\/\/kunmedierne.dk\/mors\/wp-json\/wp\/v2\/posts\/128204\/revisions\/128216"}],"wp:attachment":[{"href":"https:\/\/kunmedierne.dk\/mors\/wp-json\/wp\/v2\/media?parent=128204"}],"wp:term":[{"taxonomy":"category","embeddable":true,"href":"https:\/\/kunmedierne.dk\/mors\/wp-json\/wp\/v2\/categories?post=128204"},{"taxonomy":"post_tag","embeddable":true,"href":"https:\/\/kunmedierne.dk\/mors\/wp-json\/wp\/v2\/tags?post=128204"}],"curies":[{"name":"wp","href":"https:\/\/api.w.org\/{rel}","templated":true}]}}