{"id":128034,"date":"2024-09-22T14:20:43","date_gmt":"2024-09-22T12:20:43","guid":{"rendered":"https:\/\/kunmedierne.dk\/mors\/?p=128034"},"modified":"2024-09-22T14:20:43","modified_gmt":"2024-09-22T12:20:43","slug":"videnskabsforedrag-molekyler-klimakatastrofer-og-oel-er-paa-efteraarets-program","status":"publish","type":"post","link":"https:\/\/kunmedierne.dk\/mors\/videnskabsforedrag-molekyler-klimakatastrofer-og-oel-er-paa-efteraarets-program\/","title":{"rendered":"<span>Videnskabsforedrag:<\/span> Molekyler, klimakatastrofer og \u00f8l er p\u00e5 efter\u00e5rets program"},"content":{"rendered":"<p><strong>FOREDRAG<\/strong>: Det begynder med noget meget sm\u00e5t og slutter med noget meget velsmagende.<\/p>\n<p>S\u00e6sonen for videnskabsforedrag begynder tirsdag aften klokken 19, n\u00e5r b\u00e5de Bio Mors og Vester Assels Forsamlingshus er v\u00e6rt for det f\u00f8rste i r\u00e6kken p\u00e5 seks. Alle bliver transmitteret live fra Aarhus Universitet.<\/p>\n<a class=\"dvrt-link\" onClick=\"cdmtrack_click(104783,jQuery(this));return false\" href=\"https:\/\/konpap.dk\/\"><img decoding=\"async\" style=\"width:100%;\" src=\"https:\/\/kunmedierne.dk\/mors\/wp-content\/uploads\/2023\/10\/Kun-Mors-banner.jpg\"><\/a><script>cdmtrack_view(104783);<\/script>\n<p>Her \u00e5bner kemiker Karl Anker J\u00f8rgensen med et foredrag med titlen &#8220;Spejlbilleder og molekyler&#8221;. Det handler om, lyder det i en foromtale, at spejlbillede-molekyler best\u00e5r af samme atomer, men er et spejlbillede af hinanden.<\/p>\n<p>&#8220;Det ene kan v\u00e6re vital for os, mens den anden version kan v\u00e6re giftig. Derfor er det afg\u00f8rende at forst\u00e5 molekylernes struktur \u2013 blandt andet n\u00e5r der udvikles nye l\u00e6gemidler,&#8221; lyder det.<\/p>\n<p>Foromtalen beskriver ogs\u00e5\u00a0Karl Anker J\u00f8rgensen som professor ved Institut for Kemi p\u00e5 Aarhus Universitet, hvor &#8220;han har udviklet banebrydende ny kemi baseret p\u00e5 katalyse, der p\u00e5 en simpel og milj\u00f8venlig m\u00e5de har gjort det muligt at styre dannelsen af molekyler i tre-dimensioner. Denne nye form for kemi har ikke kun fundet stor anvendelse ved universiteter verden over, men er ogs\u00e5 anvendt i blandt andet medicinalindustrien til fremstilling af l\u00e6gemidler.&#8221;<\/p>\n<a class=\"dvrt-link\" onClick=\"cdmtrack_click(104779,jQuery(this));return false\" href=\"https:\/\/morsoe-begravelsesforretning.dk\/\"><img decoding=\"async\" style=\"width:100%;\" src=\"https:\/\/kunmedierne.dk\/mors\/wp-content\/uploads\/2023\/11\/251215-morsoe-begravelsesforretning.jpg\"><\/a><script>cdmtrack_view(104779);<\/script>\n<p>Allerede tirsdagen efter s\u00e6sonens f\u00f8rste foredrag venter det n\u00e6ste, n\u00e5r geofysiker David Lundbek Egholm ser langt tilbage tiden og fort\u00e6ller om de klimakatastrofer, Jorden tidligere har v\u00e6ret ramt af.<\/p>\n<p>Siden handler det b\u00e5de om universet, tal og vild natur, inden det hele 19. november kan skylles ned med et foredrag af Birgitte Skadhauge og Erik Lund om videnskaben bag \u00f8l.<\/p>\n<p>&nbsp;<\/p>\n<blockquote>\n<h3>FAKTA<\/h3>\n<p>Efter\u00e5rets seks videnskabsforedrag :<\/p>\n<p>24. september: &#8220;Spejlbilleder og molekyler&#8221; (kemiker Karl Anker J\u00f8rgensen).<\/p>\n<p>1. oktober:\u00a0&#8220;Jordens forhistoriske klimakatastrofer&#8221; (geofysiker David Lundbek Egholm).<\/p>\n<p>22. oktober: &#8220;Teleskopet &#8211; vores \u00f8je til universet&#8221; (Hans Buhl og Hans Kjeldsen).<\/p>\n<p>5. november: &#8220;Tal, tilf\u00e6ldigheder og tipping points&#8221; (statistikker Susanne Ditlevsen).<\/p>\n<p>12. november: &#8220;Fortidens og fremtidens vilde natur&#8221; (Anne Eskildsen, Rasmus Ejrn\u00e6s og Henrik Bruun).<\/p>\n<p>19. november: &#8220;Videnskaben bag \u00f8l&#8221; (Birgitte Skadhauge og Erik Lund).<\/p><\/blockquote>\n","protected":false},"excerpt":{"rendered":"<p>FOREDRAG: Det begynder med noget meget sm\u00e5t og slutter med noget meget velsmagende. S\u00e6sonen for videnskabsforedrag begynder tirsdag aften klokken 19, n\u00e5r b\u00e5de Bio Mors og Vester Assels Forsamlingshus er v\u00e6rt for det f\u00f8rste i r\u00e6kken p\u00e5 seks. Alle bliver transmitteret live fra Aarhus Universitet. Her \u00e5bner kemiker Karl Anker J\u00f8rgensen med et foredrag med [&hellip;]<\/p>\n","protected":false},"author":8,"featured_media":0,"comment_status":"closed","ping_status":"closed","sticky":false,"template":"","format":"standard","meta":{"_acf_changed":false,"footnotes":""},"categories":[51],"tags":[],"class_list":["post-128034","post","type-post","status-publish","format-standard","hentry","category-lokalt"],"acf":[],"yoast_head":"<!-- This site is optimized with the Yoast SEO plugin v26.8 - https:\/\/yoast.com\/product\/yoast-seo-wordpress\/ -->\n<title>Videnskabsforedrag: Molekyler, klimakatastrofer og \u00f8l er p\u00e5 efter\u00e5rets program - Mors<\/title>\n<meta name=\"robots\" content=\"index, follow, max-snippet:-1, max-image-preview:large, max-video-preview:-1\" \/>\n<link rel=\"canonical\" href=\"https:\/\/kunmedierne.dk\/mors\/videnskabsforedrag-molekyler-klimakatastrofer-og-oel-er-paa-efteraarets-program\/\" \/>\n<meta property=\"og:locale\" content=\"da_DK\" \/>\n<meta property=\"og:type\" content=\"article\" \/>\n<meta property=\"og:title\" content=\"Videnskabsforedrag: Molekyler, klimakatastrofer og \u00f8l er p\u00e5 efter\u00e5rets program - Mors\" \/>\n<meta property=\"og:description\" content=\"FOREDRAG: Det begynder med noget meget sm\u00e5t og slutter med noget meget velsmagende. S\u00e6sonen for videnskabsforedrag begynder tirsdag aften klokken 19, n\u00e5r b\u00e5de Bio Mors og Vester Assels Forsamlingshus er v\u00e6rt for det f\u00f8rste i r\u00e6kken p\u00e5 seks. Alle bliver transmitteret live fra Aarhus Universitet. Her \u00e5bner kemiker Karl Anker J\u00f8rgensen med et foredrag med [&hellip;]\" \/>\n<meta property=\"og:url\" content=\"https:\/\/kunmedierne.dk\/mors\/videnskabsforedrag-molekyler-klimakatastrofer-og-oel-er-paa-efteraarets-program\/\" \/>\n<meta property=\"og:site_name\" content=\"Mors\" \/>\n<meta property=\"article:published_time\" content=\"2024-09-22T12:20:43+00:00\" \/>\n<meta name=\"author\" content=\"David H\u00f8jmark\" \/>\n<meta name=\"twitter:card\" content=\"summary_large_image\" \/>\n<meta name=\"twitter:label1\" content=\"Skrevet af\" \/>\n\t<meta name=\"twitter:data1\" content=\"David H\u00f8jmark\" \/>\n\t<meta name=\"twitter:label2\" content=\"Estimeret l\u00e6setid\" \/>\n\t<meta name=\"twitter:data2\" content=\"2 minutter\" \/>\n<script type=\"application\/ld+json\" class=\"yoast-schema-graph\">{\"@context\":\"https:\/\/schema.org\",\"@graph\":[{\"@type\":\"Article\",\"@id\":\"https:\/\/kunmedierne.dk\/mors\/videnskabsforedrag-molekyler-klimakatastrofer-og-oel-er-paa-efteraarets-program\/#article\",\"isPartOf\":{\"@id\":\"https:\/\/kunmedierne.dk\/mors\/videnskabsforedrag-molekyler-klimakatastrofer-og-oel-er-paa-efteraarets-program\/\"},\"author\":{\"name\":\"David H\u00f8jmark\",\"@id\":\"https:\/\/kunmedierne.dk\/mors\/#\/schema\/person\/5fe23251bf1d0abbcdc6f7896579d548\"},\"headline\":\"Videnskabsforedrag: Molekyler, klimakatastrofer og \u00f8l er p\u00e5 efter\u00e5rets program\",\"datePublished\":\"2024-09-22T12:20:43+00:00\",\"mainEntityOfPage\":{\"@id\":\"https:\/\/kunmedierne.dk\/mors\/videnskabsforedrag-molekyler-klimakatastrofer-og-oel-er-paa-efteraarets-program\/\"},\"wordCount\":345,\"publisher\":{\"@id\":\"https:\/\/kunmedierne.dk\/mors\/#organization\"},\"articleSection\":[\"Lokalt\"],\"inLanguage\":\"da-DK\"},{\"@type\":\"WebPage\",\"@id\":\"https:\/\/kunmedierne.dk\/mors\/videnskabsforedrag-molekyler-klimakatastrofer-og-oel-er-paa-efteraarets-program\/\",\"url\":\"https:\/\/kunmedierne.dk\/mors\/videnskabsforedrag-molekyler-klimakatastrofer-og-oel-er-paa-efteraarets-program\/\",\"name\":\"Videnskabsforedrag: Molekyler, klimakatastrofer og \u00f8l er p\u00e5 efter\u00e5rets program - Mors\",\"isPartOf\":{\"@id\":\"https:\/\/kunmedierne.dk\/mors\/#website\"},\"datePublished\":\"2024-09-22T12:20:43+00:00\",\"breadcrumb\":{\"@id\":\"https:\/\/kunmedierne.dk\/mors\/videnskabsforedrag-molekyler-klimakatastrofer-og-oel-er-paa-efteraarets-program\/#breadcrumb\"},\"inLanguage\":\"da-DK\",\"potentialAction\":[{\"@type\":\"ReadAction\",\"target\":[\"https:\/\/kunmedierne.dk\/mors\/videnskabsforedrag-molekyler-klimakatastrofer-og-oel-er-paa-efteraarets-program\/\"]}]},{\"@type\":\"BreadcrumbList\",\"@id\":\"https:\/\/kunmedierne.dk\/mors\/videnskabsforedrag-molekyler-klimakatastrofer-og-oel-er-paa-efteraarets-program\/#breadcrumb\",\"itemListElement\":[{\"@type\":\"ListItem\",\"position\":1,\"name\":\"Hjem\",\"item\":\"https:\/\/kunmedierne.dk\/mors\/\"},{\"@type\":\"ListItem\",\"position\":2,\"name\":\"Videnskabsforedrag: Molekyler, klimakatastrofer og \u00f8l er p\u00e5 efter\u00e5rets program\"}]},{\"@type\":\"WebSite\",\"@id\":\"https:\/\/kunmedierne.dk\/mors\/#website\",\"url\":\"https:\/\/kunmedierne.dk\/mors\/\",\"name\":\"Mors\",\"description\":\"et netmedie med journalistik om livet p\u00e5 Mors\",\"publisher\":{\"@id\":\"https:\/\/kunmedierne.dk\/mors\/#organization\"},\"potentialAction\":[{\"@type\":\"SearchAction\",\"target\":{\"@type\":\"EntryPoint\",\"urlTemplate\":\"https:\/\/kunmedierne.dk\/mors\/?s={search_term_string}\"},\"query-input\":{\"@type\":\"PropertyValueSpecification\",\"valueRequired\":true,\"valueName\":\"search_term_string\"}}],\"inLanguage\":\"da-DK\"},{\"@type\":\"Organization\",\"@id\":\"https:\/\/kunmedierne.dk\/mors\/#organization\",\"name\":\"Mors\",\"url\":\"https:\/\/kunmedierne.dk\/mors\/\",\"logo\":{\"@type\":\"ImageObject\",\"inLanguage\":\"da-DK\",\"@id\":\"https:\/\/kunmedierne.dk\/mors\/#\/schema\/logo\/image\/\",\"url\":\"https:\/\/kunmedierne.dk\/mors\/wp-content\/uploads\/2024\/08\/kunmors-logo.svg\",\"contentUrl\":\"https:\/\/kunmedierne.dk\/mors\/wp-content\/uploads\/2024\/08\/kunmors-logo.svg\",\"caption\":\"Mors\"},\"image\":{\"@id\":\"https:\/\/kunmedierne.dk\/mors\/#\/schema\/logo\/image\/\"}},{\"@type\":\"Person\",\"@id\":\"https:\/\/kunmedierne.dk\/mors\/#\/schema\/person\/5fe23251bf1d0abbcdc6f7896579d548\",\"name\":\"David H\u00f8jmark\",\"image\":{\"@type\":\"ImageObject\",\"inLanguage\":\"da-DK\",\"@id\":\"https:\/\/kunmedierne.dk\/mors\/#\/schema\/person\/image\/\",\"url\":\"https:\/\/secure.gravatar.com\/avatar\/4315d6fb9ef244d729989f5f90268eb08d5bf8a3d84402f595fa194bb35784fd?s=96&d=mm&r=g\",\"contentUrl\":\"https:\/\/secure.gravatar.com\/avatar\/4315d6fb9ef244d729989f5f90268eb08d5bf8a3d84402f595fa194bb35784fd?s=96&d=mm&r=g\",\"caption\":\"David H\u00f8jmark\"},\"sameAs\":[\"https:\/\/www.kunmedierne.dk\"],\"url\":\"https:\/\/kunmedierne.dk\/mors\/author\/david\/\"}]}<\/script>\n<!-- \/ Yoast SEO plugin. -->","yoast_head_json":{"title":"Videnskabsforedrag: Molekyler, klimakatastrofer og \u00f8l er p\u00e5 efter\u00e5rets program - Mors","robots":{"index":"index","follow":"follow","max-snippet":"max-snippet:-1","max-image-preview":"max-image-preview:large","max-video-preview":"max-video-preview:-1"},"canonical":"https:\/\/kunmedierne.dk\/mors\/videnskabsforedrag-molekyler-klimakatastrofer-og-oel-er-paa-efteraarets-program\/","og_locale":"da_DK","og_type":"article","og_title":"Videnskabsforedrag: Molekyler, klimakatastrofer og \u00f8l er p\u00e5 efter\u00e5rets program - Mors","og_description":"FOREDRAG: Det begynder med noget meget sm\u00e5t og slutter med noget meget velsmagende. S\u00e6sonen for videnskabsforedrag begynder tirsdag aften klokken 19, n\u00e5r b\u00e5de Bio Mors og Vester Assels Forsamlingshus er v\u00e6rt for det f\u00f8rste i r\u00e6kken p\u00e5 seks. Alle bliver transmitteret live fra Aarhus Universitet. Her \u00e5bner kemiker Karl Anker J\u00f8rgensen med et foredrag med [&hellip;]","og_url":"https:\/\/kunmedierne.dk\/mors\/videnskabsforedrag-molekyler-klimakatastrofer-og-oel-er-paa-efteraarets-program\/","og_site_name":"Mors","article_published_time":"2024-09-22T12:20:43+00:00","author":"David H\u00f8jmark","twitter_card":"summary_large_image","twitter_misc":{"Skrevet af":"David H\u00f8jmark","Estimeret l\u00e6setid":"2 minutter"},"schema":{"@context":"https:\/\/schema.org","@graph":[{"@type":"Article","@id":"https:\/\/kunmedierne.dk\/mors\/videnskabsforedrag-molekyler-klimakatastrofer-og-oel-er-paa-efteraarets-program\/#article","isPartOf":{"@id":"https:\/\/kunmedierne.dk\/mors\/videnskabsforedrag-molekyler-klimakatastrofer-og-oel-er-paa-efteraarets-program\/"},"author":{"name":"David H\u00f8jmark","@id":"https:\/\/kunmedierne.dk\/mors\/#\/schema\/person\/5fe23251bf1d0abbcdc6f7896579d548"},"headline":"Videnskabsforedrag: Molekyler, klimakatastrofer og \u00f8l er p\u00e5 efter\u00e5rets program","datePublished":"2024-09-22T12:20:43+00:00","mainEntityOfPage":{"@id":"https:\/\/kunmedierne.dk\/mors\/videnskabsforedrag-molekyler-klimakatastrofer-og-oel-er-paa-efteraarets-program\/"},"wordCount":345,"publisher":{"@id":"https:\/\/kunmedierne.dk\/mors\/#organization"},"articleSection":["Lokalt"],"inLanguage":"da-DK"},{"@type":"WebPage","@id":"https:\/\/kunmedierne.dk\/mors\/videnskabsforedrag-molekyler-klimakatastrofer-og-oel-er-paa-efteraarets-program\/","url":"https:\/\/kunmedierne.dk\/mors\/videnskabsforedrag-molekyler-klimakatastrofer-og-oel-er-paa-efteraarets-program\/","name":"Videnskabsforedrag: Molekyler, klimakatastrofer og \u00f8l er p\u00e5 efter\u00e5rets program - Mors","isPartOf":{"@id":"https:\/\/kunmedierne.dk\/mors\/#website"},"datePublished":"2024-09-22T12:20:43+00:00","breadcrumb":{"@id":"https:\/\/kunmedierne.dk\/mors\/videnskabsforedrag-molekyler-klimakatastrofer-og-oel-er-paa-efteraarets-program\/#breadcrumb"},"inLanguage":"da-DK","potentialAction":[{"@type":"ReadAction","target":["https:\/\/kunmedierne.dk\/mors\/videnskabsforedrag-molekyler-klimakatastrofer-og-oel-er-paa-efteraarets-program\/"]}]},{"@type":"BreadcrumbList","@id":"https:\/\/kunmedierne.dk\/mors\/videnskabsforedrag-molekyler-klimakatastrofer-og-oel-er-paa-efteraarets-program\/#breadcrumb","itemListElement":[{"@type":"ListItem","position":1,"name":"Hjem","item":"https:\/\/kunmedierne.dk\/mors\/"},{"@type":"ListItem","position":2,"name":"Videnskabsforedrag: Molekyler, klimakatastrofer og \u00f8l er p\u00e5 efter\u00e5rets program"}]},{"@type":"WebSite","@id":"https:\/\/kunmedierne.dk\/mors\/#website","url":"https:\/\/kunmedierne.dk\/mors\/","name":"Mors","description":"et netmedie med journalistik om livet p\u00e5 Mors","publisher":{"@id":"https:\/\/kunmedierne.dk\/mors\/#organization"},"potentialAction":[{"@type":"SearchAction","target":{"@type":"EntryPoint","urlTemplate":"https:\/\/kunmedierne.dk\/mors\/?s={search_term_string}"},"query-input":{"@type":"PropertyValueSpecification","valueRequired":true,"valueName":"search_term_string"}}],"inLanguage":"da-DK"},{"@type":"Organization","@id":"https:\/\/kunmedierne.dk\/mors\/#organization","name":"Mors","url":"https:\/\/kunmedierne.dk\/mors\/","logo":{"@type":"ImageObject","inLanguage":"da-DK","@id":"https:\/\/kunmedierne.dk\/mors\/#\/schema\/logo\/image\/","url":"https:\/\/kunmedierne.dk\/mors\/wp-content\/uploads\/2024\/08\/kunmors-logo.svg","contentUrl":"https:\/\/kunmedierne.dk\/mors\/wp-content\/uploads\/2024\/08\/kunmors-logo.svg","caption":"Mors"},"image":{"@id":"https:\/\/kunmedierne.dk\/mors\/#\/schema\/logo\/image\/"}},{"@type":"Person","@id":"https:\/\/kunmedierne.dk\/mors\/#\/schema\/person\/5fe23251bf1d0abbcdc6f7896579d548","name":"David H\u00f8jmark","image":{"@type":"ImageObject","inLanguage":"da-DK","@id":"https:\/\/kunmedierne.dk\/mors\/#\/schema\/person\/image\/","url":"https:\/\/secure.gravatar.com\/avatar\/4315d6fb9ef244d729989f5f90268eb08d5bf8a3d84402f595fa194bb35784fd?s=96&d=mm&r=g","contentUrl":"https:\/\/secure.gravatar.com\/avatar\/4315d6fb9ef244d729989f5f90268eb08d5bf8a3d84402f595fa194bb35784fd?s=96&d=mm&r=g","caption":"David H\u00f8jmark"},"sameAs":["https:\/\/www.kunmedierne.dk"],"url":"https:\/\/kunmedierne.dk\/mors\/author\/david\/"}]}},"_links":{"self":[{"href":"https:\/\/kunmedierne.dk\/mors\/wp-json\/wp\/v2\/posts\/128034","targetHints":{"allow":["GET"]}}],"collection":[{"href":"https:\/\/kunmedierne.dk\/mors\/wp-json\/wp\/v2\/posts"}],"about":[{"href":"https:\/\/kunmedierne.dk\/mors\/wp-json\/wp\/v2\/types\/post"}],"author":[{"embeddable":true,"href":"https:\/\/kunmedierne.dk\/mors\/wp-json\/wp\/v2\/users\/8"}],"replies":[{"embeddable":true,"href":"https:\/\/kunmedierne.dk\/mors\/wp-json\/wp\/v2\/comments?post=128034"}],"version-history":[{"count":4,"href":"https:\/\/kunmedierne.dk\/mors\/wp-json\/wp\/v2\/posts\/128034\/revisions"}],"predecessor-version":[{"id":128043,"href":"https:\/\/kunmedierne.dk\/mors\/wp-json\/wp\/v2\/posts\/128034\/revisions\/128043"}],"wp:attachment":[{"href":"https:\/\/kunmedierne.dk\/mors\/wp-json\/wp\/v2\/media?parent=128034"}],"wp:term":[{"taxonomy":"category","embeddable":true,"href":"https:\/\/kunmedierne.dk\/mors\/wp-json\/wp\/v2\/categories?post=128034"},{"taxonomy":"post_tag","embeddable":true,"href":"https:\/\/kunmedierne.dk\/mors\/wp-json\/wp\/v2\/tags?post=128034"}],"curies":[{"name":"wp","href":"https:\/\/api.w.org\/{rel}","templated":true}]}}