{"id":12777,"date":"2020-03-11T11:14:49","date_gmt":"2020-03-11T10:14:49","guid":{"rendered":"https:\/\/kunmedierne.dk\/mors\/?p=12777"},"modified":"2024-08-12T14:06:22","modified_gmt":"2024-08-12T12:06:22","slug":"vi-holder-jo-ikke-op-med-at-leve","status":"publish","type":"post","link":"https:\/\/kunmedierne.dk\/mors\/vi-holder-jo-ikke-op-med-at-leve\/","title":{"rendered":"&#8211; Vi holder jo ikke op med at leve"},"content":{"rendered":"<p><strong>ERSLEV<\/strong>: Aflysningerne v\u00e6lter ind over \u00f8en, men i hvert fald \u00e9t arrangement ser ud til at blive gennemf\u00f8rt som planlagt p\u00e5 trods af coronavirus.<\/p>\n<p>Fredag aften holder den tidligere fodboldspiller Morten Bruun sammen med journalisten Peter Piil foredrag i Erslev Forsamlingshus. Det er for 150 mennesker, og if\u00f8lge en af arrang\u00f8rerne, Henrik &#8220;Sivert&#8221; Kristensen, bliver aftenen gennemf\u00f8rt.<\/p>\n<p>S\u00e5 sent som onsdag formiddag kontaktede han Morten Bruun for at sp\u00f8rge, om de skulle aflyse. Svaret var klart: &#8220;Overhovedet ikke!&#8221;<\/p>\n<p>Henrik &#8220;Sivert&#8221; Kristensen tilf\u00f8jer:<\/p>\n<p>&#8220;Der er jo ogs\u00e5 langt under 1000 mennesker, og som Morten Bruun svarede: Vi holder jo ikke op med at leve p\u00e5 grund af det her.&#8221;<\/p>\n<p>Han oplyser, at det er op til Morten Bruun og Peter Piil at afg\u00f8re, om de vil gennemf\u00f8re foredraget, og det tyder det alts\u00e5 p\u00e5, at de vil. S\u00e5 hvis alle, der har k\u00f8bt billet, m\u00f8der op, bliver det med 150 mennesker under samme tag.<\/p>\n<p>&#8220;Man skal jo nok lade v\u00e6re med at g\u00e5 og omfavne hinanden, men det er jo kun mandfolk, der kommer, s\u00e5 det sker nok heller ikke,&#8221; siger Henrik &#8220;Sivert&#8221; Kristensen.<\/p>\n<p>&nbsp;<\/p>\n<p><strong>Mors\u00f8 Taxi- &amp; Turisttrafik spritter l\u00f8s<\/strong><\/p>\n<p>Han var s\u00e5 sent i weekenden p\u00e5 Anfield i Liverpool for sammen med flere ned 53.000 andre tilskuere at se hjerteklubben spille i Premier League. I andre lande bliver store kampe spillet for tomme tribuner &#8211; lige som det som bekendt ogs\u00e5 er tilf\u00e6ldet herhjemme.<\/p>\n<p>Helt lokalt bliver der i \u00f8vrigt ogs\u00e5 taget andre skridt end aflysninger. Martin Haar Josefsen oplyser, at man i Mors\u00f8 Taxi &amp; Turisttrafik er begyndt at spritte af i busserne &#8211; p\u00e5 holdest\u00e6nger, arml\u00e6n og stopknapper.<\/p>\n<p>&#8220;Det g\u00f8r vi ogs\u00e5 i taxier og flexbilerne for at mindske risikoen,&#8221; siger han.<\/p>\n<p>Tiltaget kommer, efter at trafikken v\u00e6r var blevet indstillet, da flere elever fra 10&#8217;eren havde v\u00e6ret med Mors\u00f8 Taxi- &amp; Turisttrafik, mens der l\u00f8b et rygte om coronavirus p\u00e5 10&#8217;eren.<\/p>\n<p>Det rygte har afdelingsleder Rasmus Hovde <a href=\"https:\/\/kunmedierne.dk\/mors\/dueholmskolen-reagerer-paa-coronavirus\/\" target=\"_blank\" rel=\"noopener noreferrer\">afkr\u00e6ftet<\/a>.<\/p>\n<p>&nbsp;<\/p>\n<p>Information fra Sundhedsstyrelsen om coronavirus <a href=\"https:\/\/www.sst.dk\/da\/Viden\/Smitsomme-sygdomme\/Smitsomme-sygdomme-A-AA\/Coronavirus\/Spoergsmaal-og-svar\" target=\"_blank\" rel=\"noopener noreferrer\">her<\/a>.<\/p>\n<p><img loading=\"lazy\" decoding=\"async\" class=\"alignnone size-full wp-image-12670\" src=\"https:\/\/kunmedierne.dk\/mors\/wp-content\/uploads\/2020\/03\/Banner-forebyg-smitte.jpg\" alt=\"\" width=\"770\" height=\"462\" srcset=\"https:\/\/kunmedierne.dk\/mors\/wp-content\/uploads\/2020\/03\/Banner-forebyg-smitte.jpg 770w, https:\/\/kunmedierne.dk\/mors\/wp-content\/uploads\/2020\/03\/Banner-forebyg-smitte-300x180.jpg 300w, https:\/\/kunmedierne.dk\/mors\/wp-content\/uploads\/2020\/03\/Banner-forebyg-smitte-768x461.jpg 768w, https:\/\/kunmedierne.dk\/mors\/wp-content\/uploads\/2020\/03\/Banner-forebyg-smitte-600x360.jpg 600w\" sizes=\"auto, (max-width: 770px) 100vw, 770px\" \/><\/p>\n","protected":false},"excerpt":{"rendered":"<p>ERSLEV: Aflysningerne v\u00e6lter ind over \u00f8en, men i hvert fald \u00e9t arrangement ser ud til at blive gennemf\u00f8rt som planlagt p\u00e5 trods af coronavirus. Fredag aften holder den tidligere fodboldspiller Morten Bruun sammen med journalisten Peter Piil foredrag i Erslev Forsamlingshus. Det er for 150 mennesker, og if\u00f8lge en af arrang\u00f8rerne, Henrik &#8220;Sivert&#8221; Kristensen, bliver [&hellip;]<\/p>\n","protected":false},"author":8,"featured_media":12778,"comment_status":"open","ping_status":"open","sticky":false,"template":"","format":"standard","meta":{"_acf_changed":false,"footnotes":""},"categories":[51],"tags":[],"class_list":["post-12777","post","type-post","status-publish","format-standard","has-post-thumbnail","hentry","category-lokalt"],"acf":[],"yoast_head":"<!-- This site is optimized with the Yoast SEO plugin v26.8 - https:\/\/yoast.com\/product\/yoast-seo-wordpress\/ -->\n<title>- Vi holder jo ikke op med at leve - Mors<\/title>\n<meta name=\"robots\" content=\"index, follow, max-snippet:-1, max-image-preview:large, max-video-preview:-1\" \/>\n<link rel=\"canonical\" href=\"https:\/\/kunmedierne.dk\/mors\/vi-holder-jo-ikke-op-med-at-leve\/\" \/>\n<meta property=\"og:locale\" content=\"da_DK\" \/>\n<meta property=\"og:type\" content=\"article\" \/>\n<meta property=\"og:title\" content=\"- Vi holder jo ikke op med at leve - Mors\" \/>\n<meta property=\"og:description\" content=\"ERSLEV: Aflysningerne v\u00e6lter ind over \u00f8en, men i hvert fald \u00e9t arrangement ser ud til at blive gennemf\u00f8rt som planlagt p\u00e5 trods af coronavirus. Fredag aften holder den tidligere fodboldspiller Morten Bruun sammen med journalisten Peter Piil foredrag i Erslev Forsamlingshus. Det er for 150 mennesker, og if\u00f8lge en af arrang\u00f8rerne, Henrik &#8220;Sivert&#8221; Kristensen, bliver [&hellip;]\" \/>\n<meta property=\"og:url\" content=\"https:\/\/kunmedierne.dk\/mors\/vi-holder-jo-ikke-op-med-at-leve\/\" \/>\n<meta property=\"og:site_name\" content=\"Mors\" \/>\n<meta property=\"article:published_time\" content=\"2020-03-11T10:14:49+00:00\" \/>\n<meta property=\"article:modified_time\" content=\"2024-08-12T12:06:22+00:00\" \/>\n<meta property=\"og:image\" content=\"https:\/\/kunmedierne.dk\/mors\/wp-content\/uploads\/2020\/03\/bruun.jpg\" \/>\n\t<meta property=\"og:image:width\" content=\"720\" \/>\n\t<meta property=\"og:image:height\" content=\"480\" \/>\n\t<meta property=\"og:image:type\" content=\"image\/jpeg\" \/>\n<meta name=\"author\" content=\"David H\u00f8jmark\" \/>\n<meta name=\"twitter:card\" content=\"summary_large_image\" \/>\n<meta name=\"twitter:label1\" content=\"Skrevet af\" \/>\n\t<meta name=\"twitter:data1\" content=\"David H\u00f8jmark\" \/>\n\t<meta name=\"twitter:label2\" content=\"Estimeret l\u00e6setid\" \/>\n\t<meta name=\"twitter:data2\" content=\"2 minutter\" \/>\n<script type=\"application\/ld+json\" class=\"yoast-schema-graph\">{\"@context\":\"https:\/\/schema.org\",\"@graph\":[{\"@type\":\"Article\",\"@id\":\"https:\/\/kunmedierne.dk\/mors\/vi-holder-jo-ikke-op-med-at-leve\/#article\",\"isPartOf\":{\"@id\":\"https:\/\/kunmedierne.dk\/mors\/vi-holder-jo-ikke-op-med-at-leve\/\"},\"author\":{\"name\":\"David H\u00f8jmark\",\"@id\":\"https:\/\/kunmedierne.dk\/mors\/#\/schema\/person\/5fe23251bf1d0abbcdc6f7896579d548\"},\"headline\":\"&#8211; Vi holder jo ikke op med at leve\",\"datePublished\":\"2020-03-11T10:14:49+00:00\",\"dateModified\":\"2024-08-12T12:06:22+00:00\",\"mainEntityOfPage\":{\"@id\":\"https:\/\/kunmedierne.dk\/mors\/vi-holder-jo-ikke-op-med-at-leve\/\"},\"wordCount\":354,\"commentCount\":0,\"publisher\":{\"@id\":\"https:\/\/kunmedierne.dk\/mors\/#organization\"},\"image\":{\"@id\":\"https:\/\/kunmedierne.dk\/mors\/vi-holder-jo-ikke-op-med-at-leve\/#primaryimage\"},\"thumbnailUrl\":\"https:\/\/kunmedierne.dk\/mors\/wp-content\/uploads\/2020\/03\/bruun.jpg\",\"articleSection\":[\"Lokalt\"],\"inLanguage\":\"da-DK\",\"potentialAction\":[{\"@type\":\"CommentAction\",\"name\":\"Comment\",\"target\":[\"https:\/\/kunmedierne.dk\/mors\/vi-holder-jo-ikke-op-med-at-leve\/#respond\"]}]},{\"@type\":\"WebPage\",\"@id\":\"https:\/\/kunmedierne.dk\/mors\/vi-holder-jo-ikke-op-med-at-leve\/\",\"url\":\"https:\/\/kunmedierne.dk\/mors\/vi-holder-jo-ikke-op-med-at-leve\/\",\"name\":\"- Vi holder jo ikke op med at leve - Mors\",\"isPartOf\":{\"@id\":\"https:\/\/kunmedierne.dk\/mors\/#website\"},\"primaryImageOfPage\":{\"@id\":\"https:\/\/kunmedierne.dk\/mors\/vi-holder-jo-ikke-op-med-at-leve\/#primaryimage\"},\"image\":{\"@id\":\"https:\/\/kunmedierne.dk\/mors\/vi-holder-jo-ikke-op-med-at-leve\/#primaryimage\"},\"thumbnailUrl\":\"https:\/\/kunmedierne.dk\/mors\/wp-content\/uploads\/2020\/03\/bruun.jpg\",\"datePublished\":\"2020-03-11T10:14:49+00:00\",\"dateModified\":\"2024-08-12T12:06:22+00:00\",\"breadcrumb\":{\"@id\":\"https:\/\/kunmedierne.dk\/mors\/vi-holder-jo-ikke-op-med-at-leve\/#breadcrumb\"},\"inLanguage\":\"da-DK\",\"potentialAction\":[{\"@type\":\"ReadAction\",\"target\":[\"https:\/\/kunmedierne.dk\/mors\/vi-holder-jo-ikke-op-med-at-leve\/\"]}]},{\"@type\":\"ImageObject\",\"inLanguage\":\"da-DK\",\"@id\":\"https:\/\/kunmedierne.dk\/mors\/vi-holder-jo-ikke-op-med-at-leve\/#primaryimage\",\"url\":\"https:\/\/kunmedierne.dk\/mors\/wp-content\/uploads\/2020\/03\/bruun.jpg\",\"contentUrl\":\"https:\/\/kunmedierne.dk\/mors\/wp-content\/uploads\/2020\/03\/bruun.jpg\",\"width\":720,\"height\":480,\"caption\":\"Et udsnit fra Morten Bruuns bog. Foto: Henrik \\\"Sivert\\\" Kristensen.\"},{\"@type\":\"BreadcrumbList\",\"@id\":\"https:\/\/kunmedierne.dk\/mors\/vi-holder-jo-ikke-op-med-at-leve\/#breadcrumb\",\"itemListElement\":[{\"@type\":\"ListItem\",\"position\":1,\"name\":\"Hjem\",\"item\":\"https:\/\/kunmedierne.dk\/mors\/\"},{\"@type\":\"ListItem\",\"position\":2,\"name\":\"&#8211; Vi holder jo ikke op med at leve\"}]},{\"@type\":\"WebSite\",\"@id\":\"https:\/\/kunmedierne.dk\/mors\/#website\",\"url\":\"https:\/\/kunmedierne.dk\/mors\/\",\"name\":\"Mors\",\"description\":\"et netmedie med journalistik om livet p\u00e5 Mors\",\"publisher\":{\"@id\":\"https:\/\/kunmedierne.dk\/mors\/#organization\"},\"potentialAction\":[{\"@type\":\"SearchAction\",\"target\":{\"@type\":\"EntryPoint\",\"urlTemplate\":\"https:\/\/kunmedierne.dk\/mors\/?s={search_term_string}\"},\"query-input\":{\"@type\":\"PropertyValueSpecification\",\"valueRequired\":true,\"valueName\":\"search_term_string\"}}],\"inLanguage\":\"da-DK\"},{\"@type\":\"Organization\",\"@id\":\"https:\/\/kunmedierne.dk\/mors\/#organization\",\"name\":\"Mors\",\"url\":\"https:\/\/kunmedierne.dk\/mors\/\",\"logo\":{\"@type\":\"ImageObject\",\"inLanguage\":\"da-DK\",\"@id\":\"https:\/\/kunmedierne.dk\/mors\/#\/schema\/logo\/image\/\",\"url\":\"https:\/\/kunmedierne.dk\/mors\/wp-content\/uploads\/2024\/08\/kunmors-logo.svg\",\"contentUrl\":\"https:\/\/kunmedierne.dk\/mors\/wp-content\/uploads\/2024\/08\/kunmors-logo.svg\",\"caption\":\"Mors\"},\"image\":{\"@id\":\"https:\/\/kunmedierne.dk\/mors\/#\/schema\/logo\/image\/\"}},{\"@type\":\"Person\",\"@id\":\"https:\/\/kunmedierne.dk\/mors\/#\/schema\/person\/5fe23251bf1d0abbcdc6f7896579d548\",\"name\":\"David H\u00f8jmark\",\"image\":{\"@type\":\"ImageObject\",\"inLanguage\":\"da-DK\",\"@id\":\"https:\/\/kunmedierne.dk\/mors\/#\/schema\/person\/image\/\",\"url\":\"https:\/\/secure.gravatar.com\/avatar\/4315d6fb9ef244d729989f5f90268eb08d5bf8a3d84402f595fa194bb35784fd?s=96&d=mm&r=g\",\"contentUrl\":\"https:\/\/secure.gravatar.com\/avatar\/4315d6fb9ef244d729989f5f90268eb08d5bf8a3d84402f595fa194bb35784fd?s=96&d=mm&r=g\",\"caption\":\"David H\u00f8jmark\"},\"sameAs\":[\"https:\/\/www.kunmedierne.dk\"],\"url\":\"https:\/\/kunmedierne.dk\/mors\/author\/david\/\"}]}<\/script>\n<!-- \/ Yoast SEO plugin. -->","yoast_head_json":{"title":"- Vi holder jo ikke op med at leve - Mors","robots":{"index":"index","follow":"follow","max-snippet":"max-snippet:-1","max-image-preview":"max-image-preview:large","max-video-preview":"max-video-preview:-1"},"canonical":"https:\/\/kunmedierne.dk\/mors\/vi-holder-jo-ikke-op-med-at-leve\/","og_locale":"da_DK","og_type":"article","og_title":"- Vi holder jo ikke op med at leve - Mors","og_description":"ERSLEV: Aflysningerne v\u00e6lter ind over \u00f8en, men i hvert fald \u00e9t arrangement ser ud til at blive gennemf\u00f8rt som planlagt p\u00e5 trods af coronavirus. Fredag aften holder den tidligere fodboldspiller Morten Bruun sammen med journalisten Peter Piil foredrag i Erslev Forsamlingshus. Det er for 150 mennesker, og if\u00f8lge en af arrang\u00f8rerne, Henrik &#8220;Sivert&#8221; Kristensen, bliver [&hellip;]","og_url":"https:\/\/kunmedierne.dk\/mors\/vi-holder-jo-ikke-op-med-at-leve\/","og_site_name":"Mors","article_published_time":"2020-03-11T10:14:49+00:00","article_modified_time":"2024-08-12T12:06:22+00:00","og_image":[{"width":720,"height":480,"url":"https:\/\/kunmedierne.dk\/mors\/wp-content\/uploads\/2020\/03\/bruun.jpg","type":"image\/jpeg"}],"author":"David H\u00f8jmark","twitter_card":"summary_large_image","twitter_misc":{"Skrevet af":"David H\u00f8jmark","Estimeret l\u00e6setid":"2 minutter"},"schema":{"@context":"https:\/\/schema.org","@graph":[{"@type":"Article","@id":"https:\/\/kunmedierne.dk\/mors\/vi-holder-jo-ikke-op-med-at-leve\/#article","isPartOf":{"@id":"https:\/\/kunmedierne.dk\/mors\/vi-holder-jo-ikke-op-med-at-leve\/"},"author":{"name":"David H\u00f8jmark","@id":"https:\/\/kunmedierne.dk\/mors\/#\/schema\/person\/5fe23251bf1d0abbcdc6f7896579d548"},"headline":"&#8211; Vi holder jo ikke op med at leve","datePublished":"2020-03-11T10:14:49+00:00","dateModified":"2024-08-12T12:06:22+00:00","mainEntityOfPage":{"@id":"https:\/\/kunmedierne.dk\/mors\/vi-holder-jo-ikke-op-med-at-leve\/"},"wordCount":354,"commentCount":0,"publisher":{"@id":"https:\/\/kunmedierne.dk\/mors\/#organization"},"image":{"@id":"https:\/\/kunmedierne.dk\/mors\/vi-holder-jo-ikke-op-med-at-leve\/#primaryimage"},"thumbnailUrl":"https:\/\/kunmedierne.dk\/mors\/wp-content\/uploads\/2020\/03\/bruun.jpg","articleSection":["Lokalt"],"inLanguage":"da-DK","potentialAction":[{"@type":"CommentAction","name":"Comment","target":["https:\/\/kunmedierne.dk\/mors\/vi-holder-jo-ikke-op-med-at-leve\/#respond"]}]},{"@type":"WebPage","@id":"https:\/\/kunmedierne.dk\/mors\/vi-holder-jo-ikke-op-med-at-leve\/","url":"https:\/\/kunmedierne.dk\/mors\/vi-holder-jo-ikke-op-med-at-leve\/","name":"- Vi holder jo ikke op med at leve - Mors","isPartOf":{"@id":"https:\/\/kunmedierne.dk\/mors\/#website"},"primaryImageOfPage":{"@id":"https:\/\/kunmedierne.dk\/mors\/vi-holder-jo-ikke-op-med-at-leve\/#primaryimage"},"image":{"@id":"https:\/\/kunmedierne.dk\/mors\/vi-holder-jo-ikke-op-med-at-leve\/#primaryimage"},"thumbnailUrl":"https:\/\/kunmedierne.dk\/mors\/wp-content\/uploads\/2020\/03\/bruun.jpg","datePublished":"2020-03-11T10:14:49+00:00","dateModified":"2024-08-12T12:06:22+00:00","breadcrumb":{"@id":"https:\/\/kunmedierne.dk\/mors\/vi-holder-jo-ikke-op-med-at-leve\/#breadcrumb"},"inLanguage":"da-DK","potentialAction":[{"@type":"ReadAction","target":["https:\/\/kunmedierne.dk\/mors\/vi-holder-jo-ikke-op-med-at-leve\/"]}]},{"@type":"ImageObject","inLanguage":"da-DK","@id":"https:\/\/kunmedierne.dk\/mors\/vi-holder-jo-ikke-op-med-at-leve\/#primaryimage","url":"https:\/\/kunmedierne.dk\/mors\/wp-content\/uploads\/2020\/03\/bruun.jpg","contentUrl":"https:\/\/kunmedierne.dk\/mors\/wp-content\/uploads\/2020\/03\/bruun.jpg","width":720,"height":480,"caption":"Et udsnit fra Morten Bruuns bog. Foto: Henrik \"Sivert\" Kristensen."},{"@type":"BreadcrumbList","@id":"https:\/\/kunmedierne.dk\/mors\/vi-holder-jo-ikke-op-med-at-leve\/#breadcrumb","itemListElement":[{"@type":"ListItem","position":1,"name":"Hjem","item":"https:\/\/kunmedierne.dk\/mors\/"},{"@type":"ListItem","position":2,"name":"&#8211; Vi holder jo ikke op med at leve"}]},{"@type":"WebSite","@id":"https:\/\/kunmedierne.dk\/mors\/#website","url":"https:\/\/kunmedierne.dk\/mors\/","name":"Mors","description":"et netmedie med journalistik om livet p\u00e5 Mors","publisher":{"@id":"https:\/\/kunmedierne.dk\/mors\/#organization"},"potentialAction":[{"@type":"SearchAction","target":{"@type":"EntryPoint","urlTemplate":"https:\/\/kunmedierne.dk\/mors\/?s={search_term_string}"},"query-input":{"@type":"PropertyValueSpecification","valueRequired":true,"valueName":"search_term_string"}}],"inLanguage":"da-DK"},{"@type":"Organization","@id":"https:\/\/kunmedierne.dk\/mors\/#organization","name":"Mors","url":"https:\/\/kunmedierne.dk\/mors\/","logo":{"@type":"ImageObject","inLanguage":"da-DK","@id":"https:\/\/kunmedierne.dk\/mors\/#\/schema\/logo\/image\/","url":"https:\/\/kunmedierne.dk\/mors\/wp-content\/uploads\/2024\/08\/kunmors-logo.svg","contentUrl":"https:\/\/kunmedierne.dk\/mors\/wp-content\/uploads\/2024\/08\/kunmors-logo.svg","caption":"Mors"},"image":{"@id":"https:\/\/kunmedierne.dk\/mors\/#\/schema\/logo\/image\/"}},{"@type":"Person","@id":"https:\/\/kunmedierne.dk\/mors\/#\/schema\/person\/5fe23251bf1d0abbcdc6f7896579d548","name":"David H\u00f8jmark","image":{"@type":"ImageObject","inLanguage":"da-DK","@id":"https:\/\/kunmedierne.dk\/mors\/#\/schema\/person\/image\/","url":"https:\/\/secure.gravatar.com\/avatar\/4315d6fb9ef244d729989f5f90268eb08d5bf8a3d84402f595fa194bb35784fd?s=96&d=mm&r=g","contentUrl":"https:\/\/secure.gravatar.com\/avatar\/4315d6fb9ef244d729989f5f90268eb08d5bf8a3d84402f595fa194bb35784fd?s=96&d=mm&r=g","caption":"David H\u00f8jmark"},"sameAs":["https:\/\/www.kunmedierne.dk"],"url":"https:\/\/kunmedierne.dk\/mors\/author\/david\/"}]}},"_links":{"self":[{"href":"https:\/\/kunmedierne.dk\/mors\/wp-json\/wp\/v2\/posts\/12777","targetHints":{"allow":["GET"]}}],"collection":[{"href":"https:\/\/kunmedierne.dk\/mors\/wp-json\/wp\/v2\/posts"}],"about":[{"href":"https:\/\/kunmedierne.dk\/mors\/wp-json\/wp\/v2\/types\/post"}],"author":[{"embeddable":true,"href":"https:\/\/kunmedierne.dk\/mors\/wp-json\/wp\/v2\/users\/8"}],"replies":[{"embeddable":true,"href":"https:\/\/kunmedierne.dk\/mors\/wp-json\/wp\/v2\/comments?post=12777"}],"version-history":[{"count":2,"href":"https:\/\/kunmedierne.dk\/mors\/wp-json\/wp\/v2\/posts\/12777\/revisions"}],"predecessor-version":[{"id":12780,"href":"https:\/\/kunmedierne.dk\/mors\/wp-json\/wp\/v2\/posts\/12777\/revisions\/12780"}],"wp:featuredmedia":[{"embeddable":true,"href":"https:\/\/kunmedierne.dk\/mors\/wp-json\/wp\/v2\/media\/12778"}],"wp:attachment":[{"href":"https:\/\/kunmedierne.dk\/mors\/wp-json\/wp\/v2\/media?parent=12777"}],"wp:term":[{"taxonomy":"category","embeddable":true,"href":"https:\/\/kunmedierne.dk\/mors\/wp-json\/wp\/v2\/categories?post=12777"},{"taxonomy":"post_tag","embeddable":true,"href":"https:\/\/kunmedierne.dk\/mors\/wp-json\/wp\/v2\/tags?post=12777"}],"curies":[{"name":"wp","href":"https:\/\/api.w.org\/{rel}","templated":true}]}}