{"id":127556,"date":"2024-09-16T16:23:50","date_gmt":"2024-09-16T14:23:50","guid":{"rendered":"https:\/\/kunmedierne.dk\/mors\/?p=127556"},"modified":"2024-09-16T16:23:50","modified_gmt":"2024-09-16T14:23:50","slug":"social-baeredygtighed-loefter-sydvestmors","status":"publish","type":"post","link":"https:\/\/kunmedierne.dk\/mors\/social-baeredygtighed-loefter-sydvestmors\/","title":{"rendered":"Social b\u00e6redygtighed l\u00f8fter Sydvestmors"},"content":{"rendered":"<p><strong>KARBY<\/strong>: P\u00f8lser og br\u00f8d. Kaffe og kage. \u00d8l og sodavand. Men f\u00f8rst og fremmest: gode mennesker og fine rammer.<\/p>\n<p>Det er alt sammen p\u00e5 programmet i Karby Kuber, hvor en flok violinister l\u00f8rdag formiddag viser, hvad de kan. Det kr\u00e6ver koncentration, kan man tydeligt se i ansigterne p\u00e5 b\u00f8rnene fra Mors\u00f8 Suzuki Skole. Men som skoleleder Hanne Skou forklarer de knap et halvt hundrede tilskuere ved bordene, skal man ikke lade sig narre af de alvorlige miner.<\/p>\n<p>&#8211; I kan tro, at det er nogle friske b\u00f8rn, og der er kunster i hovedet p\u00e5 dem p\u00e5 alle m\u00e5der, siger hun.<\/p>\n<p>I virkeligheden kunne hun have formuleret nogenlunde samme s\u00e6tning om Kulturhus Sydvestmors.<\/p>\n<a class=\"dvrt-link\" onClick=\"cdmtrack_click(104778,jQuery(this));return false\" href=\"https:\/\/vester-begr.dk\/?gclid=CjwKCAjw5Kv7BRBSEiwAXGDElQB6WMfm9CgYVrruty-I1gaOkTkC3mlA4QRDtYNsxYgVC8sNzAJ7WhoCmBsQAvD_BwE\"><img decoding=\"async\" style=\"width:100%;\" src=\"https:\/\/kunmedierne.dk\/mors\/wp-content\/uploads\/2023\/10\/260203VesterHoukaer-02022026.jpg\"><\/a><script>cdmtrack_view(104778);<\/script>\n<p>For foreningen bag det lokale aktivitetshus har skabt tilbud og aktiviteter p\u00e5 alle m\u00e5der. Det kan man forvisse sig om under den fire timer lange eventdag, der med &#8220;social b\u00e6redygtighed&#8221; som tema s\u00e6tter fokus p\u00e5 alt det, stedet har at byde p\u00e5.<\/p>\n<p>Og det er ikke s\u00e5 lidt, demonstrerer Mette Jespersen, en af de mange frivillige i det popul\u00e6re tilholdssted. Hun giver en hurtig rundvisning, og mens violinerne spiller i baggrunden, kommer vi forbi et k\u00f8kken, der uden problemer matcher behovet for at holde en fest. Her er ogs\u00e5 v\u00e6relser til overnatning, hvis man skulle f\u00e5 brug for det. Et bogudl\u00e5n giver mulighed for at fordybe sig &#8211; eller hygge sig med en kop kaffe i en magelig l\u00e6nestol. De udend\u00f8rs faciliteter indeb\u00e6rer ogs\u00e5 sociale tilbud &#8211; alene denne dag er ristning af skumfiduser en popul\u00e6r besk\u00e6ftigelse for b\u00f8rnene.<\/p>\n<a class=\"dvrt-link\" onClick=\"cdmtrack_click(104786,jQuery(this));return false\" href=\"https:\/\/limfjordsteatret.dk\/events\/tobias-dybvad-mit-bedste-onemanshow\/\"><img decoding=\"async\" style=\"width:100%;\" src=\"https:\/\/kunmedierne.dk\/mors\/wp-content\/uploads\/2023\/10\/aarskortLim_KunMors_1100x125.jpg\"><\/a><script>cdmtrack_view(104786);<\/script>\n<p>Dem var der mange af i gamle dage, da stedet var en skole. Men n\u00e5r man har frivillige kr\u00e6fter nok, f\u00e5r man ogs\u00e5 skabt liv efter en skolelukning, og Mette Jespersen er med sikkerhed ikke den eneste, der gl\u00e6der sig over resultatet af den langvarige ombygning.<\/p>\n<p>&#8211; Det betyder rigtig meget, for der er jo ikke s\u00e5 meget tilbage i Karby. S\u00e5 det er ogs\u00e5 en ting at v\u00e6re sammen om, siger hun.<\/p>\n<p>&nbsp;<\/p>\n<p><strong>En bygning fuld af liv<\/strong><\/p>\n<p>Mors\u00f8 Suzuki Skole er langt fra ene om at vise sig frem i Karby Kuber p\u00e5 eventdagen. Den byder p\u00e5 opl\u00e6g fra dem, der er n\u00e6rmest til at fort\u00e6lle om goderne i de fine rammer: Karby Kuber, Caf\u00e9 Perlen, Pilgrim Mors og Sydvestmors Friskole er alle en del af programmet p\u00e5 en dag, som Karby Kuber, Borgerforeningen og Kulturhus Sydvestmors har etableret med st\u00f8tte fra Nordea Fonden og Karby B\u00f8rnedyrskue.<\/p>\n<p>Derfor kan man sammen med andre nysgerrige, som enten ikke kender stedet endnu eller bare gerne vil v\u00e6re en del af eventdagen, nyde duften af nyt tr\u00e6 i de nyrenoverede omgivelser. Og man kan gl\u00e6de sig over, hvordan der bliver levet op til det med social b\u00e6redygtighed. Ikke bare p\u00e5 grund af Caf\u00e9 Perlens tilknytning, men ogs\u00e5 de andre brugere &#8211; eller for den sags skyld dem, der holder til i den tidligere l\u00e6rebolig, der i dag er loppemarked til fordel for Karby Kuber.<\/p>\n<a class=\"dvrt-link\" onClick=\"cdmtrack_click(104778,jQuery(this));return false\" href=\"https:\/\/vester-begr.dk\/?gclid=CjwKCAjw5Kv7BRBSEiwAXGDElQB6WMfm9CgYVrruty-I1gaOkTkC3mlA4QRDtYNsxYgVC8sNzAJ7WhoCmBsQAvD_BwE\"><img decoding=\"async\" style=\"width:100%;\" src=\"https:\/\/kunmedierne.dk\/mors\/wp-content\/uploads\/2023\/10\/260203VesterHoukaer-02022026.jpg\"><\/a><script>cdmtrack_view(104778);<\/script>\n<p>Det giver ogs\u00e5 liv i bygningen, fort\u00e6ller Mette Jespersen, der ogs\u00e5 fremh\u00e6ver bogudl\u00e5net som et eksempel p\u00e5, at folk kan m\u00f8des, netop fordi der er rammer at m\u00f8des i. Eller andre steder, fordi rammerne har givet anledningen.<\/p>\n<p>Hun har eksempelvis selv lige v\u00e6ret til en 70 \u00e5rs f\u00f8dselsdag hos nogen, hun har l\u00e6rt at kende igennem aktiviteterne i Karby Kuber. Og n\u00e5r man tager et kig p\u00e5 \u00e5rshjulet, er man slet ikke i tvivl om, at lokalsamfundet forst\u00e5r at m\u00f8des. Fra akuthj\u00e6lperkursus, revy og f\u00e6llesspisning f\u00f8rst p\u00e5 \u00e5ret til p\u00e5skeudstilling i for\u00e5ret og en sommer sp\u00e6kket med aktiviteter. Hen over et efter\u00e5r og vinter med foredrag, kurser og hygge i \u00e5rets m\u00f8rke m\u00e5neder.<\/p>\n<p>Og alt det andet.<\/p>\n<p>&nbsp;<\/p>\n<p><strong>Fundraising og frivilligt arbejde<\/strong><\/p>\n<p>Mette Jespersen er ikke i tvivl om, at Kulturhus Sydvestmors har l\u00f8ftet den sociale b\u00e6redygtighed for hele omr\u00e5det. S\u00e5 hvis ingen havde taget initiativet, og hvis ikke mange flere var hoppet med p\u00e5 id\u00e9en, ville Sydvestmors v\u00e6re et andet sted at bo i dag.<\/p>\n<p>&#8211; S\u00e5 ville her v\u00e6re lidt d\u00f8dt. Det giver jo mange kontakter p\u00e5 mange m\u00e5der, siger hun og ser med tilfredshed tilbage p\u00e5 \u00e5r og m\u00e5neder med etableringen.<\/p>\n<a class=\"dvrt-link\" onClick=\"cdmtrack_click(104780,jQuery(this));return false\" href=\"https:\/\/www.spard.dk\/\"><img decoding=\"async\" style=\"width:100%;\" src=\"https:\/\/kunmedierne.dk\/mors\/wp-content\/uploads\/2023\/12\/sparekassen-dk-maj25.gif\"><\/a><script>cdmtrack_view(104780);<\/script>\n<p>Dem f\u00e5r man ogs\u00e5 et indtryk af, hvis man tager et kig p\u00e5 nogle af v\u00e6ggene, hvor processen fra nedlagt skole til Karby Kuber er dokumenteret i billeder. En proces, der er skabt igennem fundraising i topklasse og frivilligt arbejde p\u00e5 samme niveau.<\/p>\n<p>Ingen af delene kunne undv\u00e6res p\u00e5 vejen mod m\u00e5lstregen.<\/p>\n<p>&#8211; De perioder, hvor der har v\u00e6ret bygget om, har det v\u00e6ret helt fantastisk. Der har v\u00e6ret et rigtig godt samarbejde imellem de frivillige, siger Mette Jespersen.<\/p>\n<p>Nu nyder hun og de andre brugere, at samarbejdet forts\u00e6tter i rammer, der g\u00f8r det muligt at m\u00f8des p\u00e5 kryds og tv\u00e6rs. Og at man derfor kan s\u00e6tte en eventdag i september af til at markere det.<\/p>\n<div id=\"attachment_127587\" style=\"width: 3569px\" class=\"wp-caption alignleft\"><img loading=\"lazy\" decoding=\"async\" aria-describedby=\"caption-attachment-127587\" class=\"size-full wp-image-127587\" src=\"https:\/\/kunmedierne.dk\/mors\/wp-content\/uploads\/2024\/09\/IMG_8333.jpg\" alt=\"\" width=\"3559\" height=\"2372\" srcset=\"https:\/\/kunmedierne.dk\/mors\/wp-content\/uploads\/2024\/09\/IMG_8333.jpg 3559w, https:\/\/kunmedierne.dk\/mors\/wp-content\/uploads\/2024\/09\/IMG_8333-300x200.jpg 300w, https:\/\/kunmedierne.dk\/mors\/wp-content\/uploads\/2024\/09\/IMG_8333-1024x682.jpg 1024w, https:\/\/kunmedierne.dk\/mors\/wp-content\/uploads\/2024\/09\/IMG_8333-510x340.jpg 510w\" sizes=\"auto, (max-width: 3559px) 100vw, 3559px\" \/><p id=\"caption-attachment-127587\" class=\"wp-caption-text\">Det kr\u00e6ver koncentration at spille violin. Det viste Mors\u00f8 Suzuki Skole til eventdagen i Karby.<\/p><\/div>\n<p>&nbsp;<\/p>\n","protected":false},"excerpt":{"rendered":"<p>KARBY: P\u00f8lser og br\u00f8d. Kaffe og kage. \u00d8l og sodavand. Men f\u00f8rst og fremmest: gode mennesker og fine rammer. Det er alt sammen p\u00e5 programmet i Karby Kuber, hvor en flok violinister l\u00f8rdag formiddag viser, hvad de kan. Det kr\u00e6ver koncentration, kan man tydeligt se i ansigterne p\u00e5 b\u00f8rnene fra Mors\u00f8 Suzuki Skole. Men som [&hellip;]<\/p>\n","protected":false},"author":8,"featured_media":0,"comment_status":"closed","ping_status":"closed","sticky":false,"template":"","format":"standard","meta":{"_acf_changed":false,"footnotes":""},"categories":[51],"tags":[196],"class_list":["post-127556","post","type-post","status-publish","format-standard","hentry","category-lokalt","tag-foreningsliv"],"acf":[],"yoast_head":"<!-- This site is optimized with the Yoast SEO plugin v26.8 - https:\/\/yoast.com\/product\/yoast-seo-wordpress\/ -->\n<title>Social b\u00e6redygtighed l\u00f8fter Sydvestmors - Mors<\/title>\n<meta name=\"robots\" content=\"index, follow, max-snippet:-1, max-image-preview:large, max-video-preview:-1\" \/>\n<link rel=\"canonical\" href=\"https:\/\/kunmedierne.dk\/mors\/social-baeredygtighed-loefter-sydvestmors\/\" \/>\n<meta property=\"og:locale\" content=\"da_DK\" \/>\n<meta property=\"og:type\" content=\"article\" \/>\n<meta property=\"og:title\" content=\"Social b\u00e6redygtighed l\u00f8fter Sydvestmors - Mors\" \/>\n<meta property=\"og:description\" content=\"KARBY: P\u00f8lser og br\u00f8d. Kaffe og kage. \u00d8l og sodavand. Men f\u00f8rst og fremmest: gode mennesker og fine rammer. Det er alt sammen p\u00e5 programmet i Karby Kuber, hvor en flok violinister l\u00f8rdag formiddag viser, hvad de kan. Det kr\u00e6ver koncentration, kan man tydeligt se i ansigterne p\u00e5 b\u00f8rnene fra Mors\u00f8 Suzuki Skole. Men som [&hellip;]\" \/>\n<meta property=\"og:url\" content=\"https:\/\/kunmedierne.dk\/mors\/social-baeredygtighed-loefter-sydvestmors\/\" \/>\n<meta property=\"og:site_name\" content=\"Mors\" \/>\n<meta property=\"article:published_time\" content=\"2024-09-16T14:23:50+00:00\" \/>\n<meta property=\"og:image\" content=\"https:\/\/kunmedierne.dk\/mors\/wp-content\/uploads\/2024\/09\/IMG_8333.jpg\" \/>\n<meta name=\"author\" content=\"David H\u00f8jmark\" \/>\n<meta name=\"twitter:card\" content=\"summary_large_image\" \/>\n<meta name=\"twitter:label1\" content=\"Skrevet af\" \/>\n\t<meta name=\"twitter:data1\" content=\"David H\u00f8jmark\" \/>\n\t<meta name=\"twitter:label2\" content=\"Estimeret l\u00e6setid\" \/>\n\t<meta name=\"twitter:data2\" content=\"5 minutter\" \/>\n<script type=\"application\/ld+json\" class=\"yoast-schema-graph\">{\"@context\":\"https:\/\/schema.org\",\"@graph\":[{\"@type\":\"Article\",\"@id\":\"https:\/\/kunmedierne.dk\/mors\/social-baeredygtighed-loefter-sydvestmors\/#article\",\"isPartOf\":{\"@id\":\"https:\/\/kunmedierne.dk\/mors\/social-baeredygtighed-loefter-sydvestmors\/\"},\"author\":{\"name\":\"David H\u00f8jmark\",\"@id\":\"https:\/\/kunmedierne.dk\/mors\/#\/schema\/person\/5fe23251bf1d0abbcdc6f7896579d548\"},\"headline\":\"Social b\u00e6redygtighed l\u00f8fter Sydvestmors\",\"datePublished\":\"2024-09-16T14:23:50+00:00\",\"mainEntityOfPage\":{\"@id\":\"https:\/\/kunmedierne.dk\/mors\/social-baeredygtighed-loefter-sydvestmors\/\"},\"wordCount\":908,\"publisher\":{\"@id\":\"https:\/\/kunmedierne.dk\/mors\/#organization\"},\"image\":{\"@id\":\"https:\/\/kunmedierne.dk\/mors\/social-baeredygtighed-loefter-sydvestmors\/#primaryimage\"},\"thumbnailUrl\":\"https:\/\/kunmedierne.dk\/mors\/wp-content\/uploads\/2024\/09\/IMG_8333.jpg\",\"keywords\":[\"Foreningsliv\"],\"articleSection\":[\"Lokalt\"],\"inLanguage\":\"da-DK\"},{\"@type\":\"WebPage\",\"@id\":\"https:\/\/kunmedierne.dk\/mors\/social-baeredygtighed-loefter-sydvestmors\/\",\"url\":\"https:\/\/kunmedierne.dk\/mors\/social-baeredygtighed-loefter-sydvestmors\/\",\"name\":\"Social b\u00e6redygtighed l\u00f8fter Sydvestmors - Mors\",\"isPartOf\":{\"@id\":\"https:\/\/kunmedierne.dk\/mors\/#website\"},\"primaryImageOfPage\":{\"@id\":\"https:\/\/kunmedierne.dk\/mors\/social-baeredygtighed-loefter-sydvestmors\/#primaryimage\"},\"image\":{\"@id\":\"https:\/\/kunmedierne.dk\/mors\/social-baeredygtighed-loefter-sydvestmors\/#primaryimage\"},\"thumbnailUrl\":\"https:\/\/kunmedierne.dk\/mors\/wp-content\/uploads\/2024\/09\/IMG_8333.jpg\",\"datePublished\":\"2024-09-16T14:23:50+00:00\",\"breadcrumb\":{\"@id\":\"https:\/\/kunmedierne.dk\/mors\/social-baeredygtighed-loefter-sydvestmors\/#breadcrumb\"},\"inLanguage\":\"da-DK\",\"potentialAction\":[{\"@type\":\"ReadAction\",\"target\":[\"https:\/\/kunmedierne.dk\/mors\/social-baeredygtighed-loefter-sydvestmors\/\"]}]},{\"@type\":\"ImageObject\",\"inLanguage\":\"da-DK\",\"@id\":\"https:\/\/kunmedierne.dk\/mors\/social-baeredygtighed-loefter-sydvestmors\/#primaryimage\",\"url\":\"https:\/\/kunmedierne.dk\/mors\/wp-content\/uploads\/2024\/09\/IMG_8333.jpg\",\"contentUrl\":\"https:\/\/kunmedierne.dk\/mors\/wp-content\/uploads\/2024\/09\/IMG_8333.jpg\",\"width\":3559,\"height\":2372,\"caption\":\"Det kr\u00e6ver koncentration at spille violin. Det viste Mors\u00f8 Suzuki Skole til eventdagen i Karby.\"},{\"@type\":\"BreadcrumbList\",\"@id\":\"https:\/\/kunmedierne.dk\/mors\/social-baeredygtighed-loefter-sydvestmors\/#breadcrumb\",\"itemListElement\":[{\"@type\":\"ListItem\",\"position\":1,\"name\":\"Hjem\",\"item\":\"https:\/\/kunmedierne.dk\/mors\/\"},{\"@type\":\"ListItem\",\"position\":2,\"name\":\"Social b\u00e6redygtighed l\u00f8fter Sydvestmors\"}]},{\"@type\":\"WebSite\",\"@id\":\"https:\/\/kunmedierne.dk\/mors\/#website\",\"url\":\"https:\/\/kunmedierne.dk\/mors\/\",\"name\":\"Mors\",\"description\":\"et netmedie med journalistik om livet p\u00e5 Mors\",\"publisher\":{\"@id\":\"https:\/\/kunmedierne.dk\/mors\/#organization\"},\"potentialAction\":[{\"@type\":\"SearchAction\",\"target\":{\"@type\":\"EntryPoint\",\"urlTemplate\":\"https:\/\/kunmedierne.dk\/mors\/?s={search_term_string}\"},\"query-input\":{\"@type\":\"PropertyValueSpecification\",\"valueRequired\":true,\"valueName\":\"search_term_string\"}}],\"inLanguage\":\"da-DK\"},{\"@type\":\"Organization\",\"@id\":\"https:\/\/kunmedierne.dk\/mors\/#organization\",\"name\":\"Mors\",\"url\":\"https:\/\/kunmedierne.dk\/mors\/\",\"logo\":{\"@type\":\"ImageObject\",\"inLanguage\":\"da-DK\",\"@id\":\"https:\/\/kunmedierne.dk\/mors\/#\/schema\/logo\/image\/\",\"url\":\"https:\/\/kunmedierne.dk\/mors\/wp-content\/uploads\/2024\/08\/kunmors-logo.svg\",\"contentUrl\":\"https:\/\/kunmedierne.dk\/mors\/wp-content\/uploads\/2024\/08\/kunmors-logo.svg\",\"caption\":\"Mors\"},\"image\":{\"@id\":\"https:\/\/kunmedierne.dk\/mors\/#\/schema\/logo\/image\/\"}},{\"@type\":\"Person\",\"@id\":\"https:\/\/kunmedierne.dk\/mors\/#\/schema\/person\/5fe23251bf1d0abbcdc6f7896579d548\",\"name\":\"David H\u00f8jmark\",\"image\":{\"@type\":\"ImageObject\",\"inLanguage\":\"da-DK\",\"@id\":\"https:\/\/kunmedierne.dk\/mors\/#\/schema\/person\/image\/\",\"url\":\"https:\/\/secure.gravatar.com\/avatar\/4315d6fb9ef244d729989f5f90268eb08d5bf8a3d84402f595fa194bb35784fd?s=96&d=mm&r=g\",\"contentUrl\":\"https:\/\/secure.gravatar.com\/avatar\/4315d6fb9ef244d729989f5f90268eb08d5bf8a3d84402f595fa194bb35784fd?s=96&d=mm&r=g\",\"caption\":\"David H\u00f8jmark\"},\"sameAs\":[\"https:\/\/www.kunmedierne.dk\"],\"url\":\"https:\/\/kunmedierne.dk\/mors\/author\/david\/\"}]}<\/script>\n<!-- \/ Yoast SEO plugin. -->","yoast_head_json":{"title":"Social b\u00e6redygtighed l\u00f8fter Sydvestmors - Mors","robots":{"index":"index","follow":"follow","max-snippet":"max-snippet:-1","max-image-preview":"max-image-preview:large","max-video-preview":"max-video-preview:-1"},"canonical":"https:\/\/kunmedierne.dk\/mors\/social-baeredygtighed-loefter-sydvestmors\/","og_locale":"da_DK","og_type":"article","og_title":"Social b\u00e6redygtighed l\u00f8fter Sydvestmors - Mors","og_description":"KARBY: P\u00f8lser og br\u00f8d. Kaffe og kage. \u00d8l og sodavand. Men f\u00f8rst og fremmest: gode mennesker og fine rammer. Det er alt sammen p\u00e5 programmet i Karby Kuber, hvor en flok violinister l\u00f8rdag formiddag viser, hvad de kan. Det kr\u00e6ver koncentration, kan man tydeligt se i ansigterne p\u00e5 b\u00f8rnene fra Mors\u00f8 Suzuki Skole. Men som [&hellip;]","og_url":"https:\/\/kunmedierne.dk\/mors\/social-baeredygtighed-loefter-sydvestmors\/","og_site_name":"Mors","article_published_time":"2024-09-16T14:23:50+00:00","og_image":[{"url":"https:\/\/kunmedierne.dk\/mors\/wp-content\/uploads\/2024\/09\/IMG_8333.jpg","type":"","width":"","height":""}],"author":"David H\u00f8jmark","twitter_card":"summary_large_image","twitter_misc":{"Skrevet af":"David H\u00f8jmark","Estimeret l\u00e6setid":"5 minutter"},"schema":{"@context":"https:\/\/schema.org","@graph":[{"@type":"Article","@id":"https:\/\/kunmedierne.dk\/mors\/social-baeredygtighed-loefter-sydvestmors\/#article","isPartOf":{"@id":"https:\/\/kunmedierne.dk\/mors\/social-baeredygtighed-loefter-sydvestmors\/"},"author":{"name":"David H\u00f8jmark","@id":"https:\/\/kunmedierne.dk\/mors\/#\/schema\/person\/5fe23251bf1d0abbcdc6f7896579d548"},"headline":"Social b\u00e6redygtighed l\u00f8fter Sydvestmors","datePublished":"2024-09-16T14:23:50+00:00","mainEntityOfPage":{"@id":"https:\/\/kunmedierne.dk\/mors\/social-baeredygtighed-loefter-sydvestmors\/"},"wordCount":908,"publisher":{"@id":"https:\/\/kunmedierne.dk\/mors\/#organization"},"image":{"@id":"https:\/\/kunmedierne.dk\/mors\/social-baeredygtighed-loefter-sydvestmors\/#primaryimage"},"thumbnailUrl":"https:\/\/kunmedierne.dk\/mors\/wp-content\/uploads\/2024\/09\/IMG_8333.jpg","keywords":["Foreningsliv"],"articleSection":["Lokalt"],"inLanguage":"da-DK"},{"@type":"WebPage","@id":"https:\/\/kunmedierne.dk\/mors\/social-baeredygtighed-loefter-sydvestmors\/","url":"https:\/\/kunmedierne.dk\/mors\/social-baeredygtighed-loefter-sydvestmors\/","name":"Social b\u00e6redygtighed l\u00f8fter Sydvestmors - Mors","isPartOf":{"@id":"https:\/\/kunmedierne.dk\/mors\/#website"},"primaryImageOfPage":{"@id":"https:\/\/kunmedierne.dk\/mors\/social-baeredygtighed-loefter-sydvestmors\/#primaryimage"},"image":{"@id":"https:\/\/kunmedierne.dk\/mors\/social-baeredygtighed-loefter-sydvestmors\/#primaryimage"},"thumbnailUrl":"https:\/\/kunmedierne.dk\/mors\/wp-content\/uploads\/2024\/09\/IMG_8333.jpg","datePublished":"2024-09-16T14:23:50+00:00","breadcrumb":{"@id":"https:\/\/kunmedierne.dk\/mors\/social-baeredygtighed-loefter-sydvestmors\/#breadcrumb"},"inLanguage":"da-DK","potentialAction":[{"@type":"ReadAction","target":["https:\/\/kunmedierne.dk\/mors\/social-baeredygtighed-loefter-sydvestmors\/"]}]},{"@type":"ImageObject","inLanguage":"da-DK","@id":"https:\/\/kunmedierne.dk\/mors\/social-baeredygtighed-loefter-sydvestmors\/#primaryimage","url":"https:\/\/kunmedierne.dk\/mors\/wp-content\/uploads\/2024\/09\/IMG_8333.jpg","contentUrl":"https:\/\/kunmedierne.dk\/mors\/wp-content\/uploads\/2024\/09\/IMG_8333.jpg","width":3559,"height":2372,"caption":"Det kr\u00e6ver koncentration at spille violin. Det viste Mors\u00f8 Suzuki Skole til eventdagen i Karby."},{"@type":"BreadcrumbList","@id":"https:\/\/kunmedierne.dk\/mors\/social-baeredygtighed-loefter-sydvestmors\/#breadcrumb","itemListElement":[{"@type":"ListItem","position":1,"name":"Hjem","item":"https:\/\/kunmedierne.dk\/mors\/"},{"@type":"ListItem","position":2,"name":"Social b\u00e6redygtighed l\u00f8fter Sydvestmors"}]},{"@type":"WebSite","@id":"https:\/\/kunmedierne.dk\/mors\/#website","url":"https:\/\/kunmedierne.dk\/mors\/","name":"Mors","description":"et netmedie med journalistik om livet p\u00e5 Mors","publisher":{"@id":"https:\/\/kunmedierne.dk\/mors\/#organization"},"potentialAction":[{"@type":"SearchAction","target":{"@type":"EntryPoint","urlTemplate":"https:\/\/kunmedierne.dk\/mors\/?s={search_term_string}"},"query-input":{"@type":"PropertyValueSpecification","valueRequired":true,"valueName":"search_term_string"}}],"inLanguage":"da-DK"},{"@type":"Organization","@id":"https:\/\/kunmedierne.dk\/mors\/#organization","name":"Mors","url":"https:\/\/kunmedierne.dk\/mors\/","logo":{"@type":"ImageObject","inLanguage":"da-DK","@id":"https:\/\/kunmedierne.dk\/mors\/#\/schema\/logo\/image\/","url":"https:\/\/kunmedierne.dk\/mors\/wp-content\/uploads\/2024\/08\/kunmors-logo.svg","contentUrl":"https:\/\/kunmedierne.dk\/mors\/wp-content\/uploads\/2024\/08\/kunmors-logo.svg","caption":"Mors"},"image":{"@id":"https:\/\/kunmedierne.dk\/mors\/#\/schema\/logo\/image\/"}},{"@type":"Person","@id":"https:\/\/kunmedierne.dk\/mors\/#\/schema\/person\/5fe23251bf1d0abbcdc6f7896579d548","name":"David H\u00f8jmark","image":{"@type":"ImageObject","inLanguage":"da-DK","@id":"https:\/\/kunmedierne.dk\/mors\/#\/schema\/person\/image\/","url":"https:\/\/secure.gravatar.com\/avatar\/4315d6fb9ef244d729989f5f90268eb08d5bf8a3d84402f595fa194bb35784fd?s=96&d=mm&r=g","contentUrl":"https:\/\/secure.gravatar.com\/avatar\/4315d6fb9ef244d729989f5f90268eb08d5bf8a3d84402f595fa194bb35784fd?s=96&d=mm&r=g","caption":"David H\u00f8jmark"},"sameAs":["https:\/\/www.kunmedierne.dk"],"url":"https:\/\/kunmedierne.dk\/mors\/author\/david\/"}]}},"_links":{"self":[{"href":"https:\/\/kunmedierne.dk\/mors\/wp-json\/wp\/v2\/posts\/127556","targetHints":{"allow":["GET"]}}],"collection":[{"href":"https:\/\/kunmedierne.dk\/mors\/wp-json\/wp\/v2\/posts"}],"about":[{"href":"https:\/\/kunmedierne.dk\/mors\/wp-json\/wp\/v2\/types\/post"}],"author":[{"embeddable":true,"href":"https:\/\/kunmedierne.dk\/mors\/wp-json\/wp\/v2\/users\/8"}],"replies":[{"embeddable":true,"href":"https:\/\/kunmedierne.dk\/mors\/wp-json\/wp\/v2\/comments?post=127556"}],"version-history":[{"count":2,"href":"https:\/\/kunmedierne.dk\/mors\/wp-json\/wp\/v2\/posts\/127556\/revisions"}],"predecessor-version":[{"id":127588,"href":"https:\/\/kunmedierne.dk\/mors\/wp-json\/wp\/v2\/posts\/127556\/revisions\/127588"}],"wp:attachment":[{"href":"https:\/\/kunmedierne.dk\/mors\/wp-json\/wp\/v2\/media?parent=127556"}],"wp:term":[{"taxonomy":"category","embeddable":true,"href":"https:\/\/kunmedierne.dk\/mors\/wp-json\/wp\/v2\/categories?post=127556"},{"taxonomy":"post_tag","embeddable":true,"href":"https:\/\/kunmedierne.dk\/mors\/wp-json\/wp\/v2\/tags?post=127556"}],"curies":[{"name":"wp","href":"https:\/\/api.w.org\/{rel}","templated":true}]}}