{"id":127429,"date":"2024-09-15T13:50:14","date_gmt":"2024-09-15T11:50:14","guid":{"rendered":"https:\/\/kunmedierne.dk\/mors\/?p=127429"},"modified":"2024-09-16T03:43:15","modified_gmt":"2024-09-16T01:43:15","slug":"farvel-til-faster-malle-maren-katrine-rundo-samlede-igen-familien-paa-mors","status":"publish","type":"post","link":"https:\/\/kunmedierne.dk\/mors\/farvel-til-faster-malle-maren-katrine-rundo-samlede-igen-familien-paa-mors\/","title":{"rendered":"<span>Farvel til faster Malle:<\/span> Maren Katrine Rundo samlede igen familien p\u00e5 Mors"},"content":{"rendered":"<p><strong>MINDEH\u00d8JTIDELIGHED<\/strong>: Et us\u00e6dvanligt menneske med et langt og givende liv fik i g\u00e5r et sidste farvel.<\/p>\n<p>Maren Katrine Rundo, f\u00f8dt Have, d\u00f8de 13. april i Lisle, Illinois i USA. Hun blev 101 og et halvt \u00e5r gammel, og til det sidste gjorde hun indtryk p\u00e5 sine omgivelser.<\/p>\n<p>Det fort\u00e6ller en af hendes niecer, Ingeborg M\u00f8ller, der l\u00f8rdag var taget fra Silkeborg til Nyk\u00f8bing for at v\u00e6re med i mindeh\u00f8jtideligheden. Og hun fort\u00e6ller, hvorfor det er helt naturligt, at mange andre tog p\u00e5 en endnu l\u00e6ngere rejse.<\/p>\n<p>Nogle fra Frankrig, nogle fra England. Og andre fra USA. Men alle p\u00e5 grund af \u00e9n persons aftryk p\u00e5 familiens liv.<\/p>\n<a class=\"dvrt-link\" onClick=\"cdmtrack_click(113414,jQuery(this));return false\" href=\"https:\/\/www.p-soerensen.dk\/\"><img decoding=\"async\" style=\"width:100%;\" src=\"https:\/\/kunmedierne.dk\/mors\/wp-content\/uploads\/2024\/03\/p-soerensen-juni25.jpg\"><\/a><script>cdmtrack_view(113414);<\/script>\n<p>&#8211; Hun var matriarken over dem alle. Det var hun jo. Og s\u00e5 var hun et sk\u00f8nt og favnende menneske.<\/p>\n<p>Ingeborg smiler, mens hun med en stolthed, der er synlig i b\u00e5de ansigt og stemme, fort\u00e6ller om det helt s\u00e6rlige menneske, der blev f\u00f8dt p\u00e5 Mors 3. september 1922.<\/p>\n<p>Maren Katrine blev f\u00f8dt i Hvidbjerg som fjerde barn af Maren Dorthea S\u00f8rensen og Kristen Skriver Have. Hun voksede op i en s\u00f8skendeflok p\u00e5 otte &#8211; som eneste pige blandt syv br\u00f8dre.<\/p>\n<p>Efter handelseksamen og en kort periode som ansat i en bank gik hun samme vej som sin mor og blev uddannet sygeplejerske samme sted: p\u00e5 Kommunehospitalet i K\u00f8benhavn.<\/p>\n<a class=\"dvrt-link\" onClick=\"cdmtrack_click(104786,jQuery(this));return false\" href=\"https:\/\/limfjordsteatret.dk\/events\/tobias-dybvad-mit-bedste-onemanshow\/\"><img decoding=\"async\" style=\"width:100%;\" src=\"https:\/\/kunmedierne.dk\/mors\/wp-content\/uploads\/2023\/10\/aarskortLim_KunMors_1100x125.jpg\"><\/a><script>cdmtrack_view(104786);<\/script>\n<p>Det var under Anden Verdenskrig, mens hun i sin lejlighed skjulte danske j\u00f8der for nazisterne. S\u00e5 allerede som ung viste hun den st\u00e5lsatte personlighed, der b\u00f8d hende at f\u00f8lge samvittigheden. Lige som da hun efter krigen hjalp med plejen af tyske flygtninge, mens de ellers m\u00f8dte afvisning hos mange andre.<\/p>\n<p>Det var og er et af de karaktertr\u00e6k ved eksilmorsingboen, hun af sin store familie bliver beundret for.<\/p>\n<p>&#8211; Hun var ogs\u00e5 en, der vidste, hvad hun ville. Hun var ikke skrap, men hun havde g\u00e5p\u00e5mod, siger Ingeborg.<\/p>\n<p>&nbsp;<\/p>\n<p><strong>Elskede Mors over alt<\/strong><\/p>\n<p>Mens hun arbejdede som sygeplejerske, m\u00f8dte Maren Katrine den engelske atomfysiker John Rundo, der arbejdede p\u00e5 Niels Bohr Instituttet. Ham giftede hun sig med i 1953, og kort tid efter rejste de til England, hvor deres tre b\u00f8rn blev f\u00f8dt. I 1969 gik turen videre til Illinois i USA, hvor faster Malle, som hun blev kaldt af familien, boede indtil sin d\u00f8d i for\u00e5ret 2024.<\/p>\n<p>Men trods de mange \u00e5rtier med et helt ocean imellem f\u00f8de\u00f8en og sit nye liv lagde hun aldrig sit ophav p\u00e5 Mors bag sig. Tv\u00e6rtimod.<\/p>\n<p>&#8211; Hun elskede Mors over alt! Og hendes b\u00f8rn, nev\u00f8er og niecer er lige s\u00e5dan, siger Ingeborg, der mange gange har m\u00f8dtes med den store familie p\u00e5 Mors &#8211; og hver gang med faster Malle som anledning.<\/p>\n<a class=\"dvrt-link\" onClick=\"cdmtrack_click(169437,jQuery(this));return false\" href=\"https:\/\/thymors.dk\/sponsorater\/15-til-faellesskabet?utm_source=kunmors&amp;utm_medium=annonce&amp;utm_campaign=sponsorater\"><img decoding=\"async\" style=\"width:100%;\" src=\"https:\/\/kunmedierne.dk\/mors\/wp-content\/uploads\/2026\/03\/260407ThyMors-energi_faellesskab_generel-1.jpg\"><\/a><script>cdmtrack_view(169437);<\/script>\n<p>For hvert femte \u00e5r inviterede hun til f\u00f8dselsdag, og n\u00e5r man lever i mere end 100 \u00e5r, bliver der mange gensyn med en familie, der til sidst bestod af tre b\u00f8rn, syv b\u00f8rneb\u00f8rn, snart fem oldeb\u00f8rn og s\u00e5 mange nev\u00f8er og niecer samt deres b\u00f8rn og b\u00f8rneb\u00f8rn, at samlingerne p\u00e5 Mors l\u00f8b op i et halvt hundrede mennesker.<\/p>\n<p>Og hver gang havde de gode stunder fra barndom og ungdom at mindes.<\/p>\n<p>&#8211; Rigtig mange af hendes nev\u00f8er og niecers b\u00f8rn har v\u00e6ret ovre og bo ved hende. Hun var en samlende figur, siger Ingeborg, der selv har holdt en del af sin ungdoms sommerferier hos faster Malle i England.<\/p>\n<p>&nbsp;<\/p>\n<p><strong>Satte ambulancefolk p\u00e5 plads<\/strong><\/p>\n<p>Hun fort\u00e6ller ogs\u00e5, at Maren Katrine under alle sine bes\u00f8g p\u00e5 Mors havde \u00e9n bestemt ting, hun skulle g\u00f8re.<\/p>\n<p>&#8211; Alle gange, ogs\u00e5 da hun blev 85 \u00e5r, var hun ude og sv\u00f8mme i fjorden hver dag, siger hun og beretter om et levende og humoristisk menneske, der igennem hele sit liv holdt sig aktiv. Ogs\u00e5 med sin interesse for bridge og opera.<\/p>\n<p>&#8211; Hun var frisk som en hav\u00f8rn. Ogs\u00e5 to m\u00e5neder f\u00f8r sin d\u00f8d, siger Ingeborg og fort\u00e6ller, at faster Malle efter at v\u00e6re fyldt 101 \u00e5r skrev sin egen nekrolog.<\/p>\n<a class=\"dvrt-link\" onClick=\"cdmtrack_click(104786,jQuery(this));return false\" href=\"https:\/\/limfjordsteatret.dk\/events\/tobias-dybvad-mit-bedste-onemanshow\/\"><img decoding=\"async\" style=\"width:100%;\" src=\"https:\/\/kunmedierne.dk\/mors\/wp-content\/uploads\/2023\/10\/aarskortLim_KunMors_1100x125.jpg\"><\/a><script>cdmtrack_view(104786);<\/script>\n<p>P\u00e5 det tidspunkt var helbredet trods daglige sv\u00f8mmeture, indtil hun var 97 \u00e5r, ved at sende hende mod livets afslutning. Men forstanden og g\u00e5p\u00e5modet havde hun til det sidste, hvilket Ingeborg dokumenterer med en anekdote om, da faster Malle blev indlagt p\u00e5 hospitalet.<\/p>\n<p>&#8211; Der blev jo tilkaldt en ambulance, og da den n\u00e5ede frem, og ambulanceredderne ville ind og b\u00e6re hende ud, sagde hun: &#8220;I bliver dernede!&#8221; De sagde: &#8220;Vi skal jo hente dig?&#8221;, men hun svarede: &#8220;Ja, men I g\u00e5r ikke ind p\u00e5 mit nyrenoverede gulv med de st\u00f8vler. Det f\u00e5r I ikke lov til.&#8221;<\/p>\n<p>&#8211; Og s\u00e5 stavrede hun ud til dem med sin rollator.<\/p>\n<p>&nbsp;<\/p>\n<p><strong>Genforenet med sin mand<\/strong><\/p>\n<p>Ingeborg griner igen, og endnu engang g\u00f8r hun det med en klang af vemod og stolthed. Men m\u00e5ske mest af alt taknemmelighed over at have kendt en s\u00e5 st\u00e6rk og favnende person som Maren Katrine Rundo.<\/p>\n<p>En kvinde, der ogs\u00e5 efter sin d\u00f8d f\u00e5r mennesker fra tre lande p\u00e5 to kontinenter til at rejse til Mors for at s\u00e6tte hendes urne i jorden p\u00e5 Nyk\u00f8bing Kirkeg\u00e5rd.<\/p>\n<a class=\"dvrt-link\" onClick=\"cdmtrack_click(113414,jQuery(this));return false\" href=\"https:\/\/www.p-soerensen.dk\/\"><img decoding=\"async\" style=\"width:100%;\" src=\"https:\/\/kunmedierne.dk\/mors\/wp-content\/uploads\/2024\/03\/p-soerensen-juni25.jpg\"><\/a><script>cdmtrack_view(113414);<\/script>\n<p>Her blev John Rundo begravet efter sin d\u00f8d i 2003. Nu har han sin hustru igennem 50 \u00e5r tilbage ved sin side.<\/p>\n<p>Dermed har han selskab af en morsingbo, der drog ud i verden og gjorde en forskel for mange.\u00a0 S\u00e5 mange og s\u00e5 meget, at familien allerede har besluttet at m\u00f8des p\u00e5 Mors for ogs\u00e5 at markere 105 \u00e5rsdagen for deres allesammens faster Malle.<\/p>\n<p>Ingeborg opsummerer \u00e5rsagen med en stille, men beslutsom s\u00e6tning:<\/p>\n<p>&#8211; Hun var ikke en hvem som helst&#8230;<\/p>\n<div id=\"attachment_127435\" style=\"width: 456px\" class=\"wp-caption alignleft\"><img loading=\"lazy\" decoding=\"async\" aria-describedby=\"caption-attachment-127435\" class=\"size-full wp-image-127435\" src=\"https:\/\/kunmedierne.dk\/mors\/wp-content\/uploads\/2024\/09\/image00000011.jpg\" alt=\"\" width=\"446\" height=\"589\" srcset=\"https:\/\/kunmedierne.dk\/mors\/wp-content\/uploads\/2024\/09\/image00000011.jpg 446w, https:\/\/kunmedierne.dk\/mors\/wp-content\/uploads\/2024\/09\/image00000011-227x300.jpg 227w\" sizes=\"auto, (max-width: 446px) 100vw, 446px\" \/><p id=\"caption-attachment-127435\" class=\"wp-caption-text\">Maren Katrine Rundo (1922-2024). Privatfoto.<\/p><\/div>\n","protected":false},"excerpt":{"rendered":"<p>MINDEH\u00d8JTIDELIGHED: Et us\u00e6dvanligt menneske med et langt og givende liv fik i g\u00e5r et sidste farvel. Maren Katrine Rundo, f\u00f8dt Have, d\u00f8de 13. april i Lisle, Illinois i USA. Hun blev 101 og et halvt \u00e5r gammel, og til det sidste gjorde hun indtryk p\u00e5 sine omgivelser. Det fort\u00e6ller en af hendes niecer, Ingeborg M\u00f8ller, [&hellip;]<\/p>\n","protected":false},"author":8,"featured_media":0,"comment_status":"closed","ping_status":"closed","sticky":false,"template":"","format":"standard","meta":{"_acf_changed":false,"footnotes":""},"categories":[51,90,52],"tags":[],"class_list":["post-127429","post","type-post","status-publish","format-standard","hentry","category-lokalt","category-morsingboerne","category-navne"],"acf":[],"yoast_head":"<!-- This site is optimized with the Yoast SEO plugin v26.8 - https:\/\/yoast.com\/product\/yoast-seo-wordpress\/ -->\n<title>Farvel til faster Malle: Maren Katrine Rundo samlede igen familien p\u00e5 Mors - Mors<\/title>\n<meta name=\"robots\" content=\"index, follow, max-snippet:-1, max-image-preview:large, max-video-preview:-1\" \/>\n<link rel=\"canonical\" href=\"https:\/\/kunmedierne.dk\/mors\/farvel-til-faster-malle-maren-katrine-rundo-samlede-igen-familien-paa-mors\/\" \/>\n<meta property=\"og:locale\" content=\"da_DK\" \/>\n<meta property=\"og:type\" content=\"article\" \/>\n<meta property=\"og:title\" content=\"Farvel til faster Malle: Maren Katrine Rundo samlede igen familien p\u00e5 Mors - Mors\" \/>\n<meta property=\"og:description\" content=\"MINDEH\u00d8JTIDELIGHED: Et us\u00e6dvanligt menneske med et langt og givende liv fik i g\u00e5r et sidste farvel. Maren Katrine Rundo, f\u00f8dt Have, d\u00f8de 13. april i Lisle, Illinois i USA. Hun blev 101 og et halvt \u00e5r gammel, og til det sidste gjorde hun indtryk p\u00e5 sine omgivelser. Det fort\u00e6ller en af hendes niecer, Ingeborg M\u00f8ller, [&hellip;]\" \/>\n<meta property=\"og:url\" content=\"https:\/\/kunmedierne.dk\/mors\/farvel-til-faster-malle-maren-katrine-rundo-samlede-igen-familien-paa-mors\/\" \/>\n<meta property=\"og:site_name\" content=\"Mors\" \/>\n<meta property=\"article:published_time\" content=\"2024-09-15T11:50:14+00:00\" \/>\n<meta property=\"article:modified_time\" content=\"2024-09-16T01:43:15+00:00\" \/>\n<meta property=\"og:image\" content=\"https:\/\/kunmedierne.dk\/mors\/wp-content\/uploads\/2024\/09\/image00000011.jpg\" \/>\n<meta name=\"author\" content=\"David H\u00f8jmark\" \/>\n<meta name=\"twitter:card\" content=\"summary_large_image\" \/>\n<meta name=\"twitter:label1\" content=\"Skrevet af\" \/>\n\t<meta name=\"twitter:data1\" content=\"David H\u00f8jmark\" \/>\n\t<meta name=\"twitter:label2\" content=\"Estimeret l\u00e6setid\" \/>\n\t<meta name=\"twitter:data2\" content=\"6 minutter\" \/>\n<script type=\"application\/ld+json\" class=\"yoast-schema-graph\">{\"@context\":\"https:\/\/schema.org\",\"@graph\":[{\"@type\":\"Article\",\"@id\":\"https:\/\/kunmedierne.dk\/mors\/farvel-til-faster-malle-maren-katrine-rundo-samlede-igen-familien-paa-mors\/#article\",\"isPartOf\":{\"@id\":\"https:\/\/kunmedierne.dk\/mors\/farvel-til-faster-malle-maren-katrine-rundo-samlede-igen-familien-paa-mors\/\"},\"author\":{\"name\":\"David H\u00f8jmark\",\"@id\":\"https:\/\/kunmedierne.dk\/mors\/#\/schema\/person\/5fe23251bf1d0abbcdc6f7896579d548\"},\"headline\":\"Farvel til faster Malle: Maren Katrine Rundo samlede igen familien p\u00e5 Mors\",\"datePublished\":\"2024-09-15T11:50:14+00:00\",\"dateModified\":\"2024-09-16T01:43:15+00:00\",\"mainEntityOfPage\":{\"@id\":\"https:\/\/kunmedierne.dk\/mors\/farvel-til-faster-malle-maren-katrine-rundo-samlede-igen-familien-paa-mors\/\"},\"wordCount\":1010,\"publisher\":{\"@id\":\"https:\/\/kunmedierne.dk\/mors\/#organization\"},\"image\":{\"@id\":\"https:\/\/kunmedierne.dk\/mors\/farvel-til-faster-malle-maren-katrine-rundo-samlede-igen-familien-paa-mors\/#primaryimage\"},\"thumbnailUrl\":\"https:\/\/kunmedierne.dk\/mors\/wp-content\/uploads\/2024\/09\/image00000011.jpg\",\"articleSection\":[\"Lokalt\",\"Morsingboerne\",\"Navne\"],\"inLanguage\":\"da-DK\"},{\"@type\":\"WebPage\",\"@id\":\"https:\/\/kunmedierne.dk\/mors\/farvel-til-faster-malle-maren-katrine-rundo-samlede-igen-familien-paa-mors\/\",\"url\":\"https:\/\/kunmedierne.dk\/mors\/farvel-til-faster-malle-maren-katrine-rundo-samlede-igen-familien-paa-mors\/\",\"name\":\"Farvel til faster Malle: Maren Katrine Rundo samlede igen familien p\u00e5 Mors - Mors\",\"isPartOf\":{\"@id\":\"https:\/\/kunmedierne.dk\/mors\/#website\"},\"primaryImageOfPage\":{\"@id\":\"https:\/\/kunmedierne.dk\/mors\/farvel-til-faster-malle-maren-katrine-rundo-samlede-igen-familien-paa-mors\/#primaryimage\"},\"image\":{\"@id\":\"https:\/\/kunmedierne.dk\/mors\/farvel-til-faster-malle-maren-katrine-rundo-samlede-igen-familien-paa-mors\/#primaryimage\"},\"thumbnailUrl\":\"https:\/\/kunmedierne.dk\/mors\/wp-content\/uploads\/2024\/09\/image00000011.jpg\",\"datePublished\":\"2024-09-15T11:50:14+00:00\",\"dateModified\":\"2024-09-16T01:43:15+00:00\",\"breadcrumb\":{\"@id\":\"https:\/\/kunmedierne.dk\/mors\/farvel-til-faster-malle-maren-katrine-rundo-samlede-igen-familien-paa-mors\/#breadcrumb\"},\"inLanguage\":\"da-DK\",\"potentialAction\":[{\"@type\":\"ReadAction\",\"target\":[\"https:\/\/kunmedierne.dk\/mors\/farvel-til-faster-malle-maren-katrine-rundo-samlede-igen-familien-paa-mors\/\"]}]},{\"@type\":\"ImageObject\",\"inLanguage\":\"da-DK\",\"@id\":\"https:\/\/kunmedierne.dk\/mors\/farvel-til-faster-malle-maren-katrine-rundo-samlede-igen-familien-paa-mors\/#primaryimage\",\"url\":\"https:\/\/kunmedierne.dk\/mors\/wp-content\/uploads\/2024\/09\/image00000011.jpg\",\"contentUrl\":\"https:\/\/kunmedierne.dk\/mors\/wp-content\/uploads\/2024\/09\/image00000011.jpg\",\"width\":446,\"height\":589,\"caption\":\"Maren Katrine Rundo (1922-2024). Privatfoto.\"},{\"@type\":\"BreadcrumbList\",\"@id\":\"https:\/\/kunmedierne.dk\/mors\/farvel-til-faster-malle-maren-katrine-rundo-samlede-igen-familien-paa-mors\/#breadcrumb\",\"itemListElement\":[{\"@type\":\"ListItem\",\"position\":1,\"name\":\"Hjem\",\"item\":\"https:\/\/kunmedierne.dk\/mors\/\"},{\"@type\":\"ListItem\",\"position\":2,\"name\":\"Farvel til faster Malle: Maren Katrine Rundo samlede igen familien p\u00e5 Mors\"}]},{\"@type\":\"WebSite\",\"@id\":\"https:\/\/kunmedierne.dk\/mors\/#website\",\"url\":\"https:\/\/kunmedierne.dk\/mors\/\",\"name\":\"Mors\",\"description\":\"et netmedie med journalistik om livet p\u00e5 Mors\",\"publisher\":{\"@id\":\"https:\/\/kunmedierne.dk\/mors\/#organization\"},\"potentialAction\":[{\"@type\":\"SearchAction\",\"target\":{\"@type\":\"EntryPoint\",\"urlTemplate\":\"https:\/\/kunmedierne.dk\/mors\/?s={search_term_string}\"},\"query-input\":{\"@type\":\"PropertyValueSpecification\",\"valueRequired\":true,\"valueName\":\"search_term_string\"}}],\"inLanguage\":\"da-DK\"},{\"@type\":\"Organization\",\"@id\":\"https:\/\/kunmedierne.dk\/mors\/#organization\",\"name\":\"Mors\",\"url\":\"https:\/\/kunmedierne.dk\/mors\/\",\"logo\":{\"@type\":\"ImageObject\",\"inLanguage\":\"da-DK\",\"@id\":\"https:\/\/kunmedierne.dk\/mors\/#\/schema\/logo\/image\/\",\"url\":\"https:\/\/kunmedierne.dk\/mors\/wp-content\/uploads\/2024\/08\/kunmors-logo.svg\",\"contentUrl\":\"https:\/\/kunmedierne.dk\/mors\/wp-content\/uploads\/2024\/08\/kunmors-logo.svg\",\"caption\":\"Mors\"},\"image\":{\"@id\":\"https:\/\/kunmedierne.dk\/mors\/#\/schema\/logo\/image\/\"}},{\"@type\":\"Person\",\"@id\":\"https:\/\/kunmedierne.dk\/mors\/#\/schema\/person\/5fe23251bf1d0abbcdc6f7896579d548\",\"name\":\"David H\u00f8jmark\",\"image\":{\"@type\":\"ImageObject\",\"inLanguage\":\"da-DK\",\"@id\":\"https:\/\/kunmedierne.dk\/mors\/#\/schema\/person\/image\/\",\"url\":\"https:\/\/secure.gravatar.com\/avatar\/4315d6fb9ef244d729989f5f90268eb08d5bf8a3d84402f595fa194bb35784fd?s=96&d=mm&r=g\",\"contentUrl\":\"https:\/\/secure.gravatar.com\/avatar\/4315d6fb9ef244d729989f5f90268eb08d5bf8a3d84402f595fa194bb35784fd?s=96&d=mm&r=g\",\"caption\":\"David H\u00f8jmark\"},\"sameAs\":[\"https:\/\/www.kunmedierne.dk\"],\"url\":\"https:\/\/kunmedierne.dk\/mors\/author\/david\/\"}]}<\/script>\n<!-- \/ Yoast SEO plugin. -->","yoast_head_json":{"title":"Farvel til faster Malle: Maren Katrine Rundo samlede igen familien p\u00e5 Mors - Mors","robots":{"index":"index","follow":"follow","max-snippet":"max-snippet:-1","max-image-preview":"max-image-preview:large","max-video-preview":"max-video-preview:-1"},"canonical":"https:\/\/kunmedierne.dk\/mors\/farvel-til-faster-malle-maren-katrine-rundo-samlede-igen-familien-paa-mors\/","og_locale":"da_DK","og_type":"article","og_title":"Farvel til faster Malle: Maren Katrine Rundo samlede igen familien p\u00e5 Mors - Mors","og_description":"MINDEH\u00d8JTIDELIGHED: Et us\u00e6dvanligt menneske med et langt og givende liv fik i g\u00e5r et sidste farvel. Maren Katrine Rundo, f\u00f8dt Have, d\u00f8de 13. april i Lisle, Illinois i USA. Hun blev 101 og et halvt \u00e5r gammel, og til det sidste gjorde hun indtryk p\u00e5 sine omgivelser. Det fort\u00e6ller en af hendes niecer, Ingeborg M\u00f8ller, [&hellip;]","og_url":"https:\/\/kunmedierne.dk\/mors\/farvel-til-faster-malle-maren-katrine-rundo-samlede-igen-familien-paa-mors\/","og_site_name":"Mors","article_published_time":"2024-09-15T11:50:14+00:00","article_modified_time":"2024-09-16T01:43:15+00:00","og_image":[{"url":"https:\/\/kunmedierne.dk\/mors\/wp-content\/uploads\/2024\/09\/image00000011.jpg","type":"","width":"","height":""}],"author":"David H\u00f8jmark","twitter_card":"summary_large_image","twitter_misc":{"Skrevet af":"David H\u00f8jmark","Estimeret l\u00e6setid":"6 minutter"},"schema":{"@context":"https:\/\/schema.org","@graph":[{"@type":"Article","@id":"https:\/\/kunmedierne.dk\/mors\/farvel-til-faster-malle-maren-katrine-rundo-samlede-igen-familien-paa-mors\/#article","isPartOf":{"@id":"https:\/\/kunmedierne.dk\/mors\/farvel-til-faster-malle-maren-katrine-rundo-samlede-igen-familien-paa-mors\/"},"author":{"name":"David H\u00f8jmark","@id":"https:\/\/kunmedierne.dk\/mors\/#\/schema\/person\/5fe23251bf1d0abbcdc6f7896579d548"},"headline":"Farvel til faster Malle: Maren Katrine Rundo samlede igen familien p\u00e5 Mors","datePublished":"2024-09-15T11:50:14+00:00","dateModified":"2024-09-16T01:43:15+00:00","mainEntityOfPage":{"@id":"https:\/\/kunmedierne.dk\/mors\/farvel-til-faster-malle-maren-katrine-rundo-samlede-igen-familien-paa-mors\/"},"wordCount":1010,"publisher":{"@id":"https:\/\/kunmedierne.dk\/mors\/#organization"},"image":{"@id":"https:\/\/kunmedierne.dk\/mors\/farvel-til-faster-malle-maren-katrine-rundo-samlede-igen-familien-paa-mors\/#primaryimage"},"thumbnailUrl":"https:\/\/kunmedierne.dk\/mors\/wp-content\/uploads\/2024\/09\/image00000011.jpg","articleSection":["Lokalt","Morsingboerne","Navne"],"inLanguage":"da-DK"},{"@type":"WebPage","@id":"https:\/\/kunmedierne.dk\/mors\/farvel-til-faster-malle-maren-katrine-rundo-samlede-igen-familien-paa-mors\/","url":"https:\/\/kunmedierne.dk\/mors\/farvel-til-faster-malle-maren-katrine-rundo-samlede-igen-familien-paa-mors\/","name":"Farvel til faster Malle: Maren Katrine Rundo samlede igen familien p\u00e5 Mors - Mors","isPartOf":{"@id":"https:\/\/kunmedierne.dk\/mors\/#website"},"primaryImageOfPage":{"@id":"https:\/\/kunmedierne.dk\/mors\/farvel-til-faster-malle-maren-katrine-rundo-samlede-igen-familien-paa-mors\/#primaryimage"},"image":{"@id":"https:\/\/kunmedierne.dk\/mors\/farvel-til-faster-malle-maren-katrine-rundo-samlede-igen-familien-paa-mors\/#primaryimage"},"thumbnailUrl":"https:\/\/kunmedierne.dk\/mors\/wp-content\/uploads\/2024\/09\/image00000011.jpg","datePublished":"2024-09-15T11:50:14+00:00","dateModified":"2024-09-16T01:43:15+00:00","breadcrumb":{"@id":"https:\/\/kunmedierne.dk\/mors\/farvel-til-faster-malle-maren-katrine-rundo-samlede-igen-familien-paa-mors\/#breadcrumb"},"inLanguage":"da-DK","potentialAction":[{"@type":"ReadAction","target":["https:\/\/kunmedierne.dk\/mors\/farvel-til-faster-malle-maren-katrine-rundo-samlede-igen-familien-paa-mors\/"]}]},{"@type":"ImageObject","inLanguage":"da-DK","@id":"https:\/\/kunmedierne.dk\/mors\/farvel-til-faster-malle-maren-katrine-rundo-samlede-igen-familien-paa-mors\/#primaryimage","url":"https:\/\/kunmedierne.dk\/mors\/wp-content\/uploads\/2024\/09\/image00000011.jpg","contentUrl":"https:\/\/kunmedierne.dk\/mors\/wp-content\/uploads\/2024\/09\/image00000011.jpg","width":446,"height":589,"caption":"Maren Katrine Rundo (1922-2024). Privatfoto."},{"@type":"BreadcrumbList","@id":"https:\/\/kunmedierne.dk\/mors\/farvel-til-faster-malle-maren-katrine-rundo-samlede-igen-familien-paa-mors\/#breadcrumb","itemListElement":[{"@type":"ListItem","position":1,"name":"Hjem","item":"https:\/\/kunmedierne.dk\/mors\/"},{"@type":"ListItem","position":2,"name":"Farvel til faster Malle: Maren Katrine Rundo samlede igen familien p\u00e5 Mors"}]},{"@type":"WebSite","@id":"https:\/\/kunmedierne.dk\/mors\/#website","url":"https:\/\/kunmedierne.dk\/mors\/","name":"Mors","description":"et netmedie med journalistik om livet p\u00e5 Mors","publisher":{"@id":"https:\/\/kunmedierne.dk\/mors\/#organization"},"potentialAction":[{"@type":"SearchAction","target":{"@type":"EntryPoint","urlTemplate":"https:\/\/kunmedierne.dk\/mors\/?s={search_term_string}"},"query-input":{"@type":"PropertyValueSpecification","valueRequired":true,"valueName":"search_term_string"}}],"inLanguage":"da-DK"},{"@type":"Organization","@id":"https:\/\/kunmedierne.dk\/mors\/#organization","name":"Mors","url":"https:\/\/kunmedierne.dk\/mors\/","logo":{"@type":"ImageObject","inLanguage":"da-DK","@id":"https:\/\/kunmedierne.dk\/mors\/#\/schema\/logo\/image\/","url":"https:\/\/kunmedierne.dk\/mors\/wp-content\/uploads\/2024\/08\/kunmors-logo.svg","contentUrl":"https:\/\/kunmedierne.dk\/mors\/wp-content\/uploads\/2024\/08\/kunmors-logo.svg","caption":"Mors"},"image":{"@id":"https:\/\/kunmedierne.dk\/mors\/#\/schema\/logo\/image\/"}},{"@type":"Person","@id":"https:\/\/kunmedierne.dk\/mors\/#\/schema\/person\/5fe23251bf1d0abbcdc6f7896579d548","name":"David H\u00f8jmark","image":{"@type":"ImageObject","inLanguage":"da-DK","@id":"https:\/\/kunmedierne.dk\/mors\/#\/schema\/person\/image\/","url":"https:\/\/secure.gravatar.com\/avatar\/4315d6fb9ef244d729989f5f90268eb08d5bf8a3d84402f595fa194bb35784fd?s=96&d=mm&r=g","contentUrl":"https:\/\/secure.gravatar.com\/avatar\/4315d6fb9ef244d729989f5f90268eb08d5bf8a3d84402f595fa194bb35784fd?s=96&d=mm&r=g","caption":"David H\u00f8jmark"},"sameAs":["https:\/\/www.kunmedierne.dk"],"url":"https:\/\/kunmedierne.dk\/mors\/author\/david\/"}]}},"_links":{"self":[{"href":"https:\/\/kunmedierne.dk\/mors\/wp-json\/wp\/v2\/posts\/127429","targetHints":{"allow":["GET"]}}],"collection":[{"href":"https:\/\/kunmedierne.dk\/mors\/wp-json\/wp\/v2\/posts"}],"about":[{"href":"https:\/\/kunmedierne.dk\/mors\/wp-json\/wp\/v2\/types\/post"}],"author":[{"embeddable":true,"href":"https:\/\/kunmedierne.dk\/mors\/wp-json\/wp\/v2\/users\/8"}],"replies":[{"embeddable":true,"href":"https:\/\/kunmedierne.dk\/mors\/wp-json\/wp\/v2\/comments?post=127429"}],"version-history":[{"count":7,"href":"https:\/\/kunmedierne.dk\/mors\/wp-json\/wp\/v2\/posts\/127429\/revisions"}],"predecessor-version":[{"id":127472,"href":"https:\/\/kunmedierne.dk\/mors\/wp-json\/wp\/v2\/posts\/127429\/revisions\/127472"}],"wp:attachment":[{"href":"https:\/\/kunmedierne.dk\/mors\/wp-json\/wp\/v2\/media?parent=127429"}],"wp:term":[{"taxonomy":"category","embeddable":true,"href":"https:\/\/kunmedierne.dk\/mors\/wp-json\/wp\/v2\/categories?post=127429"},{"taxonomy":"post_tag","embeddable":true,"href":"https:\/\/kunmedierne.dk\/mors\/wp-json\/wp\/v2\/tags?post=127429"}],"curies":[{"name":"wp","href":"https:\/\/api.w.org\/{rel}","templated":true}]}}