{"id":127379,"date":"2024-09-14T13:50:26","date_gmt":"2024-09-14T11:50:26","guid":{"rendered":"https:\/\/kunmedierne.dk\/mors\/?p=127379"},"modified":"2024-09-14T13:50:26","modified_gmt":"2024-09-14T11:50:26","slug":"leder-af-frivilligcenter-mors-valgt-ind-i-bestyrelse-for-alle-landets-frivillige","status":"publish","type":"post","link":"https:\/\/kunmedierne.dk\/mors\/leder-af-frivilligcenter-mors-valgt-ind-i-bestyrelse-for-alle-landets-frivillige\/","title":{"rendered":"Leder af Frivilligcenter Mors valgt ind i bestyrelse for alle landets frivillige"},"content":{"rendered":"<p><strong>INDFLYDELSE<\/strong>: Mors har f\u00e5et en stemme i arbejdet for de 71 frivilligcentre i Danmark.<\/p>\n<p>Det er Lise Kragh M\u00f8ller, daglig leder af Frivilligcenter Mors, der efter en periode som suppleant nu er almindeligt medlem af bestyrelsen for FriSe &#8211; Frivilligcentre og Selvhj\u00e6lp i Danmark.<\/p>\n<p>Det er en landsorganisation for mere end 80 selvst\u00e6ndige medlemsorganisationer. FriSe underst\u00f8tter frivilligheden og lokale indsatser i flere end 5000 medlemsforeninger, og if\u00f8lge organisationens hjemmeside st\u00e5r man \u00e5rligt bag flere end 600 selvhj\u00e6lpsgrupper, hvor mennesker kan v\u00e6re f\u00e6lles om det, der er sv\u00e6rt.<\/p>\n<a class=\"dvrt-link\" onClick=\"cdmtrack_click(104786,jQuery(this));return false\" href=\"https:\/\/limfjordsteatret.dk\/events\/tobias-dybvad-mit-bedste-onemanshow\/\"><img decoding=\"async\" style=\"width:100%;\" src=\"https:\/\/kunmedierne.dk\/mors\/wp-content\/uploads\/2023\/10\/aarskortLim_KunMors_1100x125.jpg\"><\/a><script>cdmtrack_view(104786);<\/script>\n<p>Det er med andre ord store opgaver og dermed stort ansvar, der f\u00f8lger med i et arbejde, som mere konkret best\u00e5r i at yde konsulentbistand til foreninger, at synligg\u00f8re frivillige aktiviteter og at mobilisere frivillige.<\/p>\n<p>Lige som p\u00e5 Mors, hvor det lokale frivilligcenter b\u00e5de er st\u00f8tte og drivkraft for lokale initiativer til gavn for lokalsamfundet.<\/p>\n<p class=\"v1MsoNormal\">I f\u00f8rste omgang indstillede bestyrelsen for Frivilligcenter Mors Lise Kragh M\u00f8ller til en ledig post som suppleant i FriSe-bestyrelsen. Siden har bestyrelsesformanden f\u00e5et nyt job, og den lokale centerleder er derfor indtr\u00e5dt i bestyrelsen. Mors har dermed f\u00e5et en stemme i det arbejde, der foreg\u00e5r p\u00e5 nationalt plan.<\/p>\n<p>&#8211; Det kan godt v\u00e6re, at vi er sm\u00e5 p\u00e5 Mors, men det, vi laver, er stort, konstaterer en tilfreds Lise Kragh M\u00f8ller.<\/p>\n<p>&nbsp;<\/p>\n<p><strong>Organiseringsformer under pres<\/strong><\/p>\n<p>Hun ser nu frem til at bruge sin viden og kompetencer hentet igennem ledelses-, udviklings- og konsulentopgaver i forskellige kommuner &#8211; og igennem fire \u00e5r som leder af Frivilligcenter Mors.<\/p>\n<p>Her har hun i de seneste par \u00e5r kunnet se frivilligheden \u00e6ndre karakter i takt med, at de gamle organiseringsformer er kommet under pres.<\/p>\n<p>&#8211; Det mener jeg, at vi skal reagere p\u00e5. Som frivilligcentre skal vi kunne im\u00f8dekomme disse forandringer for at kunne fremst\u00e5 relevante p\u00e5 den lange bane. Vi skal turde udfordre fremtidens frivillige organiseringer, lyder det fra Lise Kragh M\u00f8ller i den indstilling fra Frivilligcenter Mors-bestyrelsen, der f\u00f8rte til optagelse i FriSe-bestyrelsen.<\/p>\n<a class=\"dvrt-link\" onClick=\"cdmtrack_click(104787,jQuery(this));return false\" href=\"https:\/\/www.jyskebank.dk\/kontakt\/afdelingsinfo?departmentid=11890\"><img decoding=\"async\" style=\"width:100%;\" src=\"https:\/\/kunmedierne.dk\/mors\/wp-content\/uploads\/2023\/10\/260325JyskeBankMorsNy-1.jpg\"><\/a><script>cdmtrack_view(104787);<\/script>\n<p>Og videre om frivillighed i en tid med besparelser:<\/p>\n<p>&#8211; Vi skal synligg\u00f8re og finde nye l\u00f8sninger lokalt, der sikrer, at vi prioriteres politisk ude i kommunerne, ogs\u00e5 n\u00e5r den kommunale \u00f8konomi strammer til. Det g\u00e6lder i de store byer, men ogs\u00e5 i de mindre kommuner, hvor frivilligcenteropgaven nogle gange ser anderledes ud, for eksempel i forhold til m\u00e5lgrupper.<\/p>\n<p>Lise Kragh M\u00f8ller bor i Lemvig og er uddannet markeds\u00f8konom og arbejdsmarkeds- og personaleadm. fra Aalborg Universitet.<\/p>\n","protected":false},"excerpt":{"rendered":"<p>INDFLYDELSE: Mors har f\u00e5et en stemme i arbejdet for de 71 frivilligcentre i Danmark. Det er Lise Kragh M\u00f8ller, daglig leder af Frivilligcenter Mors, der efter en periode som suppleant nu er almindeligt medlem af bestyrelsen for FriSe &#8211; Frivilligcentre og Selvhj\u00e6lp i Danmark. Det er en landsorganisation for mere end 80 selvst\u00e6ndige medlemsorganisationer. FriSe [&hellip;]<\/p>\n","protected":false},"author":8,"featured_media":0,"comment_status":"closed","ping_status":"closed","sticky":false,"template":"","format":"standard","meta":{"_acf_changed":false,"footnotes":""},"categories":[51,52],"tags":[196],"class_list":["post-127379","post","type-post","status-publish","format-standard","hentry","category-lokalt","category-navne","tag-foreningsliv"],"acf":[],"yoast_head":"<!-- This site is optimized with the Yoast SEO plugin v26.8 - https:\/\/yoast.com\/product\/yoast-seo-wordpress\/ -->\n<title>Leder af Frivilligcenter Mors valgt ind i bestyrelse for alle landets frivillige - Mors<\/title>\n<meta name=\"robots\" content=\"index, follow, max-snippet:-1, max-image-preview:large, max-video-preview:-1\" \/>\n<link rel=\"canonical\" href=\"https:\/\/kunmedierne.dk\/mors\/leder-af-frivilligcenter-mors-valgt-ind-i-bestyrelse-for-alle-landets-frivillige\/\" \/>\n<meta property=\"og:locale\" content=\"da_DK\" \/>\n<meta property=\"og:type\" content=\"article\" \/>\n<meta property=\"og:title\" content=\"Leder af Frivilligcenter Mors valgt ind i bestyrelse for alle landets frivillige - Mors\" \/>\n<meta property=\"og:description\" content=\"INDFLYDELSE: Mors har f\u00e5et en stemme i arbejdet for de 71 frivilligcentre i Danmark. Det er Lise Kragh M\u00f8ller, daglig leder af Frivilligcenter Mors, der efter en periode som suppleant nu er almindeligt medlem af bestyrelsen for FriSe &#8211; Frivilligcentre og Selvhj\u00e6lp i Danmark. Det er en landsorganisation for mere end 80 selvst\u00e6ndige medlemsorganisationer. FriSe [&hellip;]\" \/>\n<meta property=\"og:url\" content=\"https:\/\/kunmedierne.dk\/mors\/leder-af-frivilligcenter-mors-valgt-ind-i-bestyrelse-for-alle-landets-frivillige\/\" \/>\n<meta property=\"og:site_name\" content=\"Mors\" \/>\n<meta property=\"article:published_time\" content=\"2024-09-14T11:50:26+00:00\" \/>\n<meta name=\"author\" content=\"David H\u00f8jmark\" \/>\n<meta name=\"twitter:card\" content=\"summary_large_image\" \/>\n<meta name=\"twitter:label1\" content=\"Skrevet af\" \/>\n\t<meta name=\"twitter:data1\" content=\"David H\u00f8jmark\" \/>\n\t<meta name=\"twitter:label2\" content=\"Estimeret l\u00e6setid\" \/>\n\t<meta name=\"twitter:data2\" content=\"3 minutter\" \/>\n<script type=\"application\/ld+json\" class=\"yoast-schema-graph\">{\"@context\":\"https:\/\/schema.org\",\"@graph\":[{\"@type\":\"Article\",\"@id\":\"https:\/\/kunmedierne.dk\/mors\/leder-af-frivilligcenter-mors-valgt-ind-i-bestyrelse-for-alle-landets-frivillige\/#article\",\"isPartOf\":{\"@id\":\"https:\/\/kunmedierne.dk\/mors\/leder-af-frivilligcenter-mors-valgt-ind-i-bestyrelse-for-alle-landets-frivillige\/\"},\"author\":{\"name\":\"David H\u00f8jmark\",\"@id\":\"https:\/\/kunmedierne.dk\/mors\/#\/schema\/person\/5fe23251bf1d0abbcdc6f7896579d548\"},\"headline\":\"Leder af Frivilligcenter Mors valgt ind i bestyrelse for alle landets frivillige\",\"datePublished\":\"2024-09-14T11:50:26+00:00\",\"mainEntityOfPage\":{\"@id\":\"https:\/\/kunmedierne.dk\/mors\/leder-af-frivilligcenter-mors-valgt-ind-i-bestyrelse-for-alle-landets-frivillige\/\"},\"wordCount\":444,\"publisher\":{\"@id\":\"https:\/\/kunmedierne.dk\/mors\/#organization\"},\"keywords\":[\"Foreningsliv\"],\"articleSection\":[\"Lokalt\",\"Navne\"],\"inLanguage\":\"da-DK\"},{\"@type\":\"WebPage\",\"@id\":\"https:\/\/kunmedierne.dk\/mors\/leder-af-frivilligcenter-mors-valgt-ind-i-bestyrelse-for-alle-landets-frivillige\/\",\"url\":\"https:\/\/kunmedierne.dk\/mors\/leder-af-frivilligcenter-mors-valgt-ind-i-bestyrelse-for-alle-landets-frivillige\/\",\"name\":\"Leder af Frivilligcenter Mors valgt ind i bestyrelse for alle landets frivillige - Mors\",\"isPartOf\":{\"@id\":\"https:\/\/kunmedierne.dk\/mors\/#website\"},\"datePublished\":\"2024-09-14T11:50:26+00:00\",\"breadcrumb\":{\"@id\":\"https:\/\/kunmedierne.dk\/mors\/leder-af-frivilligcenter-mors-valgt-ind-i-bestyrelse-for-alle-landets-frivillige\/#breadcrumb\"},\"inLanguage\":\"da-DK\",\"potentialAction\":[{\"@type\":\"ReadAction\",\"target\":[\"https:\/\/kunmedierne.dk\/mors\/leder-af-frivilligcenter-mors-valgt-ind-i-bestyrelse-for-alle-landets-frivillige\/\"]}]},{\"@type\":\"BreadcrumbList\",\"@id\":\"https:\/\/kunmedierne.dk\/mors\/leder-af-frivilligcenter-mors-valgt-ind-i-bestyrelse-for-alle-landets-frivillige\/#breadcrumb\",\"itemListElement\":[{\"@type\":\"ListItem\",\"position\":1,\"name\":\"Hjem\",\"item\":\"https:\/\/kunmedierne.dk\/mors\/\"},{\"@type\":\"ListItem\",\"position\":2,\"name\":\"Leder af Frivilligcenter Mors valgt ind i bestyrelse for alle landets frivillige\"}]},{\"@type\":\"WebSite\",\"@id\":\"https:\/\/kunmedierne.dk\/mors\/#website\",\"url\":\"https:\/\/kunmedierne.dk\/mors\/\",\"name\":\"Mors\",\"description\":\"et netmedie med journalistik om livet p\u00e5 Mors\",\"publisher\":{\"@id\":\"https:\/\/kunmedierne.dk\/mors\/#organization\"},\"potentialAction\":[{\"@type\":\"SearchAction\",\"target\":{\"@type\":\"EntryPoint\",\"urlTemplate\":\"https:\/\/kunmedierne.dk\/mors\/?s={search_term_string}\"},\"query-input\":{\"@type\":\"PropertyValueSpecification\",\"valueRequired\":true,\"valueName\":\"search_term_string\"}}],\"inLanguage\":\"da-DK\"},{\"@type\":\"Organization\",\"@id\":\"https:\/\/kunmedierne.dk\/mors\/#organization\",\"name\":\"Mors\",\"url\":\"https:\/\/kunmedierne.dk\/mors\/\",\"logo\":{\"@type\":\"ImageObject\",\"inLanguage\":\"da-DK\",\"@id\":\"https:\/\/kunmedierne.dk\/mors\/#\/schema\/logo\/image\/\",\"url\":\"https:\/\/kunmedierne.dk\/mors\/wp-content\/uploads\/2024\/08\/kunmors-logo.svg\",\"contentUrl\":\"https:\/\/kunmedierne.dk\/mors\/wp-content\/uploads\/2024\/08\/kunmors-logo.svg\",\"caption\":\"Mors\"},\"image\":{\"@id\":\"https:\/\/kunmedierne.dk\/mors\/#\/schema\/logo\/image\/\"}},{\"@type\":\"Person\",\"@id\":\"https:\/\/kunmedierne.dk\/mors\/#\/schema\/person\/5fe23251bf1d0abbcdc6f7896579d548\",\"name\":\"David H\u00f8jmark\",\"image\":{\"@type\":\"ImageObject\",\"inLanguage\":\"da-DK\",\"@id\":\"https:\/\/kunmedierne.dk\/mors\/#\/schema\/person\/image\/\",\"url\":\"https:\/\/secure.gravatar.com\/avatar\/4315d6fb9ef244d729989f5f90268eb08d5bf8a3d84402f595fa194bb35784fd?s=96&d=mm&r=g\",\"contentUrl\":\"https:\/\/secure.gravatar.com\/avatar\/4315d6fb9ef244d729989f5f90268eb08d5bf8a3d84402f595fa194bb35784fd?s=96&d=mm&r=g\",\"caption\":\"David H\u00f8jmark\"},\"sameAs\":[\"https:\/\/www.kunmedierne.dk\"],\"url\":\"https:\/\/kunmedierne.dk\/mors\/author\/david\/\"}]}<\/script>\n<!-- \/ Yoast SEO plugin. -->","yoast_head_json":{"title":"Leder af Frivilligcenter Mors valgt ind i bestyrelse for alle landets frivillige - Mors","robots":{"index":"index","follow":"follow","max-snippet":"max-snippet:-1","max-image-preview":"max-image-preview:large","max-video-preview":"max-video-preview:-1"},"canonical":"https:\/\/kunmedierne.dk\/mors\/leder-af-frivilligcenter-mors-valgt-ind-i-bestyrelse-for-alle-landets-frivillige\/","og_locale":"da_DK","og_type":"article","og_title":"Leder af Frivilligcenter Mors valgt ind i bestyrelse for alle landets frivillige - Mors","og_description":"INDFLYDELSE: Mors har f\u00e5et en stemme i arbejdet for de 71 frivilligcentre i Danmark. Det er Lise Kragh M\u00f8ller, daglig leder af Frivilligcenter Mors, der efter en periode som suppleant nu er almindeligt medlem af bestyrelsen for FriSe &#8211; Frivilligcentre og Selvhj\u00e6lp i Danmark. Det er en landsorganisation for mere end 80 selvst\u00e6ndige medlemsorganisationer. FriSe [&hellip;]","og_url":"https:\/\/kunmedierne.dk\/mors\/leder-af-frivilligcenter-mors-valgt-ind-i-bestyrelse-for-alle-landets-frivillige\/","og_site_name":"Mors","article_published_time":"2024-09-14T11:50:26+00:00","author":"David H\u00f8jmark","twitter_card":"summary_large_image","twitter_misc":{"Skrevet af":"David H\u00f8jmark","Estimeret l\u00e6setid":"3 minutter"},"schema":{"@context":"https:\/\/schema.org","@graph":[{"@type":"Article","@id":"https:\/\/kunmedierne.dk\/mors\/leder-af-frivilligcenter-mors-valgt-ind-i-bestyrelse-for-alle-landets-frivillige\/#article","isPartOf":{"@id":"https:\/\/kunmedierne.dk\/mors\/leder-af-frivilligcenter-mors-valgt-ind-i-bestyrelse-for-alle-landets-frivillige\/"},"author":{"name":"David H\u00f8jmark","@id":"https:\/\/kunmedierne.dk\/mors\/#\/schema\/person\/5fe23251bf1d0abbcdc6f7896579d548"},"headline":"Leder af Frivilligcenter Mors valgt ind i bestyrelse for alle landets frivillige","datePublished":"2024-09-14T11:50:26+00:00","mainEntityOfPage":{"@id":"https:\/\/kunmedierne.dk\/mors\/leder-af-frivilligcenter-mors-valgt-ind-i-bestyrelse-for-alle-landets-frivillige\/"},"wordCount":444,"publisher":{"@id":"https:\/\/kunmedierne.dk\/mors\/#organization"},"keywords":["Foreningsliv"],"articleSection":["Lokalt","Navne"],"inLanguage":"da-DK"},{"@type":"WebPage","@id":"https:\/\/kunmedierne.dk\/mors\/leder-af-frivilligcenter-mors-valgt-ind-i-bestyrelse-for-alle-landets-frivillige\/","url":"https:\/\/kunmedierne.dk\/mors\/leder-af-frivilligcenter-mors-valgt-ind-i-bestyrelse-for-alle-landets-frivillige\/","name":"Leder af Frivilligcenter Mors valgt ind i bestyrelse for alle landets frivillige - Mors","isPartOf":{"@id":"https:\/\/kunmedierne.dk\/mors\/#website"},"datePublished":"2024-09-14T11:50:26+00:00","breadcrumb":{"@id":"https:\/\/kunmedierne.dk\/mors\/leder-af-frivilligcenter-mors-valgt-ind-i-bestyrelse-for-alle-landets-frivillige\/#breadcrumb"},"inLanguage":"da-DK","potentialAction":[{"@type":"ReadAction","target":["https:\/\/kunmedierne.dk\/mors\/leder-af-frivilligcenter-mors-valgt-ind-i-bestyrelse-for-alle-landets-frivillige\/"]}]},{"@type":"BreadcrumbList","@id":"https:\/\/kunmedierne.dk\/mors\/leder-af-frivilligcenter-mors-valgt-ind-i-bestyrelse-for-alle-landets-frivillige\/#breadcrumb","itemListElement":[{"@type":"ListItem","position":1,"name":"Hjem","item":"https:\/\/kunmedierne.dk\/mors\/"},{"@type":"ListItem","position":2,"name":"Leder af Frivilligcenter Mors valgt ind i bestyrelse for alle landets frivillige"}]},{"@type":"WebSite","@id":"https:\/\/kunmedierne.dk\/mors\/#website","url":"https:\/\/kunmedierne.dk\/mors\/","name":"Mors","description":"et netmedie med journalistik om livet p\u00e5 Mors","publisher":{"@id":"https:\/\/kunmedierne.dk\/mors\/#organization"},"potentialAction":[{"@type":"SearchAction","target":{"@type":"EntryPoint","urlTemplate":"https:\/\/kunmedierne.dk\/mors\/?s={search_term_string}"},"query-input":{"@type":"PropertyValueSpecification","valueRequired":true,"valueName":"search_term_string"}}],"inLanguage":"da-DK"},{"@type":"Organization","@id":"https:\/\/kunmedierne.dk\/mors\/#organization","name":"Mors","url":"https:\/\/kunmedierne.dk\/mors\/","logo":{"@type":"ImageObject","inLanguage":"da-DK","@id":"https:\/\/kunmedierne.dk\/mors\/#\/schema\/logo\/image\/","url":"https:\/\/kunmedierne.dk\/mors\/wp-content\/uploads\/2024\/08\/kunmors-logo.svg","contentUrl":"https:\/\/kunmedierne.dk\/mors\/wp-content\/uploads\/2024\/08\/kunmors-logo.svg","caption":"Mors"},"image":{"@id":"https:\/\/kunmedierne.dk\/mors\/#\/schema\/logo\/image\/"}},{"@type":"Person","@id":"https:\/\/kunmedierne.dk\/mors\/#\/schema\/person\/5fe23251bf1d0abbcdc6f7896579d548","name":"David H\u00f8jmark","image":{"@type":"ImageObject","inLanguage":"da-DK","@id":"https:\/\/kunmedierne.dk\/mors\/#\/schema\/person\/image\/","url":"https:\/\/secure.gravatar.com\/avatar\/4315d6fb9ef244d729989f5f90268eb08d5bf8a3d84402f595fa194bb35784fd?s=96&d=mm&r=g","contentUrl":"https:\/\/secure.gravatar.com\/avatar\/4315d6fb9ef244d729989f5f90268eb08d5bf8a3d84402f595fa194bb35784fd?s=96&d=mm&r=g","caption":"David H\u00f8jmark"},"sameAs":["https:\/\/www.kunmedierne.dk"],"url":"https:\/\/kunmedierne.dk\/mors\/author\/david\/"}]}},"_links":{"self":[{"href":"https:\/\/kunmedierne.dk\/mors\/wp-json\/wp\/v2\/posts\/127379","targetHints":{"allow":["GET"]}}],"collection":[{"href":"https:\/\/kunmedierne.dk\/mors\/wp-json\/wp\/v2\/posts"}],"about":[{"href":"https:\/\/kunmedierne.dk\/mors\/wp-json\/wp\/v2\/types\/post"}],"author":[{"embeddable":true,"href":"https:\/\/kunmedierne.dk\/mors\/wp-json\/wp\/v2\/users\/8"}],"replies":[{"embeddable":true,"href":"https:\/\/kunmedierne.dk\/mors\/wp-json\/wp\/v2\/comments?post=127379"}],"version-history":[{"count":1,"href":"https:\/\/kunmedierne.dk\/mors\/wp-json\/wp\/v2\/posts\/127379\/revisions"}],"predecessor-version":[{"id":127390,"href":"https:\/\/kunmedierne.dk\/mors\/wp-json\/wp\/v2\/posts\/127379\/revisions\/127390"}],"wp:attachment":[{"href":"https:\/\/kunmedierne.dk\/mors\/wp-json\/wp\/v2\/media?parent=127379"}],"wp:term":[{"taxonomy":"category","embeddable":true,"href":"https:\/\/kunmedierne.dk\/mors\/wp-json\/wp\/v2\/categories?post=127379"},{"taxonomy":"post_tag","embeddable":true,"href":"https:\/\/kunmedierne.dk\/mors\/wp-json\/wp\/v2\/tags?post=127379"}],"curies":[{"name":"wp","href":"https:\/\/api.w.org\/{rel}","templated":true}]}}