{"id":12666,"date":"2020-03-10T17:08:16","date_gmt":"2020-03-10T16:08:16","guid":{"rendered":"https:\/\/kunmedierne.dk\/mors\/?p=12666"},"modified":"2024-08-12T14:06:22","modified_gmt":"2024-08-12T12:06:22","slug":"dueholmskolen-reagerer-paa-coronavirus","status":"publish","type":"post","link":"https:\/\/kunmedierne.dk\/mors\/dueholmskolen-reagerer-paa-coronavirus\/","title":{"rendered":"Dueholmskolen reagerer p\u00e5 coronavirus"},"content":{"rendered":"<p><strong>NYK\u00d8BING<\/strong>: Myndighedernes sk\u00e6rpede opfordringer til h\u00e5ndtering af coronasituationen f\u00e5r omg\u00e5ende betydning for elever p\u00e5 Dueholmskolen i Nyk\u00f8bing.<\/p>\n<p>I en opdatering p\u00e5 <a href=\"https:\/\/www.facebook.com\/dueholmskolen\/?__tn__=kC-R&amp;eid=ARBPJx2CjMnVRGuu4eR1s65za_GoZYOBXPw6FTSOPWrcLCUtIfVk8VkYiyRXCN6v9yvkA82JlS_bJOt4&amp;hc_ref=ARR_ffffySOSgSk20JSpp_FJ5Xop8-i7factvqQvWdwf1UHPzCMWYge5XfyEyKlhI9g&amp;fref=nf&amp;__xts__%5B0%5D=68.ARBa7ou41Fo7IjI4HXN4LhaaZ-17ofz4JOJgtJKJMnFa0yw0XyT6gU77xhbv8H8nAa7MU-laLSiNSGdIFAEFDu3AK9qYcJnZhBqKc-luUpg1mS2gDfiPNwyrij1E6bNvAQTHJt5Usk0TS0CCQWGpE6rHnBFOf0Zisww66B6Y9rhyDyoB8NDT9qYvJQUblbLBhsgZ5xkbIMCh2MTW_JBX8soDO6-Sqx5I1yLAycTs3AgdaTJClMABtO8RK3jqzb_E6LjW_IXnWm2cDgCJbJPiPZboRrVkfDrIoNfnlyqh3KOnIGz0nGZ9m1jnUI-svyaCXPGWqzgEGvXoMVXVms7KLw\" target=\"_blank\" rel=\"noopener noreferrer\">Facebook<\/a> meddeler skolen, at elever fra i morgen vil opleve flere \u00e6ndringer.<\/p>\n<p>&#8220;Vi tilrettel\u00e6gger undervisningen s\u00e5ledes, at vi undg\u00e5r st\u00f8rre forsamlinger af elever p\u00e5 skolen ud over klassest\u00f8rrelse. Vi vil s\u00e5ledes ikke lave sammenl\u00e6sninger, f\u00e6lles foredrag, skolekoncerter og -teater, m\u00f8der og andre samlinger af elever, som ellers er en vigtig del af dagligdagen p\u00e5 Dueholmskolen. L\u00e6rerne s\u00f8ger for at organiseringen og for at f\u00f8lge anbefalingerne.&#8221;<\/p>\n<p>Samtidig meddeler Dueholmskolen, at madordninger for b\u00e5de mellemtrinnet og udskolingen fra og med onsdag bliver lukket. Og at lukningen vil v\u00e6re i kraft, indtil\u00a0anbefalingerne om at undg\u00e5 st\u00f8rre forsamlinger fra sundhedsmyndighederne oph\u00e6ves.<\/p>\n<p>&#8220;P\u00e5 mellemtrinnet har I som for\u00e6ldre allerede betalt for jeres b\u00f8rns mad &#8211; vi s\u00f8ger selvf\u00f8lgelig for, at modregne jeres betaling i den periode vi har lukket madordningen. Alle elever skal derfor have MADPAKKER med i skole fra og med i morgen, og maden skal spises i klassen,&#8221; skriver Dueholmskolen.<\/p>\n<p>Desuden bliver der fremover kun tilbudt sv\u00f8mning med en klasse ad gangen.<\/p>\n<p>&nbsp;<\/p>\n<p><strong>Mors\u00f8 FC aflyser f\u00e6llesspisning<\/strong><\/p>\n<p>Ogs\u00e5 fodboldklubben Mors\u00f8 FC har reageret p\u00e5 den nye udvikling. Her melder bestyrelsen ud, at f\u00e6llesspisning i klublokalet onsdag er aflyst.<\/p>\n<p>&#8220;<span class=\"text_exposed_show\">Vi aflyser i morgen, men vil bestemt afholde det p\u00e5 et senere tidspunkt, n\u00e5r sundhedsmyndighederne igen giver gr\u00f8nt lys til at vi sikkert kan afholde s\u00e5danne arrangementer,&#8221; skriver Mors\u00f8 FC og h\u00e5ber p\u00e5 forst\u00e5else for, at klubben lader indbetalingerne st\u00e5 til n\u00e6ste f\u00e6llesspisning, da man er oppe p\u00e5 cirka 130 tilmeldte og s\u00e5ledes vil st\u00e5 med et stort arbejde i forhold til at skulle alle igennem<\/span><\/p>\n<p>&#8220;<span class=\"text_exposed_show\">Vi beklager meget, men h\u00e5ber og tror p\u00e5 stor forst\u00e5else fra alle jer alle sammen,&#8221; skriver Mors\u00f8 FC.<\/span><\/p>\n<p>&nbsp;<\/p>\n<p><strong>Afviser coronarygte p\u00e5 10&#8217;eren<\/strong><\/p>\n<p>Et rygte om, at coronavirus skulle v\u00e6re til Mors &#8211; n\u00e6rmere bestemt hos to elever p\u00e5 10&#8217;eren &#8211; bliver i \u00f8vrigt afkr\u00e6ftet af afdelingsleder Rasmus Hovde.<\/p>\n<p>&#8220;Det har jeg ikke h\u00f8rt noget om. Vi er kommet tilbage fra England, og en del elever har f\u00e5et influenza &#8211; jeg har selv v\u00e6ret ved l\u00e6gen, fordi jeg blev syg allerede i l\u00f8rdags. Jeg fik influenzasymptomer og gik til l\u00e6gen, og det var ikke corona. S\u00e5 jeg har heller ikke grund til at tro, at nogle af eleverne har det,&#8221; siger han og tilf\u00f8jer, at han af l\u00e6gen har f\u00e5et at vide, at 10&#8217;eren ikke har opholdt sig i et risikoomr\u00e5de.<\/p>\n<p>Information fra Sundhedsstyrelsen om coronavirus <a href=\"https:\/\/www.sst.dk\/da\/Viden\/Smitsomme-sygdomme\/Smitsomme-sygdomme-A-AA\/Coronavirus\/Spoergsmaal-og-svar\" target=\"_blank\" rel=\"noopener noreferrer\">her<\/a>.<\/p>\n<p><img loading=\"lazy\" decoding=\"async\" class=\"alignnone size-full wp-image-12670\" src=\"https:\/\/kunmedierne.dk\/mors\/wp-content\/uploads\/2020\/03\/Banner-forebyg-smitte.jpg\" alt=\"\" width=\"770\" height=\"462\" srcset=\"https:\/\/kunmedierne.dk\/mors\/wp-content\/uploads\/2020\/03\/Banner-forebyg-smitte.jpg 770w, https:\/\/kunmedierne.dk\/mors\/wp-content\/uploads\/2020\/03\/Banner-forebyg-smitte-300x180.jpg 300w, https:\/\/kunmedierne.dk\/mors\/wp-content\/uploads\/2020\/03\/Banner-forebyg-smitte-768x461.jpg 768w, https:\/\/kunmedierne.dk\/mors\/wp-content\/uploads\/2020\/03\/Banner-forebyg-smitte-600x360.jpg 600w\" sizes=\"auto, (max-width: 770px) 100vw, 770px\" \/><\/p>\n","protected":false},"excerpt":{"rendered":"<p>NYK\u00d8BING: Myndighedernes sk\u00e6rpede opfordringer til h\u00e5ndtering af coronasituationen f\u00e5r omg\u00e5ende betydning for elever p\u00e5 Dueholmskolen i Nyk\u00f8bing. I en opdatering p\u00e5 Facebook meddeler skolen, at elever fra i morgen vil opleve flere \u00e6ndringer. &#8220;Vi tilrettel\u00e6gger undervisningen s\u00e5ledes, at vi undg\u00e5r st\u00f8rre forsamlinger af elever p\u00e5 skolen ud over klassest\u00f8rrelse. Vi vil s\u00e5ledes ikke lave sammenl\u00e6sninger, [&hellip;]<\/p>\n","protected":false},"author":8,"featured_media":12668,"comment_status":"open","ping_status":"open","sticky":false,"template":"","format":"standard","meta":{"_acf_changed":false,"footnotes":""},"categories":[51],"tags":[170],"class_list":["post-12666","post","type-post","status-publish","format-standard","has-post-thumbnail","hentry","category-lokalt","tag-uddannelse"],"acf":[],"yoast_head":"<!-- This site is optimized with the Yoast SEO plugin v26.8 - https:\/\/yoast.com\/product\/yoast-seo-wordpress\/ -->\n<title>Dueholmskolen reagerer p\u00e5 coronavirus - Mors<\/title>\n<meta name=\"robots\" content=\"index, follow, max-snippet:-1, max-image-preview:large, max-video-preview:-1\" \/>\n<link rel=\"canonical\" href=\"https:\/\/kunmedierne.dk\/mors\/dueholmskolen-reagerer-paa-coronavirus\/\" \/>\n<meta property=\"og:locale\" content=\"da_DK\" \/>\n<meta property=\"og:type\" content=\"article\" \/>\n<meta property=\"og:title\" content=\"Dueholmskolen reagerer p\u00e5 coronavirus - Mors\" \/>\n<meta property=\"og:description\" content=\"NYK\u00d8BING: Myndighedernes sk\u00e6rpede opfordringer til h\u00e5ndtering af coronasituationen f\u00e5r omg\u00e5ende betydning for elever p\u00e5 Dueholmskolen i Nyk\u00f8bing. I en opdatering p\u00e5 Facebook meddeler skolen, at elever fra i morgen vil opleve flere \u00e6ndringer. &#8220;Vi tilrettel\u00e6gger undervisningen s\u00e5ledes, at vi undg\u00e5r st\u00f8rre forsamlinger af elever p\u00e5 skolen ud over klassest\u00f8rrelse. Vi vil s\u00e5ledes ikke lave sammenl\u00e6sninger, [&hellip;]\" \/>\n<meta property=\"og:url\" content=\"https:\/\/kunmedierne.dk\/mors\/dueholmskolen-reagerer-paa-coronavirus\/\" \/>\n<meta property=\"og:site_name\" content=\"Mors\" \/>\n<meta property=\"article:published_time\" content=\"2020-03-10T16:08:16+00:00\" \/>\n<meta property=\"article:modified_time\" content=\"2024-08-12T12:06:22+00:00\" \/>\n<meta property=\"og:image\" content=\"https:\/\/kunmedierne.dk\/mors\/wp-content\/uploads\/2020\/03\/200310-skoleklasse-unsplash.jpg\" \/>\n\t<meta property=\"og:image:width\" content=\"770\" \/>\n\t<meta property=\"og:image:height\" content=\"513\" \/>\n\t<meta property=\"og:image:type\" content=\"image\/jpeg\" \/>\n<meta name=\"author\" content=\"David H\u00f8jmark\" \/>\n<meta name=\"twitter:card\" content=\"summary_large_image\" \/>\n<meta name=\"twitter:label1\" content=\"Skrevet af\" \/>\n\t<meta name=\"twitter:data1\" content=\"David H\u00f8jmark\" \/>\n\t<meta name=\"twitter:label2\" content=\"Estimeret l\u00e6setid\" \/>\n\t<meta name=\"twitter:data2\" content=\"2 minutter\" \/>\n<script type=\"application\/ld+json\" class=\"yoast-schema-graph\">{\"@context\":\"https:\/\/schema.org\",\"@graph\":[{\"@type\":\"Article\",\"@id\":\"https:\/\/kunmedierne.dk\/mors\/dueholmskolen-reagerer-paa-coronavirus\/#article\",\"isPartOf\":{\"@id\":\"https:\/\/kunmedierne.dk\/mors\/dueholmskolen-reagerer-paa-coronavirus\/\"},\"author\":{\"name\":\"David H\u00f8jmark\",\"@id\":\"https:\/\/kunmedierne.dk\/mors\/#\/schema\/person\/5fe23251bf1d0abbcdc6f7896579d548\"},\"headline\":\"Dueholmskolen reagerer p\u00e5 coronavirus\",\"datePublished\":\"2020-03-10T16:08:16+00:00\",\"dateModified\":\"2024-08-12T12:06:22+00:00\",\"mainEntityOfPage\":{\"@id\":\"https:\/\/kunmedierne.dk\/mors\/dueholmskolen-reagerer-paa-coronavirus\/\"},\"wordCount\":465,\"commentCount\":0,\"publisher\":{\"@id\":\"https:\/\/kunmedierne.dk\/mors\/#organization\"},\"image\":{\"@id\":\"https:\/\/kunmedierne.dk\/mors\/dueholmskolen-reagerer-paa-coronavirus\/#primaryimage\"},\"thumbnailUrl\":\"https:\/\/kunmedierne.dk\/mors\/wp-content\/uploads\/2020\/03\/200310-skoleklasse-unsplash.jpg\",\"keywords\":[\"Skoler og uddannelse\"],\"articleSection\":[\"Lokalt\"],\"inLanguage\":\"da-DK\",\"potentialAction\":[{\"@type\":\"CommentAction\",\"name\":\"Comment\",\"target\":[\"https:\/\/kunmedierne.dk\/mors\/dueholmskolen-reagerer-paa-coronavirus\/#respond\"]}]},{\"@type\":\"WebPage\",\"@id\":\"https:\/\/kunmedierne.dk\/mors\/dueholmskolen-reagerer-paa-coronavirus\/\",\"url\":\"https:\/\/kunmedierne.dk\/mors\/dueholmskolen-reagerer-paa-coronavirus\/\",\"name\":\"Dueholmskolen reagerer p\u00e5 coronavirus - Mors\",\"isPartOf\":{\"@id\":\"https:\/\/kunmedierne.dk\/mors\/#website\"},\"primaryImageOfPage\":{\"@id\":\"https:\/\/kunmedierne.dk\/mors\/dueholmskolen-reagerer-paa-coronavirus\/#primaryimage\"},\"image\":{\"@id\":\"https:\/\/kunmedierne.dk\/mors\/dueholmskolen-reagerer-paa-coronavirus\/#primaryimage\"},\"thumbnailUrl\":\"https:\/\/kunmedierne.dk\/mors\/wp-content\/uploads\/2020\/03\/200310-skoleklasse-unsplash.jpg\",\"datePublished\":\"2020-03-10T16:08:16+00:00\",\"dateModified\":\"2024-08-12T12:06:22+00:00\",\"breadcrumb\":{\"@id\":\"https:\/\/kunmedierne.dk\/mors\/dueholmskolen-reagerer-paa-coronavirus\/#breadcrumb\"},\"inLanguage\":\"da-DK\",\"potentialAction\":[{\"@type\":\"ReadAction\",\"target\":[\"https:\/\/kunmedierne.dk\/mors\/dueholmskolen-reagerer-paa-coronavirus\/\"]}]},{\"@type\":\"ImageObject\",\"inLanguage\":\"da-DK\",\"@id\":\"https:\/\/kunmedierne.dk\/mors\/dueholmskolen-reagerer-paa-coronavirus\/#primaryimage\",\"url\":\"https:\/\/kunmedierne.dk\/mors\/wp-content\/uploads\/2020\/03\/200310-skoleklasse-unsplash.jpg\",\"contentUrl\":\"https:\/\/kunmedierne.dk\/mors\/wp-content\/uploads\/2020\/03\/200310-skoleklasse-unsplash.jpg\",\"width\":770,\"height\":513,\"caption\":\"Ogs\u00e5 i skolerne f\u00e5r coronavirussen nu konkret effekt. Modelfoto: Unsplash.\"},{\"@type\":\"BreadcrumbList\",\"@id\":\"https:\/\/kunmedierne.dk\/mors\/dueholmskolen-reagerer-paa-coronavirus\/#breadcrumb\",\"itemListElement\":[{\"@type\":\"ListItem\",\"position\":1,\"name\":\"Hjem\",\"item\":\"https:\/\/kunmedierne.dk\/mors\/\"},{\"@type\":\"ListItem\",\"position\":2,\"name\":\"Dueholmskolen reagerer p\u00e5 coronavirus\"}]},{\"@type\":\"WebSite\",\"@id\":\"https:\/\/kunmedierne.dk\/mors\/#website\",\"url\":\"https:\/\/kunmedierne.dk\/mors\/\",\"name\":\"Mors\",\"description\":\"et netmedie med journalistik om livet p\u00e5 Mors\",\"publisher\":{\"@id\":\"https:\/\/kunmedierne.dk\/mors\/#organization\"},\"potentialAction\":[{\"@type\":\"SearchAction\",\"target\":{\"@type\":\"EntryPoint\",\"urlTemplate\":\"https:\/\/kunmedierne.dk\/mors\/?s={search_term_string}\"},\"query-input\":{\"@type\":\"PropertyValueSpecification\",\"valueRequired\":true,\"valueName\":\"search_term_string\"}}],\"inLanguage\":\"da-DK\"},{\"@type\":\"Organization\",\"@id\":\"https:\/\/kunmedierne.dk\/mors\/#organization\",\"name\":\"Mors\",\"url\":\"https:\/\/kunmedierne.dk\/mors\/\",\"logo\":{\"@type\":\"ImageObject\",\"inLanguage\":\"da-DK\",\"@id\":\"https:\/\/kunmedierne.dk\/mors\/#\/schema\/logo\/image\/\",\"url\":\"https:\/\/kunmedierne.dk\/mors\/wp-content\/uploads\/2024\/08\/kunmors-logo.svg\",\"contentUrl\":\"https:\/\/kunmedierne.dk\/mors\/wp-content\/uploads\/2024\/08\/kunmors-logo.svg\",\"caption\":\"Mors\"},\"image\":{\"@id\":\"https:\/\/kunmedierne.dk\/mors\/#\/schema\/logo\/image\/\"}},{\"@type\":\"Person\",\"@id\":\"https:\/\/kunmedierne.dk\/mors\/#\/schema\/person\/5fe23251bf1d0abbcdc6f7896579d548\",\"name\":\"David H\u00f8jmark\",\"image\":{\"@type\":\"ImageObject\",\"inLanguage\":\"da-DK\",\"@id\":\"https:\/\/kunmedierne.dk\/mors\/#\/schema\/person\/image\/\",\"url\":\"https:\/\/secure.gravatar.com\/avatar\/4315d6fb9ef244d729989f5f90268eb08d5bf8a3d84402f595fa194bb35784fd?s=96&d=mm&r=g\",\"contentUrl\":\"https:\/\/secure.gravatar.com\/avatar\/4315d6fb9ef244d729989f5f90268eb08d5bf8a3d84402f595fa194bb35784fd?s=96&d=mm&r=g\",\"caption\":\"David H\u00f8jmark\"},\"sameAs\":[\"https:\/\/www.kunmedierne.dk\"],\"url\":\"https:\/\/kunmedierne.dk\/mors\/author\/david\/\"}]}<\/script>\n<!-- \/ Yoast SEO plugin. -->","yoast_head_json":{"title":"Dueholmskolen reagerer p\u00e5 coronavirus - Mors","robots":{"index":"index","follow":"follow","max-snippet":"max-snippet:-1","max-image-preview":"max-image-preview:large","max-video-preview":"max-video-preview:-1"},"canonical":"https:\/\/kunmedierne.dk\/mors\/dueholmskolen-reagerer-paa-coronavirus\/","og_locale":"da_DK","og_type":"article","og_title":"Dueholmskolen reagerer p\u00e5 coronavirus - Mors","og_description":"NYK\u00d8BING: Myndighedernes sk\u00e6rpede opfordringer til h\u00e5ndtering af coronasituationen f\u00e5r omg\u00e5ende betydning for elever p\u00e5 Dueholmskolen i Nyk\u00f8bing. I en opdatering p\u00e5 Facebook meddeler skolen, at elever fra i morgen vil opleve flere \u00e6ndringer. &#8220;Vi tilrettel\u00e6gger undervisningen s\u00e5ledes, at vi undg\u00e5r st\u00f8rre forsamlinger af elever p\u00e5 skolen ud over klassest\u00f8rrelse. Vi vil s\u00e5ledes ikke lave sammenl\u00e6sninger, [&hellip;]","og_url":"https:\/\/kunmedierne.dk\/mors\/dueholmskolen-reagerer-paa-coronavirus\/","og_site_name":"Mors","article_published_time":"2020-03-10T16:08:16+00:00","article_modified_time":"2024-08-12T12:06:22+00:00","og_image":[{"width":770,"height":513,"url":"https:\/\/kunmedierne.dk\/mors\/wp-content\/uploads\/2020\/03\/200310-skoleklasse-unsplash.jpg","type":"image\/jpeg"}],"author":"David H\u00f8jmark","twitter_card":"summary_large_image","twitter_misc":{"Skrevet af":"David H\u00f8jmark","Estimeret l\u00e6setid":"2 minutter"},"schema":{"@context":"https:\/\/schema.org","@graph":[{"@type":"Article","@id":"https:\/\/kunmedierne.dk\/mors\/dueholmskolen-reagerer-paa-coronavirus\/#article","isPartOf":{"@id":"https:\/\/kunmedierne.dk\/mors\/dueholmskolen-reagerer-paa-coronavirus\/"},"author":{"name":"David H\u00f8jmark","@id":"https:\/\/kunmedierne.dk\/mors\/#\/schema\/person\/5fe23251bf1d0abbcdc6f7896579d548"},"headline":"Dueholmskolen reagerer p\u00e5 coronavirus","datePublished":"2020-03-10T16:08:16+00:00","dateModified":"2024-08-12T12:06:22+00:00","mainEntityOfPage":{"@id":"https:\/\/kunmedierne.dk\/mors\/dueholmskolen-reagerer-paa-coronavirus\/"},"wordCount":465,"commentCount":0,"publisher":{"@id":"https:\/\/kunmedierne.dk\/mors\/#organization"},"image":{"@id":"https:\/\/kunmedierne.dk\/mors\/dueholmskolen-reagerer-paa-coronavirus\/#primaryimage"},"thumbnailUrl":"https:\/\/kunmedierne.dk\/mors\/wp-content\/uploads\/2020\/03\/200310-skoleklasse-unsplash.jpg","keywords":["Skoler og uddannelse"],"articleSection":["Lokalt"],"inLanguage":"da-DK","potentialAction":[{"@type":"CommentAction","name":"Comment","target":["https:\/\/kunmedierne.dk\/mors\/dueholmskolen-reagerer-paa-coronavirus\/#respond"]}]},{"@type":"WebPage","@id":"https:\/\/kunmedierne.dk\/mors\/dueholmskolen-reagerer-paa-coronavirus\/","url":"https:\/\/kunmedierne.dk\/mors\/dueholmskolen-reagerer-paa-coronavirus\/","name":"Dueholmskolen reagerer p\u00e5 coronavirus - Mors","isPartOf":{"@id":"https:\/\/kunmedierne.dk\/mors\/#website"},"primaryImageOfPage":{"@id":"https:\/\/kunmedierne.dk\/mors\/dueholmskolen-reagerer-paa-coronavirus\/#primaryimage"},"image":{"@id":"https:\/\/kunmedierne.dk\/mors\/dueholmskolen-reagerer-paa-coronavirus\/#primaryimage"},"thumbnailUrl":"https:\/\/kunmedierne.dk\/mors\/wp-content\/uploads\/2020\/03\/200310-skoleklasse-unsplash.jpg","datePublished":"2020-03-10T16:08:16+00:00","dateModified":"2024-08-12T12:06:22+00:00","breadcrumb":{"@id":"https:\/\/kunmedierne.dk\/mors\/dueholmskolen-reagerer-paa-coronavirus\/#breadcrumb"},"inLanguage":"da-DK","potentialAction":[{"@type":"ReadAction","target":["https:\/\/kunmedierne.dk\/mors\/dueholmskolen-reagerer-paa-coronavirus\/"]}]},{"@type":"ImageObject","inLanguage":"da-DK","@id":"https:\/\/kunmedierne.dk\/mors\/dueholmskolen-reagerer-paa-coronavirus\/#primaryimage","url":"https:\/\/kunmedierne.dk\/mors\/wp-content\/uploads\/2020\/03\/200310-skoleklasse-unsplash.jpg","contentUrl":"https:\/\/kunmedierne.dk\/mors\/wp-content\/uploads\/2020\/03\/200310-skoleklasse-unsplash.jpg","width":770,"height":513,"caption":"Ogs\u00e5 i skolerne f\u00e5r coronavirussen nu konkret effekt. Modelfoto: Unsplash."},{"@type":"BreadcrumbList","@id":"https:\/\/kunmedierne.dk\/mors\/dueholmskolen-reagerer-paa-coronavirus\/#breadcrumb","itemListElement":[{"@type":"ListItem","position":1,"name":"Hjem","item":"https:\/\/kunmedierne.dk\/mors\/"},{"@type":"ListItem","position":2,"name":"Dueholmskolen reagerer p\u00e5 coronavirus"}]},{"@type":"WebSite","@id":"https:\/\/kunmedierne.dk\/mors\/#website","url":"https:\/\/kunmedierne.dk\/mors\/","name":"Mors","description":"et netmedie med journalistik om livet p\u00e5 Mors","publisher":{"@id":"https:\/\/kunmedierne.dk\/mors\/#organization"},"potentialAction":[{"@type":"SearchAction","target":{"@type":"EntryPoint","urlTemplate":"https:\/\/kunmedierne.dk\/mors\/?s={search_term_string}"},"query-input":{"@type":"PropertyValueSpecification","valueRequired":true,"valueName":"search_term_string"}}],"inLanguage":"da-DK"},{"@type":"Organization","@id":"https:\/\/kunmedierne.dk\/mors\/#organization","name":"Mors","url":"https:\/\/kunmedierne.dk\/mors\/","logo":{"@type":"ImageObject","inLanguage":"da-DK","@id":"https:\/\/kunmedierne.dk\/mors\/#\/schema\/logo\/image\/","url":"https:\/\/kunmedierne.dk\/mors\/wp-content\/uploads\/2024\/08\/kunmors-logo.svg","contentUrl":"https:\/\/kunmedierne.dk\/mors\/wp-content\/uploads\/2024\/08\/kunmors-logo.svg","caption":"Mors"},"image":{"@id":"https:\/\/kunmedierne.dk\/mors\/#\/schema\/logo\/image\/"}},{"@type":"Person","@id":"https:\/\/kunmedierne.dk\/mors\/#\/schema\/person\/5fe23251bf1d0abbcdc6f7896579d548","name":"David H\u00f8jmark","image":{"@type":"ImageObject","inLanguage":"da-DK","@id":"https:\/\/kunmedierne.dk\/mors\/#\/schema\/person\/image\/","url":"https:\/\/secure.gravatar.com\/avatar\/4315d6fb9ef244d729989f5f90268eb08d5bf8a3d84402f595fa194bb35784fd?s=96&d=mm&r=g","contentUrl":"https:\/\/secure.gravatar.com\/avatar\/4315d6fb9ef244d729989f5f90268eb08d5bf8a3d84402f595fa194bb35784fd?s=96&d=mm&r=g","caption":"David H\u00f8jmark"},"sameAs":["https:\/\/www.kunmedierne.dk"],"url":"https:\/\/kunmedierne.dk\/mors\/author\/david\/"}]}},"_links":{"self":[{"href":"https:\/\/kunmedierne.dk\/mors\/wp-json\/wp\/v2\/posts\/12666","targetHints":{"allow":["GET"]}}],"collection":[{"href":"https:\/\/kunmedierne.dk\/mors\/wp-json\/wp\/v2\/posts"}],"about":[{"href":"https:\/\/kunmedierne.dk\/mors\/wp-json\/wp\/v2\/types\/post"}],"author":[{"embeddable":true,"href":"https:\/\/kunmedierne.dk\/mors\/wp-json\/wp\/v2\/users\/8"}],"replies":[{"embeddable":true,"href":"https:\/\/kunmedierne.dk\/mors\/wp-json\/wp\/v2\/comments?post=12666"}],"version-history":[{"count":4,"href":"https:\/\/kunmedierne.dk\/mors\/wp-json\/wp\/v2\/posts\/12666\/revisions"}],"predecessor-version":[{"id":12672,"href":"https:\/\/kunmedierne.dk\/mors\/wp-json\/wp\/v2\/posts\/12666\/revisions\/12672"}],"wp:featuredmedia":[{"embeddable":true,"href":"https:\/\/kunmedierne.dk\/mors\/wp-json\/wp\/v2\/media\/12668"}],"wp:attachment":[{"href":"https:\/\/kunmedierne.dk\/mors\/wp-json\/wp\/v2\/media?parent=12666"}],"wp:term":[{"taxonomy":"category","embeddable":true,"href":"https:\/\/kunmedierne.dk\/mors\/wp-json\/wp\/v2\/categories?post=12666"},{"taxonomy":"post_tag","embeddable":true,"href":"https:\/\/kunmedierne.dk\/mors\/wp-json\/wp\/v2\/tags?post=12666"}],"curies":[{"name":"wp","href":"https:\/\/api.w.org\/{rel}","templated":true}]}}