{"id":12569,"date":"2020-03-10T09:54:32","date_gmt":"2020-03-10T08:54:32","guid":{"rendered":"https:\/\/kunmedierne.dk\/mors\/?p=12569"},"modified":"2024-08-12T14:06:22","modified_gmt":"2024-08-12T12:06:22","slug":"borgmesteren-haaber-paa-en-fest-foer-sommerferien","status":"publish","type":"post","link":"https:\/\/kunmedierne.dk\/mors\/borgmesteren-haaber-paa-en-fest-foer-sommerferien\/","title":{"rendered":"Borgmesteren h\u00e5ber p\u00e5 en fest f\u00f8r sommerferien"},"content":{"rendered":"<p><strong>MORS<\/strong>: En knuser for en af \u00e5rets helt store begivenheder p\u00e5 Mors. Det kalder borgmester Hans Ejner Bertelsen (V) den beslutning, han selv var med til at tr\u00e6ffe i g\u00e5r.<\/p>\n<p>To dage efter, at han over for KunMors bekendtgjorde, at Frivilligfesten <a href=\"https:\/\/kunmedierne.dk\/morsoe-kommune-holder-fast-i-frivilligfesten-indtil-videre\/\" target=\"_blank\" rel=\"noopener noreferrer\">ville blive gennemf\u00f8rt<\/a>, trykkede han og kommunens \u00f8vrige ansvarlige p\u00e5 knappen for uds\u00e6ttelse. Myndighedernes anbefaling om ikke at holde store arrangementer i fors\u00f8get p\u00e5 at begr\u00e6nse spredning af coronavirus, fik mandag Mors\u00f8 Kommune til at tr\u00e6ffe <a href=\"https:\/\/kunmedierne.dk\/mors\/breaking-morsoe-kommune-udskyder-frivilligfesten\/\">den tunge beslutning<\/a>.<\/p>\n<p>&#8220;Det er jo stik modsat det, jeg sagde, da vi snakkede sammen i l\u00f8rdags. Men der sker bare s\u00e5 mange ting, og vi turde ikke l\u00f8be den risiko,&#8221; siger Hans Ejner Bertelsen om den fortsat eskalerende corona-situation.<\/p>\n<p>Han tilf\u00f8jer, at en l\u00f8sning med at lade g\u00e6sterne til festen sidde p\u00e5 hver anden stol, og koordinere deres ind- og udgang i fors\u00f8get p\u00e5 at begr\u00e6nse smittefare, ikke var attraktiv.<\/p>\n<p>&#8220;Det klogeste er, at vi holder en god fest, men p\u00e5 et senere tidspunkt. Den er udskudt og ikke aflyst, det er vigtigt at f\u00e5 sagt,&#8221; siger Hans Ejner Bertelsen.<\/p>\n<p>&nbsp;<\/p>\n<p><strong>Interne og eksterne fagfolk<\/strong><\/p>\n<p>Frivilligfesten har p\u00e5 sin korte levetid udviklet sig til at v\u00e6re et k\u00e6mpehit blandt morsingboerne. Da de 500 billetter til spisning under \u00e5rets fest blev sat til salg 27. januar, blev de revet v\u00e6k i l\u00f8bet af 76 minutter, hvilket senere fik Mors\u00f8 Kommune til at \u00e5bne for salg af tribunebilletter.<\/p>\n<p>Men nu bliver det alts\u00e5 f\u00f8rst p\u00e5 en senere dato, hvilket Hans Ejner Bertelsen beskriver som &#8220;en knuser&#8221;.<\/p>\n<p>&#8220;Det er den eneste lejlighed p\u00e5 \u00e5ret, vi har til at sige en beskeden tak til de frivillige. S\u00e5 jeg h\u00e5ber virkelig, n\u00e5r det bliver lidt varmere i vejret, og restriktionerne bliver aflyst, at vi kan finde en dato og f\u00e5 fat i dem, der skal deltage,&#8221; siger han med tilf\u00f8jelsen:<\/p>\n<p>&#8220;Men det var jo ikke det, vi havde h\u00e5bet p\u00e5.&#8221;<\/p>\n<p>Borgmesteren tilf\u00f8jer, at kommunen har gjort brug af b\u00e5de interne og eksterne fagfolk i forhold til smitterisikoen.<\/p>\n<p>&#8220;Vi har v\u00e6ret ude omkring for at sikre os, at vi st\u00e5r p\u00e5 et fornuftigt vidensgrundlag,&#8221; siger Hans Ejner Bertelsen og tilf\u00f8jer, at forsigtighedsprincippet ogs\u00e5 har v\u00e6ret med i beslutningen.<\/p>\n<p>&#8220;Jeg ville have det rigtig d\u00e5rligt med, at der skulle ske et eller andet fatalt, fordi vi havde samlet 600 mennesker,&#8221; siger han.<\/p>\n<p>&nbsp;<\/p>\n<p><strong>Tror p\u00e5 fest inden sommerferien<\/strong><\/p>\n<p>Coronasituationen f\u00f8lges t\u00e6t af myndigheder og medier i hele verden, og hvordan det udvikler sig i de kommende uger er meget sv\u00e6rt at forudsige.<\/p>\n<p>&#8220;Det er ogs\u00e5 det, der g\u00f8r det sv\u00e6rt at tr\u00e6ffe en beslutning &#8211; og om man overreagerer eller ej. Men det synes jeg alts\u00e5 ikke, at vi g\u00f8r. Vi er n\u00f8dt til at lytte til de anvisninger, der kommer. Vi er n\u00f8dt til at tr\u00e6ffe en beslutning, og der m\u00e5 forsigtigheden og ansvarligheden veje tungest. S\u00e5 kan det godt ske, at vi ikke kan holde det f\u00f8r sommerferien, men hellere det og vi s\u00e5 kan gl\u00e6de os til en god fest og en god aften,&#8221; siger Hans Ejner Bertelsen.<\/p>\n<p>Han tror og h\u00e5ber dog stadig p\u00e5 en fest i for\u00e5ret &#8211; eller m\u00e5ske f\u00f8rst p\u00e5 sommeren.<\/p>\n<p>&#8220;Lad os nu se, n\u00e5r f\u00f8rst for\u00e5ret kommer. Der er jeg lidt optimist. Jeg tror, vi n\u00e5r det inden sommerferien,&#8221; siger han.<\/p>\n<p>&nbsp;<\/p>\n<p>Information fra Sundhedsstyrelsen om coronavirus <a href=\"https:\/\/www.sst.dk\/da\/Viden\/Smitsomme-sygdomme\/Smitsomme-sygdomme-A-AA\/Coronavirus\/Spoergsmaal-og-svar\" target=\"_blank\" rel=\"noopener noreferrer\">her<\/a>.<\/p>\n<p><img loading=\"lazy\" decoding=\"async\" class=\"alignnone size-full wp-image-12670\" src=\"https:\/\/kunmedierne.dk\/mors\/wp-content\/uploads\/2020\/03\/Banner-forebyg-smitte.jpg\" alt=\"\" width=\"770\" height=\"462\" srcset=\"https:\/\/kunmedierne.dk\/mors\/wp-content\/uploads\/2020\/03\/Banner-forebyg-smitte.jpg 770w, https:\/\/kunmedierne.dk\/mors\/wp-content\/uploads\/2020\/03\/Banner-forebyg-smitte-300x180.jpg 300w, https:\/\/kunmedierne.dk\/mors\/wp-content\/uploads\/2020\/03\/Banner-forebyg-smitte-768x461.jpg 768w, https:\/\/kunmedierne.dk\/mors\/wp-content\/uploads\/2020\/03\/Banner-forebyg-smitte-600x360.jpg 600w\" sizes=\"auto, (max-width: 770px) 100vw, 770px\" \/><\/p>\n","protected":false},"excerpt":{"rendered":"<p>MORS: En knuser for en af \u00e5rets helt store begivenheder p\u00e5 Mors. Det kalder borgmester Hans Ejner Bertelsen (V) den beslutning, han selv var med til at tr\u00e6ffe i g\u00e5r. To dage efter, at han over for KunMors bekendtgjorde, at Frivilligfesten ville blive gennemf\u00f8rt, trykkede han og kommunens \u00f8vrige ansvarlige p\u00e5 knappen for uds\u00e6ttelse. Myndighedernes [&hellip;]<\/p>\n","protected":false},"author":8,"featured_media":3421,"comment_status":"open","ping_status":"open","sticky":false,"template":"","format":"standard","meta":{"_acf_changed":false,"footnotes":""},"categories":[51],"tags":[],"class_list":["post-12569","post","type-post","status-publish","format-standard","has-post-thumbnail","hentry","category-lokalt"],"acf":[],"yoast_head":"<!-- This site is optimized with the Yoast SEO plugin v26.8 - https:\/\/yoast.com\/product\/yoast-seo-wordpress\/ -->\n<title>Borgmesteren h\u00e5ber p\u00e5 en fest f\u00f8r sommerferien - Mors<\/title>\n<meta name=\"robots\" content=\"index, follow, max-snippet:-1, max-image-preview:large, max-video-preview:-1\" \/>\n<link rel=\"canonical\" href=\"https:\/\/kunmedierne.dk\/mors\/borgmesteren-haaber-paa-en-fest-foer-sommerferien\/\" \/>\n<meta property=\"og:locale\" content=\"da_DK\" \/>\n<meta property=\"og:type\" content=\"article\" \/>\n<meta property=\"og:title\" content=\"Borgmesteren h\u00e5ber p\u00e5 en fest f\u00f8r sommerferien - Mors\" \/>\n<meta property=\"og:description\" content=\"MORS: En knuser for en af \u00e5rets helt store begivenheder p\u00e5 Mors. Det kalder borgmester Hans Ejner Bertelsen (V) den beslutning, han selv var med til at tr\u00e6ffe i g\u00e5r. To dage efter, at han over for KunMors bekendtgjorde, at Frivilligfesten ville blive gennemf\u00f8rt, trykkede han og kommunens \u00f8vrige ansvarlige p\u00e5 knappen for uds\u00e6ttelse. Myndighedernes [&hellip;]\" \/>\n<meta property=\"og:url\" content=\"https:\/\/kunmedierne.dk\/mors\/borgmesteren-haaber-paa-en-fest-foer-sommerferien\/\" \/>\n<meta property=\"og:site_name\" content=\"Mors\" \/>\n<meta property=\"article:published_time\" content=\"2020-03-10T08:54:32+00:00\" \/>\n<meta property=\"article:modified_time\" content=\"2024-08-12T12:06:22+00:00\" \/>\n<meta property=\"og:image\" content=\"https:\/\/kunmedierne.dk\/mors\/wp-content\/uploads\/2020\/01\/200127-frivilligfesten.jpg\" \/>\n\t<meta property=\"og:image:width\" content=\"770\" \/>\n\t<meta property=\"og:image:height\" content=\"513\" \/>\n\t<meta property=\"og:image:type\" content=\"image\/jpeg\" \/>\n<meta name=\"author\" content=\"David H\u00f8jmark\" \/>\n<meta name=\"twitter:card\" content=\"summary_large_image\" \/>\n<meta name=\"twitter:label1\" content=\"Skrevet af\" \/>\n\t<meta name=\"twitter:data1\" content=\"David H\u00f8jmark\" \/>\n\t<meta name=\"twitter:label2\" content=\"Estimeret l\u00e6setid\" \/>\n\t<meta name=\"twitter:data2\" content=\"3 minutter\" \/>\n<script type=\"application\/ld+json\" class=\"yoast-schema-graph\">{\"@context\":\"https:\/\/schema.org\",\"@graph\":[{\"@type\":\"Article\",\"@id\":\"https:\/\/kunmedierne.dk\/mors\/borgmesteren-haaber-paa-en-fest-foer-sommerferien\/#article\",\"isPartOf\":{\"@id\":\"https:\/\/kunmedierne.dk\/mors\/borgmesteren-haaber-paa-en-fest-foer-sommerferien\/\"},\"author\":{\"name\":\"David H\u00f8jmark\",\"@id\":\"https:\/\/kunmedierne.dk\/mors\/#\/schema\/person\/5fe23251bf1d0abbcdc6f7896579d548\"},\"headline\":\"Borgmesteren h\u00e5ber p\u00e5 en fest f\u00f8r sommerferien\",\"datePublished\":\"2020-03-10T08:54:32+00:00\",\"dateModified\":\"2024-08-12T12:06:22+00:00\",\"mainEntityOfPage\":{\"@id\":\"https:\/\/kunmedierne.dk\/mors\/borgmesteren-haaber-paa-en-fest-foer-sommerferien\/\"},\"wordCount\":603,\"commentCount\":0,\"publisher\":{\"@id\":\"https:\/\/kunmedierne.dk\/mors\/#organization\"},\"image\":{\"@id\":\"https:\/\/kunmedierne.dk\/mors\/borgmesteren-haaber-paa-en-fest-foer-sommerferien\/#primaryimage\"},\"thumbnailUrl\":\"https:\/\/kunmedierne.dk\/mors\/wp-content\/uploads\/2020\/01\/200127-frivilligfesten.jpg\",\"articleSection\":[\"Lokalt\"],\"inLanguage\":\"da-DK\",\"potentialAction\":[{\"@type\":\"CommentAction\",\"name\":\"Comment\",\"target\":[\"https:\/\/kunmedierne.dk\/mors\/borgmesteren-haaber-paa-en-fest-foer-sommerferien\/#respond\"]}]},{\"@type\":\"WebPage\",\"@id\":\"https:\/\/kunmedierne.dk\/mors\/borgmesteren-haaber-paa-en-fest-foer-sommerferien\/\",\"url\":\"https:\/\/kunmedierne.dk\/mors\/borgmesteren-haaber-paa-en-fest-foer-sommerferien\/\",\"name\":\"Borgmesteren h\u00e5ber p\u00e5 en fest f\u00f8r sommerferien - Mors\",\"isPartOf\":{\"@id\":\"https:\/\/kunmedierne.dk\/mors\/#website\"},\"primaryImageOfPage\":{\"@id\":\"https:\/\/kunmedierne.dk\/mors\/borgmesteren-haaber-paa-en-fest-foer-sommerferien\/#primaryimage\"},\"image\":{\"@id\":\"https:\/\/kunmedierne.dk\/mors\/borgmesteren-haaber-paa-en-fest-foer-sommerferien\/#primaryimage\"},\"thumbnailUrl\":\"https:\/\/kunmedierne.dk\/mors\/wp-content\/uploads\/2020\/01\/200127-frivilligfesten.jpg\",\"datePublished\":\"2020-03-10T08:54:32+00:00\",\"dateModified\":\"2024-08-12T12:06:22+00:00\",\"breadcrumb\":{\"@id\":\"https:\/\/kunmedierne.dk\/mors\/borgmesteren-haaber-paa-en-fest-foer-sommerferien\/#breadcrumb\"},\"inLanguage\":\"da-DK\",\"potentialAction\":[{\"@type\":\"ReadAction\",\"target\":[\"https:\/\/kunmedierne.dk\/mors\/borgmesteren-haaber-paa-en-fest-foer-sommerferien\/\"]}]},{\"@type\":\"ImageObject\",\"inLanguage\":\"da-DK\",\"@id\":\"https:\/\/kunmedierne.dk\/mors\/borgmesteren-haaber-paa-en-fest-foer-sommerferien\/#primaryimage\",\"url\":\"https:\/\/kunmedierne.dk\/mors\/wp-content\/uploads\/2020\/01\/200127-frivilligfesten.jpg\",\"contentUrl\":\"https:\/\/kunmedierne.dk\/mors\/wp-content\/uploads\/2020\/01\/200127-frivilligfesten.jpg\",\"width\":770,\"height\":513,\"caption\":\"Borgmester Hans Ejner Bertelsen under Frivilligfesten 2019, da Johanne Marie Heide blev k\u00e5ret som \u00c5rets Frivillig. Foto: Mors\u00f8 Kommune\"},{\"@type\":\"BreadcrumbList\",\"@id\":\"https:\/\/kunmedierne.dk\/mors\/borgmesteren-haaber-paa-en-fest-foer-sommerferien\/#breadcrumb\",\"itemListElement\":[{\"@type\":\"ListItem\",\"position\":1,\"name\":\"Hjem\",\"item\":\"https:\/\/kunmedierne.dk\/mors\/\"},{\"@type\":\"ListItem\",\"position\":2,\"name\":\"Borgmesteren h\u00e5ber p\u00e5 en fest f\u00f8r sommerferien\"}]},{\"@type\":\"WebSite\",\"@id\":\"https:\/\/kunmedierne.dk\/mors\/#website\",\"url\":\"https:\/\/kunmedierne.dk\/mors\/\",\"name\":\"Mors\",\"description\":\"et netmedie med journalistik om livet p\u00e5 Mors\",\"publisher\":{\"@id\":\"https:\/\/kunmedierne.dk\/mors\/#organization\"},\"potentialAction\":[{\"@type\":\"SearchAction\",\"target\":{\"@type\":\"EntryPoint\",\"urlTemplate\":\"https:\/\/kunmedierne.dk\/mors\/?s={search_term_string}\"},\"query-input\":{\"@type\":\"PropertyValueSpecification\",\"valueRequired\":true,\"valueName\":\"search_term_string\"}}],\"inLanguage\":\"da-DK\"},{\"@type\":\"Organization\",\"@id\":\"https:\/\/kunmedierne.dk\/mors\/#organization\",\"name\":\"Mors\",\"url\":\"https:\/\/kunmedierne.dk\/mors\/\",\"logo\":{\"@type\":\"ImageObject\",\"inLanguage\":\"da-DK\",\"@id\":\"https:\/\/kunmedierne.dk\/mors\/#\/schema\/logo\/image\/\",\"url\":\"https:\/\/kunmedierne.dk\/mors\/wp-content\/uploads\/2024\/08\/kunmors-logo.svg\",\"contentUrl\":\"https:\/\/kunmedierne.dk\/mors\/wp-content\/uploads\/2024\/08\/kunmors-logo.svg\",\"caption\":\"Mors\"},\"image\":{\"@id\":\"https:\/\/kunmedierne.dk\/mors\/#\/schema\/logo\/image\/\"}},{\"@type\":\"Person\",\"@id\":\"https:\/\/kunmedierne.dk\/mors\/#\/schema\/person\/5fe23251bf1d0abbcdc6f7896579d548\",\"name\":\"David H\u00f8jmark\",\"image\":{\"@type\":\"ImageObject\",\"inLanguage\":\"da-DK\",\"@id\":\"https:\/\/kunmedierne.dk\/mors\/#\/schema\/person\/image\/\",\"url\":\"https:\/\/secure.gravatar.com\/avatar\/4315d6fb9ef244d729989f5f90268eb08d5bf8a3d84402f595fa194bb35784fd?s=96&d=mm&r=g\",\"contentUrl\":\"https:\/\/secure.gravatar.com\/avatar\/4315d6fb9ef244d729989f5f90268eb08d5bf8a3d84402f595fa194bb35784fd?s=96&d=mm&r=g\",\"caption\":\"David H\u00f8jmark\"},\"sameAs\":[\"https:\/\/www.kunmedierne.dk\"],\"url\":\"https:\/\/kunmedierne.dk\/mors\/author\/david\/\"}]}<\/script>\n<!-- \/ Yoast SEO plugin. -->","yoast_head_json":{"title":"Borgmesteren h\u00e5ber p\u00e5 en fest f\u00f8r sommerferien - Mors","robots":{"index":"index","follow":"follow","max-snippet":"max-snippet:-1","max-image-preview":"max-image-preview:large","max-video-preview":"max-video-preview:-1"},"canonical":"https:\/\/kunmedierne.dk\/mors\/borgmesteren-haaber-paa-en-fest-foer-sommerferien\/","og_locale":"da_DK","og_type":"article","og_title":"Borgmesteren h\u00e5ber p\u00e5 en fest f\u00f8r sommerferien - Mors","og_description":"MORS: En knuser for en af \u00e5rets helt store begivenheder p\u00e5 Mors. Det kalder borgmester Hans Ejner Bertelsen (V) den beslutning, han selv var med til at tr\u00e6ffe i g\u00e5r. To dage efter, at han over for KunMors bekendtgjorde, at Frivilligfesten ville blive gennemf\u00f8rt, trykkede han og kommunens \u00f8vrige ansvarlige p\u00e5 knappen for uds\u00e6ttelse. Myndighedernes [&hellip;]","og_url":"https:\/\/kunmedierne.dk\/mors\/borgmesteren-haaber-paa-en-fest-foer-sommerferien\/","og_site_name":"Mors","article_published_time":"2020-03-10T08:54:32+00:00","article_modified_time":"2024-08-12T12:06:22+00:00","og_image":[{"width":770,"height":513,"url":"https:\/\/kunmedierne.dk\/mors\/wp-content\/uploads\/2020\/01\/200127-frivilligfesten.jpg","type":"image\/jpeg"}],"author":"David H\u00f8jmark","twitter_card":"summary_large_image","twitter_misc":{"Skrevet af":"David H\u00f8jmark","Estimeret l\u00e6setid":"3 minutter"},"schema":{"@context":"https:\/\/schema.org","@graph":[{"@type":"Article","@id":"https:\/\/kunmedierne.dk\/mors\/borgmesteren-haaber-paa-en-fest-foer-sommerferien\/#article","isPartOf":{"@id":"https:\/\/kunmedierne.dk\/mors\/borgmesteren-haaber-paa-en-fest-foer-sommerferien\/"},"author":{"name":"David H\u00f8jmark","@id":"https:\/\/kunmedierne.dk\/mors\/#\/schema\/person\/5fe23251bf1d0abbcdc6f7896579d548"},"headline":"Borgmesteren h\u00e5ber p\u00e5 en fest f\u00f8r sommerferien","datePublished":"2020-03-10T08:54:32+00:00","dateModified":"2024-08-12T12:06:22+00:00","mainEntityOfPage":{"@id":"https:\/\/kunmedierne.dk\/mors\/borgmesteren-haaber-paa-en-fest-foer-sommerferien\/"},"wordCount":603,"commentCount":0,"publisher":{"@id":"https:\/\/kunmedierne.dk\/mors\/#organization"},"image":{"@id":"https:\/\/kunmedierne.dk\/mors\/borgmesteren-haaber-paa-en-fest-foer-sommerferien\/#primaryimage"},"thumbnailUrl":"https:\/\/kunmedierne.dk\/mors\/wp-content\/uploads\/2020\/01\/200127-frivilligfesten.jpg","articleSection":["Lokalt"],"inLanguage":"da-DK","potentialAction":[{"@type":"CommentAction","name":"Comment","target":["https:\/\/kunmedierne.dk\/mors\/borgmesteren-haaber-paa-en-fest-foer-sommerferien\/#respond"]}]},{"@type":"WebPage","@id":"https:\/\/kunmedierne.dk\/mors\/borgmesteren-haaber-paa-en-fest-foer-sommerferien\/","url":"https:\/\/kunmedierne.dk\/mors\/borgmesteren-haaber-paa-en-fest-foer-sommerferien\/","name":"Borgmesteren h\u00e5ber p\u00e5 en fest f\u00f8r sommerferien - Mors","isPartOf":{"@id":"https:\/\/kunmedierne.dk\/mors\/#website"},"primaryImageOfPage":{"@id":"https:\/\/kunmedierne.dk\/mors\/borgmesteren-haaber-paa-en-fest-foer-sommerferien\/#primaryimage"},"image":{"@id":"https:\/\/kunmedierne.dk\/mors\/borgmesteren-haaber-paa-en-fest-foer-sommerferien\/#primaryimage"},"thumbnailUrl":"https:\/\/kunmedierne.dk\/mors\/wp-content\/uploads\/2020\/01\/200127-frivilligfesten.jpg","datePublished":"2020-03-10T08:54:32+00:00","dateModified":"2024-08-12T12:06:22+00:00","breadcrumb":{"@id":"https:\/\/kunmedierne.dk\/mors\/borgmesteren-haaber-paa-en-fest-foer-sommerferien\/#breadcrumb"},"inLanguage":"da-DK","potentialAction":[{"@type":"ReadAction","target":["https:\/\/kunmedierne.dk\/mors\/borgmesteren-haaber-paa-en-fest-foer-sommerferien\/"]}]},{"@type":"ImageObject","inLanguage":"da-DK","@id":"https:\/\/kunmedierne.dk\/mors\/borgmesteren-haaber-paa-en-fest-foer-sommerferien\/#primaryimage","url":"https:\/\/kunmedierne.dk\/mors\/wp-content\/uploads\/2020\/01\/200127-frivilligfesten.jpg","contentUrl":"https:\/\/kunmedierne.dk\/mors\/wp-content\/uploads\/2020\/01\/200127-frivilligfesten.jpg","width":770,"height":513,"caption":"Borgmester Hans Ejner Bertelsen under Frivilligfesten 2019, da Johanne Marie Heide blev k\u00e5ret som \u00c5rets Frivillig. Foto: Mors\u00f8 Kommune"},{"@type":"BreadcrumbList","@id":"https:\/\/kunmedierne.dk\/mors\/borgmesteren-haaber-paa-en-fest-foer-sommerferien\/#breadcrumb","itemListElement":[{"@type":"ListItem","position":1,"name":"Hjem","item":"https:\/\/kunmedierne.dk\/mors\/"},{"@type":"ListItem","position":2,"name":"Borgmesteren h\u00e5ber p\u00e5 en fest f\u00f8r sommerferien"}]},{"@type":"WebSite","@id":"https:\/\/kunmedierne.dk\/mors\/#website","url":"https:\/\/kunmedierne.dk\/mors\/","name":"Mors","description":"et netmedie med journalistik om livet p\u00e5 Mors","publisher":{"@id":"https:\/\/kunmedierne.dk\/mors\/#organization"},"potentialAction":[{"@type":"SearchAction","target":{"@type":"EntryPoint","urlTemplate":"https:\/\/kunmedierne.dk\/mors\/?s={search_term_string}"},"query-input":{"@type":"PropertyValueSpecification","valueRequired":true,"valueName":"search_term_string"}}],"inLanguage":"da-DK"},{"@type":"Organization","@id":"https:\/\/kunmedierne.dk\/mors\/#organization","name":"Mors","url":"https:\/\/kunmedierne.dk\/mors\/","logo":{"@type":"ImageObject","inLanguage":"da-DK","@id":"https:\/\/kunmedierne.dk\/mors\/#\/schema\/logo\/image\/","url":"https:\/\/kunmedierne.dk\/mors\/wp-content\/uploads\/2024\/08\/kunmors-logo.svg","contentUrl":"https:\/\/kunmedierne.dk\/mors\/wp-content\/uploads\/2024\/08\/kunmors-logo.svg","caption":"Mors"},"image":{"@id":"https:\/\/kunmedierne.dk\/mors\/#\/schema\/logo\/image\/"}},{"@type":"Person","@id":"https:\/\/kunmedierne.dk\/mors\/#\/schema\/person\/5fe23251bf1d0abbcdc6f7896579d548","name":"David H\u00f8jmark","image":{"@type":"ImageObject","inLanguage":"da-DK","@id":"https:\/\/kunmedierne.dk\/mors\/#\/schema\/person\/image\/","url":"https:\/\/secure.gravatar.com\/avatar\/4315d6fb9ef244d729989f5f90268eb08d5bf8a3d84402f595fa194bb35784fd?s=96&d=mm&r=g","contentUrl":"https:\/\/secure.gravatar.com\/avatar\/4315d6fb9ef244d729989f5f90268eb08d5bf8a3d84402f595fa194bb35784fd?s=96&d=mm&r=g","caption":"David H\u00f8jmark"},"sameAs":["https:\/\/www.kunmedierne.dk"],"url":"https:\/\/kunmedierne.dk\/mors\/author\/david\/"}]}},"_links":{"self":[{"href":"https:\/\/kunmedierne.dk\/mors\/wp-json\/wp\/v2\/posts\/12569","targetHints":{"allow":["GET"]}}],"collection":[{"href":"https:\/\/kunmedierne.dk\/mors\/wp-json\/wp\/v2\/posts"}],"about":[{"href":"https:\/\/kunmedierne.dk\/mors\/wp-json\/wp\/v2\/types\/post"}],"author":[{"embeddable":true,"href":"https:\/\/kunmedierne.dk\/mors\/wp-json\/wp\/v2\/users\/8"}],"replies":[{"embeddable":true,"href":"https:\/\/kunmedierne.dk\/mors\/wp-json\/wp\/v2\/comments?post=12569"}],"version-history":[{"count":3,"href":"https:\/\/kunmedierne.dk\/mors\/wp-json\/wp\/v2\/posts\/12569\/revisions"}],"predecessor-version":[{"id":12675,"href":"https:\/\/kunmedierne.dk\/mors\/wp-json\/wp\/v2\/posts\/12569\/revisions\/12675"}],"wp:featuredmedia":[{"embeddable":true,"href":"https:\/\/kunmedierne.dk\/mors\/wp-json\/wp\/v2\/media\/3421"}],"wp:attachment":[{"href":"https:\/\/kunmedierne.dk\/mors\/wp-json\/wp\/v2\/media?parent=12569"}],"wp:term":[{"taxonomy":"category","embeddable":true,"href":"https:\/\/kunmedierne.dk\/mors\/wp-json\/wp\/v2\/categories?post=12569"},{"taxonomy":"post_tag","embeddable":true,"href":"https:\/\/kunmedierne.dk\/mors\/wp-json\/wp\/v2\/tags?post=12569"}],"curies":[{"name":"wp","href":"https:\/\/api.w.org\/{rel}","templated":true}]}}