{"id":12563,"date":"2020-03-10T09:02:24","date_gmt":"2020-03-10T08:02:24","guid":{"rendered":"https:\/\/kunmedierne.dk\/mors\/?p=12563"},"modified":"2024-08-12T14:06:22","modified_gmt":"2024-08-12T12:06:22","slug":"breaking-morsoe-kommune-udskyder-frivilligfesten","status":"publish","type":"post","link":"https:\/\/kunmedierne.dk\/mors\/breaking-morsoe-kommune-udskyder-frivilligfesten\/","title":{"rendered":"Mors\u00f8 Kommune udskyder Frivilligfesten"},"content":{"rendered":"<p><strong>NYK\u00d8BING<\/strong>: Frivilligfesten 2020 er udsat p\u00e5 ubestemt tid. Den skulle have fundet sted fredag 20. marts i Sparekassen Thy Arena Mors, men det kommer ikke til at ske.<\/p>\n<p>Det meddeler Mors\u00f8 Kommune tirsdag formiddag i en pressemeddelelse, hvor det bliver forklareret, at beslutningen er taget p\u00e5 baggrund af\u00a0regeringens og sundhedsmyndighedernes opfordring til at begr\u00e6nse risikoen for spredning af Coronavirus\/COVID-19.<\/p>\n<p>Den forts\u00e6tter:<\/p>\n<p class=\"v1MsoNormal\">&#8220;Myndighederne opfordrer arrang\u00f8rer af st\u00f8rre arrangementer med f\u00e6rre end 1.000 deltagere til at forholde sig til smitterisikoen ved arrangementerne. Frivilligfesten 2020 er i denne kategori med 625 g\u00e6ster. Dertil kommer optr\u00e6dende, samarbejdspartnernes medarbejdere og medarbejdere fra Mors\u00f8 Kommune, s\u00e5 det samlede antal er godt 826 personer.<\/p>\n<p class=\"v1MsoNormal\">Mors\u00f8 Kommune er alts\u00e5 forpligtet til at vurdere den potentielle risiko for smittespredning ved at gennemf\u00f8re Frivilligfesten 2020. Konklusionen er, at der ikke kan etableres tilstr\u00e6kkelige fysiske rammer til at overholde anbefalingerne for at holde en eventuel smitterisiko p\u00e5 et absolut minimum, fx at der skal holdes en forsvarlig afstand mellem deltagerne i henhold til myndighedernes anbefaling.<\/p>\n<p class=\"v1MsoNormal\">Mors\u00f8 Kommune har r\u00e5df\u00f8rt sig med \u00f8vrige offentlige instanser, hvilket sammenholdt med regeringens opfordring er baggrunden for beslutningen om at udskyde Frivilligfesten.<\/p>\n<p class=\"v1MsoNormal\">Mors\u00f8 Kommune f\u00f8lger udviklingen t\u00e6t, og vi vender tilbage med en ny dato, s\u00e5 snart det er muligt.<\/p>\n<p class=\"v1MsoNormal\">Billetterne er gyldige p\u00e5 den nye dato. G\u00e6ster, der \u00f8nsker det, vil dog f\u00e5 refunderet billetprisen ved henvendelse til Mors\u00f8 Turistbureau p\u00e5 <a rel=\"noreferrer\">mt@visitmors.dk<\/a> eller telefon 97720488.&#8221;<\/p>\n<p>&nbsp;<\/p>\n<p>Information fra Sundhedsstyrelsen om coronavirus <a href=\"https:\/\/www.sst.dk\/da\/Viden\/Smitsomme-sygdomme\/Smitsomme-sygdomme-A-AA\/Coronavirus\/Spoergsmaal-og-svar\" target=\"_blank\" rel=\"noopener noreferrer\">her<\/a>.<\/p>\n<p><img loading=\"lazy\" decoding=\"async\" class=\"alignnone size-full wp-image-12670\" src=\"https:\/\/kunmedierne.dk\/mors\/wp-content\/uploads\/2020\/03\/Banner-forebyg-smitte.jpg\" alt=\"\" width=\"770\" height=\"462\" srcset=\"https:\/\/kunmedierne.dk\/mors\/wp-content\/uploads\/2020\/03\/Banner-forebyg-smitte.jpg 770w, https:\/\/kunmedierne.dk\/mors\/wp-content\/uploads\/2020\/03\/Banner-forebyg-smitte-300x180.jpg 300w, https:\/\/kunmedierne.dk\/mors\/wp-content\/uploads\/2020\/03\/Banner-forebyg-smitte-768x461.jpg 768w, https:\/\/kunmedierne.dk\/mors\/wp-content\/uploads\/2020\/03\/Banner-forebyg-smitte-600x360.jpg 600w\" sizes=\"auto, (max-width: 770px) 100vw, 770px\" \/><\/p>\n","protected":false},"excerpt":{"rendered":"<p>NYK\u00d8BING: Frivilligfesten 2020 er udsat p\u00e5 ubestemt tid. Den skulle have fundet sted fredag 20. marts i Sparekassen Thy Arena Mors, men det kommer ikke til at ske. Det meddeler Mors\u00f8 Kommune tirsdag formiddag i en pressemeddelelse, hvor det bliver forklareret, at beslutningen er taget p\u00e5 baggrund af\u00a0regeringens og sundhedsmyndighedernes opfordring til at begr\u00e6nse risikoen [&hellip;]<\/p>\n","protected":false},"author":8,"featured_media":3541,"comment_status":"open","ping_status":"open","sticky":false,"template":"","format":"standard","meta":{"_acf_changed":false,"footnotes":""},"categories":[51],"tags":[],"class_list":["post-12563","post","type-post","status-publish","format-standard","has-post-thumbnail","hentry","category-lokalt"],"acf":[],"yoast_head":"<!-- This site is optimized with the Yoast SEO plugin v26.8 - https:\/\/yoast.com\/product\/yoast-seo-wordpress\/ -->\n<title>Mors\u00f8 Kommune udskyder Frivilligfesten - Mors<\/title>\n<meta name=\"robots\" content=\"index, follow, max-snippet:-1, max-image-preview:large, max-video-preview:-1\" \/>\n<link rel=\"canonical\" href=\"https:\/\/kunmedierne.dk\/mors\/breaking-morsoe-kommune-udskyder-frivilligfesten\/\" \/>\n<meta property=\"og:locale\" content=\"da_DK\" \/>\n<meta property=\"og:type\" content=\"article\" \/>\n<meta property=\"og:title\" content=\"Mors\u00f8 Kommune udskyder Frivilligfesten - Mors\" \/>\n<meta property=\"og:description\" content=\"NYK\u00d8BING: Frivilligfesten 2020 er udsat p\u00e5 ubestemt tid. Den skulle have fundet sted fredag 20. marts i Sparekassen Thy Arena Mors, men det kommer ikke til at ske. Det meddeler Mors\u00f8 Kommune tirsdag formiddag i en pressemeddelelse, hvor det bliver forklareret, at beslutningen er taget p\u00e5 baggrund af\u00a0regeringens og sundhedsmyndighedernes opfordring til at begr\u00e6nse risikoen [&hellip;]\" \/>\n<meta property=\"og:url\" content=\"https:\/\/kunmedierne.dk\/mors\/breaking-morsoe-kommune-udskyder-frivilligfesten\/\" \/>\n<meta property=\"og:site_name\" content=\"Mors\" \/>\n<meta property=\"article:published_time\" content=\"2020-03-10T08:02:24+00:00\" \/>\n<meta property=\"article:modified_time\" content=\"2024-08-12T12:06:22+00:00\" \/>\n<meta property=\"og:image\" content=\"https:\/\/kunmedierne.dk\/mors\/wp-content\/uploads\/2020\/01\/200129-frivilligfest-19.jpg\" \/>\n\t<meta property=\"og:image:width\" content=\"770\" \/>\n\t<meta property=\"og:image:height\" content=\"513\" \/>\n\t<meta property=\"og:image:type\" content=\"image\/jpeg\" \/>\n<meta name=\"author\" content=\"David H\u00f8jmark\" \/>\n<meta name=\"twitter:card\" content=\"summary_large_image\" \/>\n<meta name=\"twitter:label1\" content=\"Skrevet af\" \/>\n\t<meta name=\"twitter:data1\" content=\"David H\u00f8jmark\" \/>\n\t<meta name=\"twitter:label2\" content=\"Estimeret l\u00e6setid\" \/>\n\t<meta name=\"twitter:data2\" content=\"1 minut\" \/>\n<script type=\"application\/ld+json\" class=\"yoast-schema-graph\">{\"@context\":\"https:\/\/schema.org\",\"@graph\":[{\"@type\":\"Article\",\"@id\":\"https:\/\/kunmedierne.dk\/mors\/breaking-morsoe-kommune-udskyder-frivilligfesten\/#article\",\"isPartOf\":{\"@id\":\"https:\/\/kunmedierne.dk\/mors\/breaking-morsoe-kommune-udskyder-frivilligfesten\/\"},\"author\":{\"name\":\"David H\u00f8jmark\",\"@id\":\"https:\/\/kunmedierne.dk\/mors\/#\/schema\/person\/5fe23251bf1d0abbcdc6f7896579d548\"},\"headline\":\"Mors\u00f8 Kommune udskyder Frivilligfesten\",\"datePublished\":\"2020-03-10T08:02:24+00:00\",\"dateModified\":\"2024-08-12T12:06:22+00:00\",\"mainEntityOfPage\":{\"@id\":\"https:\/\/kunmedierne.dk\/mors\/breaking-morsoe-kommune-udskyder-frivilligfesten\/\"},\"wordCount\":252,\"commentCount\":0,\"publisher\":{\"@id\":\"https:\/\/kunmedierne.dk\/mors\/#organization\"},\"image\":{\"@id\":\"https:\/\/kunmedierne.dk\/mors\/breaking-morsoe-kommune-udskyder-frivilligfesten\/#primaryimage\"},\"thumbnailUrl\":\"https:\/\/kunmedierne.dk\/mors\/wp-content\/uploads\/2020\/01\/200129-frivilligfest-19.jpg\",\"articleSection\":[\"Lokalt\"],\"inLanguage\":\"da-DK\",\"potentialAction\":[{\"@type\":\"CommentAction\",\"name\":\"Comment\",\"target\":[\"https:\/\/kunmedierne.dk\/mors\/breaking-morsoe-kommune-udskyder-frivilligfesten\/#respond\"]}]},{\"@type\":\"WebPage\",\"@id\":\"https:\/\/kunmedierne.dk\/mors\/breaking-morsoe-kommune-udskyder-frivilligfesten\/\",\"url\":\"https:\/\/kunmedierne.dk\/mors\/breaking-morsoe-kommune-udskyder-frivilligfesten\/\",\"name\":\"Mors\u00f8 Kommune udskyder Frivilligfesten - Mors\",\"isPartOf\":{\"@id\":\"https:\/\/kunmedierne.dk\/mors\/#website\"},\"primaryImageOfPage\":{\"@id\":\"https:\/\/kunmedierne.dk\/mors\/breaking-morsoe-kommune-udskyder-frivilligfesten\/#primaryimage\"},\"image\":{\"@id\":\"https:\/\/kunmedierne.dk\/mors\/breaking-morsoe-kommune-udskyder-frivilligfesten\/#primaryimage\"},\"thumbnailUrl\":\"https:\/\/kunmedierne.dk\/mors\/wp-content\/uploads\/2020\/01\/200129-frivilligfest-19.jpg\",\"datePublished\":\"2020-03-10T08:02:24+00:00\",\"dateModified\":\"2024-08-12T12:06:22+00:00\",\"breadcrumb\":{\"@id\":\"https:\/\/kunmedierne.dk\/mors\/breaking-morsoe-kommune-udskyder-frivilligfesten\/#breadcrumb\"},\"inLanguage\":\"da-DK\",\"potentialAction\":[{\"@type\":\"ReadAction\",\"target\":[\"https:\/\/kunmedierne.dk\/mors\/breaking-morsoe-kommune-udskyder-frivilligfesten\/\"]}]},{\"@type\":\"ImageObject\",\"inLanguage\":\"da-DK\",\"@id\":\"https:\/\/kunmedierne.dk\/mors\/breaking-morsoe-kommune-udskyder-frivilligfesten\/#primaryimage\",\"url\":\"https:\/\/kunmedierne.dk\/mors\/wp-content\/uploads\/2020\/01\/200129-frivilligfest-19.jpg\",\"contentUrl\":\"https:\/\/kunmedierne.dk\/mors\/wp-content\/uploads\/2020\/01\/200129-frivilligfest-19.jpg\",\"width\":770,\"height\":513,\"caption\":\"Fra Frivilligfesten i 2019. Foto: Mors\u00f8 Kommune\"},{\"@type\":\"BreadcrumbList\",\"@id\":\"https:\/\/kunmedierne.dk\/mors\/breaking-morsoe-kommune-udskyder-frivilligfesten\/#breadcrumb\",\"itemListElement\":[{\"@type\":\"ListItem\",\"position\":1,\"name\":\"Hjem\",\"item\":\"https:\/\/kunmedierne.dk\/mors\/\"},{\"@type\":\"ListItem\",\"position\":2,\"name\":\"Mors\u00f8 Kommune udskyder Frivilligfesten\"}]},{\"@type\":\"WebSite\",\"@id\":\"https:\/\/kunmedierne.dk\/mors\/#website\",\"url\":\"https:\/\/kunmedierne.dk\/mors\/\",\"name\":\"Mors\",\"description\":\"et netmedie med journalistik om livet p\u00e5 Mors\",\"publisher\":{\"@id\":\"https:\/\/kunmedierne.dk\/mors\/#organization\"},\"potentialAction\":[{\"@type\":\"SearchAction\",\"target\":{\"@type\":\"EntryPoint\",\"urlTemplate\":\"https:\/\/kunmedierne.dk\/mors\/?s={search_term_string}\"},\"query-input\":{\"@type\":\"PropertyValueSpecification\",\"valueRequired\":true,\"valueName\":\"search_term_string\"}}],\"inLanguage\":\"da-DK\"},{\"@type\":\"Organization\",\"@id\":\"https:\/\/kunmedierne.dk\/mors\/#organization\",\"name\":\"Mors\",\"url\":\"https:\/\/kunmedierne.dk\/mors\/\",\"logo\":{\"@type\":\"ImageObject\",\"inLanguage\":\"da-DK\",\"@id\":\"https:\/\/kunmedierne.dk\/mors\/#\/schema\/logo\/image\/\",\"url\":\"https:\/\/kunmedierne.dk\/mors\/wp-content\/uploads\/2024\/08\/kunmors-logo.svg\",\"contentUrl\":\"https:\/\/kunmedierne.dk\/mors\/wp-content\/uploads\/2024\/08\/kunmors-logo.svg\",\"caption\":\"Mors\"},\"image\":{\"@id\":\"https:\/\/kunmedierne.dk\/mors\/#\/schema\/logo\/image\/\"}},{\"@type\":\"Person\",\"@id\":\"https:\/\/kunmedierne.dk\/mors\/#\/schema\/person\/5fe23251bf1d0abbcdc6f7896579d548\",\"name\":\"David H\u00f8jmark\",\"image\":{\"@type\":\"ImageObject\",\"inLanguage\":\"da-DK\",\"@id\":\"https:\/\/kunmedierne.dk\/mors\/#\/schema\/person\/image\/\",\"url\":\"https:\/\/secure.gravatar.com\/avatar\/4315d6fb9ef244d729989f5f90268eb08d5bf8a3d84402f595fa194bb35784fd?s=96&d=mm&r=g\",\"contentUrl\":\"https:\/\/secure.gravatar.com\/avatar\/4315d6fb9ef244d729989f5f90268eb08d5bf8a3d84402f595fa194bb35784fd?s=96&d=mm&r=g\",\"caption\":\"David H\u00f8jmark\"},\"sameAs\":[\"https:\/\/www.kunmedierne.dk\"],\"url\":\"https:\/\/kunmedierne.dk\/mors\/author\/david\/\"}]}<\/script>\n<!-- \/ Yoast SEO plugin. -->","yoast_head_json":{"title":"Mors\u00f8 Kommune udskyder Frivilligfesten - Mors","robots":{"index":"index","follow":"follow","max-snippet":"max-snippet:-1","max-image-preview":"max-image-preview:large","max-video-preview":"max-video-preview:-1"},"canonical":"https:\/\/kunmedierne.dk\/mors\/breaking-morsoe-kommune-udskyder-frivilligfesten\/","og_locale":"da_DK","og_type":"article","og_title":"Mors\u00f8 Kommune udskyder Frivilligfesten - Mors","og_description":"NYK\u00d8BING: Frivilligfesten 2020 er udsat p\u00e5 ubestemt tid. Den skulle have fundet sted fredag 20. marts i Sparekassen Thy Arena Mors, men det kommer ikke til at ske. Det meddeler Mors\u00f8 Kommune tirsdag formiddag i en pressemeddelelse, hvor det bliver forklareret, at beslutningen er taget p\u00e5 baggrund af\u00a0regeringens og sundhedsmyndighedernes opfordring til at begr\u00e6nse risikoen [&hellip;]","og_url":"https:\/\/kunmedierne.dk\/mors\/breaking-morsoe-kommune-udskyder-frivilligfesten\/","og_site_name":"Mors","article_published_time":"2020-03-10T08:02:24+00:00","article_modified_time":"2024-08-12T12:06:22+00:00","og_image":[{"width":770,"height":513,"url":"https:\/\/kunmedierne.dk\/mors\/wp-content\/uploads\/2020\/01\/200129-frivilligfest-19.jpg","type":"image\/jpeg"}],"author":"David H\u00f8jmark","twitter_card":"summary_large_image","twitter_misc":{"Skrevet af":"David H\u00f8jmark","Estimeret l\u00e6setid":"1 minut"},"schema":{"@context":"https:\/\/schema.org","@graph":[{"@type":"Article","@id":"https:\/\/kunmedierne.dk\/mors\/breaking-morsoe-kommune-udskyder-frivilligfesten\/#article","isPartOf":{"@id":"https:\/\/kunmedierne.dk\/mors\/breaking-morsoe-kommune-udskyder-frivilligfesten\/"},"author":{"name":"David H\u00f8jmark","@id":"https:\/\/kunmedierne.dk\/mors\/#\/schema\/person\/5fe23251bf1d0abbcdc6f7896579d548"},"headline":"Mors\u00f8 Kommune udskyder Frivilligfesten","datePublished":"2020-03-10T08:02:24+00:00","dateModified":"2024-08-12T12:06:22+00:00","mainEntityOfPage":{"@id":"https:\/\/kunmedierne.dk\/mors\/breaking-morsoe-kommune-udskyder-frivilligfesten\/"},"wordCount":252,"commentCount":0,"publisher":{"@id":"https:\/\/kunmedierne.dk\/mors\/#organization"},"image":{"@id":"https:\/\/kunmedierne.dk\/mors\/breaking-morsoe-kommune-udskyder-frivilligfesten\/#primaryimage"},"thumbnailUrl":"https:\/\/kunmedierne.dk\/mors\/wp-content\/uploads\/2020\/01\/200129-frivilligfest-19.jpg","articleSection":["Lokalt"],"inLanguage":"da-DK","potentialAction":[{"@type":"CommentAction","name":"Comment","target":["https:\/\/kunmedierne.dk\/mors\/breaking-morsoe-kommune-udskyder-frivilligfesten\/#respond"]}]},{"@type":"WebPage","@id":"https:\/\/kunmedierne.dk\/mors\/breaking-morsoe-kommune-udskyder-frivilligfesten\/","url":"https:\/\/kunmedierne.dk\/mors\/breaking-morsoe-kommune-udskyder-frivilligfesten\/","name":"Mors\u00f8 Kommune udskyder Frivilligfesten - Mors","isPartOf":{"@id":"https:\/\/kunmedierne.dk\/mors\/#website"},"primaryImageOfPage":{"@id":"https:\/\/kunmedierne.dk\/mors\/breaking-morsoe-kommune-udskyder-frivilligfesten\/#primaryimage"},"image":{"@id":"https:\/\/kunmedierne.dk\/mors\/breaking-morsoe-kommune-udskyder-frivilligfesten\/#primaryimage"},"thumbnailUrl":"https:\/\/kunmedierne.dk\/mors\/wp-content\/uploads\/2020\/01\/200129-frivilligfest-19.jpg","datePublished":"2020-03-10T08:02:24+00:00","dateModified":"2024-08-12T12:06:22+00:00","breadcrumb":{"@id":"https:\/\/kunmedierne.dk\/mors\/breaking-morsoe-kommune-udskyder-frivilligfesten\/#breadcrumb"},"inLanguage":"da-DK","potentialAction":[{"@type":"ReadAction","target":["https:\/\/kunmedierne.dk\/mors\/breaking-morsoe-kommune-udskyder-frivilligfesten\/"]}]},{"@type":"ImageObject","inLanguage":"da-DK","@id":"https:\/\/kunmedierne.dk\/mors\/breaking-morsoe-kommune-udskyder-frivilligfesten\/#primaryimage","url":"https:\/\/kunmedierne.dk\/mors\/wp-content\/uploads\/2020\/01\/200129-frivilligfest-19.jpg","contentUrl":"https:\/\/kunmedierne.dk\/mors\/wp-content\/uploads\/2020\/01\/200129-frivilligfest-19.jpg","width":770,"height":513,"caption":"Fra Frivilligfesten i 2019. Foto: Mors\u00f8 Kommune"},{"@type":"BreadcrumbList","@id":"https:\/\/kunmedierne.dk\/mors\/breaking-morsoe-kommune-udskyder-frivilligfesten\/#breadcrumb","itemListElement":[{"@type":"ListItem","position":1,"name":"Hjem","item":"https:\/\/kunmedierne.dk\/mors\/"},{"@type":"ListItem","position":2,"name":"Mors\u00f8 Kommune udskyder Frivilligfesten"}]},{"@type":"WebSite","@id":"https:\/\/kunmedierne.dk\/mors\/#website","url":"https:\/\/kunmedierne.dk\/mors\/","name":"Mors","description":"et netmedie med journalistik om livet p\u00e5 Mors","publisher":{"@id":"https:\/\/kunmedierne.dk\/mors\/#organization"},"potentialAction":[{"@type":"SearchAction","target":{"@type":"EntryPoint","urlTemplate":"https:\/\/kunmedierne.dk\/mors\/?s={search_term_string}"},"query-input":{"@type":"PropertyValueSpecification","valueRequired":true,"valueName":"search_term_string"}}],"inLanguage":"da-DK"},{"@type":"Organization","@id":"https:\/\/kunmedierne.dk\/mors\/#organization","name":"Mors","url":"https:\/\/kunmedierne.dk\/mors\/","logo":{"@type":"ImageObject","inLanguage":"da-DK","@id":"https:\/\/kunmedierne.dk\/mors\/#\/schema\/logo\/image\/","url":"https:\/\/kunmedierne.dk\/mors\/wp-content\/uploads\/2024\/08\/kunmors-logo.svg","contentUrl":"https:\/\/kunmedierne.dk\/mors\/wp-content\/uploads\/2024\/08\/kunmors-logo.svg","caption":"Mors"},"image":{"@id":"https:\/\/kunmedierne.dk\/mors\/#\/schema\/logo\/image\/"}},{"@type":"Person","@id":"https:\/\/kunmedierne.dk\/mors\/#\/schema\/person\/5fe23251bf1d0abbcdc6f7896579d548","name":"David H\u00f8jmark","image":{"@type":"ImageObject","inLanguage":"da-DK","@id":"https:\/\/kunmedierne.dk\/mors\/#\/schema\/person\/image\/","url":"https:\/\/secure.gravatar.com\/avatar\/4315d6fb9ef244d729989f5f90268eb08d5bf8a3d84402f595fa194bb35784fd?s=96&d=mm&r=g","contentUrl":"https:\/\/secure.gravatar.com\/avatar\/4315d6fb9ef244d729989f5f90268eb08d5bf8a3d84402f595fa194bb35784fd?s=96&d=mm&r=g","caption":"David H\u00f8jmark"},"sameAs":["https:\/\/www.kunmedierne.dk"],"url":"https:\/\/kunmedierne.dk\/mors\/author\/david\/"}]}},"_links":{"self":[{"href":"https:\/\/kunmedierne.dk\/mors\/wp-json\/wp\/v2\/posts\/12563","targetHints":{"allow":["GET"]}}],"collection":[{"href":"https:\/\/kunmedierne.dk\/mors\/wp-json\/wp\/v2\/posts"}],"about":[{"href":"https:\/\/kunmedierne.dk\/mors\/wp-json\/wp\/v2\/types\/post"}],"author":[{"embeddable":true,"href":"https:\/\/kunmedierne.dk\/mors\/wp-json\/wp\/v2\/users\/8"}],"replies":[{"embeddable":true,"href":"https:\/\/kunmedierne.dk\/mors\/wp-json\/wp\/v2\/comments?post=12563"}],"version-history":[{"count":7,"href":"https:\/\/kunmedierne.dk\/mors\/wp-json\/wp\/v2\/posts\/12563\/revisions"}],"predecessor-version":[{"id":12674,"href":"https:\/\/kunmedierne.dk\/mors\/wp-json\/wp\/v2\/posts\/12563\/revisions\/12674"}],"wp:featuredmedia":[{"embeddable":true,"href":"https:\/\/kunmedierne.dk\/mors\/wp-json\/wp\/v2\/media\/3541"}],"wp:attachment":[{"href":"https:\/\/kunmedierne.dk\/mors\/wp-json\/wp\/v2\/media?parent=12563"}],"wp:term":[{"taxonomy":"category","embeddable":true,"href":"https:\/\/kunmedierne.dk\/mors\/wp-json\/wp\/v2\/categories?post=12563"},{"taxonomy":"post_tag","embeddable":true,"href":"https:\/\/kunmedierne.dk\/mors\/wp-json\/wp\/v2\/tags?post=12563"}],"curies":[{"name":"wp","href":"https:\/\/api.w.org\/{rel}","templated":true}]}}