{"id":125449,"date":"2024-08-26T14:37:57","date_gmt":"2024-08-26T12:37:57","guid":{"rendered":"https:\/\/kunmedierne.dk\/mors\/?p=125449"},"modified":"2024-08-27T19:44:35","modified_gmt":"2024-08-27T17:44:35","slug":"det-kraftigste-stormvejr-i-30-aar-men-kulturmoedets-gaester-blev-haengende","status":"publish","type":"post","link":"https:\/\/kunmedierne.dk\/mors\/det-kraftigste-stormvejr-i-30-aar-men-kulturmoedets-gaester-blev-haengende\/","title":{"rendered":"Det kraftigste stormvejr i 30 \u00e5r, men Kulturm\u00f8dets g\u00e6ster blev h\u00e6ngende"},"content":{"rendered":"<p><strong>KULTURM\u00d8DET: <\/strong>Med cirka\u00a0650 arrangementer, 250 arrang\u00f8rer, 1000 markante stemmer, 25 scener, en masse frivillige og med st\u00f8tte fra 14 fonde, 30 lokale virksomheder, Region Nordjylland og Mors\u00f8 kommune, lukkede og slukkede dette \u00e5rs Kulturm\u00f8de l\u00f8rdag den 26. august.<\/p>\n<a class=\"dvrt-link\" onClick=\"cdmtrack_click(104781,jQuery(this));return false\" href=\"https:\/\/www.fmspks.dk\/\"><img decoding=\"async\" style=\"width:100%;\" src=\"https:\/\/kunmedierne.dk\/mors\/wp-content\/uploads\/2022\/02\/vip-froeslev-mollerup-sparekasse.jpg\"><\/a><script>cdmtrack_view(104781);<\/script>\n<p>Regn, storm og nedlukning var ikke nok til at skr\u00e6mme publikum og fagfolk v\u00e6k. Og if\u00f8lge turistchef for VisitMors Bente Kristensen, er der i \u00e5r sat rekordoms\u00e6tning i forbindelse med v\u00e6relsesudlejning til Kulturm\u00f8det.<\/p>\n<p>&#8211; Det er en pil, der peger opad. Det v\u00e6lter allerede ind med bookinger til n\u00e6ste \u00e5r. Jeg tror ikke, at \u00e5rets storm har nogen betydning. B\u00e5de g\u00e6sterne og vi er klar igen til n\u00e6ste \u00e5r, siger Bente Kristensen, som n\u00e6vner at lejerne har rost Kulturm\u00f8dets h\u00e5ndtering af stormen, som foregik uden panik.<\/p>\n<p>Estimatet er, at kun 30 procent af Kulturm\u00f8dets g\u00e6ster faldt fra (taget fra bes\u00f8gstallet p\u00e5 de 35.000 fra 2023) p\u00e5 grund af <a href=\"https:\/\/kunmedierne.dk\/mors\/stormen-rammer-kulturmoedet-lukket-midlertidigt\/\" target=\"_blank\" rel=\"noopener\">nedlukningen l\u00f8rdag<\/a>.<\/p>\n<p>Direkt\u00f8r Caspar Ryttergaard er overv\u00e6ldet over den opbakning, Kulturm\u00f8det har, og dets trofaste publikum, der t\u00e6ller b\u00e5de de nysgerrige kulturfolk og fagfolk.<\/p>\n<p>Han fort\u00e6ller, at publikum har v\u00e6ret overb\u00e6rende i forbindelse med nedlukningen, og meldingen, er, at de synes, det er foreg\u00e5et roligt og har v\u00e6ret trygt.<\/p>\n<a class=\"dvrt-link\" onClick=\"cdmtrack_click(104783,jQuery(this));return false\" href=\"https:\/\/konpap.dk\/\"><img decoding=\"async\" style=\"width:100%;\" src=\"https:\/\/kunmedierne.dk\/mors\/wp-content\/uploads\/2023\/10\/Kun-Mors-banner.jpg\"><\/a><script>cdmtrack_view(104783);<\/script>\n<p>Klokken 19. 15 fredag, et kvarter f\u00f8r Kulturm\u00f8det havde lovet at komme med en status omkring nedlukningen, havde stormen lagt sig nok til at \u00e5bne Kulturm\u00f8det igen. Der var steder, som blandt andet Klosterg\u00e5rden, det fortsat ikke var forsvarligt at \u00e5bne. Det bet\u00f8d, at privatpersoner \u00e5bnede deres hjem, og en del af de arrangementer, der skulle v\u00e6re aflyst, blev afholdt. Enten i private hjem eller p\u00e5 andre scener.<\/p>\n<p>Kulturm\u00f8det har i 2024-2026 indg\u00e5et et samarbejde med s\u00f8sterfestivaler i Sverige (Folk och Kultur) og Norge (Kulturytring). Samarbejdet er initieret af Nordisk Kulturfond og skal styrke den demokratiske samtale p\u00e5 tv\u00e6rs af de nordiske lande med s\u00e6rligt fokus p\u00e5 den yngre generation.<\/p>\n<p>De to nordiske s\u00f8sterfestivaler, som ogs\u00e5 er fagkonferencer, foreg\u00e5r i store konferencerum, siger Caspar Ryttergaard og fremh\u00e6ver, hvor s\u00e6rligt det er at have en fagkonference &#8211; som Kulturm\u00f8det &#8211; i et festivalunivers med god musik.<\/p>\n<p>&nbsp;<\/p>\n","protected":false},"excerpt":{"rendered":"<p>KULTURM\u00d8DET: Med cirka\u00a0650 arrangementer, 250 arrang\u00f8rer, 1000 markante stemmer, 25 scener, en masse frivillige og med st\u00f8tte fra 14 fonde, 30 lokale virksomheder, Region Nordjylland og Mors\u00f8 kommune, lukkede og slukkede dette \u00e5rs Kulturm\u00f8de l\u00f8rdag den 26. august. Regn, storm og nedlukning var ikke nok til at skr\u00e6mme publikum og fagfolk v\u00e6k. Og if\u00f8lge turistchef [&hellip;]<\/p>\n","protected":false},"author":3973,"featured_media":0,"comment_status":"closed","ping_status":"closed","sticky":false,"template":"","format":"standard","meta":{"_acf_changed":false,"footnotes":""},"categories":[49],"tags":[162],"class_list":["post-125449","post","type-post","status-publish","format-standard","hentry","category-kultur","tag-kulturmoedet"],"acf":[],"yoast_head":"<!-- This site is optimized with the Yoast SEO plugin v26.8 - https:\/\/yoast.com\/product\/yoast-seo-wordpress\/ -->\n<title>Det kraftigste stormvejr i 30 \u00e5r, men Kulturm\u00f8dets g\u00e6ster blev h\u00e6ngende - Mors<\/title>\n<meta name=\"robots\" content=\"index, follow, max-snippet:-1, max-image-preview:large, max-video-preview:-1\" \/>\n<link rel=\"canonical\" href=\"https:\/\/kunmedierne.dk\/mors\/det-kraftigste-stormvejr-i-30-aar-men-kulturmoedets-gaester-blev-haengende\/\" \/>\n<meta property=\"og:locale\" content=\"da_DK\" \/>\n<meta property=\"og:type\" content=\"article\" \/>\n<meta property=\"og:title\" content=\"Det kraftigste stormvejr i 30 \u00e5r, men Kulturm\u00f8dets g\u00e6ster blev h\u00e6ngende - Mors\" \/>\n<meta property=\"og:description\" content=\"KULTURM\u00d8DET: Med cirka\u00a0650 arrangementer, 250 arrang\u00f8rer, 1000 markante stemmer, 25 scener, en masse frivillige og med st\u00f8tte fra 14 fonde, 30 lokale virksomheder, Region Nordjylland og Mors\u00f8 kommune, lukkede og slukkede dette \u00e5rs Kulturm\u00f8de l\u00f8rdag den 26. august. Regn, storm og nedlukning var ikke nok til at skr\u00e6mme publikum og fagfolk v\u00e6k. Og if\u00f8lge turistchef [&hellip;]\" \/>\n<meta property=\"og:url\" content=\"https:\/\/kunmedierne.dk\/mors\/det-kraftigste-stormvejr-i-30-aar-men-kulturmoedets-gaester-blev-haengende\/\" \/>\n<meta property=\"og:site_name\" content=\"Mors\" \/>\n<meta property=\"article:published_time\" content=\"2024-08-26T12:37:57+00:00\" \/>\n<meta property=\"article:modified_time\" content=\"2024-08-27T17:44:35+00:00\" \/>\n<meta name=\"author\" content=\"Mai Trosborg Rasmussen\" \/>\n<meta name=\"twitter:card\" content=\"summary_large_image\" \/>\n<meta name=\"twitter:label1\" content=\"Skrevet af\" \/>\n\t<meta name=\"twitter:data1\" content=\"Mai Trosborg Rasmussen\" \/>\n\t<meta name=\"twitter:label2\" content=\"Estimeret l\u00e6setid\" \/>\n\t<meta name=\"twitter:data2\" content=\"2 minutter\" \/>\n<script type=\"application\/ld+json\" class=\"yoast-schema-graph\">{\"@context\":\"https:\/\/schema.org\",\"@graph\":[{\"@type\":\"Article\",\"@id\":\"https:\/\/kunmedierne.dk\/mors\/det-kraftigste-stormvejr-i-30-aar-men-kulturmoedets-gaester-blev-haengende\/#article\",\"isPartOf\":{\"@id\":\"https:\/\/kunmedierne.dk\/mors\/det-kraftigste-stormvejr-i-30-aar-men-kulturmoedets-gaester-blev-haengende\/\"},\"author\":{\"name\":\"Mai Trosborg Rasmussen\",\"@id\":\"https:\/\/kunmedierne.dk\/mors\/#\/schema\/person\/f4ba7f103cc8490962f20b22a3a0fca4\"},\"headline\":\"Det kraftigste stormvejr i 30 \u00e5r, men Kulturm\u00f8dets g\u00e6ster blev h\u00e6ngende\",\"datePublished\":\"2024-08-26T12:37:57+00:00\",\"dateModified\":\"2024-08-27T17:44:35+00:00\",\"mainEntityOfPage\":{\"@id\":\"https:\/\/kunmedierne.dk\/mors\/det-kraftigste-stormvejr-i-30-aar-men-kulturmoedets-gaester-blev-haengende\/\"},\"wordCount\":396,\"publisher\":{\"@id\":\"https:\/\/kunmedierne.dk\/mors\/#organization\"},\"keywords\":[\"Kulturm\u00f8det\"],\"articleSection\":[\"Kultur\"],\"inLanguage\":\"da-DK\"},{\"@type\":\"WebPage\",\"@id\":\"https:\/\/kunmedierne.dk\/mors\/det-kraftigste-stormvejr-i-30-aar-men-kulturmoedets-gaester-blev-haengende\/\",\"url\":\"https:\/\/kunmedierne.dk\/mors\/det-kraftigste-stormvejr-i-30-aar-men-kulturmoedets-gaester-blev-haengende\/\",\"name\":\"Det kraftigste stormvejr i 30 \u00e5r, men Kulturm\u00f8dets g\u00e6ster blev h\u00e6ngende - Mors\",\"isPartOf\":{\"@id\":\"https:\/\/kunmedierne.dk\/mors\/#website\"},\"datePublished\":\"2024-08-26T12:37:57+00:00\",\"dateModified\":\"2024-08-27T17:44:35+00:00\",\"breadcrumb\":{\"@id\":\"https:\/\/kunmedierne.dk\/mors\/det-kraftigste-stormvejr-i-30-aar-men-kulturmoedets-gaester-blev-haengende\/#breadcrumb\"},\"inLanguage\":\"da-DK\",\"potentialAction\":[{\"@type\":\"ReadAction\",\"target\":[\"https:\/\/kunmedierne.dk\/mors\/det-kraftigste-stormvejr-i-30-aar-men-kulturmoedets-gaester-blev-haengende\/\"]}]},{\"@type\":\"BreadcrumbList\",\"@id\":\"https:\/\/kunmedierne.dk\/mors\/det-kraftigste-stormvejr-i-30-aar-men-kulturmoedets-gaester-blev-haengende\/#breadcrumb\",\"itemListElement\":[{\"@type\":\"ListItem\",\"position\":1,\"name\":\"Hjem\",\"item\":\"https:\/\/kunmedierne.dk\/mors\/\"},{\"@type\":\"ListItem\",\"position\":2,\"name\":\"Det kraftigste stormvejr i 30 \u00e5r, men Kulturm\u00f8dets g\u00e6ster blev h\u00e6ngende\"}]},{\"@type\":\"WebSite\",\"@id\":\"https:\/\/kunmedierne.dk\/mors\/#website\",\"url\":\"https:\/\/kunmedierne.dk\/mors\/\",\"name\":\"Mors\",\"description\":\"et netmedie med journalistik om livet p\u00e5 Mors\",\"publisher\":{\"@id\":\"https:\/\/kunmedierne.dk\/mors\/#organization\"},\"potentialAction\":[{\"@type\":\"SearchAction\",\"target\":{\"@type\":\"EntryPoint\",\"urlTemplate\":\"https:\/\/kunmedierne.dk\/mors\/?s={search_term_string}\"},\"query-input\":{\"@type\":\"PropertyValueSpecification\",\"valueRequired\":true,\"valueName\":\"search_term_string\"}}],\"inLanguage\":\"da-DK\"},{\"@type\":\"Organization\",\"@id\":\"https:\/\/kunmedierne.dk\/mors\/#organization\",\"name\":\"Mors\",\"url\":\"https:\/\/kunmedierne.dk\/mors\/\",\"logo\":{\"@type\":\"ImageObject\",\"inLanguage\":\"da-DK\",\"@id\":\"https:\/\/kunmedierne.dk\/mors\/#\/schema\/logo\/image\/\",\"url\":\"https:\/\/kunmedierne.dk\/mors\/wp-content\/uploads\/2024\/08\/kunmors-logo.svg\",\"contentUrl\":\"https:\/\/kunmedierne.dk\/mors\/wp-content\/uploads\/2024\/08\/kunmors-logo.svg\",\"caption\":\"Mors\"},\"image\":{\"@id\":\"https:\/\/kunmedierne.dk\/mors\/#\/schema\/logo\/image\/\"}},{\"@type\":\"Person\",\"@id\":\"https:\/\/kunmedierne.dk\/mors\/#\/schema\/person\/f4ba7f103cc8490962f20b22a3a0fca4\",\"name\":\"Mai Trosborg Rasmussen\",\"image\":{\"@type\":\"ImageObject\",\"inLanguage\":\"da-DK\",\"@id\":\"https:\/\/kunmedierne.dk\/mors\/#\/schema\/person\/image\/\",\"url\":\"https:\/\/secure.gravatar.com\/avatar\/dfdff3dd0259aaf932f95cf8329d067fbcdd7ac86e081445c8ec011507f17114?s=96&d=mm&r=g\",\"contentUrl\":\"https:\/\/secure.gravatar.com\/avatar\/dfdff3dd0259aaf932f95cf8329d067fbcdd7ac86e081445c8ec011507f17114?s=96&d=mm&r=g\",\"caption\":\"Mai Trosborg Rasmussen\"},\"url\":\"https:\/\/kunmedierne.dk\/mors\/author\/mai\/\"}]}<\/script>\n<!-- \/ Yoast SEO plugin. -->","yoast_head_json":{"title":"Det kraftigste stormvejr i 30 \u00e5r, men Kulturm\u00f8dets g\u00e6ster blev h\u00e6ngende - Mors","robots":{"index":"index","follow":"follow","max-snippet":"max-snippet:-1","max-image-preview":"max-image-preview:large","max-video-preview":"max-video-preview:-1"},"canonical":"https:\/\/kunmedierne.dk\/mors\/det-kraftigste-stormvejr-i-30-aar-men-kulturmoedets-gaester-blev-haengende\/","og_locale":"da_DK","og_type":"article","og_title":"Det kraftigste stormvejr i 30 \u00e5r, men Kulturm\u00f8dets g\u00e6ster blev h\u00e6ngende - Mors","og_description":"KULTURM\u00d8DET: Med cirka\u00a0650 arrangementer, 250 arrang\u00f8rer, 1000 markante stemmer, 25 scener, en masse frivillige og med st\u00f8tte fra 14 fonde, 30 lokale virksomheder, Region Nordjylland og Mors\u00f8 kommune, lukkede og slukkede dette \u00e5rs Kulturm\u00f8de l\u00f8rdag den 26. august. Regn, storm og nedlukning var ikke nok til at skr\u00e6mme publikum og fagfolk v\u00e6k. Og if\u00f8lge turistchef [&hellip;]","og_url":"https:\/\/kunmedierne.dk\/mors\/det-kraftigste-stormvejr-i-30-aar-men-kulturmoedets-gaester-blev-haengende\/","og_site_name":"Mors","article_published_time":"2024-08-26T12:37:57+00:00","article_modified_time":"2024-08-27T17:44:35+00:00","author":"Mai Trosborg Rasmussen","twitter_card":"summary_large_image","twitter_misc":{"Skrevet af":"Mai Trosborg Rasmussen","Estimeret l\u00e6setid":"2 minutter"},"schema":{"@context":"https:\/\/schema.org","@graph":[{"@type":"Article","@id":"https:\/\/kunmedierne.dk\/mors\/det-kraftigste-stormvejr-i-30-aar-men-kulturmoedets-gaester-blev-haengende\/#article","isPartOf":{"@id":"https:\/\/kunmedierne.dk\/mors\/det-kraftigste-stormvejr-i-30-aar-men-kulturmoedets-gaester-blev-haengende\/"},"author":{"name":"Mai Trosborg Rasmussen","@id":"https:\/\/kunmedierne.dk\/mors\/#\/schema\/person\/f4ba7f103cc8490962f20b22a3a0fca4"},"headline":"Det kraftigste stormvejr i 30 \u00e5r, men Kulturm\u00f8dets g\u00e6ster blev h\u00e6ngende","datePublished":"2024-08-26T12:37:57+00:00","dateModified":"2024-08-27T17:44:35+00:00","mainEntityOfPage":{"@id":"https:\/\/kunmedierne.dk\/mors\/det-kraftigste-stormvejr-i-30-aar-men-kulturmoedets-gaester-blev-haengende\/"},"wordCount":396,"publisher":{"@id":"https:\/\/kunmedierne.dk\/mors\/#organization"},"keywords":["Kulturm\u00f8det"],"articleSection":["Kultur"],"inLanguage":"da-DK"},{"@type":"WebPage","@id":"https:\/\/kunmedierne.dk\/mors\/det-kraftigste-stormvejr-i-30-aar-men-kulturmoedets-gaester-blev-haengende\/","url":"https:\/\/kunmedierne.dk\/mors\/det-kraftigste-stormvejr-i-30-aar-men-kulturmoedets-gaester-blev-haengende\/","name":"Det kraftigste stormvejr i 30 \u00e5r, men Kulturm\u00f8dets g\u00e6ster blev h\u00e6ngende - Mors","isPartOf":{"@id":"https:\/\/kunmedierne.dk\/mors\/#website"},"datePublished":"2024-08-26T12:37:57+00:00","dateModified":"2024-08-27T17:44:35+00:00","breadcrumb":{"@id":"https:\/\/kunmedierne.dk\/mors\/det-kraftigste-stormvejr-i-30-aar-men-kulturmoedets-gaester-blev-haengende\/#breadcrumb"},"inLanguage":"da-DK","potentialAction":[{"@type":"ReadAction","target":["https:\/\/kunmedierne.dk\/mors\/det-kraftigste-stormvejr-i-30-aar-men-kulturmoedets-gaester-blev-haengende\/"]}]},{"@type":"BreadcrumbList","@id":"https:\/\/kunmedierne.dk\/mors\/det-kraftigste-stormvejr-i-30-aar-men-kulturmoedets-gaester-blev-haengende\/#breadcrumb","itemListElement":[{"@type":"ListItem","position":1,"name":"Hjem","item":"https:\/\/kunmedierne.dk\/mors\/"},{"@type":"ListItem","position":2,"name":"Det kraftigste stormvejr i 30 \u00e5r, men Kulturm\u00f8dets g\u00e6ster blev h\u00e6ngende"}]},{"@type":"WebSite","@id":"https:\/\/kunmedierne.dk\/mors\/#website","url":"https:\/\/kunmedierne.dk\/mors\/","name":"Mors","description":"et netmedie med journalistik om livet p\u00e5 Mors","publisher":{"@id":"https:\/\/kunmedierne.dk\/mors\/#organization"},"potentialAction":[{"@type":"SearchAction","target":{"@type":"EntryPoint","urlTemplate":"https:\/\/kunmedierne.dk\/mors\/?s={search_term_string}"},"query-input":{"@type":"PropertyValueSpecification","valueRequired":true,"valueName":"search_term_string"}}],"inLanguage":"da-DK"},{"@type":"Organization","@id":"https:\/\/kunmedierne.dk\/mors\/#organization","name":"Mors","url":"https:\/\/kunmedierne.dk\/mors\/","logo":{"@type":"ImageObject","inLanguage":"da-DK","@id":"https:\/\/kunmedierne.dk\/mors\/#\/schema\/logo\/image\/","url":"https:\/\/kunmedierne.dk\/mors\/wp-content\/uploads\/2024\/08\/kunmors-logo.svg","contentUrl":"https:\/\/kunmedierne.dk\/mors\/wp-content\/uploads\/2024\/08\/kunmors-logo.svg","caption":"Mors"},"image":{"@id":"https:\/\/kunmedierne.dk\/mors\/#\/schema\/logo\/image\/"}},{"@type":"Person","@id":"https:\/\/kunmedierne.dk\/mors\/#\/schema\/person\/f4ba7f103cc8490962f20b22a3a0fca4","name":"Mai Trosborg Rasmussen","image":{"@type":"ImageObject","inLanguage":"da-DK","@id":"https:\/\/kunmedierne.dk\/mors\/#\/schema\/person\/image\/","url":"https:\/\/secure.gravatar.com\/avatar\/dfdff3dd0259aaf932f95cf8329d067fbcdd7ac86e081445c8ec011507f17114?s=96&d=mm&r=g","contentUrl":"https:\/\/secure.gravatar.com\/avatar\/dfdff3dd0259aaf932f95cf8329d067fbcdd7ac86e081445c8ec011507f17114?s=96&d=mm&r=g","caption":"Mai Trosborg Rasmussen"},"url":"https:\/\/kunmedierne.dk\/mors\/author\/mai\/"}]}},"_links":{"self":[{"href":"https:\/\/kunmedierne.dk\/mors\/wp-json\/wp\/v2\/posts\/125449","targetHints":{"allow":["GET"]}}],"collection":[{"href":"https:\/\/kunmedierne.dk\/mors\/wp-json\/wp\/v2\/posts"}],"about":[{"href":"https:\/\/kunmedierne.dk\/mors\/wp-json\/wp\/v2\/types\/post"}],"author":[{"embeddable":true,"href":"https:\/\/kunmedierne.dk\/mors\/wp-json\/wp\/v2\/users\/3973"}],"replies":[{"embeddable":true,"href":"https:\/\/kunmedierne.dk\/mors\/wp-json\/wp\/v2\/comments?post=125449"}],"version-history":[{"count":11,"href":"https:\/\/kunmedierne.dk\/mors\/wp-json\/wp\/v2\/posts\/125449\/revisions"}],"predecessor-version":[{"id":125637,"href":"https:\/\/kunmedierne.dk\/mors\/wp-json\/wp\/v2\/posts\/125449\/revisions\/125637"}],"wp:attachment":[{"href":"https:\/\/kunmedierne.dk\/mors\/wp-json\/wp\/v2\/media?parent=125449"}],"wp:term":[{"taxonomy":"category","embeddable":true,"href":"https:\/\/kunmedierne.dk\/mors\/wp-json\/wp\/v2\/categories?post=125449"},{"taxonomy":"post_tag","embeddable":true,"href":"https:\/\/kunmedierne.dk\/mors\/wp-json\/wp\/v2\/tags?post=125449"}],"curies":[{"name":"wp","href":"https:\/\/api.w.org\/{rel}","templated":true}]}}